{"id":24592,"date":"2024-06-22T22:35:20","date_gmt":"2024-06-22T20:35:20","guid":{"rendered":"https:\/\/evertonfc.cz\/?p=24592"},"modified":"2024-06-23T09:53:11","modified_gmt":"2024-06-23T07:53:11","slug":"iroegbunam-s-dobbinem-meni-kluby","status":"publish","type":"post","link":"https:\/\/evertonfc.cz\/index.php\/2024\/06\/22\/iroegbunam-s-dobbinem-meni-kluby\/","title":{"rendered":"Iroegbunam s Dobbinem m\u011bn\u00ed kluby"},"content":{"rendered":"<h4>Tim Iroegbunam se stal prvn\u00ed letn\u00ed posilou Evertonu p\u0159ed novou sez\u00f3nou 2023\/24. Toffees za talentovan\u00e9ho st\u0159edopola\u0159e zaplat\u00ed Aston Ville dev\u011bt milion\u016f liber.<\/h4>\n<p>Finan\u010dn\u00ed pravidla Premier League (PSR) nut\u00ed kluby, kter\u00e9 pot\u0159ebuj\u00ed vylep\u0161it \u010d\u00edsla ve fisk\u00e1ln\u00edm kalend\u00e1\u0159i do konce \u010dervna, k nezvykl\u00e9 aktivit\u011b u\u017e na za\u010d\u00e1tku letn\u00edho p\u0159estupov\u00e9ho obdob\u00ed.<\/p>\n<p>Nen\u00ed tajemstv\u00edm, \u017ee i Everton mus\u00ed prod\u00e1vat hr\u00e1\u010de, aby smazal svou finan\u010dn\u00ed ztr\u00e1tu. Pro\u010d tedy nyn\u00ed nakupuje? Ve stejn\u00e9 situaci jako Toffees je tak\u00e9 Aston Villa, a tak si oba celky navz\u00e1jem prodaj\u00ed mlad\u00e9 hr\u00e1\u010de v separ\u00e1tn\u00edch transakc\u00edch, aby vylep\u0161ily sv\u00e9 postaven\u00ed.<\/p>\n<p>Everton kupuje brzy 21let\u00e9ho Iroegbunama za dev\u011bt milion\u016f liber, ale tuto po\u0159izovac\u00ed cenu si bude moct rozlo\u017eit do d\u00e9lky jeho t\u0159\u00edlet\u00e9ho kontraktu \u2013 v aktu\u00e1ln\u00edm finan\u010dn\u00edm roce tak vyk\u00e1\u017ee za hr\u00e1\u010de pouze t\u0159i miliony liber. Naopak, kdy\u017e Blues prodaj\u00ed Villans k\u0159\u00eddeln\u00edka Lewise Dobbina za 10 milion\u016f liber, v aktu\u00e1ln\u00edm finan\u010dn\u00edm roce uvedou zisk cel\u00e9 \u010d\u00e1stky, proto\u017ee jde o odchovance a neod\u010d\u00edt\u00e1 se jeho po\u0159izovac\u00ed cena.<\/p>\n<p>Tyto neobvykl\u00e9 obousm\u011brn\u00e9 p\u0159estupy m\u016f\u017eeme v\u00eddat i u dal\u0161\u00edch celk\u016f, kter\u00fdm hroz\u00ed poru\u0161en\u00ed finan\u010dn\u00edch pravidel (Aston Villa s Chelsea nebo Everton s Newcastlem v p\u0159\u00edpad\u011b &#8222;v\u00fdm\u011bny&#8220; DCL-Mintah). Nejedn\u00e1 se o poru\u0161ov\u00e1n\u00ed pravidel, kluby se jen sna\u017e\u00ed vyzr\u00e1t na \u0161patn\u011b nastaven\u00fd syst\u00e9m Premier League.<\/p>\n<p>Vra\u0165me se ale zp\u011bt na h\u0159i\u0161t\u011b. P\u0159\u00edchodem Iroegbunama pokra\u010duje trend sportovn\u00edho \u0159editele Kevina Thelwella, kdy za men\u0161\u00ed obnosy p\u0159ich\u00e1zej\u00ed talentovan\u00ed hr\u00e1\u010di. A mezi n\u011b se na konci \u010dervna 21let\u00fd Angli\u010dan rozhodn\u011b \u0159ad\u00ed. Everton se vlastn\u011b p\u0159ipravuje na o\u010dek\u00e1van\u00fd prodej z\u00e1lo\u017en\u00edka Onany, nebo\u0165 Iroegbunam um\u00ed zahr\u00e1t na podobn\u00fdch pozic\u00edch, a to jako defenzivn\u00ed z\u00e1lo\u017en\u00edk i jako klasick\u00fd st\u0159edn\u00ed z\u00e1lo\u017en\u00edk.<\/p>\n<p>Aston Villa si ho vyt\u00e1hla od rivala West Bromu v l\u00e9t\u011b 2021 a nejd\u0159\u00edve ho vychov\u00e1vala v akademii. Ve fialov\u00e9m dresu debutoval na ja\u0159e 2022 a n\u00e1sledn\u011b v sez\u00f3n\u011b 2022\/23 velmi \u00fasp\u011b\u0161n\u011b hostoval v druholigov\u00e9m Queens Park Rangers, kde poprv\u00e9 naplno uk\u00e1zal sv\u00e9 dovednosti rovn\u011b\u017e na seniorsk\u00e9 \u00farovni.<\/p>\n<p>V lo\u0148sk\u00e9 sez\u00f3n\u011b se &#8222;Timmy&#8220; v nabit\u00e9m k\u00e1dru Villy, kter\u00fd dokr\u00e1\u010del ke kone\u010dn\u00e9mu \u010dtvrt\u00e9mu m\u00edstu v lize, p\u0159\u00edli\u0161 neprosadil. Do z\u00e1pas\u016f Premier League nasko\u010dil pouze dev\u011btkr\u00e1t, z toho jen jednou v z\u00e1kladn\u00ed sestav\u011b. P\u011btkr\u00e1t si tak\u00e9 zahr\u00e1l v Evropsk\u00e9 konferen\u010dn\u00ed lize.<\/p>\n<p>Goodison Park za Villa Park m\u011bn\u00ed naopak 21let\u00fd k\u0159\u00eddeln\u00edk Lewis Dobbin. Rychl\u00fd Angli\u010dan p\u0159edminulou sez\u00f3nu uk\u00e1zal z\u00e1blesky talentu na hostov\u00e1n\u00ed v t\u0159etiligov\u00e9m Derby County a posl\u00e9ze si v letn\u00ed p\u0159\u00edprav\u011b udr\u017eel m\u00edsto na soupisce Seana Dychea. V lo\u0148sk\u00e9m ro\u010dn\u00edku si pot\u00e9 p\u0159ipsal 15 odehran\u00fdch z\u00e1pas\u016f a vst\u0159elil jednu branku v dom\u00e1c\u00edm ligov\u00e9m kl\u00e1n\u00ed s Chelsea.<\/p>\n<p>Coby odchovanec debutoval za Toffees u\u017e v 18 letech a n\u011bkte\u0159\u00ed od n\u011bho mo\u017en\u00e1 o\u010dek\u00e1vali z\u00e1\u0159n\u011bj\u0161\u00ed budoucnost. Nem\u011bl v\u0161ak asi \u00faplnou d\u016fv\u011bru mana\u017eera Dychea, kter\u00fd ho mohl vyu\u017e\u00edvat \u010dast\u011bji. Neb\u00fdt aktu\u00e1ln\u00edho nastaven\u00ed finan\u010dn\u00edch pravidel, je\u017e zv\u00fdhod\u0148uj\u00ed prodeje odchovanc\u016f, a neut\u011b\u0161en\u00e9 situace Evertonu, v klubu by nejsp\u00ed\u0161e pokra\u010doval.<\/p>\n<p style=\"text-align: right;\"><span style=\"font-size: 8pt;\">(fotozdroj: Everton FC)<\/span><\/p>\n","protected":false},"excerpt":{"rendered":"<p>Tim Iroegbunam se stal prvn\u00ed letn\u00ed posilou Evertonu p\u0159ed novou sez\u00f3nou 2023\/24. Toffees za talentovan\u00e9ho st\u0159edopola\u0159e zaplat\u00ed Aston Ville dev\u011bt milion\u016f liber.<\/p>\n","protected":false},"author":6,"featured_media":24591,"comment_status":"open","ping_status":"closed","sticky":false,"template":"","format":"standard","meta":{"_eb_attr":"","_monsterinsights_skip_tracking":false,"_monsterinsights_sitenote_active":false,"_monsterinsights_sitenote_note":"","_monsterinsights_sitenote_category":0,"footnotes":""},"categories":[41],"tags":[],"yoast_head":"<!-- This site is optimized with the Yoast SEO plugin v23.4 - https:\/\/yoast.com\/wordpress\/plugins\/seo\/ -->\n<title>Iroegbunam s Dobbinem m\u011bn\u00ed kluby - Official Czech &amp; Slovak Everton Supporters&#039; Club<\/title>\n<meta name=\"description\" content=\"Tim Iroegbunam se stal prvn\u00ed letn\u00ed posilou Evertonu p\u0159ed novou sez\u00f3nou 2023\/24. Toffees za talentovan\u00e9ho st\u0159edopola\u0159e zaplat\u00ed Aston Ville dev\u011bt milion\u016f liber.\" \/>\n<meta name=\"robots\" content=\"index, follow, max-snippet:-1, max-image-preview:large, max-video-preview:-1\" \/>\n<link rel=\"canonical\" href=\"https:\/\/evertonfc.cz\/index.php\/2024\/06\/22\/iroegbunam-s-dobbinem-meni-kluby\/\" \/>\n<meta property=\"og:locale\" content=\"cs_CZ\" \/>\n<meta property=\"og:type\" content=\"article\" \/>\n<meta property=\"og:title\" content=\"Iroegbunam s Dobbinem m\u011bn\u00ed kluby - Official Czech &amp; Slovak Everton Supporters&#039; Club\" \/>\n<meta property=\"og:description\" content=\"Tim Iroegbunam se stal prvn\u00ed letn\u00ed posilou Evertonu p\u0159ed novou sez\u00f3nou 2023\/24. Toffees za talentovan\u00e9ho st\u0159edopola\u0159e zaplat\u00ed Aston Ville dev\u011bt milion\u016f liber.\" \/>\n<meta property=\"og:url\" content=\"https:\/\/evertonfc.cz\/index.php\/2024\/06\/22\/iroegbunam-s-dobbinem-meni-kluby\/\" \/>\n<meta property=\"og:site_name\" content=\"Official Czech &amp; Slovak Everton Supporters&#039; Club\" \/>\n<meta property=\"article:publisher\" content=\"https:\/\/www.facebook.com\/everton.fans.cz.sk\" \/>\n<meta property=\"article:published_time\" content=\"2024-06-22T20:35:20+00:00\" \/>\n<meta property=\"article:modified_time\" content=\"2024-06-23T07:53:11+00:00\" \/>\n<meta property=\"og:image\" content=\"https:\/\/evertonfc.cz\/wp-content\/uploads\/2024\/06\/iroegbunam_22_7_2024.jpg\" \/>\n\t<meta property=\"og:image:width\" content=\"720\" \/>\n\t<meta property=\"og:image:height\" content=\"405\" \/>\n\t<meta property=\"og:image:type\" content=\"image\/jpeg\" \/>\n<meta name=\"author\" content=\"Ri\u010di\" \/>\n<meta name=\"twitter:card\" content=\"summary_large_image\" \/>\n<meta name=\"twitter:creator\" content=\"@rbrejsa\" \/>\n<meta name=\"twitter:label1\" content=\"Napsal(a)\" \/>\n\t<meta name=\"twitter:data1\" content=\"Ri\u010di\" \/>\n\t<meta name=\"twitter:label2\" content=\"Odhadovan\u00e1 doba \u010dten\u00ed\" \/>\n\t<meta name=\"twitter:data2\" content=\"3 minuty\" \/>\n<script type=\"application\/ld+json\" class=\"yoast-schema-graph\">{\"@context\":\"https:\/\/schema.org\",\"@graph\":[{\"@type\":\"Article\",\"@id\":\"https:\/\/evertonfc.cz\/index.php\/2024\/06\/22\/iroegbunam-s-dobbinem-meni-kluby\/#article\",\"isPartOf\":{\"@id\":\"https:\/\/evertonfc.cz\/index.php\/2024\/06\/22\/iroegbunam-s-dobbinem-meni-kluby\/\"},\"author\":{\"name\":\"Ri\u010di\",\"@id\":\"https:\/\/evertonfc.cz\/#\/schema\/person\/f7a5daedb2ffee98480bc70e191aaef1\"},\"headline\":\"Iroegbunam s Dobbinem m\u011bn\u00ed kluby\",\"datePublished\":\"2024-06-22T20:35:20+00:00\",\"dateModified\":\"2024-06-23T07:53:11+00:00\",\"mainEntityOfPage\":{\"@id\":\"https:\/\/evertonfc.cz\/index.php\/2024\/06\/22\/iroegbunam-s-dobbinem-meni-kluby\/\"},\"wordCount\":622,\"commentCount\":3,\"publisher\":{\"@id\":\"https:\/\/evertonfc.cz\/#organization\"},\"image\":{\"@id\":\"https:\/\/evertonfc.cz\/index.php\/2024\/06\/22\/iroegbunam-s-dobbinem-meni-kluby\/#primaryimage\"},\"thumbnailUrl\":\"https:\/\/evertonfc.cz\/wp-content\/uploads\/2024\/06\/iroegbunam_22_7_2024.jpg\",\"articleSection\":[\"P\u0159estupy\"],\"inLanguage\":\"cs\",\"potentialAction\":[{\"@type\":\"CommentAction\",\"name\":\"Comment\",\"target\":[\"https:\/\/evertonfc.cz\/index.php\/2024\/06\/22\/iroegbunam-s-dobbinem-meni-kluby\/#respond\"]}]},{\"@type\":\"WebPage\",\"@id\":\"https:\/\/evertonfc.cz\/index.php\/2024\/06\/22\/iroegbunam-s-dobbinem-meni-kluby\/\",\"url\":\"https:\/\/evertonfc.cz\/index.php\/2024\/06\/22\/iroegbunam-s-dobbinem-meni-kluby\/\",\"name\":\"Iroegbunam s Dobbinem m\u011bn\u00ed kluby - Official Czech &amp; Slovak Everton Supporters&#039; Club\",\"isPartOf\":{\"@id\":\"https:\/\/evertonfc.cz\/#website\"},\"primaryImageOfPage\":{\"@id\":\"https:\/\/evertonfc.cz\/index.php\/2024\/06\/22\/iroegbunam-s-dobbinem-meni-kluby\/#primaryimage\"},\"image\":{\"@id\":\"https:\/\/evertonfc.cz\/index.php\/2024\/06\/22\/iroegbunam-s-dobbinem-meni-kluby\/#primaryimage\"},\"thumbnailUrl\":\"https:\/\/evertonfc.cz\/wp-content\/uploads\/2024\/06\/iroegbunam_22_7_2024.jpg\",\"datePublished\":\"2024-06-22T20:35:20+00:00\",\"dateModified\":\"2024-06-23T07:53:11+00:00\",\"description\":\"Tim Iroegbunam se stal prvn\u00ed letn\u00ed posilou Evertonu p\u0159ed novou sez\u00f3nou 2023\/24. Toffees za talentovan\u00e9ho st\u0159edopola\u0159e zaplat\u00ed Aston Ville dev\u011bt milion\u016f liber.\",\"breadcrumb\":{\"@id\":\"https:\/\/evertonfc.cz\/index.php\/2024\/06\/22\/iroegbunam-s-dobbinem-meni-kluby\/#breadcrumb\"},\"inLanguage\":\"cs\",\"potentialAction\":[{\"@type\":\"ReadAction\",\"target\":[\"https:\/\/evertonfc.cz\/index.php\/2024\/06\/22\/iroegbunam-s-dobbinem-meni-kluby\/\"]}]},{\"@type\":\"ImageObject\",\"inLanguage\":\"cs\",\"@id\":\"https:\/\/evertonfc.cz\/index.php\/2024\/06\/22\/iroegbunam-s-dobbinem-meni-kluby\/#primaryimage\",\"url\":\"https:\/\/evertonfc.cz\/wp-content\/uploads\/2024\/06\/iroegbunam_22_7_2024.jpg\",\"contentUrl\":\"https:\/\/evertonfc.cz\/wp-content\/uploads\/2024\/06\/iroegbunam_22_7_2024.jpg\",\"width\":720,\"height\":405},{\"@type\":\"BreadcrumbList\",\"@id\":\"https:\/\/evertonfc.cz\/index.php\/2024\/06\/22\/iroegbunam-s-dobbinem-meni-kluby\/#breadcrumb\",\"itemListElement\":[{\"@type\":\"ListItem\",\"position\":1,\"name\":\"Home\",\"item\":\"https:\/\/evertonfc.cz\/\"},{\"@type\":\"ListItem\",\"position\":2,\"name\":\"Iroegbunam s Dobbinem m\u011bn\u00ed kluby\"}]},{\"@type\":\"WebSite\",\"@id\":\"https:\/\/evertonfc.cz\/#website\",\"url\":\"https:\/\/evertonfc.cz\/\",\"name\":\"Official Czech &amp; Slovak Everton Supporters&#039; Club\",\"description\":\"\",\"publisher\":{\"@id\":\"https:\/\/evertonfc.cz\/#organization\"},\"potentialAction\":[{\"@type\":\"SearchAction\",\"target\":{\"@type\":\"EntryPoint\",\"urlTemplate\":\"https:\/\/evertonfc.cz\/?s={search_term_string}\"},\"query-input\":{\"@type\":\"PropertyValueSpecification\",\"valueRequired\":true,\"valueName\":\"search_term_string\"}}],\"inLanguage\":\"cs\"},{\"@type\":\"Organization\",\"@id\":\"https:\/\/evertonfc.cz\/#organization\",\"name\":\"Official Czech & Slovak Everton Supporters' Club\",\"url\":\"https:\/\/evertonfc.cz\/\",\"logo\":{\"@type\":\"ImageObject\",\"inLanguage\":\"cs\",\"@id\":\"https:\/\/evertonfc.cz\/#\/schema\/logo\/image\/\",\"url\":\"https:\/\/evertonfc.cz\/wp-content\/uploads\/2019\/05\/logo.png\",\"contentUrl\":\"https:\/\/evertonfc.cz\/wp-content\/uploads\/2019\/05\/logo.png\",\"width\":112,\"height\":112,\"caption\":\"Official Czech & Slovak Everton Supporters' Club\"},\"image\":{\"@id\":\"https:\/\/evertonfc.cz\/#\/schema\/logo\/image\/\"},\"sameAs\":[\"https:\/\/www.facebook.com\/everton.fans.cz.sk\"]},{\"@type\":\"Person\",\"@id\":\"https:\/\/evertonfc.cz\/#\/schema\/person\/f7a5daedb2ffee98480bc70e191aaef1\",\"name\":\"Ri\u010di\",\"sameAs\":[\"https:\/\/x.com\/rbrejsa\"],\"url\":\"https:\/\/evertonfc.cz\/index.php\/author\/rici\/\"}]}<\/script>\n<!-- \/ Yoast SEO plugin. -->","yoast_head_json":{"title":"Iroegbunam s Dobbinem m\u011bn\u00ed kluby - Official Czech &amp; Slovak Everton Supporters&#039; Club","description":"Tim Iroegbunam se stal prvn\u00ed letn\u00ed posilou Evertonu p\u0159ed novou sez\u00f3nou 2023\/24. Toffees za talentovan\u00e9ho st\u0159edopola\u0159e zaplat\u00ed Aston Ville dev\u011bt milion\u016f liber.","robots":{"index":"index","follow":"follow","max-snippet":"max-snippet:-1","max-image-preview":"max-image-preview:large","max-video-preview":"max-video-preview:-1"},"canonical":"https:\/\/evertonfc.cz\/index.php\/2024\/06\/22\/iroegbunam-s-dobbinem-meni-kluby\/","og_locale":"cs_CZ","og_type":"article","og_title":"Iroegbunam s Dobbinem m\u011bn\u00ed kluby - Official Czech &amp; Slovak Everton Supporters&#039; Club","og_description":"Tim Iroegbunam se stal prvn\u00ed letn\u00ed posilou Evertonu p\u0159ed novou sez\u00f3nou 2023\/24. Toffees za talentovan\u00e9ho st\u0159edopola\u0159e zaplat\u00ed Aston Ville dev\u011bt milion\u016f liber.","og_url":"https:\/\/evertonfc.cz\/index.php\/2024\/06\/22\/iroegbunam-s-dobbinem-meni-kluby\/","og_site_name":"Official Czech &amp; Slovak Everton Supporters&#039; Club","article_publisher":"https:\/\/www.facebook.com\/everton.fans.cz.sk","article_published_time":"2024-06-22T20:35:20+00:00","article_modified_time":"2024-06-23T07:53:11+00:00","og_image":[{"width":720,"height":405,"url":"https:\/\/evertonfc.cz\/wp-content\/uploads\/2024\/06\/iroegbunam_22_7_2024.jpg","type":"image\/jpeg"}],"author":"Ri\u010di","twitter_card":"summary_large_image","twitter_creator":"@rbrejsa","twitter_misc":{"Napsal(a)":"Ri\u010di","Odhadovan\u00e1 doba \u010dten\u00ed":"3 minuty"},"schema":{"@context":"https:\/\/schema.org","@graph":[{"@type":"Article","@id":"https:\/\/evertonfc.cz\/index.php\/2024\/06\/22\/iroegbunam-s-dobbinem-meni-kluby\/#article","isPartOf":{"@id":"https:\/\/evertonfc.cz\/index.php\/2024\/06\/22\/iroegbunam-s-dobbinem-meni-kluby\/"},"author":{"name":"Ri\u010di","@id":"https:\/\/evertonfc.cz\/#\/schema\/person\/f7a5daedb2ffee98480bc70e191aaef1"},"headline":"Iroegbunam s Dobbinem m\u011bn\u00ed kluby","datePublished":"2024-06-22T20:35:20+00:00","dateModified":"2024-06-23T07:53:11+00:00","mainEntityOfPage":{"@id":"https:\/\/evertonfc.cz\/index.php\/2024\/06\/22\/iroegbunam-s-dobbinem-meni-kluby\/"},"wordCount":622,"commentCount":3,"publisher":{"@id":"https:\/\/evertonfc.cz\/#organization"},"image":{"@id":"https:\/\/evertonfc.cz\/index.php\/2024\/06\/22\/iroegbunam-s-dobbinem-meni-kluby\/#primaryimage"},"thumbnailUrl":"https:\/\/evertonfc.cz\/wp-content\/uploads\/2024\/06\/iroegbunam_22_7_2024.jpg","articleSection":["P\u0159estupy"],"inLanguage":"cs","potentialAction":[{"@type":"CommentAction","name":"Comment","target":["https:\/\/evertonfc.cz\/index.php\/2024\/06\/22\/iroegbunam-s-dobbinem-meni-kluby\/#respond"]}]},{"@type":"WebPage","@id":"https:\/\/evertonfc.cz\/index.php\/2024\/06\/22\/iroegbunam-s-dobbinem-meni-kluby\/","url":"https:\/\/evertonfc.cz\/index.php\/2024\/06\/22\/iroegbunam-s-dobbinem-meni-kluby\/","name":"Iroegbunam s Dobbinem m\u011bn\u00ed kluby - Official Czech &amp; Slovak Everton Supporters&#039; Club","isPartOf":{"@id":"https:\/\/evertonfc.cz\/#website"},"primaryImageOfPage":{"@id":"https:\/\/evertonfc.cz\/index.php\/2024\/06\/22\/iroegbunam-s-dobbinem-meni-kluby\/#primaryimage"},"image":{"@id":"https:\/\/evertonfc.cz\/index.php\/2024\/06\/22\/iroegbunam-s-dobbinem-meni-kluby\/#primaryimage"},"thumbnailUrl":"https:\/\/evertonfc.cz\/wp-content\/uploads\/2024\/06\/iroegbunam_22_7_2024.jpg","datePublished":"2024-06-22T20:35:20+00:00","dateModified":"2024-06-23T07:53:11+00:00","description":"Tim Iroegbunam se stal prvn\u00ed letn\u00ed posilou Evertonu p\u0159ed novou sez\u00f3nou 2023\/24. Toffees za talentovan\u00e9ho st\u0159edopola\u0159e zaplat\u00ed Aston Ville dev\u011bt milion\u016f liber.","breadcrumb":{"@id":"https:\/\/evertonfc.cz\/index.php\/2024\/06\/22\/iroegbunam-s-dobbinem-meni-kluby\/#breadcrumb"},"inLanguage":"cs","potentialAction":[{"@type":"ReadAction","target":["https:\/\/evertonfc.cz\/index.php\/2024\/06\/22\/iroegbunam-s-dobbinem-meni-kluby\/"]}]},{"@type":"ImageObject","inLanguage":"cs","@id":"https:\/\/evertonfc.cz\/index.php\/2024\/06\/22\/iroegbunam-s-dobbinem-meni-kluby\/#primaryimage","url":"https:\/\/evertonfc.cz\/wp-content\/uploads\/2024\/06\/iroegbunam_22_7_2024.jpg","contentUrl":"https:\/\/evertonfc.cz\/wp-content\/uploads\/2024\/06\/iroegbunam_22_7_2024.jpg","width":720,"height":405},{"@type":"BreadcrumbList","@id":"https:\/\/evertonfc.cz\/index.php\/2024\/06\/22\/iroegbunam-s-dobbinem-meni-kluby\/#breadcrumb","itemListElement":[{"@type":"ListItem","position":1,"name":"Home","item":"https:\/\/evertonfc.cz\/"},{"@type":"ListItem","position":2,"name":"Iroegbunam s Dobbinem m\u011bn\u00ed kluby"}]},{"@type":"WebSite","@id":"https:\/\/evertonfc.cz\/#website","url":"https:\/\/evertonfc.cz\/","name":"Official Czech &amp; Slovak Everton Supporters&#039; Club","description":"","publisher":{"@id":"https:\/\/evertonfc.cz\/#organization"},"potentialAction":[{"@type":"SearchAction","target":{"@type":"EntryPoint","urlTemplate":"https:\/\/evertonfc.cz\/?s={search_term_string}"},"query-input":{"@type":"PropertyValueSpecification","valueRequired":true,"valueName":"search_term_string"}}],"inLanguage":"cs"},{"@type":"Organization","@id":"https:\/\/evertonfc.cz\/#organization","name":"Official Czech & Slovak Everton Supporters' Club","url":"https:\/\/evertonfc.cz\/","logo":{"@type":"ImageObject","inLanguage":"cs","@id":"https:\/\/evertonfc.cz\/#\/schema\/logo\/image\/","url":"https:\/\/evertonfc.cz\/wp-content\/uploads\/2019\/05\/logo.png","contentUrl":"https:\/\/evertonfc.cz\/wp-content\/uploads\/2019\/05\/logo.png","width":112,"height":112,"caption":"Official Czech & Slovak Everton Supporters' Club"},"image":{"@id":"https:\/\/evertonfc.cz\/#\/schema\/logo\/image\/"},"sameAs":["https:\/\/www.facebook.com\/everton.fans.cz.sk"]},{"@type":"Person","@id":"https:\/\/evertonfc.cz\/#\/schema\/person\/f7a5daedb2ffee98480bc70e191aaef1","name":"Ri\u010di","sameAs":["https:\/\/x.com\/rbrejsa"],"url":"https:\/\/evertonfc.cz\/index.php\/author\/rici\/"}]}},"_links":{"self":[{"href":"https:\/\/evertonfc.cz\/index.php\/wp-json\/wp\/v2\/posts\/24592"}],"collection":[{"href":"https:\/\/evertonfc.cz\/index.php\/wp-json\/wp\/v2\/posts"}],"about":[{"href":"https:\/\/evertonfc.cz\/index.php\/wp-json\/wp\/v2\/types\/post"}],"author":[{"embeddable":true,"href":"https:\/\/evertonfc.cz\/index.php\/wp-json\/wp\/v2\/users\/6"}],"replies":[{"embeddable":true,"href":"https:\/\/evertonfc.cz\/index.php\/wp-json\/wp\/v2\/comments?post=24592"}],"version-history":[{"count":7,"href":"https:\/\/evertonfc.cz\/index.php\/wp-json\/wp\/v2\/posts\/24592\/revisions"}],"predecessor-version":[{"id":24609,"href":"https:\/\/evertonfc.cz\/index.php\/wp-json\/wp\/v2\/posts\/24592\/revisions\/24609"}],"wp:featuredmedia":[{"embeddable":true,"href":"https:\/\/evertonfc.cz\/index.php\/wp-json\/wp\/v2\/media\/24591"}],"wp:attachment":[{"href":"https:\/\/evertonfc.cz\/index.php\/wp-json\/wp\/v2\/media?parent=24592"}],"wp:term":[{"taxonomy":"category","embeddable":true,"href":"https:\/\/evertonfc.cz\/index.php\/wp-json\/wp\/v2\/categories?post=24592"},{"taxonomy":"post_tag","embeddable":true,"href":"https:\/\/evertonfc.cz\/index.php\/wp-json\/wp\/v2\/tags?post=24592"}],"curies":[{"name":"wp","href":"https:\/\/api.w.org\/{rel}","templated":true}]}}