{"id":24654,"date":"2024-07-03T15:58:23","date_gmt":"2024-07-03T13:58:23","guid":{"rendered":"https:\/\/evertonfc.cz\/?p=24654"},"modified":"2024-07-03T19:17:56","modified_gmt":"2024-07-03T17:17:56","slug":"vysnena-ofenzivni-posila-iliman-ndiaye","status":"publish","type":"post","link":"https:\/\/evertonfc.cz\/index.php\/2024\/07\/03\/vysnena-ofenzivni-posila-iliman-ndiaye\/","title":{"rendered":"Vysn\u011bn\u00e1 ofenzivn\u00ed posila: Iliman Ndiaye"},"content":{"rendered":"<h4>Minul\u00fd rok to sice nevy\u0161lo, ale vytrvalost Evertonu nakonec p\u0159inesla sv\u00e9 ovoce. Na Goodison Parku p\u0159estupuje \u00fato\u010dn\u00e9 eso Iliman Ndiaye.<\/h4>\n<p>Toffees v \u010dele se sportovn\u00edm \u0159editelem Kevinem Thelwellem dlouhodob\u011b usilovali o slu\u017eby 20n\u00e1sobn\u00e9ho senegalsk\u00e9ho reprezentanta, kter\u00e9ho cht\u011bli z\u00edskat u\u017e b\u011bhem lo\u0148sk\u00e9ho l\u00e9ta po jeho pr\u016flomov\u00e9 sez\u00f3n\u011b ve druh\u00e9 anglick\u00e9 lize. Ndiaye tehdy v\u00fdrazn\u011b p\u0159isp\u011bl k postupu Sheffieldu United do Premier League, kdy\u017e vst\u0159elil 14 g\u00f3l\u016f a p\u0159idal 11 asistenc\u00ed.<\/p>\n<p>Na p\u0159estupov\u00e9m poli bylo loni \u00fasp\u011b\u0161n\u011bj\u0161\u00ed Marseille, co\u017e se dalo pochopit. Rod\u00e1k z Normandie je od d\u011btstv\u00ed velk\u00fdm fanou\u0161kem klubu ze Stade V\u00e9lodrome a jako kluk se tak\u00e9 mihl v jeho akademii.<\/p>\n<p>Vysn\u011bn\u00e9 anga\u017em\u00e1 ale nenaplnilo o\u010dek\u00e1v\u00e1n\u00ed. I kdy\u017e si Ndiaye nemohl st\u011b\u017eovat na nedostatek hern\u00edch p\u0159\u00edle\u017eitost\u00ed a b\u011bhem sez\u00f3ny nastoupil do 46 sout\u011b\u017en\u00edch z\u00e1pas\u016f, Marseille pro\u017eila turbulentn\u00ed rok, kdy se na jej\u00ed lavi\u010dce vyst\u0159\u00eddali \u010dty\u0159i tren\u00e9\u0159i. 24let\u00fd dribl\u00e9r vst\u0159elil pouze \u010dty\u0159i branky, a to hlavn\u011b proto, \u017ee \u010dasto nastupoval na k\u0159\u00eddeln\u00edch pozic\u00edch nebo jako klasick\u00fd \u00fato\u010dn\u00edk, kde nemohl naplno rozvinout sv\u016fj potenci\u00e1l jako na postu podhrota \u010di des\u00edtky u Blades.<\/p>\n<p>Kdy\u017e letos Everton obnovil sv\u016fj z\u00e1jem, Ndiaye u\u017e nev\u00e1hal a Marseille tak\u00e9 r\u00e1da prodala hr\u00e1\u010de za velmi podobnou sumu, za jakou ho koupila ze Sheffieldu United. Podle neofici\u00e1ln\u00edch, ale d\u016fv\u011bryhodn\u00fdch zdroj\u016f zaplat\u00ed Toffees 15,6 milionu liber v z\u00e1kladu a dal\u0161\u00ed 1,3 milionu liber je ukotveno ve v\u00fdkonnostn\u00edch bonusech. Na Merseyside podepsal Ndiaye p\u011btiletou smlouvu.<\/p>\n<p><em>\u201eOd Ilimana si slibujeme, \u017ee sv\u00fdmi kvalitami a univerz\u00e1lnost\u00ed v\u00fdrazn\u011b pos\u00edl\u00ed na\u0161i \u00fato\u010dnou hru. M\u011bl by b\u00fdt dal\u0161\u00ed skl\u00e1dankou, kter\u00e1 n\u00e1m pom\u016f\u017ee zlep\u0161it se ve vytv\u00e1\u0159en\u00ed g\u00f3lov\u00fdch \u0161anc\u00ed. I p\u0159es sv\u016fj mlad\u00fd v\u011bk m\u00e1 zku\u0161enosti s evropsk\u00fdm i n\u00e1rodn\u00edm fotbalem, t\u011b\u0161\u00edm se, jak pozvedne cel\u00fd t\u00fdm,\u201c<\/em> p\u0159iv\u00edtal hr\u00e1\u010de mana\u017eer Sean Dyche.<\/p>\n<p>Radost z p\u0159estupu neskr\u00fdval ani samotn\u00fd Ndiaye: <em>\u201eJsem nad\u0161en\u00fd. Everton je velk\u00fd klub s bohatou histori\u00ed. Z\u00e1rove\u0148 v\u0161ak p\u0159ij\u00edm\u00e1m zodpov\u011bdnost, abych pomohl t\u00fdmu pokra\u010dovat v progresu, kter\u00fd za\u010dal v minul\u00e9 sez\u00f3n\u011b. Sportovn\u00ed \u0159editel Kevin Thelwell i mana\u017eer Sean Dyche o m\u011b velmi st\u00e1li a ze vz\u00e1jemn\u00fdch rozhovor\u016f jsem m\u011bl opravdu dobr\u00fd pocit. V\u00fdborn\u00e9 reference o klubu mi tak\u00e9 poskytl m\u016fj spoluhr\u00e1\u010d z reprezentace Idrissa Gueye.<\/em><\/p>\n<p><em>\u201eNa h\u0159i\u0161ti jsem nej\u0161\u0165astn\u011bj\u0161\u00ed s m\u00ed\u010dem u nohy. M\u00e1m r\u00e1d driblink, a kdy\u017e sv\u00fdm umem zved\u00e1m fanou\u0161ky ze sedadel. Samoz\u0159ejm\u011b, \u017ee chci d\u00e1vat g\u00f3ly a p\u0159ihr\u00e1vat na n\u011b, ale tak\u00e9 pracuji pro t\u00fdm. Vyzn\u00e1v\u00e1m presinkov\u00fd styl hry, v\u017edy\u0165 jako \u00fato\u010dn\u00edk jste vlastn\u011b prvn\u00edm obr\u00e1ncem.\u201c<\/em><\/p>\n<p>Osmifinalista mistrovstv\u00ed sv\u011bta 2022 p\u0159edstavuje jedine\u010dn\u00e9ho fotbalistu, kter\u00fd v sou\u010dasn\u00e9m Evertonu chyb\u00ed. Fanou\u0161ci Toffees ji\u017e n\u011bkolik let volaj\u00ed po jeho schopnosti obej\u00edt protihr\u00e1\u010de. Naopak jeho slabinou je zakon\u010dov\u00e1n\u00ed, kde rozhodn\u011b existuje prostor pro zlep\u0161en\u00ed. Bude tak\u00e9 d\u016fle\u017eit\u00e9 rozvinout jeho potenci\u00e1l nasazov\u00e1n\u00edm na spr\u00e1vn\u00e9 pozici podhrota, kde m\u016f\u017ee uplatnit sv\u00e9 re\u017eis\u00e9rsk\u00e9 schopnosti. V t\u00e9to roli p\u0159edstavuje v\u00edtanou konkurenci Abdoulaye Doucour\u00e9mu, kter\u00fd aktu\u00e1ln\u011b v modr\u00e9m dresu operuje pod \u00fato\u010dn\u00edkem, av\u0161ak mu\u017estvo trp\u00ed jeho hor\u0161\u00ed prac\u00ed s m\u00ed\u010dem.<\/p>\n<p>Ndiaye zah\u00e1jil svou fotbalovou kari\u00e9ru v ml\u00e1de\u017enick\u00fdch t\u00fdmech francouzsk\u00fdch klub\u016f Rouen a slavn\u011bj\u0161\u00ed Marseille. Po n\u011bkolika letech se v\u0161ak musel se svou rodinou p\u0159est\u011bhovat do Senegalu, odkud poch\u00e1z\u00ed jeho otec. Mlad\u00fd Iliman pak t\u0159i roky rozv\u00edjel sv\u016fj talent v tam\u011bj\u0161\u00edm t\u00fdmu Dakar Sacr\u00e9-C\u0153ur.<\/p>\n<p style=\"text-align: center;\"><iframe loading=\"lazy\" title=\"YouTube video player\" src=\"https:\/\/www.youtube.com\/embed\/fzitz3Co3tg?si=fhQSn5DhHc7QZdjm\" width=\"640\" height=\"360\" frameborder=\"0\" allowfullscreen=\"allowfullscreen\"><span data-mce-type=\"bookmark\" style=\"display: inline-block; width: 0px; overflow: hidden; line-height: 0;\" class=\"mce_SELRES_start\">\ufeff<\/span><\/iframe><\/p>\n<p>V jeho 16 letech si rodina op\u011bt balila kufry a vr\u00e1tila se na star\u00fd kontinent, kde na\u0161la nov\u00fd domov v Anglii. Ndiaye se zde p\u0159ipojil k ml\u00e1de\u017ei Borehamu Wood, odkud si ho po t\u0159ech letech, v roce 2019, vyhl\u00e9dl Sheffield United. Na ja\u0159e 2021 debutoval v Premier League a v n\u00e1sleduj\u00edc\u00ed sez\u00f3n\u011b u\u017e pravideln\u011b nastupoval v Championshipu, kde se uvedl sedmi vst\u0159elen\u00fdmi brankami. V sez\u00f3n\u011b 2022\/23 naplno rozvinul sv\u016fj potenci\u00e1l a stal se hlavn\u00edm motorem, kter\u00fd nasm\u011broval Blades k postupu mezi anglickou elitu. Z\u00e1rove\u0148 dok\u00e1zal zaujmout \u0161ir\u0161\u00ed fotbalovou ve\u0159ejnost.<\/p>\n<p style=\"text-align: right;\"><span style=\"font-size: 8pt;\">(fotozdroj: Everton FC)<\/span><\/p>\n","protected":false},"excerpt":{"rendered":"<p>Minul\u00fd rok to sice nevy\u0161lo, ale vytrvalost Evertonu nakonec p\u0159inesla sv\u00e9 ovoce. Na Goodison Parku p\u0159estupuje \u00fato\u010dn\u00e9 eso Iliman Ndiaye.<\/p>\n","protected":false},"author":6,"featured_media":24653,"comment_status":"open","ping_status":"closed","sticky":false,"template":"","format":"standard","meta":{"_eb_attr":"","_monsterinsights_skip_tracking":false,"_monsterinsights_sitenote_active":false,"_monsterinsights_sitenote_note":"","_monsterinsights_sitenote_category":0,"footnotes":""},"categories":[41],"tags":[],"yoast_head":"<!-- This site is optimized with the Yoast SEO plugin v23.4 - https:\/\/yoast.com\/wordpress\/plugins\/seo\/ -->\n<title>Vysn\u011bn\u00e1 ofenzivn\u00ed posila: Iliman Ndiaye - Official Czech &amp; Slovak Everton Supporters&#039; Club<\/title>\n<meta name=\"description\" content=\"Minul\u00fd rok to sice nevy\u0161lo, ale vytrvalost Evertonu nakonec p\u0159inesla sv\u00e9 ovoce. Na Goodison Parku p\u0159estupuje \u00fato\u010dn\u00e9 eso Iliman Ndiaye.\" \/>\n<meta name=\"robots\" content=\"index, follow, max-snippet:-1, max-image-preview:large, max-video-preview:-1\" \/>\n<link rel=\"canonical\" href=\"https:\/\/evertonfc.cz\/index.php\/2024\/07\/03\/vysnena-ofenzivni-posila-iliman-ndiaye\/\" \/>\n<meta property=\"og:locale\" content=\"cs_CZ\" \/>\n<meta property=\"og:type\" content=\"article\" \/>\n<meta property=\"og:title\" content=\"Vysn\u011bn\u00e1 ofenzivn\u00ed posila: Iliman Ndiaye - Official Czech &amp; Slovak Everton Supporters&#039; Club\" \/>\n<meta property=\"og:description\" content=\"Minul\u00fd rok to sice nevy\u0161lo, ale vytrvalost Evertonu nakonec p\u0159inesla sv\u00e9 ovoce. Na Goodison Parku p\u0159estupuje \u00fato\u010dn\u00e9 eso Iliman Ndiaye.\" \/>\n<meta property=\"og:url\" content=\"https:\/\/evertonfc.cz\/index.php\/2024\/07\/03\/vysnena-ofenzivni-posila-iliman-ndiaye\/\" \/>\n<meta property=\"og:site_name\" content=\"Official Czech &amp; Slovak Everton Supporters&#039; Club\" \/>\n<meta property=\"article:publisher\" content=\"https:\/\/www.facebook.com\/everton.fans.cz.sk\" \/>\n<meta property=\"article:published_time\" content=\"2024-07-03T13:58:23+00:00\" \/>\n<meta property=\"article:modified_time\" content=\"2024-07-03T17:17:56+00:00\" \/>\n<meta property=\"og:image\" content=\"https:\/\/evertonfc.cz\/wp-content\/uploads\/2024\/07\/ndiaye_3_7_2024.jpg\" \/>\n\t<meta property=\"og:image:width\" content=\"720\" \/>\n\t<meta property=\"og:image:height\" content=\"405\" \/>\n\t<meta property=\"og:image:type\" content=\"image\/jpeg\" \/>\n<meta name=\"author\" content=\"Ri\u010di\" \/>\n<meta name=\"twitter:card\" content=\"summary_large_image\" \/>\n<meta name=\"twitter:creator\" content=\"@rbrejsa\" \/>\n<meta name=\"twitter:label1\" content=\"Napsal(a)\" \/>\n\t<meta name=\"twitter:data1\" content=\"Ri\u010di\" \/>\n\t<meta name=\"twitter:label2\" content=\"Odhadovan\u00e1 doba \u010dten\u00ed\" \/>\n\t<meta name=\"twitter:data2\" content=\"4 minuty\" \/>\n<script type=\"application\/ld+json\" class=\"yoast-schema-graph\">{\"@context\":\"https:\/\/schema.org\",\"@graph\":[{\"@type\":\"Article\",\"@id\":\"https:\/\/evertonfc.cz\/index.php\/2024\/07\/03\/vysnena-ofenzivni-posila-iliman-ndiaye\/#article\",\"isPartOf\":{\"@id\":\"https:\/\/evertonfc.cz\/index.php\/2024\/07\/03\/vysnena-ofenzivni-posila-iliman-ndiaye\/\"},\"author\":{\"name\":\"Ri\u010di\",\"@id\":\"https:\/\/evertonfc.cz\/#\/schema\/person\/f7a5daedb2ffee98480bc70e191aaef1\"},\"headline\":\"Vysn\u011bn\u00e1 ofenzivn\u00ed posila: Iliman Ndiaye\",\"datePublished\":\"2024-07-03T13:58:23+00:00\",\"dateModified\":\"2024-07-03T17:17:56+00:00\",\"mainEntityOfPage\":{\"@id\":\"https:\/\/evertonfc.cz\/index.php\/2024\/07\/03\/vysnena-ofenzivni-posila-iliman-ndiaye\/\"},\"wordCount\":814,\"commentCount\":6,\"publisher\":{\"@id\":\"https:\/\/evertonfc.cz\/#organization\"},\"image\":{\"@id\":\"https:\/\/evertonfc.cz\/index.php\/2024\/07\/03\/vysnena-ofenzivni-posila-iliman-ndiaye\/#primaryimage\"},\"thumbnailUrl\":\"https:\/\/evertonfc.cz\/wp-content\/uploads\/2024\/07\/ndiaye_3_7_2024.jpg\",\"articleSection\":[\"P\u0159estupy\"],\"inLanguage\":\"cs\",\"potentialAction\":[{\"@type\":\"CommentAction\",\"name\":\"Comment\",\"target\":[\"https:\/\/evertonfc.cz\/index.php\/2024\/07\/03\/vysnena-ofenzivni-posila-iliman-ndiaye\/#respond\"]}]},{\"@type\":\"WebPage\",\"@id\":\"https:\/\/evertonfc.cz\/index.php\/2024\/07\/03\/vysnena-ofenzivni-posila-iliman-ndiaye\/\",\"url\":\"https:\/\/evertonfc.cz\/index.php\/2024\/07\/03\/vysnena-ofenzivni-posila-iliman-ndiaye\/\",\"name\":\"Vysn\u011bn\u00e1 ofenzivn\u00ed posila: Iliman Ndiaye - Official Czech &amp; Slovak Everton Supporters&#039; Club\",\"isPartOf\":{\"@id\":\"https:\/\/evertonfc.cz\/#website\"},\"primaryImageOfPage\":{\"@id\":\"https:\/\/evertonfc.cz\/index.php\/2024\/07\/03\/vysnena-ofenzivni-posila-iliman-ndiaye\/#primaryimage\"},\"image\":{\"@id\":\"https:\/\/evertonfc.cz\/index.php\/2024\/07\/03\/vysnena-ofenzivni-posila-iliman-ndiaye\/#primaryimage\"},\"thumbnailUrl\":\"https:\/\/evertonfc.cz\/wp-content\/uploads\/2024\/07\/ndiaye_3_7_2024.jpg\",\"datePublished\":\"2024-07-03T13:58:23+00:00\",\"dateModified\":\"2024-07-03T17:17:56+00:00\",\"description\":\"Minul\u00fd rok to sice nevy\u0161lo, ale vytrvalost Evertonu nakonec p\u0159inesla sv\u00e9 ovoce. Na Goodison Parku p\u0159estupuje \u00fato\u010dn\u00e9 eso Iliman Ndiaye.\",\"breadcrumb\":{\"@id\":\"https:\/\/evertonfc.cz\/index.php\/2024\/07\/03\/vysnena-ofenzivni-posila-iliman-ndiaye\/#breadcrumb\"},\"inLanguage\":\"cs\",\"potentialAction\":[{\"@type\":\"ReadAction\",\"target\":[\"https:\/\/evertonfc.cz\/index.php\/2024\/07\/03\/vysnena-ofenzivni-posila-iliman-ndiaye\/\"]}]},{\"@type\":\"ImageObject\",\"inLanguage\":\"cs\",\"@id\":\"https:\/\/evertonfc.cz\/index.php\/2024\/07\/03\/vysnena-ofenzivni-posila-iliman-ndiaye\/#primaryimage\",\"url\":\"https:\/\/evertonfc.cz\/wp-content\/uploads\/2024\/07\/ndiaye_3_7_2024.jpg\",\"contentUrl\":\"https:\/\/evertonfc.cz\/wp-content\/uploads\/2024\/07\/ndiaye_3_7_2024.jpg\",\"width\":720,\"height\":405},{\"@type\":\"BreadcrumbList\",\"@id\":\"https:\/\/evertonfc.cz\/index.php\/2024\/07\/03\/vysnena-ofenzivni-posila-iliman-ndiaye\/#breadcrumb\",\"itemListElement\":[{\"@type\":\"ListItem\",\"position\":1,\"name\":\"Home\",\"item\":\"https:\/\/evertonfc.cz\/\"},{\"@type\":\"ListItem\",\"position\":2,\"name\":\"Vysn\u011bn\u00e1 ofenzivn\u00ed posila: Iliman Ndiaye\"}]},{\"@type\":\"WebSite\",\"@id\":\"https:\/\/evertonfc.cz\/#website\",\"url\":\"https:\/\/evertonfc.cz\/\",\"name\":\"Official Czech &amp; Slovak Everton Supporters&#039; Club\",\"description\":\"\",\"publisher\":{\"@id\":\"https:\/\/evertonfc.cz\/#organization\"},\"potentialAction\":[{\"@type\":\"SearchAction\",\"target\":{\"@type\":\"EntryPoint\",\"urlTemplate\":\"https:\/\/evertonfc.cz\/?s={search_term_string}\"},\"query-input\":{\"@type\":\"PropertyValueSpecification\",\"valueRequired\":true,\"valueName\":\"search_term_string\"}}],\"inLanguage\":\"cs\"},{\"@type\":\"Organization\",\"@id\":\"https:\/\/evertonfc.cz\/#organization\",\"name\":\"Official Czech & Slovak Everton Supporters' Club\",\"url\":\"https:\/\/evertonfc.cz\/\",\"logo\":{\"@type\":\"ImageObject\",\"inLanguage\":\"cs\",\"@id\":\"https:\/\/evertonfc.cz\/#\/schema\/logo\/image\/\",\"url\":\"https:\/\/evertonfc.cz\/wp-content\/uploads\/2019\/05\/logo.png\",\"contentUrl\":\"https:\/\/evertonfc.cz\/wp-content\/uploads\/2019\/05\/logo.png\",\"width\":112,\"height\":112,\"caption\":\"Official Czech & Slovak Everton Supporters' Club\"},\"image\":{\"@id\":\"https:\/\/evertonfc.cz\/#\/schema\/logo\/image\/\"},\"sameAs\":[\"https:\/\/www.facebook.com\/everton.fans.cz.sk\"]},{\"@type\":\"Person\",\"@id\":\"https:\/\/evertonfc.cz\/#\/schema\/person\/f7a5daedb2ffee98480bc70e191aaef1\",\"name\":\"Ri\u010di\",\"sameAs\":[\"https:\/\/x.com\/rbrejsa\"],\"url\":\"https:\/\/evertonfc.cz\/index.php\/author\/rici\/\"}]}<\/script>\n<!-- \/ Yoast SEO plugin. -->","yoast_head_json":{"title":"Vysn\u011bn\u00e1 ofenzivn\u00ed posila: Iliman Ndiaye - Official Czech &amp; Slovak Everton Supporters&#039; Club","description":"Minul\u00fd rok to sice nevy\u0161lo, ale vytrvalost Evertonu nakonec p\u0159inesla sv\u00e9 ovoce. Na Goodison Parku p\u0159estupuje \u00fato\u010dn\u00e9 eso Iliman Ndiaye.","robots":{"index":"index","follow":"follow","max-snippet":"max-snippet:-1","max-image-preview":"max-image-preview:large","max-video-preview":"max-video-preview:-1"},"canonical":"https:\/\/evertonfc.cz\/index.php\/2024\/07\/03\/vysnena-ofenzivni-posila-iliman-ndiaye\/","og_locale":"cs_CZ","og_type":"article","og_title":"Vysn\u011bn\u00e1 ofenzivn\u00ed posila: Iliman Ndiaye - Official Czech &amp; Slovak Everton Supporters&#039; Club","og_description":"Minul\u00fd rok to sice nevy\u0161lo, ale vytrvalost Evertonu nakonec p\u0159inesla sv\u00e9 ovoce. Na Goodison Parku p\u0159estupuje \u00fato\u010dn\u00e9 eso Iliman Ndiaye.","og_url":"https:\/\/evertonfc.cz\/index.php\/2024\/07\/03\/vysnena-ofenzivni-posila-iliman-ndiaye\/","og_site_name":"Official Czech &amp; Slovak Everton Supporters&#039; Club","article_publisher":"https:\/\/www.facebook.com\/everton.fans.cz.sk","article_published_time":"2024-07-03T13:58:23+00:00","article_modified_time":"2024-07-03T17:17:56+00:00","og_image":[{"width":720,"height":405,"url":"https:\/\/evertonfc.cz\/wp-content\/uploads\/2024\/07\/ndiaye_3_7_2024.jpg","type":"image\/jpeg"}],"author":"Ri\u010di","twitter_card":"summary_large_image","twitter_creator":"@rbrejsa","twitter_misc":{"Napsal(a)":"Ri\u010di","Odhadovan\u00e1 doba \u010dten\u00ed":"4 minuty"},"schema":{"@context":"https:\/\/schema.org","@graph":[{"@type":"Article","@id":"https:\/\/evertonfc.cz\/index.php\/2024\/07\/03\/vysnena-ofenzivni-posila-iliman-ndiaye\/#article","isPartOf":{"@id":"https:\/\/evertonfc.cz\/index.php\/2024\/07\/03\/vysnena-ofenzivni-posila-iliman-ndiaye\/"},"author":{"name":"Ri\u010di","@id":"https:\/\/evertonfc.cz\/#\/schema\/person\/f7a5daedb2ffee98480bc70e191aaef1"},"headline":"Vysn\u011bn\u00e1 ofenzivn\u00ed posila: Iliman Ndiaye","datePublished":"2024-07-03T13:58:23+00:00","dateModified":"2024-07-03T17:17:56+00:00","mainEntityOfPage":{"@id":"https:\/\/evertonfc.cz\/index.php\/2024\/07\/03\/vysnena-ofenzivni-posila-iliman-ndiaye\/"},"wordCount":814,"commentCount":6,"publisher":{"@id":"https:\/\/evertonfc.cz\/#organization"},"image":{"@id":"https:\/\/evertonfc.cz\/index.php\/2024\/07\/03\/vysnena-ofenzivni-posila-iliman-ndiaye\/#primaryimage"},"thumbnailUrl":"https:\/\/evertonfc.cz\/wp-content\/uploads\/2024\/07\/ndiaye_3_7_2024.jpg","articleSection":["P\u0159estupy"],"inLanguage":"cs","potentialAction":[{"@type":"CommentAction","name":"Comment","target":["https:\/\/evertonfc.cz\/index.php\/2024\/07\/03\/vysnena-ofenzivni-posila-iliman-ndiaye\/#respond"]}]},{"@type":"WebPage","@id":"https:\/\/evertonfc.cz\/index.php\/2024\/07\/03\/vysnena-ofenzivni-posila-iliman-ndiaye\/","url":"https:\/\/evertonfc.cz\/index.php\/2024\/07\/03\/vysnena-ofenzivni-posila-iliman-ndiaye\/","name":"Vysn\u011bn\u00e1 ofenzivn\u00ed posila: Iliman Ndiaye - Official Czech &amp; Slovak Everton Supporters&#039; Club","isPartOf":{"@id":"https:\/\/evertonfc.cz\/#website"},"primaryImageOfPage":{"@id":"https:\/\/evertonfc.cz\/index.php\/2024\/07\/03\/vysnena-ofenzivni-posila-iliman-ndiaye\/#primaryimage"},"image":{"@id":"https:\/\/evertonfc.cz\/index.php\/2024\/07\/03\/vysnena-ofenzivni-posila-iliman-ndiaye\/#primaryimage"},"thumbnailUrl":"https:\/\/evertonfc.cz\/wp-content\/uploads\/2024\/07\/ndiaye_3_7_2024.jpg","datePublished":"2024-07-03T13:58:23+00:00","dateModified":"2024-07-03T17:17:56+00:00","description":"Minul\u00fd rok to sice nevy\u0161lo, ale vytrvalost Evertonu nakonec p\u0159inesla sv\u00e9 ovoce. Na Goodison Parku p\u0159estupuje \u00fato\u010dn\u00e9 eso Iliman Ndiaye.","breadcrumb":{"@id":"https:\/\/evertonfc.cz\/index.php\/2024\/07\/03\/vysnena-ofenzivni-posila-iliman-ndiaye\/#breadcrumb"},"inLanguage":"cs","potentialAction":[{"@type":"ReadAction","target":["https:\/\/evertonfc.cz\/index.php\/2024\/07\/03\/vysnena-ofenzivni-posila-iliman-ndiaye\/"]}]},{"@type":"ImageObject","inLanguage":"cs","@id":"https:\/\/evertonfc.cz\/index.php\/2024\/07\/03\/vysnena-ofenzivni-posila-iliman-ndiaye\/#primaryimage","url":"https:\/\/evertonfc.cz\/wp-content\/uploads\/2024\/07\/ndiaye_3_7_2024.jpg","contentUrl":"https:\/\/evertonfc.cz\/wp-content\/uploads\/2024\/07\/ndiaye_3_7_2024.jpg","width":720,"height":405},{"@type":"BreadcrumbList","@id":"https:\/\/evertonfc.cz\/index.php\/2024\/07\/03\/vysnena-ofenzivni-posila-iliman-ndiaye\/#breadcrumb","itemListElement":[{"@type":"ListItem","position":1,"name":"Home","item":"https:\/\/evertonfc.cz\/"},{"@type":"ListItem","position":2,"name":"Vysn\u011bn\u00e1 ofenzivn\u00ed posila: Iliman Ndiaye"}]},{"@type":"WebSite","@id":"https:\/\/evertonfc.cz\/#website","url":"https:\/\/evertonfc.cz\/","name":"Official Czech &amp; Slovak Everton Supporters&#039; Club","description":"","publisher":{"@id":"https:\/\/evertonfc.cz\/#organization"},"potentialAction":[{"@type":"SearchAction","target":{"@type":"EntryPoint","urlTemplate":"https:\/\/evertonfc.cz\/?s={search_term_string}"},"query-input":{"@type":"PropertyValueSpecification","valueRequired":true,"valueName":"search_term_string"}}],"inLanguage":"cs"},{"@type":"Organization","@id":"https:\/\/evertonfc.cz\/#organization","name":"Official Czech & Slovak Everton Supporters' Club","url":"https:\/\/evertonfc.cz\/","logo":{"@type":"ImageObject","inLanguage":"cs","@id":"https:\/\/evertonfc.cz\/#\/schema\/logo\/image\/","url":"https:\/\/evertonfc.cz\/wp-content\/uploads\/2019\/05\/logo.png","contentUrl":"https:\/\/evertonfc.cz\/wp-content\/uploads\/2019\/05\/logo.png","width":112,"height":112,"caption":"Official Czech & Slovak Everton Supporters' Club"},"image":{"@id":"https:\/\/evertonfc.cz\/#\/schema\/logo\/image\/"},"sameAs":["https:\/\/www.facebook.com\/everton.fans.cz.sk"]},{"@type":"Person","@id":"https:\/\/evertonfc.cz\/#\/schema\/person\/f7a5daedb2ffee98480bc70e191aaef1","name":"Ri\u010di","sameAs":["https:\/\/x.com\/rbrejsa"],"url":"https:\/\/evertonfc.cz\/index.php\/author\/rici\/"}]}},"_links":{"self":[{"href":"https:\/\/evertonfc.cz\/index.php\/wp-json\/wp\/v2\/posts\/24654"}],"collection":[{"href":"https:\/\/evertonfc.cz\/index.php\/wp-json\/wp\/v2\/posts"}],"about":[{"href":"https:\/\/evertonfc.cz\/index.php\/wp-json\/wp\/v2\/types\/post"}],"author":[{"embeddable":true,"href":"https:\/\/evertonfc.cz\/index.php\/wp-json\/wp\/v2\/users\/6"}],"replies":[{"embeddable":true,"href":"https:\/\/evertonfc.cz\/index.php\/wp-json\/wp\/v2\/comments?post=24654"}],"version-history":[{"count":9,"href":"https:\/\/evertonfc.cz\/index.php\/wp-json\/wp\/v2\/posts\/24654\/revisions"}],"predecessor-version":[{"id":24673,"href":"https:\/\/evertonfc.cz\/index.php\/wp-json\/wp\/v2\/posts\/24654\/revisions\/24673"}],"wp:featuredmedia":[{"embeddable":true,"href":"https:\/\/evertonfc.cz\/index.php\/wp-json\/wp\/v2\/media\/24653"}],"wp:attachment":[{"href":"https:\/\/evertonfc.cz\/index.php\/wp-json\/wp\/v2\/media?parent=24654"}],"wp:term":[{"taxonomy":"category","embeddable":true,"href":"https:\/\/evertonfc.cz\/index.php\/wp-json\/wp\/v2\/categories?post=24654"},{"taxonomy":"post_tag","embeddable":true,"href":"https:\/\/evertonfc.cz\/index.php\/wp-json\/wp\/v2\/tags?post=24654"}],"curies":[{"name":"wp","href":"https:\/\/api.w.org\/{rel}","templated":true}]}}