{"id":24716,"date":"2024-07-22T17:10:08","date_gmt":"2024-07-22T15:10:08","guid":{"rendered":"https:\/\/evertonfc.cz\/?p=24716"},"modified":"2024-07-22T17:33:07","modified_gmt":"2024-07-22T15:33:07","slug":"vstric-lize-mistru-onana-miri-do-aston-villy","status":"publish","type":"post","link":"https:\/\/evertonfc.cz\/index.php\/2024\/07\/22\/vstric-lize-mistru-onana-miri-do-aston-villy\/","title":{"rendered":"Vst\u0159\u00edc Lize mistr\u016f: Onana m\u00ed\u0159\u00ed do Aston Villy"},"content":{"rendered":"<h4>Amadou Onana po dvou letech opou\u0161t\u00ed Everton, ambici\u00f3zn\u00ed st\u0159edopola\u0159 p\u0159estupuje do Aston Villy, \u010dtvrt\u00e9ho celku lo\u0148sk\u00e9ho ro\u010dn\u00edku Premier League.<\/h4>\n<p>U\u017e p\u0159i p\u0159\u00edchodu tohoto belgick\u00e9ho reprezentanta v roce 2022 bylo jasn\u00e9, \u017ee se na Goodison Parku nepl\u00e1nuje dlouho zdr\u017eet, nebo\u0165 se netajil sv\u00fdmi ambicemi hr\u00e1t v brzk\u00e9 budoucnosti na nejvy\u0161\u0161\u00ed mo\u017en\u00e9 \u00farovni. Tehdy Toffees zaplatili Lille za kometu francouzsk\u00e9 ligy solidn\u00edch 25 milion\u016f liber s dal\u0161\u00edmi osmi miliony v\u00e1zan\u00fdmi na bonusy. Aktivace t\u011bchto bonus\u016f v\u0161ak nebyla ofici\u00e1ln\u011b potvrzena.<\/p>\n<p>B\u011bhem dvou let v modr\u00e9m dresu odehr\u00e1l Onana 75 sout\u011b\u017en\u00edch z\u00e1pas\u016f, v nich\u017e vst\u0159elil \u010dty\u0159i branky. Z\u00e1rove\u0148 se vypracoval mezi kl\u00ed\u010dov\u00e9 hr\u00e1\u010de Evertonu a tak\u00e9 mezi nejlep\u0161\u00ed defenzivn\u00ed a st\u0159edn\u00ed z\u00e1lo\u017en\u00edky cel\u00e9 Premier League.<\/p>\n<p>I kdy\u017e mu n\u011bkte\u0159\u00ed vy\u010d\u00edtali chyb\u011bj\u00edc\u00ed bojovnost \u010di p\u0159\u00edli\u0161n\u00e9 sobectv\u00ed, realitou je, \u017ee tento brzy 23let\u00fd hr\u00e1\u010d nyn\u00ed p\u0159estupuje za 50 milion\u016f liber a dal\u0161\u00edch p\u011bt milion\u016f v bonusech do Aston Villy, kter\u00e1 se po p\u0159\u00edchodu mana\u017eera Unaie Emeryho za\u0159adila mezi nejlep\u0161\u00ed anglick\u00e9 celky a v nadch\u00e1zej\u00edc\u00ed sez\u00f3n\u011b se zaslou\u017een\u011b bude m\u011b\u0159it rovn\u011b\u017e s nejlep\u0161\u00edmi evropsk\u00fdmi t\u00fdmy v Lize mistr\u016f.<\/p>\n<p>V transferu je rovn\u011b\u017e zahrnut neup\u0159esn\u011bn\u00fd pod\u00edl pro Everton z p\u0159\u00edpadn\u00e9ho dal\u0161\u00edho prodeje hr\u00e1\u010de. P\u0159i jeho realizaci by se 1,95 metr\u016f vysok\u00fd fotbalista stal druh\u00fdm nejdra\u017e\u0161\u00edm prodejem v historii Merseysiders. Na druh\u00e9m m\u00edst\u011b je nyn\u00ed dva roky star\u00fd odchod Richarlisona do Tottenhamu za 50 milion\u016f liber plus dal\u0161\u00edch deset milion\u016f liber v bonusech.<\/p>\n<p>U Villans podepsal Onana smlouvu do roku 2029\u00a0a o\u010dek\u00e1v\u00e1 se, \u017ee se okam\u017eit\u011b za\u0159ad\u00ed do z\u00e1kladn\u00ed sestavy. Po osobn\u00ed str\u00e1nce m\u00e1 za sebou \u00fasp\u011b\u0161n\u00e9 mistrovstv\u00ed Evropy, kde \u2013 na rozd\u00edl od belgick\u00e9ho v\u00fdb\u011bru \u2013 sv\u00fdmi v\u00fdkony vynikal.<\/p>\n<p>Everton se na odchod Onany p\u0159ipravil s p\u0159edstihem, ji\u017e v \u010dervnu p\u0159ivedl z Aston Villy 21let\u00e9ho st\u0159edopola\u0159e Tima Iroegbunama. Ten v\u0161ak zat\u00edm nedosahuje \u00farovn\u011b sv\u00e9ho belgick\u00e9ho p\u0159edch\u016fdce, a proto se mana\u017eer Sean Dyche \u00fadajn\u011b sna\u017e\u00ed pos\u00edlit st\u0159ed pole p\u0159\u00edchodem Kalvina Phillipse, jeho\u017e dob\u0159e se rozv\u00edjej\u00edc\u00ed kari\u00e9ra byla v\u00fdrazn\u011b p\u0159ibrzd\u011bna p\u0159estupem do Manchester City.<\/p>\n<blockquote><p><a href=\"https:\/\/evertonfc.cz\/index.php\/2024\/06\/22\/iroegbunam-s-dobbinem-meni-kluby\/\">\u010ct\u011bte v\u00edce: Iroegbunam s Dobbinem m\u011bn\u00ed kluby<\/a><\/p><\/blockquote>\n<p style=\"text-align: right;\"><span style=\"font-size: 8pt;\">(fotozdroj: Aston Villa)<\/span><\/p>\n","protected":false},"excerpt":{"rendered":"<p>Amadou Onana po dvou letech opou\u0161t\u00ed Everton, ambici\u00f3zn\u00ed st\u0159edopola\u0159 p\u0159estupuje do Aston Villy, \u010dtvrt\u00e9ho celku lo\u0148sk\u00e9ho ro\u010dn\u00edku Premier League.<\/p>\n","protected":false},"author":6,"featured_media":24772,"comment_status":"open","ping_status":"closed","sticky":false,"template":"","format":"standard","meta":{"_eb_attr":"","_monsterinsights_skip_tracking":false,"_monsterinsights_sitenote_active":false,"_monsterinsights_sitenote_note":"","_monsterinsights_sitenote_category":0,"footnotes":""},"categories":[41],"tags":[],"yoast_head":"<!-- This site is optimized with the Yoast SEO plugin v23.4 - https:\/\/yoast.com\/wordpress\/plugins\/seo\/ -->\n<title>Vst\u0159\u00edc Lize mistr\u016f: Onana m\u00ed\u0159\u00ed do Aston Villy - Official Czech &amp; Slovak Everton Supporters&#039; Club<\/title>\n<meta name=\"robots\" content=\"index, follow, max-snippet:-1, max-image-preview:large, max-video-preview:-1\" \/>\n<link rel=\"canonical\" href=\"https:\/\/evertonfc.cz\/index.php\/2024\/07\/22\/vstric-lize-mistru-onana-miri-do-aston-villy\/\" \/>\n<meta property=\"og:locale\" content=\"cs_CZ\" \/>\n<meta property=\"og:type\" content=\"article\" \/>\n<meta property=\"og:title\" content=\"Vst\u0159\u00edc Lize mistr\u016f: Onana m\u00ed\u0159\u00ed do Aston Villy - Official Czech &amp; Slovak Everton Supporters&#039; Club\" \/>\n<meta property=\"og:description\" content=\"Amadou Onana po dvou letech opou\u0161t\u00ed Everton, ambici\u00f3zn\u00ed st\u0159edopola\u0159 p\u0159estupuje do Aston Villy, \u010dtvrt\u00e9ho celku lo\u0148sk\u00e9ho ro\u010dn\u00edku Premier League.\" \/>\n<meta property=\"og:url\" content=\"https:\/\/evertonfc.cz\/index.php\/2024\/07\/22\/vstric-lize-mistru-onana-miri-do-aston-villy\/\" \/>\n<meta property=\"og:site_name\" content=\"Official Czech &amp; Slovak Everton Supporters&#039; Club\" \/>\n<meta property=\"article:publisher\" content=\"https:\/\/www.facebook.com\/everton.fans.cz.sk\" \/>\n<meta property=\"article:published_time\" content=\"2024-07-22T15:10:08+00:00\" \/>\n<meta property=\"article:modified_time\" content=\"2024-07-22T15:33:07+00:00\" \/>\n<meta property=\"og:image\" content=\"https:\/\/evertonfc.cz\/wp-content\/uploads\/2024\/07\/Onana_22_7_2024.jpeg\" \/>\n\t<meta property=\"og:image:width\" content=\"720\" \/>\n\t<meta property=\"og:image:height\" content=\"405\" \/>\n\t<meta property=\"og:image:type\" content=\"image\/jpeg\" \/>\n<meta name=\"author\" content=\"Ri\u010di\" \/>\n<meta name=\"twitter:card\" content=\"summary_large_image\" \/>\n<meta name=\"twitter:creator\" content=\"@rbrejsa\" \/>\n<meta name=\"twitter:label1\" content=\"Napsal(a)\" \/>\n\t<meta name=\"twitter:data1\" content=\"Ri\u010di\" \/>\n\t<meta name=\"twitter:label2\" content=\"Odhadovan\u00e1 doba \u010dten\u00ed\" \/>\n\t<meta name=\"twitter:data2\" content=\"2 minuty\" \/>\n<script type=\"application\/ld+json\" class=\"yoast-schema-graph\">{\"@context\":\"https:\/\/schema.org\",\"@graph\":[{\"@type\":\"Article\",\"@id\":\"https:\/\/evertonfc.cz\/index.php\/2024\/07\/22\/vstric-lize-mistru-onana-miri-do-aston-villy\/#article\",\"isPartOf\":{\"@id\":\"https:\/\/evertonfc.cz\/index.php\/2024\/07\/22\/vstric-lize-mistru-onana-miri-do-aston-villy\/\"},\"author\":{\"name\":\"Ri\u010di\",\"@id\":\"https:\/\/evertonfc.cz\/#\/schema\/person\/f7a5daedb2ffee98480bc70e191aaef1\"},\"headline\":\"Vst\u0159\u00edc Lize mistr\u016f: Onana m\u00ed\u0159\u00ed do Aston Villy\",\"datePublished\":\"2024-07-22T15:10:08+00:00\",\"dateModified\":\"2024-07-22T15:33:07+00:00\",\"mainEntityOfPage\":{\"@id\":\"https:\/\/evertonfc.cz\/index.php\/2024\/07\/22\/vstric-lize-mistru-onana-miri-do-aston-villy\/\"},\"wordCount\":437,\"commentCount\":0,\"publisher\":{\"@id\":\"https:\/\/evertonfc.cz\/#organization\"},\"image\":{\"@id\":\"https:\/\/evertonfc.cz\/index.php\/2024\/07\/22\/vstric-lize-mistru-onana-miri-do-aston-villy\/#primaryimage\"},\"thumbnailUrl\":\"https:\/\/evertonfc.cz\/wp-content\/uploads\/2024\/07\/Onana_22_7_2024.jpeg\",\"articleSection\":[\"P\u0159estupy\"],\"inLanguage\":\"cs\",\"potentialAction\":[{\"@type\":\"CommentAction\",\"name\":\"Comment\",\"target\":[\"https:\/\/evertonfc.cz\/index.php\/2024\/07\/22\/vstric-lize-mistru-onana-miri-do-aston-villy\/#respond\"]}]},{\"@type\":\"WebPage\",\"@id\":\"https:\/\/evertonfc.cz\/index.php\/2024\/07\/22\/vstric-lize-mistru-onana-miri-do-aston-villy\/\",\"url\":\"https:\/\/evertonfc.cz\/index.php\/2024\/07\/22\/vstric-lize-mistru-onana-miri-do-aston-villy\/\",\"name\":\"Vst\u0159\u00edc Lize mistr\u016f: Onana m\u00ed\u0159\u00ed do Aston Villy - Official Czech &amp; Slovak Everton Supporters&#039; Club\",\"isPartOf\":{\"@id\":\"https:\/\/evertonfc.cz\/#website\"},\"primaryImageOfPage\":{\"@id\":\"https:\/\/evertonfc.cz\/index.php\/2024\/07\/22\/vstric-lize-mistru-onana-miri-do-aston-villy\/#primaryimage\"},\"image\":{\"@id\":\"https:\/\/evertonfc.cz\/index.php\/2024\/07\/22\/vstric-lize-mistru-onana-miri-do-aston-villy\/#primaryimage\"},\"thumbnailUrl\":\"https:\/\/evertonfc.cz\/wp-content\/uploads\/2024\/07\/Onana_22_7_2024.jpeg\",\"datePublished\":\"2024-07-22T15:10:08+00:00\",\"dateModified\":\"2024-07-22T15:33:07+00:00\",\"breadcrumb\":{\"@id\":\"https:\/\/evertonfc.cz\/index.php\/2024\/07\/22\/vstric-lize-mistru-onana-miri-do-aston-villy\/#breadcrumb\"},\"inLanguage\":\"cs\",\"potentialAction\":[{\"@type\":\"ReadAction\",\"target\":[\"https:\/\/evertonfc.cz\/index.php\/2024\/07\/22\/vstric-lize-mistru-onana-miri-do-aston-villy\/\"]}]},{\"@type\":\"ImageObject\",\"inLanguage\":\"cs\",\"@id\":\"https:\/\/evertonfc.cz\/index.php\/2024\/07\/22\/vstric-lize-mistru-onana-miri-do-aston-villy\/#primaryimage\",\"url\":\"https:\/\/evertonfc.cz\/wp-content\/uploads\/2024\/07\/Onana_22_7_2024.jpeg\",\"contentUrl\":\"https:\/\/evertonfc.cz\/wp-content\/uploads\/2024\/07\/Onana_22_7_2024.jpeg\",\"width\":720,\"height\":405},{\"@type\":\"BreadcrumbList\",\"@id\":\"https:\/\/evertonfc.cz\/index.php\/2024\/07\/22\/vstric-lize-mistru-onana-miri-do-aston-villy\/#breadcrumb\",\"itemListElement\":[{\"@type\":\"ListItem\",\"position\":1,\"name\":\"Home\",\"item\":\"https:\/\/evertonfc.cz\/\"},{\"@type\":\"ListItem\",\"position\":2,\"name\":\"Vst\u0159\u00edc Lize mistr\u016f: Onana m\u00ed\u0159\u00ed do Aston Villy\"}]},{\"@type\":\"WebSite\",\"@id\":\"https:\/\/evertonfc.cz\/#website\",\"url\":\"https:\/\/evertonfc.cz\/\",\"name\":\"Official Czech &amp; Slovak Everton Supporters&#039; Club\",\"description\":\"\",\"publisher\":{\"@id\":\"https:\/\/evertonfc.cz\/#organization\"},\"potentialAction\":[{\"@type\":\"SearchAction\",\"target\":{\"@type\":\"EntryPoint\",\"urlTemplate\":\"https:\/\/evertonfc.cz\/?s={search_term_string}\"},\"query-input\":{\"@type\":\"PropertyValueSpecification\",\"valueRequired\":true,\"valueName\":\"search_term_string\"}}],\"inLanguage\":\"cs\"},{\"@type\":\"Organization\",\"@id\":\"https:\/\/evertonfc.cz\/#organization\",\"name\":\"Official Czech & Slovak Everton Supporters' Club\",\"url\":\"https:\/\/evertonfc.cz\/\",\"logo\":{\"@type\":\"ImageObject\",\"inLanguage\":\"cs\",\"@id\":\"https:\/\/evertonfc.cz\/#\/schema\/logo\/image\/\",\"url\":\"https:\/\/evertonfc.cz\/wp-content\/uploads\/2019\/05\/logo.png\",\"contentUrl\":\"https:\/\/evertonfc.cz\/wp-content\/uploads\/2019\/05\/logo.png\",\"width\":112,\"height\":112,\"caption\":\"Official Czech & Slovak Everton Supporters' Club\"},\"image\":{\"@id\":\"https:\/\/evertonfc.cz\/#\/schema\/logo\/image\/\"},\"sameAs\":[\"https:\/\/www.facebook.com\/everton.fans.cz.sk\"]},{\"@type\":\"Person\",\"@id\":\"https:\/\/evertonfc.cz\/#\/schema\/person\/f7a5daedb2ffee98480bc70e191aaef1\",\"name\":\"Ri\u010di\",\"sameAs\":[\"https:\/\/x.com\/rbrejsa\"],\"url\":\"https:\/\/evertonfc.cz\/index.php\/author\/rici\/\"}]}<\/script>\n<!-- \/ Yoast SEO plugin. -->","yoast_head_json":{"title":"Vst\u0159\u00edc Lize mistr\u016f: Onana m\u00ed\u0159\u00ed do Aston Villy - Official Czech &amp; Slovak Everton Supporters&#039; Club","robots":{"index":"index","follow":"follow","max-snippet":"max-snippet:-1","max-image-preview":"max-image-preview:large","max-video-preview":"max-video-preview:-1"},"canonical":"https:\/\/evertonfc.cz\/index.php\/2024\/07\/22\/vstric-lize-mistru-onana-miri-do-aston-villy\/","og_locale":"cs_CZ","og_type":"article","og_title":"Vst\u0159\u00edc Lize mistr\u016f: Onana m\u00ed\u0159\u00ed do Aston Villy - Official Czech &amp; Slovak Everton Supporters&#039; Club","og_description":"Amadou Onana po dvou letech opou\u0161t\u00ed Everton, ambici\u00f3zn\u00ed st\u0159edopola\u0159 p\u0159estupuje do Aston Villy, \u010dtvrt\u00e9ho celku lo\u0148sk\u00e9ho ro\u010dn\u00edku Premier League.","og_url":"https:\/\/evertonfc.cz\/index.php\/2024\/07\/22\/vstric-lize-mistru-onana-miri-do-aston-villy\/","og_site_name":"Official Czech &amp; Slovak Everton Supporters&#039; Club","article_publisher":"https:\/\/www.facebook.com\/everton.fans.cz.sk","article_published_time":"2024-07-22T15:10:08+00:00","article_modified_time":"2024-07-22T15:33:07+00:00","og_image":[{"width":720,"height":405,"url":"https:\/\/evertonfc.cz\/wp-content\/uploads\/2024\/07\/Onana_22_7_2024.jpeg","type":"image\/jpeg"}],"author":"Ri\u010di","twitter_card":"summary_large_image","twitter_creator":"@rbrejsa","twitter_misc":{"Napsal(a)":"Ri\u010di","Odhadovan\u00e1 doba \u010dten\u00ed":"2 minuty"},"schema":{"@context":"https:\/\/schema.org","@graph":[{"@type":"Article","@id":"https:\/\/evertonfc.cz\/index.php\/2024\/07\/22\/vstric-lize-mistru-onana-miri-do-aston-villy\/#article","isPartOf":{"@id":"https:\/\/evertonfc.cz\/index.php\/2024\/07\/22\/vstric-lize-mistru-onana-miri-do-aston-villy\/"},"author":{"name":"Ri\u010di","@id":"https:\/\/evertonfc.cz\/#\/schema\/person\/f7a5daedb2ffee98480bc70e191aaef1"},"headline":"Vst\u0159\u00edc Lize mistr\u016f: Onana m\u00ed\u0159\u00ed do Aston Villy","datePublished":"2024-07-22T15:10:08+00:00","dateModified":"2024-07-22T15:33:07+00:00","mainEntityOfPage":{"@id":"https:\/\/evertonfc.cz\/index.php\/2024\/07\/22\/vstric-lize-mistru-onana-miri-do-aston-villy\/"},"wordCount":437,"commentCount":0,"publisher":{"@id":"https:\/\/evertonfc.cz\/#organization"},"image":{"@id":"https:\/\/evertonfc.cz\/index.php\/2024\/07\/22\/vstric-lize-mistru-onana-miri-do-aston-villy\/#primaryimage"},"thumbnailUrl":"https:\/\/evertonfc.cz\/wp-content\/uploads\/2024\/07\/Onana_22_7_2024.jpeg","articleSection":["P\u0159estupy"],"inLanguage":"cs","potentialAction":[{"@type":"CommentAction","name":"Comment","target":["https:\/\/evertonfc.cz\/index.php\/2024\/07\/22\/vstric-lize-mistru-onana-miri-do-aston-villy\/#respond"]}]},{"@type":"WebPage","@id":"https:\/\/evertonfc.cz\/index.php\/2024\/07\/22\/vstric-lize-mistru-onana-miri-do-aston-villy\/","url":"https:\/\/evertonfc.cz\/index.php\/2024\/07\/22\/vstric-lize-mistru-onana-miri-do-aston-villy\/","name":"Vst\u0159\u00edc Lize mistr\u016f: Onana m\u00ed\u0159\u00ed do Aston Villy - Official Czech &amp; Slovak Everton Supporters&#039; Club","isPartOf":{"@id":"https:\/\/evertonfc.cz\/#website"},"primaryImageOfPage":{"@id":"https:\/\/evertonfc.cz\/index.php\/2024\/07\/22\/vstric-lize-mistru-onana-miri-do-aston-villy\/#primaryimage"},"image":{"@id":"https:\/\/evertonfc.cz\/index.php\/2024\/07\/22\/vstric-lize-mistru-onana-miri-do-aston-villy\/#primaryimage"},"thumbnailUrl":"https:\/\/evertonfc.cz\/wp-content\/uploads\/2024\/07\/Onana_22_7_2024.jpeg","datePublished":"2024-07-22T15:10:08+00:00","dateModified":"2024-07-22T15:33:07+00:00","breadcrumb":{"@id":"https:\/\/evertonfc.cz\/index.php\/2024\/07\/22\/vstric-lize-mistru-onana-miri-do-aston-villy\/#breadcrumb"},"inLanguage":"cs","potentialAction":[{"@type":"ReadAction","target":["https:\/\/evertonfc.cz\/index.php\/2024\/07\/22\/vstric-lize-mistru-onana-miri-do-aston-villy\/"]}]},{"@type":"ImageObject","inLanguage":"cs","@id":"https:\/\/evertonfc.cz\/index.php\/2024\/07\/22\/vstric-lize-mistru-onana-miri-do-aston-villy\/#primaryimage","url":"https:\/\/evertonfc.cz\/wp-content\/uploads\/2024\/07\/Onana_22_7_2024.jpeg","contentUrl":"https:\/\/evertonfc.cz\/wp-content\/uploads\/2024\/07\/Onana_22_7_2024.jpeg","width":720,"height":405},{"@type":"BreadcrumbList","@id":"https:\/\/evertonfc.cz\/index.php\/2024\/07\/22\/vstric-lize-mistru-onana-miri-do-aston-villy\/#breadcrumb","itemListElement":[{"@type":"ListItem","position":1,"name":"Home","item":"https:\/\/evertonfc.cz\/"},{"@type":"ListItem","position":2,"name":"Vst\u0159\u00edc Lize mistr\u016f: Onana m\u00ed\u0159\u00ed do Aston Villy"}]},{"@type":"WebSite","@id":"https:\/\/evertonfc.cz\/#website","url":"https:\/\/evertonfc.cz\/","name":"Official Czech &amp; Slovak Everton Supporters&#039; Club","description":"","publisher":{"@id":"https:\/\/evertonfc.cz\/#organization"},"potentialAction":[{"@type":"SearchAction","target":{"@type":"EntryPoint","urlTemplate":"https:\/\/evertonfc.cz\/?s={search_term_string}"},"query-input":{"@type":"PropertyValueSpecification","valueRequired":true,"valueName":"search_term_string"}}],"inLanguage":"cs"},{"@type":"Organization","@id":"https:\/\/evertonfc.cz\/#organization","name":"Official Czech & Slovak Everton Supporters' Club","url":"https:\/\/evertonfc.cz\/","logo":{"@type":"ImageObject","inLanguage":"cs","@id":"https:\/\/evertonfc.cz\/#\/schema\/logo\/image\/","url":"https:\/\/evertonfc.cz\/wp-content\/uploads\/2019\/05\/logo.png","contentUrl":"https:\/\/evertonfc.cz\/wp-content\/uploads\/2019\/05\/logo.png","width":112,"height":112,"caption":"Official Czech & Slovak Everton Supporters' Club"},"image":{"@id":"https:\/\/evertonfc.cz\/#\/schema\/logo\/image\/"},"sameAs":["https:\/\/www.facebook.com\/everton.fans.cz.sk"]},{"@type":"Person","@id":"https:\/\/evertonfc.cz\/#\/schema\/person\/f7a5daedb2ffee98480bc70e191aaef1","name":"Ri\u010di","sameAs":["https:\/\/x.com\/rbrejsa"],"url":"https:\/\/evertonfc.cz\/index.php\/author\/rici\/"}]}},"_links":{"self":[{"href":"https:\/\/evertonfc.cz\/index.php\/wp-json\/wp\/v2\/posts\/24716"}],"collection":[{"href":"https:\/\/evertonfc.cz\/index.php\/wp-json\/wp\/v2\/posts"}],"about":[{"href":"https:\/\/evertonfc.cz\/index.php\/wp-json\/wp\/v2\/types\/post"}],"author":[{"embeddable":true,"href":"https:\/\/evertonfc.cz\/index.php\/wp-json\/wp\/v2\/users\/6"}],"replies":[{"embeddable":true,"href":"https:\/\/evertonfc.cz\/index.php\/wp-json\/wp\/v2\/comments?post=24716"}],"version-history":[{"count":6,"href":"https:\/\/evertonfc.cz\/index.php\/wp-json\/wp\/v2\/posts\/24716\/revisions"}],"predecessor-version":[{"id":24781,"href":"https:\/\/evertonfc.cz\/index.php\/wp-json\/wp\/v2\/posts\/24716\/revisions\/24781"}],"wp:featuredmedia":[{"embeddable":true,"href":"https:\/\/evertonfc.cz\/index.php\/wp-json\/wp\/v2\/media\/24772"}],"wp:attachment":[{"href":"https:\/\/evertonfc.cz\/index.php\/wp-json\/wp\/v2\/media?parent=24716"}],"wp:term":[{"taxonomy":"category","embeddable":true,"href":"https:\/\/evertonfc.cz\/index.php\/wp-json\/wp\/v2\/categories?post=24716"},{"taxonomy":"post_tag","embeddable":true,"href":"https:\/\/evertonfc.cz\/index.php\/wp-json\/wp\/v2\/tags?post=24716"}],"curies":[{"name":"wp","href":"https:\/\/api.w.org\/{rel}","templated":true}]}}