{"id":24754,"date":"2024-07-22T13:15:28","date_gmt":"2024-07-22T11:15:28","guid":{"rendered":"https:\/\/evertonfc.cz\/?p=24754"},"modified":"2024-07-24T08:42:59","modified_gmt":"2024-07-24T06:42:59","slug":"tak-friedkin-teda-nie","status":"publish","type":"post","link":"https:\/\/evertonfc.cz\/index.php\/2024\/07\/22\/tak-friedkin-teda-nie\/","title":{"rendered":"Tak Friedkin teda nie?"},"content":{"rendered":"<h4>Evertonians u\u017e dlh\u0161ie, presnej\u0161ie p\u00e1r t\u00fd\u017ed\u0148ov neza\u017eili poriadny \u0161ok. Mo\u017eno ten pocit z\u00a0pr\u00edvalu adrenal\u00ednu aj ch\u00fdbal. Tak\u017ee druh\u00fd krach predaja klubu v\u00a0priebehu roka ur\u010dite srdcia fan\u00fa\u0161ikov Karameliek op\u00e4\u0165 rozpumpuje.<\/h4>\n<p>Ako bolo v piatok ozn\u00e1men\u00e9 na ofici\u00e1lnej str\u00e1nke Evertonu, spolo\u010dnos\u0165 americk\u00e9ho miliard\u00e1ra Dana Friedkina (The Friedkin Group, TFG) odst\u00fapila od z\u00e1meru k\u00fapi\u0165 Everton. Je tomu zhruba mesiac, \u010do toto konzorcium z\u00edskalo od Moshiriho exkluzivitu na podrobn\u00e9 presk\u00famanie finan\u010dn\u00e9ho stavu klubu. EFC by sa v pr\u00edpade \u00faspe\u0161nej akviz\u00edcie dostalo medzi futbalov\u00e9 portf\u00f3lio TFG, do ktor\u00e9ho patr\u00ed taliansky AS R\u00edm a franc\u00fazsky AS Cannes.<\/p>\n<p>Len\u017ee situ\u00e1cia sa vyvinula inak. Vo \u0161tvrtok ozn\u00e1mili vedeniu klubu, \u017ee kon\u010dia rokovania s odvolan\u00edm sa na obavy z dlhu klubu vo\u010di s\u00fakromnej investi\u010dnej spolo\u010dnosti 777. Obavy TFG z dlhu s\u00favisia so skuto\u010dnos\u0165ou, \u017ee 777 je teraz v ruk\u00e1ch odborn\u00edkov na platobn\u00fa neschopnos\u0165 po tom, ako sa jej zlo\u017eit\u00e1 sie\u0165 portf\u00f3liov\u00fdch spolo\u010dnost\u00ed za\u010dala rozpada\u0165 za\u010diatkom tohto roka. D\u00f4vodom boli mesiace s\u00fadnych sporov o nezaplaten\u00e9 \u00fa\u010dty, oneskoren\u00e9 platby a obvinenia z\u00a0podvodu, ktor\u00e9 nakoniec vy\u00fastili vo ve\u013ek\u00e9\u00a0s\u00fadne \u017ealoby.<\/p>\n<h4 style=\"text-align: center;\"><strong>Spolo\u010dn\u00e9 stanovisko Evertonu a\u00a0TFG:<\/strong><\/h4>\n<blockquote><p><span style=\"font-size: 12pt;\"><em>\u201ePo obdob\u00ed exkluzivity sa diskusie medzi Blue Heaven Holdings a The Friedkin Group o potenci\u00e1lnom predaji v\u00e4\u010d\u0161inov\u00e9ho podielu v Evertone skon\u010dili a Friedkin Group nebude pokra\u010dova\u0165 v k\u00fape klubu. Blue Heaven Holdings aj The Friedkin Group vst\u00fapili do diskusi\u00ed v dobrej viere, aby presk\u00famali, \u010di je mo\u017en\u00e9 dohodn\u00fa\u0165 predaj. Strany sa zhodli, \u017ee je v ich z\u00e1ujme, aby Everton presk\u00famal alternat\u00edvne mo\u017enosti. The Friedkin Group zostane verite\u013eom klubu a je hrd\u00e1 na to, \u017ee zohrala k\u013e\u00fa\u010dov\u00fa \u00falohu pri v\u00fdstavbe nov\u00e9ho \u0161tadi\u00f3na, ktor\u00fd pom\u00f4\u017ee zabezpe\u010di\u0165 svetl\u00fa bud\u00facnos\u0165 pre Everton aj mesto Liverpool. <\/em><em>Blue Heaven Holdings udr\u017eiava pozit\u00edvny vz\u0165ah s The Friedkin Group, a \u010fakuje za \u010das a \u00fasilie, ktor\u00e9 venovali tomuto procesu. \u010eal\u0161ie novinky bud\u00fa poskytnut\u00e9 na ofici\u00e1lnych komunika\u010dn\u00fdch kan\u00e1loch.\u201c<\/em><\/span><\/p><\/blockquote>\n<p>Mal\u00fdm pozit\u00edvom ost\u00e1va, \u017ee TFG ost\u00e1va verite\u013eom men\u0161ej \u010dasti dlhov EFC. Ako? Tak, \u017ee pred mesiacom u\u017e po\u017ei\u010dali klubu 200 mili\u00f3nov libier, aby splatil in\u00fd dlh vo v\u00fd\u0161ke 158 mili\u00f3nov libier skupine investorov veden\u00fdch americkou firmou MSP Sports Capital. Toto bol mimochodom ve\u013ek\u00fd probl\u00e9m pre b\u00fdval\u00fd z\u00e1ujem zo strany 777. MSP si dalo toti\u017e do zmluvy s Evertonom podmienku, \u017ee pri predaji klubu mus\u00ed by\u0165 najsk\u00f4r ich dlh splaten\u00fd. Tak\u017ee aspo\u0148 t\u00e1to vec by mala by\u0165 pre bud\u00faceho z\u00e1ujemcu o k\u00fapu vybaven\u00e1.<\/p>\n<h4><strong>\u010co z\u00a0toho vypl\u00fdva?<\/strong><\/h4>\n<p>Zo zvy\u0161ku z 200 mili\u00f3nov sa zaplatil posledn\u00fd \u00fa\u010det od Laing O\u2019Rourke, stavebnej firmy buduj\u00facej nov\u00fd \u0161tadi\u00f3n Evertonu v Bramley-Moore Dock. Tak\u017ee aj ke\u010f TFG nek\u00fapi Everton, nahrad\u00ed MSP ako zabezpe\u010den\u00e9ho verite\u013ea v Everton Stadium Development Limited, klubovej dc\u00e9rskej spolo\u010dnosti, ktor\u00e1 vlastn\u00ed nov\u00fd \u0161tadi\u00f3n. A ni\u010d nenazna\u010duje, \u017ee TFG m\u00e1 v \u00famysle t\u00fato p\u00f4\u017ei\u010dku v doh\u013eadnej dobe vym\u00e1ha\u0165. No, ak by ju Moshiri nevedel splati\u0165, jeho 94% akcii skon\u010d\u00ed v ruk\u00e1ch Friedkina. Podobn\u00fa mo\u017enos\u0165 malo predt\u00fdm v ruk\u00e1ch aj MSP.<\/p>\n<p>Ale s t\u00fdm rozdielom, \u017ee za ich \u00a3158 mili\u00f3nov, ktor\u00e9 vyplatil Friedkin, by z\u00edskali len 51%. T\u00fato mo\u017enos\u0165 v apr\u00edli pri konci splatnosti p\u00f4\u017ei\u010dky nevyu\u017eili, preto\u017ee vedeli, \u017ee akcie Evertonu nemaj\u00fa skuto\u010dn\u00fa hodnotu. Ka\u017ed\u00fd, kto k\u00fapi Everton, v skuto\u010dnosti z\u00edskava len obrovsk\u00fd dlh a zodpovednos\u0165 za financovanie t\u00edmu a dostavbu \u0161tadi\u00f3na. Mimochodom, odhaduje sa, \u017ee na dokon\u010denie interi\u00e9ru Bramley-Moore bude potrebn\u00fdch e\u0161te 70 mili\u00f3nov.<\/p>\n<h4><strong>Klub utopen\u00fd v\u00a0dlhoch<\/strong><\/h4>\n<p>Skuto\u010dnos\u0165, \u017ee sa Friedkin rozhodol nek\u00fapi\u0165 klub po tom, \u010do str\u00e1vil posledn\u00fd mesiac prezeran\u00edm \u00fa\u010dtovn\u00fdch kn\u00edh, vyvol\u00e1va v\u00e1\u017ene pochybnosti o bud\u00facnosti EFC. Vr\u00e1tane novej p\u00f4\u017ei\u010dky od TFG dlhuj\u00fa Karamelky viac ako 600 mili\u00f3nov libier trom extern\u00fdm verite\u013eom \u2013 americk\u00fdm 777 a britsk\u00e9mu Rights and Media Funding. \u0160tvrt\u00fdm do poradia by sa r\u00e1d zaradil aj 69-ro\u010dn\u00fd Moshiri. Jeho 450 mili\u00f3nov libier v akcion\u00e1rskych p\u00f4\u017ei\u010dk\u00e1ch ale nem\u00e1 d\u00e1tum splatnosti, a v podstate u\u017e boli v \u00fa\u010dtoch klubu odp\u00edsan\u00e9. \u010co to znamen\u00e1?<\/p>\n<p>\u017de Moshiri nebude vym\u00e1ha\u0165 splatenie a vykonal pr\u00edslu\u0161n\u00e9 z\u00e1znamy vo svojich \u00fa\u010dtovn\u00fdch knih\u00e1ch pri v\u00fdkaze ziskov a str\u00e1t. Z\u00e1kulisn\u00e9 inform\u00e1cie preto tvrdia, \u017ee pri predaji Evertonu by z\u00edskal za svojich 94% akci\u00ed len okolo \u00a350 mili\u00f3nov. Pekn\u00e9 vysved\u010denie pre biznismena, ktor\u00fd dok\u00e1zal na Merseyside utopi\u0165 u\u017e takmer 900 mili\u00f3nov. \u010ci v\u0161ak v\u0161etky napumpovan\u00e9 prostriedky boli naozaj jeho, sa asi nedozvieme. Faktom ale je, \u017ee posledn\u00fd rok bol Farhad bu\u010f neochotn\u00fd, alebo neschopn\u00fd \u010falej dotova\u0165 svoj stratov\u00fd kon\u00ed\u010dek, \u010d\u00edm n\u00e1m pomaly kope hlbok\u00fd hrob.<\/p>\n<h4><strong>Po\u017ei\u010diavanie po\u017ei\u010dan\u00fdch pe\u0148az\u00ed<\/strong><\/h4>\n<p>Ako v\u0161etci vieme, posledn\u00fd rok fi\u010d\u00ed EFC len v\u010faka pravideln\u00fdm injekci\u00e1m cashu. Tie zauj\u00edmav\u00fdm sp\u00f4sobom obstar\u00e1valo pr\u00e1ve 777. Nakopilo sa to na 200 mili\u00f3nov, ktor\u00e9 pozost\u00e1vaj\u00fa zo s\u00e9rie men\u0161\u00edch p\u00f4\u017ei\u010diek, o ktor\u00fdch sme aj my informovali na na\u0161om webe. Odkia\u013e poch\u00e1dzaj\u00fa? Boli po\u017ei\u010dan\u00e9 od americkej pois\u0165ovacej (zjednodu\u0161ene) spolo\u010dnosti A-Cap, ktor\u00e1 teraz tento dlh kontroluje. In\u00fdmi slovami, s\u00fa to peniaze z poistiek be\u017en\u00fdch \u013eud\u00ed od viacer\u00fdch pois\u0165ovn\u00ed, zdru\u017eovan\u00fdch v A-Cap, ktor\u00e9 by mali za norm\u00e1lnych podmienok zar\u00e1ba\u0165.<\/p>\n<p>Situ\u00e1cia je v\u0161ak omnoho komplikovanej\u0161ia. Ako sme na za\u010diatku spom\u00ednali, 777 dostalo nieko\u013eko svojich firiem do insolvencie, a\u00a0\u010del\u00ed r\u00f4znym \u017ealob\u00e1m za finan\u010dn\u00e9 podvody a\u00a0machin\u00e1cie. Najz\u00e1va\u017enej\u0161ia z nich sa t\u00fdka Leadenhall Capital Partners, investi\u010dnej firmy so s\u00eddlom v\u00a0Lond\u00fdne. T\u00e1 sa \u0161pecializuje na pois\u0165ovac\u00ed priemysel, a obvinila 777 aj A-Cap z\u00a0pyram\u00eddov\u00e9ho podvodu. \u00dastredn\u00fdm tvrden\u00edm \u017ealoby je, \u017ee 777 si po\u017ei\u010dalo stovky mili\u00f3nov dol\u00e1rov od spolo\u010dnosti Leadenhall na akt\u00edva, ktor\u00e9 ale u\u017e pou\u017eilo ako zabezpe\u010denie in\u00fdch \u00faverov. Najm\u00e4 od A-Cap.<\/p>\n<p>Tzv. \u201edvojit\u00e9 z\u00e1lo\u017en\u00e9 pr\u00e1vo\u201c je ako keby ste zalo\u017eili v\u00e1\u0161 dom do hypot\u00e9ky vo viacer\u00fdch bank\u00e1ch. Samozrejme, tie by o tom ani len netu\u0161ili. A to nie je v\u0161etko. Leadenhall tvrd\u00ed, \u017ee 777 tie\u017e pou\u017eil na zalo\u017eenie \u00faverov z\u00e1bezpeky, ktor\u00e9 ani nevlastnil. \u010ci\u017ee cudz\u00ed alebo neexistuj\u00faci majetok. Obe strany obvinenia popieraj\u00fa, a vyrie\u0161enie tohto pr\u00edpadu je v nedoh\u013eadne. A-Cap, ktor\u00fd po\u017ei\u010dal 777 Partners stovky mili\u00f3nov dol\u00e1rov v priebehu nieko\u013ek\u00fdch rokov, teraz kv\u00f4li tomu tie\u017e bojuje o pre\u017eitie pri hromadnom odlive akcion\u00e1rov.<\/p>\n<h4><strong>Nie je jasn\u00e9, komu splati\u0165 dlh od 777<\/strong><\/h4>\n<p>TFG p\u00f4vodne chcelo, aby A-Cap z\u013eavilo z dl\u017enej sumy Evertonu od 777. No po zhodnoten\u00ed situ\u00e1cie sa rozhodlo, \u017ee je jednoducho pr\u00edli\u0161 riskantn\u00e9 pokra\u010dova\u0165. Av\u0161ak nie preto\u017ee 200 mili\u00f3nov plus \u00faroky s\u00fa vysok\u00e9 \u010d\u00edslo. Skuto\u010dn\u00fdm probl\u00e9mom je ot\u00e1zka, komu ten dlh patr\u00ed. Vzh\u013eadom na kr\u00edzu v\u00a0ktorej sa A-Cap nach\u00e1dza, najm\u00e4 v\u010faka svojej expoz\u00edcii vo\u010di 777, A-Cap prevzal kontrolu nad akt\u00edvami 777, a sna\u017e\u00ed sa z\u00edska\u0165 sp\u00e4\u0165 \u010do najviac pe\u0148az\u00ed. Tie p\u00f4\u017ei\u010dky Evertonu s\u00fa akt\u00edva v s\u00favahe A-Cap. Zjednodu\u0161ene \u2013 v\u00a0\u00fa\u010dtovn\u00edctve odv\u00e1dzaj\u00fa skvel\u00fa pr\u00e1cu v plnej hodnote.<\/p>\n<p>Existuje ve\u013emi re\u00e1lna mo\u017enos\u0165, \u017ee ke\u010f bude pr\u00edpad Leadenhallu vyrie\u0161en\u00fd, ministerstvo spravodlivosti USA pod\u00e1 trestn\u00e9 st\u00edhanie. Ot\u00e1zka pre potencion\u00e1lnych kupcov Karameliek vzh\u013eadom na s\u00fadne \u0165ahanice teda znie \u2013 vr\u00e1ti\u0165 peniaze 777, A-Cap, Leadenhallu alebo s\u00fadom? Koho to bude 200 mili\u00f3nov libier?<\/p>\n<p>Okrem toho, nikto rozumn\u00fd (nie to e\u0161te biznismen), kto chce k\u00fapi\u0165 Everton, by v\u0161ak nechcel zaplati\u0165 cel\u00fa t\u00fato sumu sp\u00e4\u0165. V neposlednom rade preto, \u017ee z\u00e1bezpeka p\u00f4\u017ei\u010diek 777 bola ni\u017e\u0161ia ako u MSP a st\u00e1le je ni\u017e\u0161ia ako u RMF. To znamen\u00e1, \u017ee v\u00a0pr\u00edpade insolvencie EFC a\u00a0n\u00e1slednej administr\u00e1cie, \u010di nebodaj likvid\u00e1cie, bude ma\u0165 prednos\u0165 najsk\u00f4r vyplatenie dlhu TFG (p\u00f4vodne MSP), potom RMF, a\u00a0ak nie\u010do ostane, tak 777.<\/p>\n<h4><strong>\u00daroky, \u00faroky, ach tie \u00faroky&#8230;<\/strong><\/h4>\n<p>Nie, peniaze nikdy nedostanete zadarmo. Len od Moshiriho, a\u00a0ten u\u017e zistil, \u017ee sa mu to nevyplat\u00ed. Dobrou spr\u00e1vou je, \u017ee Everton nemus\u00ed spl\u00e1ca\u0165 TFG ni\u010d po dobu jedn\u00e9ho roka. A \u00farok z p\u00f4\u017ei\u010dky je rovnak\u00fd ako RMF \u2013 p\u00e4\u0165 percent nad z\u00e1kladnou sadzbou. To znamen\u00e1, \u017ee tieto dve p\u00f4\u017ei\u010dky stoja klub pribli\u017ene 40 mili\u00f3nov libier ro\u010dne.<\/p>\n<p>P\u00f4\u017ei\u010dky od 777 respekt\u00edve od A-Cap s\u00fa ur\u010dite drah\u0161ie. Sadzba nebola nikdy zverejnen\u00e1, ale vieme, \u017ee A-Cap si po\u017ei\u010diaval peniaze s\u00e1m za 18 percent. Glob\u00e1lna investi\u010dn\u00e1 banka JP Morgan predned\u00e1vnom k\u00fapila firemn\u00fd dlhopis od A-Cap za t\u00fato sadzbu. Nikto nie je tak\u00fd hl\u00fapy, aby si po\u017ei\u010diaval za 18% a poskytoval za 10%. \u010ci? Konzervat\u00edvny odhad by bol, \u017ee Karamelky platia na \u00farokoch 1 mili\u00f3n libier t\u00fd\u017edenne. Pravdepodobne je to trochu viac. \u010ci\u017ee, ko\u013eko, 55\/60 mili\u00f3nov ro\u010dne? Uf&#8230;<\/p>\n<h4><strong>Nov\u00ed z\u00e1ujemcovia s\u00fa<\/strong><\/h4>\n<p>H\u013eadanie nov\u00e9ho majite\u013ea sa u\u017e vraj rozbehlo. Pod\u013ea port\u00e1lu The Athletic bol klub u\u017e v stredu\u00a0 sp\u00e4\u0165 na trhu. A jasn\u00fdm v\u00fdchodiskov\u00fdm bodom pre z\u00e1ujemcov bude n\u00e1jdenie sp\u00f4sobu a pr\u00edjemcu vyplatenia dlhu 777. Jedn\u00fdm z nich bude skupina veden\u00e1 lond\u00fdnskym podnikate\u013eom Vatchem Manoukianom. Pod\u013ea z\u00e1kulisn\u00fdch inform\u00e1cii pon\u00fakla 400 mili\u00f3nov libier, \u010do je v\u00fdrazne menej ako s\u00fa\u010det dlhov EFC.<\/p>\n<p>Spolumajite\u013e Crystal Palace John Textor, verejne deklaruj\u00faci z\u00e1ujem o\u00a0The Toffees, tie\u017e znovu o\u017eil, ale je \u0165a\u017ek\u00e9 predstavi\u0165 si, ako by mohol on s\u00e1m prekona\u0165 prek\u00e1\u017eku A-Cap\/777, ktor\u00e1 odstra\u0161ila TFG. Aj on m\u00e1 investorov so s\u00eddlom v\u00a0USA, a sna\u017e\u00ed sa uspie\u0165 so svojou Eagle Football Group na newyorskej burze. Okrem toho by potreboval tie\u017e preda\u0165 svoj 45-percentn\u00fd podiel v\u00a0lond\u00fdnskych orloch.<\/p>\n<p>To je jedna z pat\u00e1lii, lebo viacero klubov v Premier League je na predaj. A kto u\u017e by chcel po u\u0161i zadl\u017een\u00fd Everton? A ko\u013eko skuto\u010dne stoj\u00ed? Mimochodom, aby sme rozbehli debatu, Friedkin pred p\u00e1r rokmi podobne odst\u00fapil od k\u00fapy AS R\u00edm za takmer 900 mili\u00f3nov dol\u00e1rov. Len aby sa o rok nesk\u00f4r vr\u00e1til a dokon\u010dil to za necel\u00fdch 600.<\/p>\n<p style=\"text-align: right;\"><span style=\"font-size: 8pt;\">(infozdroje: The Athletic, The Times, Forbes\u00a0 \/\u00a0 fotozdroj: GiveMeSport.com)<\/span><\/p>\n","protected":false},"excerpt":{"rendered":"<p>Evertonians u\u017e dlh\u0161ie, presnej\u0161ie p\u00e1r t\u00fd\u017ed\u0148ov neza\u017eili poriadny \u0161ok. Mo\u017eno ten pocit z pr\u00edvalu adrenal\u00ednu aj ch\u00fdbal. Tak\u017ee druh\u00fd krach predaja klubu v priebehu roka ur\u010dite srdcia fan\u00fa\u0161ikov Karameliek op\u00e4\u0165 rozpumpuje.<\/p>\n","protected":false},"author":1,"featured_media":24755,"comment_status":"open","ping_status":"closed","sticky":false,"template":"","format":"standard","meta":{"_eb_attr":"","_monsterinsights_skip_tracking":false,"_monsterinsights_sitenote_active":false,"_monsterinsights_sitenote_note":"","_monsterinsights_sitenote_category":0,"footnotes":""},"categories":[39],"tags":[],"yoast_head":"<!-- This site is optimized with the Yoast SEO plugin v23.4 - https:\/\/yoast.com\/wordpress\/plugins\/seo\/ -->\n<title>Tak Friedkin teda nie? - Official Czech &amp; Slovak Everton Supporters&#039; Club<\/title>\n<meta name=\"robots\" content=\"index, follow, max-snippet:-1, max-image-preview:large, max-video-preview:-1\" \/>\n<link rel=\"canonical\" href=\"https:\/\/evertonfc.cz\/index.php\/2024\/07\/22\/tak-friedkin-teda-nie\/\" \/>\n<meta property=\"og:locale\" content=\"cs_CZ\" \/>\n<meta property=\"og:type\" content=\"article\" \/>\n<meta property=\"og:title\" content=\"Tak Friedkin teda nie? - Official Czech &amp; Slovak Everton Supporters&#039; Club\" \/>\n<meta property=\"og:description\" content=\"Evertonians u\u017e dlh\u0161ie, presnej\u0161ie p\u00e1r t\u00fd\u017ed\u0148ov neza\u017eili poriadny \u0161ok. Mo\u017eno ten pocit z pr\u00edvalu adrenal\u00ednu aj ch\u00fdbal. Tak\u017ee druh\u00fd krach predaja klubu v priebehu roka ur\u010dite srdcia fan\u00fa\u0161ikov Karameliek op\u00e4\u0165 rozpumpuje.\" \/>\n<meta property=\"og:url\" content=\"https:\/\/evertonfc.cz\/index.php\/2024\/07\/22\/tak-friedkin-teda-nie\/\" \/>\n<meta property=\"og:site_name\" content=\"Official Czech &amp; Slovak Everton Supporters&#039; Club\" \/>\n<meta property=\"article:publisher\" content=\"https:\/\/www.facebook.com\/everton.fans.cz.sk\" \/>\n<meta property=\"article:published_time\" content=\"2024-07-22T11:15:28+00:00\" \/>\n<meta property=\"article:modified_time\" content=\"2024-07-24T06:42:59+00:00\" \/>\n<meta property=\"og:image\" content=\"https:\/\/evertonfc.cz\/wp-content\/uploads\/2024\/07\/Moshiri-Friedkin-by-GiveMeSport.com-22-7-2024.jpg\" \/>\n\t<meta property=\"og:image:width\" content=\"720\" \/>\n\t<meta property=\"og:image:height\" content=\"405\" \/>\n\t<meta property=\"og:image:type\" content=\"image\/jpeg\" \/>\n<meta name=\"author\" content=\"BlueBlooded\" \/>\n<meta name=\"twitter:card\" content=\"summary_large_image\" \/>\n<meta name=\"twitter:label1\" content=\"Napsal(a)\" \/>\n\t<meta name=\"twitter:data1\" content=\"BlueBlooded\" \/>\n\t<meta name=\"twitter:label2\" content=\"Odhadovan\u00e1 doba \u010dten\u00ed\" \/>\n\t<meta name=\"twitter:data2\" content=\"8 minut\" \/>\n<script type=\"application\/ld+json\" class=\"yoast-schema-graph\">{\"@context\":\"https:\/\/schema.org\",\"@graph\":[{\"@type\":\"Article\",\"@id\":\"https:\/\/evertonfc.cz\/index.php\/2024\/07\/22\/tak-friedkin-teda-nie\/#article\",\"isPartOf\":{\"@id\":\"https:\/\/evertonfc.cz\/index.php\/2024\/07\/22\/tak-friedkin-teda-nie\/\"},\"author\":{\"name\":\"BlueBlooded\",\"@id\":\"https:\/\/evertonfc.cz\/#\/schema\/person\/d4493b8cbea51532597fbc4685698916\"},\"headline\":\"Tak Friedkin teda nie?\",\"datePublished\":\"2024-07-22T11:15:28+00:00\",\"dateModified\":\"2024-07-24T06:42:59+00:00\",\"mainEntityOfPage\":{\"@id\":\"https:\/\/evertonfc.cz\/index.php\/2024\/07\/22\/tak-friedkin-teda-nie\/\"},\"wordCount\":1866,\"commentCount\":1,\"publisher\":{\"@id\":\"https:\/\/evertonfc.cz\/#organization\"},\"image\":{\"@id\":\"https:\/\/evertonfc.cz\/index.php\/2024\/07\/22\/tak-friedkin-teda-nie\/#primaryimage\"},\"thumbnailUrl\":\"https:\/\/evertonfc.cz\/wp-content\/uploads\/2024\/07\/Moshiri-Friedkin-by-GiveMeSport.com-22-7-2024.jpg\",\"articleSection\":[\"Blog\"],\"inLanguage\":\"cs\",\"potentialAction\":[{\"@type\":\"CommentAction\",\"name\":\"Comment\",\"target\":[\"https:\/\/evertonfc.cz\/index.php\/2024\/07\/22\/tak-friedkin-teda-nie\/#respond\"]}]},{\"@type\":\"WebPage\",\"@id\":\"https:\/\/evertonfc.cz\/index.php\/2024\/07\/22\/tak-friedkin-teda-nie\/\",\"url\":\"https:\/\/evertonfc.cz\/index.php\/2024\/07\/22\/tak-friedkin-teda-nie\/\",\"name\":\"Tak Friedkin teda nie? - Official Czech &amp; Slovak Everton Supporters&#039; Club\",\"isPartOf\":{\"@id\":\"https:\/\/evertonfc.cz\/#website\"},\"primaryImageOfPage\":{\"@id\":\"https:\/\/evertonfc.cz\/index.php\/2024\/07\/22\/tak-friedkin-teda-nie\/#primaryimage\"},\"image\":{\"@id\":\"https:\/\/evertonfc.cz\/index.php\/2024\/07\/22\/tak-friedkin-teda-nie\/#primaryimage\"},\"thumbnailUrl\":\"https:\/\/evertonfc.cz\/wp-content\/uploads\/2024\/07\/Moshiri-Friedkin-by-GiveMeSport.com-22-7-2024.jpg\",\"datePublished\":\"2024-07-22T11:15:28+00:00\",\"dateModified\":\"2024-07-24T06:42:59+00:00\",\"breadcrumb\":{\"@id\":\"https:\/\/evertonfc.cz\/index.php\/2024\/07\/22\/tak-friedkin-teda-nie\/#breadcrumb\"},\"inLanguage\":\"cs\",\"potentialAction\":[{\"@type\":\"ReadAction\",\"target\":[\"https:\/\/evertonfc.cz\/index.php\/2024\/07\/22\/tak-friedkin-teda-nie\/\"]}]},{\"@type\":\"ImageObject\",\"inLanguage\":\"cs\",\"@id\":\"https:\/\/evertonfc.cz\/index.php\/2024\/07\/22\/tak-friedkin-teda-nie\/#primaryimage\",\"url\":\"https:\/\/evertonfc.cz\/wp-content\/uploads\/2024\/07\/Moshiri-Friedkin-by-GiveMeSport.com-22-7-2024.jpg\",\"contentUrl\":\"https:\/\/evertonfc.cz\/wp-content\/uploads\/2024\/07\/Moshiri-Friedkin-by-GiveMeSport.com-22-7-2024.jpg\",\"width\":720,\"height\":405},{\"@type\":\"BreadcrumbList\",\"@id\":\"https:\/\/evertonfc.cz\/index.php\/2024\/07\/22\/tak-friedkin-teda-nie\/#breadcrumb\",\"itemListElement\":[{\"@type\":\"ListItem\",\"position\":1,\"name\":\"Home\",\"item\":\"https:\/\/evertonfc.cz\/\"},{\"@type\":\"ListItem\",\"position\":2,\"name\":\"Tak Friedkin teda nie?\"}]},{\"@type\":\"WebSite\",\"@id\":\"https:\/\/evertonfc.cz\/#website\",\"url\":\"https:\/\/evertonfc.cz\/\",\"name\":\"Official Czech &amp; Slovak Everton Supporters&#039; Club\",\"description\":\"\",\"publisher\":{\"@id\":\"https:\/\/evertonfc.cz\/#organization\"},\"potentialAction\":[{\"@type\":\"SearchAction\",\"target\":{\"@type\":\"EntryPoint\",\"urlTemplate\":\"https:\/\/evertonfc.cz\/?s={search_term_string}\"},\"query-input\":{\"@type\":\"PropertyValueSpecification\",\"valueRequired\":true,\"valueName\":\"search_term_string\"}}],\"inLanguage\":\"cs\"},{\"@type\":\"Organization\",\"@id\":\"https:\/\/evertonfc.cz\/#organization\",\"name\":\"Official Czech & Slovak Everton Supporters' Club\",\"url\":\"https:\/\/evertonfc.cz\/\",\"logo\":{\"@type\":\"ImageObject\",\"inLanguage\":\"cs\",\"@id\":\"https:\/\/evertonfc.cz\/#\/schema\/logo\/image\/\",\"url\":\"https:\/\/evertonfc.cz\/wp-content\/uploads\/2019\/05\/logo.png\",\"contentUrl\":\"https:\/\/evertonfc.cz\/wp-content\/uploads\/2019\/05\/logo.png\",\"width\":112,\"height\":112,\"caption\":\"Official Czech & Slovak Everton Supporters' Club\"},\"image\":{\"@id\":\"https:\/\/evertonfc.cz\/#\/schema\/logo\/image\/\"},\"sameAs\":[\"https:\/\/www.facebook.com\/everton.fans.cz.sk\"]},{\"@type\":\"Person\",\"@id\":\"https:\/\/evertonfc.cz\/#\/schema\/person\/d4493b8cbea51532597fbc4685698916\",\"name\":\"BlueBlooded\",\"url\":\"https:\/\/evertonfc.cz\/index.php\/author\/admin\/\"}]}<\/script>\n<!-- \/ Yoast SEO plugin. -->","yoast_head_json":{"title":"Tak Friedkin teda nie? - Official Czech &amp; Slovak Everton Supporters&#039; Club","robots":{"index":"index","follow":"follow","max-snippet":"max-snippet:-1","max-image-preview":"max-image-preview:large","max-video-preview":"max-video-preview:-1"},"canonical":"https:\/\/evertonfc.cz\/index.php\/2024\/07\/22\/tak-friedkin-teda-nie\/","og_locale":"cs_CZ","og_type":"article","og_title":"Tak Friedkin teda nie? - Official Czech &amp; Slovak Everton Supporters&#039; Club","og_description":"Evertonians u\u017e dlh\u0161ie, presnej\u0161ie p\u00e1r t\u00fd\u017ed\u0148ov neza\u017eili poriadny \u0161ok. Mo\u017eno ten pocit z pr\u00edvalu adrenal\u00ednu aj ch\u00fdbal. Tak\u017ee druh\u00fd krach predaja klubu v priebehu roka ur\u010dite srdcia fan\u00fa\u0161ikov Karameliek op\u00e4\u0165 rozpumpuje.","og_url":"https:\/\/evertonfc.cz\/index.php\/2024\/07\/22\/tak-friedkin-teda-nie\/","og_site_name":"Official Czech &amp; Slovak Everton Supporters&#039; Club","article_publisher":"https:\/\/www.facebook.com\/everton.fans.cz.sk","article_published_time":"2024-07-22T11:15:28+00:00","article_modified_time":"2024-07-24T06:42:59+00:00","og_image":[{"width":720,"height":405,"url":"https:\/\/evertonfc.cz\/wp-content\/uploads\/2024\/07\/Moshiri-Friedkin-by-GiveMeSport.com-22-7-2024.jpg","type":"image\/jpeg"}],"author":"BlueBlooded","twitter_card":"summary_large_image","twitter_misc":{"Napsal(a)":"BlueBlooded","Odhadovan\u00e1 doba \u010dten\u00ed":"8 minut"},"schema":{"@context":"https:\/\/schema.org","@graph":[{"@type":"Article","@id":"https:\/\/evertonfc.cz\/index.php\/2024\/07\/22\/tak-friedkin-teda-nie\/#article","isPartOf":{"@id":"https:\/\/evertonfc.cz\/index.php\/2024\/07\/22\/tak-friedkin-teda-nie\/"},"author":{"name":"BlueBlooded","@id":"https:\/\/evertonfc.cz\/#\/schema\/person\/d4493b8cbea51532597fbc4685698916"},"headline":"Tak Friedkin teda nie?","datePublished":"2024-07-22T11:15:28+00:00","dateModified":"2024-07-24T06:42:59+00:00","mainEntityOfPage":{"@id":"https:\/\/evertonfc.cz\/index.php\/2024\/07\/22\/tak-friedkin-teda-nie\/"},"wordCount":1866,"commentCount":1,"publisher":{"@id":"https:\/\/evertonfc.cz\/#organization"},"image":{"@id":"https:\/\/evertonfc.cz\/index.php\/2024\/07\/22\/tak-friedkin-teda-nie\/#primaryimage"},"thumbnailUrl":"https:\/\/evertonfc.cz\/wp-content\/uploads\/2024\/07\/Moshiri-Friedkin-by-GiveMeSport.com-22-7-2024.jpg","articleSection":["Blog"],"inLanguage":"cs","potentialAction":[{"@type":"CommentAction","name":"Comment","target":["https:\/\/evertonfc.cz\/index.php\/2024\/07\/22\/tak-friedkin-teda-nie\/#respond"]}]},{"@type":"WebPage","@id":"https:\/\/evertonfc.cz\/index.php\/2024\/07\/22\/tak-friedkin-teda-nie\/","url":"https:\/\/evertonfc.cz\/index.php\/2024\/07\/22\/tak-friedkin-teda-nie\/","name":"Tak Friedkin teda nie? - Official Czech &amp; Slovak Everton Supporters&#039; Club","isPartOf":{"@id":"https:\/\/evertonfc.cz\/#website"},"primaryImageOfPage":{"@id":"https:\/\/evertonfc.cz\/index.php\/2024\/07\/22\/tak-friedkin-teda-nie\/#primaryimage"},"image":{"@id":"https:\/\/evertonfc.cz\/index.php\/2024\/07\/22\/tak-friedkin-teda-nie\/#primaryimage"},"thumbnailUrl":"https:\/\/evertonfc.cz\/wp-content\/uploads\/2024\/07\/Moshiri-Friedkin-by-GiveMeSport.com-22-7-2024.jpg","datePublished":"2024-07-22T11:15:28+00:00","dateModified":"2024-07-24T06:42:59+00:00","breadcrumb":{"@id":"https:\/\/evertonfc.cz\/index.php\/2024\/07\/22\/tak-friedkin-teda-nie\/#breadcrumb"},"inLanguage":"cs","potentialAction":[{"@type":"ReadAction","target":["https:\/\/evertonfc.cz\/index.php\/2024\/07\/22\/tak-friedkin-teda-nie\/"]}]},{"@type":"ImageObject","inLanguage":"cs","@id":"https:\/\/evertonfc.cz\/index.php\/2024\/07\/22\/tak-friedkin-teda-nie\/#primaryimage","url":"https:\/\/evertonfc.cz\/wp-content\/uploads\/2024\/07\/Moshiri-Friedkin-by-GiveMeSport.com-22-7-2024.jpg","contentUrl":"https:\/\/evertonfc.cz\/wp-content\/uploads\/2024\/07\/Moshiri-Friedkin-by-GiveMeSport.com-22-7-2024.jpg","width":720,"height":405},{"@type":"BreadcrumbList","@id":"https:\/\/evertonfc.cz\/index.php\/2024\/07\/22\/tak-friedkin-teda-nie\/#breadcrumb","itemListElement":[{"@type":"ListItem","position":1,"name":"Home","item":"https:\/\/evertonfc.cz\/"},{"@type":"ListItem","position":2,"name":"Tak Friedkin teda nie?"}]},{"@type":"WebSite","@id":"https:\/\/evertonfc.cz\/#website","url":"https:\/\/evertonfc.cz\/","name":"Official Czech &amp; Slovak Everton Supporters&#039; Club","description":"","publisher":{"@id":"https:\/\/evertonfc.cz\/#organization"},"potentialAction":[{"@type":"SearchAction","target":{"@type":"EntryPoint","urlTemplate":"https:\/\/evertonfc.cz\/?s={search_term_string}"},"query-input":{"@type":"PropertyValueSpecification","valueRequired":true,"valueName":"search_term_string"}}],"inLanguage":"cs"},{"@type":"Organization","@id":"https:\/\/evertonfc.cz\/#organization","name":"Official Czech & Slovak Everton Supporters' Club","url":"https:\/\/evertonfc.cz\/","logo":{"@type":"ImageObject","inLanguage":"cs","@id":"https:\/\/evertonfc.cz\/#\/schema\/logo\/image\/","url":"https:\/\/evertonfc.cz\/wp-content\/uploads\/2019\/05\/logo.png","contentUrl":"https:\/\/evertonfc.cz\/wp-content\/uploads\/2019\/05\/logo.png","width":112,"height":112,"caption":"Official Czech & Slovak Everton Supporters' Club"},"image":{"@id":"https:\/\/evertonfc.cz\/#\/schema\/logo\/image\/"},"sameAs":["https:\/\/www.facebook.com\/everton.fans.cz.sk"]},{"@type":"Person","@id":"https:\/\/evertonfc.cz\/#\/schema\/person\/d4493b8cbea51532597fbc4685698916","name":"BlueBlooded","url":"https:\/\/evertonfc.cz\/index.php\/author\/admin\/"}]}},"_links":{"self":[{"href":"https:\/\/evertonfc.cz\/index.php\/wp-json\/wp\/v2\/posts\/24754"}],"collection":[{"href":"https:\/\/evertonfc.cz\/index.php\/wp-json\/wp\/v2\/posts"}],"about":[{"href":"https:\/\/evertonfc.cz\/index.php\/wp-json\/wp\/v2\/types\/post"}],"author":[{"embeddable":true,"href":"https:\/\/evertonfc.cz\/index.php\/wp-json\/wp\/v2\/users\/1"}],"replies":[{"embeddable":true,"href":"https:\/\/evertonfc.cz\/index.php\/wp-json\/wp\/v2\/comments?post=24754"}],"version-history":[{"count":15,"href":"https:\/\/evertonfc.cz\/index.php\/wp-json\/wp\/v2\/posts\/24754\/revisions"}],"predecessor-version":[{"id":24788,"href":"https:\/\/evertonfc.cz\/index.php\/wp-json\/wp\/v2\/posts\/24754\/revisions\/24788"}],"wp:featuredmedia":[{"embeddable":true,"href":"https:\/\/evertonfc.cz\/index.php\/wp-json\/wp\/v2\/media\/24755"}],"wp:attachment":[{"href":"https:\/\/evertonfc.cz\/index.php\/wp-json\/wp\/v2\/media?parent=24754"}],"wp:term":[{"taxonomy":"category","embeddable":true,"href":"https:\/\/evertonfc.cz\/index.php\/wp-json\/wp\/v2\/categories?post=24754"},{"taxonomy":"post_tag","embeddable":true,"href":"https:\/\/evertonfc.cz\/index.php\/wp-json\/wp\/v2\/tags?post=24754"}],"curies":[{"name":"wp","href":"https:\/\/api.w.org\/{rel}","templated":true}]}}