{"id":24821,"date":"2024-07-28T10:57:50","date_gmt":"2024-07-28T08:57:50","guid":{"rendered":"https:\/\/evertonfc.cz\/?p=24821"},"modified":"2024-07-29T12:30:22","modified_gmt":"2024-07-29T10:30:22","slug":"prichazi-melissa-lawley","status":"publish","type":"post","link":"https:\/\/evertonfc.cz\/index.php\/2024\/07\/28\/prichazi-melissa-lawley\/","title":{"rendered":"P\u0159ich\u00e1z\u00ed Melissa Lawley"},"content":{"rendered":"<h4>Na Walton Hall Park p\u0159ich\u00e1z\u00ed dal\u0161\u00ed posila. Tentokr\u00e1t od na\u0161\u00ed m\u011bstsk\u00e9 konkurence. Je to k\u0159\u00eddelnice Melissa Lawley.<\/h4>\n<p>Melissa Lawley je zku\u0161en\u00e1 t\u0159icetilet\u00e1 z\u00e1lo\u017enice a k\u0159\u00eddeln\u00ed hr\u00e1\u010dka, kter\u00e1 ve sv\u00e9 bohat\u00e9 kari\u00e9\u0159e sjezdila ne snad p\u016flku sv\u011bta, ale velkou \u010d\u00e1st anglick\u00fdch prvoligov\u00fdch tr\u00e1vn\u00edk\u016f ano. Roda\u010dka z Kidderminsteru (West Midlands) za\u010dala dr\u00e1hu fotbalistky v akademii Bristolu a ml\u00e1de\u017enick\u00fdch t\u00fdmech Villy a Arsenalu. V dresu Arsenalu\u00a0 nastoupila i ke sv\u00e9mu prvn\u00edmu seniorsk\u00e9mu z\u00e1pasu. Stalo se tak v z\u00e1\u0159\u00ed 2011 a rovnou v Lize mistr\u016f, kde si zahr\u00e1la proti b\u011blorusk\u00fdm mistryn\u00edm z FK Bobru\u0161anka (6-0 pro Gunners). Po roce v Arsenalu n\u00e1sledoval rok v Bristolu a pak po t\u0159ech letech Birmingham, Manchetster City a Liverpool. Posledn\u00ed rok v LFC se bohu\u017eel pro zran\u011bn\u00ed nevyv\u00edjel p\u0159\u00edli\u0161 podle jej\u00edch p\u0159edstav. A tak kdy\u017e\u00a0 po vypr\u0161en\u00ed smlouvy p\u0159i\u0161la nab\u00eddka od Evertonu (kter\u00e1 se jak zn\u00e1mo neodm\u00edt\u00e1, pokud m\u00e1 \u010dlov\u011bk v\u0161ech p\u011bt pohromad\u011b), p\u0159ijala j\u00ed s povd\u011bkem. Nav\u00edc se Melissa ozna\u010duje za dlouhodobou p\u0159\u00edznivkyni Evertonu a &#8222;jeho \u00fato\u010dn\u00e9 hry&#8220; (sledujeme Melisso stejn\u00fd t\u00fdm?), tak\u017ee nyn\u00ed jej\u00ed touha st\u00e1t se sou\u010d\u00e1st\u00ed modr\u00e9 strany Merseyside dojde napln\u011bn\u00ed. Pro m\u00e9 oko laick\u00e9ho redaktora byly jej\u00ed v\u00fdkony na h\u0159i\u0161ti pr\u016fm\u011brn\u00e9. Nicm\u00e9n\u011b kdo jsem j\u00e1, abych zpochyb\u0148oval n\u00e1zor na\u0161eho mana\u017eera, kter\u00fd Lawley ozna\u010dil za kl\u00ed\u010dov\u00fd p\u0159estup a za hr\u00e1\u010dku, kter\u00e1 v\u00fdte\u010dn\u011b zapadne do syst\u00e9mu na\u0161\u00ed hry. A na to se t\u011b\u0161\u00edme. <strong><span style=\"color: #0000ff;\">COYB!\u00a0<\/span><\/strong><\/p>\n<p style=\"text-align: right;\"><em><span style=\"font-size: 10pt;\">Zdroj fotografie: Everton FC<\/span><\/em><\/p>\n","protected":false},"excerpt":{"rendered":"<p>Na Walton Hall Park p\u0159ich\u00e1z\u00ed dal\u0161\u00ed posila. Tentokr\u00e1t od na\u0161\u00ed m\u011bstsk\u00e9 konkurence. Je to k\u0159\u00eddelnice Melissa Lawley.\u00a0<\/p>\n","protected":false},"author":26,"featured_media":24822,"comment_status":"open","ping_status":"closed","sticky":false,"template":"","format":"standard","meta":{"_eb_attr":"","_monsterinsights_skip_tracking":false,"_monsterinsights_sitenote_active":false,"_monsterinsights_sitenote_note":"","_monsterinsights_sitenote_category":0,"footnotes":""},"categories":[110],"tags":[],"yoast_head":"<!-- This site is optimized with the Yoast SEO plugin v23.4 - https:\/\/yoast.com\/wordpress\/plugins\/seo\/ -->\n<title>P\u0159ich\u00e1z\u00ed Melissa Lawley - Official Czech &amp; Slovak Everton Supporters&#039; Club<\/title>\n<meta name=\"robots\" content=\"index, follow, max-snippet:-1, max-image-preview:large, max-video-preview:-1\" \/>\n<link rel=\"canonical\" href=\"https:\/\/evertonfc.cz\/index.php\/2024\/07\/28\/prichazi-melissa-lawley\/\" \/>\n<meta property=\"og:locale\" content=\"cs_CZ\" \/>\n<meta property=\"og:type\" content=\"article\" \/>\n<meta property=\"og:title\" content=\"P\u0159ich\u00e1z\u00ed Melissa Lawley - Official Czech &amp; Slovak Everton Supporters&#039; Club\" \/>\n<meta property=\"og:description\" content=\"Na Walton Hall Park p\u0159ich\u00e1z\u00ed dal\u0161\u00ed posila. Tentokr\u00e1t od na\u0161\u00ed m\u011bstsk\u00e9 konkurence. Je to k\u0159\u00eddelnice Melissa Lawley.\u00a0\" \/>\n<meta property=\"og:url\" content=\"https:\/\/evertonfc.cz\/index.php\/2024\/07\/28\/prichazi-melissa-lawley\/\" \/>\n<meta property=\"og:site_name\" content=\"Official Czech &amp; Slovak Everton Supporters&#039; Club\" \/>\n<meta property=\"article:publisher\" content=\"https:\/\/www.facebook.com\/everton.fans.cz.sk\" \/>\n<meta property=\"article:published_time\" content=\"2024-07-28T08:57:50+00:00\" \/>\n<meta property=\"article:modified_time\" content=\"2024-07-29T10:30:22+00:00\" \/>\n<meta property=\"og:image\" content=\"https:\/\/evertonfc.cz\/wp-content\/uploads\/2024\/07\/Melissa-Lawley_28_7_2024_web.jpg\" \/>\n\t<meta property=\"og:image:width\" content=\"720\" \/>\n\t<meta property=\"og:image:height\" content=\"405\" \/>\n\t<meta property=\"og:image:type\" content=\"image\/jpeg\" \/>\n<meta name=\"author\" content=\"Karamela\" \/>\n<meta name=\"twitter:card\" content=\"summary_large_image\" \/>\n<meta name=\"twitter:label1\" content=\"Napsal(a)\" \/>\n\t<meta name=\"twitter:data1\" content=\"Karamela\" \/>\n\t<meta name=\"twitter:label2\" content=\"Odhadovan\u00e1 doba \u010dten\u00ed\" \/>\n\t<meta name=\"twitter:data2\" content=\"2 minuty\" \/>\n<script type=\"application\/ld+json\" class=\"yoast-schema-graph\">{\"@context\":\"https:\/\/schema.org\",\"@graph\":[{\"@type\":\"Article\",\"@id\":\"https:\/\/evertonfc.cz\/index.php\/2024\/07\/28\/prichazi-melissa-lawley\/#article\",\"isPartOf\":{\"@id\":\"https:\/\/evertonfc.cz\/index.php\/2024\/07\/28\/prichazi-melissa-lawley\/\"},\"author\":{\"name\":\"Karamela\",\"@id\":\"https:\/\/evertonfc.cz\/#\/schema\/person\/e9a24a80a32efa1344dd2c4e5882185c\"},\"headline\":\"P\u0159ich\u00e1z\u00ed Melissa Lawley\",\"datePublished\":\"2024-07-28T08:57:50+00:00\",\"dateModified\":\"2024-07-29T10:30:22+00:00\",\"mainEntityOfPage\":{\"@id\":\"https:\/\/evertonfc.cz\/index.php\/2024\/07\/28\/prichazi-melissa-lawley\/\"},\"wordCount\":308,\"commentCount\":0,\"publisher\":{\"@id\":\"https:\/\/evertonfc.cz\/#organization\"},\"image\":{\"@id\":\"https:\/\/evertonfc.cz\/index.php\/2024\/07\/28\/prichazi-melissa-lawley\/#primaryimage\"},\"thumbnailUrl\":\"https:\/\/evertonfc.cz\/wp-content\/uploads\/2024\/07\/Melissa-Lawley_28_7_2024_web.jpg\",\"articleSection\":[\"Everton Women\"],\"inLanguage\":\"cs\",\"potentialAction\":[{\"@type\":\"CommentAction\",\"name\":\"Comment\",\"target\":[\"https:\/\/evertonfc.cz\/index.php\/2024\/07\/28\/prichazi-melissa-lawley\/#respond\"]}]},{\"@type\":\"WebPage\",\"@id\":\"https:\/\/evertonfc.cz\/index.php\/2024\/07\/28\/prichazi-melissa-lawley\/\",\"url\":\"https:\/\/evertonfc.cz\/index.php\/2024\/07\/28\/prichazi-melissa-lawley\/\",\"name\":\"P\u0159ich\u00e1z\u00ed Melissa Lawley - Official Czech &amp; Slovak Everton Supporters&#039; Club\",\"isPartOf\":{\"@id\":\"https:\/\/evertonfc.cz\/#website\"},\"primaryImageOfPage\":{\"@id\":\"https:\/\/evertonfc.cz\/index.php\/2024\/07\/28\/prichazi-melissa-lawley\/#primaryimage\"},\"image\":{\"@id\":\"https:\/\/evertonfc.cz\/index.php\/2024\/07\/28\/prichazi-melissa-lawley\/#primaryimage\"},\"thumbnailUrl\":\"https:\/\/evertonfc.cz\/wp-content\/uploads\/2024\/07\/Melissa-Lawley_28_7_2024_web.jpg\",\"datePublished\":\"2024-07-28T08:57:50+00:00\",\"dateModified\":\"2024-07-29T10:30:22+00:00\",\"breadcrumb\":{\"@id\":\"https:\/\/evertonfc.cz\/index.php\/2024\/07\/28\/prichazi-melissa-lawley\/#breadcrumb\"},\"inLanguage\":\"cs\",\"potentialAction\":[{\"@type\":\"ReadAction\",\"target\":[\"https:\/\/evertonfc.cz\/index.php\/2024\/07\/28\/prichazi-melissa-lawley\/\"]}]},{\"@type\":\"ImageObject\",\"inLanguage\":\"cs\",\"@id\":\"https:\/\/evertonfc.cz\/index.php\/2024\/07\/28\/prichazi-melissa-lawley\/#primaryimage\",\"url\":\"https:\/\/evertonfc.cz\/wp-content\/uploads\/2024\/07\/Melissa-Lawley_28_7_2024_web.jpg\",\"contentUrl\":\"https:\/\/evertonfc.cz\/wp-content\/uploads\/2024\/07\/Melissa-Lawley_28_7_2024_web.jpg\",\"width\":720,\"height\":405},{\"@type\":\"BreadcrumbList\",\"@id\":\"https:\/\/evertonfc.cz\/index.php\/2024\/07\/28\/prichazi-melissa-lawley\/#breadcrumb\",\"itemListElement\":[{\"@type\":\"ListItem\",\"position\":1,\"name\":\"Home\",\"item\":\"https:\/\/evertonfc.cz\/\"},{\"@type\":\"ListItem\",\"position\":2,\"name\":\"P\u0159ich\u00e1z\u00ed Melissa Lawley\"}]},{\"@type\":\"WebSite\",\"@id\":\"https:\/\/evertonfc.cz\/#website\",\"url\":\"https:\/\/evertonfc.cz\/\",\"name\":\"Official Czech &amp; Slovak Everton Supporters&#039; Club\",\"description\":\"\",\"publisher\":{\"@id\":\"https:\/\/evertonfc.cz\/#organization\"},\"potentialAction\":[{\"@type\":\"SearchAction\",\"target\":{\"@type\":\"EntryPoint\",\"urlTemplate\":\"https:\/\/evertonfc.cz\/?s={search_term_string}\"},\"query-input\":{\"@type\":\"PropertyValueSpecification\",\"valueRequired\":true,\"valueName\":\"search_term_string\"}}],\"inLanguage\":\"cs\"},{\"@type\":\"Organization\",\"@id\":\"https:\/\/evertonfc.cz\/#organization\",\"name\":\"Official Czech & Slovak Everton Supporters' Club\",\"url\":\"https:\/\/evertonfc.cz\/\",\"logo\":{\"@type\":\"ImageObject\",\"inLanguage\":\"cs\",\"@id\":\"https:\/\/evertonfc.cz\/#\/schema\/logo\/image\/\",\"url\":\"https:\/\/evertonfc.cz\/wp-content\/uploads\/2019\/05\/logo.png\",\"contentUrl\":\"https:\/\/evertonfc.cz\/wp-content\/uploads\/2019\/05\/logo.png\",\"width\":112,\"height\":112,\"caption\":\"Official Czech & Slovak Everton Supporters' Club\"},\"image\":{\"@id\":\"https:\/\/evertonfc.cz\/#\/schema\/logo\/image\/\"},\"sameAs\":[\"https:\/\/www.facebook.com\/everton.fans.cz.sk\"]},{\"@type\":\"Person\",\"@id\":\"https:\/\/evertonfc.cz\/#\/schema\/person\/e9a24a80a32efa1344dd2c4e5882185c\",\"name\":\"Karamela\",\"url\":\"https:\/\/evertonfc.cz\/index.php\/author\/karamela\/\"}]}<\/script>\n<!-- \/ Yoast SEO plugin. -->","yoast_head_json":{"title":"P\u0159ich\u00e1z\u00ed Melissa Lawley - Official Czech &amp; Slovak Everton Supporters&#039; Club","robots":{"index":"index","follow":"follow","max-snippet":"max-snippet:-1","max-image-preview":"max-image-preview:large","max-video-preview":"max-video-preview:-1"},"canonical":"https:\/\/evertonfc.cz\/index.php\/2024\/07\/28\/prichazi-melissa-lawley\/","og_locale":"cs_CZ","og_type":"article","og_title":"P\u0159ich\u00e1z\u00ed Melissa Lawley - Official Czech &amp; Slovak Everton Supporters&#039; Club","og_description":"Na Walton Hall Park p\u0159ich\u00e1z\u00ed dal\u0161\u00ed posila. Tentokr\u00e1t od na\u0161\u00ed m\u011bstsk\u00e9 konkurence. Je to k\u0159\u00eddelnice Melissa Lawley.\u00a0","og_url":"https:\/\/evertonfc.cz\/index.php\/2024\/07\/28\/prichazi-melissa-lawley\/","og_site_name":"Official Czech &amp; Slovak Everton Supporters&#039; Club","article_publisher":"https:\/\/www.facebook.com\/everton.fans.cz.sk","article_published_time":"2024-07-28T08:57:50+00:00","article_modified_time":"2024-07-29T10:30:22+00:00","og_image":[{"width":720,"height":405,"url":"https:\/\/evertonfc.cz\/wp-content\/uploads\/2024\/07\/Melissa-Lawley_28_7_2024_web.jpg","type":"image\/jpeg"}],"author":"Karamela","twitter_card":"summary_large_image","twitter_misc":{"Napsal(a)":"Karamela","Odhadovan\u00e1 doba \u010dten\u00ed":"2 minuty"},"schema":{"@context":"https:\/\/schema.org","@graph":[{"@type":"Article","@id":"https:\/\/evertonfc.cz\/index.php\/2024\/07\/28\/prichazi-melissa-lawley\/#article","isPartOf":{"@id":"https:\/\/evertonfc.cz\/index.php\/2024\/07\/28\/prichazi-melissa-lawley\/"},"author":{"name":"Karamela","@id":"https:\/\/evertonfc.cz\/#\/schema\/person\/e9a24a80a32efa1344dd2c4e5882185c"},"headline":"P\u0159ich\u00e1z\u00ed Melissa Lawley","datePublished":"2024-07-28T08:57:50+00:00","dateModified":"2024-07-29T10:30:22+00:00","mainEntityOfPage":{"@id":"https:\/\/evertonfc.cz\/index.php\/2024\/07\/28\/prichazi-melissa-lawley\/"},"wordCount":308,"commentCount":0,"publisher":{"@id":"https:\/\/evertonfc.cz\/#organization"},"image":{"@id":"https:\/\/evertonfc.cz\/index.php\/2024\/07\/28\/prichazi-melissa-lawley\/#primaryimage"},"thumbnailUrl":"https:\/\/evertonfc.cz\/wp-content\/uploads\/2024\/07\/Melissa-Lawley_28_7_2024_web.jpg","articleSection":["Everton Women"],"inLanguage":"cs","potentialAction":[{"@type":"CommentAction","name":"Comment","target":["https:\/\/evertonfc.cz\/index.php\/2024\/07\/28\/prichazi-melissa-lawley\/#respond"]}]},{"@type":"WebPage","@id":"https:\/\/evertonfc.cz\/index.php\/2024\/07\/28\/prichazi-melissa-lawley\/","url":"https:\/\/evertonfc.cz\/index.php\/2024\/07\/28\/prichazi-melissa-lawley\/","name":"P\u0159ich\u00e1z\u00ed Melissa Lawley - Official Czech &amp; Slovak Everton Supporters&#039; Club","isPartOf":{"@id":"https:\/\/evertonfc.cz\/#website"},"primaryImageOfPage":{"@id":"https:\/\/evertonfc.cz\/index.php\/2024\/07\/28\/prichazi-melissa-lawley\/#primaryimage"},"image":{"@id":"https:\/\/evertonfc.cz\/index.php\/2024\/07\/28\/prichazi-melissa-lawley\/#primaryimage"},"thumbnailUrl":"https:\/\/evertonfc.cz\/wp-content\/uploads\/2024\/07\/Melissa-Lawley_28_7_2024_web.jpg","datePublished":"2024-07-28T08:57:50+00:00","dateModified":"2024-07-29T10:30:22+00:00","breadcrumb":{"@id":"https:\/\/evertonfc.cz\/index.php\/2024\/07\/28\/prichazi-melissa-lawley\/#breadcrumb"},"inLanguage":"cs","potentialAction":[{"@type":"ReadAction","target":["https:\/\/evertonfc.cz\/index.php\/2024\/07\/28\/prichazi-melissa-lawley\/"]}]},{"@type":"ImageObject","inLanguage":"cs","@id":"https:\/\/evertonfc.cz\/index.php\/2024\/07\/28\/prichazi-melissa-lawley\/#primaryimage","url":"https:\/\/evertonfc.cz\/wp-content\/uploads\/2024\/07\/Melissa-Lawley_28_7_2024_web.jpg","contentUrl":"https:\/\/evertonfc.cz\/wp-content\/uploads\/2024\/07\/Melissa-Lawley_28_7_2024_web.jpg","width":720,"height":405},{"@type":"BreadcrumbList","@id":"https:\/\/evertonfc.cz\/index.php\/2024\/07\/28\/prichazi-melissa-lawley\/#breadcrumb","itemListElement":[{"@type":"ListItem","position":1,"name":"Home","item":"https:\/\/evertonfc.cz\/"},{"@type":"ListItem","position":2,"name":"P\u0159ich\u00e1z\u00ed Melissa Lawley"}]},{"@type":"WebSite","@id":"https:\/\/evertonfc.cz\/#website","url":"https:\/\/evertonfc.cz\/","name":"Official Czech &amp; Slovak Everton Supporters&#039; Club","description":"","publisher":{"@id":"https:\/\/evertonfc.cz\/#organization"},"potentialAction":[{"@type":"SearchAction","target":{"@type":"EntryPoint","urlTemplate":"https:\/\/evertonfc.cz\/?s={search_term_string}"},"query-input":{"@type":"PropertyValueSpecification","valueRequired":true,"valueName":"search_term_string"}}],"inLanguage":"cs"},{"@type":"Organization","@id":"https:\/\/evertonfc.cz\/#organization","name":"Official Czech & Slovak Everton Supporters' Club","url":"https:\/\/evertonfc.cz\/","logo":{"@type":"ImageObject","inLanguage":"cs","@id":"https:\/\/evertonfc.cz\/#\/schema\/logo\/image\/","url":"https:\/\/evertonfc.cz\/wp-content\/uploads\/2019\/05\/logo.png","contentUrl":"https:\/\/evertonfc.cz\/wp-content\/uploads\/2019\/05\/logo.png","width":112,"height":112,"caption":"Official Czech & Slovak Everton Supporters' Club"},"image":{"@id":"https:\/\/evertonfc.cz\/#\/schema\/logo\/image\/"},"sameAs":["https:\/\/www.facebook.com\/everton.fans.cz.sk"]},{"@type":"Person","@id":"https:\/\/evertonfc.cz\/#\/schema\/person\/e9a24a80a32efa1344dd2c4e5882185c","name":"Karamela","url":"https:\/\/evertonfc.cz\/index.php\/author\/karamela\/"}]}},"_links":{"self":[{"href":"https:\/\/evertonfc.cz\/index.php\/wp-json\/wp\/v2\/posts\/24821"}],"collection":[{"href":"https:\/\/evertonfc.cz\/index.php\/wp-json\/wp\/v2\/posts"}],"about":[{"href":"https:\/\/evertonfc.cz\/index.php\/wp-json\/wp\/v2\/types\/post"}],"author":[{"embeddable":true,"href":"https:\/\/evertonfc.cz\/index.php\/wp-json\/wp\/v2\/users\/26"}],"replies":[{"embeddable":true,"href":"https:\/\/evertonfc.cz\/index.php\/wp-json\/wp\/v2\/comments?post=24821"}],"version-history":[{"count":1,"href":"https:\/\/evertonfc.cz\/index.php\/wp-json\/wp\/v2\/posts\/24821\/revisions"}],"predecessor-version":[{"id":24823,"href":"https:\/\/evertonfc.cz\/index.php\/wp-json\/wp\/v2\/posts\/24821\/revisions\/24823"}],"wp:featuredmedia":[{"embeddable":true,"href":"https:\/\/evertonfc.cz\/index.php\/wp-json\/wp\/v2\/media\/24822"}],"wp:attachment":[{"href":"https:\/\/evertonfc.cz\/index.php\/wp-json\/wp\/v2\/media?parent=24821"}],"wp:term":[{"taxonomy":"category","embeddable":true,"href":"https:\/\/evertonfc.cz\/index.php\/wp-json\/wp\/v2\/categories?post=24821"},{"taxonomy":"post_tag","embeddable":true,"href":"https:\/\/evertonfc.cz\/index.php\/wp-json\/wp\/v2\/tags?post=24821"}],"curies":[{"name":"wp","href":"https:\/\/api.w.org\/{rel}","templated":true}]}}