{"id":24827,"date":"2024-07-29T17:25:54","date_gmt":"2024-07-29T15:25:54","guid":{"rendered":"https:\/\/evertonfc.cz\/?p=24827"},"modified":"2024-07-30T10:04:47","modified_gmt":"2024-07-30T08:04:47","slug":"priprava-salford-city-everton-21","status":"publish","type":"post","link":"https:\/\/evertonfc.cz\/index.php\/2024\/07\/29\/priprava-salford-city-everton-21\/","title":{"rendered":"Pr\u00edprava: Salford City &#8211; Everton 2:1"},"content":{"rendered":"<h4>Nudn\u00fd tr\u00e9ning proti \u0161tvrtoligistovi uk\u00e1zal, \u017ee e\u0161te aj pred za\u010diatkom sez\u00f3ny m\u00f4\u017eeme ma\u0165 person\u00e1lne probl\u00e9my s\u00a0po\u010detn\u00fdmi zraneniami. O\u2019Brien, pohni si!<\/h4>\n<p>Ost\u00e1vaj\u00fa u\u017e len tri t\u00fd\u017edne do za\u010diatku riadnych majstrovsk\u00fdch z\u00e1pasov, a\u00a0Karamelky e\u0161te neok\u00fasili chu\u0165 v\u00ed\u0165azstva. Nie, nie je to smerodajn\u00e9. Rovnako ako ni\u010d, \u010do sa d\u00e1 odpozera\u0165 z\u00a0pr\u00edstupu mana\u017e\u00e9ra k\u00a0priate\u013esk\u00fdm stretnutiam. To \u010do si treba v\u0161\u00edma\u0165, je pripravenos\u0165 jednotliv\u00fdch hr\u00e1\u010dov, ich pr\u00edstup a\u00a0kond\u00edcia.<\/p>\n<p>Preto je fajn, \u017ee u\u017e zajtra hr\u00e1me s Coventry z Championship. Po Salforde toti\u017e toho na hodnotenie nie je ve\u013ea. Tarkowski (sedac\u00ed sval), Gueye (l\u00fdtko), Ndiaye (chrb\u00e1t), Mykolenko (\u010dlenok), Patterson (hamstring), Branthwaite \u2013 t\u00ed v\u0161etci boli vyraden\u00ed z hry pre zranenia, ktor\u00e9 si odniesli e\u0161te z konca sez\u00f3ny, Eura, alebo nadobudli po\u010das pr\u00edpravy. Opatrnosti pred ostr\u00fdm \u0161tartom a prv\u00fdmi bodmi preto nikdy nie je dos\u0165.<\/p>\n<p>A to mus\u00edme e\u0161te prir\u00e1ta\u0165 aj Alliho, ktor\u00e9mu n\u00e1vrat bude e\u0161te trva\u0165. \u010cerstv\u00e1 posila Lindstr\u00f8m sa len dnes zap\u00e1ja do prv\u00fdch tr\u00e9ningov, ale natr\u00e9novan\u00e9 u\u017e nie\u010do m\u00e1, tak\u017ee by proti Coventry mohla kopn\u00fa\u0165 do lopty.<\/p>\n<h4><strong>Z\u00e1pas<\/strong><\/h4>\n<p>Nuda, nuda, \u0161e\u010f, \u0161e\u010f. Duel mal minim\u00e1lne tempo, a\u00a0od m\u00e1loktor\u00e9ho hr\u00e1\u010da bola vidie\u0165 snaha (a kvalita), \u017ee si chce proti Brightonu pre\u010d\u00edta\u0165 svoje meno v\u00a0z\u00e1kladnej zostave. Samozrejme, svetl\u00e9 v\u00fdnimky s\u00fa. Harrison sa tak sna\u017e\u00ed, ako keby u\u017e nikdy nechcel znovu v\u00a0j\u00fali vidie\u0165 tr\u00e9ningov\u00e9 centrum Leedsu. Chermiti vidite\u013ene zosilnel, a\u00a0Iroegbunam potichu pl\u00e1nuje, ako po p\u00e1r z\u00e1pasoch nahrad\u00ed Doucour\u00e9ho zl\u00e9 prihr\u00e1vky.<\/p>\n<p>G\u00f3ly pri\u0161li a\u017e v druhom pol\u010dase, nako\u013eko A-\u010dkov\u00ed \u00fato\u010dn\u00edci EFC z Premier League vo dvojici nedok\u00e1\u017eu premie\u0148a\u0165 stopercentn\u00e9 \u0161ance. A\u017e faul pr\u00e1ve na Chermitiho vyu\u017eil priamym kopom Garner. Prava\u010dkou cez m\u00far k vzdialenej\u0161ej \u017erdi. Potom sme v\u0161etk\u00fdch postupne nahradili dorastom z U-21, a inkasovali dva g\u00f3ly.<\/p>\n<p style=\"text-align: right;\"><span style=\"font-size: 8pt;\">(fotozdroj: Charlotte Tattersall\/Getty Images)<\/span><\/p>\n<p><strong>G\u00f3ly:<\/strong> 50\u00b4 Garner, 69\u00b4 Woodburn, 87\u00b4 Chesters<\/p>\n<p><strong>Everton:<\/strong> Virg\u00ednia (60&#8242; Tyrer) &#8211; Coleman (46&#8242; Dixon), Keane (60&#8242; Welch), Holgate (60&#8242; Onyango), Young (46&#8242; Campbell) &#8211; Harrison (60&#8242; Armstrong), Garner (73&#8242; Metcalfe), Doucour\u00e9 (60&#8242; Iroegbunam), McNeil (60&#8242; Okoronkwo) &#8211; Calvert-Lewin (60&#8242; Maupay), Beto (46&#8242; Chermiti)<\/p>\n","protected":false},"excerpt":{"rendered":"<p>Nudn\u00fd tr\u00e9ning proti \u0161tvrtoligistovi uk\u00e1zal, \u017ee e\u0161te aj pred za\u010diatkom sez\u00f3ny m\u00f4\u017eeme ma\u0165 person\u00e1lne probl\u00e9my s\u00a0po\u010detn\u00fdmi zraneniami. O\u2019Brien, pohni si!<\/p>\n","protected":false},"author":1,"featured_media":24828,"comment_status":"open","ping_status":"closed","sticky":false,"template":"","format":"standard","meta":{"_eb_attr":"","_monsterinsights_skip_tracking":false,"_monsterinsights_sitenote_active":false,"_monsterinsights_sitenote_note":"","_monsterinsights_sitenote_category":0,"footnotes":""},"categories":[4],"tags":[],"yoast_head":"<!-- This site is optimized with the Yoast SEO plugin v23.4 - https:\/\/yoast.com\/wordpress\/plugins\/seo\/ -->\n<title>Pr\u00edprava: Salford City - Everton 2:1 - Official Czech &amp; Slovak Everton Supporters&#039; Club<\/title>\n<meta name=\"robots\" content=\"index, follow, max-snippet:-1, max-image-preview:large, max-video-preview:-1\" \/>\n<link rel=\"canonical\" href=\"https:\/\/evertonfc.cz\/index.php\/2024\/07\/29\/priprava-salford-city-everton-21\/\" \/>\n<meta property=\"og:locale\" content=\"cs_CZ\" \/>\n<meta property=\"og:type\" content=\"article\" \/>\n<meta property=\"og:title\" content=\"Pr\u00edprava: Salford City - Everton 2:1 - Official Czech &amp; Slovak Everton Supporters&#039; Club\" \/>\n<meta property=\"og:description\" content=\"Nudn\u00fd tr\u00e9ning proti \u0161tvrtoligistovi uk\u00e1zal, \u017ee e\u0161te aj pred za\u010diatkom sez\u00f3ny m\u00f4\u017eeme ma\u0165 person\u00e1lne probl\u00e9my s\u00a0po\u010detn\u00fdmi zraneniami. O\u2019Brien, pohni si!\" \/>\n<meta property=\"og:url\" content=\"https:\/\/evertonfc.cz\/index.php\/2024\/07\/29\/priprava-salford-city-everton-21\/\" \/>\n<meta property=\"og:site_name\" content=\"Official Czech &amp; Slovak Everton Supporters&#039; Club\" \/>\n<meta property=\"article:publisher\" content=\"https:\/\/www.facebook.com\/everton.fans.cz.sk\" \/>\n<meta property=\"article:published_time\" content=\"2024-07-29T15:25:54+00:00\" \/>\n<meta property=\"article:modified_time\" content=\"2024-07-30T08:04:47+00:00\" \/>\n<meta property=\"og:image\" content=\"https:\/\/evertonfc.cz\/wp-content\/uploads\/2024\/07\/Salford-Everton-by-Charlotte-Tattersall-Getty-Images-27-7-2024.jpg\" \/>\n\t<meta property=\"og:image:width\" content=\"720\" \/>\n\t<meta property=\"og:image:height\" content=\"405\" \/>\n\t<meta property=\"og:image:type\" content=\"image\/jpeg\" \/>\n<meta name=\"author\" content=\"BlueBlooded\" \/>\n<meta name=\"twitter:card\" content=\"summary_large_image\" \/>\n<meta name=\"twitter:label1\" content=\"Napsal(a)\" \/>\n\t<meta name=\"twitter:data1\" content=\"BlueBlooded\" \/>\n\t<meta name=\"twitter:label2\" content=\"Odhadovan\u00e1 doba \u010dten\u00ed\" \/>\n\t<meta name=\"twitter:data2\" content=\"2 minuty\" \/>\n<script type=\"application\/ld+json\" class=\"yoast-schema-graph\">{\"@context\":\"https:\/\/schema.org\",\"@graph\":[{\"@type\":\"Article\",\"@id\":\"https:\/\/evertonfc.cz\/index.php\/2024\/07\/29\/priprava-salford-city-everton-21\/#article\",\"isPartOf\":{\"@id\":\"https:\/\/evertonfc.cz\/index.php\/2024\/07\/29\/priprava-salford-city-everton-21\/\"},\"author\":{\"name\":\"BlueBlooded\",\"@id\":\"https:\/\/evertonfc.cz\/#\/schema\/person\/d4493b8cbea51532597fbc4685698916\"},\"headline\":\"Pr\u00edprava: Salford City &#8211; Everton 2:1\",\"datePublished\":\"2024-07-29T15:25:54+00:00\",\"dateModified\":\"2024-07-30T08:04:47+00:00\",\"mainEntityOfPage\":{\"@id\":\"https:\/\/evertonfc.cz\/index.php\/2024\/07\/29\/priprava-salford-city-everton-21\/\"},\"wordCount\":416,\"commentCount\":3,\"publisher\":{\"@id\":\"https:\/\/evertonfc.cz\/#organization\"},\"image\":{\"@id\":\"https:\/\/evertonfc.cz\/index.php\/2024\/07\/29\/priprava-salford-city-everton-21\/#primaryimage\"},\"thumbnailUrl\":\"https:\/\/evertonfc.cz\/wp-content\/uploads\/2024\/07\/Salford-Everton-by-Charlotte-Tattersall-Getty-Images-27-7-2024.jpg\",\"articleSection\":[\"Z\u00e1pasy\"],\"inLanguage\":\"cs\",\"potentialAction\":[{\"@type\":\"CommentAction\",\"name\":\"Comment\",\"target\":[\"https:\/\/evertonfc.cz\/index.php\/2024\/07\/29\/priprava-salford-city-everton-21\/#respond\"]}]},{\"@type\":\"WebPage\",\"@id\":\"https:\/\/evertonfc.cz\/index.php\/2024\/07\/29\/priprava-salford-city-everton-21\/\",\"url\":\"https:\/\/evertonfc.cz\/index.php\/2024\/07\/29\/priprava-salford-city-everton-21\/\",\"name\":\"Pr\u00edprava: Salford City - Everton 2:1 - Official Czech &amp; Slovak Everton Supporters&#039; Club\",\"isPartOf\":{\"@id\":\"https:\/\/evertonfc.cz\/#website\"},\"primaryImageOfPage\":{\"@id\":\"https:\/\/evertonfc.cz\/index.php\/2024\/07\/29\/priprava-salford-city-everton-21\/#primaryimage\"},\"image\":{\"@id\":\"https:\/\/evertonfc.cz\/index.php\/2024\/07\/29\/priprava-salford-city-everton-21\/#primaryimage\"},\"thumbnailUrl\":\"https:\/\/evertonfc.cz\/wp-content\/uploads\/2024\/07\/Salford-Everton-by-Charlotte-Tattersall-Getty-Images-27-7-2024.jpg\",\"datePublished\":\"2024-07-29T15:25:54+00:00\",\"dateModified\":\"2024-07-30T08:04:47+00:00\",\"breadcrumb\":{\"@id\":\"https:\/\/evertonfc.cz\/index.php\/2024\/07\/29\/priprava-salford-city-everton-21\/#breadcrumb\"},\"inLanguage\":\"cs\",\"potentialAction\":[{\"@type\":\"ReadAction\",\"target\":[\"https:\/\/evertonfc.cz\/index.php\/2024\/07\/29\/priprava-salford-city-everton-21\/\"]}]},{\"@type\":\"ImageObject\",\"inLanguage\":\"cs\",\"@id\":\"https:\/\/evertonfc.cz\/index.php\/2024\/07\/29\/priprava-salford-city-everton-21\/#primaryimage\",\"url\":\"https:\/\/evertonfc.cz\/wp-content\/uploads\/2024\/07\/Salford-Everton-by-Charlotte-Tattersall-Getty-Images-27-7-2024.jpg\",\"contentUrl\":\"https:\/\/evertonfc.cz\/wp-content\/uploads\/2024\/07\/Salford-Everton-by-Charlotte-Tattersall-Getty-Images-27-7-2024.jpg\",\"width\":720,\"height\":405},{\"@type\":\"BreadcrumbList\",\"@id\":\"https:\/\/evertonfc.cz\/index.php\/2024\/07\/29\/priprava-salford-city-everton-21\/#breadcrumb\",\"itemListElement\":[{\"@type\":\"ListItem\",\"position\":1,\"name\":\"Home\",\"item\":\"https:\/\/evertonfc.cz\/\"},{\"@type\":\"ListItem\",\"position\":2,\"name\":\"Pr\u00edprava: Salford City &#8211; Everton 2:1\"}]},{\"@type\":\"WebSite\",\"@id\":\"https:\/\/evertonfc.cz\/#website\",\"url\":\"https:\/\/evertonfc.cz\/\",\"name\":\"Official Czech &amp; Slovak Everton Supporters&#039; Club\",\"description\":\"\",\"publisher\":{\"@id\":\"https:\/\/evertonfc.cz\/#organization\"},\"potentialAction\":[{\"@type\":\"SearchAction\",\"target\":{\"@type\":\"EntryPoint\",\"urlTemplate\":\"https:\/\/evertonfc.cz\/?s={search_term_string}\"},\"query-input\":{\"@type\":\"PropertyValueSpecification\",\"valueRequired\":true,\"valueName\":\"search_term_string\"}}],\"inLanguage\":\"cs\"},{\"@type\":\"Organization\",\"@id\":\"https:\/\/evertonfc.cz\/#organization\",\"name\":\"Official Czech & Slovak Everton Supporters' Club\",\"url\":\"https:\/\/evertonfc.cz\/\",\"logo\":{\"@type\":\"ImageObject\",\"inLanguage\":\"cs\",\"@id\":\"https:\/\/evertonfc.cz\/#\/schema\/logo\/image\/\",\"url\":\"https:\/\/evertonfc.cz\/wp-content\/uploads\/2019\/05\/logo.png\",\"contentUrl\":\"https:\/\/evertonfc.cz\/wp-content\/uploads\/2019\/05\/logo.png\",\"width\":112,\"height\":112,\"caption\":\"Official Czech & Slovak Everton Supporters' Club\"},\"image\":{\"@id\":\"https:\/\/evertonfc.cz\/#\/schema\/logo\/image\/\"},\"sameAs\":[\"https:\/\/www.facebook.com\/everton.fans.cz.sk\"]},{\"@type\":\"Person\",\"@id\":\"https:\/\/evertonfc.cz\/#\/schema\/person\/d4493b8cbea51532597fbc4685698916\",\"name\":\"BlueBlooded\",\"url\":\"https:\/\/evertonfc.cz\/index.php\/author\/admin\/\"}]}<\/script>\n<!-- \/ Yoast SEO plugin. -->","yoast_head_json":{"title":"Pr\u00edprava: Salford City - Everton 2:1 - Official Czech &amp; Slovak Everton Supporters&#039; Club","robots":{"index":"index","follow":"follow","max-snippet":"max-snippet:-1","max-image-preview":"max-image-preview:large","max-video-preview":"max-video-preview:-1"},"canonical":"https:\/\/evertonfc.cz\/index.php\/2024\/07\/29\/priprava-salford-city-everton-21\/","og_locale":"cs_CZ","og_type":"article","og_title":"Pr\u00edprava: Salford City - Everton 2:1 - Official Czech &amp; Slovak Everton Supporters&#039; Club","og_description":"Nudn\u00fd tr\u00e9ning proti \u0161tvrtoligistovi uk\u00e1zal, \u017ee e\u0161te aj pred za\u010diatkom sez\u00f3ny m\u00f4\u017eeme ma\u0165 person\u00e1lne probl\u00e9my s\u00a0po\u010detn\u00fdmi zraneniami. O\u2019Brien, pohni si!","og_url":"https:\/\/evertonfc.cz\/index.php\/2024\/07\/29\/priprava-salford-city-everton-21\/","og_site_name":"Official Czech &amp; Slovak Everton Supporters&#039; Club","article_publisher":"https:\/\/www.facebook.com\/everton.fans.cz.sk","article_published_time":"2024-07-29T15:25:54+00:00","article_modified_time":"2024-07-30T08:04:47+00:00","og_image":[{"width":720,"height":405,"url":"https:\/\/evertonfc.cz\/wp-content\/uploads\/2024\/07\/Salford-Everton-by-Charlotte-Tattersall-Getty-Images-27-7-2024.jpg","type":"image\/jpeg"}],"author":"BlueBlooded","twitter_card":"summary_large_image","twitter_misc":{"Napsal(a)":"BlueBlooded","Odhadovan\u00e1 doba \u010dten\u00ed":"2 minuty"},"schema":{"@context":"https:\/\/schema.org","@graph":[{"@type":"Article","@id":"https:\/\/evertonfc.cz\/index.php\/2024\/07\/29\/priprava-salford-city-everton-21\/#article","isPartOf":{"@id":"https:\/\/evertonfc.cz\/index.php\/2024\/07\/29\/priprava-salford-city-everton-21\/"},"author":{"name":"BlueBlooded","@id":"https:\/\/evertonfc.cz\/#\/schema\/person\/d4493b8cbea51532597fbc4685698916"},"headline":"Pr\u00edprava: Salford City &#8211; Everton 2:1","datePublished":"2024-07-29T15:25:54+00:00","dateModified":"2024-07-30T08:04:47+00:00","mainEntityOfPage":{"@id":"https:\/\/evertonfc.cz\/index.php\/2024\/07\/29\/priprava-salford-city-everton-21\/"},"wordCount":416,"commentCount":3,"publisher":{"@id":"https:\/\/evertonfc.cz\/#organization"},"image":{"@id":"https:\/\/evertonfc.cz\/index.php\/2024\/07\/29\/priprava-salford-city-everton-21\/#primaryimage"},"thumbnailUrl":"https:\/\/evertonfc.cz\/wp-content\/uploads\/2024\/07\/Salford-Everton-by-Charlotte-Tattersall-Getty-Images-27-7-2024.jpg","articleSection":["Z\u00e1pasy"],"inLanguage":"cs","potentialAction":[{"@type":"CommentAction","name":"Comment","target":["https:\/\/evertonfc.cz\/index.php\/2024\/07\/29\/priprava-salford-city-everton-21\/#respond"]}]},{"@type":"WebPage","@id":"https:\/\/evertonfc.cz\/index.php\/2024\/07\/29\/priprava-salford-city-everton-21\/","url":"https:\/\/evertonfc.cz\/index.php\/2024\/07\/29\/priprava-salford-city-everton-21\/","name":"Pr\u00edprava: Salford City - Everton 2:1 - Official Czech &amp; Slovak Everton Supporters&#039; Club","isPartOf":{"@id":"https:\/\/evertonfc.cz\/#website"},"primaryImageOfPage":{"@id":"https:\/\/evertonfc.cz\/index.php\/2024\/07\/29\/priprava-salford-city-everton-21\/#primaryimage"},"image":{"@id":"https:\/\/evertonfc.cz\/index.php\/2024\/07\/29\/priprava-salford-city-everton-21\/#primaryimage"},"thumbnailUrl":"https:\/\/evertonfc.cz\/wp-content\/uploads\/2024\/07\/Salford-Everton-by-Charlotte-Tattersall-Getty-Images-27-7-2024.jpg","datePublished":"2024-07-29T15:25:54+00:00","dateModified":"2024-07-30T08:04:47+00:00","breadcrumb":{"@id":"https:\/\/evertonfc.cz\/index.php\/2024\/07\/29\/priprava-salford-city-everton-21\/#breadcrumb"},"inLanguage":"cs","potentialAction":[{"@type":"ReadAction","target":["https:\/\/evertonfc.cz\/index.php\/2024\/07\/29\/priprava-salford-city-everton-21\/"]}]},{"@type":"ImageObject","inLanguage":"cs","@id":"https:\/\/evertonfc.cz\/index.php\/2024\/07\/29\/priprava-salford-city-everton-21\/#primaryimage","url":"https:\/\/evertonfc.cz\/wp-content\/uploads\/2024\/07\/Salford-Everton-by-Charlotte-Tattersall-Getty-Images-27-7-2024.jpg","contentUrl":"https:\/\/evertonfc.cz\/wp-content\/uploads\/2024\/07\/Salford-Everton-by-Charlotte-Tattersall-Getty-Images-27-7-2024.jpg","width":720,"height":405},{"@type":"BreadcrumbList","@id":"https:\/\/evertonfc.cz\/index.php\/2024\/07\/29\/priprava-salford-city-everton-21\/#breadcrumb","itemListElement":[{"@type":"ListItem","position":1,"name":"Home","item":"https:\/\/evertonfc.cz\/"},{"@type":"ListItem","position":2,"name":"Pr\u00edprava: Salford City &#8211; Everton 2:1"}]},{"@type":"WebSite","@id":"https:\/\/evertonfc.cz\/#website","url":"https:\/\/evertonfc.cz\/","name":"Official Czech &amp; Slovak Everton Supporters&#039; Club","description":"","publisher":{"@id":"https:\/\/evertonfc.cz\/#organization"},"potentialAction":[{"@type":"SearchAction","target":{"@type":"EntryPoint","urlTemplate":"https:\/\/evertonfc.cz\/?s={search_term_string}"},"query-input":{"@type":"PropertyValueSpecification","valueRequired":true,"valueName":"search_term_string"}}],"inLanguage":"cs"},{"@type":"Organization","@id":"https:\/\/evertonfc.cz\/#organization","name":"Official Czech & Slovak Everton Supporters' Club","url":"https:\/\/evertonfc.cz\/","logo":{"@type":"ImageObject","inLanguage":"cs","@id":"https:\/\/evertonfc.cz\/#\/schema\/logo\/image\/","url":"https:\/\/evertonfc.cz\/wp-content\/uploads\/2019\/05\/logo.png","contentUrl":"https:\/\/evertonfc.cz\/wp-content\/uploads\/2019\/05\/logo.png","width":112,"height":112,"caption":"Official Czech & Slovak Everton Supporters' Club"},"image":{"@id":"https:\/\/evertonfc.cz\/#\/schema\/logo\/image\/"},"sameAs":["https:\/\/www.facebook.com\/everton.fans.cz.sk"]},{"@type":"Person","@id":"https:\/\/evertonfc.cz\/#\/schema\/person\/d4493b8cbea51532597fbc4685698916","name":"BlueBlooded","url":"https:\/\/evertonfc.cz\/index.php\/author\/admin\/"}]}},"_links":{"self":[{"href":"https:\/\/evertonfc.cz\/index.php\/wp-json\/wp\/v2\/posts\/24827"}],"collection":[{"href":"https:\/\/evertonfc.cz\/index.php\/wp-json\/wp\/v2\/posts"}],"about":[{"href":"https:\/\/evertonfc.cz\/index.php\/wp-json\/wp\/v2\/types\/post"}],"author":[{"embeddable":true,"href":"https:\/\/evertonfc.cz\/index.php\/wp-json\/wp\/v2\/users\/1"}],"replies":[{"embeddable":true,"href":"https:\/\/evertonfc.cz\/index.php\/wp-json\/wp\/v2\/comments?post=24827"}],"version-history":[{"count":6,"href":"https:\/\/evertonfc.cz\/index.php\/wp-json\/wp\/v2\/posts\/24827\/revisions"}],"predecessor-version":[{"id":24840,"href":"https:\/\/evertonfc.cz\/index.php\/wp-json\/wp\/v2\/posts\/24827\/revisions\/24840"}],"wp:featuredmedia":[{"embeddable":true,"href":"https:\/\/evertonfc.cz\/index.php\/wp-json\/wp\/v2\/media\/24828"}],"wp:attachment":[{"href":"https:\/\/evertonfc.cz\/index.php\/wp-json\/wp\/v2\/media?parent=24827"}],"wp:term":[{"taxonomy":"category","embeddable":true,"href":"https:\/\/evertonfc.cz\/index.php\/wp-json\/wp\/v2\/categories?post=24827"},{"taxonomy":"post_tag","embeddable":true,"href":"https:\/\/evertonfc.cz\/index.php\/wp-json\/wp\/v2\/tags?post=24827"}],"curies":[{"name":"wp","href":"https:\/\/api.w.org\/{rel}","templated":true}]}}