{"id":24845,"date":"2024-07-31T16:54:00","date_gmt":"2024-07-31T14:54:00","guid":{"rendered":"https:\/\/evertonfc.cz\/?p=24845"},"modified":"2024-07-31T16:54:00","modified_gmt":"2024-07-31T14:54:00","slug":"druha-sada-od-castore-cierna","status":"publish","type":"post","link":"https:\/\/evertonfc.cz\/index.php\/2024\/07\/31\/druha-sada-od-castore-cierna\/","title":{"rendered":"Druh\u00e1 sada od Castore \u010dierna"},"content":{"rendered":"<h4>Koniec j\u00fala, polovica letnej pr\u00edpravy v\u00a0podstate za nami, veru u\u017e by sa hodilo pozna\u0165 aj \u00fabor na tr\u00e1vniky s\u00faperov. Tak\u017ee premi\u00e9ra pod svetlami v\u00a0Coventry Ar\u00e9ne.<\/h4>\n<p>V\u00a0r\u00e1mci komer\u010dn\u00e9ho hesla \u201educh Goodison Parku na cest\u00e1ch\u201c, sa n\u00e1m autori v\u00a0dizajnovom oddelen\u00ed n\u00e1\u0161ho nov\u00e9ho technick\u00e9ho partnera pok\u00fa\u0161aj\u00fa preda\u0165 takmer komplet \u010diernu verziu uniforiem, vhodn\u00fdch do tuh\u00fdch bojov v\u00a0tyle nepriate\u013ea, kde v\u00a0tmav\u00fdch z\u00e1kutiach ihriska nebude s\u00faper vidie\u0165 ni\u010d, len tiene a\u00a0\u017elt\u00e9 z\u00e1blesky.<\/p>\n<p>\u010cierno-\u017elt\u00fd dres, ktor\u00fd v\u010dera predstavil Everton, \u010derp\u00e1 in\u0161pir\u00e1ciu zo sl\u00e1vnych atmosf\u00e9rick\u00fdch noc\u00ed, ktor\u00e9 sa odohr\u00e1vali pod \u017eiarou reflektorov Goodison Parku. Od semifin\u00e1le Eur\u00f3pskeho poh\u00e1ra v\u00ed\u0165azov poh\u00e1rov v roku 1985 proti Bayernu Mn\u00edchov, a\u017e po hlavi\u010dku Duncana Fergusona proti Manchestru United, ktor\u00e1 otriasla Gwladys Street. Minulosez\u00f3nne nezabudnute\u013en\u00e9 derby v\u00ed\u0165azstvo 2:0 nad Liverpoolom bolo takisto pod osvetlen\u00fdm Goodisonom. Jednoducho najikonickej\u0161ie momenty v hist\u00f3rii Evertonu.<\/p>\n<h4><strong>Dwight McNeil o drese:<\/strong><\/h4>\n<blockquote><p><span style=\"font-size: 12pt;\"><em>\u201eJe skvel\u00e9, \u017ee t\u00e1to s\u00faprava je in\u0161pirovan\u00e1 Goodisonom pod svetlami a niektor\u00fdmi skvel\u00fdmi no\u010dn\u00fdmi z\u00e1pasmi, ktor\u00e9 sa tam odohrali. Za\u017eil som, ak\u00e9 to je ako hos\u0165uj\u00faci hr\u00e1\u010d, aj s fan\u00fa\u0161ikmi za vami, a je pravda, \u017ee reflektory, zd\u00e1 sa, vy\u017earuj\u00fa to najlep\u0161ie z\u00a0atmosf\u00e9ry v n\u00e1s ako hr\u00e1\u010doch. A pr\u00e1ve vtedy je Goodison skuto\u010dne najlep\u0161\u00ed. Neust\u00e1le tie\u017e po\u010d\u00favate pr\u00edbehy o niektor\u00fdch skvel\u00fdch ve\u010dern\u00fdch z\u00e1pasoch, ktor\u00e9 sa v priebehu rokov odohrali na \u0161tadi\u00f3ne, a o ich v\u00fdzname. Je to inteligentn\u00e1 s\u00faprava a d\u00fafame, \u017ee si zoberieme trochu tej atmosf\u00e9ry a ducha Goodison so sebou, nech hr\u00e1me kdeko\u013evek.\u201c<\/em><\/span><\/p><\/blockquote>\n<p><img loading=\"lazy\" decoding=\"async\" class=\"alignnone size-full wp-image-24847\" src=\"https:\/\/evertonfc.cz\/wp-content\/uploads\/2024\/07\/Castore-away-GK-kit-by-Everton-30-7-2024.jpg\" alt=\"\" width=\"720\" height=\"320\" srcset=\"https:\/\/evertonfc.cz\/wp-content\/uploads\/2024\/07\/Castore-away-GK-kit-by-Everton-30-7-2024.jpg 720w, https:\/\/evertonfc.cz\/wp-content\/uploads\/2024\/07\/Castore-away-GK-kit-by-Everton-30-7-2024-300x133.jpg 300w\" sizes=\"(max-width: 720px) 100vw, 720px\" \/>Imit\u00e1cia svetla prostredn\u00edctvom modern\u00e9ho geometrick\u00e9ho vzoru, p\u00fatav\u00e9ho \u017elt\u00e9ho goliera a lemov pono\u017eiek \u010di v\u00fdraznej \u017eltej ikony Ve\u017ee princa Ruperta. R\u00f4zne sp\u00f4soby, ako vzda\u0165 hold Grand Old Lady v poslednej sez\u00f3ne. Sprievodn\u00fd brank\u00e1rsky dres, navrhnut\u00fd s kr\u00e1tkymi ruk\u00e1vmi, je \u017eiarivo tyrkysov\u00fd s n\u00e1padn\u00fdm b\u00e9\u017eov\u00fdm a zelen\u00fdm vzorom a ladiacimi tyrkysov\u00fdmi \u0161ortkami a\u00a0\u0161tulp\u0148ami.<\/p>\n<h4><strong>Dostupn\u00e9 aj PRO verzie<\/strong><\/h4>\n<p>Rovnako ako pri dom\u00e1cich dresoch, je mo\u017enos\u0165 zak\u00fapi\u0165 si s\u00fapravu, ktor\u00e1 je identick\u00e1 s t\u00fdmi, ktor\u00e9 nosia hr\u00e1\u010di po\u010das z\u00e1pasov. S\u00fa k dispoz\u00edcii len v p\u00e1nskych a d\u00e1mskych ve\u013ekostiach. Navrhnut\u00e9 pre \u0161pi\u010dkov\u00fd \u0161portov\u00fd v\u00fdkon, ultra\u013eahk\u00e9 tri\u010dko a \u0161ortky s text\u00farou Aertek. 3D silik\u00f3nov\u00e1 potla\u010d a tepelne utesnen\u00e9 logo je samozrejmos\u0165ou, rovnako ako laserom vyrezan\u00e9 vetracie otvory, ktor\u00e9 udr\u017eia hr\u00e1\u010dov v chlade a pohodl\u00ed a z\u00e1rove\u0148 pon\u00fakaj\u00fa maxim\u00e1lnu mobilitu po\u010das najintenz\u00edvnej\u0161ieho cvi\u010denia.<\/p>\n<p>Repliky s\u00fa bez text\u00fary, s vylep\u0161en\u00fdmi zlo\u017eit\u00fdmi detailmi, vr\u00e1tane tkanej n\u00e1\u0161ivky klubov\u00e9ho loga a zna\u010dky Castore. To zais\u0165uje, \u017ee s\u00fapravu mo\u017eno nosi\u0165 na vo\u013en\u00fd \u010das, ako aj na be\u017en\u00e9 \u0161porty. \u0160ortky s\u00fa dostupn\u00e9 v p\u00e1nskych a d\u00e1mskych ve\u013ekostiach, vo verzi\u00e1ch Replica aj Pro. Brank\u00e1rsky v\u00fdstroj je dostupn\u00fd len ako replika.<\/p>\n<p style=\"text-align: right;\"><span style=\"font-size: 8pt;\">(fotozdroj: evertonfc.com)<\/span><\/p>\n","protected":false},"excerpt":{"rendered":"<p>Koniec j\u00fala, polovica letnej pr\u00edpravy v\u00a0podstate za nami, veru u\u017e by sa hodilo pozna\u0165 aj \u00fabor na tr\u00e1vniky s\u00faperov. Tak\u017ee premi\u00e9ra pod svetlami v\u00a0Coventry Ar\u00e9ne.<\/p>\n","protected":false},"author":1,"featured_media":24848,"comment_status":"open","ping_status":"closed","sticky":false,"template":"","format":"standard","meta":{"_eb_attr":"","_monsterinsights_skip_tracking":false,"_monsterinsights_sitenote_active":false,"_monsterinsights_sitenote_note":"","_monsterinsights_sitenote_category":0,"footnotes":""},"categories":[42],"tags":[],"yoast_head":"<!-- This site is optimized with the Yoast SEO plugin v23.4 - https:\/\/yoast.com\/wordpress\/plugins\/seo\/ -->\n<title>Druh\u00e1 sada od Castore \u010dierna - Official Czech &amp; Slovak Everton Supporters&#039; Club<\/title>\n<meta name=\"robots\" content=\"index, follow, max-snippet:-1, max-image-preview:large, max-video-preview:-1\" \/>\n<link rel=\"canonical\" href=\"https:\/\/evertonfc.cz\/index.php\/2024\/07\/31\/druha-sada-od-castore-cierna\/\" \/>\n<meta property=\"og:locale\" content=\"cs_CZ\" \/>\n<meta property=\"og:type\" content=\"article\" \/>\n<meta property=\"og:title\" content=\"Druh\u00e1 sada od Castore \u010dierna - Official Czech &amp; Slovak Everton Supporters&#039; Club\" \/>\n<meta property=\"og:description\" content=\"Koniec j\u00fala, polovica letnej pr\u00edpravy v\u00a0podstate za nami, veru u\u017e by sa hodilo pozna\u0165 aj \u00fabor na tr\u00e1vniky s\u00faperov. Tak\u017ee premi\u00e9ra pod svetlami v\u00a0Coventry Ar\u00e9ne.\" \/>\n<meta property=\"og:url\" content=\"https:\/\/evertonfc.cz\/index.php\/2024\/07\/31\/druha-sada-od-castore-cierna\/\" \/>\n<meta property=\"og:site_name\" content=\"Official Czech &amp; Slovak Everton Supporters&#039; Club\" \/>\n<meta property=\"article:publisher\" content=\"https:\/\/www.facebook.com\/everton.fans.cz.sk\" \/>\n<meta property=\"article:published_time\" content=\"2024-07-31T14:54:00+00:00\" \/>\n<meta property=\"og:image\" content=\"https:\/\/evertonfc.cz\/wp-content\/uploads\/2024\/07\/Castore-away-kit-by-Everton-30-7-2024.jpg\" \/>\n\t<meta property=\"og:image:width\" content=\"720\" \/>\n\t<meta property=\"og:image:height\" content=\"405\" \/>\n\t<meta property=\"og:image:type\" content=\"image\/jpeg\" \/>\n<meta name=\"author\" content=\"BlueBlooded\" \/>\n<meta name=\"twitter:card\" content=\"summary_large_image\" \/>\n<meta name=\"twitter:label1\" content=\"Napsal(a)\" \/>\n\t<meta name=\"twitter:data1\" content=\"BlueBlooded\" \/>\n\t<meta name=\"twitter:label2\" content=\"Odhadovan\u00e1 doba \u010dten\u00ed\" \/>\n\t<meta name=\"twitter:data2\" content=\"3 minuty\" \/>\n<script type=\"application\/ld+json\" class=\"yoast-schema-graph\">{\"@context\":\"https:\/\/schema.org\",\"@graph\":[{\"@type\":\"Article\",\"@id\":\"https:\/\/evertonfc.cz\/index.php\/2024\/07\/31\/druha-sada-od-castore-cierna\/#article\",\"isPartOf\":{\"@id\":\"https:\/\/evertonfc.cz\/index.php\/2024\/07\/31\/druha-sada-od-castore-cierna\/\"},\"author\":{\"name\":\"BlueBlooded\",\"@id\":\"https:\/\/evertonfc.cz\/#\/schema\/person\/d4493b8cbea51532597fbc4685698916\"},\"headline\":\"Druh\u00e1 sada od Castore \u010dierna\",\"datePublished\":\"2024-07-31T14:54:00+00:00\",\"dateModified\":\"2024-07-31T14:54:00+00:00\",\"mainEntityOfPage\":{\"@id\":\"https:\/\/evertonfc.cz\/index.php\/2024\/07\/31\/druha-sada-od-castore-cierna\/\"},\"wordCount\":568,\"commentCount\":4,\"publisher\":{\"@id\":\"https:\/\/evertonfc.cz\/#organization\"},\"image\":{\"@id\":\"https:\/\/evertonfc.cz\/index.php\/2024\/07\/31\/druha-sada-od-castore-cierna\/#primaryimage\"},\"thumbnailUrl\":\"https:\/\/evertonfc.cz\/wp-content\/uploads\/2024\/07\/Castore-away-kit-by-Everton-30-7-2024.jpg\",\"articleSection\":[\"Aktuality\"],\"inLanguage\":\"cs\",\"potentialAction\":[{\"@type\":\"CommentAction\",\"name\":\"Comment\",\"target\":[\"https:\/\/evertonfc.cz\/index.php\/2024\/07\/31\/druha-sada-od-castore-cierna\/#respond\"]}]},{\"@type\":\"WebPage\",\"@id\":\"https:\/\/evertonfc.cz\/index.php\/2024\/07\/31\/druha-sada-od-castore-cierna\/\",\"url\":\"https:\/\/evertonfc.cz\/index.php\/2024\/07\/31\/druha-sada-od-castore-cierna\/\",\"name\":\"Druh\u00e1 sada od Castore \u010dierna - Official Czech &amp; Slovak Everton Supporters&#039; Club\",\"isPartOf\":{\"@id\":\"https:\/\/evertonfc.cz\/#website\"},\"primaryImageOfPage\":{\"@id\":\"https:\/\/evertonfc.cz\/index.php\/2024\/07\/31\/druha-sada-od-castore-cierna\/#primaryimage\"},\"image\":{\"@id\":\"https:\/\/evertonfc.cz\/index.php\/2024\/07\/31\/druha-sada-od-castore-cierna\/#primaryimage\"},\"thumbnailUrl\":\"https:\/\/evertonfc.cz\/wp-content\/uploads\/2024\/07\/Castore-away-kit-by-Everton-30-7-2024.jpg\",\"datePublished\":\"2024-07-31T14:54:00+00:00\",\"dateModified\":\"2024-07-31T14:54:00+00:00\",\"breadcrumb\":{\"@id\":\"https:\/\/evertonfc.cz\/index.php\/2024\/07\/31\/druha-sada-od-castore-cierna\/#breadcrumb\"},\"inLanguage\":\"cs\",\"potentialAction\":[{\"@type\":\"ReadAction\",\"target\":[\"https:\/\/evertonfc.cz\/index.php\/2024\/07\/31\/druha-sada-od-castore-cierna\/\"]}]},{\"@type\":\"ImageObject\",\"inLanguage\":\"cs\",\"@id\":\"https:\/\/evertonfc.cz\/index.php\/2024\/07\/31\/druha-sada-od-castore-cierna\/#primaryimage\",\"url\":\"https:\/\/evertonfc.cz\/wp-content\/uploads\/2024\/07\/Castore-away-kit-by-Everton-30-7-2024.jpg\",\"contentUrl\":\"https:\/\/evertonfc.cz\/wp-content\/uploads\/2024\/07\/Castore-away-kit-by-Everton-30-7-2024.jpg\",\"width\":720,\"height\":405},{\"@type\":\"BreadcrumbList\",\"@id\":\"https:\/\/evertonfc.cz\/index.php\/2024\/07\/31\/druha-sada-od-castore-cierna\/#breadcrumb\",\"itemListElement\":[{\"@type\":\"ListItem\",\"position\":1,\"name\":\"Home\",\"item\":\"https:\/\/evertonfc.cz\/\"},{\"@type\":\"ListItem\",\"position\":2,\"name\":\"Druh\u00e1 sada od Castore \u010dierna\"}]},{\"@type\":\"WebSite\",\"@id\":\"https:\/\/evertonfc.cz\/#website\",\"url\":\"https:\/\/evertonfc.cz\/\",\"name\":\"Official Czech &amp; Slovak Everton Supporters&#039; Club\",\"description\":\"\",\"publisher\":{\"@id\":\"https:\/\/evertonfc.cz\/#organization\"},\"potentialAction\":[{\"@type\":\"SearchAction\",\"target\":{\"@type\":\"EntryPoint\",\"urlTemplate\":\"https:\/\/evertonfc.cz\/?s={search_term_string}\"},\"query-input\":{\"@type\":\"PropertyValueSpecification\",\"valueRequired\":true,\"valueName\":\"search_term_string\"}}],\"inLanguage\":\"cs\"},{\"@type\":\"Organization\",\"@id\":\"https:\/\/evertonfc.cz\/#organization\",\"name\":\"Official Czech & Slovak Everton Supporters' Club\",\"url\":\"https:\/\/evertonfc.cz\/\",\"logo\":{\"@type\":\"ImageObject\",\"inLanguage\":\"cs\",\"@id\":\"https:\/\/evertonfc.cz\/#\/schema\/logo\/image\/\",\"url\":\"https:\/\/evertonfc.cz\/wp-content\/uploads\/2019\/05\/logo.png\",\"contentUrl\":\"https:\/\/evertonfc.cz\/wp-content\/uploads\/2019\/05\/logo.png\",\"width\":112,\"height\":112,\"caption\":\"Official Czech & Slovak Everton Supporters' Club\"},\"image\":{\"@id\":\"https:\/\/evertonfc.cz\/#\/schema\/logo\/image\/\"},\"sameAs\":[\"https:\/\/www.facebook.com\/everton.fans.cz.sk\"]},{\"@type\":\"Person\",\"@id\":\"https:\/\/evertonfc.cz\/#\/schema\/person\/d4493b8cbea51532597fbc4685698916\",\"name\":\"BlueBlooded\",\"url\":\"https:\/\/evertonfc.cz\/index.php\/author\/admin\/\"}]}<\/script>\n<!-- \/ Yoast SEO plugin. -->","yoast_head_json":{"title":"Druh\u00e1 sada od Castore \u010dierna - Official Czech &amp; Slovak Everton Supporters&#039; Club","robots":{"index":"index","follow":"follow","max-snippet":"max-snippet:-1","max-image-preview":"max-image-preview:large","max-video-preview":"max-video-preview:-1"},"canonical":"https:\/\/evertonfc.cz\/index.php\/2024\/07\/31\/druha-sada-od-castore-cierna\/","og_locale":"cs_CZ","og_type":"article","og_title":"Druh\u00e1 sada od Castore \u010dierna - Official Czech &amp; Slovak Everton Supporters&#039; Club","og_description":"Koniec j\u00fala, polovica letnej pr\u00edpravy v\u00a0podstate za nami, veru u\u017e by sa hodilo pozna\u0165 aj \u00fabor na tr\u00e1vniky s\u00faperov. Tak\u017ee premi\u00e9ra pod svetlami v\u00a0Coventry Ar\u00e9ne.","og_url":"https:\/\/evertonfc.cz\/index.php\/2024\/07\/31\/druha-sada-od-castore-cierna\/","og_site_name":"Official Czech &amp; Slovak Everton Supporters&#039; Club","article_publisher":"https:\/\/www.facebook.com\/everton.fans.cz.sk","article_published_time":"2024-07-31T14:54:00+00:00","og_image":[{"width":720,"height":405,"url":"https:\/\/evertonfc.cz\/wp-content\/uploads\/2024\/07\/Castore-away-kit-by-Everton-30-7-2024.jpg","type":"image\/jpeg"}],"author":"BlueBlooded","twitter_card":"summary_large_image","twitter_misc":{"Napsal(a)":"BlueBlooded","Odhadovan\u00e1 doba \u010dten\u00ed":"3 minuty"},"schema":{"@context":"https:\/\/schema.org","@graph":[{"@type":"Article","@id":"https:\/\/evertonfc.cz\/index.php\/2024\/07\/31\/druha-sada-od-castore-cierna\/#article","isPartOf":{"@id":"https:\/\/evertonfc.cz\/index.php\/2024\/07\/31\/druha-sada-od-castore-cierna\/"},"author":{"name":"BlueBlooded","@id":"https:\/\/evertonfc.cz\/#\/schema\/person\/d4493b8cbea51532597fbc4685698916"},"headline":"Druh\u00e1 sada od Castore \u010dierna","datePublished":"2024-07-31T14:54:00+00:00","dateModified":"2024-07-31T14:54:00+00:00","mainEntityOfPage":{"@id":"https:\/\/evertonfc.cz\/index.php\/2024\/07\/31\/druha-sada-od-castore-cierna\/"},"wordCount":568,"commentCount":4,"publisher":{"@id":"https:\/\/evertonfc.cz\/#organization"},"image":{"@id":"https:\/\/evertonfc.cz\/index.php\/2024\/07\/31\/druha-sada-od-castore-cierna\/#primaryimage"},"thumbnailUrl":"https:\/\/evertonfc.cz\/wp-content\/uploads\/2024\/07\/Castore-away-kit-by-Everton-30-7-2024.jpg","articleSection":["Aktuality"],"inLanguage":"cs","potentialAction":[{"@type":"CommentAction","name":"Comment","target":["https:\/\/evertonfc.cz\/index.php\/2024\/07\/31\/druha-sada-od-castore-cierna\/#respond"]}]},{"@type":"WebPage","@id":"https:\/\/evertonfc.cz\/index.php\/2024\/07\/31\/druha-sada-od-castore-cierna\/","url":"https:\/\/evertonfc.cz\/index.php\/2024\/07\/31\/druha-sada-od-castore-cierna\/","name":"Druh\u00e1 sada od Castore \u010dierna - Official Czech &amp; Slovak Everton Supporters&#039; Club","isPartOf":{"@id":"https:\/\/evertonfc.cz\/#website"},"primaryImageOfPage":{"@id":"https:\/\/evertonfc.cz\/index.php\/2024\/07\/31\/druha-sada-od-castore-cierna\/#primaryimage"},"image":{"@id":"https:\/\/evertonfc.cz\/index.php\/2024\/07\/31\/druha-sada-od-castore-cierna\/#primaryimage"},"thumbnailUrl":"https:\/\/evertonfc.cz\/wp-content\/uploads\/2024\/07\/Castore-away-kit-by-Everton-30-7-2024.jpg","datePublished":"2024-07-31T14:54:00+00:00","dateModified":"2024-07-31T14:54:00+00:00","breadcrumb":{"@id":"https:\/\/evertonfc.cz\/index.php\/2024\/07\/31\/druha-sada-od-castore-cierna\/#breadcrumb"},"inLanguage":"cs","potentialAction":[{"@type":"ReadAction","target":["https:\/\/evertonfc.cz\/index.php\/2024\/07\/31\/druha-sada-od-castore-cierna\/"]}]},{"@type":"ImageObject","inLanguage":"cs","@id":"https:\/\/evertonfc.cz\/index.php\/2024\/07\/31\/druha-sada-od-castore-cierna\/#primaryimage","url":"https:\/\/evertonfc.cz\/wp-content\/uploads\/2024\/07\/Castore-away-kit-by-Everton-30-7-2024.jpg","contentUrl":"https:\/\/evertonfc.cz\/wp-content\/uploads\/2024\/07\/Castore-away-kit-by-Everton-30-7-2024.jpg","width":720,"height":405},{"@type":"BreadcrumbList","@id":"https:\/\/evertonfc.cz\/index.php\/2024\/07\/31\/druha-sada-od-castore-cierna\/#breadcrumb","itemListElement":[{"@type":"ListItem","position":1,"name":"Home","item":"https:\/\/evertonfc.cz\/"},{"@type":"ListItem","position":2,"name":"Druh\u00e1 sada od Castore \u010dierna"}]},{"@type":"WebSite","@id":"https:\/\/evertonfc.cz\/#website","url":"https:\/\/evertonfc.cz\/","name":"Official Czech &amp; Slovak Everton Supporters&#039; Club","description":"","publisher":{"@id":"https:\/\/evertonfc.cz\/#organization"},"potentialAction":[{"@type":"SearchAction","target":{"@type":"EntryPoint","urlTemplate":"https:\/\/evertonfc.cz\/?s={search_term_string}"},"query-input":{"@type":"PropertyValueSpecification","valueRequired":true,"valueName":"search_term_string"}}],"inLanguage":"cs"},{"@type":"Organization","@id":"https:\/\/evertonfc.cz\/#organization","name":"Official Czech & Slovak Everton Supporters' Club","url":"https:\/\/evertonfc.cz\/","logo":{"@type":"ImageObject","inLanguage":"cs","@id":"https:\/\/evertonfc.cz\/#\/schema\/logo\/image\/","url":"https:\/\/evertonfc.cz\/wp-content\/uploads\/2019\/05\/logo.png","contentUrl":"https:\/\/evertonfc.cz\/wp-content\/uploads\/2019\/05\/logo.png","width":112,"height":112,"caption":"Official Czech & Slovak Everton Supporters' Club"},"image":{"@id":"https:\/\/evertonfc.cz\/#\/schema\/logo\/image\/"},"sameAs":["https:\/\/www.facebook.com\/everton.fans.cz.sk"]},{"@type":"Person","@id":"https:\/\/evertonfc.cz\/#\/schema\/person\/d4493b8cbea51532597fbc4685698916","name":"BlueBlooded","url":"https:\/\/evertonfc.cz\/index.php\/author\/admin\/"}]}},"_links":{"self":[{"href":"https:\/\/evertonfc.cz\/index.php\/wp-json\/wp\/v2\/posts\/24845"}],"collection":[{"href":"https:\/\/evertonfc.cz\/index.php\/wp-json\/wp\/v2\/posts"}],"about":[{"href":"https:\/\/evertonfc.cz\/index.php\/wp-json\/wp\/v2\/types\/post"}],"author":[{"embeddable":true,"href":"https:\/\/evertonfc.cz\/index.php\/wp-json\/wp\/v2\/users\/1"}],"replies":[{"embeddable":true,"href":"https:\/\/evertonfc.cz\/index.php\/wp-json\/wp\/v2\/comments?post=24845"}],"version-history":[{"count":2,"href":"https:\/\/evertonfc.cz\/index.php\/wp-json\/wp\/v2\/posts\/24845\/revisions"}],"predecessor-version":[{"id":24849,"href":"https:\/\/evertonfc.cz\/index.php\/wp-json\/wp\/v2\/posts\/24845\/revisions\/24849"}],"wp:featuredmedia":[{"embeddable":true,"href":"https:\/\/evertonfc.cz\/index.php\/wp-json\/wp\/v2\/media\/24848"}],"wp:attachment":[{"href":"https:\/\/evertonfc.cz\/index.php\/wp-json\/wp\/v2\/media?parent=24845"}],"wp:term":[{"taxonomy":"category","embeddable":true,"href":"https:\/\/evertonfc.cz\/index.php\/wp-json\/wp\/v2\/categories?post=24845"},{"taxonomy":"post_tag","embeddable":true,"href":"https:\/\/evertonfc.cz\/index.php\/wp-json\/wp\/v2\/tags?post=24845"}],"curies":[{"name":"wp","href":"https:\/\/api.w.org\/{rel}","templated":true}]}}