{"id":24875,"date":"2024-08-02T21:47:41","date_gmt":"2024-08-02T19:47:41","guid":{"rendered":"https:\/\/evertonfc.cz\/?p=24875"},"modified":"2024-08-03T18:07:32","modified_gmt":"2024-08-03T16:07:32","slug":"prichazi-veatriki-sarri","status":"publish","type":"post","link":"https:\/\/evertonfc.cz\/index.php\/2024\/08\/02\/prichazi-veatriki-sarri\/","title":{"rendered":"P\u0159ich\u00e1z\u00ed Veatriki Sarri"},"content":{"rendered":"<h4>P\u00e1t\u00fdm leto\u0161n\u00edm p\u0159\u00edrustkem do \u017eensk\u00e9ho t\u00fdmu je ofenzivn\u00ed z\u00e1lo\u017enice Veatriki Sarri.<\/h4>\n<p>\u0160estadvacetilet\u00e1 Sarri poch\u00e1z\u00ed z Kr\u00e9ty, p\u0159esn\u011bji z jej\u00edho pob\u0159e\u017en\u00edho m\u011bsta Chanie. Ve sv\u00fdch \u0161estn\u00e1cti letech ale p\u0159es\u00eddlila na ostrov jin\u00fd, konkr\u00e9tn\u011b na Albion, aby zde studovala na univerzit\u011b v Leedsu a k tomu podepsala smlouvu s Leeds United. Tou za\u010dala jej\u00ed anglick\u00e1 odysea. Postupn\u011b pro\u0161la Leedsem, Fylde, Sheffieldem United, Birminghamem a Brightonem. Krom toho je i stabiln\u00ed reprezentatkou \u0158ecka, za kter\u00e9 hr\u00e1la u\u017e od v\u00fdb\u011bru U17. Na anga\u017em\u00e1 ve Fylde Ladies v letech 2017\/2018 nevzpom\u00edn\u00e1 nejsp\u00ed\u0161e v dobr\u00e9m, proto\u017ee si hned zkraje podzimu zranila koleno, co\u017e j\u00ed vy\u0159adilo ze hry na zbytek sez\u00f3ny. Jinak se j\u00ed v\u0161ak zran\u011bn\u00ed vyh\u00fdbala.<\/p>\n<p>Po anga\u017em\u00e1 v Birminghamu v lednu 2021 se stala prvn\u00ed (a dosud jedinou) \u0159eckou hr\u00e1\u010dkou ve WSL a po p\u0159estupu k n\u00e1m i prvn\u00ed \u0159eckou hr\u00e1\u010dkou v Evertonu. Brian S\u00f8rensen m\u011bl Veatriki ve sv\u00e9m hled\u00e1\u010dku u\u017e za jej\u00edho birminghamsk\u00e9ho p\u016fsoben\u00ed, ale Seaguls byly v jedn\u00e1n\u00ed rychlej\u0161\u00ed a Sarri p\u0159echodn\u011b obl\u00e9kla modrob\u00edl\u00fd dres. Te\u010f se v\u0161ak S\u00f8rensenovo p\u0159\u00e1n\u00ed splnilo a Everton z\u00edskal zku\u0161enou a technicky zdatnou hr\u00e1\u010dku, kter\u00e1 by se dle slov mana\u017eera m\u011bla st\u00e1t jednou z kl\u00ed\u010dov\u00fdch postav na\u0161eho \u017eensk\u00e9ho t\u00fdmu. M\u00e1me se tedy na co t\u011b\u0161it.\u00a0 <span style=\"color: #0000ff;\"><strong>COYB!<\/strong><\/span><\/p>\n<p style=\"text-align: right;\"><span style=\"font-size: 8pt;\"><em>Zdroj fotografie: Getty Images<\/em><\/span><\/p>\n","protected":false},"excerpt":{"rendered":"<p>P\u00e1t\u00fdm leto\u0161n\u00edm p\u0159\u00edrustkem do \u017eensk\u00e9ho t\u00fdmu je z\u00e1lo\u017enice Veatriki Sarri.<\/p>\n","protected":false},"author":26,"featured_media":24877,"comment_status":"open","ping_status":"closed","sticky":false,"template":"","format":"standard","meta":{"_eb_attr":"","_monsterinsights_skip_tracking":false,"_monsterinsights_sitenote_active":false,"_monsterinsights_sitenote_note":"","_monsterinsights_sitenote_category":0,"footnotes":""},"categories":[110],"tags":[],"yoast_head":"<!-- This site is optimized with the Yoast SEO plugin v23.4 - https:\/\/yoast.com\/wordpress\/plugins\/seo\/ -->\n<title>P\u0159ich\u00e1z\u00ed Veatriki Sarri - Official Czech &amp; Slovak Everton Supporters&#039; Club<\/title>\n<meta name=\"robots\" content=\"index, follow, max-snippet:-1, max-image-preview:large, max-video-preview:-1\" \/>\n<link rel=\"canonical\" href=\"https:\/\/evertonfc.cz\/index.php\/2024\/08\/02\/prichazi-veatriki-sarri\/\" \/>\n<meta property=\"og:locale\" content=\"cs_CZ\" \/>\n<meta property=\"og:type\" content=\"article\" \/>\n<meta property=\"og:title\" content=\"P\u0159ich\u00e1z\u00ed Veatriki Sarri - Official Czech &amp; Slovak Everton Supporters&#039; Club\" \/>\n<meta property=\"og:description\" content=\"P\u00e1t\u00fdm leto\u0161n\u00edm p\u0159\u00edrustkem do \u017eensk\u00e9ho t\u00fdmu je z\u00e1lo\u017enice Veatriki Sarri.\" \/>\n<meta property=\"og:url\" content=\"https:\/\/evertonfc.cz\/index.php\/2024\/08\/02\/prichazi-veatriki-sarri\/\" \/>\n<meta property=\"og:site_name\" content=\"Official Czech &amp; Slovak Everton Supporters&#039; Club\" \/>\n<meta property=\"article:publisher\" content=\"https:\/\/www.facebook.com\/everton.fans.cz.sk\" \/>\n<meta property=\"article:published_time\" content=\"2024-08-02T19:47:41+00:00\" \/>\n<meta property=\"article:modified_time\" content=\"2024-08-03T16:07:32+00:00\" \/>\n<meta property=\"og:image\" content=\"https:\/\/evertonfc.cz\/wp-content\/uploads\/2024\/08\/Sarri-web-02_08_2024.jpg\" \/>\n\t<meta property=\"og:image:width\" content=\"720\" \/>\n\t<meta property=\"og:image:height\" content=\"405\" \/>\n\t<meta property=\"og:image:type\" content=\"image\/jpeg\" \/>\n<meta name=\"author\" content=\"Karamela\" \/>\n<meta name=\"twitter:card\" content=\"summary_large_image\" \/>\n<meta name=\"twitter:label1\" content=\"Napsal(a)\" \/>\n\t<meta name=\"twitter:data1\" content=\"Karamela\" \/>\n\t<meta name=\"twitter:label2\" content=\"Odhadovan\u00e1 doba \u010dten\u00ed\" \/>\n\t<meta name=\"twitter:data2\" content=\"2 minuty\" \/>\n<script type=\"application\/ld+json\" class=\"yoast-schema-graph\">{\"@context\":\"https:\/\/schema.org\",\"@graph\":[{\"@type\":\"Article\",\"@id\":\"https:\/\/evertonfc.cz\/index.php\/2024\/08\/02\/prichazi-veatriki-sarri\/#article\",\"isPartOf\":{\"@id\":\"https:\/\/evertonfc.cz\/index.php\/2024\/08\/02\/prichazi-veatriki-sarri\/\"},\"author\":{\"name\":\"Karamela\",\"@id\":\"https:\/\/evertonfc.cz\/#\/schema\/person\/e9a24a80a32efa1344dd2c4e5882185c\"},\"headline\":\"P\u0159ich\u00e1z\u00ed Veatriki Sarri\",\"datePublished\":\"2024-08-02T19:47:41+00:00\",\"dateModified\":\"2024-08-03T16:07:32+00:00\",\"mainEntityOfPage\":{\"@id\":\"https:\/\/evertonfc.cz\/index.php\/2024\/08\/02\/prichazi-veatriki-sarri\/\"},\"wordCount\":275,\"commentCount\":4,\"publisher\":{\"@id\":\"https:\/\/evertonfc.cz\/#organization\"},\"image\":{\"@id\":\"https:\/\/evertonfc.cz\/index.php\/2024\/08\/02\/prichazi-veatriki-sarri\/#primaryimage\"},\"thumbnailUrl\":\"https:\/\/evertonfc.cz\/wp-content\/uploads\/2024\/08\/Sarri-web-02_08_2024.jpg\",\"articleSection\":[\"Everton Women\"],\"inLanguage\":\"cs\",\"potentialAction\":[{\"@type\":\"CommentAction\",\"name\":\"Comment\",\"target\":[\"https:\/\/evertonfc.cz\/index.php\/2024\/08\/02\/prichazi-veatriki-sarri\/#respond\"]}]},{\"@type\":\"WebPage\",\"@id\":\"https:\/\/evertonfc.cz\/index.php\/2024\/08\/02\/prichazi-veatriki-sarri\/\",\"url\":\"https:\/\/evertonfc.cz\/index.php\/2024\/08\/02\/prichazi-veatriki-sarri\/\",\"name\":\"P\u0159ich\u00e1z\u00ed Veatriki Sarri - Official Czech &amp; Slovak Everton Supporters&#039; Club\",\"isPartOf\":{\"@id\":\"https:\/\/evertonfc.cz\/#website\"},\"primaryImageOfPage\":{\"@id\":\"https:\/\/evertonfc.cz\/index.php\/2024\/08\/02\/prichazi-veatriki-sarri\/#primaryimage\"},\"image\":{\"@id\":\"https:\/\/evertonfc.cz\/index.php\/2024\/08\/02\/prichazi-veatriki-sarri\/#primaryimage\"},\"thumbnailUrl\":\"https:\/\/evertonfc.cz\/wp-content\/uploads\/2024\/08\/Sarri-web-02_08_2024.jpg\",\"datePublished\":\"2024-08-02T19:47:41+00:00\",\"dateModified\":\"2024-08-03T16:07:32+00:00\",\"breadcrumb\":{\"@id\":\"https:\/\/evertonfc.cz\/index.php\/2024\/08\/02\/prichazi-veatriki-sarri\/#breadcrumb\"},\"inLanguage\":\"cs\",\"potentialAction\":[{\"@type\":\"ReadAction\",\"target\":[\"https:\/\/evertonfc.cz\/index.php\/2024\/08\/02\/prichazi-veatriki-sarri\/\"]}]},{\"@type\":\"ImageObject\",\"inLanguage\":\"cs\",\"@id\":\"https:\/\/evertonfc.cz\/index.php\/2024\/08\/02\/prichazi-veatriki-sarri\/#primaryimage\",\"url\":\"https:\/\/evertonfc.cz\/wp-content\/uploads\/2024\/08\/Sarri-web-02_08_2024.jpg\",\"contentUrl\":\"https:\/\/evertonfc.cz\/wp-content\/uploads\/2024\/08\/Sarri-web-02_08_2024.jpg\",\"width\":720,\"height\":405},{\"@type\":\"BreadcrumbList\",\"@id\":\"https:\/\/evertonfc.cz\/index.php\/2024\/08\/02\/prichazi-veatriki-sarri\/#breadcrumb\",\"itemListElement\":[{\"@type\":\"ListItem\",\"position\":1,\"name\":\"Home\",\"item\":\"https:\/\/evertonfc.cz\/\"},{\"@type\":\"ListItem\",\"position\":2,\"name\":\"P\u0159ich\u00e1z\u00ed Veatriki Sarri\"}]},{\"@type\":\"WebSite\",\"@id\":\"https:\/\/evertonfc.cz\/#website\",\"url\":\"https:\/\/evertonfc.cz\/\",\"name\":\"Official Czech &amp; Slovak Everton Supporters&#039; Club\",\"description\":\"\",\"publisher\":{\"@id\":\"https:\/\/evertonfc.cz\/#organization\"},\"potentialAction\":[{\"@type\":\"SearchAction\",\"target\":{\"@type\":\"EntryPoint\",\"urlTemplate\":\"https:\/\/evertonfc.cz\/?s={search_term_string}\"},\"query-input\":{\"@type\":\"PropertyValueSpecification\",\"valueRequired\":true,\"valueName\":\"search_term_string\"}}],\"inLanguage\":\"cs\"},{\"@type\":\"Organization\",\"@id\":\"https:\/\/evertonfc.cz\/#organization\",\"name\":\"Official Czech & Slovak Everton Supporters' Club\",\"url\":\"https:\/\/evertonfc.cz\/\",\"logo\":{\"@type\":\"ImageObject\",\"inLanguage\":\"cs\",\"@id\":\"https:\/\/evertonfc.cz\/#\/schema\/logo\/image\/\",\"url\":\"https:\/\/evertonfc.cz\/wp-content\/uploads\/2019\/05\/logo.png\",\"contentUrl\":\"https:\/\/evertonfc.cz\/wp-content\/uploads\/2019\/05\/logo.png\",\"width\":112,\"height\":112,\"caption\":\"Official Czech & Slovak Everton Supporters' Club\"},\"image\":{\"@id\":\"https:\/\/evertonfc.cz\/#\/schema\/logo\/image\/\"},\"sameAs\":[\"https:\/\/www.facebook.com\/everton.fans.cz.sk\"]},{\"@type\":\"Person\",\"@id\":\"https:\/\/evertonfc.cz\/#\/schema\/person\/e9a24a80a32efa1344dd2c4e5882185c\",\"name\":\"Karamela\",\"url\":\"https:\/\/evertonfc.cz\/index.php\/author\/karamela\/\"}]}<\/script>\n<!-- \/ Yoast SEO plugin. -->","yoast_head_json":{"title":"P\u0159ich\u00e1z\u00ed Veatriki Sarri - Official Czech &amp; Slovak Everton Supporters&#039; Club","robots":{"index":"index","follow":"follow","max-snippet":"max-snippet:-1","max-image-preview":"max-image-preview:large","max-video-preview":"max-video-preview:-1"},"canonical":"https:\/\/evertonfc.cz\/index.php\/2024\/08\/02\/prichazi-veatriki-sarri\/","og_locale":"cs_CZ","og_type":"article","og_title":"P\u0159ich\u00e1z\u00ed Veatriki Sarri - Official Czech &amp; Slovak Everton Supporters&#039; Club","og_description":"P\u00e1t\u00fdm leto\u0161n\u00edm p\u0159\u00edrustkem do \u017eensk\u00e9ho t\u00fdmu je z\u00e1lo\u017enice Veatriki Sarri.","og_url":"https:\/\/evertonfc.cz\/index.php\/2024\/08\/02\/prichazi-veatriki-sarri\/","og_site_name":"Official Czech &amp; Slovak Everton Supporters&#039; Club","article_publisher":"https:\/\/www.facebook.com\/everton.fans.cz.sk","article_published_time":"2024-08-02T19:47:41+00:00","article_modified_time":"2024-08-03T16:07:32+00:00","og_image":[{"width":720,"height":405,"url":"https:\/\/evertonfc.cz\/wp-content\/uploads\/2024\/08\/Sarri-web-02_08_2024.jpg","type":"image\/jpeg"}],"author":"Karamela","twitter_card":"summary_large_image","twitter_misc":{"Napsal(a)":"Karamela","Odhadovan\u00e1 doba \u010dten\u00ed":"2 minuty"},"schema":{"@context":"https:\/\/schema.org","@graph":[{"@type":"Article","@id":"https:\/\/evertonfc.cz\/index.php\/2024\/08\/02\/prichazi-veatriki-sarri\/#article","isPartOf":{"@id":"https:\/\/evertonfc.cz\/index.php\/2024\/08\/02\/prichazi-veatriki-sarri\/"},"author":{"name":"Karamela","@id":"https:\/\/evertonfc.cz\/#\/schema\/person\/e9a24a80a32efa1344dd2c4e5882185c"},"headline":"P\u0159ich\u00e1z\u00ed Veatriki Sarri","datePublished":"2024-08-02T19:47:41+00:00","dateModified":"2024-08-03T16:07:32+00:00","mainEntityOfPage":{"@id":"https:\/\/evertonfc.cz\/index.php\/2024\/08\/02\/prichazi-veatriki-sarri\/"},"wordCount":275,"commentCount":4,"publisher":{"@id":"https:\/\/evertonfc.cz\/#organization"},"image":{"@id":"https:\/\/evertonfc.cz\/index.php\/2024\/08\/02\/prichazi-veatriki-sarri\/#primaryimage"},"thumbnailUrl":"https:\/\/evertonfc.cz\/wp-content\/uploads\/2024\/08\/Sarri-web-02_08_2024.jpg","articleSection":["Everton Women"],"inLanguage":"cs","potentialAction":[{"@type":"CommentAction","name":"Comment","target":["https:\/\/evertonfc.cz\/index.php\/2024\/08\/02\/prichazi-veatriki-sarri\/#respond"]}]},{"@type":"WebPage","@id":"https:\/\/evertonfc.cz\/index.php\/2024\/08\/02\/prichazi-veatriki-sarri\/","url":"https:\/\/evertonfc.cz\/index.php\/2024\/08\/02\/prichazi-veatriki-sarri\/","name":"P\u0159ich\u00e1z\u00ed Veatriki Sarri - Official Czech &amp; Slovak Everton Supporters&#039; Club","isPartOf":{"@id":"https:\/\/evertonfc.cz\/#website"},"primaryImageOfPage":{"@id":"https:\/\/evertonfc.cz\/index.php\/2024\/08\/02\/prichazi-veatriki-sarri\/#primaryimage"},"image":{"@id":"https:\/\/evertonfc.cz\/index.php\/2024\/08\/02\/prichazi-veatriki-sarri\/#primaryimage"},"thumbnailUrl":"https:\/\/evertonfc.cz\/wp-content\/uploads\/2024\/08\/Sarri-web-02_08_2024.jpg","datePublished":"2024-08-02T19:47:41+00:00","dateModified":"2024-08-03T16:07:32+00:00","breadcrumb":{"@id":"https:\/\/evertonfc.cz\/index.php\/2024\/08\/02\/prichazi-veatriki-sarri\/#breadcrumb"},"inLanguage":"cs","potentialAction":[{"@type":"ReadAction","target":["https:\/\/evertonfc.cz\/index.php\/2024\/08\/02\/prichazi-veatriki-sarri\/"]}]},{"@type":"ImageObject","inLanguage":"cs","@id":"https:\/\/evertonfc.cz\/index.php\/2024\/08\/02\/prichazi-veatriki-sarri\/#primaryimage","url":"https:\/\/evertonfc.cz\/wp-content\/uploads\/2024\/08\/Sarri-web-02_08_2024.jpg","contentUrl":"https:\/\/evertonfc.cz\/wp-content\/uploads\/2024\/08\/Sarri-web-02_08_2024.jpg","width":720,"height":405},{"@type":"BreadcrumbList","@id":"https:\/\/evertonfc.cz\/index.php\/2024\/08\/02\/prichazi-veatriki-sarri\/#breadcrumb","itemListElement":[{"@type":"ListItem","position":1,"name":"Home","item":"https:\/\/evertonfc.cz\/"},{"@type":"ListItem","position":2,"name":"P\u0159ich\u00e1z\u00ed Veatriki Sarri"}]},{"@type":"WebSite","@id":"https:\/\/evertonfc.cz\/#website","url":"https:\/\/evertonfc.cz\/","name":"Official Czech &amp; Slovak Everton Supporters&#039; Club","description":"","publisher":{"@id":"https:\/\/evertonfc.cz\/#organization"},"potentialAction":[{"@type":"SearchAction","target":{"@type":"EntryPoint","urlTemplate":"https:\/\/evertonfc.cz\/?s={search_term_string}"},"query-input":{"@type":"PropertyValueSpecification","valueRequired":true,"valueName":"search_term_string"}}],"inLanguage":"cs"},{"@type":"Organization","@id":"https:\/\/evertonfc.cz\/#organization","name":"Official Czech & Slovak Everton Supporters' Club","url":"https:\/\/evertonfc.cz\/","logo":{"@type":"ImageObject","inLanguage":"cs","@id":"https:\/\/evertonfc.cz\/#\/schema\/logo\/image\/","url":"https:\/\/evertonfc.cz\/wp-content\/uploads\/2019\/05\/logo.png","contentUrl":"https:\/\/evertonfc.cz\/wp-content\/uploads\/2019\/05\/logo.png","width":112,"height":112,"caption":"Official Czech & Slovak Everton Supporters' Club"},"image":{"@id":"https:\/\/evertonfc.cz\/#\/schema\/logo\/image\/"},"sameAs":["https:\/\/www.facebook.com\/everton.fans.cz.sk"]},{"@type":"Person","@id":"https:\/\/evertonfc.cz\/#\/schema\/person\/e9a24a80a32efa1344dd2c4e5882185c","name":"Karamela","url":"https:\/\/evertonfc.cz\/index.php\/author\/karamela\/"}]}},"_links":{"self":[{"href":"https:\/\/evertonfc.cz\/index.php\/wp-json\/wp\/v2\/posts\/24875"}],"collection":[{"href":"https:\/\/evertonfc.cz\/index.php\/wp-json\/wp\/v2\/posts"}],"about":[{"href":"https:\/\/evertonfc.cz\/index.php\/wp-json\/wp\/v2\/types\/post"}],"author":[{"embeddable":true,"href":"https:\/\/evertonfc.cz\/index.php\/wp-json\/wp\/v2\/users\/26"}],"replies":[{"embeddable":true,"href":"https:\/\/evertonfc.cz\/index.php\/wp-json\/wp\/v2\/comments?post=24875"}],"version-history":[{"count":4,"href":"https:\/\/evertonfc.cz\/index.php\/wp-json\/wp\/v2\/posts\/24875\/revisions"}],"predecessor-version":[{"id":24880,"href":"https:\/\/evertonfc.cz\/index.php\/wp-json\/wp\/v2\/posts\/24875\/revisions\/24880"}],"wp:featuredmedia":[{"embeddable":true,"href":"https:\/\/evertonfc.cz\/index.php\/wp-json\/wp\/v2\/media\/24877"}],"wp:attachment":[{"href":"https:\/\/evertonfc.cz\/index.php\/wp-json\/wp\/v2\/media?parent=24875"}],"wp:term":[{"taxonomy":"category","embeddable":true,"href":"https:\/\/evertonfc.cz\/index.php\/wp-json\/wp\/v2\/categories?post=24875"},{"taxonomy":"post_tag","embeddable":true,"href":"https:\/\/evertonfc.cz\/index.php\/wp-json\/wp\/v2\/tags?post=24875"}],"curies":[{"name":"wp","href":"https:\/\/api.w.org\/{rel}","templated":true}]}}