{"id":24897,"date":"2024-08-06T21:41:57","date_gmt":"2024-08-06T19:41:57","guid":{"rendered":"https:\/\/evertonfc.cz\/?p=24897"},"modified":"2024-08-07T13:15:56","modified_gmt":"2024-08-07T11:15:56","slug":"prichazi-inma-gabarro","status":"publish","type":"post","link":"https:\/\/evertonfc.cz\/index.php\/2024\/08\/06\/prichazi-inma-gabarro\/","title":{"rendered":"P\u0159ich\u00e1z\u00ed Inma Gabarro"},"content":{"rendered":"<h4>Maria Inmaculada \u201eInma\u201c Gabarro Romero, tak zn\u00ed cel\u00e9 jm\u00e9no na\u0161\u00ed \u0161est\u00e9 leto\u0161n\u00ed posily.<\/h4>\n<p>Z rozp\u00e1len\u00fdch pl\u00e1n\u00ed Andalusie, p\u0159esn\u011bji z jej\u00edho staroslavn\u00e9ho hlavn\u00edho m\u011bsta Sevilly, je\u0161t\u011b p\u0159esn\u011bji z jeho \u017eensk\u00e9ho fotbalov\u00e9ho klubu k n\u00e1m dorazila jednadvacetilet\u00e1 Inma Gabarro. 160 cm vysok\u00e1\u00a0 roda\u010dka z andalusk\u00e9ho Espartinasu str\u00e1vila v Seville celou svoj\u00ed dosavadn\u00ed fotbalovou kari\u00e9ru. Ta za\u010dala v roce 2016 v ml\u00e1de\u017enick\u00e9m t\u00fdmu. Od roku 2018 pokra\u010dovala v kategorii dosp\u011bl\u00fdch.<\/p>\n<p>Nejprve mezi roky 2018-2021 v sevillsk\u00e9m b\u00e9\u010dku a od roku 2019 i v t\u00fdmu Sevilla A. Za svoj\u00ed dosp\u011blou kari\u00e9ru odehr\u00e1la za Las Rojiblancas 121 z\u00e1pas\u016f, ve kter\u00fdch zaznamenala 22 branek (z toho za posledn\u00ed t\u0159i roky pravideln\u011b 5-7 g\u00f3l\u016f za sez\u00f3nu). Gabarro je i \u0161pan\u011blskou reprezentantkou. Pokud nepo\u010d\u00edt\u00e1me ml\u00e1de\u017enick\u00e9 kategorie, tak zat\u00edm nastoupila ke 4 mezist\u00e1tn\u00edm z\u00e1pas\u016fm, ve kter\u00fdch se j\u00ed dvakr\u00e1t poda\u0159ilo p\u0159ekonat brank\u00e1\u0159ku soupe\u0159e.<\/p>\n<p>Inma Gabarro je pravonoh\u00e1 \u00fato\u010dnice a v na\u0161em (eventueln\u00edm) ofenzivn\u00edm po\u010d\u00edn\u00e1n\u00ed by se mohla vhodn\u011b dopl\u0148ovat se svoj\u00ed ex-sevillskou spoluhr\u00e1\u010dkou Toni Payne, kter\u00e1 k n\u00e1m tak\u00e9 letos p\u0159ibyla. Jak je obvykl\u00e9, Brian S\u00f8rensen ji\u017e Gabarro n\u011bjakou dobu sledoval. Krom\u011b rozv\u00edjen\u00ed jej\u00edho nepochybn\u00e9ho talentu v royal blue jersey se od n\u00ed o\u010dek\u00e1v\u00e1 i p\u0159\u00edm\u00fd vliv na kvalitu na\u0161\u00ed hry, a to u\u017e od prvn\u00edch f\u00e1z\u00ed nov\u00e9ho ligov\u00e9ho ro\u010dn\u00edku. A na to se opravdu t\u011b\u0161\u00edme. Tak\u017ee v\u0159ele v\u00edt\u00e1me tuto novou posilu. <strong><span style=\"color: #0000ff;\">COYB!<\/span><\/strong><\/p>\n<p style=\"text-align: right;\"><span style=\"font-size: 8pt;\"><em>Zdroj fotografie: Eurosport.es<\/em><\/span><\/p>\n","protected":false},"excerpt":{"rendered":"<p>Maria Inmaculada \u201eInma\u201c Gabarro Romero, tak zn\u00ed cel\u00e9 jm\u00e9no na\u0161\u00ed \u0161est\u00e9 leto\u0161n\u00ed posily.<\/p>\n","protected":false},"author":26,"featured_media":24911,"comment_status":"open","ping_status":"closed","sticky":false,"template":"","format":"standard","meta":{"_eb_attr":"","_monsterinsights_skip_tracking":false,"_monsterinsights_sitenote_active":false,"_monsterinsights_sitenote_note":"","_monsterinsights_sitenote_category":0,"footnotes":""},"categories":[110],"tags":[],"yoast_head":"<!-- This site is optimized with the Yoast SEO plugin v23.4 - https:\/\/yoast.com\/wordpress\/plugins\/seo\/ -->\n<title>P\u0159ich\u00e1z\u00ed Inma Gabarro - Official Czech &amp; Slovak Everton Supporters&#039; Club<\/title>\n<meta name=\"robots\" content=\"index, follow, max-snippet:-1, max-image-preview:large, max-video-preview:-1\" \/>\n<link rel=\"canonical\" href=\"https:\/\/evertonfc.cz\/index.php\/2024\/08\/06\/prichazi-inma-gabarro\/\" \/>\n<meta property=\"og:locale\" content=\"cs_CZ\" \/>\n<meta property=\"og:type\" content=\"article\" \/>\n<meta property=\"og:title\" content=\"P\u0159ich\u00e1z\u00ed Inma Gabarro - Official Czech &amp; Slovak Everton Supporters&#039; Club\" \/>\n<meta property=\"og:description\" content=\"Maria Inmaculada \u201eInma\u201c Gabarro Romero, tak zn\u00ed cel\u00e9 jm\u00e9no na\u0161\u00ed \u0161est\u00e9 leto\u0161n\u00ed posily.\" \/>\n<meta property=\"og:url\" content=\"https:\/\/evertonfc.cz\/index.php\/2024\/08\/06\/prichazi-inma-gabarro\/\" \/>\n<meta property=\"og:site_name\" content=\"Official Czech &amp; Slovak Everton Supporters&#039; Club\" \/>\n<meta property=\"article:publisher\" content=\"https:\/\/www.facebook.com\/everton.fans.cz.sk\" \/>\n<meta property=\"article:published_time\" content=\"2024-08-06T19:41:57+00:00\" \/>\n<meta property=\"article:modified_time\" content=\"2024-08-07T11:15:56+00:00\" \/>\n<meta property=\"og:image\" content=\"https:\/\/evertonfc.cz\/wp-content\/uploads\/2024\/08\/Inma-Gabarro-by-evertonfc.com-7-8-2024.jpg\" \/>\n\t<meta property=\"og:image:width\" content=\"720\" \/>\n\t<meta property=\"og:image:height\" content=\"405\" \/>\n\t<meta property=\"og:image:type\" content=\"image\/jpeg\" \/>\n<meta name=\"author\" content=\"Karamela\" \/>\n<meta name=\"twitter:card\" content=\"summary_large_image\" \/>\n<meta name=\"twitter:label1\" content=\"Napsal(a)\" \/>\n\t<meta name=\"twitter:data1\" content=\"Karamela\" \/>\n\t<meta name=\"twitter:label2\" content=\"Odhadovan\u00e1 doba \u010dten\u00ed\" \/>\n\t<meta name=\"twitter:data2\" content=\"2 minuty\" \/>\n<script type=\"application\/ld+json\" class=\"yoast-schema-graph\">{\"@context\":\"https:\/\/schema.org\",\"@graph\":[{\"@type\":\"Article\",\"@id\":\"https:\/\/evertonfc.cz\/index.php\/2024\/08\/06\/prichazi-inma-gabarro\/#article\",\"isPartOf\":{\"@id\":\"https:\/\/evertonfc.cz\/index.php\/2024\/08\/06\/prichazi-inma-gabarro\/\"},\"author\":{\"name\":\"Karamela\",\"@id\":\"https:\/\/evertonfc.cz\/#\/schema\/person\/e9a24a80a32efa1344dd2c4e5882185c\"},\"headline\":\"P\u0159ich\u00e1z\u00ed Inma Gabarro\",\"datePublished\":\"2024-08-06T19:41:57+00:00\",\"dateModified\":\"2024-08-07T11:15:56+00:00\",\"mainEntityOfPage\":{\"@id\":\"https:\/\/evertonfc.cz\/index.php\/2024\/08\/06\/prichazi-inma-gabarro\/\"},\"wordCount\":301,\"commentCount\":4,\"publisher\":{\"@id\":\"https:\/\/evertonfc.cz\/#organization\"},\"image\":{\"@id\":\"https:\/\/evertonfc.cz\/index.php\/2024\/08\/06\/prichazi-inma-gabarro\/#primaryimage\"},\"thumbnailUrl\":\"https:\/\/evertonfc.cz\/wp-content\/uploads\/2024\/08\/Inma-Gabarro-by-evertonfc.com-7-8-2024.jpg\",\"articleSection\":[\"Everton Women\"],\"inLanguage\":\"cs\",\"potentialAction\":[{\"@type\":\"CommentAction\",\"name\":\"Comment\",\"target\":[\"https:\/\/evertonfc.cz\/index.php\/2024\/08\/06\/prichazi-inma-gabarro\/#respond\"]}]},{\"@type\":\"WebPage\",\"@id\":\"https:\/\/evertonfc.cz\/index.php\/2024\/08\/06\/prichazi-inma-gabarro\/\",\"url\":\"https:\/\/evertonfc.cz\/index.php\/2024\/08\/06\/prichazi-inma-gabarro\/\",\"name\":\"P\u0159ich\u00e1z\u00ed Inma Gabarro - Official Czech &amp; Slovak Everton Supporters&#039; Club\",\"isPartOf\":{\"@id\":\"https:\/\/evertonfc.cz\/#website\"},\"primaryImageOfPage\":{\"@id\":\"https:\/\/evertonfc.cz\/index.php\/2024\/08\/06\/prichazi-inma-gabarro\/#primaryimage\"},\"image\":{\"@id\":\"https:\/\/evertonfc.cz\/index.php\/2024\/08\/06\/prichazi-inma-gabarro\/#primaryimage\"},\"thumbnailUrl\":\"https:\/\/evertonfc.cz\/wp-content\/uploads\/2024\/08\/Inma-Gabarro-by-evertonfc.com-7-8-2024.jpg\",\"datePublished\":\"2024-08-06T19:41:57+00:00\",\"dateModified\":\"2024-08-07T11:15:56+00:00\",\"breadcrumb\":{\"@id\":\"https:\/\/evertonfc.cz\/index.php\/2024\/08\/06\/prichazi-inma-gabarro\/#breadcrumb\"},\"inLanguage\":\"cs\",\"potentialAction\":[{\"@type\":\"ReadAction\",\"target\":[\"https:\/\/evertonfc.cz\/index.php\/2024\/08\/06\/prichazi-inma-gabarro\/\"]}]},{\"@type\":\"ImageObject\",\"inLanguage\":\"cs\",\"@id\":\"https:\/\/evertonfc.cz\/index.php\/2024\/08\/06\/prichazi-inma-gabarro\/#primaryimage\",\"url\":\"https:\/\/evertonfc.cz\/wp-content\/uploads\/2024\/08\/Inma-Gabarro-by-evertonfc.com-7-8-2024.jpg\",\"contentUrl\":\"https:\/\/evertonfc.cz\/wp-content\/uploads\/2024\/08\/Inma-Gabarro-by-evertonfc.com-7-8-2024.jpg\",\"width\":720,\"height\":405},{\"@type\":\"BreadcrumbList\",\"@id\":\"https:\/\/evertonfc.cz\/index.php\/2024\/08\/06\/prichazi-inma-gabarro\/#breadcrumb\",\"itemListElement\":[{\"@type\":\"ListItem\",\"position\":1,\"name\":\"Home\",\"item\":\"https:\/\/evertonfc.cz\/\"},{\"@type\":\"ListItem\",\"position\":2,\"name\":\"P\u0159ich\u00e1z\u00ed Inma Gabarro\"}]},{\"@type\":\"WebSite\",\"@id\":\"https:\/\/evertonfc.cz\/#website\",\"url\":\"https:\/\/evertonfc.cz\/\",\"name\":\"Official Czech &amp; Slovak Everton Supporters&#039; Club\",\"description\":\"\",\"publisher\":{\"@id\":\"https:\/\/evertonfc.cz\/#organization\"},\"potentialAction\":[{\"@type\":\"SearchAction\",\"target\":{\"@type\":\"EntryPoint\",\"urlTemplate\":\"https:\/\/evertonfc.cz\/?s={search_term_string}\"},\"query-input\":{\"@type\":\"PropertyValueSpecification\",\"valueRequired\":true,\"valueName\":\"search_term_string\"}}],\"inLanguage\":\"cs\"},{\"@type\":\"Organization\",\"@id\":\"https:\/\/evertonfc.cz\/#organization\",\"name\":\"Official Czech & Slovak Everton Supporters' Club\",\"url\":\"https:\/\/evertonfc.cz\/\",\"logo\":{\"@type\":\"ImageObject\",\"inLanguage\":\"cs\",\"@id\":\"https:\/\/evertonfc.cz\/#\/schema\/logo\/image\/\",\"url\":\"https:\/\/evertonfc.cz\/wp-content\/uploads\/2019\/05\/logo.png\",\"contentUrl\":\"https:\/\/evertonfc.cz\/wp-content\/uploads\/2019\/05\/logo.png\",\"width\":112,\"height\":112,\"caption\":\"Official Czech & Slovak Everton Supporters' Club\"},\"image\":{\"@id\":\"https:\/\/evertonfc.cz\/#\/schema\/logo\/image\/\"},\"sameAs\":[\"https:\/\/www.facebook.com\/everton.fans.cz.sk\"]},{\"@type\":\"Person\",\"@id\":\"https:\/\/evertonfc.cz\/#\/schema\/person\/e9a24a80a32efa1344dd2c4e5882185c\",\"name\":\"Karamela\",\"url\":\"https:\/\/evertonfc.cz\/index.php\/author\/karamela\/\"}]}<\/script>\n<!-- \/ Yoast SEO plugin. -->","yoast_head_json":{"title":"P\u0159ich\u00e1z\u00ed Inma Gabarro - Official Czech &amp; Slovak Everton Supporters&#039; Club","robots":{"index":"index","follow":"follow","max-snippet":"max-snippet:-1","max-image-preview":"max-image-preview:large","max-video-preview":"max-video-preview:-1"},"canonical":"https:\/\/evertonfc.cz\/index.php\/2024\/08\/06\/prichazi-inma-gabarro\/","og_locale":"cs_CZ","og_type":"article","og_title":"P\u0159ich\u00e1z\u00ed Inma Gabarro - Official Czech &amp; Slovak Everton Supporters&#039; Club","og_description":"Maria Inmaculada \u201eInma\u201c Gabarro Romero, tak zn\u00ed cel\u00e9 jm\u00e9no na\u0161\u00ed \u0161est\u00e9 leto\u0161n\u00ed posily.","og_url":"https:\/\/evertonfc.cz\/index.php\/2024\/08\/06\/prichazi-inma-gabarro\/","og_site_name":"Official Czech &amp; Slovak Everton Supporters&#039; Club","article_publisher":"https:\/\/www.facebook.com\/everton.fans.cz.sk","article_published_time":"2024-08-06T19:41:57+00:00","article_modified_time":"2024-08-07T11:15:56+00:00","og_image":[{"width":720,"height":405,"url":"https:\/\/evertonfc.cz\/wp-content\/uploads\/2024\/08\/Inma-Gabarro-by-evertonfc.com-7-8-2024.jpg","type":"image\/jpeg"}],"author":"Karamela","twitter_card":"summary_large_image","twitter_misc":{"Napsal(a)":"Karamela","Odhadovan\u00e1 doba \u010dten\u00ed":"2 minuty"},"schema":{"@context":"https:\/\/schema.org","@graph":[{"@type":"Article","@id":"https:\/\/evertonfc.cz\/index.php\/2024\/08\/06\/prichazi-inma-gabarro\/#article","isPartOf":{"@id":"https:\/\/evertonfc.cz\/index.php\/2024\/08\/06\/prichazi-inma-gabarro\/"},"author":{"name":"Karamela","@id":"https:\/\/evertonfc.cz\/#\/schema\/person\/e9a24a80a32efa1344dd2c4e5882185c"},"headline":"P\u0159ich\u00e1z\u00ed Inma Gabarro","datePublished":"2024-08-06T19:41:57+00:00","dateModified":"2024-08-07T11:15:56+00:00","mainEntityOfPage":{"@id":"https:\/\/evertonfc.cz\/index.php\/2024\/08\/06\/prichazi-inma-gabarro\/"},"wordCount":301,"commentCount":4,"publisher":{"@id":"https:\/\/evertonfc.cz\/#organization"},"image":{"@id":"https:\/\/evertonfc.cz\/index.php\/2024\/08\/06\/prichazi-inma-gabarro\/#primaryimage"},"thumbnailUrl":"https:\/\/evertonfc.cz\/wp-content\/uploads\/2024\/08\/Inma-Gabarro-by-evertonfc.com-7-8-2024.jpg","articleSection":["Everton Women"],"inLanguage":"cs","potentialAction":[{"@type":"CommentAction","name":"Comment","target":["https:\/\/evertonfc.cz\/index.php\/2024\/08\/06\/prichazi-inma-gabarro\/#respond"]}]},{"@type":"WebPage","@id":"https:\/\/evertonfc.cz\/index.php\/2024\/08\/06\/prichazi-inma-gabarro\/","url":"https:\/\/evertonfc.cz\/index.php\/2024\/08\/06\/prichazi-inma-gabarro\/","name":"P\u0159ich\u00e1z\u00ed Inma Gabarro - Official Czech &amp; Slovak Everton Supporters&#039; Club","isPartOf":{"@id":"https:\/\/evertonfc.cz\/#website"},"primaryImageOfPage":{"@id":"https:\/\/evertonfc.cz\/index.php\/2024\/08\/06\/prichazi-inma-gabarro\/#primaryimage"},"image":{"@id":"https:\/\/evertonfc.cz\/index.php\/2024\/08\/06\/prichazi-inma-gabarro\/#primaryimage"},"thumbnailUrl":"https:\/\/evertonfc.cz\/wp-content\/uploads\/2024\/08\/Inma-Gabarro-by-evertonfc.com-7-8-2024.jpg","datePublished":"2024-08-06T19:41:57+00:00","dateModified":"2024-08-07T11:15:56+00:00","breadcrumb":{"@id":"https:\/\/evertonfc.cz\/index.php\/2024\/08\/06\/prichazi-inma-gabarro\/#breadcrumb"},"inLanguage":"cs","potentialAction":[{"@type":"ReadAction","target":["https:\/\/evertonfc.cz\/index.php\/2024\/08\/06\/prichazi-inma-gabarro\/"]}]},{"@type":"ImageObject","inLanguage":"cs","@id":"https:\/\/evertonfc.cz\/index.php\/2024\/08\/06\/prichazi-inma-gabarro\/#primaryimage","url":"https:\/\/evertonfc.cz\/wp-content\/uploads\/2024\/08\/Inma-Gabarro-by-evertonfc.com-7-8-2024.jpg","contentUrl":"https:\/\/evertonfc.cz\/wp-content\/uploads\/2024\/08\/Inma-Gabarro-by-evertonfc.com-7-8-2024.jpg","width":720,"height":405},{"@type":"BreadcrumbList","@id":"https:\/\/evertonfc.cz\/index.php\/2024\/08\/06\/prichazi-inma-gabarro\/#breadcrumb","itemListElement":[{"@type":"ListItem","position":1,"name":"Home","item":"https:\/\/evertonfc.cz\/"},{"@type":"ListItem","position":2,"name":"P\u0159ich\u00e1z\u00ed Inma Gabarro"}]},{"@type":"WebSite","@id":"https:\/\/evertonfc.cz\/#website","url":"https:\/\/evertonfc.cz\/","name":"Official Czech &amp; Slovak Everton Supporters&#039; Club","description":"","publisher":{"@id":"https:\/\/evertonfc.cz\/#organization"},"potentialAction":[{"@type":"SearchAction","target":{"@type":"EntryPoint","urlTemplate":"https:\/\/evertonfc.cz\/?s={search_term_string}"},"query-input":{"@type":"PropertyValueSpecification","valueRequired":true,"valueName":"search_term_string"}}],"inLanguage":"cs"},{"@type":"Organization","@id":"https:\/\/evertonfc.cz\/#organization","name":"Official Czech & Slovak Everton Supporters' Club","url":"https:\/\/evertonfc.cz\/","logo":{"@type":"ImageObject","inLanguage":"cs","@id":"https:\/\/evertonfc.cz\/#\/schema\/logo\/image\/","url":"https:\/\/evertonfc.cz\/wp-content\/uploads\/2019\/05\/logo.png","contentUrl":"https:\/\/evertonfc.cz\/wp-content\/uploads\/2019\/05\/logo.png","width":112,"height":112,"caption":"Official Czech & Slovak Everton Supporters' Club"},"image":{"@id":"https:\/\/evertonfc.cz\/#\/schema\/logo\/image\/"},"sameAs":["https:\/\/www.facebook.com\/everton.fans.cz.sk"]},{"@type":"Person","@id":"https:\/\/evertonfc.cz\/#\/schema\/person\/e9a24a80a32efa1344dd2c4e5882185c","name":"Karamela","url":"https:\/\/evertonfc.cz\/index.php\/author\/karamela\/"}]}},"_links":{"self":[{"href":"https:\/\/evertonfc.cz\/index.php\/wp-json\/wp\/v2\/posts\/24897"}],"collection":[{"href":"https:\/\/evertonfc.cz\/index.php\/wp-json\/wp\/v2\/posts"}],"about":[{"href":"https:\/\/evertonfc.cz\/index.php\/wp-json\/wp\/v2\/types\/post"}],"author":[{"embeddable":true,"href":"https:\/\/evertonfc.cz\/index.php\/wp-json\/wp\/v2\/users\/26"}],"replies":[{"embeddable":true,"href":"https:\/\/evertonfc.cz\/index.php\/wp-json\/wp\/v2\/comments?post=24897"}],"version-history":[{"count":7,"href":"https:\/\/evertonfc.cz\/index.php\/wp-json\/wp\/v2\/posts\/24897\/revisions"}],"predecessor-version":[{"id":24912,"href":"https:\/\/evertonfc.cz\/index.php\/wp-json\/wp\/v2\/posts\/24897\/revisions\/24912"}],"wp:featuredmedia":[{"embeddable":true,"href":"https:\/\/evertonfc.cz\/index.php\/wp-json\/wp\/v2\/media\/24911"}],"wp:attachment":[{"href":"https:\/\/evertonfc.cz\/index.php\/wp-json\/wp\/v2\/media?parent=24897"}],"wp:term":[{"taxonomy":"category","embeddable":true,"href":"https:\/\/evertonfc.cz\/index.php\/wp-json\/wp\/v2\/categories?post=24897"},{"taxonomy":"post_tag","embeddable":true,"href":"https:\/\/evertonfc.cz\/index.php\/wp-json\/wp\/v2\/tags?post=24897"}],"curies":[{"name":"wp","href":"https:\/\/api.w.org\/{rel}","templated":true}]}}