{"id":24930,"date":"2024-08-10T22:07:30","date_gmt":"2024-08-10T20:07:30","guid":{"rendered":"https:\/\/evertonfc.cz\/?p=24930"},"modified":"2024-08-11T18:26:12","modified_gmt":"2024-08-11T16:26:12","slug":"priprava-everton-as-rim-11","status":"publish","type":"post","link":"https:\/\/evertonfc.cz\/index.php\/2024\/08\/10\/priprava-everton-as-rim-11\/","title":{"rendered":"P\u0159\u00edprava: Everton &#8211; AS \u0158\u00edm 1:1"},"content":{"rendered":"<h4>K posledn\u00edmu z pl\u00e1novan\u00fdch p\u0159\u00e1telsk\u00fdch z\u00e1pas\u016f p\u0159ed sez\u00f3nou p\u0159ijal pozv\u00e1n\u00ed AS \u0158\u00edm. P\u0159ed \u010dasem to vypadalo, \u017ee p\u016fjde o entr\u00e9e nov\u00e9ho majitele, nakonec z\u016fstalo jen u gener\u00e1lky.<\/h4>\n<p>Slunce zalilo podve\u010dern\u00ed Merseyside, ale na sv\u00e9 pouti je\u0161t\u011b nekleslo do Irsk\u00e9ho mo\u0159e, za\u010d\u00e1tek z\u00e1pasu tak Main Stand vrhal jen \u00fazk\u00fd pruh st\u00ednu. Sean Dyche m\u011bl k dispozici vicemistra Evropy Pickforda, zran\u011bn\u00e9 Branthwaitea a Garnera nahradili nov\u00e9 posily O\u2019Brien a Iroegbunam, jinak nic nov\u00e9ho pod sluncem.<\/p>\n<h4>Prvn\u00ed polo\u010das<\/h4>\n<p>Za\u010d\u00e1tek pat\u0159il host\u016fm, nov\u00e1, drah\u00e1 posila Artem Dovbyk utekl obr\u00e1nc\u016fm, ale pokus uklidit m\u00ed\u010d pod\u00e9l Pickforda byl a\u017e moc le\u017e\u00e9rn\u00ed. \u00datoky Evertonu \u0161ly v\u00fdhradn\u011b v pruhu st\u00ednu na prav\u00e9 stran\u011b, kde byl aktivn\u00ed Harrison s pomoc\u00ed Iroegbunama. Tim\u016fv centr ale nedostihl na zadn\u00ed ty\u010di McNeil. Pak op\u011bt zahrozil Dovbyk, na druh\u00e9 stran\u011b Harrison\u016fv centr minul DCL.<\/p>\n<p>Prvn\u00ed polo\u010das prob\u00edhal v pon\u011bkud piknikov\u00e9m tempu, nane\u0161t\u011bst\u00ed kapit\u00e1n Coleman si po p\u016flhodin\u011b nat\u00e1hl sval a \u0161el si sednout na deku. Nahradil ho Ashley Young, kapit\u00e1nskou p\u00e1sku dostal Tarkowski. O p\u00e1r minut ale nechali obr\u00e1nci p\u0159\u00edli\u0161 volnosti k n\u00e1b\u011bhu Pellegrinimu, \u010deho\u017e si byst\u0159e pov\u0161iml Soul\u00e9 a hostuj\u00edc\u00ed kapit\u00e1n p\u0159\u00edzemn\u00ed st\u0159elou p\u0159ekonal Pickyho \u2013 <strong>0:1<\/strong>.<\/p>\n<h4>Druh\u00fd polo\u010das<\/h4>\n<p>St\u00edn se posouval d\u00e1l a\u017e za polovinu h\u0159i\u0161t\u011b, a to p\u0159isp\u011blo k v\u011bt\u0161\u00ed aktivit\u011b Toffees. McNeil mo\u017en\u00e1 zbyte\u010dn\u011b, le\u010d zaj\u00edmav\u011b rozehr\u00e1l p\u0159\u00edm\u00fd kop na kr\u00e1tko s Harrisonem, jeho centr nebyl p\u0159esn\u00fd. DCL n\u00e1sledn\u011b v tahu na br\u00e1nu sice m\u00ed\u0159il l\u00e9pe, ale byl zablokov\u00e1n. Tlak pokra\u010doval, ale nakonec to byl dlouh\u00fd pas od McNeila a skv\u011bl\u00fd n\u00e1b\u011bh za obranu od DCL, kter\u00fd si pohr\u00e1l s Ndickou a na p\u0159edn\u00ed ty\u010di nachytal Svilara \u2013 <strong>1:1<\/strong>.<\/p>\n<p>N\u00e1sledovalo st\u0159\u00edd\u00e1n\u00ed, neviditeln\u00fd Doucour\u00e9 a nahr\u00e1va\u010d McNeil p\u0159epustili m\u00edsto debutant\u016fm na Grand Old Lady \u2013 Lindstr\u00f8movi a Ndiayemu. Druh\u00fd jmenovan\u00fd nemarnil \u010das a vytasil se zidanovkou, ale um\u00edst\u011bnou st\u0159elu zne\u0161kodnil kazisv\u011bt Svilar. Wow! Hned nato si za obranu nab\u011bhl DCL, zkou\u0161el g\u00f3lmana p\u0159ehodit, chyb\u011blo m\u00e1lo. Za moment op\u011bt Ndiaye neskute\u010dn\u011b zrychlil a p\u0159e\u0161el t\u00e9m\u011b\u0159 od v\u00e1pna k v\u00e1pnu s m\u00ed\u010dem, Harrison po jeho vyzv\u00e1n\u00ed nest\u0159\u00edlel zle, ale jen do Svilara. Jack pak po skv\u011bl\u00e9 pr\u00e1ci Iroegbunama vypr\u00e1\u0161il rukavice Belgi\u010dana je\u0161t\u011b jednou.<\/p>\n<p>Lindstr\u00f8m zahr\u00e1val n\u011bkolik p\u0159\u00edm\u00e1k\u016f, jeden poslal na zadn\u00ed ty\u010d, ale bez reakce spoluhr\u00e1\u010d\u016f. Jen deset minut dostal Beto, kter\u00fd p\u0159i\u0161el s Armstrongem. Bojoval jako lev, p\u00e1r soupe\u0159\u016f povalil, ale do \u0161ance se vlastn\u011b nedostal. Na druh\u00e9 stran\u011b si n\u011bkolikr\u00e1t narazil El Shaarawy, jeho st\u0159elu Pickford kryl.<\/p>\n<p>To, co za\u010dala jako nuda k uzouf\u00e1n\u00ed, gradovalo, a p\u0159es 30 tis\u00edc div\u00e1k\u016f se muselo bavit. Everton m\u011b p\u0159ekvapil i nov\u00fdm fontem na dresech se jm\u00e9ny a \u010d\u00edsly. Identifikoval jsem to n\u011bco jako Helveticu*. Ani jsem nev\u011bd\u011bl, \u017ee nen\u00ed jednotn\u00fd p\u0159edpis. Hr\u00e1\u010dem z\u00e1pasu za mne Tim Iroegbunam, aktivn\u00ed, sebev\u011bdom\u00fd, hru dok\u00e1zal zrychlit, neb\u00e1l se nahr\u00e1vat dop\u0159edu a je\u0161t\u011b tam b\u011b\u017eet. A kdyby hr\u00e1l od za\u010d\u00e1tku, konkuroval by mu Iliman Ndiaye. Radost sledovat! DCL m\u00e1 sice v\u00fdraz desper\u00e1ta, \u00fa\u010des z ghetta, ale je ve form\u011b. Nechte m\u011b sn\u00edt aspo\u0148 do prvn\u00edho kola!<\/p>\n<p style=\"text-align: right;\"><span style=\"font-size: 8pt;\">fotozdroj: liverpoolecho.co.uk<\/span><\/p>\n<p><strong>Branky<\/strong>: 61\u2018 Calvert-Lewin \u2013 39\u2018 Pellegrini<\/p>\n<p><strong>Everton<\/strong>: Pickford \u2013 Coleman (32\u2018 Young), Tarkowski, O\u2019Brien, Mykolenko \u2013 Iroegbunam (80\u2018 Armstrong), Gueye \u2013 Harrison, Doucour\u00e9 (63\u2018 Lindstr\u00f8m), McNeil (63\u2018 Ndiaye) \u2013 Calvert-Lewin (80\u2018 Beto)<\/p>\n<p><strong>AS \u0158\u00edm<\/strong>: Svilar \u2013 Angelino, Ndicka, Mancini (80\u2018 Smalling), Celik \u2013 Le Fee (62\u2018 Baldanzi), Soul\u00e9 (75\u2018 Bove)\u2013 Zalewski (46\u2018 El Sharaawy), Cristante, Pellegrini (75\u2018 Dybala) \u2013 Dovbyk (80\u2018 Abraham)<\/p>\n<p><strong>Div\u00e1k\u016f<\/strong>: 31\u00a0234<\/p>\n<p>* V\u010dera jsem si toho nev\u0161iml, ale jde o p\u0159ipom\u00ednku posledn\u00ed sez\u00f3ny na GP, proto vych\u00e1z\u00ed speci\u00e1ln\u00ed font a logo na rameno &#8222;Goodison 25&#8220;. Pro ligov\u00e9 z\u00e1pasy ale podle v\u0161eho bude pou\u017e\u00edv\u00e1n ofici\u00e1ln\u00ed font PL.<\/p>\n","protected":false},"excerpt":{"rendered":"<p>K posledn\u00edmu z pl\u00e1novan\u00fdch p\u0159\u00e1telsk\u00fdch z\u00e1pas\u016f p\u0159ed sez\u00f3nou p\u0159ijal pozv\u00e1n\u00ed AS \u0158\u00edm. P\u0159ed \u010dasem to vypadalo, \u017ee p\u016fjde o entr\u00e9e nov\u00e9ho majitele, nakonec z\u016fstalo jen u gener\u00e1lky.<\/p>\n","protected":false},"author":10,"featured_media":24929,"comment_status":"open","ping_status":"closed","sticky":false,"template":"","format":"standard","meta":{"_eb_attr":"","_monsterinsights_skip_tracking":false,"_monsterinsights_sitenote_active":false,"_monsterinsights_sitenote_note":"","_monsterinsights_sitenote_category":0,"footnotes":""},"categories":[4],"tags":[],"yoast_head":"<!-- This site is optimized with the Yoast SEO plugin v23.4 - https:\/\/yoast.com\/wordpress\/plugins\/seo\/ -->\n<title>P\u0159\u00edprava: Everton - AS \u0158\u00edm 1:1 - Official Czech &amp; Slovak Everton Supporters&#039; Club<\/title>\n<meta name=\"robots\" content=\"index, follow, max-snippet:-1, max-image-preview:large, max-video-preview:-1\" \/>\n<link rel=\"canonical\" href=\"https:\/\/evertonfc.cz\/index.php\/2024\/08\/10\/priprava-everton-as-rim-11\/\" \/>\n<meta property=\"og:locale\" content=\"cs_CZ\" \/>\n<meta property=\"og:type\" content=\"article\" \/>\n<meta property=\"og:title\" content=\"P\u0159\u00edprava: Everton - AS \u0158\u00edm 1:1 - Official Czech &amp; Slovak Everton Supporters&#039; Club\" \/>\n<meta property=\"og:description\" content=\"K posledn\u00edmu z pl\u00e1novan\u00fdch p\u0159\u00e1telsk\u00fdch z\u00e1pas\u016f p\u0159ed sez\u00f3nou p\u0159ijal pozv\u00e1n\u00ed AS \u0158\u00edm. P\u0159ed \u010dasem to vypadalo, \u017ee p\u016fjde o entr\u00e9e nov\u00e9ho majitele, nakonec z\u016fstalo jen u gener\u00e1lky.\" \/>\n<meta property=\"og:url\" content=\"https:\/\/evertonfc.cz\/index.php\/2024\/08\/10\/priprava-everton-as-rim-11\/\" \/>\n<meta property=\"og:site_name\" content=\"Official Czech &amp; Slovak Everton Supporters&#039; Club\" \/>\n<meta property=\"article:publisher\" content=\"https:\/\/www.facebook.com\/everton.fans.cz.sk\" \/>\n<meta property=\"article:published_time\" content=\"2024-08-10T20:07:30+00:00\" \/>\n<meta property=\"article:modified_time\" content=\"2024-08-11T16:26:12+00:00\" \/>\n<meta property=\"og:image\" content=\"https:\/\/evertonfc.cz\/wp-content\/uploads\/2024\/08\/roma_friend.jpg\" \/>\n\t<meta property=\"og:image:width\" content=\"720\" \/>\n\t<meta property=\"og:image:height\" content=\"405\" \/>\n\t<meta property=\"og:image:type\" content=\"image\/jpeg\" \/>\n<meta name=\"author\" content=\"Fip\" \/>\n<meta name=\"twitter:card\" content=\"summary_large_image\" \/>\n<meta name=\"twitter:label1\" content=\"Napsal(a)\" \/>\n\t<meta name=\"twitter:data1\" content=\"Fip\" \/>\n\t<meta name=\"twitter:label2\" content=\"Odhadovan\u00e1 doba \u010dten\u00ed\" \/>\n\t<meta name=\"twitter:data2\" content=\"4 minuty\" \/>\n<script type=\"application\/ld+json\" class=\"yoast-schema-graph\">{\"@context\":\"https:\/\/schema.org\",\"@graph\":[{\"@type\":\"Article\",\"@id\":\"https:\/\/evertonfc.cz\/index.php\/2024\/08\/10\/priprava-everton-as-rim-11\/#article\",\"isPartOf\":{\"@id\":\"https:\/\/evertonfc.cz\/index.php\/2024\/08\/10\/priprava-everton-as-rim-11\/\"},\"author\":{\"name\":\"Fip\",\"@id\":\"https:\/\/evertonfc.cz\/#\/schema\/person\/35904009755e8eaa0dc1a5f5f0419002\"},\"headline\":\"P\u0159\u00edprava: Everton &#8211; AS \u0158\u00edm 1:1\",\"datePublished\":\"2024-08-10T20:07:30+00:00\",\"dateModified\":\"2024-08-11T16:26:12+00:00\",\"mainEntityOfPage\":{\"@id\":\"https:\/\/evertonfc.cz\/index.php\/2024\/08\/10\/priprava-everton-as-rim-11\/\"},\"wordCount\":735,\"commentCount\":7,\"publisher\":{\"@id\":\"https:\/\/evertonfc.cz\/#organization\"},\"image\":{\"@id\":\"https:\/\/evertonfc.cz\/index.php\/2024\/08\/10\/priprava-everton-as-rim-11\/#primaryimage\"},\"thumbnailUrl\":\"https:\/\/evertonfc.cz\/wp-content\/uploads\/2024\/08\/roma_friend.jpg\",\"articleSection\":[\"Z\u00e1pasy\"],\"inLanguage\":\"cs\",\"potentialAction\":[{\"@type\":\"CommentAction\",\"name\":\"Comment\",\"target\":[\"https:\/\/evertonfc.cz\/index.php\/2024\/08\/10\/priprava-everton-as-rim-11\/#respond\"]}]},{\"@type\":\"WebPage\",\"@id\":\"https:\/\/evertonfc.cz\/index.php\/2024\/08\/10\/priprava-everton-as-rim-11\/\",\"url\":\"https:\/\/evertonfc.cz\/index.php\/2024\/08\/10\/priprava-everton-as-rim-11\/\",\"name\":\"P\u0159\u00edprava: Everton - AS \u0158\u00edm 1:1 - Official Czech &amp; Slovak Everton Supporters&#039; Club\",\"isPartOf\":{\"@id\":\"https:\/\/evertonfc.cz\/#website\"},\"primaryImageOfPage\":{\"@id\":\"https:\/\/evertonfc.cz\/index.php\/2024\/08\/10\/priprava-everton-as-rim-11\/#primaryimage\"},\"image\":{\"@id\":\"https:\/\/evertonfc.cz\/index.php\/2024\/08\/10\/priprava-everton-as-rim-11\/#primaryimage\"},\"thumbnailUrl\":\"https:\/\/evertonfc.cz\/wp-content\/uploads\/2024\/08\/roma_friend.jpg\",\"datePublished\":\"2024-08-10T20:07:30+00:00\",\"dateModified\":\"2024-08-11T16:26:12+00:00\",\"breadcrumb\":{\"@id\":\"https:\/\/evertonfc.cz\/index.php\/2024\/08\/10\/priprava-everton-as-rim-11\/#breadcrumb\"},\"inLanguage\":\"cs\",\"potentialAction\":[{\"@type\":\"ReadAction\",\"target\":[\"https:\/\/evertonfc.cz\/index.php\/2024\/08\/10\/priprava-everton-as-rim-11\/\"]}]},{\"@type\":\"ImageObject\",\"inLanguage\":\"cs\",\"@id\":\"https:\/\/evertonfc.cz\/index.php\/2024\/08\/10\/priprava-everton-as-rim-11\/#primaryimage\",\"url\":\"https:\/\/evertonfc.cz\/wp-content\/uploads\/2024\/08\/roma_friend.jpg\",\"contentUrl\":\"https:\/\/evertonfc.cz\/wp-content\/uploads\/2024\/08\/roma_friend.jpg\",\"width\":720,\"height\":405},{\"@type\":\"BreadcrumbList\",\"@id\":\"https:\/\/evertonfc.cz\/index.php\/2024\/08\/10\/priprava-everton-as-rim-11\/#breadcrumb\",\"itemListElement\":[{\"@type\":\"ListItem\",\"position\":1,\"name\":\"Home\",\"item\":\"https:\/\/evertonfc.cz\/\"},{\"@type\":\"ListItem\",\"position\":2,\"name\":\"P\u0159\u00edprava: Everton &#8211; AS \u0158\u00edm 1:1\"}]},{\"@type\":\"WebSite\",\"@id\":\"https:\/\/evertonfc.cz\/#website\",\"url\":\"https:\/\/evertonfc.cz\/\",\"name\":\"Official Czech &amp; Slovak Everton Supporters&#039; Club\",\"description\":\"\",\"publisher\":{\"@id\":\"https:\/\/evertonfc.cz\/#organization\"},\"potentialAction\":[{\"@type\":\"SearchAction\",\"target\":{\"@type\":\"EntryPoint\",\"urlTemplate\":\"https:\/\/evertonfc.cz\/?s={search_term_string}\"},\"query-input\":{\"@type\":\"PropertyValueSpecification\",\"valueRequired\":true,\"valueName\":\"search_term_string\"}}],\"inLanguage\":\"cs\"},{\"@type\":\"Organization\",\"@id\":\"https:\/\/evertonfc.cz\/#organization\",\"name\":\"Official Czech & Slovak Everton Supporters' Club\",\"url\":\"https:\/\/evertonfc.cz\/\",\"logo\":{\"@type\":\"ImageObject\",\"inLanguage\":\"cs\",\"@id\":\"https:\/\/evertonfc.cz\/#\/schema\/logo\/image\/\",\"url\":\"https:\/\/evertonfc.cz\/wp-content\/uploads\/2019\/05\/logo.png\",\"contentUrl\":\"https:\/\/evertonfc.cz\/wp-content\/uploads\/2019\/05\/logo.png\",\"width\":112,\"height\":112,\"caption\":\"Official Czech & Slovak Everton Supporters' Club\"},\"image\":{\"@id\":\"https:\/\/evertonfc.cz\/#\/schema\/logo\/image\/\"},\"sameAs\":[\"https:\/\/www.facebook.com\/everton.fans.cz.sk\"]},{\"@type\":\"Person\",\"@id\":\"https:\/\/evertonfc.cz\/#\/schema\/person\/35904009755e8eaa0dc1a5f5f0419002\",\"name\":\"Fip\",\"url\":\"https:\/\/evertonfc.cz\/index.php\/author\/fip\/\"}]}<\/script>\n<!-- \/ Yoast SEO plugin. -->","yoast_head_json":{"title":"P\u0159\u00edprava: Everton - AS \u0158\u00edm 1:1 - Official Czech &amp; Slovak Everton Supporters&#039; Club","robots":{"index":"index","follow":"follow","max-snippet":"max-snippet:-1","max-image-preview":"max-image-preview:large","max-video-preview":"max-video-preview:-1"},"canonical":"https:\/\/evertonfc.cz\/index.php\/2024\/08\/10\/priprava-everton-as-rim-11\/","og_locale":"cs_CZ","og_type":"article","og_title":"P\u0159\u00edprava: Everton - AS \u0158\u00edm 1:1 - Official Czech &amp; Slovak Everton Supporters&#039; Club","og_description":"K posledn\u00edmu z pl\u00e1novan\u00fdch p\u0159\u00e1telsk\u00fdch z\u00e1pas\u016f p\u0159ed sez\u00f3nou p\u0159ijal pozv\u00e1n\u00ed AS \u0158\u00edm. P\u0159ed \u010dasem to vypadalo, \u017ee p\u016fjde o entr\u00e9e nov\u00e9ho majitele, nakonec z\u016fstalo jen u gener\u00e1lky.","og_url":"https:\/\/evertonfc.cz\/index.php\/2024\/08\/10\/priprava-everton-as-rim-11\/","og_site_name":"Official Czech &amp; Slovak Everton Supporters&#039; Club","article_publisher":"https:\/\/www.facebook.com\/everton.fans.cz.sk","article_published_time":"2024-08-10T20:07:30+00:00","article_modified_time":"2024-08-11T16:26:12+00:00","og_image":[{"width":720,"height":405,"url":"https:\/\/evertonfc.cz\/wp-content\/uploads\/2024\/08\/roma_friend.jpg","type":"image\/jpeg"}],"author":"Fip","twitter_card":"summary_large_image","twitter_misc":{"Napsal(a)":"Fip","Odhadovan\u00e1 doba \u010dten\u00ed":"4 minuty"},"schema":{"@context":"https:\/\/schema.org","@graph":[{"@type":"Article","@id":"https:\/\/evertonfc.cz\/index.php\/2024\/08\/10\/priprava-everton-as-rim-11\/#article","isPartOf":{"@id":"https:\/\/evertonfc.cz\/index.php\/2024\/08\/10\/priprava-everton-as-rim-11\/"},"author":{"name":"Fip","@id":"https:\/\/evertonfc.cz\/#\/schema\/person\/35904009755e8eaa0dc1a5f5f0419002"},"headline":"P\u0159\u00edprava: Everton &#8211; AS \u0158\u00edm 1:1","datePublished":"2024-08-10T20:07:30+00:00","dateModified":"2024-08-11T16:26:12+00:00","mainEntityOfPage":{"@id":"https:\/\/evertonfc.cz\/index.php\/2024\/08\/10\/priprava-everton-as-rim-11\/"},"wordCount":735,"commentCount":7,"publisher":{"@id":"https:\/\/evertonfc.cz\/#organization"},"image":{"@id":"https:\/\/evertonfc.cz\/index.php\/2024\/08\/10\/priprava-everton-as-rim-11\/#primaryimage"},"thumbnailUrl":"https:\/\/evertonfc.cz\/wp-content\/uploads\/2024\/08\/roma_friend.jpg","articleSection":["Z\u00e1pasy"],"inLanguage":"cs","potentialAction":[{"@type":"CommentAction","name":"Comment","target":["https:\/\/evertonfc.cz\/index.php\/2024\/08\/10\/priprava-everton-as-rim-11\/#respond"]}]},{"@type":"WebPage","@id":"https:\/\/evertonfc.cz\/index.php\/2024\/08\/10\/priprava-everton-as-rim-11\/","url":"https:\/\/evertonfc.cz\/index.php\/2024\/08\/10\/priprava-everton-as-rim-11\/","name":"P\u0159\u00edprava: Everton - AS \u0158\u00edm 1:1 - Official Czech &amp; Slovak Everton Supporters&#039; Club","isPartOf":{"@id":"https:\/\/evertonfc.cz\/#website"},"primaryImageOfPage":{"@id":"https:\/\/evertonfc.cz\/index.php\/2024\/08\/10\/priprava-everton-as-rim-11\/#primaryimage"},"image":{"@id":"https:\/\/evertonfc.cz\/index.php\/2024\/08\/10\/priprava-everton-as-rim-11\/#primaryimage"},"thumbnailUrl":"https:\/\/evertonfc.cz\/wp-content\/uploads\/2024\/08\/roma_friend.jpg","datePublished":"2024-08-10T20:07:30+00:00","dateModified":"2024-08-11T16:26:12+00:00","breadcrumb":{"@id":"https:\/\/evertonfc.cz\/index.php\/2024\/08\/10\/priprava-everton-as-rim-11\/#breadcrumb"},"inLanguage":"cs","potentialAction":[{"@type":"ReadAction","target":["https:\/\/evertonfc.cz\/index.php\/2024\/08\/10\/priprava-everton-as-rim-11\/"]}]},{"@type":"ImageObject","inLanguage":"cs","@id":"https:\/\/evertonfc.cz\/index.php\/2024\/08\/10\/priprava-everton-as-rim-11\/#primaryimage","url":"https:\/\/evertonfc.cz\/wp-content\/uploads\/2024\/08\/roma_friend.jpg","contentUrl":"https:\/\/evertonfc.cz\/wp-content\/uploads\/2024\/08\/roma_friend.jpg","width":720,"height":405},{"@type":"BreadcrumbList","@id":"https:\/\/evertonfc.cz\/index.php\/2024\/08\/10\/priprava-everton-as-rim-11\/#breadcrumb","itemListElement":[{"@type":"ListItem","position":1,"name":"Home","item":"https:\/\/evertonfc.cz\/"},{"@type":"ListItem","position":2,"name":"P\u0159\u00edprava: Everton &#8211; AS \u0158\u00edm 1:1"}]},{"@type":"WebSite","@id":"https:\/\/evertonfc.cz\/#website","url":"https:\/\/evertonfc.cz\/","name":"Official Czech &amp; Slovak Everton Supporters&#039; Club","description":"","publisher":{"@id":"https:\/\/evertonfc.cz\/#organization"},"potentialAction":[{"@type":"SearchAction","target":{"@type":"EntryPoint","urlTemplate":"https:\/\/evertonfc.cz\/?s={search_term_string}"},"query-input":{"@type":"PropertyValueSpecification","valueRequired":true,"valueName":"search_term_string"}}],"inLanguage":"cs"},{"@type":"Organization","@id":"https:\/\/evertonfc.cz\/#organization","name":"Official Czech & Slovak Everton Supporters' Club","url":"https:\/\/evertonfc.cz\/","logo":{"@type":"ImageObject","inLanguage":"cs","@id":"https:\/\/evertonfc.cz\/#\/schema\/logo\/image\/","url":"https:\/\/evertonfc.cz\/wp-content\/uploads\/2019\/05\/logo.png","contentUrl":"https:\/\/evertonfc.cz\/wp-content\/uploads\/2019\/05\/logo.png","width":112,"height":112,"caption":"Official Czech & Slovak Everton Supporters' Club"},"image":{"@id":"https:\/\/evertonfc.cz\/#\/schema\/logo\/image\/"},"sameAs":["https:\/\/www.facebook.com\/everton.fans.cz.sk"]},{"@type":"Person","@id":"https:\/\/evertonfc.cz\/#\/schema\/person\/35904009755e8eaa0dc1a5f5f0419002","name":"Fip","url":"https:\/\/evertonfc.cz\/index.php\/author\/fip\/"}]}},"_links":{"self":[{"href":"https:\/\/evertonfc.cz\/index.php\/wp-json\/wp\/v2\/posts\/24930"}],"collection":[{"href":"https:\/\/evertonfc.cz\/index.php\/wp-json\/wp\/v2\/posts"}],"about":[{"href":"https:\/\/evertonfc.cz\/index.php\/wp-json\/wp\/v2\/types\/post"}],"author":[{"embeddable":true,"href":"https:\/\/evertonfc.cz\/index.php\/wp-json\/wp\/v2\/users\/10"}],"replies":[{"embeddable":true,"href":"https:\/\/evertonfc.cz\/index.php\/wp-json\/wp\/v2\/comments?post=24930"}],"version-history":[{"count":8,"href":"https:\/\/evertonfc.cz\/index.php\/wp-json\/wp\/v2\/posts\/24930\/revisions"}],"predecessor-version":[{"id":24940,"href":"https:\/\/evertonfc.cz\/index.php\/wp-json\/wp\/v2\/posts\/24930\/revisions\/24940"}],"wp:featuredmedia":[{"embeddable":true,"href":"https:\/\/evertonfc.cz\/index.php\/wp-json\/wp\/v2\/media\/24929"}],"wp:attachment":[{"href":"https:\/\/evertonfc.cz\/index.php\/wp-json\/wp\/v2\/media?parent=24930"}],"wp:term":[{"taxonomy":"category","embeddable":true,"href":"https:\/\/evertonfc.cz\/index.php\/wp-json\/wp\/v2\/categories?post=24930"},{"taxonomy":"post_tag","embeddable":true,"href":"https:\/\/evertonfc.cz\/index.php\/wp-json\/wp\/v2\/tags?post=24930"}],"curies":[{"name":"wp","href":"https:\/\/api.w.org\/{rel}","templated":true}]}}