{"id":24951,"date":"2024-08-15T18:45:50","date_gmt":"2024-08-15T16:45:50","guid":{"rendered":"https:\/\/evertonfc.cz\/?p=24951"},"modified":"2024-09-05T14:57:14","modified_gmt":"2024-09-05T12:57:14","slug":"zhodnotenie-sezony-2023-24","status":"publish","type":"post","link":"https:\/\/evertonfc.cz\/index.php\/2024\/08\/15\/zhodnotenie-sezony-2023-24\/","title":{"rendered":"Zhodnotenie sez\u00f3ny 2023\/24"},"content":{"rendered":"<h4>Dos\u0165 tesne, ale st\u00e1le st\u00edhame! Pred \u0161tartom nov\u00e9ho marat\u00f3nu ostrovn\u00e9ho futbalu si zrekapitulujeme, \u010do Everton robil v minulej sez\u00f3ne, \u010do nemal robi\u0165, a \u010do by mal robi\u0165 v tej bud\u00facej, poslednej v Goodisone.<\/h4>\n<p><em>Toto leto sme pre hektick\u00fd \u010dasov\u00fd zhon vybrali len slovensk\u00fdch respondentov, zhovievav\u00fdch k n\u00e1tlaku redakcie pre urgentn\u00e9 pr\u00edpady. V zhodnoteniach sez\u00f3n e\u0161te doteraz nefigurovali, tak\u017ee aj dve muchy jednou ranou! Na lapa\u010dke sa mi teda roz\u010dapili respondenti duch.abum s godisonom. Odpoveda\u0165 bud\u00fa na rekapitul\u00e1ciu 70. sez\u00f3ny po sebe <\/em><em>v najvy\u0161\u0161ej anglickej s\u00fa\u0165a\u017ei, v ktorej prekvapivo EFC vydr\u017ealo len s jedin\u00fdm mana\u017e\u00e9rom. T\u00fdm bol Sean Dyche. Jeho prv\u00e1 cel\u00e1 sez\u00f3na priniesla to\u013eko potrebn\u00fa stabilitu pre turbulentn\u00e9 \u010dasy n\u00e1\u0161ho klubu na ihrisku aj mimo neho. <span style=\"color: #ff0000;\">VAROVANIE: Nasleduje extr\u00e9mne dlh\u00e9 \u010d\u00edtanie! #thursdaylongread<\/span><\/em><\/p>\n<hr \/>\n<h4><span style=\"font-size: 12pt;\"><strong>Dobre, za\u010dnime od konca. Minulej sez\u00f3ny samozrejme. P\u00ed\u0161e sa za\u010diatok leta 2023 a\u00a0Karamelky sa s\u00a0Dycheom \u010derstvo zachr\u00e1nili v\u00a0Premier League. Veru nech\u00fdbalo m\u00e1lo \u2013 dva body resp. Doucour\u00e9ho g\u00f3l Bournemouthu. Odstupuj\u00fa \u0161tyria riaditelia klubu, Moshiriho vy\u0161etruje finan\u010dn\u00e1 pol\u00edcia, a\u00a0\u0161u\u0161k\u00e1 sa, \u017ee by Everton r\u00e1d predal, alebo aspo\u0148 priviedol nov\u00fdch investorov. Aspo\u0148 sa \u00faspe\u0161ne pokra\u010duje v\u00a0stavbe \u0161tadi\u00f3na. Zaspom\u00ednajte, ak\u00e9 ste mali pocity pri vyhliadkach novej sez\u00f3ny.<\/strong><\/span><\/h4>\n<p><strong>godison: <\/strong>Ten pocit bol \u00fa\u017easn\u00fd, a hlavne bol tvoren\u00fd t\u00edm, \u017ee som na\u017eivo mohol vidie\u0165 ten z\u00e1pas. Hlavne stres, ke\u010f vid\u00edte L\u00ed\u0161ky ako sebavedomo vyhr\u00e1vaj\u00fa. Nikto na \u0161tadi\u00f3ne by si netipol, \u017ee Doucour\u00e9 m\u00f4\u017ee trafi\u0165 br\u00e1nu spoza \u0161estn\u00e1stky a e\u0161te takto! Vtedy sa \u010das rozhodol, \u017ee p\u00f4jde o trochu pomal\u0161ie, a teda sa vliekol! Pravdepodobne som zostarol o 2-3 roky. U\u017e v\u00a090. min\u00fate vyzeral Bournemouth zlomen\u00fd. A vtedy sa u\u017e sk\u00e1kalo a spievalo na celom \u0161tadi\u00f3ne. \u00da\u017easn\u00e9 spomienky. Jeden zo z\u00e1\u017eitkov bol aj ten, ke\u010f e\u0161te pred z\u00e1pasom do Winslow Pubu pri\u0161iel aj Kevin Campbell. Pln\u00fd energie, el\u00e1nu a spolu v\u0161etci v pube spievali Spirit Of The Blues. A kde sa dok\u00e1\u017eeme posun\u00fa\u0165 o\u00a0rok? Ka\u017edop\u00e1dne futbal sme nehrali v\u00f4bec pekn\u00fd. Ale bol \u00fa\u010delov\u00fd a to sta\u010dilo. Dyche spravil, \u010do potreboval, a posunuli sme sa do k\u013eudu leta. Ale ob\u00e1val som sa, \u017ee padneme na za\u010diatku sez\u00f3ny do toho ist\u00e9ho bahna.<\/p>\n<p><strong>duch.abum:<\/strong> Z\u00e1chrana bola euforick\u00e1. Dyche to s obrovskou podporou trib\u00fan dok\u00e1zal. Ale na pozad\u00ed radosti bola pachu\u0165: mali by sme sa v\u00f4bec te\u0161i\u0165 zo z\u00e1chrany? Najhor\u0161ie na tom v\u0161etkom pre m\u0148a v\u0161ak neboli \u0161portov\u00e9 v\u00fdsledky. Moshiri je pre m\u0148a skazen\u00fd lump, ktor\u00fd robil bieleho ko\u0148a Usmanovovi. V takejto situ\u00e1cii moja lojalita prech\u00e1dzala \u0165a\u017ekou sk\u00fa\u0161kou. Zost\u00e1vala len n\u00e1dej, \u017ee majite\u013e klub dobre pred\u00e1. Dobre pre klub, nie pre Moshiriho.<\/p>\n\n\t\t<style type=\"text\/css\">\n\t\t\t#gallery-1 {\n\t\t\t\tmargin: auto;\n\t\t\t}\n\t\t\t#gallery-1 .gallery-item {\n\t\t\t\tfloat: left;\n\t\t\t\tmargin-top: 10px;\n\t\t\t\ttext-align: center;\n\t\t\t\twidth: 50%;\n\t\t\t}\n\t\t\t#gallery-1 img {\n\t\t\t\tborder: 2px solid #cfcfcf;\n\t\t\t}\n\t\t\t#gallery-1 .gallery-caption {\n\t\t\t\tmargin-left: 0;\n\t\t\t}\n\t\t\t\/* see gallery_shortcode() in wp-includes\/media.php *\/\n\t\t<\/style>\n\t\t<div id='gallery-1' class='gallery galleryid-24951 gallery-columns-2 gallery-size-full'><dl class='gallery-item'>\n\t\t\t<dt class='gallery-icon landscape'>\n\t\t\t\t<a href='https:\/\/evertonfc.cz\/wp-content\/uploads\/2023\/05\/afcb.jpg'><img loading=\"lazy\" decoding=\"async\" width=\"720\" height=\"405\" src=\"https:\/\/evertonfc.cz\/wp-content\/uploads\/2023\/05\/afcb.jpg\" class=\"attachment-full size-full\" alt=\"\" srcset=\"https:\/\/evertonfc.cz\/wp-content\/uploads\/2023\/05\/afcb.jpg 720w, https:\/\/evertonfc.cz\/wp-content\/uploads\/2023\/05\/afcb-300x169.jpg 300w\" sizes=\"(max-width: 720px) 100vw, 720px\" \/><\/a>\n\t\t\t<\/dt><\/dl><dl class='gallery-item'>\n\t\t\t<dt class='gallery-icon landscape'>\n\t\t\t\t<a href='https:\/\/evertonfc.cz\/wp-content\/uploads\/2023\/06\/EFC-board-12-6-2023.jpg'><img loading=\"lazy\" decoding=\"async\" width=\"720\" height=\"405\" src=\"https:\/\/evertonfc.cz\/wp-content\/uploads\/2023\/06\/EFC-board-12-6-2023.jpg\" class=\"attachment-full size-full\" alt=\"\" srcset=\"https:\/\/evertonfc.cz\/wp-content\/uploads\/2023\/06\/EFC-board-12-6-2023.jpg 720w, https:\/\/evertonfc.cz\/wp-content\/uploads\/2023\/06\/EFC-board-12-6-2023-300x169.jpg 300w\" sizes=\"(max-width: 720px) 100vw, 720px\" \/><\/a>\n\t\t\t<\/dt><\/dl><br style=\"clear: both\" \/>\n\t\t<\/div>\n\n<h4><span style=\"font-size: 12pt;\"><strong>Z\u00e1rove\u0148 prep\u00fa\u0161\u0165ame Yerryho Minu, Daviesa a Begovi\u0107a s\u00a0Townsendom. Letn\u00e1 pr\u00edprava je prakticky bezchybn\u00e1. K\u00a0tomu priv\u00e1dzame do klubu Younga, Danjumu, Harrisona, \u010di Beta. No k\u00e1der op\u00fa\u0161\u0165a Gray s\u00a0Iwobim, \u010di nejak\u00e9 tie pohyby na hos\u0165ovania do aj von z\u00a0klubu. Ako hodnot\u00edte po\u010d\u00ednanie si na prestupovom trhu? Posilnilo sa EFC koncep\u010dnou pr\u00e1cou, \u010di oslabilo n\u00faten\u00fdmi odchodmi? <\/strong><\/span><\/h4>\n<p><strong>godison: <\/strong>Nemysl\u00edm si, \u017ee sme sa oslabili odchodmi. Z toho zoznamu bola strata len Yerry Mina, ktor\u00fd mal na to, aby to bol TOP stop\u00e9r a\u00a0l\u00edder. Av\u0161ak zo skla, tak\u017ee sa nem\u00f4\u017eeme \u010dudova\u0165, \u017ee sme mu nechceli da\u0165 nov\u00fa zmluvu. Ka\u017edop\u00e1dne, Iwobi bol najlep\u0161\u00ed predaj pomer kvalita\/cena. Dlhodobo patril medzi podpriemern\u00fdch hr\u00e1\u010dov k\u00e1dra, a\u017e sa nejak potom chytil v p\u00e1r z\u00e1pasoch. Ale nikdy som v \u0148om hviezdu nevidel, \u017ee by e\u0161te mohol prerazi\u0165. Za m\u0148a rozumn\u00fd predaj. Z\u00a0hr\u00e1\u010dov, \u010do sme priviedli, som taktie\u017e nemal extra o\u010dak\u00e1vania. 38-ro\u010dn\u00fd Young, Beto s 10 g\u00f3lmi za sez\u00f3nu, Danjuma od Koh\u00fatov, kde hral jeden z\u00e1pas, a Harrison nezn\u00e1ma. Tak\u017ee \u00faplne som nebol nad\u0161en\u00fd z pochopite\u013en\u00fdch d\u00f4vodov. Na druhej strane ne\u010dudujem sa, potrebovali sme vyrovn\u00e1va\u0165 \u00fa\u010dtovn\u00fa knihu.<\/p>\n<p><strong>duch.abum:<\/strong> Sez\u00f3na a v\u00fdsledky uk\u00e1zali, \u017ee sme sa posilnili. Nemysl\u00edm, \u017ee je to len v\u010faka tomu, \u017ee by prich\u00e1dzaj\u00faci hr\u00e1\u010di boli kvalitnej\u0161\u00ed. Odi\u0161li hr\u00e1\u010di, ktor\u00ed boli n\u00e1chyln\u00ed na zranenia, neboli u n\u00e1s spokojn\u00ed, alebo nepasovali do syst\u00e9mu. Za najv\u00e4\u010d\u0161iu posilu v\u0161ak pova\u017eujem hr\u00e1\u010da, ktor\u00e9ho sme len stiahli z hos\u0165ovania &#8211; Jarrada Branthwaita.<\/p>\n\n\t\t<style type=\"text\/css\">\n\t\t\t#gallery-2 {\n\t\t\t\tmargin: auto;\n\t\t\t}\n\t\t\t#gallery-2 .gallery-item {\n\t\t\t\tfloat: left;\n\t\t\t\tmargin-top: 10px;\n\t\t\t\ttext-align: center;\n\t\t\t\twidth: 50%;\n\t\t\t}\n\t\t\t#gallery-2 img {\n\t\t\t\tborder: 2px solid #cfcfcf;\n\t\t\t}\n\t\t\t#gallery-2 .gallery-caption {\n\t\t\t\tmargin-left: 0;\n\t\t\t}\n\t\t\t\/* see gallery_shortcode() in wp-includes\/media.php *\/\n\t\t<\/style>\n\t\t<div id='gallery-2' class='gallery galleryid-24951 gallery-columns-2 gallery-size-full'><dl class='gallery-item'>\n\t\t\t<dt class='gallery-icon landscape'>\n\t\t\t\t<a href='https:\/\/evertonfc.cz\/harrison_14_8_2023\/'><img loading=\"lazy\" decoding=\"async\" width=\"720\" height=\"405\" src=\"https:\/\/evertonfc.cz\/wp-content\/uploads\/2023\/08\/harrison_14_8_2023.jpg\" class=\"attachment-full size-full\" alt=\"\" srcset=\"https:\/\/evertonfc.cz\/wp-content\/uploads\/2023\/08\/harrison_14_8_2023.jpg 720w, https:\/\/evertonfc.cz\/wp-content\/uploads\/2023\/08\/harrison_14_8_2023-300x169.jpg 300w\" sizes=\"(max-width: 720px) 100vw, 720px\" \/><\/a>\n\t\t\t<\/dt><\/dl><dl class='gallery-item'>\n\t\t\t<dt class='gallery-icon landscape'>\n\t\t\t\t<a href='https:\/\/evertonfc.cz\/iwobi_1_9_2023\/'><img loading=\"lazy\" decoding=\"async\" width=\"720\" height=\"405\" src=\"https:\/\/evertonfc.cz\/wp-content\/uploads\/2023\/09\/iwobi_1_9_2023.jpg\" class=\"attachment-full size-full\" alt=\"\" srcset=\"https:\/\/evertonfc.cz\/wp-content\/uploads\/2023\/09\/iwobi_1_9_2023.jpg 720w, https:\/\/evertonfc.cz\/wp-content\/uploads\/2023\/09\/iwobi_1_9_2023-300x169.jpg 300w\" sizes=\"(max-width: 720px) 100vw, 720px\" \/><\/a>\n\t\t\t<\/dt><\/dl><br style=\"clear: both\" \/>\n\t\t<\/div>\n\n<h4><span style=\"font-size: 12pt;\"><strong>Liga za\u010dala naozaj pesimisticky. Z\u00a0prv\u00fdch troch duelov sme vy\u0161li napr\u00e1zdno, a na v\u00fdhru sme \u010dakali a\u017e do 6. kola s\u00a0Brentfordom vonku. Ur\u010dite sa pam\u00e4t\u00e1te, ako tam absol\u00fatne ni\u010d nechcelo padn\u00fa\u0165, hoci \u0161tatistiky ukazovali, \u017ee sa o\u00a0to sna\u017e\u00edme naozaj dobre. Za\u010dali ste ma\u0165 pochybnosti, ko\u013eko Dyche vydr\u017e\u00ed, alebo ste mu verili?<\/strong><\/span><\/h4>\n<p><strong>godison:<\/strong> \u0160tatistiky s\u00fa \u010darovn\u00e9 v\u00a0tom, \u017ee ve\u013ea nazna\u010duj\u00fa, ale s\u00fa\u010dasne b\u00fdva osud krut\u00fd. Aj na rulete m\u00f4\u017ee 15-kr\u00e1t po sebe padn\u00fa\u0165 \u010dierna. Ka\u017edop\u00e1dne si mysl\u00edm, \u017ee bol vytv\u00e1ran\u00fd aj tlak na hr\u00e1\u010dov, s ktor\u00fdm sa asi \u00faplne nevyrovnali. Predsa len, toto bolo najdlh\u0161ie \u010dakanie na prv\u00fa ligov\u00fa v\u00fdhru za nejak\u00fa t\u00fa dobu. Ja som dlhodobo nebol extra nad\u0161en\u00fd z Dychea. Nemysl\u00edm si, \u017ee je to extra strat\u00e9g, ktor\u00fd sa vie na ka\u017ed\u00e9ho s\u00fapera nastavi\u0165, odhali\u0165 a vyu\u017e\u00edva\u0165 jeho slabiny. Na druh\u00fa stranu, je svojsk\u00fdm sp\u00f4sobom spr\u00e1vny motiv\u00e1tor hr\u00e1\u010dov. Vie z nich vy\u017em\u00fdka\u0165 posledn\u00fa kvapku potu, krvi a sl\u00edn.<\/p>\n<p><strong>duch.abum:<\/strong> V\u00e4\u010d\u0161inou som k mana\u017e\u00e9rom loj\u00e1lny do poslednej chv\u00edle, ke\u010f u\u017e sa ich nikto nezast\u00e1va (s jednou v\u00fdnimkou menom Rafa, ale na to rad\u0161ej zabudnime). Tak\u017ee Seanovi som veril cel\u00fa sez\u00f3nu. Navy\u0161e sa mi jeho \u0161t\u00fdl p\u00e1\u010di. Rozhodne by som ho nenazval obrann\u00fd, sk\u00f4r priamo\u010diary. Ve\u010f sme si vytv\u00e1rali mno\u017estvo \u0161anc\u00ed, dobre sa na to pozeralo.<\/p>\n\n\t\t<style type=\"text\/css\">\n\t\t\t#gallery-3 {\n\t\t\t\tmargin: auto;\n\t\t\t}\n\t\t\t#gallery-3 .gallery-item {\n\t\t\t\tfloat: left;\n\t\t\t\tmargin-top: 10px;\n\t\t\t\ttext-align: center;\n\t\t\t\twidth: 50%;\n\t\t\t}\n\t\t\t#gallery-3 img {\n\t\t\t\tborder: 2px solid #cfcfcf;\n\t\t\t}\n\t\t\t#gallery-3 .gallery-caption {\n\t\t\t\tmargin-left: 0;\n\t\t\t}\n\t\t\t\/* see gallery_shortcode() in wp-includes\/media.php *\/\n\t\t<\/style>\n\t\t<div id='gallery-3' class='gallery galleryid-24951 gallery-columns-2 gallery-size-full'><dl class='gallery-item'>\n\t\t\t<dt class='gallery-icon landscape'>\n\t\t\t\t<a href='https:\/\/evertonfc.cz\/wolves_hd23\/'><img loading=\"lazy\" decoding=\"async\" width=\"720\" height=\"405\" src=\"https:\/\/evertonfc.cz\/wp-content\/uploads\/2023\/08\/wolves_hd23.png\" class=\"attachment-full size-full\" alt=\"\" srcset=\"https:\/\/evertonfc.cz\/wp-content\/uploads\/2023\/08\/wolves_hd23.png 720w, https:\/\/evertonfc.cz\/wp-content\/uploads\/2023\/08\/wolves_hd23-300x169.png 300w\" sizes=\"(max-width: 720px) 100vw, 720px\" \/><\/a>\n\t\t\t<\/dt><\/dl><dl class='gallery-item'>\n\t\t\t<dt class='gallery-icon landscape'>\n\t\t\t\t<a href='https:\/\/evertonfc.cz\/index.php\/2024\/08\/15\/zhodnotenie-sezony-2023-24\/trossard\/'><img loading=\"lazy\" decoding=\"async\" width=\"720\" height=\"405\" src=\"https:\/\/evertonfc.cz\/wp-content\/uploads\/2023\/09\/trossard.jpg\" class=\"attachment-full size-full\" alt=\"\" srcset=\"https:\/\/evertonfc.cz\/wp-content\/uploads\/2023\/09\/trossard.jpg 720w, https:\/\/evertonfc.cz\/wp-content\/uploads\/2023\/09\/trossard-300x169.jpg 300w\" sizes=\"(max-width: 720px) 100vw, 720px\" \/><\/a>\n\t\t\t<\/dt><\/dl><br style=\"clear: both\" \/>\n\t\t<\/div>\n\n<h4><span style=\"font-size: 12pt;\">Koncom sa septembra sa potvrdilo, \u017ee Moshiri naozaj chce preda\u0165 Everton. Ako seri\u00f3zny z\u00e1ujemca sa objavilo 777, a\u00a0prevzatie klubu putovalo ligov\u00fdm org\u00e1nom na schv\u00e1lenie. \u010co ste si vtedy mysleli o\u00a0d\u00f4vodoch predaja a\u00a0nov\u00fdch kupcoch? Videli ste lep\u0161iu bud\u00facnos\u0165 mimo Moshiriho r\u00fak? Spomeniem aj \u00famrtie dlhoro\u010dn\u00e9ho predsedu a\u00a0b\u00fdval\u00e9ho majite\u013ea, Billa Kenwrighta, to iste bol \u0161ok pre klub.<\/span><\/h4>\n<p><strong>godison:<\/strong> Klub bol na predaj pod\u013ea m\u0148a u\u017e od uvalenia sankci\u00ed na Usmanova. Cez svoje sprostredkovate\u013esk\u00e9 firmy u\u017e nemohol dotova\u0165 Everton, a t\u00fdm p\u00e1dom na to ostal Moshiri s\u00e1m. \u010co mu asi \u00faplne nevyhovuje, nako\u013eko sme aj od Brandsa po\u010duli, \u017ee ve\u013emi r\u00e1d rozpr\u00e1val do prestupov. Ale uv\u00edtal som potvrdenie tejto inform\u00e1cie. V\u0161etci sme videli, kam to Moshiri \u0165ah\u00e1. A Ben\u00edtez na na\u0161ej lavi\u010dke bol ozaj na grcanie. Extr\u00e9mne nesympatick\u00fd tr\u00e9ner, pfuj! O 777 sme ve\u013ea inform\u00e1ci\u00ed vtedy e\u0161te nemali, ale ke\u010f sme videli, \u010do dok\u00e1\u017ee nov\u00fd majite\u013e spravi\u0165 s klubom (pr\u00edklad Newcastle), ka\u017ed\u00fd sa pote\u0161il, \u017ee niekto to kone\u010dne pozdvihne. Tak\u017ee \u00e1no, te\u0161il som sa na predaj klubu.<\/p>\n<p>St\u00e1le si mysl\u00edm, \u017ee to prospeje. Hlavne \u013eudia, ktor\u00fdch Moshiri dosadzoval (kadejak\u00fd bratranci na director poz\u00edci\u00e1ch), nie v\u017edy boli spr\u00e1vni. A majite\u013e nem\u00f4\u017ee takto ovl\u00e1da\u0165 firmu\/klub, ktor\u00fd m\u00e1 tak\u00e9to rozmery. Na to tam mus\u00ed ma\u0165 \u013eud\u00ed v mana\u017emente, ktor\u00ed s\u00fa schopn\u00ed, a to Moshiri nemal. O zdravotnom stave Kenwrighta sa ve\u013ea nevedelo, ale \u010dlovek na \u0148om videl, \u017ee tie zdravotn\u00e9 komplik\u00e1cie skr\u00e1tka pr\u00eddu. Je to obrovsk\u00e1 \u0161koda, lebo ten \u010dlovek \u017eil pre Everton a spravil obrovsk\u00e9 mno\u017estvo pre tento klub. Posledn\u00e9 dve sez\u00f3ny tam bolo dos\u0165 aj negat\u00edvneho, ale spom\u00edna\u0165 na neho budeme ako na prav\u00e9ho srdciara.<\/p>\n<p><strong>duch.abum:<\/strong> Hm, pekn\u00e1 skepsa. Po tomto rozhovore budem musie\u0165 absolvova\u0165 nejak\u00e9 medita\u010dn\u00e9 cvi\u010denie alebo \u010do. To\u013eko spomienok, na ktor\u00e9 je dobre zabudn\u00fa\u0165. Bol som r\u00e1d, \u017ee sa ideme zbavi\u0165 Moshiriho. A sna\u017eil som sa popiera\u0165 s\u00e1m pred sebou inform\u00e1cie, ktor\u00e9 presakovali o 777. Moc sa to nedalo. Nemyslel som si, \u017ee je mo\u017en\u00e9, \u017ee by PL predaj neschv\u00e1lila. Nech sa na to pozriem z ktorejko\u013evek strany, dnes to vyzer\u00e1 optimistickej\u0161ie. Bill bol ve\u013ek\u00fd Evertonian. Ale je mu dos\u0165 \u010do vy\u010d\u00edta\u0165. Nechajme to tak.<\/p>\n\n\t\t<style type=\"text\/css\">\n\t\t\t#gallery-4 {\n\t\t\t\tmargin: auto;\n\t\t\t}\n\t\t\t#gallery-4 .gallery-item {\n\t\t\t\tfloat: left;\n\t\t\t\tmargin-top: 10px;\n\t\t\t\ttext-align: center;\n\t\t\t\twidth: 50%;\n\t\t\t}\n\t\t\t#gallery-4 img {\n\t\t\t\tborder: 2px solid #cfcfcf;\n\t\t\t}\n\t\t\t#gallery-4 .gallery-caption {\n\t\t\t\tmargin-left: 0;\n\t\t\t}\n\t\t\t\/* see gallery_shortcode() in wp-includes\/media.php *\/\n\t\t<\/style>\n\t\t<div id='gallery-4' class='gallery galleryid-24951 gallery-columns-2 gallery-size-full'><dl class='gallery-item'>\n\t\t\t<dt class='gallery-icon landscape'>\n\t\t\t\t<a href='https:\/\/evertonfc.cz\/moshiri-wander-the-sun-20-9-2023\/'><img loading=\"lazy\" decoding=\"async\" width=\"720\" height=\"405\" src=\"https:\/\/evertonfc.cz\/wp-content\/uploads\/2023\/09\/Moshiri-Wander-The-Sun-20-9-2023.jpg\" class=\"attachment-full size-full\" alt=\"\" srcset=\"https:\/\/evertonfc.cz\/wp-content\/uploads\/2023\/09\/Moshiri-Wander-The-Sun-20-9-2023.jpg 720w, https:\/\/evertonfc.cz\/wp-content\/uploads\/2023\/09\/Moshiri-Wander-The-Sun-20-9-2023-300x169.jpg 300w\" sizes=\"(max-width: 720px) 100vw, 720px\" \/><\/a>\n\t\t\t<\/dt><\/dl><dl class='gallery-item'>\n\t\t\t<dt class='gallery-icon landscape'>\n\t\t\t\t<a href='https:\/\/evertonfc.cz\/rip-bill-kenwright-by-efc-com-25-10-2023\/'><img loading=\"lazy\" decoding=\"async\" width=\"720\" height=\"405\" src=\"https:\/\/evertonfc.cz\/wp-content\/uploads\/2023\/10\/RIP-Bill-Kenwright-by-efc.com-25-10-2023.jpg\" class=\"attachment-full size-full\" alt=\"\" srcset=\"https:\/\/evertonfc.cz\/wp-content\/uploads\/2023\/10\/RIP-Bill-Kenwright-by-efc.com-25-10-2023.jpg 720w, https:\/\/evertonfc.cz\/wp-content\/uploads\/2023\/10\/RIP-Bill-Kenwright-by-efc.com-25-10-2023-300x169.jpg 300w\" sizes=\"(max-width: 720px) 100vw, 720px\" \/><\/a>\n\t\t\t<\/dt><\/dl><br style=\"clear: both\" \/>\n\t\t<\/div>\n\n<h4><span style=\"font-size: 12pt;\"><strong>Na jese\u0148 u\u017e pri\u0161la v\u00fdsledkov\u00e1 obroda, za\u010dalo sa dari\u0165 najm\u00e4 na ihrisk\u00e1ch s\u00faperov. Ako to je mo\u017en\u00e9? V\u00a0tom v\u0161ak pri\u0161la facka, alebo sk\u00f4r prav\u00fd h\u00e1k. Po odpo\u010dte bezprecedentn\u00fdch 10 bodov sme sa ocitli na chvoste tabu\u013eky za poru\u0161enie finan\u010dn\u00fdch pravidiel. Muselo V\u00e1m to vyrazi\u0165 dych. Op\u00ed\u0161te t\u00fa horsk\u00fa dr\u00e1hu em\u00f3cii, ke\u010f sme za p\u00e4\u0165 z\u00e1pasov vymazali to ligov\u00e9 manko!<\/strong><\/span><\/h4>\n<p><strong>godison:<\/strong> Prv\u00fdkr\u00e1t v hist\u00f3ri\u00ed (zase raz Everton &#8211; pam\u00e4t\u00e1te na stopku pre Niasseho ako jedin\u00e9ho za diving v\u00a016-tke? weird times) bol tak\u00fdto odpo\u010det udelen\u00fd. Bola to hr\u00f4za a hlavne poh\u013ead na tabu\u013eku, kedy sme sa prepadli \u00faplne na dno. Bol to obrovsk\u00fd pocit frustr\u00e1cie a\u00a0nespravodlivosti. Hlavne s obvineniami Man City. Ale s\u00fa\u010dasne, pravidl\u00e1 s\u00fa tak nastaven\u00e9 a musia sa dodr\u017eiava\u0165. Takto sp\u00e4tne to nakoplo t\u00edm ku kvalitn\u00fdm v\u00fdsledkom, \u010do bolo super. Ale st\u00e1le ost\u00e1va t\u00e1 pachu\u0165 nespravodlivosti. Ka\u017edop\u00e1dne to bolo p\u00e1r fajn z\u00e1pasov, a pivo chutilo o trochu lep\u0161ie.<\/p>\n<p><strong>duch.abum:<\/strong> Veril som, \u017ee zlep\u0161enie pr\u00edde. Zrazu sa n\u00e1m za\u010dalo dari\u0165 d\u00e1va\u0165 g\u00f3ly. Vedeli sme v\u0161ak, \u017ee k\u00e1der je \u00fazky, m\u00e1 mno\u017estvo slab\u00edn a na posily nebud\u00fa peniaze. A vedeli sme aj to, \u017ee n\u00e1m hrozia probl\u00e9my od PL. \u010cakal som v\u0161ak z\u00e1kaz prestupov alebo (a) pe\u0148a\u017en\u00fa pokutu. O odpo\u010dte 10 bodov sa toho ve\u013ea povedalo a nap\u00edsalo. Z\u00e1mer kontrolova\u0165 a obmedzova\u0165 v\u00fddavky klubov znie fajn a sexy. Prax v\u0161ak dopadla katastrof\u00e1lne. Nejasn\u00e9 pravidl\u00e1, netransparentn\u00fd proces, mimoriadne kontroverzn\u00e9 rozhodnutia. Odpo\u010det 10 bodov bol \u0161kand\u00e1l. N\u00e1sledn\u00e9 zmiernenie bola snaha trochu to napravi\u0165. Celkovo v\u0161etko, \u010do sa okolo toho dialo, aj vr\u00e1tane postihu pre Forest a nepostihu pre City, je obrovsk\u00e1 hanba a strata reput\u00e1cie PL.<\/p>\n<p>V\u00ed\u0165azn\u00e1 s\u00e9ria? Ak za\u010dnete fandi\u0165 EFC, kupujete si nav\u017edy l\u00edstok na t\u00fato horsk\u00fa dr\u00e1hu. Hrali sme futbal, ktor\u00e9mu som veril. Napriek tomu, \u010do sa dialo v kancel\u00e1ri\u00e1ch. Tak\u017ee pri\u0161li body, ktor\u00e9 som \u010dakal, hoci ich mno\u017estvo mi &#8211; podobne ako na konci sez\u00f3ny &#8211; vyrazilo dych (p\u00f4vodne som chcel nap\u00edsa\u0165 Dyche, ale t\u00e1to slovn\u00e1 hra\u010dka u\u017e je asi otrepan\u00e1). Nie v ka\u017edom z t\u00fdch v\u00ed\u0165azn\u00fdch z\u00e1pasov sme boli lep\u0161\u00ed. Predt\u00fdm sme za\u017eili dos\u0165 smoly, tak\u017ee je to f\u00e9r.<\/p>\n\n\t\t<style type=\"text\/css\">\n\t\t\t#gallery-5 {\n\t\t\t\tmargin: auto;\n\t\t\t}\n\t\t\t#gallery-5 .gallery-item {\n\t\t\t\tfloat: left;\n\t\t\t\tmargin-top: 10px;\n\t\t\t\ttext-align: center;\n\t\t\t\twidth: 50%;\n\t\t\t}\n\t\t\t#gallery-5 img {\n\t\t\t\tborder: 2px solid #cfcfcf;\n\t\t\t}\n\t\t\t#gallery-5 .gallery-caption {\n\t\t\t\tmargin-left: 0;\n\t\t\t}\n\t\t\t\/* see gallery_shortcode() in wp-includes\/media.php *\/\n\t\t<\/style>\n\t\t<div id='gallery-5' class='gallery galleryid-24951 gallery-columns-2 gallery-size-full'><dl class='gallery-item'>\n\t\t\t<dt class='gallery-icon landscape'>\n\t\t\t\t<a href='https:\/\/evertonfc.cz\/everton-0-3-manchester-united-from-michael-regan-getty-images-26-11-2023\/'><img loading=\"lazy\" decoding=\"async\" width=\"720\" height=\"405\" src=\"https:\/\/evertonfc.cz\/wp-content\/uploads\/2023\/11\/Everton-0-3-Manchester-United-from-Michael-Regan-Getty-Images-26-11-2023.jpg\" class=\"attachment-full size-full\" alt=\"\" srcset=\"https:\/\/evertonfc.cz\/wp-content\/uploads\/2023\/11\/Everton-0-3-Manchester-United-from-Michael-Regan-Getty-Images-26-11-2023.jpg 720w, https:\/\/evertonfc.cz\/wp-content\/uploads\/2023\/11\/Everton-0-3-Manchester-United-from-Michael-Regan-Getty-Images-26-11-2023-300x169.jpg 300w\" sizes=\"(max-width: 720px) 100vw, 720px\" \/><\/a>\n\t\t\t<\/dt><\/dl><dl class='gallery-item'>\n\t\t\t<dt class='gallery-icon landscape'>\n\t\t\t\t<a href='https:\/\/evertonfc.cz\/everton-1-1-brighton-by-sky-sports-4-11-2023\/'><img loading=\"lazy\" decoding=\"async\" width=\"720\" height=\"405\" src=\"https:\/\/evertonfc.cz\/wp-content\/uploads\/2023\/11\/Everton-1-1-Brighton-by-Sky-Sports-4-11-2023.jpg\" class=\"attachment-full size-full\" alt=\"\" srcset=\"https:\/\/evertonfc.cz\/wp-content\/uploads\/2023\/11\/Everton-1-1-Brighton-by-Sky-Sports-4-11-2023.jpg 720w, https:\/\/evertonfc.cz\/wp-content\/uploads\/2023\/11\/Everton-1-1-Brighton-by-Sky-Sports-4-11-2023-300x169.jpg 300w\" sizes=\"(max-width: 720px) 100vw, 720px\" \/><\/a>\n\t\t\t<\/dt><\/dl><br style=\"clear: both\" \/>\n\t\t<\/div>\n\n<h4><span style=\"font-size: 12pt;\"><strong>Pri\u0161lo n\u00e1sledne naj\u0165a\u017e\u0161ie ligov\u00e9 obdobie, sviatky okolo Vianoc a\u00a0nabit\u00fd kalend\u00e1r. S\u00a0klesaj\u00facimi teplotami padali aj v\u00fdkony na ihrisku. Kto sa spoliehal, \u017ee po\u010das janu\u00e1rov\u00e9ho okna pr\u00edde posile \u010di dve, tomu zamrzol \u00fasmev na tv\u00e1ri. Nap\u00e4tie a\u00a0paranoja okolo PSR oklie\u0161\u0165ovalo amb\u00edcie EFC. Klub nikoho na pomoc nepriviedol, a\u00a0Dyche tak musel pre\u017ei\u0165 s\u00a0t\u00fdm, \u010do mal. Vysvetlite, ako je mo\u017en\u00e9, \u017ee Toffees nevyhrali 13 z\u00e1pasov po sebe (1), a\u00a0mana\u017e\u00e9ra nevyhodili (2)?<\/strong><\/span><\/h4>\n<p><span style=\"font-weight: normal !msorm;\"><strong>godison:<\/strong><\/span> O\u010dak\u00e1vania v janu\u00e1ri s\u00fa v\u017edy nejak\u00e9, ka\u017ed\u00fd chce privies\u0165 jedn\u00e9ho, dvoch hr\u00e1\u010dov, lebo zoznam zranen\u00fdch po\u010das zimy je v\u017edy dlh\u00fd. Cel\u00fd \u010das sme o\u010dak\u00e1vali, \u017ee niekto pr\u00edde, a\u017e k\u00fdm o\u00a0desiatej ve\u010der na Deadline day neodch\u00e1dzal Dyche z Finch Farm. Vtedy sme u\u017e vedeli, \u017ee z toho oblaku nezapr\u0161\u00ed. Po 13 zl\u00fdch v\u00fdsledkoch som u\u017e l\u00e1mal palicu nad Dycheom. Hlavne pre futbal, ktor\u00fd hral (ten sa mi st\u00e1le a\u017e tak nep\u00e1\u010di, ale vedie k bodom). Najhor\u0161ie v\u017edy bolo \u00eds\u0165 do v\u00edkendu a\u00a0vedie\u0165, \u017ee si to ideme znovu odtrpie\u0165 a prehr\u00e1me. Ve\u013eakr\u00e1t sa \u010dlovek ani nete\u0161il na z\u00e1pas, lebo ve\u010f Everton.\u00a0A \u017ee sme nevyhodili Dychea? To nebola \u017eiadna d\u00f4vera v jeho schopnosti. To bola \u010disto zhoda kedy, po prv\u00e9, Moshiri zase raz nemal \u017eiadny n\u00e1hradn\u00fd pl\u00e1n, a\u00a0po druh\u00e9, nemali sme peniaze na vyplatenia Dychea. Za m\u0148a to bola z n\u00fadze cnos\u0165, ktor\u00e1 sa d\u00e1 teraz preda\u0165 ako viera v jeho schopnosti. Ale ver\u00edm, \u017ee vedenie tie stretnutia malo, a\u00a0riaditelia ukazovali Moshirimu, \u017ee nem\u00e1me peniaze na nov\u00e9ho tr\u00e9nera. A mo\u017eno e\u0161te st\u00e1le plat\u00edme Koemana&#8230;<\/p>\n<p><strong>duch.abum:<\/strong> Je ir\u00f3nia, \u017ee pri funk\u010dnom mana\u017emente by bol Dyche d\u00e1vno pre\u010d, a mo\u017eno dnes aj my z PL. Ktovie? Mo\u017eno keby v minulosti Silva alebo Lampard mali tento luxus, dnes by sme si ich tetovali na pupky. V tej sez\u00f3ne sme mali menej zranen\u00fdch, mo\u017eno v\u010faka tomu, \u017ee sme sa zamerali na to, aby sme priviedli hr\u00e1\u010dov, ktor\u00ed na zranenia nie s\u00fa n\u00e1chyln\u00ed. Napr\u00edklad Tark je v tejto discipl\u00edne neuverite\u013en\u00fd. Nemysl\u00edm si, \u017ee sme nutne potrebovali v zime posil\u0148ova\u0165. A je vlastne aj zbyto\u010dn\u00e9 o tom \u0161pekulova\u0165, ke\u010f\u017ee sme na to nemali peniaze. Zl\u00e1 s\u00e9ria znamenala pre m\u0148a ve\u013ek\u00e9 oslabenie n\u00e1deje na z\u00e1chranu. V kombin\u00e1cii s odpo\u010dtom bodov a o\u010dak\u00e1van\u00fdm predajom 777&#8230; vonku tma, vn\u00fatri tma, temno a depresia.<\/p>\n<p>Pre\u010do 13 z\u00e1pasov bez prehry? Kombin\u00e1cia faktorov. Predov\u0161etk\u00fdm s\u00faperi sa nau\u010dili, \u010do proti n\u00e1m funguje. Nemali sme potrebn\u00fa kvalitu, aby sa na\u0161iel niekto, kto napriek nepriazni vytiahne nie\u010do geni\u00e1lne, a zachr\u00e1ni z\u00e1pas. A trochu sme mali aj smolu. Op\u00e4\u0165 boli z\u00e1pasy, v ktor\u00fdch sme boli lep\u0161\u00ed (napr\u00edklad s West Hamom 1:3 alebo oba z\u00e1pasy so Spurs 1:2, 2:2). Ir\u00f3niou je, \u017ee sme s\u00e9riu ukon\u010dili v\u00fdhrou s Burnley 1:0, ke\u010f sme hrali pr\u00ed\u0161erne. G\u00f3l Dominicovi zariadili anjeli z neba. Svojim sp\u00f4sobom je obdivuhodn\u00e9, \u017ee sme nerezignovali, a na\u0161li v sebe silu na ten par\u00e1dny obrat. Aj v tomto by som h\u013eadal Dycheov pr\u00ednos. Mysl\u00edm, \u017ee kab\u00ednu nepustil z ruky.<\/p>\n\n\t\t<style type=\"text\/css\">\n\t\t\t#gallery-6 {\n\t\t\t\tmargin: auto;\n\t\t\t}\n\t\t\t#gallery-6 .gallery-item {\n\t\t\t\tfloat: left;\n\t\t\t\tmargin-top: 10px;\n\t\t\t\ttext-align: center;\n\t\t\t\twidth: 50%;\n\t\t\t}\n\t\t\t#gallery-6 img {\n\t\t\t\tborder: 2px solid #cfcfcf;\n\t\t\t}\n\t\t\t#gallery-6 .gallery-caption {\n\t\t\t\tmargin-left: 0;\n\t\t\t}\n\t\t\t\/* see gallery_shortcode() in wp-includes\/media.php *\/\n\t\t<\/style>\n\t\t<div id='gallery-6' class='gallery galleryid-24951 gallery-columns-2 gallery-size-full'><dl class='gallery-item'>\n\t\t\t<dt class='gallery-icon landscape'>\n\t\t\t\t<a href='https:\/\/evertonfc.cz\/coleman_cherries\/'><img loading=\"lazy\" decoding=\"async\" width=\"720\" height=\"405\" src=\"https:\/\/evertonfc.cz\/wp-content\/uploads\/2024\/03\/coleman_cherries.jpg\" class=\"attachment-full size-full\" alt=\"\" srcset=\"https:\/\/evertonfc.cz\/wp-content\/uploads\/2024\/03\/coleman_cherries.jpg 720w, https:\/\/evertonfc.cz\/wp-content\/uploads\/2024\/03\/coleman_cherries-300x169.jpg 300w\" sizes=\"(max-width: 720px) 100vw, 720px\" \/><\/a>\n\t\t\t<\/dt><\/dl><dl class='gallery-item'>\n\t\t\t<dt class='gallery-icon landscape'>\n\t\t\t\t<a href='https:\/\/evertonfc.cz\/sean-dyche-vs-chelsea-by-tony-mcardle-everton-fc-getty-images-18-4-2024\/'><img loading=\"lazy\" decoding=\"async\" width=\"720\" height=\"405\" src=\"https:\/\/evertonfc.cz\/wp-content\/uploads\/2024\/04\/Sean-Dyche-vs-Chelsea-by-Tony-McArdle-Everton-FC-Getty-Images-18-4-2024.jpg\" class=\"attachment-full size-full\" alt=\"\" srcset=\"https:\/\/evertonfc.cz\/wp-content\/uploads\/2024\/04\/Sean-Dyche-vs-Chelsea-by-Tony-McArdle-Everton-FC-Getty-Images-18-4-2024.jpg 720w, https:\/\/evertonfc.cz\/wp-content\/uploads\/2024\/04\/Sean-Dyche-vs-Chelsea-by-Tony-McArdle-Everton-FC-Getty-Images-18-4-2024-300x169.jpg 300w\" sizes=\"(max-width: 720px) 100vw, 720px\" \/><\/a>\n\t\t\t<\/dt><\/dl><br style=\"clear: both\" \/>\n\t\t<\/div>\n\n<h4><span style=\"font-size: 12pt;\"><strong>K\u00a0roztopeniu \u013eadov pri\u0161lo a\u017e v\u00a0apr\u00edli. To u\u017e sme ale vedeli, \u017ee pl\u00e1va\u0165 sa bude \u013eah\u0161ie so zmiernen\u00fdm odpo\u010dtom \u0161iestich bodov. Jasn\u00e1 z\u00e1chrana, v\u0161ak? Najm\u00e4 ke\u010f si liga posvietila aj na Forest. Trhali V\u00e1m \u017eili nesk\u00f4r e\u0161te dodato\u010dn\u00e9 dva body dole? A \u010do si mysl\u00edte o\u00a0z\u00e1vere\u010dnej jazde sez\u00f3ny, kedy sme z\u00a0posledn\u00fdch osem stretnut\u00ed vydolovali a\u017e p\u00e4\u0165 v\u00fdhier?<\/strong><\/span><\/h4>\n<p><strong>godison:<\/strong> Tie dva body a\u017e tak nie, ke\u010f bol aj Nottingham v rovnakej situ\u00e1ci\u00ed. V\u00fdhra nad nimi, hlavne po prehre na Chelsea, tak vtedy sme u\u017e tu\u0161ili, \u017ee sa zachr\u00e1nime. A potom n\u00e1s \u010dakal z\u00e1pas s Liverpoolom. Everton vo v\u00fdnimo\u010dne dobrej poz\u00edci\u00ed oproti Nottinghamu, a pr\u00edde Liverpool. To je v\u017edy dobr\u00fd recept na pokazenie sa v\u0161etk\u00e9ho. Ten z\u00e1pas som sledoval so zatajen\u00edm dychom, po g\u00f3le Branthwaitea klasick\u00e9 o\u010dak\u00e1vanie, kto to zase dokope u n\u00e1s. Ale do pol\u010dasu ni\u010d. Po\u010das prest\u00e1vky googlenie, kedy naposledy vyhral Everton doma nad Liverpoolom, lebo pam\u00e4\u0165 na to nevedela pr\u00eds\u0165 sama. Potom padol druh\u00fd g\u00f3l od DCL, a vtedy som si povedal, \u017ee je vyma\u013eovan\u00e9. Za\u017ei\u0165 atmosf\u00e9ru na Grand Old Lady po\u010das tohto z\u00e1pasu muselo by\u0165 na cel\u00fd \u017eivot. S\u00fa v\u00fdhry a\u00a0v\u00fdhry. Ale toto bolo \u00faplne nie\u010do in\u00e9, za m\u0148a jednozna\u010dne z\u00e1pas sez\u00f3ny a mo\u017eno aj desa\u0165ro\u010dia.<\/p>\n<p><strong>duch.abum:<\/strong> \u00d3 op\u00e4\u0165 tie z\u00e1vraty na horskej dr\u00e1he. Prelomenie 13 z\u00e1pasovej s\u00e9rie bez v\u00fdhry: EFC &#8211; Burnley 1:0. N\u00e1dej. Chelsea &#8211; EFC 6:0. N\u00e1raz na jeden z neroztopen\u00fdch \u013eadovcov. A nasleduj\u00face 3 v\u00fdhry a medzi nimi 2:0 v derby. Jedn\u00fdm slovom Everton. Dodato\u010dn\u00e9 dva body dole: \u010dakal som to. Len celkom neviem, pre\u010do nie jeden a tri\u0161tvrte. Alebo dva cel\u00e9, nula p\u00e4\u0165 stot\u00edn. Bolo by to zauj\u00edmavej\u0161ie. Rad\u0161ej by som v posledn\u00fdch kol\u00e1ch diskutoval o hre, g\u00f3loch, taktik\u00e1ch, a nie o tom ko\u013eko bodov mali alebo nemali zobra\u0165 n\u00e1m a lesn\u00edkom.<\/p>\n\n\t\t<style type=\"text\/css\">\n\t\t\t#gallery-7 {\n\t\t\t\tmargin: auto;\n\t\t\t}\n\t\t\t#gallery-7 .gallery-item {\n\t\t\t\tfloat: left;\n\t\t\t\tmargin-top: 10px;\n\t\t\t\ttext-align: center;\n\t\t\t\twidth: 50%;\n\t\t\t}\n\t\t\t#gallery-7 img {\n\t\t\t\tborder: 2px solid #cfcfcf;\n\t\t\t}\n\t\t\t#gallery-7 .gallery-caption {\n\t\t\t\tmargin-left: 0;\n\t\t\t}\n\t\t\t\/* see gallery_shortcode() in wp-includes\/media.php *\/\n\t\t<\/style>\n\t\t<div id='gallery-7' class='gallery galleryid-24951 gallery-columns-2 gallery-size-full'><dl class='gallery-item'>\n\t\t\t<dt class='gallery-icon landscape'>\n\t\t\t\t<a href='https:\/\/evertonfc.cz\/index.php\/2024\/08\/15\/zhodnotenie-sezony-2023-24\/beto_whu\/'><img loading=\"lazy\" decoding=\"async\" width=\"720\" height=\"405\" src=\"https:\/\/evertonfc.cz\/wp-content\/uploads\/2024\/03\/beto_whu.jpg\" class=\"attachment-full size-full\" alt=\"\" srcset=\"https:\/\/evertonfc.cz\/wp-content\/uploads\/2024\/03\/beto_whu.jpg 720w, https:\/\/evertonfc.cz\/wp-content\/uploads\/2024\/03\/beto_whu-300x169.jpg 300w\" sizes=\"(max-width: 720px) 100vw, 720px\" \/><\/a>\n\t\t\t<\/dt><\/dl><dl class='gallery-item'>\n\t\t\t<dt class='gallery-icon landscape'>\n\t\t\t\t<a href='https:\/\/evertonfc.cz\/newcastle-1-1-everton-by-afp-2-4-2024\/'><img loading=\"lazy\" decoding=\"async\" width=\"720\" height=\"405\" src=\"https:\/\/evertonfc.cz\/wp-content\/uploads\/2024\/04\/Newcastle-1-1-Everton-by-AFP-2-4-2024.jpg\" class=\"attachment-full size-full\" alt=\"\" srcset=\"https:\/\/evertonfc.cz\/wp-content\/uploads\/2024\/04\/Newcastle-1-1-Everton-by-AFP-2-4-2024.jpg 720w, https:\/\/evertonfc.cz\/wp-content\/uploads\/2024\/04\/Newcastle-1-1-Everton-by-AFP-2-4-2024-300x169.jpg 300w\" sizes=\"(max-width: 720px) 100vw, 720px\" \/><\/a>\n\t\t\t<\/dt><\/dl><br style=\"clear: both\" \/>\n\t\t<\/div>\n\n<h4><span style=\"font-size: 12pt;\"><strong>Pred z\u00e1vere\u010dnou si zadefinujme p\u00e1r vec\u00ed. Po prv\u00e9, vymenujte tri z\u00e1pasy, ktor\u00e9 najviac rezonovali minulou sez\u00f3nou a pre\u010do. Po druh\u00e9, udajte tri d\u00f4vody (alebo len nap\u00ed\u0161te svoj n\u00e1zor), pre\u010do Dyche zvl\u00e1dol to (aj s neuverite\u013en\u00fdmi prek\u00e1\u017ekami), \u010do sa pred n\u00edm nepodarilo Lampardovi ani Ben\u00edtezovi. Po tretie, chceme klasiky \u2013 najlep\u0161\u00ed hr\u00e1\u010d, posila, z\u00e1pas a g\u00f3l sez\u00f3ny 2023\/24.<\/strong><\/span><\/h4>\n<p><strong>godison:<\/strong> Liverpool doma 2:0, Chelsea vonku 0:6, a Aston Villa doma 0:4 na za\u010diatku sez\u00f3ny. Za m\u0148a zlomov\u00e9 z\u00e1pasy, v ktor\u00fdch ka\u017ed\u00fd nechal vo mne nie\u010do in\u00e9 (4. z\u00e1pas by bol ten dom\u00e1ci s Nottinghamom). Liverpool u\u017e nebudem rozpisova\u0165. Chelsea, to bol rozpad t\u00edmu v priamom prenose. Ni\u010d nevych\u00e1dzalo a ka\u017ed\u00fd to vedel. O to viac treba da\u0165 kredit Dycheovi, \u017ee aj po takomto z\u00e1pase nakopol t\u00edm. Aston Villa n\u00e1s hne\u010f v \u00favode obna\u017eila, a uk\u00e1zala v\u0161etky chyby n\u00e1\u0161ho t\u00edmu. Hlavne Dycheovi to muselo otvori\u0165 o\u010di, \u017ee takto sa to skr\u00e1tka ned\u00e1 (ale pri z\u00e1pase s Doncasterom som u\u017e odpisoval asi v\u0161etko).<\/p>\n<p>Dyche m\u00e1 svoju charizmu, ktor\u00e1 skr\u00e1tka m\u00e1 svoje \u010daro! Je to n\u00e1\u0161 k\u00fazeln\u00edk, ktor\u00fd v\u017edy uk\u00e1\u017ee nov\u00fd trik (ak sa teda net\u00fdka z\u00e1kladnej zostavy). Ale hlavne pre\u010do to zvl\u00e1dol je, \u017ee sme do ba\u017einy poslali alig\u00e1tora, ktor\u00fd tam vyrastal. 10 rokov sa bil s\u00a0Burnley, a v\u017edy tam mal r\u00f4zne probl\u00e9my, za\u017eil si v\u0161etko. Toto Lampard a Ben\u00edtez nemaj\u00fa. Je to ako in\u0161tinkt. Aj Sam Allardyce na to, ak\u00fd je zl\u00fd tr\u00e9ner, a \u010do v\u0161etko sa n\u00e1m na \u0148om nep\u00e1\u010di, dok\u00e1zal donies\u0165 tie v\u00fdsledky, a zachr\u00e1ni\u0165 t\u00edmy v PL. To skr\u00e1tka tr\u00e9ner m\u00e1 alebo nem\u00e1. A v neposlednom rade aj finan\u010dn\u00e1 situ\u00e1cia mu predl\u017eila mo\u017enos\u0165 e\u0161te vyt\u013ac\u0165 z\u00a0t\u00edmu, \u010do potreboval.<\/p>\n<p>Najlep\u0161ie len v skratke: Branthwaite, Harrison, Liverpol 2:0, McNeil proti Nottinghamu vonku pri v\u00fdhre 1:0.<\/p>\n<p><strong>duch.abum:<\/strong> Najrezonuj\u00facej\u0161ie z\u00e1pasy:<\/p>\n<ol>\n<li>bez debaty a s ve\u013ek\u00fdm n\u00e1skokom EFC &#8211; LFC 2:0. Neviem, kto by dal nie\u010do in\u00e9. Len pripomeniem, \u017ee v tom z\u00e1pase sme kv\u00f4li tesn\u00e9mu VAR ofsajdu nekopali penaltu. Za stavu 0:0 zachra\u0148oval na br\u00e1nkovej \u010diare Godfrey! Bran dal g\u00f3l po neuverite\u013enej sekvencii v s\u00faperovej \u0161estn\u00e1stke, kde sme uk\u00e1zali obrovsk\u00e9 nasadenie a\u00a0t\u00fa\u017ebu. Young po nahraden\u00ed zranen\u00e9ho Mykolenka hral vynikaj\u00faco. A Dominic dal g\u00f3l z rohu najjednoduch\u0161\u00edm sp\u00f4sobom, ke\u010f ho niekto nebr\u00e1nil (?), \u010do in\u0161pirovalo Kloppa k \u0161irok\u00e9mu \u00fasmevu a LFC stratili \u0161ancu na titul.<\/li>\n<li>EFC &#8211; Forest 2:0. Ve\u013emi d\u00f4le\u017eit\u00fd v\u00fdsledok. Young mohol sp\u00f4sobi\u0165 3 penalty, \u010do sa po z\u00e1pase ve\u013ea rozoberalo. Presne t\u00e1 situ\u00e1cia, kedy sa vyrovn\u00e1va karma z mnoh\u00fdch in\u00fdch z\u00e1pasov, kedy sme mohli penaltu kopa\u0165 my. Pr\u00edpadne z podivn\u00e9ho rozhodnutia o odpo\u010dte bodov Forestu. Kolobeh sporn\u00fdch rozhodnut\u00ed.<\/li>\n<li>Bournemouth &#8211; EFC 2:1. Vrcholiaca kr\u00edza. Z\u00e1pas n\u00e1deje proti s\u00faperovi bez formy po repre pauze, ktor\u00fd priniesol \u00fapln\u00e9 z\u00fafalstvo. Nefungovalo ni\u010d, hrali sme hrozne. E\u0161te aj na n\u00e1\u0161 n\u00e1hodn\u00fd g\u00f3l pred koncom s\u00faper odpovedal g\u00f3lom. Pri\u0161li inform\u00e1cie o nezhod\u00e1ch medzi Dycheom a kab\u00ednou. Koniec. V tej chv\u00edle sme \u0161tudovali s\u00faperov v Championship.<\/li>\n<\/ol>\n<p>D\u00f4vody, pre\u010do Dyche zostal na lavi\u010dke a op\u00e4\u0165 uspel v z\u00e1chrane:<\/p>\n<ol>\n<li>Nemal ho kto vyhodi\u0165. Moshiri to u\u017e nechcel rozhodova\u0165 a 777 e\u0161te nemali vl\u00e1du v ruk\u00e1ch.<\/li>\n<li>Ment\u00e1lna sila. Zrejme dok\u00e1\u017ee ma\u0165 v kab\u00edne \u00factu aj ke\u010f urob\u00ed chybu.<\/li>\n<li>Mimoriadne slab\u00ed s\u00faperi v boji o zostup.<\/li>\n<\/ol>\n<p>Hr\u00e1\u010d: Pickford.<\/p>\n<p>Posila: Branthwaite. Ak sa nepo\u010d\u00edta za posilu, ke\u010f\u017ee sme ho len stiahli z hos\u0165ovania, tak Harrison.<\/p>\n<p>Z\u00e1pas: derby na GP.<\/p>\n<p>G\u00f3l sez\u00f3ny: 29.10.2023, DCL, West Ham &#8211; EFC 0:1 (ale zva\u017eoval som aj 6.4. DCL proti Burnley).<\/p>\n\n\t\t<style type=\"text\/css\">\n\t\t\t#gallery-8 {\n\t\t\t\tmargin: auto;\n\t\t\t}\n\t\t\t#gallery-8 .gallery-item {\n\t\t\t\tfloat: left;\n\t\t\t\tmargin-top: 10px;\n\t\t\t\ttext-align: center;\n\t\t\t\twidth: 50%;\n\t\t\t}\n\t\t\t#gallery-8 img {\n\t\t\t\tborder: 2px solid #cfcfcf;\n\t\t\t}\n\t\t\t#gallery-8 .gallery-caption {\n\t\t\t\tmargin-left: 0;\n\t\t\t}\n\t\t\t\/* see gallery_shortcode() in wp-includes\/media.php *\/\n\t\t<\/style>\n\t\t<div id='gallery-8' class='gallery galleryid-24951 gallery-columns-2 gallery-size-full'><dl class='gallery-item'>\n\t\t\t<dt class='gallery-icon landscape'>\n\t\t\t\t<a href='https:\/\/evertonfc.cz\/derby_win\/'><img loading=\"lazy\" decoding=\"async\" width=\"720\" height=\"405\" src=\"https:\/\/evertonfc.cz\/wp-content\/uploads\/2024\/04\/derby_win.jpg\" class=\"attachment-full size-full\" alt=\"\" srcset=\"https:\/\/evertonfc.cz\/wp-content\/uploads\/2024\/04\/derby_win.jpg 720w, https:\/\/evertonfc.cz\/wp-content\/uploads\/2024\/04\/derby_win-300x169.jpg 300w\" sizes=\"(max-width: 720px) 100vw, 720px\" \/><\/a>\n\t\t\t<\/dt><\/dl><dl class='gallery-item'>\n\t\t\t<dt class='gallery-icon landscape'>\n\t\t\t\t<a href='https:\/\/evertonfc.cz\/gana_21_4_2024\/'><img loading=\"lazy\" decoding=\"async\" width=\"720\" height=\"405\" src=\"https:\/\/evertonfc.cz\/wp-content\/uploads\/2024\/04\/gana_21_4_2024.jpeg\" class=\"attachment-full size-full\" alt=\"\" srcset=\"https:\/\/evertonfc.cz\/wp-content\/uploads\/2024\/04\/gana_21_4_2024.jpeg 720w, https:\/\/evertonfc.cz\/wp-content\/uploads\/2024\/04\/gana_21_4_2024-300x169.jpeg 300w\" sizes=\"(max-width: 720px) 100vw, 720px\" \/><\/a>\n\t\t\t<\/dt><\/dl><br style=\"clear: both\" \/>\n\t\t<\/div>\n\n<h4><span style=\"font-size: 12pt;\"><strong>Koniec. To ale neznamen\u00e1, \u017ee si ned\u00e1me \u010dere\u0161ni\u010dku! Tak\u017ee ako v\u010faku za tento rozhovor V\u00e1m prenech\u00e1m e\u0161te priestor na rozj\u00edmanie nad nov\u00fdm ro\u010dn\u00edkom. Kde vid\u00edte alebo chcete vidie\u0165 Everton? Op\u00e4\u0165 v\u00a0probl\u00e9moch so z\u00e1konom, \u010di hern\u00fa renesanciu Dychea na rozl\u00fa\u010dku s\u00a0Goodison Parkom? E\u0161te raz, v\u010faka priatelia!<\/strong><\/span><\/h4>\n<p><strong>godison: <\/strong>A na z\u00e1ver, kde by som chcel vidie\u0165 Everton? Ur\u010dite na\u017eivo na Grand Old Lady! Posledn\u00e1 rozl\u00fa\u010dkov\u00e1 sez\u00f3na, tu sa skr\u00e1tka mus\u00edme hecn\u00fa\u0165, a \u00eds\u0165 na ten z\u00e1pas! Prejs\u0165 prehliadku Goodison Parku, a navn\u00edma\u0165 atmosf\u00e9ru miesta. \u010co sa t\u00fdka v\u00fdkonov t\u00edmu, tak n\u00e1s vid\u00edm okolo 10.\/11. miesta. Vyjde n\u00e1m p\u00e1r z\u00e1pasov proti Big 6, ale strat\u00edme lacno body s\u00a0ozembuchmi, ktor\u00ed sa bud\u00fa pot\u013aka\u0165 na spodku tabu\u013eky cel\u00fa sez\u00f3nu. Te\u0161\u00edm sa hlavne aj z pos\u00edl, leto bolo v\u00fd\u017eivn\u00e9 a t\u00edm vyzer\u00e1 dobre. Mysl\u00edm, \u017ee t\u00e1to sez\u00f3na by mohla by\u0165 optimistick\u00e1.<\/p>\n<p><strong>duch.abum:<\/strong> Budem pokojn\u00fd so spokojn\u00fdm stredom tabu\u013eky, neodr\u00e1tan\u00edm bodov a nov\u00fdm majite\u013eom Michaelom Dellom. Zab\u00e1va\u0165 n\u00e1s bud\u00fa Ndiaye a Iroegbunam. Budeme sa l\u00fa\u010di\u0165 s DCL, Branom a samozrejme Goodison Parkom. Sez\u00f3na skon\u010d\u00ed obrovskou n\u00e1dejou a nedo\u010dkavos\u0165ou u\u017ei\u0165 si Bramley Moore Docks (napr\u00edklad, kto prv\u00fd kopne loptu a\u017e do \u00cdrskeho mora?).<\/p>\n<p style=\"text-align: right;\"><span style=\"font-size: 8pt;\">(fotozdroj titulka: Sky Sports)<\/span><\/p>\n<h3 style=\"text-align: center;\"><span style=\"color: #3366ff;\"><em><strong>Up The Toffees !!!<\/strong><\/em><\/span><\/h3>\n","protected":false},"excerpt":{"rendered":"<p>Dos\u0165 tesne, ale st\u00e1le st\u00edhame! Pred \u0161tartom nov\u00e9ho marat\u00f3nu ostrovn\u00e9ho futbalu si zrekapitulujeme, \u010do Everton robil v\u00a0minulej sez\u00f3ne, \u010do nemal robi\u0165, a\u00a0\u010do by mal robi\u0165 v tej bud\u00facej, poslednej v\u00a0Goodisone.<\/p>\n","protected":false},"author":1,"featured_media":24952,"comment_status":"open","ping_status":"closed","sticky":false,"template":"","format":"standard","meta":{"_eb_attr":"","_monsterinsights_skip_tracking":false,"_monsterinsights_sitenote_active":false,"_monsterinsights_sitenote_note":"","_monsterinsights_sitenote_category":0,"footnotes":""},"categories":[1,15],"tags":[],"yoast_head":"<!-- This site is optimized with the Yoast SEO plugin v23.4 - https:\/\/yoast.com\/wordpress\/plugins\/seo\/ -->\n<title>Zhodnotenie sez\u00f3ny 2023\/24 - Official Czech &amp; Slovak Everton Supporters&#039; Club<\/title>\n<meta name=\"robots\" content=\"index, follow, max-snippet:-1, max-image-preview:large, max-video-preview:-1\" \/>\n<link rel=\"canonical\" href=\"https:\/\/evertonfc.cz\/index.php\/2024\/08\/15\/zhodnotenie-sezony-2023-24\/\" \/>\n<meta property=\"og:locale\" content=\"cs_CZ\" \/>\n<meta property=\"og:type\" content=\"article\" \/>\n<meta property=\"og:title\" content=\"Zhodnotenie sez\u00f3ny 2023\/24 - Official Czech &amp; Slovak Everton Supporters&#039; Club\" \/>\n<meta property=\"og:description\" content=\"Dos\u0165 tesne, ale st\u00e1le st\u00edhame! Pred \u0161tartom nov\u00e9ho marat\u00f3nu ostrovn\u00e9ho futbalu si zrekapitulujeme, \u010do Everton robil v\u00a0minulej sez\u00f3ne, \u010do nemal robi\u0165, a\u00a0\u010do by mal robi\u0165 v tej bud\u00facej, poslednej v\u00a0Goodisone.\" \/>\n<meta property=\"og:url\" content=\"https:\/\/evertonfc.cz\/index.php\/2024\/08\/15\/zhodnotenie-sezony-2023-24\/\" \/>\n<meta property=\"og:site_name\" content=\"Official Czech &amp; Slovak Everton Supporters&#039; Club\" \/>\n<meta property=\"article:publisher\" content=\"https:\/\/www.facebook.com\/everton.fans.cz.sk\" \/>\n<meta property=\"article:published_time\" content=\"2024-08-15T16:45:50+00:00\" \/>\n<meta property=\"article:modified_time\" content=\"2024-09-05T12:57:14+00:00\" \/>\n<meta property=\"og:image\" content=\"https:\/\/evertonfc.cz\/wp-content\/uploads\/2024\/08\/Everton-2023-24-by-Sky-Sports-15-8-2024.jpg\" \/>\n\t<meta property=\"og:image:width\" content=\"720\" \/>\n\t<meta property=\"og:image:height\" content=\"405\" \/>\n\t<meta property=\"og:image:type\" content=\"image\/jpeg\" \/>\n<meta name=\"author\" content=\"BlueBlooded\" \/>\n<meta name=\"twitter:card\" content=\"summary_large_image\" \/>\n<meta name=\"twitter:label1\" content=\"Napsal(a)\" \/>\n\t<meta name=\"twitter:data1\" content=\"BlueBlooded\" \/>\n\t<meta name=\"twitter:label2\" content=\"Odhadovan\u00e1 doba \u010dten\u00ed\" \/>\n\t<meta name=\"twitter:data2\" content=\"18 minut\" \/>\n<script type=\"application\/ld+json\" class=\"yoast-schema-graph\">{\"@context\":\"https:\/\/schema.org\",\"@graph\":[{\"@type\":\"Article\",\"@id\":\"https:\/\/evertonfc.cz\/index.php\/2024\/08\/15\/zhodnotenie-sezony-2023-24\/#article\",\"isPartOf\":{\"@id\":\"https:\/\/evertonfc.cz\/index.php\/2024\/08\/15\/zhodnotenie-sezony-2023-24\/\"},\"author\":{\"name\":\"BlueBlooded\",\"@id\":\"https:\/\/evertonfc.cz\/#\/schema\/person\/d4493b8cbea51532597fbc4685698916\"},\"headline\":\"Zhodnotenie sez\u00f3ny 2023\/24\",\"datePublished\":\"2024-08-15T16:45:50+00:00\",\"dateModified\":\"2024-09-05T12:57:14+00:00\",\"mainEntityOfPage\":{\"@id\":\"https:\/\/evertonfc.cz\/index.php\/2024\/08\/15\/zhodnotenie-sezony-2023-24\/\"},\"wordCount\":3909,\"commentCount\":3,\"publisher\":{\"@id\":\"https:\/\/evertonfc.cz\/#organization\"},\"image\":{\"@id\":\"https:\/\/evertonfc.cz\/index.php\/2024\/08\/15\/zhodnotenie-sezony-2023-24\/#primaryimage\"},\"thumbnailUrl\":\"https:\/\/evertonfc.cz\/wp-content\/uploads\/2024\/08\/Everton-2023-24-by-Sky-Sports-15-8-2024.jpg\",\"articleSection\":[\"Rozhovory\",\"Zhodnocen\u00ed sez\u00f3n\"],\"inLanguage\":\"cs\",\"potentialAction\":[{\"@type\":\"CommentAction\",\"name\":\"Comment\",\"target\":[\"https:\/\/evertonfc.cz\/index.php\/2024\/08\/15\/zhodnotenie-sezony-2023-24\/#respond\"]}]},{\"@type\":\"WebPage\",\"@id\":\"https:\/\/evertonfc.cz\/index.php\/2024\/08\/15\/zhodnotenie-sezony-2023-24\/\",\"url\":\"https:\/\/evertonfc.cz\/index.php\/2024\/08\/15\/zhodnotenie-sezony-2023-24\/\",\"name\":\"Zhodnotenie sez\u00f3ny 2023\/24 - Official Czech &amp; Slovak Everton Supporters&#039; Club\",\"isPartOf\":{\"@id\":\"https:\/\/evertonfc.cz\/#website\"},\"primaryImageOfPage\":{\"@id\":\"https:\/\/evertonfc.cz\/index.php\/2024\/08\/15\/zhodnotenie-sezony-2023-24\/#primaryimage\"},\"image\":{\"@id\":\"https:\/\/evertonfc.cz\/index.php\/2024\/08\/15\/zhodnotenie-sezony-2023-24\/#primaryimage\"},\"thumbnailUrl\":\"https:\/\/evertonfc.cz\/wp-content\/uploads\/2024\/08\/Everton-2023-24-by-Sky-Sports-15-8-2024.jpg\",\"datePublished\":\"2024-08-15T16:45:50+00:00\",\"dateModified\":\"2024-09-05T12:57:14+00:00\",\"breadcrumb\":{\"@id\":\"https:\/\/evertonfc.cz\/index.php\/2024\/08\/15\/zhodnotenie-sezony-2023-24\/#breadcrumb\"},\"inLanguage\":\"cs\",\"potentialAction\":[{\"@type\":\"ReadAction\",\"target\":[\"https:\/\/evertonfc.cz\/index.php\/2024\/08\/15\/zhodnotenie-sezony-2023-24\/\"]}]},{\"@type\":\"ImageObject\",\"inLanguage\":\"cs\",\"@id\":\"https:\/\/evertonfc.cz\/index.php\/2024\/08\/15\/zhodnotenie-sezony-2023-24\/#primaryimage\",\"url\":\"https:\/\/evertonfc.cz\/wp-content\/uploads\/2024\/08\/Everton-2023-24-by-Sky-Sports-15-8-2024.jpg\",\"contentUrl\":\"https:\/\/evertonfc.cz\/wp-content\/uploads\/2024\/08\/Everton-2023-24-by-Sky-Sports-15-8-2024.jpg\",\"width\":720,\"height\":405},{\"@type\":\"BreadcrumbList\",\"@id\":\"https:\/\/evertonfc.cz\/index.php\/2024\/08\/15\/zhodnotenie-sezony-2023-24\/#breadcrumb\",\"itemListElement\":[{\"@type\":\"ListItem\",\"position\":1,\"name\":\"Home\",\"item\":\"https:\/\/evertonfc.cz\/\"},{\"@type\":\"ListItem\",\"position\":2,\"name\":\"Zhodnotenie sez\u00f3ny 2023\/24\"}]},{\"@type\":\"WebSite\",\"@id\":\"https:\/\/evertonfc.cz\/#website\",\"url\":\"https:\/\/evertonfc.cz\/\",\"name\":\"Official Czech &amp; Slovak Everton Supporters&#039; Club\",\"description\":\"\",\"publisher\":{\"@id\":\"https:\/\/evertonfc.cz\/#organization\"},\"potentialAction\":[{\"@type\":\"SearchAction\",\"target\":{\"@type\":\"EntryPoint\",\"urlTemplate\":\"https:\/\/evertonfc.cz\/?s={search_term_string}\"},\"query-input\":{\"@type\":\"PropertyValueSpecification\",\"valueRequired\":true,\"valueName\":\"search_term_string\"}}],\"inLanguage\":\"cs\"},{\"@type\":\"Organization\",\"@id\":\"https:\/\/evertonfc.cz\/#organization\",\"name\":\"Official Czech & Slovak Everton Supporters' Club\",\"url\":\"https:\/\/evertonfc.cz\/\",\"logo\":{\"@type\":\"ImageObject\",\"inLanguage\":\"cs\",\"@id\":\"https:\/\/evertonfc.cz\/#\/schema\/logo\/image\/\",\"url\":\"https:\/\/evertonfc.cz\/wp-content\/uploads\/2019\/05\/logo.png\",\"contentUrl\":\"https:\/\/evertonfc.cz\/wp-content\/uploads\/2019\/05\/logo.png\",\"width\":112,\"height\":112,\"caption\":\"Official Czech & Slovak Everton Supporters' Club\"},\"image\":{\"@id\":\"https:\/\/evertonfc.cz\/#\/schema\/logo\/image\/\"},\"sameAs\":[\"https:\/\/www.facebook.com\/everton.fans.cz.sk\"]},{\"@type\":\"Person\",\"@id\":\"https:\/\/evertonfc.cz\/#\/schema\/person\/d4493b8cbea51532597fbc4685698916\",\"name\":\"BlueBlooded\",\"url\":\"https:\/\/evertonfc.cz\/index.php\/author\/admin\/\"}]}<\/script>\n<!-- \/ Yoast SEO plugin. -->","yoast_head_json":{"title":"Zhodnotenie sez\u00f3ny 2023\/24 - Official Czech &amp; Slovak Everton Supporters&#039; Club","robots":{"index":"index","follow":"follow","max-snippet":"max-snippet:-1","max-image-preview":"max-image-preview:large","max-video-preview":"max-video-preview:-1"},"canonical":"https:\/\/evertonfc.cz\/index.php\/2024\/08\/15\/zhodnotenie-sezony-2023-24\/","og_locale":"cs_CZ","og_type":"article","og_title":"Zhodnotenie sez\u00f3ny 2023\/24 - Official Czech &amp; Slovak Everton Supporters&#039; Club","og_description":"Dos\u0165 tesne, ale st\u00e1le st\u00edhame! Pred \u0161tartom nov\u00e9ho marat\u00f3nu ostrovn\u00e9ho futbalu si zrekapitulujeme, \u010do Everton robil v\u00a0minulej sez\u00f3ne, \u010do nemal robi\u0165, a\u00a0\u010do by mal robi\u0165 v tej bud\u00facej, poslednej v\u00a0Goodisone.","og_url":"https:\/\/evertonfc.cz\/index.php\/2024\/08\/15\/zhodnotenie-sezony-2023-24\/","og_site_name":"Official Czech &amp; Slovak Everton Supporters&#039; Club","article_publisher":"https:\/\/www.facebook.com\/everton.fans.cz.sk","article_published_time":"2024-08-15T16:45:50+00:00","article_modified_time":"2024-09-05T12:57:14+00:00","og_image":[{"width":720,"height":405,"url":"https:\/\/evertonfc.cz\/wp-content\/uploads\/2024\/08\/Everton-2023-24-by-Sky-Sports-15-8-2024.jpg","type":"image\/jpeg"}],"author":"BlueBlooded","twitter_card":"summary_large_image","twitter_misc":{"Napsal(a)":"BlueBlooded","Odhadovan\u00e1 doba \u010dten\u00ed":"18 minut"},"schema":{"@context":"https:\/\/schema.org","@graph":[{"@type":"Article","@id":"https:\/\/evertonfc.cz\/index.php\/2024\/08\/15\/zhodnotenie-sezony-2023-24\/#article","isPartOf":{"@id":"https:\/\/evertonfc.cz\/index.php\/2024\/08\/15\/zhodnotenie-sezony-2023-24\/"},"author":{"name":"BlueBlooded","@id":"https:\/\/evertonfc.cz\/#\/schema\/person\/d4493b8cbea51532597fbc4685698916"},"headline":"Zhodnotenie sez\u00f3ny 2023\/24","datePublished":"2024-08-15T16:45:50+00:00","dateModified":"2024-09-05T12:57:14+00:00","mainEntityOfPage":{"@id":"https:\/\/evertonfc.cz\/index.php\/2024\/08\/15\/zhodnotenie-sezony-2023-24\/"},"wordCount":3909,"commentCount":3,"publisher":{"@id":"https:\/\/evertonfc.cz\/#organization"},"image":{"@id":"https:\/\/evertonfc.cz\/index.php\/2024\/08\/15\/zhodnotenie-sezony-2023-24\/#primaryimage"},"thumbnailUrl":"https:\/\/evertonfc.cz\/wp-content\/uploads\/2024\/08\/Everton-2023-24-by-Sky-Sports-15-8-2024.jpg","articleSection":["Rozhovory","Zhodnocen\u00ed sez\u00f3n"],"inLanguage":"cs","potentialAction":[{"@type":"CommentAction","name":"Comment","target":["https:\/\/evertonfc.cz\/index.php\/2024\/08\/15\/zhodnotenie-sezony-2023-24\/#respond"]}]},{"@type":"WebPage","@id":"https:\/\/evertonfc.cz\/index.php\/2024\/08\/15\/zhodnotenie-sezony-2023-24\/","url":"https:\/\/evertonfc.cz\/index.php\/2024\/08\/15\/zhodnotenie-sezony-2023-24\/","name":"Zhodnotenie sez\u00f3ny 2023\/24 - Official Czech &amp; Slovak Everton Supporters&#039; Club","isPartOf":{"@id":"https:\/\/evertonfc.cz\/#website"},"primaryImageOfPage":{"@id":"https:\/\/evertonfc.cz\/index.php\/2024\/08\/15\/zhodnotenie-sezony-2023-24\/#primaryimage"},"image":{"@id":"https:\/\/evertonfc.cz\/index.php\/2024\/08\/15\/zhodnotenie-sezony-2023-24\/#primaryimage"},"thumbnailUrl":"https:\/\/evertonfc.cz\/wp-content\/uploads\/2024\/08\/Everton-2023-24-by-Sky-Sports-15-8-2024.jpg","datePublished":"2024-08-15T16:45:50+00:00","dateModified":"2024-09-05T12:57:14+00:00","breadcrumb":{"@id":"https:\/\/evertonfc.cz\/index.php\/2024\/08\/15\/zhodnotenie-sezony-2023-24\/#breadcrumb"},"inLanguage":"cs","potentialAction":[{"@type":"ReadAction","target":["https:\/\/evertonfc.cz\/index.php\/2024\/08\/15\/zhodnotenie-sezony-2023-24\/"]}]},{"@type":"ImageObject","inLanguage":"cs","@id":"https:\/\/evertonfc.cz\/index.php\/2024\/08\/15\/zhodnotenie-sezony-2023-24\/#primaryimage","url":"https:\/\/evertonfc.cz\/wp-content\/uploads\/2024\/08\/Everton-2023-24-by-Sky-Sports-15-8-2024.jpg","contentUrl":"https:\/\/evertonfc.cz\/wp-content\/uploads\/2024\/08\/Everton-2023-24-by-Sky-Sports-15-8-2024.jpg","width":720,"height":405},{"@type":"BreadcrumbList","@id":"https:\/\/evertonfc.cz\/index.php\/2024\/08\/15\/zhodnotenie-sezony-2023-24\/#breadcrumb","itemListElement":[{"@type":"ListItem","position":1,"name":"Home","item":"https:\/\/evertonfc.cz\/"},{"@type":"ListItem","position":2,"name":"Zhodnotenie sez\u00f3ny 2023\/24"}]},{"@type":"WebSite","@id":"https:\/\/evertonfc.cz\/#website","url":"https:\/\/evertonfc.cz\/","name":"Official Czech &amp; Slovak Everton Supporters&#039; Club","description":"","publisher":{"@id":"https:\/\/evertonfc.cz\/#organization"},"potentialAction":[{"@type":"SearchAction","target":{"@type":"EntryPoint","urlTemplate":"https:\/\/evertonfc.cz\/?s={search_term_string}"},"query-input":{"@type":"PropertyValueSpecification","valueRequired":true,"valueName":"search_term_string"}}],"inLanguage":"cs"},{"@type":"Organization","@id":"https:\/\/evertonfc.cz\/#organization","name":"Official Czech & Slovak Everton Supporters' Club","url":"https:\/\/evertonfc.cz\/","logo":{"@type":"ImageObject","inLanguage":"cs","@id":"https:\/\/evertonfc.cz\/#\/schema\/logo\/image\/","url":"https:\/\/evertonfc.cz\/wp-content\/uploads\/2019\/05\/logo.png","contentUrl":"https:\/\/evertonfc.cz\/wp-content\/uploads\/2019\/05\/logo.png","width":112,"height":112,"caption":"Official Czech & Slovak Everton Supporters' Club"},"image":{"@id":"https:\/\/evertonfc.cz\/#\/schema\/logo\/image\/"},"sameAs":["https:\/\/www.facebook.com\/everton.fans.cz.sk"]},{"@type":"Person","@id":"https:\/\/evertonfc.cz\/#\/schema\/person\/d4493b8cbea51532597fbc4685698916","name":"BlueBlooded","url":"https:\/\/evertonfc.cz\/index.php\/author\/admin\/"}]}},"_links":{"self":[{"href":"https:\/\/evertonfc.cz\/index.php\/wp-json\/wp\/v2\/posts\/24951"}],"collection":[{"href":"https:\/\/evertonfc.cz\/index.php\/wp-json\/wp\/v2\/posts"}],"about":[{"href":"https:\/\/evertonfc.cz\/index.php\/wp-json\/wp\/v2\/types\/post"}],"author":[{"embeddable":true,"href":"https:\/\/evertonfc.cz\/index.php\/wp-json\/wp\/v2\/users\/1"}],"replies":[{"embeddable":true,"href":"https:\/\/evertonfc.cz\/index.php\/wp-json\/wp\/v2\/comments?post=24951"}],"version-history":[{"count":10,"href":"https:\/\/evertonfc.cz\/index.php\/wp-json\/wp\/v2\/posts\/24951\/revisions"}],"predecessor-version":[{"id":24962,"href":"https:\/\/evertonfc.cz\/index.php\/wp-json\/wp\/v2\/posts\/24951\/revisions\/24962"}],"wp:featuredmedia":[{"embeddable":true,"href":"https:\/\/evertonfc.cz\/index.php\/wp-json\/wp\/v2\/media\/24952"}],"wp:attachment":[{"href":"https:\/\/evertonfc.cz\/index.php\/wp-json\/wp\/v2\/media?parent=24951"}],"wp:term":[{"taxonomy":"category","embeddable":true,"href":"https:\/\/evertonfc.cz\/index.php\/wp-json\/wp\/v2\/categories?post=24951"},{"taxonomy":"post_tag","embeddable":true,"href":"https:\/\/evertonfc.cz\/index.php\/wp-json\/wp\/v2\/tags?post=24951"}],"curies":[{"name":"wp","href":"https:\/\/api.w.org\/{rel}","templated":true}]}}