{"id":24974,"date":"2024-08-18T22:11:29","date_gmt":"2024-08-18T20:11:29","guid":{"rendered":"https:\/\/evertonfc.cz\/?p=24974"},"modified":"2024-08-19T21:36:46","modified_gmt":"2024-08-19T19:36:46","slug":"everton-brighton-hove-albion-03","status":"publish","type":"post","link":"https:\/\/evertonfc.cz\/index.php\/2024\/08\/18\/everton-brighton-hove-albion-03\/","title":{"rendered":"Everton &#8211; Brighton &#038; Hove Albion 0:3"},"content":{"rendered":"<h4>Mezi mana\u017eery Brightonu a Evertonu je rozd\u00edl 22 rok\u016f. A p\u0159esn\u011b takhle to vypadalo i na h\u0159i\u0161ti &#8211; Everton hr\u00e1l roli ne\u0161kodn\u00e9ho a seschl\u00e9ho sta\u0159e\u010dka. Zaslou\u017een\u00fd klepec znamen\u00e1 ztr\u00e1tu ji\u017e na za\u010d\u00e1tku.<\/h4>\n<p>Krize zp\u016fsoben\u00e1 zran\u011bn\u00edmi v obran\u011b znamenala Younga na jej\u00edm prav\u00e9m kraji a Keanea vedle n\u011bj. Z nov\u00fdch posil nastoupil v z\u00e1kladn\u00ed sestav\u011b pouze Ireogbunam v z\u00e1loze, Milner nastoupil v dresu host\u016f v z\u00e1kladn\u00ed sestav\u011b do 23. sezony Premier league v \u0159ad\u011b, co\u017e je rekord ligy.<\/p>\n<p>Zpo\u010d\u00e1tku ale v\u0161e vypadalo v po\u0159\u00e1dku. Nav\u00edc Everton vst\u0159elil prvn\u00ed branku, ale z ofsajdu &#8211; McNeil\u016fv centr se p\u0159es Keana dostal k Harrisonovi, ale ten dostal m\u00ed\u010d do kysny ze zjevn\u00e9ho ofsajdu. Dal\u0161\u00ed akce dom\u00e1c\u00edch? Doucour\u00e9 a McNeil jdou sami na g\u00f3lmana, McNeil st\u0159\u00edl\u00ed po Doucour\u00e9ho p\u0159\u00edh\u0159e do vzd\u00e1len\u011bj\u0161\u00ed ty\u010de, n\u00e1sledn\u00e9 vr\u00e1cen\u00ed McNeilem p\u0159ed branku projde nepov\u0161imnuto k\u00fdmkoliv a pomezn\u00ed stejn\u011b singalizuje ofsajd Doucour\u00e9ho. Odpov\u011b\u010f host\u016f z proti\u00fatoku znamenala varov\u00e1n\u00ed &#8211; Joao Pedro zazvonil na pravou ty\u010d Pickfordovy branky. Za\u010d\u00e1tek utk\u00e1n\u00ed byl tedy ru\u0161n\u00fd, toto v\u0161e se stalo v prvn\u00edch deseti minut\u00e1ch z\u00e1pasu.<\/p>\n<p>I nad\u00e1le byli aktivn\u011bj\u0161\u00ed dom\u00e1c\u00ed, centr McNeila poslal nad branku kapit\u00e1n Tarkowski, Youngovi se nepovedl centr na Calverta-Lewina. N\u00e1sledn\u011b se ve slu\u0161n\u00e9 \u0161anci ocitl Ireogbunam, kdy\u017e vystihl p\u0159ihr\u00e1vku host\u016f na paty spoluhr\u00e1\u010di. Zasob\u010dil, nenahr\u00e1l l\u00e9pe postaven\u00e9mu Doucour\u00e9mu &#8211; a poslal m\u00ed\u010d dva metry vedle ty\u010de. A tak Brighton vs\u00edtil. Minteh v pohod\u011b p\u0159esprintoval Mykolenka, zcela voln\u00fd Mitoma nem\u011bl probl\u00e9m trefit pr\u00e1zdnou branku ze t\u0159\u00ed metr\u016f, kdy\u017e si ho Tarkowski v\u0161iml pozd\u011b &#8211; <strong>0:1!<\/strong><\/p>\n<p>To hosty celkem pochopiteln\u011b uklidnilo, n\u00e1skok cht\u011bl okam\u017eit\u011b zv\u00fd\u0161it Welbeck, ale p\u0159est\u0159elil, to sam\u00e9 p\u0159edvedl z dal\u0161\u00edho \u00fatoku z voleje Gana. Sm\u011brem dop\u0159edu byl velmi aktivn\u00ed Harrison, Doucour\u00e9 byl n\u011bkolikr\u00e1t v ofsajdu, do \u0161ance se u\u017e ale nedostal ani jeden t\u00fdm, do kabiny se \u0161lo za nejt\u011bsn\u011bj\u0161\u00edho v\u00fdsledku pro hosty.<\/p>\n<p>Hned ve 47. minut\u011b se odehr\u00e1l nejsporn\u011bj\u0161\u00ed okam\u017eik utk\u00e1n\u00ed. Po chyb\u011b Wieffera se ve velk\u00e9m v\u00e1pn\u011b host\u016f dostal k m\u00ed\u010di Calvert-Lewin a po z\u00e1kroku Dunka byla na\u0159\u00edzena penalta. Rozhod\u010d\u00ed Hooper byl ale videorozhod\u010d\u00edm Englandem p\u0159izv\u00e1n ke kontrole na monitoru. Ten zhl\u00e9dl inkriminovan\u00fd moment na n\u00e1hradn\u00edm monitoru polo\u017een\u00e9m na tr\u00e1vn\u00edku &#8211; a penaltu odvolal, proto\u017ee dle opakova\u010dky Calvert-Lewin s\u00e1m \u0161l\u00e1pl na skluzuj\u00edc\u00edho Dunka. Co na tom, \u017ee nov\u00e1 direktiva ligy \u0159\u00edk\u00e1 &#8222;videorozhod\u010d\u00ed m\u00e1 opravovat pouze zjevn\u00e9 omyly rozhod\u010d\u00edch&#8220;&#8230;<\/p>\n<p>O n\u011bkolik minut pozd\u011bji bylo je\u0161t\u011b h\u016f\u0159e. Zbyte\u010dn\u00e1 ztr\u00e1ta Gany znamenala zisk pro Welbecka, ten bez toho, \u017ee by ho n\u011bkdo napadal, do\u0161el k velk\u00e9mu v\u00e1pnu a prost\u0159elil Pickforda k prav\u00e9 ty\u010di &#8211;\u00a0<strong>0:2!\u00a0<\/strong>S\u016fl do ran p\u0159idal Mitoma. Young si zpracoval m\u00ed\u010d na prsa, le\u010d odsko\u010dil mu tak, \u017ee ho Japonec bez probl\u00e9m\u016f p\u0159edb\u011bhl. Obr\u00e1nce dom\u00e1c\u00edch ho zat\u00e1hl za ruku &#8211; a vid\u011bl rovnou \u010dervenou za zma\u0159en\u00ed jasn\u00e9 brankov\u00e9 p\u0159\u00edle\u017eitosti. T\u00edm bylo utk\u00e1n\u00ed definitivn\u011b rozhodnuto, hr\u00e1\u010di jasn\u011b rezignovali a Dyche taky. Od tohoto momentu se ma\u010d u\u017e jen dohr\u00e1val.<\/p>\n<p>Brighton p\u0159idal na pam\u011btnou je\u0161t\u011b jeden h\u0159eb\u00edk do rakve. Diagon\u00e1ln\u00ed p\u0159ihr\u00e1vku Welbecka si zpracoval Adingra, navedl si m\u00ed\u010d doprost\u0159ed a op\u011bt k prav\u00e9 ty\u010di zav\u011bsil &#8211; <strong>0:3!\u00a0<\/strong>M\u00e1lem to bylo \u010dty\u0159i, ale Adingrova p\u0159ihr\u00e1vka na Ayariho byla do t\u011bsn\u00e9ho ofsajdu. Dyche tak dostal s\u00e1m sebe okam\u017eit\u011b pod tlak. Karamelky za\u010d\u00ednaj\u00ed po naprosto bezkrevn\u00e9m v\u00fdkonu svou posledn\u00ed sezonu na Goodison Parku na posledn\u00ed p\u0159\u00ed\u010dce po prvn\u00edm kole&#8230;<\/p>\n<p style=\"text-align: right;\"><span style=\"font-size: 8pt;\">(fotozdroj: Getty Images)<\/span><\/p>\n<p><strong>Branky: <\/strong>26. Mitoma, 56. Welbeck, 87. Adingra<\/p>\n<p><strong>\u017dlut\u00e9<\/strong>\u00a0<strong>karty<\/strong>: 77. Tarkowski &#8211; 31. Milner <strong>\u010cervena<\/strong>\u00a0<strong>karty<\/strong>: 66. Young<\/p>\n<p><strong>Everton FC:<\/strong>\u00a0<span data-source=\"lightstreamer\" data-grid=\"main\" data-item=\"item_905975\" data-field=\"report1\">Pickford \u2013 Young, Tarkowski, Keane, Mykolenko \u2013 A. Doucour\u00e9 (63. Ndiaye), Iroegbunam, Gueye \u2013 Harrison (85. Holgate), Calvert-Lewin (76. Beto), McNeil<\/span><\/p>\n<p><strong>Brighton &amp; Hove Albion FC:<\/strong>\u00a0<span data-source=\"lightstreamer\" data-grid=\"main\" data-item=\"item_905975\" data-field=\"report2\">Steele \u2013 Veltman, van Hecke, Dunk (75. Webster), Hinshelwood \u2013 Milner (82. Gilmour), Wieffer \u2013 Minteh (45+2. Adingra), Pedro (82. Sarmiento), Mitoma (89. Ayari) \u2013 Welbeck<\/span><\/p>\n<p><strong>Rozhod\u010d\u00ed:\u00a0<\/strong>Simon Hooper\u00a0 <strong>Hr\u00e1\u010d z\u00e1pasu redakce: <\/strong>Danny Welbeck<\/p>\n","protected":false},"excerpt":{"rendered":"<p>Mezi mana\u017eery Brightonu a Evertonu je rozd\u00edl 22 rok\u016f. A p\u0159esn\u011b takhle to vypadalo i na h\u0159i\u0161ti &#8211; Everton hr\u00e1l roli ne\u0161kodn\u00e9ho a seschl\u00e9ho sta\u0159e\u010dka. Zaslou\u017een\u00fd klepec znamen\u00e1 ztr\u00e1tu ji\u017e na za\u010d\u00e1tku.<\/p>\n","protected":false},"author":12,"featured_media":24979,"comment_status":"open","ping_status":"closed","sticky":false,"template":"","format":"standard","meta":{"_eb_attr":"","_monsterinsights_skip_tracking":false,"_monsterinsights_sitenote_active":false,"_monsterinsights_sitenote_note":"","_monsterinsights_sitenote_category":0,"footnotes":""},"categories":[4],"tags":[],"yoast_head":"<!-- This site is optimized with the Yoast SEO plugin v23.4 - https:\/\/yoast.com\/wordpress\/plugins\/seo\/ -->\n<title>Everton - Brighton &amp; Hove Albion 0:3 - Official Czech &amp; Slovak Everton Supporters&#039; Club<\/title>\n<meta name=\"robots\" content=\"index, follow, max-snippet:-1, max-image-preview:large, max-video-preview:-1\" \/>\n<link rel=\"canonical\" href=\"https:\/\/evertonfc.cz\/index.php\/2024\/08\/18\/everton-brighton-hove-albion-03\/\" \/>\n<meta property=\"og:locale\" content=\"cs_CZ\" \/>\n<meta property=\"og:type\" content=\"article\" \/>\n<meta property=\"og:title\" content=\"Everton - Brighton &amp; Hove Albion 0:3 - Official Czech &amp; Slovak Everton Supporters&#039; Club\" \/>\n<meta property=\"og:description\" content=\"Mezi mana\u017eery Brightonu a Evertonu je rozd\u00edl 22 rok\u016f. A p\u0159esn\u011b takhle to vypadalo i na h\u0159i\u0161ti - Everton hr\u00e1l roli ne\u0161kodn\u00e9ho a seschl\u00e9ho sta\u0159e\u010dka. Zaslou\u017een\u00fd klepec znamen\u00e1 ztr\u00e1tu ji\u017e na za\u010d\u00e1tku.\" \/>\n<meta property=\"og:url\" content=\"https:\/\/evertonfc.cz\/index.php\/2024\/08\/18\/everton-brighton-hove-albion-03\/\" \/>\n<meta property=\"og:site_name\" content=\"Official Czech &amp; Slovak Everton Supporters&#039; Club\" \/>\n<meta property=\"article:publisher\" content=\"https:\/\/www.facebook.com\/everton.fans.cz.sk\" \/>\n<meta property=\"article:published_time\" content=\"2024-08-18T20:11:29+00:00\" \/>\n<meta property=\"article:modified_time\" content=\"2024-08-19T19:36:46+00:00\" \/>\n<meta property=\"og:image\" content=\"https:\/\/evertonfc.cz\/wp-content\/uploads\/2024\/08\/Everton-0-3-Brighton-by-Getty-Images-17-8-2024.jpg\" \/>\n\t<meta property=\"og:image:width\" content=\"720\" \/>\n\t<meta property=\"og:image:height\" content=\"405\" \/>\n\t<meta property=\"og:image:type\" content=\"image\/jpeg\" \/>\n<meta name=\"author\" content=\"Javor\" \/>\n<meta name=\"twitter:card\" content=\"summary_large_image\" \/>\n<meta name=\"twitter:creator\" content=\"@LoudinJan\" \/>\n<meta name=\"twitter:label1\" content=\"Napsal(a)\" \/>\n\t<meta name=\"twitter:data1\" content=\"Javor\" \/>\n\t<meta name=\"twitter:label2\" content=\"Odhadovan\u00e1 doba \u010dten\u00ed\" \/>\n\t<meta name=\"twitter:data2\" content=\"4 minuty\" \/>\n<script type=\"application\/ld+json\" class=\"yoast-schema-graph\">{\"@context\":\"https:\/\/schema.org\",\"@graph\":[{\"@type\":\"Article\",\"@id\":\"https:\/\/evertonfc.cz\/index.php\/2024\/08\/18\/everton-brighton-hove-albion-03\/#article\",\"isPartOf\":{\"@id\":\"https:\/\/evertonfc.cz\/index.php\/2024\/08\/18\/everton-brighton-hove-albion-03\/\"},\"author\":{\"name\":\"Javor\",\"@id\":\"https:\/\/evertonfc.cz\/#\/schema\/person\/b30daf6a5852f4811f8207a17ec1bf78\"},\"headline\":\"Everton &#8211; Brighton &#038; Hove Albion 0:3\",\"datePublished\":\"2024-08-18T20:11:29+00:00\",\"dateModified\":\"2024-08-19T19:36:46+00:00\",\"mainEntityOfPage\":{\"@id\":\"https:\/\/evertonfc.cz\/index.php\/2024\/08\/18\/everton-brighton-hove-albion-03\/\"},\"wordCount\":764,\"commentCount\":13,\"publisher\":{\"@id\":\"https:\/\/evertonfc.cz\/#organization\"},\"image\":{\"@id\":\"https:\/\/evertonfc.cz\/index.php\/2024\/08\/18\/everton-brighton-hove-albion-03\/#primaryimage\"},\"thumbnailUrl\":\"https:\/\/evertonfc.cz\/wp-content\/uploads\/2024\/08\/Everton-0-3-Brighton-by-Getty-Images-17-8-2024.jpg\",\"articleSection\":[\"Z\u00e1pasy\"],\"inLanguage\":\"cs\",\"potentialAction\":[{\"@type\":\"CommentAction\",\"name\":\"Comment\",\"target\":[\"https:\/\/evertonfc.cz\/index.php\/2024\/08\/18\/everton-brighton-hove-albion-03\/#respond\"]}]},{\"@type\":\"WebPage\",\"@id\":\"https:\/\/evertonfc.cz\/index.php\/2024\/08\/18\/everton-brighton-hove-albion-03\/\",\"url\":\"https:\/\/evertonfc.cz\/index.php\/2024\/08\/18\/everton-brighton-hove-albion-03\/\",\"name\":\"Everton - Brighton & Hove Albion 0:3 - Official Czech &amp; Slovak Everton Supporters&#039; Club\",\"isPartOf\":{\"@id\":\"https:\/\/evertonfc.cz\/#website\"},\"primaryImageOfPage\":{\"@id\":\"https:\/\/evertonfc.cz\/index.php\/2024\/08\/18\/everton-brighton-hove-albion-03\/#primaryimage\"},\"image\":{\"@id\":\"https:\/\/evertonfc.cz\/index.php\/2024\/08\/18\/everton-brighton-hove-albion-03\/#primaryimage\"},\"thumbnailUrl\":\"https:\/\/evertonfc.cz\/wp-content\/uploads\/2024\/08\/Everton-0-3-Brighton-by-Getty-Images-17-8-2024.jpg\",\"datePublished\":\"2024-08-18T20:11:29+00:00\",\"dateModified\":\"2024-08-19T19:36:46+00:00\",\"breadcrumb\":{\"@id\":\"https:\/\/evertonfc.cz\/index.php\/2024\/08\/18\/everton-brighton-hove-albion-03\/#breadcrumb\"},\"inLanguage\":\"cs\",\"potentialAction\":[{\"@type\":\"ReadAction\",\"target\":[\"https:\/\/evertonfc.cz\/index.php\/2024\/08\/18\/everton-brighton-hove-albion-03\/\"]}]},{\"@type\":\"ImageObject\",\"inLanguage\":\"cs\",\"@id\":\"https:\/\/evertonfc.cz\/index.php\/2024\/08\/18\/everton-brighton-hove-albion-03\/#primaryimage\",\"url\":\"https:\/\/evertonfc.cz\/wp-content\/uploads\/2024\/08\/Everton-0-3-Brighton-by-Getty-Images-17-8-2024.jpg\",\"contentUrl\":\"https:\/\/evertonfc.cz\/wp-content\/uploads\/2024\/08\/Everton-0-3-Brighton-by-Getty-Images-17-8-2024.jpg\",\"width\":720,\"height\":405},{\"@type\":\"BreadcrumbList\",\"@id\":\"https:\/\/evertonfc.cz\/index.php\/2024\/08\/18\/everton-brighton-hove-albion-03\/#breadcrumb\",\"itemListElement\":[{\"@type\":\"ListItem\",\"position\":1,\"name\":\"Home\",\"item\":\"https:\/\/evertonfc.cz\/\"},{\"@type\":\"ListItem\",\"position\":2,\"name\":\"Everton &#8211; Brighton &#038; Hove Albion 0:3\"}]},{\"@type\":\"WebSite\",\"@id\":\"https:\/\/evertonfc.cz\/#website\",\"url\":\"https:\/\/evertonfc.cz\/\",\"name\":\"Official Czech &amp; Slovak Everton Supporters&#039; Club\",\"description\":\"\",\"publisher\":{\"@id\":\"https:\/\/evertonfc.cz\/#organization\"},\"potentialAction\":[{\"@type\":\"SearchAction\",\"target\":{\"@type\":\"EntryPoint\",\"urlTemplate\":\"https:\/\/evertonfc.cz\/?s={search_term_string}\"},\"query-input\":{\"@type\":\"PropertyValueSpecification\",\"valueRequired\":true,\"valueName\":\"search_term_string\"}}],\"inLanguage\":\"cs\"},{\"@type\":\"Organization\",\"@id\":\"https:\/\/evertonfc.cz\/#organization\",\"name\":\"Official Czech & Slovak Everton Supporters' Club\",\"url\":\"https:\/\/evertonfc.cz\/\",\"logo\":{\"@type\":\"ImageObject\",\"inLanguage\":\"cs\",\"@id\":\"https:\/\/evertonfc.cz\/#\/schema\/logo\/image\/\",\"url\":\"https:\/\/evertonfc.cz\/wp-content\/uploads\/2019\/05\/logo.png\",\"contentUrl\":\"https:\/\/evertonfc.cz\/wp-content\/uploads\/2019\/05\/logo.png\",\"width\":112,\"height\":112,\"caption\":\"Official Czech & Slovak Everton Supporters' Club\"},\"image\":{\"@id\":\"https:\/\/evertonfc.cz\/#\/schema\/logo\/image\/\"},\"sameAs\":[\"https:\/\/www.facebook.com\/everton.fans.cz.sk\"]},{\"@type\":\"Person\",\"@id\":\"https:\/\/evertonfc.cz\/#\/schema\/person\/b30daf6a5852f4811f8207a17ec1bf78\",\"name\":\"Javor\",\"sameAs\":[\"https:\/\/x.com\/LoudinJan\"],\"url\":\"https:\/\/evertonfc.cz\/index.php\/author\/javor\/\"}]}<\/script>\n<!-- \/ Yoast SEO plugin. -->","yoast_head_json":{"title":"Everton - Brighton & Hove Albion 0:3 - Official Czech &amp; Slovak Everton Supporters&#039; Club","robots":{"index":"index","follow":"follow","max-snippet":"max-snippet:-1","max-image-preview":"max-image-preview:large","max-video-preview":"max-video-preview:-1"},"canonical":"https:\/\/evertonfc.cz\/index.php\/2024\/08\/18\/everton-brighton-hove-albion-03\/","og_locale":"cs_CZ","og_type":"article","og_title":"Everton - Brighton & Hove Albion 0:3 - Official Czech &amp; Slovak Everton Supporters&#039; Club","og_description":"Mezi mana\u017eery Brightonu a Evertonu je rozd\u00edl 22 rok\u016f. A p\u0159esn\u011b takhle to vypadalo i na h\u0159i\u0161ti - Everton hr\u00e1l roli ne\u0161kodn\u00e9ho a seschl\u00e9ho sta\u0159e\u010dka. Zaslou\u017een\u00fd klepec znamen\u00e1 ztr\u00e1tu ji\u017e na za\u010d\u00e1tku.","og_url":"https:\/\/evertonfc.cz\/index.php\/2024\/08\/18\/everton-brighton-hove-albion-03\/","og_site_name":"Official Czech &amp; Slovak Everton Supporters&#039; Club","article_publisher":"https:\/\/www.facebook.com\/everton.fans.cz.sk","article_published_time":"2024-08-18T20:11:29+00:00","article_modified_time":"2024-08-19T19:36:46+00:00","og_image":[{"width":720,"height":405,"url":"https:\/\/evertonfc.cz\/wp-content\/uploads\/2024\/08\/Everton-0-3-Brighton-by-Getty-Images-17-8-2024.jpg","type":"image\/jpeg"}],"author":"Javor","twitter_card":"summary_large_image","twitter_creator":"@LoudinJan","twitter_misc":{"Napsal(a)":"Javor","Odhadovan\u00e1 doba \u010dten\u00ed":"4 minuty"},"schema":{"@context":"https:\/\/schema.org","@graph":[{"@type":"Article","@id":"https:\/\/evertonfc.cz\/index.php\/2024\/08\/18\/everton-brighton-hove-albion-03\/#article","isPartOf":{"@id":"https:\/\/evertonfc.cz\/index.php\/2024\/08\/18\/everton-brighton-hove-albion-03\/"},"author":{"name":"Javor","@id":"https:\/\/evertonfc.cz\/#\/schema\/person\/b30daf6a5852f4811f8207a17ec1bf78"},"headline":"Everton &#8211; Brighton &#038; Hove Albion 0:3","datePublished":"2024-08-18T20:11:29+00:00","dateModified":"2024-08-19T19:36:46+00:00","mainEntityOfPage":{"@id":"https:\/\/evertonfc.cz\/index.php\/2024\/08\/18\/everton-brighton-hove-albion-03\/"},"wordCount":764,"commentCount":13,"publisher":{"@id":"https:\/\/evertonfc.cz\/#organization"},"image":{"@id":"https:\/\/evertonfc.cz\/index.php\/2024\/08\/18\/everton-brighton-hove-albion-03\/#primaryimage"},"thumbnailUrl":"https:\/\/evertonfc.cz\/wp-content\/uploads\/2024\/08\/Everton-0-3-Brighton-by-Getty-Images-17-8-2024.jpg","articleSection":["Z\u00e1pasy"],"inLanguage":"cs","potentialAction":[{"@type":"CommentAction","name":"Comment","target":["https:\/\/evertonfc.cz\/index.php\/2024\/08\/18\/everton-brighton-hove-albion-03\/#respond"]}]},{"@type":"WebPage","@id":"https:\/\/evertonfc.cz\/index.php\/2024\/08\/18\/everton-brighton-hove-albion-03\/","url":"https:\/\/evertonfc.cz\/index.php\/2024\/08\/18\/everton-brighton-hove-albion-03\/","name":"Everton - Brighton & Hove Albion 0:3 - Official Czech &amp; Slovak Everton Supporters&#039; Club","isPartOf":{"@id":"https:\/\/evertonfc.cz\/#website"},"primaryImageOfPage":{"@id":"https:\/\/evertonfc.cz\/index.php\/2024\/08\/18\/everton-brighton-hove-albion-03\/#primaryimage"},"image":{"@id":"https:\/\/evertonfc.cz\/index.php\/2024\/08\/18\/everton-brighton-hove-albion-03\/#primaryimage"},"thumbnailUrl":"https:\/\/evertonfc.cz\/wp-content\/uploads\/2024\/08\/Everton-0-3-Brighton-by-Getty-Images-17-8-2024.jpg","datePublished":"2024-08-18T20:11:29+00:00","dateModified":"2024-08-19T19:36:46+00:00","breadcrumb":{"@id":"https:\/\/evertonfc.cz\/index.php\/2024\/08\/18\/everton-brighton-hove-albion-03\/#breadcrumb"},"inLanguage":"cs","potentialAction":[{"@type":"ReadAction","target":["https:\/\/evertonfc.cz\/index.php\/2024\/08\/18\/everton-brighton-hove-albion-03\/"]}]},{"@type":"ImageObject","inLanguage":"cs","@id":"https:\/\/evertonfc.cz\/index.php\/2024\/08\/18\/everton-brighton-hove-albion-03\/#primaryimage","url":"https:\/\/evertonfc.cz\/wp-content\/uploads\/2024\/08\/Everton-0-3-Brighton-by-Getty-Images-17-8-2024.jpg","contentUrl":"https:\/\/evertonfc.cz\/wp-content\/uploads\/2024\/08\/Everton-0-3-Brighton-by-Getty-Images-17-8-2024.jpg","width":720,"height":405},{"@type":"BreadcrumbList","@id":"https:\/\/evertonfc.cz\/index.php\/2024\/08\/18\/everton-brighton-hove-albion-03\/#breadcrumb","itemListElement":[{"@type":"ListItem","position":1,"name":"Home","item":"https:\/\/evertonfc.cz\/"},{"@type":"ListItem","position":2,"name":"Everton &#8211; Brighton &#038; Hove Albion 0:3"}]},{"@type":"WebSite","@id":"https:\/\/evertonfc.cz\/#website","url":"https:\/\/evertonfc.cz\/","name":"Official Czech &amp; Slovak Everton Supporters&#039; Club","description":"","publisher":{"@id":"https:\/\/evertonfc.cz\/#organization"},"potentialAction":[{"@type":"SearchAction","target":{"@type":"EntryPoint","urlTemplate":"https:\/\/evertonfc.cz\/?s={search_term_string}"},"query-input":{"@type":"PropertyValueSpecification","valueRequired":true,"valueName":"search_term_string"}}],"inLanguage":"cs"},{"@type":"Organization","@id":"https:\/\/evertonfc.cz\/#organization","name":"Official Czech & Slovak Everton Supporters' Club","url":"https:\/\/evertonfc.cz\/","logo":{"@type":"ImageObject","inLanguage":"cs","@id":"https:\/\/evertonfc.cz\/#\/schema\/logo\/image\/","url":"https:\/\/evertonfc.cz\/wp-content\/uploads\/2019\/05\/logo.png","contentUrl":"https:\/\/evertonfc.cz\/wp-content\/uploads\/2019\/05\/logo.png","width":112,"height":112,"caption":"Official Czech & Slovak Everton Supporters' Club"},"image":{"@id":"https:\/\/evertonfc.cz\/#\/schema\/logo\/image\/"},"sameAs":["https:\/\/www.facebook.com\/everton.fans.cz.sk"]},{"@type":"Person","@id":"https:\/\/evertonfc.cz\/#\/schema\/person\/b30daf6a5852f4811f8207a17ec1bf78","name":"Javor","sameAs":["https:\/\/x.com\/LoudinJan"],"url":"https:\/\/evertonfc.cz\/index.php\/author\/javor\/"}]}},"_links":{"self":[{"href":"https:\/\/evertonfc.cz\/index.php\/wp-json\/wp\/v2\/posts\/24974"}],"collection":[{"href":"https:\/\/evertonfc.cz\/index.php\/wp-json\/wp\/v2\/posts"}],"about":[{"href":"https:\/\/evertonfc.cz\/index.php\/wp-json\/wp\/v2\/types\/post"}],"author":[{"embeddable":true,"href":"https:\/\/evertonfc.cz\/index.php\/wp-json\/wp\/v2\/users\/12"}],"replies":[{"embeddable":true,"href":"https:\/\/evertonfc.cz\/index.php\/wp-json\/wp\/v2\/comments?post=24974"}],"version-history":[{"count":5,"href":"https:\/\/evertonfc.cz\/index.php\/wp-json\/wp\/v2\/posts\/24974\/revisions"}],"predecessor-version":[{"id":24986,"href":"https:\/\/evertonfc.cz\/index.php\/wp-json\/wp\/v2\/posts\/24974\/revisions\/24986"}],"wp:featuredmedia":[{"embeddable":true,"href":"https:\/\/evertonfc.cz\/index.php\/wp-json\/wp\/v2\/media\/24979"}],"wp:attachment":[{"href":"https:\/\/evertonfc.cz\/index.php\/wp-json\/wp\/v2\/media?parent=24974"}],"wp:term":[{"taxonomy":"category","embeddable":true,"href":"https:\/\/evertonfc.cz\/index.php\/wp-json\/wp\/v2\/categories?post=24974"},{"taxonomy":"post_tag","embeddable":true,"href":"https:\/\/evertonfc.cz\/index.php\/wp-json\/wp\/v2\/tags?post=24974"}],"curies":[{"name":"wp","href":"https:\/\/api.w.org\/{rel}","templated":true}]}}