{"id":25128,"date":"2024-08-27T17:49:26","date_gmt":"2024-08-27T15:49:26","guid":{"rendered":"https:\/\/evertonfc.cz\/?p=25128"},"modified":"2024-08-27T18:03:30","modified_gmt":"2024-08-27T16:03:30","slug":"lc-preview-everton-doncaster-rovers","status":"publish","type":"post","link":"https:\/\/evertonfc.cz\/index.php\/2024\/08\/27\/lc-preview-everton-doncaster-rovers\/","title":{"rendered":"LC Preview: Everton \u2013 Doncaster Rovers"},"content":{"rendered":"<h4>In\u00e1 s\u00fa\u0165a\u017e, in\u00fd \u0161tart? The Toffees d\u00fafaj\u00fa v\u00a0re\u0161tart tragick\u00e9ho za\u010diatku novej sez\u00f3ny, a\u00a0proti komu in\u00e9mu ne\u017e \u0161tvrtoligistovi, je najlep\u0161\u00ed \u010das naplno zabehn\u00fa\u0165 nov\u00e9 posily, a\u00a0\u010falej aklimatizova\u0165 mlad\u00edkov v\u00a0prvom t\u00edme?<\/h4>\n<p>Tvrd\u00ed to aj Dyche. Ten sa nechal po\u010du\u0165, \u017ee je ve\u013emi ve\u013ek\u00e1 \u0161anca zahrnutia letn\u00fdch pos\u00edl do z\u00e1kladnej zostavy proti Rovers. A\u00a0men\u00e1 ako Dixon, Armstrong \u010di Metcalfe, by sa mali tie\u017e zapoji\u0165. Do\u010dk\u00e1me sa teda kone\u010dne aj s\u00fa\u0165a\u017en\u00e9ho debutu O\u2019Briena? Preto\u017ee hoci odohral ve\u013emi s\u013eubn\u00fa pr\u00edpravu, na ostr\u00fa ligu m\u00e1 mana\u017e\u00e9r r\u00e1d svoje \u201eistoty\u201c. Tu v\u0161ak nach\u00e1dzame aj paradoxy v\u00a0podobne hr\u00e1\u010dov z\u00a0akad\u00e9mie.<\/p>\n<p>T\u00ed dost\u00e1vaj\u00fa pomerne ve\u013ea priestoru aj napriek zraneniam v mu\u017estve. Na to naozaj nie sme zvyknut\u00ed. Predsa len, kto zbadal v\u00a0sobotu na s\u00fapiske miesto Holgatea 19-ro\u010dn\u00e9ho Dixona, a\u00a0nebol prekvapen\u00fd, ur\u010dite nepozn\u00e1 Seana tak dobre, ako v\u00e4\u010d\u0161ina Evertonians. Debut doprian\u00fd Armstrongovi na p\u00e1r min\u00fat tie\u017e pote\u0161il.<\/p>\n<h4><strong>Sean Dyche o debutantoch:<\/strong><\/h4>\n<blockquote><p><span style=\"font-size: 12pt;\"><em>\u201eHarrison [Armstrong] bol ve\u013emi dobr\u00fd. Mlad\u00fd hr\u00e1\u010d pri ktorom sme c\u00edtili, \u017ee stoj\u00ed za vysk\u00fa\u0161anie po\u010das letnej pr\u00edpravy. V\u00e4\u010d\u0161inou tr\u00e9nuje s\u00a0nami, ale hr\u00e1va aj za U21 aby mal dostato\u010dn\u00fa prax. V z\u00e1pase, ako bol ten sobot\u0148aj\u0161\u00ed a ktor\u00fd v\u00e1m u\u0161iel, je fajn da\u0165 mu poc\u00edti\u0165 z neho. Je to naozaj na za\u010diatku jeho kari\u00e9ry. Pocity na ihrisku, cestovanie s\u00a0t\u00edmom &#8211; to v\u0161etko s\u00fa vplyvy, ktor\u00e9 sa na \u0148om otieraj\u00fa. Ver\u00edme v to, \u010do rob\u00ed vo ve\u013emi mladom veku. Roman [Dixon] tie\u017e. M\u00e1me aj in\u00fdch hr\u00e1\u010dov, ale sna\u017e\u00edme sa ich predstavi\u0165, aby sme im dali aspo\u0148 pocit a ur\u00fdchlili ich u\u010denie, ke\u010f si mysl\u00edme, \u017ee s\u00fa pripraven\u00ed. A\u00a0pod\u013ea n\u00e1s s\u00fa pripraven\u00ed by\u0165 aspo\u0148 pri tom, \u010do rob\u00edme.\u201c<\/em><\/span><\/p><\/blockquote>\n<p>T\u00edmov\u00fdch noviniek nie je ve\u013ea. Vlastne skoro \u017eiadne, ak ner\u00e1tame, \u017ee Youngovi uplynul kartov\u00fd trest. Ot\u00e1zka d\u0148a teda znie: Vytesn\u00ed Dixona na lavi\u010dku? H\u013eadanie absenci\u00ed host\u00ed som po trojmin\u00fatovom bl\u00faden\u00ed na internete vzdal. Podstatnou inform\u00e1ciou je, \u017ee McCann je aj po roku st\u00e1le mana\u017e\u00e9rom. A to aj napriek tomu, \u017ee vo febru\u00e1ri sedel Doncaster na zostupovej 22. poz\u00edcii. Len\u017ee nasledovalo vyrovnanie klubov\u00e9ho rekordu v podobe 10-z\u00e1pasovej v\u00ed\u0165aznej s\u00e9rie, \u010d\u00edm sez\u00f3nu ukon\u010dili Rovers v play-off. Tam ich v semifin\u00e1le vyradila Crewe Alexandra.<\/p>\n<h4><strong>Grant McCann o\u00a0dueli s\u00a0EFC:<\/strong><\/h4>\n<blockquote><p><span style=\"font-size: 12pt;\"><em>\u201eBude to skvel\u00fd z\u00e1pas, skvel\u00e1 pr\u00edle\u017eitos\u0165 pre ka\u017ed\u00e9ho \u00eds\u0165 na ve\u013emi nostalgick\u00fd \u0161tadi\u00f3n. Je to pr\u00edle\u017eitos\u0165 uk\u00e1za\u0165, ako \u010faleko sme od Premier League. Da\u0165 hr\u00e1\u010dom \u0161ancu zahra\u0165 si proti \u0161pi\u010dkov\u00fdm hr\u00e1\u010dom, a na\u0161im fan\u00fa\u0161ikom v\u00fdlet. P\u00f4jdeme tam, aby sme sa \u010do najlep\u0161ie pok\u00fasili vyhra\u0165 z\u00e1pas. Chlapci uvidia 25-30 000 fan\u00fa\u0161ikov Evertonu. Ako mlad\u00fd hr\u00e1\u010d, a m\u00e1me ich ve\u013ea, po tom t\u00fa\u017eite.\u201c<\/em><\/span><\/p><\/blockquote>\n<p>Ide len o druh\u00e9 stretnutie medzi Evertonom a Doncasterom v Ligovom poh\u00e1ri (a celkovo \u0161tvrt\u00e9 meranie s\u00edl, ak r\u00e1tame aj FA Cup). Oba t\u00edmy hrali proti sebe v rovnakom kole v minulej sez\u00f3ne. Karamelky dok\u00e1zali na ihrisku s\u00fapera oto\u010di\u0165 nepriazniv\u00fd stav a vyhra\u0165 <a href=\"https:\/\/evertonfc.cz\/index.php\/2023\/08\/30\/doncaster-everton-1-2\/\"><strong>2:1 v\u010faka g\u00f3lom Beta a Danjumu<\/strong><\/a>. Z\u00e1pas, bohu\u017eia\u013e, nevysiela \u017eiadna z tuzemsk\u00fdch telev\u00edzii, tak\u017ee fan\u00fa\u0161ik je odk\u00e1zan\u00fd na star\u00e9 dobr\u00e9 streamy (v Anglicku vysiela Sky Sports). Ak holduteje hazardu, obrazov\u00fd prenos n\u00e1jdete aj na str\u00e1nkach miestnych st\u00e1vkov\u00fdch spolo\u010dnost\u00ed.<\/p>\n<h3 style=\"text-align: center;\"><span style=\"color: #3366ff;\"><em><strong>Up The Toffees !!!<\/strong><\/em><\/span><\/h3>\n<p><strong>\u010co:<\/strong> Everton FC \u2013 Doncaster Rovers FC, 2. kolo Ligov\u00e9ho poh\u00e1ra<br \/>\n<strong>Kedy:<\/strong> 27.8. 2024 od 20:45 SE\u010c<br \/>\n<strong>Ako: <\/strong>iba internetov\u00e9 streamy \/ Tipsport<br \/>\n<strong>Kde:<\/strong> Goodison Park \u2013 Goodison Rd, Liverpool L4 4EL (kapacita: 39 414)<br \/>\n<strong>Rozhodca:<\/strong> James Bell \u00a0<strong>Asistenti:<\/strong> J. Hunt, A. James \u00a0<strong>\u0160tvrt\u00fd rozhodca:<\/strong> R. Madley<\/p>\n","protected":false},"excerpt":{"rendered":"<p>In\u00e1 s\u00fa\u0165a\u017e, in\u00fd \u0161tart? The Toffees d\u00fafaj\u00fa v\u00a0re\u0161tart tragick\u00e9ho za\u010diatku novej sez\u00f3ny, a\u00a0proti komu in\u00e9mu ne\u017e \u0161tvrtoligistovi, je najlep\u0161\u00ed \u010das naplno zabehn\u00fa\u0165 nov\u00e9 posily, a\u00a0\u010falej aklimatizova\u0165 mlad\u00edkov v\u00a0prvom t\u00edme?<\/p>\n","protected":false},"author":1,"featured_media":25129,"comment_status":"open","ping_status":"closed","sticky":false,"template":"","format":"standard","meta":{"_eb_attr":"","_monsterinsights_skip_tracking":false,"_monsterinsights_sitenote_active":false,"_monsterinsights_sitenote_note":"","_monsterinsights_sitenote_category":0,"footnotes":""},"categories":[4],"tags":[],"yoast_head":"<!-- This site is optimized with the Yoast SEO plugin v23.4 - https:\/\/yoast.com\/wordpress\/plugins\/seo\/ -->\n<title>LC Preview: Everton \u2013 Doncaster Rovers - Official Czech &amp; Slovak Everton Supporters&#039; Club<\/title>\n<meta name=\"robots\" content=\"index, follow, max-snippet:-1, max-image-preview:large, max-video-preview:-1\" \/>\n<link rel=\"canonical\" href=\"https:\/\/evertonfc.cz\/index.php\/2024\/08\/27\/lc-preview-everton-doncaster-rovers\/\" \/>\n<meta property=\"og:locale\" content=\"cs_CZ\" \/>\n<meta property=\"og:type\" content=\"article\" \/>\n<meta property=\"og:title\" content=\"LC Preview: Everton \u2013 Doncaster Rovers - Official Czech &amp; Slovak Everton Supporters&#039; Club\" \/>\n<meta property=\"og:description\" content=\"In\u00e1 s\u00fa\u0165a\u017e, in\u00fd \u0161tart? The Toffees d\u00fafaj\u00fa v\u00a0re\u0161tart tragick\u00e9ho za\u010diatku novej sez\u00f3ny, a\u00a0proti komu in\u00e9mu ne\u017e \u0161tvrtoligistovi, je najlep\u0161\u00ed \u010das naplno zabehn\u00fa\u0165 nov\u00e9 posily, a\u00a0\u010falej aklimatizova\u0165 mlad\u00edkov v\u00a0prvom t\u00edme?\" \/>\n<meta property=\"og:url\" content=\"https:\/\/evertonfc.cz\/index.php\/2024\/08\/27\/lc-preview-everton-doncaster-rovers\/\" \/>\n<meta property=\"og:site_name\" content=\"Official Czech &amp; Slovak Everton Supporters&#039; Club\" \/>\n<meta property=\"article:publisher\" content=\"https:\/\/www.facebook.com\/everton.fans.cz.sk\" \/>\n<meta property=\"article:published_time\" content=\"2024-08-27T15:49:26+00:00\" \/>\n<meta property=\"article:modified_time\" content=\"2024-08-27T16:03:30+00:00\" \/>\n<meta property=\"og:image\" content=\"https:\/\/evertonfc.cz\/wp-content\/uploads\/2024\/08\/LC-Doncaster-Everton-27-8-2024.jpg\" \/>\n\t<meta property=\"og:image:width\" content=\"720\" \/>\n\t<meta property=\"og:image:height\" content=\"405\" \/>\n\t<meta property=\"og:image:type\" content=\"image\/jpeg\" \/>\n<meta name=\"author\" content=\"BlueBlooded\" \/>\n<meta name=\"twitter:card\" content=\"summary_large_image\" \/>\n<meta name=\"twitter:label1\" content=\"Napsal(a)\" \/>\n\t<meta name=\"twitter:data1\" content=\"BlueBlooded\" \/>\n\t<meta name=\"twitter:label2\" content=\"Odhadovan\u00e1 doba \u010dten\u00ed\" \/>\n\t<meta name=\"twitter:data2\" content=\"3 minuty\" \/>\n<script type=\"application\/ld+json\" class=\"yoast-schema-graph\">{\"@context\":\"https:\/\/schema.org\",\"@graph\":[{\"@type\":\"Article\",\"@id\":\"https:\/\/evertonfc.cz\/index.php\/2024\/08\/27\/lc-preview-everton-doncaster-rovers\/#article\",\"isPartOf\":{\"@id\":\"https:\/\/evertonfc.cz\/index.php\/2024\/08\/27\/lc-preview-everton-doncaster-rovers\/\"},\"author\":{\"name\":\"BlueBlooded\",\"@id\":\"https:\/\/evertonfc.cz\/#\/schema\/person\/d4493b8cbea51532597fbc4685698916\"},\"headline\":\"LC Preview: Everton \u2013 Doncaster Rovers\",\"datePublished\":\"2024-08-27T15:49:26+00:00\",\"dateModified\":\"2024-08-27T16:03:30+00:00\",\"mainEntityOfPage\":{\"@id\":\"https:\/\/evertonfc.cz\/index.php\/2024\/08\/27\/lc-preview-everton-doncaster-rovers\/\"},\"wordCount\":685,\"commentCount\":0,\"publisher\":{\"@id\":\"https:\/\/evertonfc.cz\/#organization\"},\"image\":{\"@id\":\"https:\/\/evertonfc.cz\/index.php\/2024\/08\/27\/lc-preview-everton-doncaster-rovers\/#primaryimage\"},\"thumbnailUrl\":\"https:\/\/evertonfc.cz\/wp-content\/uploads\/2024\/08\/LC-Doncaster-Everton-27-8-2024.jpg\",\"articleSection\":[\"Z\u00e1pasy\"],\"inLanguage\":\"cs\",\"potentialAction\":[{\"@type\":\"CommentAction\",\"name\":\"Comment\",\"target\":[\"https:\/\/evertonfc.cz\/index.php\/2024\/08\/27\/lc-preview-everton-doncaster-rovers\/#respond\"]}]},{\"@type\":\"WebPage\",\"@id\":\"https:\/\/evertonfc.cz\/index.php\/2024\/08\/27\/lc-preview-everton-doncaster-rovers\/\",\"url\":\"https:\/\/evertonfc.cz\/index.php\/2024\/08\/27\/lc-preview-everton-doncaster-rovers\/\",\"name\":\"LC Preview: Everton \u2013 Doncaster Rovers - Official Czech &amp; Slovak Everton Supporters&#039; Club\",\"isPartOf\":{\"@id\":\"https:\/\/evertonfc.cz\/#website\"},\"primaryImageOfPage\":{\"@id\":\"https:\/\/evertonfc.cz\/index.php\/2024\/08\/27\/lc-preview-everton-doncaster-rovers\/#primaryimage\"},\"image\":{\"@id\":\"https:\/\/evertonfc.cz\/index.php\/2024\/08\/27\/lc-preview-everton-doncaster-rovers\/#primaryimage\"},\"thumbnailUrl\":\"https:\/\/evertonfc.cz\/wp-content\/uploads\/2024\/08\/LC-Doncaster-Everton-27-8-2024.jpg\",\"datePublished\":\"2024-08-27T15:49:26+00:00\",\"dateModified\":\"2024-08-27T16:03:30+00:00\",\"breadcrumb\":{\"@id\":\"https:\/\/evertonfc.cz\/index.php\/2024\/08\/27\/lc-preview-everton-doncaster-rovers\/#breadcrumb\"},\"inLanguage\":\"cs\",\"potentialAction\":[{\"@type\":\"ReadAction\",\"target\":[\"https:\/\/evertonfc.cz\/index.php\/2024\/08\/27\/lc-preview-everton-doncaster-rovers\/\"]}]},{\"@type\":\"ImageObject\",\"inLanguage\":\"cs\",\"@id\":\"https:\/\/evertonfc.cz\/index.php\/2024\/08\/27\/lc-preview-everton-doncaster-rovers\/#primaryimage\",\"url\":\"https:\/\/evertonfc.cz\/wp-content\/uploads\/2024\/08\/LC-Doncaster-Everton-27-8-2024.jpg\",\"contentUrl\":\"https:\/\/evertonfc.cz\/wp-content\/uploads\/2024\/08\/LC-Doncaster-Everton-27-8-2024.jpg\",\"width\":720,\"height\":405},{\"@type\":\"BreadcrumbList\",\"@id\":\"https:\/\/evertonfc.cz\/index.php\/2024\/08\/27\/lc-preview-everton-doncaster-rovers\/#breadcrumb\",\"itemListElement\":[{\"@type\":\"ListItem\",\"position\":1,\"name\":\"Home\",\"item\":\"https:\/\/evertonfc.cz\/\"},{\"@type\":\"ListItem\",\"position\":2,\"name\":\"LC Preview: Everton \u2013 Doncaster Rovers\"}]},{\"@type\":\"WebSite\",\"@id\":\"https:\/\/evertonfc.cz\/#website\",\"url\":\"https:\/\/evertonfc.cz\/\",\"name\":\"Official Czech &amp; Slovak Everton Supporters&#039; Club\",\"description\":\"\",\"publisher\":{\"@id\":\"https:\/\/evertonfc.cz\/#organization\"},\"potentialAction\":[{\"@type\":\"SearchAction\",\"target\":{\"@type\":\"EntryPoint\",\"urlTemplate\":\"https:\/\/evertonfc.cz\/?s={search_term_string}\"},\"query-input\":{\"@type\":\"PropertyValueSpecification\",\"valueRequired\":true,\"valueName\":\"search_term_string\"}}],\"inLanguage\":\"cs\"},{\"@type\":\"Organization\",\"@id\":\"https:\/\/evertonfc.cz\/#organization\",\"name\":\"Official Czech & Slovak Everton Supporters' Club\",\"url\":\"https:\/\/evertonfc.cz\/\",\"logo\":{\"@type\":\"ImageObject\",\"inLanguage\":\"cs\",\"@id\":\"https:\/\/evertonfc.cz\/#\/schema\/logo\/image\/\",\"url\":\"https:\/\/evertonfc.cz\/wp-content\/uploads\/2019\/05\/logo.png\",\"contentUrl\":\"https:\/\/evertonfc.cz\/wp-content\/uploads\/2019\/05\/logo.png\",\"width\":112,\"height\":112,\"caption\":\"Official Czech & Slovak Everton Supporters' Club\"},\"image\":{\"@id\":\"https:\/\/evertonfc.cz\/#\/schema\/logo\/image\/\"},\"sameAs\":[\"https:\/\/www.facebook.com\/everton.fans.cz.sk\"]},{\"@type\":\"Person\",\"@id\":\"https:\/\/evertonfc.cz\/#\/schema\/person\/d4493b8cbea51532597fbc4685698916\",\"name\":\"BlueBlooded\",\"url\":\"https:\/\/evertonfc.cz\/index.php\/author\/admin\/\"}]}<\/script>\n<!-- \/ Yoast SEO plugin. -->","yoast_head_json":{"title":"LC Preview: Everton \u2013 Doncaster Rovers - Official Czech &amp; Slovak Everton Supporters&#039; Club","robots":{"index":"index","follow":"follow","max-snippet":"max-snippet:-1","max-image-preview":"max-image-preview:large","max-video-preview":"max-video-preview:-1"},"canonical":"https:\/\/evertonfc.cz\/index.php\/2024\/08\/27\/lc-preview-everton-doncaster-rovers\/","og_locale":"cs_CZ","og_type":"article","og_title":"LC Preview: Everton \u2013 Doncaster Rovers - Official Czech &amp; Slovak Everton Supporters&#039; Club","og_description":"In\u00e1 s\u00fa\u0165a\u017e, in\u00fd \u0161tart? The Toffees d\u00fafaj\u00fa v\u00a0re\u0161tart tragick\u00e9ho za\u010diatku novej sez\u00f3ny, a\u00a0proti komu in\u00e9mu ne\u017e \u0161tvrtoligistovi, je najlep\u0161\u00ed \u010das naplno zabehn\u00fa\u0165 nov\u00e9 posily, a\u00a0\u010falej aklimatizova\u0165 mlad\u00edkov v\u00a0prvom t\u00edme?","og_url":"https:\/\/evertonfc.cz\/index.php\/2024\/08\/27\/lc-preview-everton-doncaster-rovers\/","og_site_name":"Official Czech &amp; Slovak Everton Supporters&#039; Club","article_publisher":"https:\/\/www.facebook.com\/everton.fans.cz.sk","article_published_time":"2024-08-27T15:49:26+00:00","article_modified_time":"2024-08-27T16:03:30+00:00","og_image":[{"width":720,"height":405,"url":"https:\/\/evertonfc.cz\/wp-content\/uploads\/2024\/08\/LC-Doncaster-Everton-27-8-2024.jpg","type":"image\/jpeg"}],"author":"BlueBlooded","twitter_card":"summary_large_image","twitter_misc":{"Napsal(a)":"BlueBlooded","Odhadovan\u00e1 doba \u010dten\u00ed":"3 minuty"},"schema":{"@context":"https:\/\/schema.org","@graph":[{"@type":"Article","@id":"https:\/\/evertonfc.cz\/index.php\/2024\/08\/27\/lc-preview-everton-doncaster-rovers\/#article","isPartOf":{"@id":"https:\/\/evertonfc.cz\/index.php\/2024\/08\/27\/lc-preview-everton-doncaster-rovers\/"},"author":{"name":"BlueBlooded","@id":"https:\/\/evertonfc.cz\/#\/schema\/person\/d4493b8cbea51532597fbc4685698916"},"headline":"LC Preview: Everton \u2013 Doncaster Rovers","datePublished":"2024-08-27T15:49:26+00:00","dateModified":"2024-08-27T16:03:30+00:00","mainEntityOfPage":{"@id":"https:\/\/evertonfc.cz\/index.php\/2024\/08\/27\/lc-preview-everton-doncaster-rovers\/"},"wordCount":685,"commentCount":0,"publisher":{"@id":"https:\/\/evertonfc.cz\/#organization"},"image":{"@id":"https:\/\/evertonfc.cz\/index.php\/2024\/08\/27\/lc-preview-everton-doncaster-rovers\/#primaryimage"},"thumbnailUrl":"https:\/\/evertonfc.cz\/wp-content\/uploads\/2024\/08\/LC-Doncaster-Everton-27-8-2024.jpg","articleSection":["Z\u00e1pasy"],"inLanguage":"cs","potentialAction":[{"@type":"CommentAction","name":"Comment","target":["https:\/\/evertonfc.cz\/index.php\/2024\/08\/27\/lc-preview-everton-doncaster-rovers\/#respond"]}]},{"@type":"WebPage","@id":"https:\/\/evertonfc.cz\/index.php\/2024\/08\/27\/lc-preview-everton-doncaster-rovers\/","url":"https:\/\/evertonfc.cz\/index.php\/2024\/08\/27\/lc-preview-everton-doncaster-rovers\/","name":"LC Preview: Everton \u2013 Doncaster Rovers - Official Czech &amp; Slovak Everton Supporters&#039; Club","isPartOf":{"@id":"https:\/\/evertonfc.cz\/#website"},"primaryImageOfPage":{"@id":"https:\/\/evertonfc.cz\/index.php\/2024\/08\/27\/lc-preview-everton-doncaster-rovers\/#primaryimage"},"image":{"@id":"https:\/\/evertonfc.cz\/index.php\/2024\/08\/27\/lc-preview-everton-doncaster-rovers\/#primaryimage"},"thumbnailUrl":"https:\/\/evertonfc.cz\/wp-content\/uploads\/2024\/08\/LC-Doncaster-Everton-27-8-2024.jpg","datePublished":"2024-08-27T15:49:26+00:00","dateModified":"2024-08-27T16:03:30+00:00","breadcrumb":{"@id":"https:\/\/evertonfc.cz\/index.php\/2024\/08\/27\/lc-preview-everton-doncaster-rovers\/#breadcrumb"},"inLanguage":"cs","potentialAction":[{"@type":"ReadAction","target":["https:\/\/evertonfc.cz\/index.php\/2024\/08\/27\/lc-preview-everton-doncaster-rovers\/"]}]},{"@type":"ImageObject","inLanguage":"cs","@id":"https:\/\/evertonfc.cz\/index.php\/2024\/08\/27\/lc-preview-everton-doncaster-rovers\/#primaryimage","url":"https:\/\/evertonfc.cz\/wp-content\/uploads\/2024\/08\/LC-Doncaster-Everton-27-8-2024.jpg","contentUrl":"https:\/\/evertonfc.cz\/wp-content\/uploads\/2024\/08\/LC-Doncaster-Everton-27-8-2024.jpg","width":720,"height":405},{"@type":"BreadcrumbList","@id":"https:\/\/evertonfc.cz\/index.php\/2024\/08\/27\/lc-preview-everton-doncaster-rovers\/#breadcrumb","itemListElement":[{"@type":"ListItem","position":1,"name":"Home","item":"https:\/\/evertonfc.cz\/"},{"@type":"ListItem","position":2,"name":"LC Preview: Everton \u2013 Doncaster Rovers"}]},{"@type":"WebSite","@id":"https:\/\/evertonfc.cz\/#website","url":"https:\/\/evertonfc.cz\/","name":"Official Czech &amp; Slovak Everton Supporters&#039; Club","description":"","publisher":{"@id":"https:\/\/evertonfc.cz\/#organization"},"potentialAction":[{"@type":"SearchAction","target":{"@type":"EntryPoint","urlTemplate":"https:\/\/evertonfc.cz\/?s={search_term_string}"},"query-input":{"@type":"PropertyValueSpecification","valueRequired":true,"valueName":"search_term_string"}}],"inLanguage":"cs"},{"@type":"Organization","@id":"https:\/\/evertonfc.cz\/#organization","name":"Official Czech & Slovak Everton Supporters' Club","url":"https:\/\/evertonfc.cz\/","logo":{"@type":"ImageObject","inLanguage":"cs","@id":"https:\/\/evertonfc.cz\/#\/schema\/logo\/image\/","url":"https:\/\/evertonfc.cz\/wp-content\/uploads\/2019\/05\/logo.png","contentUrl":"https:\/\/evertonfc.cz\/wp-content\/uploads\/2019\/05\/logo.png","width":112,"height":112,"caption":"Official Czech & Slovak Everton Supporters' Club"},"image":{"@id":"https:\/\/evertonfc.cz\/#\/schema\/logo\/image\/"},"sameAs":["https:\/\/www.facebook.com\/everton.fans.cz.sk"]},{"@type":"Person","@id":"https:\/\/evertonfc.cz\/#\/schema\/person\/d4493b8cbea51532597fbc4685698916","name":"BlueBlooded","url":"https:\/\/evertonfc.cz\/index.php\/author\/admin\/"}]}},"_links":{"self":[{"href":"https:\/\/evertonfc.cz\/index.php\/wp-json\/wp\/v2\/posts\/25128"}],"collection":[{"href":"https:\/\/evertonfc.cz\/index.php\/wp-json\/wp\/v2\/posts"}],"about":[{"href":"https:\/\/evertonfc.cz\/index.php\/wp-json\/wp\/v2\/types\/post"}],"author":[{"embeddable":true,"href":"https:\/\/evertonfc.cz\/index.php\/wp-json\/wp\/v2\/users\/1"}],"replies":[{"embeddable":true,"href":"https:\/\/evertonfc.cz\/index.php\/wp-json\/wp\/v2\/comments?post=25128"}],"version-history":[{"count":4,"href":"https:\/\/evertonfc.cz\/index.php\/wp-json\/wp\/v2\/posts\/25128\/revisions"}],"predecessor-version":[{"id":25133,"href":"https:\/\/evertonfc.cz\/index.php\/wp-json\/wp\/v2\/posts\/25128\/revisions\/25133"}],"wp:featuredmedia":[{"embeddable":true,"href":"https:\/\/evertonfc.cz\/index.php\/wp-json\/wp\/v2\/media\/25129"}],"wp:attachment":[{"href":"https:\/\/evertonfc.cz\/index.php\/wp-json\/wp\/v2\/media?parent=25128"}],"wp:term":[{"taxonomy":"category","embeddable":true,"href":"https:\/\/evertonfc.cz\/index.php\/wp-json\/wp\/v2\/categories?post=25128"},{"taxonomy":"post_tag","embeddable":true,"href":"https:\/\/evertonfc.cz\/index.php\/wp-json\/wp\/v2\/tags?post=25128"}],"curies":[{"name":"wp","href":"https:\/\/api.w.org\/{rel}","templated":true}]}}