{"id":25136,"date":"2024-08-28T18:01:54","date_gmt":"2024-08-28T16:01:54","guid":{"rendered":"https:\/\/evertonfc.cz\/?p=25136"},"modified":"2024-08-28T18:18:20","modified_gmt":"2024-08-28T16:18:20","slug":"everton-doncaster-rovers-30","status":"publish","type":"post","link":"https:\/\/evertonfc.cz\/index.php\/2024\/08\/28\/everton-doncaster-rovers-30\/","title":{"rendered":"Everton \u2013 Doncaster Rovers 3:0"},"content":{"rendered":"<h4>Nemohli sme za\u010da\u0165 sez\u00f3nu t\u00fdmto z\u00e1pasom? A pokra\u010dova\u0165 v skladan\u00ed z\u00e1kladnej zostavy len s mal\u00fdmi obmenami? Pre\u010do si EFC v\u017edy v\u0161etko mus\u00ed ako naschv\u00e1l komplikova\u0165?<\/h4>\n<p>To\u013eko ot\u00e1zok, na ktor\u00e9 odpovede nikdy nedostanete. Rie\u0161enia v\u0161ak v\u017edy prich\u00e1dzaj\u00fa iba na ihrisku. \u010ci u\u017e od obm\u00e4k\u010den\u00e9ho mana\u017e\u00e9ra pod tlakom, alebo od samotn\u00fdch hr\u00e1\u010dov. T\u00ed boli cel\u00ed bez seba, \u017ee kone\u010dne dostali priestor od za\u010diatku uk\u00e1za\u0165, \u017ee na nejak\u00e9 sk\u00fasenosti sa v\u00a0Evertone nem\u00f4\u017eeme vyhov\u00e1ra\u0165. Aj v\u00a0Premier League sa hr\u00e1 rovnak\u00fd futbal, ako inde na svete. Rozdiel je len vo fyzick\u00fdch parametroch.<\/p>\n<p>Toto nie s\u00fa z\u00e1very po v\u00fdhre nad trpasl\u00edkom v poh\u00e1ri. Len povzbudzovanie na konanie v zrete\u013en\u00fdch nedostatkoch, ktor\u00e9 musia v\u0161etci zainteresovan\u00ed vidie\u0165. Trojg\u00f3lov\u00fd rozdiel je e\u0161te vzh\u013eadom na rozdielne ligov\u00e9 pr\u00edslu\u0161nosti solid\u00e1rny. Nielen fakt, \u017ee g\u00f3ly padli a\u017e v druhom pol\u010dase ukazuje, \u017ee Karamelky ako mu\u017estvo nie je zohrat\u00fd celok a nedisponuje distingvovan\u00fdm hern\u00fdm prejavom, nech u\u017e by bol ak\u00e9hoko\u013evek r\u00e1zu. V s\u00fa\u010dasnosti, ak hr\u00e1\u010di tento t\u00edm \u0165ahaj\u00fa hore, tak je to len vlastnou improviz\u00e1ciou, individu\u00e1lnym presaden\u00edm. A vid\u00edme to na nov\u00fdch posil\u00e1ch.<\/p>\n<h4><strong>1.pol\u010das<\/strong><\/h4>\n<p>Ako sa avizovalo dopredu, \u00favodn\u00e1 jeden\u00e1stka kone\u010dne priv\u00edtala v\u0161etky posily naraz. Ve\u013ek\u00fdm prekvapen\u00edm bolo uzdravenie a n\u00e1vraty Colemana s\u00a0Garnerom hne\u010f do z\u00e1kladu, ktor\u00e9 Dyche akosi zabudol spomen\u00fa\u0165. Stretnutie za\u010dalo potvrden\u00edm papierov\u00fdch predpokladov. Dom\u00e1ci dominovali na lopte, a\u00a0vytv\u00e1rali si polo\u0161ance.<\/p>\n<p>Hra mala aj tempo, o\u00a0\u010do sa starali hostia svojimi r\u00fdchlymi \u00fanikmi. Everton sa po ziskoch l\u00f4pt sna\u017eil o\u00a0\u010do najpriamo\u010diarej\u0161\u00ed prechod, ale \u010dasto to bolo zbyto\u010dne zbrkl\u00e9 a\u00a0prvopl\u00e1nov\u00e9. K\u00a0Betovi na hrote sa dost\u00e1vali nepresn\u00e9 prihr\u00e1vky, alebo ich zu\u017eitkovanie pokazil on s\u00e1m. Pr\u00edtomn\u00e1 v\u0161ak bola ve\u013ek\u00e1 pracovn\u00e1 mor\u00e1lka.<\/p>\n<p>Po prv\u00fdkr\u00e1t sme videli v\u00a0\u00falohe podhrota (alebo desiatky, \u0165a\u017eko poveda\u0165) Ndiayeho. Na m\u00f4j vkus si v\u00a0tejto poz\u00edcii mus\u00ed pr\u00edli\u0161 \u010dasto a\u00a0pr\u00edli\u0161 hlboko chodi\u0165 po lopty. Nie, \u017ee by mu to ne\u0161lo. I\u00a0ke\u010f to sa ligov\u00fdmi z\u00e1pasmi u\u010d\u00edte zmen\u00ed \u0165a\u017eiskom s\u00faperov. Nutno podotkn\u00fa\u0165, \u017ee Rovers tie\u017e neboli \u00faplne bezzub\u00ed. Senior aj Molyneux p\u00e1rkr\u00e1t testovali Pickforda. A\u00a0niektor\u00e9 z\u00e1kroky veru st\u00e1li za jeho gest\u00e1 \u201eWTF?\u201c do vlastnej obrany.<\/p>\n<h4><strong>2.pol\u010das<\/strong><\/h4>\n<p>G\u00f3l pri\u0161iel a\u017e osem min\u00fat po prest\u00e1vke. Lindstr\u00f8m sa dostal do v\u00e1pna, kde kr\u00ed\u017enou sp\u00e4tnou prihr\u00e1vkou na\u0161iel strie\u013eaj\u00faceho Iroegbunama. Neprajn\u00fd McNeil mu to v\u0161ak te\u010doval a\u00a0tak bol g\u00f3l prip\u00edsan\u00fd jemu. <strong>1:0<\/strong>. \u010eal\u0161ie \u0161ance Toffees u\u017e boli presved\u010divej\u0161ie, ich exek\u00facia v\u0161ak st\u00e1le pokrivk\u00e1vala.<\/p>\n<p>15 min\u00fat pred koncom v\u0161ak div\u00e1kov zdvihol zo sedadiel Ndiaye. U\u017e na vymenenej kr\u00eddelnej poz\u00edcii s\u00a0McNeilom vlastn\u00fdm silami pre\u0161iel cez dvoch obrancov, a\u00a0poradil si aj s\u00a0brank\u00e1rom. <strong>2:0<\/strong>. Posledn\u00fd g\u00f3l padol aj po ute\u0161enej kombin\u00e1cii, kedy McNeil vysunul za obranu Mykolenka, ktor\u00fd to naserv\u00edroval Betovi na podnose. <strong>3:0<\/strong><\/p>\n<p>\u010co doda\u0165 na z\u00e1ver? \u017de presne tak\u00e9to nie\u010do sme potrebovali, a\u00a0budeme potrebova\u0165 pravidelnej\u0161ie. Ndiaye, Lindstr\u00f8m, Iroegbunam a\u00a0O\u2019Brien s\u00fa tak potrebn\u00fd \u010derstv\u00fd vietor, ktor\u00fd o\u010dividne dok\u00e1\u017ee viac, ne\u017e len h\u00fdba\u0165 l\u00edst\u00edm.<\/p>\n<h4 style=\"text-align: center;\"><strong>Sean Dyche po z\u00e1pase:<\/strong><\/h4>\n<blockquote><p><span style=\"font-size: 12pt;\"><em>\u201eMyslel som si, \u017ee bude dobr\u00e9 zapoji\u0165 nov\u00fdch hr\u00e1\u010dov, a mohli ste vidie\u0165, o \u010dom hovor\u00edm. Musia sa prisp\u00f4sobi\u0165. Nie je to jednoduch\u00fd proces sta\u0165 sa n\u00e1hle hr\u00e1\u010dom Premier League, ke\u010f ste v nej e\u0161te nehrali. Mus\u00edme vyu\u017ei\u0165 mentalitu z dne\u0161n\u00e9ho z\u00e1pasu, preto\u017ee v na\u0161ej hre bolo viac slobody, najm\u00e4 2. pol\u010dase. Je to tenk\u00e1 hranica medzi ostra\u017eitos\u0165ou a vykon\u00e1van\u00edm z\u00e1kladov, taktiky, ale aj slobodou toho, ke\u010f z\u00edskate trochu viac sebad\u00f4very. T\u00fato d\u00f4veru si mus\u00edte zasl\u00fa\u017ei\u0165 a to je to, \u010do mus\u00edme urobi\u0165.<\/em><\/span><\/p>\n<p><span style=\"font-size: 12pt;\"><em>D\u00fafajme, \u017ee [Coleman, Garner] nebud\u00fa ma\u0165 \u017eiadne n\u00e1sledky. Mus\u00edme by\u0165 s nimi opatrn\u00ed. Obaja si po\u010d\u00ednali skvele, preto\u017ee v skuto\u010dnosti nemali dostatok tr\u00e9ningu. Najm\u00e4 Seamus. Ale on sa z\u00fafalo sna\u017eil dosta\u0165 na tr\u00e1vnik. Je naozaj fit. Tento rok sa uk\u00e1zal ako super fit a jeho z\u00e1kladn\u00e1 kond\u00edcia je ve\u013emi dobr\u00e1. Bol ne\u00fastupn\u00fd, \u017ee chce hra\u0165 a vyzeral, \u017ee m\u00e1 v tom jasno. Jimmy mal trochu viac tr\u00e9ningu. Je toho e\u0161te viac, \u010do od neho chceme, ale prospeje mu, ke\u010f do neho dostaneme tieto min\u00faty.\u201c<\/em><\/span><\/p><\/blockquote>\n<h3 style=\"text-align: center;\"><span style=\"color: #3366ff;\"><em><strong>Come on you Blues !!!<\/strong><\/em><\/span><\/h3>\n<p style=\"text-align: right;\"><span style=\"font-size: 8pt;\">(fotozdroj: Chris Brunskill\/Fantasista\/Getty Images)<\/span><\/p>\n<p><strong>Zostrihy:<\/strong> <a href=\"https:\/\/hoofoot.com\/?match=Everton_v_Doncaster_2024_08_27\">HooFoot.com<\/a> \/ Everton TV<\/p>\n<p><strong>G\u00f3ly:<\/strong> 53\u00b4 McNeil (Iroegbunam), 74\u00b4 Ndiaye (O&#8217;Brien), 83\u00b4 Beto (Mykolenko)<\/p>\n<p><strong>\u017dlt\u00e9 karty:<\/strong> 38\u00b4 Senior, 58\u00b4 Iroegbunam, 69\u00b4 Young<\/p>\n<p><strong>Everton FC:<\/strong> Pickford \u2013 Coleman (67\u00b4 Young), Keane, O&#8217;Brien, Mykolenko \u2013 Lindstr\u00f8m (67\u00b4 Harrison), Garner (67\u00b4 Gueye), Iroegbunam (85\u00b4 Armstrong), McNeil \u2013 Ndiaye (79\u00b4 Dixon), Beto<\/p>\n<p><strong>Doncaster Rovers FC:<\/strong> Lawlor \u2013 Nixon (57\u00b4 Sterry), Olowu, McGrath, Senior (75\u00b4 Sharp) \u2013 Molyneux, Bailey, Kelly (63\u00b4 Broadbent), Westbrook (63\u00b4 Sbarra), Gibson (46\u00b4 Hurst) \u2013 Ironside<\/p>\n<p><strong>Rozhodca: <\/strong>James Bell\u00a0 <strong>Div\u00e1ci:<\/strong> 37 245\u00a0 <strong>Hr\u00e1\u010d z\u00e1pasu EFC:<\/strong> Tim Iroegbunam<\/p>\n","protected":false},"excerpt":{"rendered":"<p>Nemohli sme za\u010da\u0165 sez\u00f3nu t\u00fdmto z\u00e1pasom? A pokra\u010dova\u0165 v skladan\u00ed z\u00e1kladnej zostavy len s mal\u00fdmi obmenami? Pre\u010do si EFC v\u017edy v\u0161etko mus\u00ed ako naschv\u00e1l komplikova\u0165? <\/p>\n","protected":false},"author":1,"featured_media":25137,"comment_status":"open","ping_status":"closed","sticky":false,"template":"","format":"standard","meta":{"_eb_attr":"","_monsterinsights_skip_tracking":false,"_monsterinsights_sitenote_active":false,"_monsterinsights_sitenote_note":"","_monsterinsights_sitenote_category":0,"footnotes":""},"categories":[4],"tags":[],"yoast_head":"<!-- This site is optimized with the Yoast SEO plugin v23.4 - https:\/\/yoast.com\/wordpress\/plugins\/seo\/ -->\n<title>Everton \u2013 Doncaster Rovers 3:0 - Official Czech &amp; Slovak Everton Supporters&#039; Club<\/title>\n<meta name=\"robots\" content=\"index, follow, max-snippet:-1, max-image-preview:large, max-video-preview:-1\" \/>\n<link rel=\"canonical\" href=\"https:\/\/evertonfc.cz\/index.php\/2024\/08\/28\/everton-doncaster-rovers-30\/\" \/>\n<meta property=\"og:locale\" content=\"cs_CZ\" \/>\n<meta property=\"og:type\" content=\"article\" \/>\n<meta property=\"og:title\" content=\"Everton \u2013 Doncaster Rovers 3:0 - Official Czech &amp; Slovak Everton Supporters&#039; Club\" \/>\n<meta property=\"og:description\" content=\"Nemohli sme za\u010da\u0165 sez\u00f3nu t\u00fdmto z\u00e1pasom? A pokra\u010dova\u0165 v skladan\u00ed z\u00e1kladnej zostavy len s mal\u00fdmi obmenami? Pre\u010do si EFC v\u017edy v\u0161etko mus\u00ed ako naschv\u00e1l komplikova\u0165?\" \/>\n<meta property=\"og:url\" content=\"https:\/\/evertonfc.cz\/index.php\/2024\/08\/28\/everton-doncaster-rovers-30\/\" \/>\n<meta property=\"og:site_name\" content=\"Official Czech &amp; Slovak Everton Supporters&#039; Club\" \/>\n<meta property=\"article:publisher\" content=\"https:\/\/www.facebook.com\/everton.fans.cz.sk\" \/>\n<meta property=\"article:published_time\" content=\"2024-08-28T16:01:54+00:00\" \/>\n<meta property=\"article:modified_time\" content=\"2024-08-28T16:18:20+00:00\" \/>\n<meta property=\"og:image\" content=\"https:\/\/evertonfc.cz\/wp-content\/uploads\/2024\/08\/LC-Everton-3-0-Doncaster-by-Chris-Brunskill-Fantasista-Getty-Images-27-8-2024.jpg\" \/>\n\t<meta property=\"og:image:width\" content=\"720\" \/>\n\t<meta property=\"og:image:height\" content=\"405\" \/>\n\t<meta property=\"og:image:type\" content=\"image\/jpeg\" \/>\n<meta name=\"author\" content=\"BlueBlooded\" \/>\n<meta name=\"twitter:card\" content=\"summary_large_image\" \/>\n<meta name=\"twitter:label1\" content=\"Napsal(a)\" \/>\n\t<meta name=\"twitter:data1\" content=\"BlueBlooded\" \/>\n\t<meta name=\"twitter:label2\" content=\"Odhadovan\u00e1 doba \u010dten\u00ed\" \/>\n\t<meta name=\"twitter:data2\" content=\"4 minuty\" \/>\n<script type=\"application\/ld+json\" class=\"yoast-schema-graph\">{\"@context\":\"https:\/\/schema.org\",\"@graph\":[{\"@type\":\"Article\",\"@id\":\"https:\/\/evertonfc.cz\/index.php\/2024\/08\/28\/everton-doncaster-rovers-30\/#article\",\"isPartOf\":{\"@id\":\"https:\/\/evertonfc.cz\/index.php\/2024\/08\/28\/everton-doncaster-rovers-30\/\"},\"author\":{\"name\":\"BlueBlooded\",\"@id\":\"https:\/\/evertonfc.cz\/#\/schema\/person\/d4493b8cbea51532597fbc4685698916\"},\"headline\":\"Everton \u2013 Doncaster Rovers 3:0\",\"datePublished\":\"2024-08-28T16:01:54+00:00\",\"dateModified\":\"2024-08-28T16:18:20+00:00\",\"mainEntityOfPage\":{\"@id\":\"https:\/\/evertonfc.cz\/index.php\/2024\/08\/28\/everton-doncaster-rovers-30\/\"},\"wordCount\":906,\"commentCount\":1,\"publisher\":{\"@id\":\"https:\/\/evertonfc.cz\/#organization\"},\"image\":{\"@id\":\"https:\/\/evertonfc.cz\/index.php\/2024\/08\/28\/everton-doncaster-rovers-30\/#primaryimage\"},\"thumbnailUrl\":\"https:\/\/evertonfc.cz\/wp-content\/uploads\/2024\/08\/LC-Everton-3-0-Doncaster-by-Chris-Brunskill-Fantasista-Getty-Images-27-8-2024.jpg\",\"articleSection\":[\"Z\u00e1pasy\"],\"inLanguage\":\"cs\",\"potentialAction\":[{\"@type\":\"CommentAction\",\"name\":\"Comment\",\"target\":[\"https:\/\/evertonfc.cz\/index.php\/2024\/08\/28\/everton-doncaster-rovers-30\/#respond\"]}]},{\"@type\":\"WebPage\",\"@id\":\"https:\/\/evertonfc.cz\/index.php\/2024\/08\/28\/everton-doncaster-rovers-30\/\",\"url\":\"https:\/\/evertonfc.cz\/index.php\/2024\/08\/28\/everton-doncaster-rovers-30\/\",\"name\":\"Everton \u2013 Doncaster Rovers 3:0 - Official Czech &amp; Slovak Everton Supporters&#039; Club\",\"isPartOf\":{\"@id\":\"https:\/\/evertonfc.cz\/#website\"},\"primaryImageOfPage\":{\"@id\":\"https:\/\/evertonfc.cz\/index.php\/2024\/08\/28\/everton-doncaster-rovers-30\/#primaryimage\"},\"image\":{\"@id\":\"https:\/\/evertonfc.cz\/index.php\/2024\/08\/28\/everton-doncaster-rovers-30\/#primaryimage\"},\"thumbnailUrl\":\"https:\/\/evertonfc.cz\/wp-content\/uploads\/2024\/08\/LC-Everton-3-0-Doncaster-by-Chris-Brunskill-Fantasista-Getty-Images-27-8-2024.jpg\",\"datePublished\":\"2024-08-28T16:01:54+00:00\",\"dateModified\":\"2024-08-28T16:18:20+00:00\",\"breadcrumb\":{\"@id\":\"https:\/\/evertonfc.cz\/index.php\/2024\/08\/28\/everton-doncaster-rovers-30\/#breadcrumb\"},\"inLanguage\":\"cs\",\"potentialAction\":[{\"@type\":\"ReadAction\",\"target\":[\"https:\/\/evertonfc.cz\/index.php\/2024\/08\/28\/everton-doncaster-rovers-30\/\"]}]},{\"@type\":\"ImageObject\",\"inLanguage\":\"cs\",\"@id\":\"https:\/\/evertonfc.cz\/index.php\/2024\/08\/28\/everton-doncaster-rovers-30\/#primaryimage\",\"url\":\"https:\/\/evertonfc.cz\/wp-content\/uploads\/2024\/08\/LC-Everton-3-0-Doncaster-by-Chris-Brunskill-Fantasista-Getty-Images-27-8-2024.jpg\",\"contentUrl\":\"https:\/\/evertonfc.cz\/wp-content\/uploads\/2024\/08\/LC-Everton-3-0-Doncaster-by-Chris-Brunskill-Fantasista-Getty-Images-27-8-2024.jpg\",\"width\":720,\"height\":405},{\"@type\":\"BreadcrumbList\",\"@id\":\"https:\/\/evertonfc.cz\/index.php\/2024\/08\/28\/everton-doncaster-rovers-30\/#breadcrumb\",\"itemListElement\":[{\"@type\":\"ListItem\",\"position\":1,\"name\":\"Home\",\"item\":\"https:\/\/evertonfc.cz\/\"},{\"@type\":\"ListItem\",\"position\":2,\"name\":\"Everton \u2013 Doncaster Rovers 3:0\"}]},{\"@type\":\"WebSite\",\"@id\":\"https:\/\/evertonfc.cz\/#website\",\"url\":\"https:\/\/evertonfc.cz\/\",\"name\":\"Official Czech &amp; Slovak Everton Supporters&#039; Club\",\"description\":\"\",\"publisher\":{\"@id\":\"https:\/\/evertonfc.cz\/#organization\"},\"potentialAction\":[{\"@type\":\"SearchAction\",\"target\":{\"@type\":\"EntryPoint\",\"urlTemplate\":\"https:\/\/evertonfc.cz\/?s={search_term_string}\"},\"query-input\":{\"@type\":\"PropertyValueSpecification\",\"valueRequired\":true,\"valueName\":\"search_term_string\"}}],\"inLanguage\":\"cs\"},{\"@type\":\"Organization\",\"@id\":\"https:\/\/evertonfc.cz\/#organization\",\"name\":\"Official Czech & Slovak Everton Supporters' Club\",\"url\":\"https:\/\/evertonfc.cz\/\",\"logo\":{\"@type\":\"ImageObject\",\"inLanguage\":\"cs\",\"@id\":\"https:\/\/evertonfc.cz\/#\/schema\/logo\/image\/\",\"url\":\"https:\/\/evertonfc.cz\/wp-content\/uploads\/2019\/05\/logo.png\",\"contentUrl\":\"https:\/\/evertonfc.cz\/wp-content\/uploads\/2019\/05\/logo.png\",\"width\":112,\"height\":112,\"caption\":\"Official Czech & Slovak Everton Supporters' Club\"},\"image\":{\"@id\":\"https:\/\/evertonfc.cz\/#\/schema\/logo\/image\/\"},\"sameAs\":[\"https:\/\/www.facebook.com\/everton.fans.cz.sk\"]},{\"@type\":\"Person\",\"@id\":\"https:\/\/evertonfc.cz\/#\/schema\/person\/d4493b8cbea51532597fbc4685698916\",\"name\":\"BlueBlooded\",\"url\":\"https:\/\/evertonfc.cz\/index.php\/author\/admin\/\"}]}<\/script>\n<!-- \/ Yoast SEO plugin. -->","yoast_head_json":{"title":"Everton \u2013 Doncaster Rovers 3:0 - Official Czech &amp; Slovak Everton Supporters&#039; Club","robots":{"index":"index","follow":"follow","max-snippet":"max-snippet:-1","max-image-preview":"max-image-preview:large","max-video-preview":"max-video-preview:-1"},"canonical":"https:\/\/evertonfc.cz\/index.php\/2024\/08\/28\/everton-doncaster-rovers-30\/","og_locale":"cs_CZ","og_type":"article","og_title":"Everton \u2013 Doncaster Rovers 3:0 - Official Czech &amp; Slovak Everton Supporters&#039; Club","og_description":"Nemohli sme za\u010da\u0165 sez\u00f3nu t\u00fdmto z\u00e1pasom? A pokra\u010dova\u0165 v skladan\u00ed z\u00e1kladnej zostavy len s mal\u00fdmi obmenami? Pre\u010do si EFC v\u017edy v\u0161etko mus\u00ed ako naschv\u00e1l komplikova\u0165?","og_url":"https:\/\/evertonfc.cz\/index.php\/2024\/08\/28\/everton-doncaster-rovers-30\/","og_site_name":"Official Czech &amp; Slovak Everton Supporters&#039; Club","article_publisher":"https:\/\/www.facebook.com\/everton.fans.cz.sk","article_published_time":"2024-08-28T16:01:54+00:00","article_modified_time":"2024-08-28T16:18:20+00:00","og_image":[{"width":720,"height":405,"url":"https:\/\/evertonfc.cz\/wp-content\/uploads\/2024\/08\/LC-Everton-3-0-Doncaster-by-Chris-Brunskill-Fantasista-Getty-Images-27-8-2024.jpg","type":"image\/jpeg"}],"author":"BlueBlooded","twitter_card":"summary_large_image","twitter_misc":{"Napsal(a)":"BlueBlooded","Odhadovan\u00e1 doba \u010dten\u00ed":"4 minuty"},"schema":{"@context":"https:\/\/schema.org","@graph":[{"@type":"Article","@id":"https:\/\/evertonfc.cz\/index.php\/2024\/08\/28\/everton-doncaster-rovers-30\/#article","isPartOf":{"@id":"https:\/\/evertonfc.cz\/index.php\/2024\/08\/28\/everton-doncaster-rovers-30\/"},"author":{"name":"BlueBlooded","@id":"https:\/\/evertonfc.cz\/#\/schema\/person\/d4493b8cbea51532597fbc4685698916"},"headline":"Everton \u2013 Doncaster Rovers 3:0","datePublished":"2024-08-28T16:01:54+00:00","dateModified":"2024-08-28T16:18:20+00:00","mainEntityOfPage":{"@id":"https:\/\/evertonfc.cz\/index.php\/2024\/08\/28\/everton-doncaster-rovers-30\/"},"wordCount":906,"commentCount":1,"publisher":{"@id":"https:\/\/evertonfc.cz\/#organization"},"image":{"@id":"https:\/\/evertonfc.cz\/index.php\/2024\/08\/28\/everton-doncaster-rovers-30\/#primaryimage"},"thumbnailUrl":"https:\/\/evertonfc.cz\/wp-content\/uploads\/2024\/08\/LC-Everton-3-0-Doncaster-by-Chris-Brunskill-Fantasista-Getty-Images-27-8-2024.jpg","articleSection":["Z\u00e1pasy"],"inLanguage":"cs","potentialAction":[{"@type":"CommentAction","name":"Comment","target":["https:\/\/evertonfc.cz\/index.php\/2024\/08\/28\/everton-doncaster-rovers-30\/#respond"]}]},{"@type":"WebPage","@id":"https:\/\/evertonfc.cz\/index.php\/2024\/08\/28\/everton-doncaster-rovers-30\/","url":"https:\/\/evertonfc.cz\/index.php\/2024\/08\/28\/everton-doncaster-rovers-30\/","name":"Everton \u2013 Doncaster Rovers 3:0 - Official Czech &amp; Slovak Everton Supporters&#039; Club","isPartOf":{"@id":"https:\/\/evertonfc.cz\/#website"},"primaryImageOfPage":{"@id":"https:\/\/evertonfc.cz\/index.php\/2024\/08\/28\/everton-doncaster-rovers-30\/#primaryimage"},"image":{"@id":"https:\/\/evertonfc.cz\/index.php\/2024\/08\/28\/everton-doncaster-rovers-30\/#primaryimage"},"thumbnailUrl":"https:\/\/evertonfc.cz\/wp-content\/uploads\/2024\/08\/LC-Everton-3-0-Doncaster-by-Chris-Brunskill-Fantasista-Getty-Images-27-8-2024.jpg","datePublished":"2024-08-28T16:01:54+00:00","dateModified":"2024-08-28T16:18:20+00:00","breadcrumb":{"@id":"https:\/\/evertonfc.cz\/index.php\/2024\/08\/28\/everton-doncaster-rovers-30\/#breadcrumb"},"inLanguage":"cs","potentialAction":[{"@type":"ReadAction","target":["https:\/\/evertonfc.cz\/index.php\/2024\/08\/28\/everton-doncaster-rovers-30\/"]}]},{"@type":"ImageObject","inLanguage":"cs","@id":"https:\/\/evertonfc.cz\/index.php\/2024\/08\/28\/everton-doncaster-rovers-30\/#primaryimage","url":"https:\/\/evertonfc.cz\/wp-content\/uploads\/2024\/08\/LC-Everton-3-0-Doncaster-by-Chris-Brunskill-Fantasista-Getty-Images-27-8-2024.jpg","contentUrl":"https:\/\/evertonfc.cz\/wp-content\/uploads\/2024\/08\/LC-Everton-3-0-Doncaster-by-Chris-Brunskill-Fantasista-Getty-Images-27-8-2024.jpg","width":720,"height":405},{"@type":"BreadcrumbList","@id":"https:\/\/evertonfc.cz\/index.php\/2024\/08\/28\/everton-doncaster-rovers-30\/#breadcrumb","itemListElement":[{"@type":"ListItem","position":1,"name":"Home","item":"https:\/\/evertonfc.cz\/"},{"@type":"ListItem","position":2,"name":"Everton \u2013 Doncaster Rovers 3:0"}]},{"@type":"WebSite","@id":"https:\/\/evertonfc.cz\/#website","url":"https:\/\/evertonfc.cz\/","name":"Official Czech &amp; Slovak Everton Supporters&#039; Club","description":"","publisher":{"@id":"https:\/\/evertonfc.cz\/#organization"},"potentialAction":[{"@type":"SearchAction","target":{"@type":"EntryPoint","urlTemplate":"https:\/\/evertonfc.cz\/?s={search_term_string}"},"query-input":{"@type":"PropertyValueSpecification","valueRequired":true,"valueName":"search_term_string"}}],"inLanguage":"cs"},{"@type":"Organization","@id":"https:\/\/evertonfc.cz\/#organization","name":"Official Czech & Slovak Everton Supporters' Club","url":"https:\/\/evertonfc.cz\/","logo":{"@type":"ImageObject","inLanguage":"cs","@id":"https:\/\/evertonfc.cz\/#\/schema\/logo\/image\/","url":"https:\/\/evertonfc.cz\/wp-content\/uploads\/2019\/05\/logo.png","contentUrl":"https:\/\/evertonfc.cz\/wp-content\/uploads\/2019\/05\/logo.png","width":112,"height":112,"caption":"Official Czech & Slovak Everton Supporters' Club"},"image":{"@id":"https:\/\/evertonfc.cz\/#\/schema\/logo\/image\/"},"sameAs":["https:\/\/www.facebook.com\/everton.fans.cz.sk"]},{"@type":"Person","@id":"https:\/\/evertonfc.cz\/#\/schema\/person\/d4493b8cbea51532597fbc4685698916","name":"BlueBlooded","url":"https:\/\/evertonfc.cz\/index.php\/author\/admin\/"}]}},"_links":{"self":[{"href":"https:\/\/evertonfc.cz\/index.php\/wp-json\/wp\/v2\/posts\/25136"}],"collection":[{"href":"https:\/\/evertonfc.cz\/index.php\/wp-json\/wp\/v2\/posts"}],"about":[{"href":"https:\/\/evertonfc.cz\/index.php\/wp-json\/wp\/v2\/types\/post"}],"author":[{"embeddable":true,"href":"https:\/\/evertonfc.cz\/index.php\/wp-json\/wp\/v2\/users\/1"}],"replies":[{"embeddable":true,"href":"https:\/\/evertonfc.cz\/index.php\/wp-json\/wp\/v2\/comments?post=25136"}],"version-history":[{"count":5,"href":"https:\/\/evertonfc.cz\/index.php\/wp-json\/wp\/v2\/posts\/25136\/revisions"}],"predecessor-version":[{"id":25142,"href":"https:\/\/evertonfc.cz\/index.php\/wp-json\/wp\/v2\/posts\/25136\/revisions\/25142"}],"wp:featuredmedia":[{"embeddable":true,"href":"https:\/\/evertonfc.cz\/index.php\/wp-json\/wp\/v2\/media\/25137"}],"wp:attachment":[{"href":"https:\/\/evertonfc.cz\/index.php\/wp-json\/wp\/v2\/media?parent=25136"}],"wp:term":[{"taxonomy":"category","embeddable":true,"href":"https:\/\/evertonfc.cz\/index.php\/wp-json\/wp\/v2\/categories?post=25136"},{"taxonomy":"post_tag","embeddable":true,"href":"https:\/\/evertonfc.cz\/index.php\/wp-json\/wp\/v2\/tags?post=25136"}],"curies":[{"name":"wp","href":"https:\/\/api.w.org\/{rel}","templated":true}]}}