{"id":25149,"date":"2024-08-31T11:51:12","date_gmt":"2024-08-31T09:51:12","guid":{"rendered":"https:\/\/evertonfc.cz\/?p=25149"},"modified":"2024-09-01T22:56:05","modified_gmt":"2024-09-01T20:56:05","slug":"preview-everton-bournemouth-8","status":"publish","type":"post","link":"https:\/\/evertonfc.cz\/index.php\/2024\/08\/31\/preview-everton-bournemouth-8\/","title":{"rendered":"Preview: Everton &#8211; Bournemouth"},"content":{"rendered":"<h4>Dal\u0161\u00ed miln\u00edk nov\u00e9 sez\u00f3ny je za n\u00e1mi. Konec p\u0159estupn\u00edho obdob\u00ed znamen\u00e1 do ledna konec spekulac\u00edm a jasn\u00fd p\u0159ehled, kdo m\u016f\u017ee Dycheovi pomoci na cest\u011b za 40 body. Bodlo by za\u010d\u00edt se sb\u00edr\u00e1n\u00edm u\u017e nyn\u00ed.<\/h4>\n<p>Deadline day p\u0159inesl, co se t\u00fd\u010de A t\u00fdmu, 4 zm\u011bny. Z kabiny se vytratili bou\u0159liv\u00e1ci Maupay a Holgate, jejich m\u00edsta si rozd\u011bl\u00ed Armando Broja a Orel Mangala. Ani s jedn\u00edm se ale dnes po\u010d\u00edtat ned\u00e1. Francouzsk\u00e1 spojka zafungovala, s Olympiky z Lyonu i Marseille jsme ud\u011blali shodn\u011b po 2 obchodech.<\/p>\n<p>Po poh\u00e1rov\u00e9m z\u00e1pase s Doncasterem u\u017e tak\u00e9 v\u00edme, \u017ee veter\u00e1ni na pravou stranu, Coleman a Young, jsou zp\u011bt. P\u0159i pln\u00e9m respektu, Roman Dixon proti Spurs nep\u0159edvedl v\u00fdkon, kter\u00fd by p\u0159esv\u011bd\u010dil bosse, aby dostal trvalou d\u016fv\u011bru. Na druhou stranu nedostal ani zelenou pro odchod na hostov\u00e1n\u00ed, tak\u017ee si mus\u00edme po\u010dkat na dal\u0161\u00ed v\u00fdvoj.<\/p>\n<p>N\u00e1vrat do st\u0159edu z\u00e1lohy v poh\u00e1ru zaznamenal solidn\u00edm v\u00fdkonem James Garner a tady se pov\u00e1\u017eliv\u011b k\u00fdve \u017eidle pod dal\u0161\u00edm veter\u00e1nem Ganou Gueyem, p\u0159esto\u017ee i on pravd\u011bpodobn\u011b je\u0161t\u011b dostane p\u0159edost. Nebo\u0165, co\u017e se tedy pod Dychem je\u0161t\u011b nestalo, Jimmy dok\u00e1\u017ee hr\u00e1t i prav\u00e9ho obr\u00e1nce, viz Carsleyho triumf\u00e1ln\u00ed Euro U21 2023. Solidn\u00ed v\u00fdkon p\u0159edv\u00e1d\u00ed i posila Iliman Ndiaye, tak\u017ee sesazen\u00ed Abdoulaye Doucour\u00e9ho se nab\u00edz\u00ed, ale v\u0161echno m\u00e1 sv\u016fj \u010das.<\/p>\n<p>Nev\u00edm jak vy, ale j\u00e1 jsem spokojen\u00fd s t\u00edm, \u017ee jsme udr\u017eeli Branthwaitea i DCL, ale na mn\u011b houby z\u00e1le\u017e\u00ed, z\u00e1sadn\u00ed bude rozpolo\u017een\u00ed obou jmenovan\u00fdch. Nyn\u00ed ale po uz\u00e1v\u011brce maj\u00ed oba na 4 m\u011bs\u00edce jasno a jejich v\u00fdkony by m\u011bli j\u00edt nahoru, minim\u00e1ln\u011b se uk\u00e1zat p\u0159\u00edpadn\u00fdm z\u00e1jemc\u016fm v nejlep\u0161\u00edm sv\u011btle.<\/p>\n<p>Sean Dyche ale potvrdil, \u017ee trio Branthwaite, Patterson a Chermiti jsou st\u00e1le na n\u011bjakou dobu mimo, k nim se tedy p\u0159id\u00e1v\u00e1 i nej\u010derstv\u011bj\u0161\u00ed posila Armando Broja, ten by m\u011bl b\u00fdt ready a\u017e po polovin\u011b \u0159\u00edjna. N\u00e1vrat po zran\u011bn\u00ed kolene, 2 g\u00f3ly v EPL za posledn\u00ed 2 sez\u00f3ny, Broja je enigma.<\/p>\n<h4>Ze soupe\u0159ova t\u00e1bora<\/h4>\n<p>Na jihu Anglie se v p\u0159estupn\u00edm obdob\u00ed d\u011bly v\u011bci. Odolat obrovsk\u00e9 sum\u011b za Solankeho ne\u0161lo, tak\u017ee tady T\u0159e\u0161n\u011b utr\u017eili bal\u00edk. Ale pen\u00edze mus\u00ed t\u00e9ct, tak\u017ee na p\u0159estup p\u0159i\u0161li Sinisterra s Unalem Enesem (oba tam ji\u017e hostovali), prav\u00fd bek Araujo z Barcelony a za klubov\u00fd rekord 37 milion\u016f eur Evanilson z Porta. Za 3 roky v portugalsk\u00e9 lize dal 37 branek. V Lize mistr\u016f vst\u0159elil vloni 4 branky a takov\u00e1 je kupn\u00ed s\u00edla v EPL, \u017ee p\u0159estoupil do t\u00fdmu, \u0159ekn\u011bme, ze zadn\u00ed t\u0159etiny pelotonu.<\/p>\n<p>Posledn\u00ed den p\u0159estupn\u00edho obdob\u00ed se pak ud\u00e1la dosti d\u016fle\u017eit\u00e1 v\u00fdm\u011bna na postu brank\u00e1\u0159e. Neto rad\u011bji uprchl d\u011blat dvojku do Arsenalu, jeho m\u00edsto toti\u017e zaujme na ro\u010dn\u00ed hostov\u00e1n\u00ed p\u0159i\u0161ed\u0161\u00ed Kepa z Chelsea, st\u00e1le nejdra\u017e\u0161\u00ed brank\u00e1\u0159 historie. Po\u010d\u00edt\u00e1m, \u017ee proti n\u00e1m se nestihne aklimatizovat a chytat by tak mohla dvojka Travers. To by mohla b\u00fdt dobr\u00e1 zpr\u00e1va, kdo v\u00ed.<\/p>\n<p>Naposledy jsem doma The Cherries p\u0159ejeli 3:0, ale to byl Andoni Iraloa teprve ve zku\u0161ebn\u00ed dob\u011b. Mnoho vody uplynulo, t\u00fdm se zvedl, v b\u0159eznu por\u00e1\u017eku Evertonu vr\u00e1til v pom\u011bru 2:1 po vlastn\u00ed brance Colemana v nastaven\u00ed.<\/p>\n<h4>Statistick\u00e9 ok\u00e9nko:<\/h4>\n<ul>\n<li>Everton vyhr\u00e1l \u0161est ze sedmi dom\u00e1c\u00edch z\u00e1pas\u016f Premier League proti Bournemouthu, p\u0159i\u010dem\u017e jedin\u00e9 v\u00edt\u011bzstv\u00ed Cherries v Goodison Parku p\u0159i\u0161lo v posledn\u00ed den sez\u00f3ny 2019\/20.<\/li>\n<li>T\u0159e\u0161n\u011b vyhr\u00e1li \u010dty\u0159i z posledn\u00edch \u0161esti duel\u016f, dal\u0161\u00ed dva prohr\u00e1li. Ob\u011b strany vyhr\u00e1ly \u0161est ze 14 ligov\u00fdch utk\u00e1n\u00ed.<\/li>\n<li>Everton prohr\u00e1l prvn\u00ed dva ligov\u00e9 z\u00e1pasy, p\u0159i\u010dem\u017e v ka\u017ed\u00e9m inkasoval t\u0159i nebo v\u00edce g\u00f3l\u016f poprv\u00e9 ve sv\u00e9 historii. Teprve 3 t\u00fdmy p\u0159ed n\u00e1mi na\u010daly sez\u00f3nu bez vst\u0159elen\u00e9 branky a aspo\u0148 7 kousky ve vlastn\u00ed s\u00edti \u2013 Leicester 2001, Wigan 2010, Norwich 2021.<\/li>\n<li>Bournemouth je jedin\u00fdm t\u00fdmem, kter\u00fd remizoval prvn\u00ed dva z\u00e1pasy Premier League v t\u00e9to sez\u00f3n\u011b. Wolves byly posledn\u00edm t\u00fdmem, kter\u00fd zaknihoval t\u0159i \u00favodn\u00ed rem\u00edzy v roce 2019.<\/li>\n<li>Sean Dyche v EFC prohr\u00e1l v srpnu v\u0161ech p\u011bt z\u00e1pas\u016f bez g\u00f3lu. V srpnu m\u00e1 pom\u011br v\u00fdher jen 12,5%, co\u017e je nejhor\u0161\u00ed procento ze v\u0161ech mana\u017eer\u016f, kte\u0159\u00ed se v tomto m\u011bs\u00edci ujali veden\u00ed 10 z\u00e1pas\u016f. Av\u0161ak proti Bournemouthu zaznamenal v\u00edce v\u00edt\u011bzstv\u00ed ne\u017e proti kter\u00e9mukoli jin\u00e9mu t\u00fdmu. Vyhr\u00e1l 8 z 11 utk\u00e1n\u00ed.<\/li>\n<li>Bournemouth nevyhr\u00e1l v srpnu ji\u017e dev\u011bt z\u00e1pas\u016f od prvn\u00edho triumfu proti Aston Ville v roce 2022. A Andoni Iraola zaznamenal b\u011bhem cel\u00e9 sv\u00e9 mana\u017eersk\u00e9 kari\u00e9ry jen dv\u011b v\u00edt\u011bzstv\u00ed ve 14 z\u00e1pasech v srpnu (D5, L7).<\/li>\n<li>Cherries nedok\u00e1zali sk\u00f3rovat jen ve t\u0159ech z posledn\u00edch 32 z\u00e1pas\u016f Premier League. Tak\u00e9 se od za\u010d\u00e1tku minul\u00e9 sez\u00f3ny dopustili v lize nejv\u00edce faul\u016f (535).<\/li>\n<li>Dominic Calver-Lewin m\u016f\u017ee dnes zaznament 250. z\u00e1pas, do kter\u00e9ho v\u00a0drezu Evertonu zas\u00e1hne. Docela slu\u0161n\u00e1 porce.<\/li>\n<\/ul>\n<h3 style=\"text-align: center;\"><span style=\"color: #3366ff;\"><em>Up The Toffees !!!<\/em><\/span><\/h3>\n<p><strong><br \/>\nCo<\/strong>: Everton FC \u2013 AFC Bournemouth, 3. kolo Premier League<br \/>\n<strong>Kdy<\/strong>: 31.8. 2024 od 16:00<br \/>\n<strong>Jak<\/strong>: p\u0159\u00edm\u00fd p\u0159enos na stanici Canal+Sport 5 (komentuje Mat\u00fa\u0161 Luk\u00e1\u010d)<br \/>\n<strong>Kde<\/strong>: Goodison Park \u2013 Goodison Rd, Liverpool L4 4EL (kapacita: 39 414)<br \/>\n<strong>Rozhod\u010d\u00ed<\/strong>: Stuart Attwell <strong>Asistenti<\/strong>: C. Hatzidakis, N. Hopton <strong>\u010ctvrt\u00fd rozhod\u010d\u00ed<\/strong>: C. Pawson<br \/>\n<strong>VAR<\/strong>: Graham Scott <strong>Asistent<\/strong> <strong>VAR<\/strong>: Dan Robathan<\/p>\n","protected":false},"excerpt":{"rendered":"<p>Dal\u0161\u00ed miln\u00edk nov\u00e9 sez\u00f3ny je za n\u00e1mi. Konec p\u0159estupn\u00edho obdob\u00ed znamen\u00e1 do ledna znamen\u00e1 konec spekulac\u00edm a jasn\u00fd p\u0159ehled, kdo m\u016f\u017ee Dycheovi pomoci na cest\u011b za 40 body. Bodlo by za\u010d\u00edt se sb\u00edr\u00e1n\u00edm u\u017e te\u010f.<\/p>\n","protected":false},"author":10,"featured_media":21683,"comment_status":"open","ping_status":"closed","sticky":false,"template":"","format":"standard","meta":{"_eb_attr":"","_monsterinsights_skip_tracking":false,"_monsterinsights_sitenote_active":false,"_monsterinsights_sitenote_note":"","_monsterinsights_sitenote_category":0,"footnotes":""},"categories":[4],"tags":[],"yoast_head":"<!-- This site is optimized with the Yoast SEO plugin v23.4 - https:\/\/yoast.com\/wordpress\/plugins\/seo\/ -->\n<title>Preview: Everton - Bournemouth - Official Czech &amp; Slovak Everton Supporters&#039; Club<\/title>\n<meta name=\"robots\" content=\"index, follow, max-snippet:-1, max-image-preview:large, max-video-preview:-1\" \/>\n<link rel=\"canonical\" href=\"https:\/\/evertonfc.cz\/index.php\/2024\/08\/31\/preview-everton-bournemouth-8\/\" \/>\n<meta property=\"og:locale\" content=\"cs_CZ\" \/>\n<meta property=\"og:type\" content=\"article\" \/>\n<meta property=\"og:title\" content=\"Preview: Everton - Bournemouth - Official Czech &amp; Slovak Everton Supporters&#039; Club\" \/>\n<meta property=\"og:description\" content=\"Dal\u0161\u00ed miln\u00edk nov\u00e9 sez\u00f3ny je za n\u00e1mi. Konec p\u0159estupn\u00edho obdob\u00ed znamen\u00e1 do ledna znamen\u00e1 konec spekulac\u00edm a jasn\u00fd p\u0159ehled, kdo m\u016f\u017ee Dycheovi pomoci na cest\u011b za 40 body. Bodlo by za\u010d\u00edt se sb\u00edr\u00e1n\u00edm u\u017e te\u010f.\" \/>\n<meta property=\"og:url\" content=\"https:\/\/evertonfc.cz\/index.php\/2024\/08\/31\/preview-everton-bournemouth-8\/\" \/>\n<meta property=\"og:site_name\" content=\"Official Czech &amp; Slovak Everton Supporters&#039; Club\" \/>\n<meta property=\"article:publisher\" content=\"https:\/\/www.facebook.com\/everton.fans.cz.sk\" \/>\n<meta property=\"article:published_time\" content=\"2024-08-31T09:51:12+00:00\" \/>\n<meta property=\"article:modified_time\" content=\"2024-09-01T20:56:05+00:00\" \/>\n<meta property=\"og:image\" content=\"https:\/\/evertonfc.cz\/wp-content\/uploads\/2023\/05\/Everton-VS-Bournemouth.jpg\" \/>\n\t<meta property=\"og:image:width\" content=\"720\" \/>\n\t<meta property=\"og:image:height\" content=\"405\" \/>\n\t<meta property=\"og:image:type\" content=\"image\/jpeg\" \/>\n<meta name=\"author\" content=\"Fip\" \/>\n<meta name=\"twitter:card\" content=\"summary_large_image\" \/>\n<meta name=\"twitter:label1\" content=\"Napsal(a)\" \/>\n\t<meta name=\"twitter:data1\" content=\"Fip\" \/>\n\t<meta name=\"twitter:label2\" content=\"Odhadovan\u00e1 doba \u010dten\u00ed\" \/>\n\t<meta name=\"twitter:data2\" content=\"5 minut\" \/>\n<script type=\"application\/ld+json\" class=\"yoast-schema-graph\">{\"@context\":\"https:\/\/schema.org\",\"@graph\":[{\"@type\":\"Article\",\"@id\":\"https:\/\/evertonfc.cz\/index.php\/2024\/08\/31\/preview-everton-bournemouth-8\/#article\",\"isPartOf\":{\"@id\":\"https:\/\/evertonfc.cz\/index.php\/2024\/08\/31\/preview-everton-bournemouth-8\/\"},\"author\":{\"name\":\"Fip\",\"@id\":\"https:\/\/evertonfc.cz\/#\/schema\/person\/35904009755e8eaa0dc1a5f5f0419002\"},\"headline\":\"Preview: Everton &#8211; Bournemouth\",\"datePublished\":\"2024-08-31T09:51:12+00:00\",\"dateModified\":\"2024-09-01T20:56:05+00:00\",\"mainEntityOfPage\":{\"@id\":\"https:\/\/evertonfc.cz\/index.php\/2024\/08\/31\/preview-everton-bournemouth-8\/\"},\"wordCount\":994,\"commentCount\":7,\"publisher\":{\"@id\":\"https:\/\/evertonfc.cz\/#organization\"},\"image\":{\"@id\":\"https:\/\/evertonfc.cz\/index.php\/2024\/08\/31\/preview-everton-bournemouth-8\/#primaryimage\"},\"thumbnailUrl\":\"https:\/\/evertonfc.cz\/wp-content\/uploads\/2023\/05\/Everton-VS-Bournemouth.jpg\",\"articleSection\":[\"Z\u00e1pasy\"],\"inLanguage\":\"cs\",\"potentialAction\":[{\"@type\":\"CommentAction\",\"name\":\"Comment\",\"target\":[\"https:\/\/evertonfc.cz\/index.php\/2024\/08\/31\/preview-everton-bournemouth-8\/#respond\"]}]},{\"@type\":\"WebPage\",\"@id\":\"https:\/\/evertonfc.cz\/index.php\/2024\/08\/31\/preview-everton-bournemouth-8\/\",\"url\":\"https:\/\/evertonfc.cz\/index.php\/2024\/08\/31\/preview-everton-bournemouth-8\/\",\"name\":\"Preview: Everton - Bournemouth - Official Czech &amp; Slovak Everton Supporters&#039; Club\",\"isPartOf\":{\"@id\":\"https:\/\/evertonfc.cz\/#website\"},\"primaryImageOfPage\":{\"@id\":\"https:\/\/evertonfc.cz\/index.php\/2024\/08\/31\/preview-everton-bournemouth-8\/#primaryimage\"},\"image\":{\"@id\":\"https:\/\/evertonfc.cz\/index.php\/2024\/08\/31\/preview-everton-bournemouth-8\/#primaryimage\"},\"thumbnailUrl\":\"https:\/\/evertonfc.cz\/wp-content\/uploads\/2023\/05\/Everton-VS-Bournemouth.jpg\",\"datePublished\":\"2024-08-31T09:51:12+00:00\",\"dateModified\":\"2024-09-01T20:56:05+00:00\",\"breadcrumb\":{\"@id\":\"https:\/\/evertonfc.cz\/index.php\/2024\/08\/31\/preview-everton-bournemouth-8\/#breadcrumb\"},\"inLanguage\":\"cs\",\"potentialAction\":[{\"@type\":\"ReadAction\",\"target\":[\"https:\/\/evertonfc.cz\/index.php\/2024\/08\/31\/preview-everton-bournemouth-8\/\"]}]},{\"@type\":\"ImageObject\",\"inLanguage\":\"cs\",\"@id\":\"https:\/\/evertonfc.cz\/index.php\/2024\/08\/31\/preview-everton-bournemouth-8\/#primaryimage\",\"url\":\"https:\/\/evertonfc.cz\/wp-content\/uploads\/2023\/05\/Everton-VS-Bournemouth.jpg\",\"contentUrl\":\"https:\/\/evertonfc.cz\/wp-content\/uploads\/2023\/05\/Everton-VS-Bournemouth.jpg\",\"width\":720,\"height\":405},{\"@type\":\"BreadcrumbList\",\"@id\":\"https:\/\/evertonfc.cz\/index.php\/2024\/08\/31\/preview-everton-bournemouth-8\/#breadcrumb\",\"itemListElement\":[{\"@type\":\"ListItem\",\"position\":1,\"name\":\"Home\",\"item\":\"https:\/\/evertonfc.cz\/\"},{\"@type\":\"ListItem\",\"position\":2,\"name\":\"Preview: Everton &#8211; Bournemouth\"}]},{\"@type\":\"WebSite\",\"@id\":\"https:\/\/evertonfc.cz\/#website\",\"url\":\"https:\/\/evertonfc.cz\/\",\"name\":\"Official Czech &amp; Slovak Everton Supporters&#039; Club\",\"description\":\"\",\"publisher\":{\"@id\":\"https:\/\/evertonfc.cz\/#organization\"},\"potentialAction\":[{\"@type\":\"SearchAction\",\"target\":{\"@type\":\"EntryPoint\",\"urlTemplate\":\"https:\/\/evertonfc.cz\/?s={search_term_string}\"},\"query-input\":{\"@type\":\"PropertyValueSpecification\",\"valueRequired\":true,\"valueName\":\"search_term_string\"}}],\"inLanguage\":\"cs\"},{\"@type\":\"Organization\",\"@id\":\"https:\/\/evertonfc.cz\/#organization\",\"name\":\"Official Czech & Slovak Everton Supporters' Club\",\"url\":\"https:\/\/evertonfc.cz\/\",\"logo\":{\"@type\":\"ImageObject\",\"inLanguage\":\"cs\",\"@id\":\"https:\/\/evertonfc.cz\/#\/schema\/logo\/image\/\",\"url\":\"https:\/\/evertonfc.cz\/wp-content\/uploads\/2019\/05\/logo.png\",\"contentUrl\":\"https:\/\/evertonfc.cz\/wp-content\/uploads\/2019\/05\/logo.png\",\"width\":112,\"height\":112,\"caption\":\"Official Czech & Slovak Everton Supporters' Club\"},\"image\":{\"@id\":\"https:\/\/evertonfc.cz\/#\/schema\/logo\/image\/\"},\"sameAs\":[\"https:\/\/www.facebook.com\/everton.fans.cz.sk\"]},{\"@type\":\"Person\",\"@id\":\"https:\/\/evertonfc.cz\/#\/schema\/person\/35904009755e8eaa0dc1a5f5f0419002\",\"name\":\"Fip\",\"url\":\"https:\/\/evertonfc.cz\/index.php\/author\/fip\/\"}]}<\/script>\n<!-- \/ Yoast SEO plugin. -->","yoast_head_json":{"title":"Preview: Everton - Bournemouth - Official Czech &amp; Slovak Everton Supporters&#039; Club","robots":{"index":"index","follow":"follow","max-snippet":"max-snippet:-1","max-image-preview":"max-image-preview:large","max-video-preview":"max-video-preview:-1"},"canonical":"https:\/\/evertonfc.cz\/index.php\/2024\/08\/31\/preview-everton-bournemouth-8\/","og_locale":"cs_CZ","og_type":"article","og_title":"Preview: Everton - Bournemouth - Official Czech &amp; Slovak Everton Supporters&#039; Club","og_description":"Dal\u0161\u00ed miln\u00edk nov\u00e9 sez\u00f3ny je za n\u00e1mi. Konec p\u0159estupn\u00edho obdob\u00ed znamen\u00e1 do ledna znamen\u00e1 konec spekulac\u00edm a jasn\u00fd p\u0159ehled, kdo m\u016f\u017ee Dycheovi pomoci na cest\u011b za 40 body. Bodlo by za\u010d\u00edt se sb\u00edr\u00e1n\u00edm u\u017e te\u010f.","og_url":"https:\/\/evertonfc.cz\/index.php\/2024\/08\/31\/preview-everton-bournemouth-8\/","og_site_name":"Official Czech &amp; Slovak Everton Supporters&#039; Club","article_publisher":"https:\/\/www.facebook.com\/everton.fans.cz.sk","article_published_time":"2024-08-31T09:51:12+00:00","article_modified_time":"2024-09-01T20:56:05+00:00","og_image":[{"width":720,"height":405,"url":"https:\/\/evertonfc.cz\/wp-content\/uploads\/2023\/05\/Everton-VS-Bournemouth.jpg","type":"image\/jpeg"}],"author":"Fip","twitter_card":"summary_large_image","twitter_misc":{"Napsal(a)":"Fip","Odhadovan\u00e1 doba \u010dten\u00ed":"5 minut"},"schema":{"@context":"https:\/\/schema.org","@graph":[{"@type":"Article","@id":"https:\/\/evertonfc.cz\/index.php\/2024\/08\/31\/preview-everton-bournemouth-8\/#article","isPartOf":{"@id":"https:\/\/evertonfc.cz\/index.php\/2024\/08\/31\/preview-everton-bournemouth-8\/"},"author":{"name":"Fip","@id":"https:\/\/evertonfc.cz\/#\/schema\/person\/35904009755e8eaa0dc1a5f5f0419002"},"headline":"Preview: Everton &#8211; Bournemouth","datePublished":"2024-08-31T09:51:12+00:00","dateModified":"2024-09-01T20:56:05+00:00","mainEntityOfPage":{"@id":"https:\/\/evertonfc.cz\/index.php\/2024\/08\/31\/preview-everton-bournemouth-8\/"},"wordCount":994,"commentCount":7,"publisher":{"@id":"https:\/\/evertonfc.cz\/#organization"},"image":{"@id":"https:\/\/evertonfc.cz\/index.php\/2024\/08\/31\/preview-everton-bournemouth-8\/#primaryimage"},"thumbnailUrl":"https:\/\/evertonfc.cz\/wp-content\/uploads\/2023\/05\/Everton-VS-Bournemouth.jpg","articleSection":["Z\u00e1pasy"],"inLanguage":"cs","potentialAction":[{"@type":"CommentAction","name":"Comment","target":["https:\/\/evertonfc.cz\/index.php\/2024\/08\/31\/preview-everton-bournemouth-8\/#respond"]}]},{"@type":"WebPage","@id":"https:\/\/evertonfc.cz\/index.php\/2024\/08\/31\/preview-everton-bournemouth-8\/","url":"https:\/\/evertonfc.cz\/index.php\/2024\/08\/31\/preview-everton-bournemouth-8\/","name":"Preview: Everton - Bournemouth - Official Czech &amp; Slovak Everton Supporters&#039; Club","isPartOf":{"@id":"https:\/\/evertonfc.cz\/#website"},"primaryImageOfPage":{"@id":"https:\/\/evertonfc.cz\/index.php\/2024\/08\/31\/preview-everton-bournemouth-8\/#primaryimage"},"image":{"@id":"https:\/\/evertonfc.cz\/index.php\/2024\/08\/31\/preview-everton-bournemouth-8\/#primaryimage"},"thumbnailUrl":"https:\/\/evertonfc.cz\/wp-content\/uploads\/2023\/05\/Everton-VS-Bournemouth.jpg","datePublished":"2024-08-31T09:51:12+00:00","dateModified":"2024-09-01T20:56:05+00:00","breadcrumb":{"@id":"https:\/\/evertonfc.cz\/index.php\/2024\/08\/31\/preview-everton-bournemouth-8\/#breadcrumb"},"inLanguage":"cs","potentialAction":[{"@type":"ReadAction","target":["https:\/\/evertonfc.cz\/index.php\/2024\/08\/31\/preview-everton-bournemouth-8\/"]}]},{"@type":"ImageObject","inLanguage":"cs","@id":"https:\/\/evertonfc.cz\/index.php\/2024\/08\/31\/preview-everton-bournemouth-8\/#primaryimage","url":"https:\/\/evertonfc.cz\/wp-content\/uploads\/2023\/05\/Everton-VS-Bournemouth.jpg","contentUrl":"https:\/\/evertonfc.cz\/wp-content\/uploads\/2023\/05\/Everton-VS-Bournemouth.jpg","width":720,"height":405},{"@type":"BreadcrumbList","@id":"https:\/\/evertonfc.cz\/index.php\/2024\/08\/31\/preview-everton-bournemouth-8\/#breadcrumb","itemListElement":[{"@type":"ListItem","position":1,"name":"Home","item":"https:\/\/evertonfc.cz\/"},{"@type":"ListItem","position":2,"name":"Preview: Everton &#8211; Bournemouth"}]},{"@type":"WebSite","@id":"https:\/\/evertonfc.cz\/#website","url":"https:\/\/evertonfc.cz\/","name":"Official Czech &amp; Slovak Everton Supporters&#039; Club","description":"","publisher":{"@id":"https:\/\/evertonfc.cz\/#organization"},"potentialAction":[{"@type":"SearchAction","target":{"@type":"EntryPoint","urlTemplate":"https:\/\/evertonfc.cz\/?s={search_term_string}"},"query-input":{"@type":"PropertyValueSpecification","valueRequired":true,"valueName":"search_term_string"}}],"inLanguage":"cs"},{"@type":"Organization","@id":"https:\/\/evertonfc.cz\/#organization","name":"Official Czech & Slovak Everton Supporters' Club","url":"https:\/\/evertonfc.cz\/","logo":{"@type":"ImageObject","inLanguage":"cs","@id":"https:\/\/evertonfc.cz\/#\/schema\/logo\/image\/","url":"https:\/\/evertonfc.cz\/wp-content\/uploads\/2019\/05\/logo.png","contentUrl":"https:\/\/evertonfc.cz\/wp-content\/uploads\/2019\/05\/logo.png","width":112,"height":112,"caption":"Official Czech & Slovak Everton Supporters' Club"},"image":{"@id":"https:\/\/evertonfc.cz\/#\/schema\/logo\/image\/"},"sameAs":["https:\/\/www.facebook.com\/everton.fans.cz.sk"]},{"@type":"Person","@id":"https:\/\/evertonfc.cz\/#\/schema\/person\/35904009755e8eaa0dc1a5f5f0419002","name":"Fip","url":"https:\/\/evertonfc.cz\/index.php\/author\/fip\/"}]}},"_links":{"self":[{"href":"https:\/\/evertonfc.cz\/index.php\/wp-json\/wp\/v2\/posts\/25149"}],"collection":[{"href":"https:\/\/evertonfc.cz\/index.php\/wp-json\/wp\/v2\/posts"}],"about":[{"href":"https:\/\/evertonfc.cz\/index.php\/wp-json\/wp\/v2\/types\/post"}],"author":[{"embeddable":true,"href":"https:\/\/evertonfc.cz\/index.php\/wp-json\/wp\/v2\/users\/10"}],"replies":[{"embeddable":true,"href":"https:\/\/evertonfc.cz\/index.php\/wp-json\/wp\/v2\/comments?post=25149"}],"version-history":[{"count":7,"href":"https:\/\/evertonfc.cz\/index.php\/wp-json\/wp\/v2\/posts\/25149\/revisions"}],"predecessor-version":[{"id":25175,"href":"https:\/\/evertonfc.cz\/index.php\/wp-json\/wp\/v2\/posts\/25149\/revisions\/25175"}],"wp:featuredmedia":[{"embeddable":true,"href":"https:\/\/evertonfc.cz\/index.php\/wp-json\/wp\/v2\/media\/21683"}],"wp:attachment":[{"href":"https:\/\/evertonfc.cz\/index.php\/wp-json\/wp\/v2\/media?parent=25149"}],"wp:term":[{"taxonomy":"category","embeddable":true,"href":"https:\/\/evertonfc.cz\/index.php\/wp-json\/wp\/v2\/categories?post=25149"},{"taxonomy":"post_tag","embeddable":true,"href":"https:\/\/evertonfc.cz\/index.php\/wp-json\/wp\/v2\/tags?post=25149"}],"curies":[{"name":"wp","href":"https:\/\/api.w.org\/{rel}","templated":true}]}}