{"id":25176,"date":"2024-09-02T00:11:53","date_gmt":"2024-09-01T22:11:53","guid":{"rendered":"https:\/\/evertonfc.cz\/?p=25176"},"modified":"2024-09-02T08:31:01","modified_gmt":"2024-09-02T06:31:01","slug":"everton-bournemouth-23","status":"publish","type":"post","link":"https:\/\/evertonfc.cz\/index.php\/2024\/09\/02\/everton-bournemouth-23\/","title":{"rendered":"Everton &#8211; Bournemouth 2:3"},"content":{"rendered":"<h4>Uk\u00e1zkov\u00fd kolaps v z\u00e1v\u011bru znamen\u00e1 t\u0159et\u00ed ligovou por\u00e1\u017eku v \u0159ad\u011b &#8211; a po\u0159\u00e1dn\u011b rozk\u00fdvanou \u017eidli pod Dychem.<\/h4>\n<p>V dom\u00e1c\u00ed z\u00e1kladn\u00ed sestav\u011b nastoupil poprv\u00e9 v lize od za\u010d\u00e1tku Ndiaye, debut v dresu host\u016f \u010dekal brank\u00e1\u0159e Arrizabalagu. Everton za\u010dal aktivn\u011bji, ale bez \u0161anc\u00ed. Po celostadionov\u00e9m p\u0159ipomenut\u00ed si Kevina Campbella hlavi\u010dkoval do postrann\u00ed s\u00edt\u011b Calvert-Lewin, pak st\u0159elu mimo p\u0159edvedli Gana s Harrisonem. Dom\u00e1c\u00ed m\u011bli tlak, p\u0159ehr\u00e1vali soupe\u0159e, ale do \u0161ance se nedost\u00e1vali. Hlavi\u010dku mimo p\u0159edvedl Keane, ale to se teprve zast\u0159eloval. \u0160ance v prvn\u00edm polo\u010dase byla jedin\u00e1, dostal se do n\u00ed pr\u00e1v\u011b Ndiaye po sklepnut\u00ed Tarkowsk\u00e9ho, ale ten brank\u00e1\u0159e neprost\u0159elil. Ne, \u017ee by se hr\u00e1lo pouze na jednu br\u00e1nu, ale do zaznamen\u00e1n\u00edhodn\u00e9 \u0161ance se host\u00e9 nedostali.<\/p>\n<p>Zato polo\u010das druh\u00fd za\u010dal brankou. McNeil\u016fv trest\u0148\u00e1k po faulu na Ndiayeho se dostal k Harrisonovi a jeho centr sklepl p\u0159ed Keanea Calvert-Lewin. Stoper chladnokrevn\u011b poslal puml\u00ed\u010d ke vzd\u00e1len\u011bj\u0161\u00ed ty\u010di a Everton do veden\u00ed &#8211; <strong>1:0!\u00a0<\/strong>&#8222;Co um\u00ed Mike, to um\u00edm i j\u00e1&#8220;, \u0159ekl si zjevn\u011b Coleman. Senesiho poslal na p\u00e1rek po p\u0159ihr\u00e1vce Harrisona vskutku uk\u00e1zkov\u011b, ale jak ze 7 metr\u016f zvl\u00e1dl nevs\u00edtit? Nen\u00ed se co divit, \u017ee po brank\u00e1\u0159ov\u011b vyra\u017een\u00ed na roh si drbal hlavu dlouho. Druh\u00e1 branka dom\u00e1c\u00edch ale na sebe nenechala dlouho \u010dekat.<\/p>\n<p>Ndiaye na\u0161el McNeila, ten poslal Calvertovi-Lewinovi p\u0159ihr\u00e1vku, kter\u00e1 opravdu m\u011bla o\u010di a hro\u0165\u00e1k dom\u00e1c\u00edch jen tak lehce dloubl m\u00ed\u010d nad vyb\u00edhaj\u00edc\u00edm Arrizabalagou &#8211; <strong>2:0!\u00a0<\/strong>V t\u00e9to \u010d\u00e1sti z\u00e1pasu vypadal Ndiaye jako nejlep\u0161\u00ed p\u0159estup ligy. Nen\u00ed se tak co divit, \u017ee Iraola zareagoval troj\u00edm st\u0159\u00edd\u00e1n\u00edm najednou. P\u0159i dal\u0161\u00ed \u0161anci poslal McNeil Calvertovi-Lewinovi p\u0159ihr\u00e1vku p\u0159\u00edli\u0161 prudkou, Ndiaye se ke st\u0159ele sice dvakr\u00e1t dostal, ale to bylo v\u0161e. Z dal\u0161\u00edch \u0161anc\u00ed zm\u00edn\u00edm jen Tarkowsk\u00e9ho hlavi\u010dku, kter\u00e1 l\u00edzla vn\u011bj\u0161\u00ed ty\u010d. Lze \u0159\u00edci, \u017ee do 80. minuty bylo na h\u0159i\u0161ti jedno mu\u017estvo.<\/p>\n<p>Potom p\u0159i\u0161la z\u00e1v\u011bre\u010dn\u00e1 \u0161estn\u00e1ctiminutovka, kter\u00e1 byla zhmotn\u011bn\u00edm \u010dern\u00fdch m\u016fr fand\u016f dom\u00e1c\u00edch. Tu za\u010dal Sinisterra st\u0159elou mimo, n\u00e1sledn\u011b Dyche nepochopiteln\u011b vyst\u0159\u00eddal nejlep\u0161\u00edho plejera Evertonu Ndiayeho Doucour\u00e9m. Schopnost modr\u00e9 des\u00edtky podr\u017eet m\u00ed\u010d citeln\u011b chyb\u011bla. A nav\u00edc host\u00e9 sn\u00ed\u017eili. Kluivert nacentroval nap\u0159\u00ed\u010d mal\u00fdm v\u00e1pnem a Semenyo udr\u017eel jednokrokov\u00fd n\u00e1skok p\u0159ed Mykolenkem na doklepnut\u00ed &#8211;\u00a0<strong>2:1!<\/strong><\/p>\n<p>To ji\u017e na h\u0159i\u0161ti nebyl Calvert-Lewin, kter\u00fd byl pl\u00e1novan\u011b vyst\u0159\u00edd\u00e1n Betem. Bournemouth za\u010dal utahovat \u0161rouby. Centr Sinisterry poslal hlavou do s\u00edt\u011b Cook, p\u0159i\u010dem\u017e nejsp\u00ed\u0161 jen samotn\u00fd Coleman v\u00ed, co se tam sna\u017eil ud\u011blat s odhlavi\u010dkov\u00e1n\u00edm m\u00ed\u010de &#8211; <strong>2:2!\u00a0<\/strong>Z dal\u0161\u00ed akce m\u011bli j\u00edt host\u00e9 do veden\u00ed, ale Pickford skv\u011ble zakro\u010dil proti hlavi\u010dce Taverniera a st\u0159ele Semenya. Nakonec ten posledn\u00ed g\u00f3l dali a na ji\u017en\u00ed pob\u0159e\u017e\u00ed Anglie si odv\u00e1\u017eej\u00ed v\u0161echny t\u0159i body.<\/p>\n<p>Keane si nev\u0161iml, \u017ee za n\u00edm nab\u00edh\u00e1 Sinisterra, Kluivert mu poslal nad\u00fdchan\u00fd boch\u00e1nek a kolumbijsk\u00fd \u00fato\u010dn\u00edk v pohod\u011b ze t\u0159\u00ed metr\u016f poslal hosty hlavou do veden\u00ed &#8211; <strong>2:3!<\/strong> Pickford vid\u011bl, \u017ee je u m\u00ed\u010de pozd\u011b, sna\u017eil se ud\u011blat co nejv\u011bt\u0161\u00ed, ale v\u0161echno m\u00e1lo platno. Rozhod\u010d\u00ed hned v dal\u0161\u00ed minut\u011b ukon\u010dil z\u00e1pas.<\/p>\n<p>Opravdu se moc nevid\u00ed, aby t\u00fdm vedl v 86. minut\u011b 2:0 a prohr\u00e1l. Dyche nerad st\u0159\u00edd\u00e1, hned po sund\u00e1n\u00ed Ndiayeho bylo vid\u011bt, jak hr\u00e1\u010di po sob\u011b jen koukaj\u00ed, nikdo nebyl schopen m\u00ed\u010d vybojovat \u010di aspo\u0148 kouskovat hru. Nen\u00ed se co divit, \u017ee p\u00edskot odch\u00e1zej\u00edc\u00edch div\u00e1k\u016f m\u00ed\u0159il i na mana\u017eera. Bude hr\u00e1t p\u0159\u00ed\u0161t\u00ed t\u00fdden ve Villa Parku o m\u00edsto?<\/p>\n<p style=\"text-align: right;\"><span style=\"font-size: 8pt;\">(fotozdroj: Sky Sports)<\/span><\/p>\n<p><strong>Branky:<\/strong>\u00a0<span data-source=\"lightstreamer\" data-grid=\"main\" data-item=\"item_906070\" data-field=\"scorers\">51. Keane, 57. Calvert-Lewin \u2013 87. Semenyo, 90+2. Cook, 90+6. Sinisterra\u00a0<\/span><\/p>\n<p class=\"cards_item_906070\"><strong>Karty:<\/strong>\u00a0<span data-source=\"lightstreamer\" data-grid=\"main\" data-item=\"item_906070\" data-field=\"cards\">76. Keane \u2013 76. Semenyo\u00a0<\/span><\/p>\n<p><strong>Everton FC:<\/strong>\u00a0<span data-source=\"lightstreamer\" data-grid=\"main\" data-item=\"item_906070\" data-field=\"report1\">Pickford \u2013 Coleman, Tarkowski, Keane, Mykolenko \u2013 Iroegbunam, Gueye \u2013 Harrison, Ndiaye (83. A. Doucour\u00e9), McNeil \u2013 Calvert-Lewin (88. Beto)<\/span><\/p>\n<p><strong>AFC Bournemouth:<\/strong>\u00a0<span data-source=\"lightstreamer\" data-grid=\"main\" data-item=\"item_906070\" data-field=\"report2\">Arrizabalaga \u2013 Araujo (77. Smith), Zabarnyj, Senesi (77. Huijsen), Kerkez (65. Ouattara) \u2013 Cook, Christie (65. Scott) \u2013 Semenyo, Kluivert, Tavernier \u2013 Evanilson (65. Sinisterra)<\/span><\/p>\n<p><strong>Rozhod\u010d\u00ed:\u00a0<\/strong>Stuart Attwell\u00a0 <strong>Div\u00e1ci: <\/strong>38 805\u00a0 <strong>Hr\u00e1\u010d z\u00e1pasu redakce:\u00a0<\/strong>Iliman Ndiaye<\/p>\n","protected":false},"excerpt":{"rendered":"<p>Uk\u00e1zkov\u00fd kolaps v z\u00e1v\u011bru znamen\u00e1 t\u0159et\u00ed ligovou por\u00e1\u017eku v \u0159ad\u011b &#8211; a po\u0159\u00e1dn\u011b rozk\u00fdvanou \u017eidli pod Dychem.<\/p>\n","protected":false},"author":12,"featured_media":25180,"comment_status":"open","ping_status":"closed","sticky":false,"template":"","format":"standard","meta":{"_eb_attr":"","_monsterinsights_skip_tracking":false,"_monsterinsights_sitenote_active":false,"_monsterinsights_sitenote_note":"","_monsterinsights_sitenote_category":0,"footnotes":""},"categories":[4],"tags":[],"yoast_head":"<!-- This site is optimized with the Yoast SEO plugin v23.4 - https:\/\/yoast.com\/wordpress\/plugins\/seo\/ -->\n<title>Everton - Bournemouth 2:3 - Official Czech &amp; Slovak Everton Supporters&#039; Club<\/title>\n<meta name=\"description\" content=\"Uk\u00e1zkov\u00fd kolaps v z\u00e1v\u011bru znamen\u00e1 t\u0159et\u00ed ligovou por\u00e1\u017eku v \u0159ad\u011b - a po\u0159\u00e1dn\u011b rozk\u00fdvanou \u017eidli pod Dychem.\" \/>\n<meta name=\"robots\" content=\"index, follow, max-snippet:-1, max-image-preview:large, max-video-preview:-1\" \/>\n<link rel=\"canonical\" href=\"https:\/\/evertonfc.cz\/index.php\/2024\/09\/02\/everton-bournemouth-23\/\" \/>\n<meta property=\"og:locale\" content=\"cs_CZ\" \/>\n<meta property=\"og:type\" content=\"article\" \/>\n<meta property=\"og:title\" content=\"Everton - Bournemouth 2:3 - Official Czech &amp; Slovak Everton Supporters&#039; Club\" \/>\n<meta property=\"og:description\" content=\"Uk\u00e1zkov\u00fd kolaps v z\u00e1v\u011bru znamen\u00e1 t\u0159et\u00ed ligovou por\u00e1\u017eku v \u0159ad\u011b - a po\u0159\u00e1dn\u011b rozk\u00fdvanou \u017eidli pod Dychem.\" \/>\n<meta property=\"og:url\" content=\"https:\/\/evertonfc.cz\/index.php\/2024\/09\/02\/everton-bournemouth-23\/\" \/>\n<meta property=\"og:site_name\" content=\"Official Czech &amp; Slovak Everton Supporters&#039; Club\" \/>\n<meta property=\"article:publisher\" content=\"https:\/\/www.facebook.com\/everton.fans.cz.sk\" \/>\n<meta property=\"article:published_time\" content=\"2024-09-01T22:11:53+00:00\" \/>\n<meta property=\"article:modified_time\" content=\"2024-09-02T06:31:01+00:00\" \/>\n<meta property=\"og:image\" content=\"https:\/\/evertonfc.cz\/wp-content\/uploads\/2024\/09\/Everton-2-3-Bournemouth-by-Sky-Sports-2-9-2024.jpg\" \/>\n\t<meta property=\"og:image:width\" content=\"720\" \/>\n\t<meta property=\"og:image:height\" content=\"405\" \/>\n\t<meta property=\"og:image:type\" content=\"image\/jpeg\" \/>\n<meta name=\"author\" content=\"Javor\" \/>\n<meta name=\"twitter:card\" content=\"summary_large_image\" \/>\n<meta name=\"twitter:creator\" content=\"@LoudinJan\" \/>\n<meta name=\"twitter:label1\" content=\"Napsal(a)\" \/>\n\t<meta name=\"twitter:data1\" content=\"Javor\" \/>\n\t<meta name=\"twitter:label2\" content=\"Odhadovan\u00e1 doba \u010dten\u00ed\" \/>\n\t<meta name=\"twitter:data2\" content=\"4 minuty\" \/>\n<script type=\"application\/ld+json\" class=\"yoast-schema-graph\">{\"@context\":\"https:\/\/schema.org\",\"@graph\":[{\"@type\":\"Article\",\"@id\":\"https:\/\/evertonfc.cz\/index.php\/2024\/09\/02\/everton-bournemouth-23\/#article\",\"isPartOf\":{\"@id\":\"https:\/\/evertonfc.cz\/index.php\/2024\/09\/02\/everton-bournemouth-23\/\"},\"author\":{\"name\":\"Javor\",\"@id\":\"https:\/\/evertonfc.cz\/#\/schema\/person\/b30daf6a5852f4811f8207a17ec1bf78\"},\"headline\":\"Everton &#8211; Bournemouth 2:3\",\"datePublished\":\"2024-09-01T22:11:53+00:00\",\"dateModified\":\"2024-09-02T06:31:01+00:00\",\"mainEntityOfPage\":{\"@id\":\"https:\/\/evertonfc.cz\/index.php\/2024\/09\/02\/everton-bournemouth-23\/\"},\"wordCount\":748,\"commentCount\":12,\"publisher\":{\"@id\":\"https:\/\/evertonfc.cz\/#organization\"},\"image\":{\"@id\":\"https:\/\/evertonfc.cz\/index.php\/2024\/09\/02\/everton-bournemouth-23\/#primaryimage\"},\"thumbnailUrl\":\"https:\/\/evertonfc.cz\/wp-content\/uploads\/2024\/09\/Everton-2-3-Bournemouth-by-Sky-Sports-2-9-2024.jpg\",\"articleSection\":[\"Z\u00e1pasy\"],\"inLanguage\":\"cs\",\"potentialAction\":[{\"@type\":\"CommentAction\",\"name\":\"Comment\",\"target\":[\"https:\/\/evertonfc.cz\/index.php\/2024\/09\/02\/everton-bournemouth-23\/#respond\"]}]},{\"@type\":\"WebPage\",\"@id\":\"https:\/\/evertonfc.cz\/index.php\/2024\/09\/02\/everton-bournemouth-23\/\",\"url\":\"https:\/\/evertonfc.cz\/index.php\/2024\/09\/02\/everton-bournemouth-23\/\",\"name\":\"Everton - Bournemouth 2:3 - Official Czech &amp; Slovak Everton Supporters&#039; Club\",\"isPartOf\":{\"@id\":\"https:\/\/evertonfc.cz\/#website\"},\"primaryImageOfPage\":{\"@id\":\"https:\/\/evertonfc.cz\/index.php\/2024\/09\/02\/everton-bournemouth-23\/#primaryimage\"},\"image\":{\"@id\":\"https:\/\/evertonfc.cz\/index.php\/2024\/09\/02\/everton-bournemouth-23\/#primaryimage\"},\"thumbnailUrl\":\"https:\/\/evertonfc.cz\/wp-content\/uploads\/2024\/09\/Everton-2-3-Bournemouth-by-Sky-Sports-2-9-2024.jpg\",\"datePublished\":\"2024-09-01T22:11:53+00:00\",\"dateModified\":\"2024-09-02T06:31:01+00:00\",\"description\":\"Uk\u00e1zkov\u00fd kolaps v z\u00e1v\u011bru znamen\u00e1 t\u0159et\u00ed ligovou por\u00e1\u017eku v \u0159ad\u011b - a po\u0159\u00e1dn\u011b rozk\u00fdvanou \u017eidli pod Dychem.\",\"breadcrumb\":{\"@id\":\"https:\/\/evertonfc.cz\/index.php\/2024\/09\/02\/everton-bournemouth-23\/#breadcrumb\"},\"inLanguage\":\"cs\",\"potentialAction\":[{\"@type\":\"ReadAction\",\"target\":[\"https:\/\/evertonfc.cz\/index.php\/2024\/09\/02\/everton-bournemouth-23\/\"]}]},{\"@type\":\"ImageObject\",\"inLanguage\":\"cs\",\"@id\":\"https:\/\/evertonfc.cz\/index.php\/2024\/09\/02\/everton-bournemouth-23\/#primaryimage\",\"url\":\"https:\/\/evertonfc.cz\/wp-content\/uploads\/2024\/09\/Everton-2-3-Bournemouth-by-Sky-Sports-2-9-2024.jpg\",\"contentUrl\":\"https:\/\/evertonfc.cz\/wp-content\/uploads\/2024\/09\/Everton-2-3-Bournemouth-by-Sky-Sports-2-9-2024.jpg\",\"width\":720,\"height\":405},{\"@type\":\"BreadcrumbList\",\"@id\":\"https:\/\/evertonfc.cz\/index.php\/2024\/09\/02\/everton-bournemouth-23\/#breadcrumb\",\"itemListElement\":[{\"@type\":\"ListItem\",\"position\":1,\"name\":\"Home\",\"item\":\"https:\/\/evertonfc.cz\/\"},{\"@type\":\"ListItem\",\"position\":2,\"name\":\"Everton &#8211; Bournemouth 2:3\"}]},{\"@type\":\"WebSite\",\"@id\":\"https:\/\/evertonfc.cz\/#website\",\"url\":\"https:\/\/evertonfc.cz\/\",\"name\":\"Official Czech &amp; Slovak Everton Supporters&#039; Club\",\"description\":\"\",\"publisher\":{\"@id\":\"https:\/\/evertonfc.cz\/#organization\"},\"potentialAction\":[{\"@type\":\"SearchAction\",\"target\":{\"@type\":\"EntryPoint\",\"urlTemplate\":\"https:\/\/evertonfc.cz\/?s={search_term_string}\"},\"query-input\":{\"@type\":\"PropertyValueSpecification\",\"valueRequired\":true,\"valueName\":\"search_term_string\"}}],\"inLanguage\":\"cs\"},{\"@type\":\"Organization\",\"@id\":\"https:\/\/evertonfc.cz\/#organization\",\"name\":\"Official Czech & Slovak Everton Supporters' Club\",\"url\":\"https:\/\/evertonfc.cz\/\",\"logo\":{\"@type\":\"ImageObject\",\"inLanguage\":\"cs\",\"@id\":\"https:\/\/evertonfc.cz\/#\/schema\/logo\/image\/\",\"url\":\"https:\/\/evertonfc.cz\/wp-content\/uploads\/2019\/05\/logo.png\",\"contentUrl\":\"https:\/\/evertonfc.cz\/wp-content\/uploads\/2019\/05\/logo.png\",\"width\":112,\"height\":112,\"caption\":\"Official Czech & Slovak Everton Supporters' Club\"},\"image\":{\"@id\":\"https:\/\/evertonfc.cz\/#\/schema\/logo\/image\/\"},\"sameAs\":[\"https:\/\/www.facebook.com\/everton.fans.cz.sk\"]},{\"@type\":\"Person\",\"@id\":\"https:\/\/evertonfc.cz\/#\/schema\/person\/b30daf6a5852f4811f8207a17ec1bf78\",\"name\":\"Javor\",\"sameAs\":[\"https:\/\/x.com\/LoudinJan\"],\"url\":\"https:\/\/evertonfc.cz\/index.php\/author\/javor\/\"}]}<\/script>\n<!-- \/ Yoast SEO plugin. -->","yoast_head_json":{"title":"Everton - Bournemouth 2:3 - Official Czech &amp; Slovak Everton Supporters&#039; Club","description":"Uk\u00e1zkov\u00fd kolaps v z\u00e1v\u011bru znamen\u00e1 t\u0159et\u00ed ligovou por\u00e1\u017eku v \u0159ad\u011b - a po\u0159\u00e1dn\u011b rozk\u00fdvanou \u017eidli pod Dychem.","robots":{"index":"index","follow":"follow","max-snippet":"max-snippet:-1","max-image-preview":"max-image-preview:large","max-video-preview":"max-video-preview:-1"},"canonical":"https:\/\/evertonfc.cz\/index.php\/2024\/09\/02\/everton-bournemouth-23\/","og_locale":"cs_CZ","og_type":"article","og_title":"Everton - Bournemouth 2:3 - Official Czech &amp; Slovak Everton Supporters&#039; Club","og_description":"Uk\u00e1zkov\u00fd kolaps v z\u00e1v\u011bru znamen\u00e1 t\u0159et\u00ed ligovou por\u00e1\u017eku v \u0159ad\u011b - a po\u0159\u00e1dn\u011b rozk\u00fdvanou \u017eidli pod Dychem.","og_url":"https:\/\/evertonfc.cz\/index.php\/2024\/09\/02\/everton-bournemouth-23\/","og_site_name":"Official Czech &amp; Slovak Everton Supporters&#039; Club","article_publisher":"https:\/\/www.facebook.com\/everton.fans.cz.sk","article_published_time":"2024-09-01T22:11:53+00:00","article_modified_time":"2024-09-02T06:31:01+00:00","og_image":[{"width":720,"height":405,"url":"https:\/\/evertonfc.cz\/wp-content\/uploads\/2024\/09\/Everton-2-3-Bournemouth-by-Sky-Sports-2-9-2024.jpg","type":"image\/jpeg"}],"author":"Javor","twitter_card":"summary_large_image","twitter_creator":"@LoudinJan","twitter_misc":{"Napsal(a)":"Javor","Odhadovan\u00e1 doba \u010dten\u00ed":"4 minuty"},"schema":{"@context":"https:\/\/schema.org","@graph":[{"@type":"Article","@id":"https:\/\/evertonfc.cz\/index.php\/2024\/09\/02\/everton-bournemouth-23\/#article","isPartOf":{"@id":"https:\/\/evertonfc.cz\/index.php\/2024\/09\/02\/everton-bournemouth-23\/"},"author":{"name":"Javor","@id":"https:\/\/evertonfc.cz\/#\/schema\/person\/b30daf6a5852f4811f8207a17ec1bf78"},"headline":"Everton &#8211; Bournemouth 2:3","datePublished":"2024-09-01T22:11:53+00:00","dateModified":"2024-09-02T06:31:01+00:00","mainEntityOfPage":{"@id":"https:\/\/evertonfc.cz\/index.php\/2024\/09\/02\/everton-bournemouth-23\/"},"wordCount":748,"commentCount":12,"publisher":{"@id":"https:\/\/evertonfc.cz\/#organization"},"image":{"@id":"https:\/\/evertonfc.cz\/index.php\/2024\/09\/02\/everton-bournemouth-23\/#primaryimage"},"thumbnailUrl":"https:\/\/evertonfc.cz\/wp-content\/uploads\/2024\/09\/Everton-2-3-Bournemouth-by-Sky-Sports-2-9-2024.jpg","articleSection":["Z\u00e1pasy"],"inLanguage":"cs","potentialAction":[{"@type":"CommentAction","name":"Comment","target":["https:\/\/evertonfc.cz\/index.php\/2024\/09\/02\/everton-bournemouth-23\/#respond"]}]},{"@type":"WebPage","@id":"https:\/\/evertonfc.cz\/index.php\/2024\/09\/02\/everton-bournemouth-23\/","url":"https:\/\/evertonfc.cz\/index.php\/2024\/09\/02\/everton-bournemouth-23\/","name":"Everton - Bournemouth 2:3 - Official Czech &amp; Slovak Everton Supporters&#039; Club","isPartOf":{"@id":"https:\/\/evertonfc.cz\/#website"},"primaryImageOfPage":{"@id":"https:\/\/evertonfc.cz\/index.php\/2024\/09\/02\/everton-bournemouth-23\/#primaryimage"},"image":{"@id":"https:\/\/evertonfc.cz\/index.php\/2024\/09\/02\/everton-bournemouth-23\/#primaryimage"},"thumbnailUrl":"https:\/\/evertonfc.cz\/wp-content\/uploads\/2024\/09\/Everton-2-3-Bournemouth-by-Sky-Sports-2-9-2024.jpg","datePublished":"2024-09-01T22:11:53+00:00","dateModified":"2024-09-02T06:31:01+00:00","description":"Uk\u00e1zkov\u00fd kolaps v z\u00e1v\u011bru znamen\u00e1 t\u0159et\u00ed ligovou por\u00e1\u017eku v \u0159ad\u011b - a po\u0159\u00e1dn\u011b rozk\u00fdvanou \u017eidli pod Dychem.","breadcrumb":{"@id":"https:\/\/evertonfc.cz\/index.php\/2024\/09\/02\/everton-bournemouth-23\/#breadcrumb"},"inLanguage":"cs","potentialAction":[{"@type":"ReadAction","target":["https:\/\/evertonfc.cz\/index.php\/2024\/09\/02\/everton-bournemouth-23\/"]}]},{"@type":"ImageObject","inLanguage":"cs","@id":"https:\/\/evertonfc.cz\/index.php\/2024\/09\/02\/everton-bournemouth-23\/#primaryimage","url":"https:\/\/evertonfc.cz\/wp-content\/uploads\/2024\/09\/Everton-2-3-Bournemouth-by-Sky-Sports-2-9-2024.jpg","contentUrl":"https:\/\/evertonfc.cz\/wp-content\/uploads\/2024\/09\/Everton-2-3-Bournemouth-by-Sky-Sports-2-9-2024.jpg","width":720,"height":405},{"@type":"BreadcrumbList","@id":"https:\/\/evertonfc.cz\/index.php\/2024\/09\/02\/everton-bournemouth-23\/#breadcrumb","itemListElement":[{"@type":"ListItem","position":1,"name":"Home","item":"https:\/\/evertonfc.cz\/"},{"@type":"ListItem","position":2,"name":"Everton &#8211; Bournemouth 2:3"}]},{"@type":"WebSite","@id":"https:\/\/evertonfc.cz\/#website","url":"https:\/\/evertonfc.cz\/","name":"Official Czech &amp; Slovak Everton Supporters&#039; Club","description":"","publisher":{"@id":"https:\/\/evertonfc.cz\/#organization"},"potentialAction":[{"@type":"SearchAction","target":{"@type":"EntryPoint","urlTemplate":"https:\/\/evertonfc.cz\/?s={search_term_string}"},"query-input":{"@type":"PropertyValueSpecification","valueRequired":true,"valueName":"search_term_string"}}],"inLanguage":"cs"},{"@type":"Organization","@id":"https:\/\/evertonfc.cz\/#organization","name":"Official Czech & Slovak Everton Supporters' Club","url":"https:\/\/evertonfc.cz\/","logo":{"@type":"ImageObject","inLanguage":"cs","@id":"https:\/\/evertonfc.cz\/#\/schema\/logo\/image\/","url":"https:\/\/evertonfc.cz\/wp-content\/uploads\/2019\/05\/logo.png","contentUrl":"https:\/\/evertonfc.cz\/wp-content\/uploads\/2019\/05\/logo.png","width":112,"height":112,"caption":"Official Czech & Slovak Everton Supporters' Club"},"image":{"@id":"https:\/\/evertonfc.cz\/#\/schema\/logo\/image\/"},"sameAs":["https:\/\/www.facebook.com\/everton.fans.cz.sk"]},{"@type":"Person","@id":"https:\/\/evertonfc.cz\/#\/schema\/person\/b30daf6a5852f4811f8207a17ec1bf78","name":"Javor","sameAs":["https:\/\/x.com\/LoudinJan"],"url":"https:\/\/evertonfc.cz\/index.php\/author\/javor\/"}]}},"_links":{"self":[{"href":"https:\/\/evertonfc.cz\/index.php\/wp-json\/wp\/v2\/posts\/25176"}],"collection":[{"href":"https:\/\/evertonfc.cz\/index.php\/wp-json\/wp\/v2\/posts"}],"about":[{"href":"https:\/\/evertonfc.cz\/index.php\/wp-json\/wp\/v2\/types\/post"}],"author":[{"embeddable":true,"href":"https:\/\/evertonfc.cz\/index.php\/wp-json\/wp\/v2\/users\/12"}],"replies":[{"embeddable":true,"href":"https:\/\/evertonfc.cz\/index.php\/wp-json\/wp\/v2\/comments?post=25176"}],"version-history":[{"count":4,"href":"https:\/\/evertonfc.cz\/index.php\/wp-json\/wp\/v2\/posts\/25176\/revisions"}],"predecessor-version":[{"id":25182,"href":"https:\/\/evertonfc.cz\/index.php\/wp-json\/wp\/v2\/posts\/25176\/revisions\/25182"}],"wp:featuredmedia":[{"embeddable":true,"href":"https:\/\/evertonfc.cz\/index.php\/wp-json\/wp\/v2\/media\/25180"}],"wp:attachment":[{"href":"https:\/\/evertonfc.cz\/index.php\/wp-json\/wp\/v2\/media?parent=25176"}],"wp:term":[{"taxonomy":"category","embeddable":true,"href":"https:\/\/evertonfc.cz\/index.php\/wp-json\/wp\/v2\/categories?post=25176"},{"taxonomy":"post_tag","embeddable":true,"href":"https:\/\/evertonfc.cz\/index.php\/wp-json\/wp\/v2\/tags?post=25176"}],"curies":[{"name":"wp","href":"https:\/\/api.w.org\/{rel}","templated":true}]}}