{"id":25233,"date":"2024-09-14T14:15:08","date_gmt":"2024-09-14T12:15:08","guid":{"rendered":"https:\/\/evertonfc.cz\/?p=25233"},"modified":"2025-09-12T19:59:17","modified_gmt":"2025-09-12T17:59:17","slug":"preview-aston-villa-everton-12","status":"publish","type":"post","link":"https:\/\/evertonfc.cz\/index.php\/2024\/09\/14\/preview-aston-villa-everton-12\/","title":{"rendered":"Preview: Aston Villa \u2013 Everton"},"content":{"rendered":"<h4>Zat\u00edmco tuzemsk\u00e9 sout\u011b\u017ee se nerozjedou pro vzpouru nebes, pauza pro Everton skon\u010dila a hon za body m\u016f\u017ee pokra\u010dovat. Ulovit ten prvn\u00ed ve Villa Parku by bylo jako chytit zlatou rybku.<\/h4>\n<p>Seanu Dycheovi by to p\u0159ineslo p\u00e1r t\u00fddn\u016f \u010dasu nav\u00edc, hr\u00e1\u010d\u016fm by k\u00e1plo trochu sebed\u016fv\u011bry a Evertonians by posko\u010dila nad\u011bje z \u010derven\u00fdch hodnot m\u00edrn\u011b do klidu.<\/p>\n<p>Jen\u017ee Everton naposledy vyhr\u00e1l v Birminghamu v lize v roce 2016 a od t\u00e9 doby z p\u011bti duel\u016f tady vyt\u011b\u017eil jeden bod, p\u0159i\u010dem\u017e p\u00e1rkr\u00e1t schytal v\u00fdprask, co\u017e jsme mohli dokonce pro\u017e\u00edt spole\u010dn\u011b p\u0159i n\u00e1v\u0161t\u011bv\u011b pra\u017esk\u00e9ho baru Dutch pubu.<\/p>\n<h4>Limbo repre pauzy<\/h4>\n<p>V\u011bt\u0161ina z n\u00e1s asi vyu\u017eila volno od utrpen\u00ed \u00favodn\u00edch 3 kol k odpo\u010dinku a k ignorov\u00e1n\u00ed trampot \u010desk\u00e9ho n\u00e1rodn\u00edho v\u00fdb\u011bru. Everton u\u017e d\u00e1vno nep\u0159ekypuje reprezentanty, tak\u017ee p\u0159ehled bude stru\u010dn\u00fd. Pickford si i pod veden\u00edm b\u00fdval\u00e9ho maestra z\u00e1lohy Evertonu Carsleyho udr\u017eel post jedni\u010dky.<\/p>\n<p>Krom\u011b n\u011bj si plnou d\u00e1vku vyslou\u017eil Mykolenko, kter\u00fd ale p\u0159i dvou vystoupen\u00edch v Praze moc neoslnil. Gueye sice dvakr\u00e1t nastoupil v\u00a0z\u00e1kladu, ale cel\u00fd z\u00e1pas nedohr\u00e1l, n\u00e1sleduje irsk\u00e9 duo Coleman-O\u2019Brien (druh\u00fd vyst\u0159\u00eddal ran\u011bn\u00e9ho prvn\u00edho), kte\u0159\u00ed nedok\u00e1zali pokazit Carsleyho premi\u00e9ru. P\u016flhodinu si pak zahr\u00e1li Ndiaye (Senegal) a nov\u00e1\u010dek Mangala (Belgie), Lindstr\u00f8m (D\u00e1nsko) si nezahr\u00e1l.<\/p>\n<p>Zran\u011bn\u00ed l\u00fdtka pro kapit\u00e1na neznamen\u00e1 del\u0161\u00ed marod\u011bn\u00ed, ale z\u00e1pas pravd\u011bpodobn\u011b nestihne. Do dresu se nenavle\u010de ani Branthwaite, Chermiti a Broja, znovu vynech\u00e1 samoz\u0159ejm\u011b Patterson. M\u016f\u017eeme se tak t\u011b\u0161it na n\u00e1vrat Ashleyho Younga. Mangala si vzal \u010d\u00edslo po par\u0165\u00e1kovi ze z\u00e1lohy rud\u00fdch \u010e\u00e1bl\u016f z Belgie Onanovi, tak\u017ee by se mohla r\u00fdsovat zaj\u00edmav\u00e1 bitva.<\/p>\n<h4>Good Villa Hunting<\/h4>\n<p>Unai Emery v Arsenalu ud\u011blal asi nejv\u011bt\u0161\u00ed stopu origin\u00e1ln\u00ed v\u00fdslovnost\u00ed pozdravu, ale p\u0159i druh\u00e9m vylod\u011bn\u00ed na anglick\u00e9 p\u016fd\u011b u\u017e si zjednal \u0159\u00e1dn\u00fd respekt. Jasn\u011b, posiloval jako kdyby Villa prodal Grealishe alespo\u0148 t\u0159i, ale to United a Chelsea rovn\u011b\u017e\u00a0 &#8211; a jak \u0161li ke dnu. Lo\u0148sk\u00fd \u00fasp\u011bch je obrovsk\u00fd, Liga mistr\u016f ale nemus\u00ed p\u0159in\u00e9st automatick\u00fd \u00fasp\u011bch.<\/p>\n<p>Hned deset hr\u00e1\u010d\u016f bylo ve sv\u00fdch n\u00e1ro\u010f\u00e1c\u00edch v\u00a0z\u00e1kladn\u00ed sestav\u011b (Mart\u00ednez, Konsa, Digne, Maatsen, Nedeljkovi\u010d, McGinn, Onana, Tielemans, Duran, Rogers). \u00danava? K\u00e1dr je dost \u0161irok\u00fd, ale i tak jsou nep\u0159\u00edjemn\u00e9 dal\u0161\u00ed absence Leona Baileyho, Mattyho Cashe, Diega Carlose, Boubacara Kamary a Tyronea Mingse. Pro\u010d Carsley nevzal Watkinse, aby ho potr\u00e1pil za Albion, mi uniklo.<\/p>\n<p>P\u0159esto\u017ee je Villa \u00fasp\u011b\u0161n\u00e1, v jej\u00edm k\u00e1dru lze naj\u00edt n\u011bkolik na\u0161ich ex-obl\u00edbenc\u016f. Vedle ji\u017e zm\u00edn\u011bn\u00e9ho Onany a b\u00fdval\u00e9 dvojky Olsena je to duo odpadl\u00edk\u016f. Digne u\u017e lahv\u00ed dostal, Barkley se ke kraji h\u0159i\u0161t\u011b ve vz\u00e1jemn\u00fdch duelech rad\u011bji nep\u0159ibli\u017eoval, ale i tak se bude pravd\u011bpodobn\u011b moci ukr\u00fdt na lavi\u010dce, alespo\u0148 pro za\u010d\u00e1tek. Dobbin se ve \u201eDruh\u00e9m m\u011bst\u011b\u201c moc neoh\u0159\u00e1l a byl uvoln\u011bn do sousedn\u00edho West Bromwiche.<\/p>\n<h4>Bilance &amp; zaj\u00edmavosti<\/h4>\n<p>Villans po n\u00e1vratu z ba\u017ein Champu s Toffees neprohr\u00e1li. Z deseti ligov\u00fdch z\u00e1pas\u016f vyhr\u00e1li 7 a jen 3 kr\u00e1t nechali Everton \u010duchnout k bodu. P\u0159\u00edsn\u011b vzato, Everton pak vst\u0159elil v on\u011bch 10 pokusech jen 2 g\u00f3ly, doma se trefili DCL a Walcott, jedin\u00fd z\u00e1sah ve Villa Parku byl Digneho \u2013 vlastn\u00ed. Posledn\u00ed st\u0159elec je tak z roku 2016 s\u00e1m Romelu Lukaku.<\/p>\n<p>Jde st\u00e1le o nejhran\u011bj\u0161\u00ed prvoligov\u00fd duel, o ko\u0148skou d\u00e9lku p\u0159ed Arsenal \u2013 United (210). V\u00fdhra ve 213. z\u00e1pase by n\u00e1m pomohla vylep\u0161it balanc, kter\u00fd se v posledn\u00edch letech vych\u00fdlil na stranu soupe\u0159e: 76-56-80.<\/p>\n<p>N\u011bkdy vloni Villa skon\u010dila \u0161\u0148\u016fra 15 v\u00fdher doma v \u0159ad\u011b za sebou, n\u00e1sledovan\u00e1 12 z\u00e1pasy, kde vyhr\u00e1li jen 4. Taky dostali v\u00edce ne\u017e jeden g\u00f3l v 9 z 11 t\u011bchto z\u00e1pas\u016f. Zd\u00e1 se, \u017ee od n\u00e1s za\u010dali opisovat, nebo co.<\/p>\n<p>Everton se naopak p\u0159i\u0159adil k\u00a0Sottonu a Hammers, kdy\u017e prohr\u00e1l 3 \u00favodn\u00ed duely ve dvou roc\u00edch po sob\u011b. Loni start bez bodu utnul bod\u00edk s\u00a0Blades, sledovan\u00e1 po\u010detnou skupinou CS Evertonians v\u00a0Blav\u011b.<\/p>\n<p>Everton v roce 2024 nepoznal v lize v\u00fdhru na h\u0159i\u0161ti soupe\u0159e. Kolik\u00e1t\u00fd m\u011bs\u00edc m\u00e1me?\u00a0<em>(dev\u00e1t\u00fd, zjevn\u011b &#8211; pozn. redakce)<\/em><\/p>\n<p>Ani po reprezenta\u010dn\u00edch pauz\u00e1ch i p\u0159es malou vyt\u00ed\u017eenost n\u00e1m p\u0161enka neroste, proto\u017ee dle z\u00e1znam\u016f jsem prohr\u00e1li v\u00a08 z\u00a010 ma\u010d\u016f po posledn\u00edch p\u0159eru\u0161en\u00ed.<\/p>\n<p>Craig Pawson dosud znamenal pro Everton jen 20% \u0161anci na v\u00fdhru (co\u017e je jen o malinko v\u00edc, ne\u017e je \u0161ance na v\u00fdhru podle bookmaker\u016f v\u00a0dne\u0161n\u00edm z\u00e1pase). V\u00a025 z\u00e1pasech ud\u011blil hr\u00e1\u010d\u016fm v modr\u00e9m 2 \u010derven\u00e9, pro Villans ani jednu. Nad\u011blil n\u00e1m ale 4 penalty, Ville nep\u00edskl za 22 z\u00e1pas\u016f ani jednu. Proti to pak je znovu pro Everton 2:1.<\/p>\n<p>Sean Dyche dvakr\u00e1t Villu porazil, ale jen jako lodivod Burnley. Unaie Emeryho v lize tak\u00e9 neporazil, ale posledn\u00ed duel skon\u010dil nerozhodn\u011b, nezapom\u00ednejme na bezm\u00e1la rok starou v\u00fdhru v Ligov\u00e9m poh\u00e1ru. Mo\u017en\u00e1 se Villans vymluv\u00ed, \u017ee se na to vyka\u0161lali, ale pokud vezmu na\u0161i bilanci v t\u00e9to sout\u011b\u017ei, tak tuto argumentaci nelze uznat. Bl\u00fdsk\u00e1 se tak na lep\u0161\u00ed \u010dasy?<\/p>\n<p><strong>Co<\/strong>: Aston Villa FC \u2013 Everton FC, 4. kolo Premier League<br \/>\n<strong>Kdy<\/strong>: 14. z\u00e1\u0159\u00ed 2024 od 18:30<br \/>\n<strong>TV<\/strong>: hlavn\u00ed program na Canal+ Sport, hovo\u0159\u00ed Mat\u00fa\u0161 Luk\u00e1\u010d<br \/>\n<strong>Kde<\/strong>: Villa Park &#8211; Trinity Road, Birmingham, B6 6HE (kapacita: 42 640)<br \/>\n<strong>Rozhod\u010d\u00ed<\/strong>: Craig Pawson\u00a0 <strong>Postrann\u00ed<\/strong>: Simon Bennett, Dan Robathan\u00a0\u00a0<strong>\u010ctvrt\u00fd<\/strong> <strong>rozhod\u010d\u00ed<\/strong>: David Webb<br \/>\n<strong>VAR<\/strong>: David Coote\u00a0\u00a0<strong>Asistent<\/strong> <strong>VAR<\/strong>: Sian Masseyov\u00e1-Ellisov\u00e1<\/p>\n","protected":false},"excerpt":{"rendered":"<p>Zat\u00edmco tuzemsk\u00e9 sout\u011b\u017ee se nerozjedou pro vzpouru nebes, pauza pro Everton skon\u010dila a hon za body m\u016f\u017ee pokra\u010dovat. Ulovit ten prvn\u00ed ve Villa Parku by bylo jako chytit zlatou rybku.<\/p>\n","protected":false},"author":10,"featured_media":15296,"comment_status":"open","ping_status":"closed","sticky":false,"template":"","format":"standard","meta":{"_eb_attr":"","_monsterinsights_skip_tracking":false,"_monsterinsights_sitenote_active":false,"_monsterinsights_sitenote_note":"","_monsterinsights_sitenote_category":0,"footnotes":""},"categories":[4],"tags":[],"yoast_head":"<!-- This site is optimized with the Yoast SEO plugin v23.4 - https:\/\/yoast.com\/wordpress\/plugins\/seo\/ -->\n<title>Preview: Aston Villa \u2013 Everton - Official Czech &amp; Slovak Everton Supporters&#039; Club<\/title>\n<meta name=\"robots\" content=\"index, follow, max-snippet:-1, max-image-preview:large, max-video-preview:-1\" \/>\n<link rel=\"canonical\" href=\"https:\/\/evertonfc.cz\/index.php\/2024\/09\/14\/preview-aston-villa-everton-12\/\" \/>\n<meta property=\"og:locale\" content=\"cs_CZ\" \/>\n<meta property=\"og:type\" content=\"article\" \/>\n<meta property=\"og:title\" content=\"Preview: Aston Villa \u2013 Everton - Official Czech &amp; Slovak Everton Supporters&#039; Club\" \/>\n<meta property=\"og:description\" content=\"Zat\u00edmco tuzemsk\u00e9 sout\u011b\u017ee se nerozjedou pro vzpouru nebes, pauza pro Everton skon\u010dila a hon za body m\u016f\u017ee pokra\u010dovat. Ulovit ten prvn\u00ed ve Villa Parku by bylo jako chytit zlatou rybku.\" \/>\n<meta property=\"og:url\" content=\"https:\/\/evertonfc.cz\/index.php\/2024\/09\/14\/preview-aston-villa-everton-12\/\" \/>\n<meta property=\"og:site_name\" content=\"Official Czech &amp; Slovak Everton Supporters&#039; Club\" \/>\n<meta property=\"article:publisher\" content=\"https:\/\/www.facebook.com\/everton.fans.cz.sk\" \/>\n<meta property=\"article:published_time\" content=\"2024-09-14T12:15:08+00:00\" \/>\n<meta property=\"article:modified_time\" content=\"2025-09-12T17:59:17+00:00\" \/>\n<meta property=\"og:image\" content=\"https:\/\/evertonfc.cz\/wp-content\/uploads\/2021\/05\/Aston-Villa-VS-Everton.jpg\" \/>\n\t<meta property=\"og:image:width\" content=\"720\" \/>\n\t<meta property=\"og:image:height\" content=\"405\" \/>\n\t<meta property=\"og:image:type\" content=\"image\/jpeg\" \/>\n<meta name=\"author\" content=\"Fip\" \/>\n<meta name=\"twitter:card\" content=\"summary_large_image\" \/>\n<meta name=\"twitter:label1\" content=\"Napsal(a)\" \/>\n\t<meta name=\"twitter:data1\" content=\"Fip\" \/>\n\t<meta name=\"twitter:label2\" content=\"Odhadovan\u00e1 doba \u010dten\u00ed\" \/>\n\t<meta name=\"twitter:data2\" content=\"5 minut\" \/>\n<script type=\"application\/ld+json\" class=\"yoast-schema-graph\">{\"@context\":\"https:\/\/schema.org\",\"@graph\":[{\"@type\":\"Article\",\"@id\":\"https:\/\/evertonfc.cz\/index.php\/2024\/09\/14\/preview-aston-villa-everton-12\/#article\",\"isPartOf\":{\"@id\":\"https:\/\/evertonfc.cz\/index.php\/2024\/09\/14\/preview-aston-villa-everton-12\/\"},\"author\":{\"name\":\"Fip\",\"@id\":\"https:\/\/evertonfc.cz\/#\/schema\/person\/35904009755e8eaa0dc1a5f5f0419002\"},\"headline\":\"Preview: Aston Villa \u2013 Everton\",\"datePublished\":\"2024-09-14T12:15:08+00:00\",\"dateModified\":\"2025-09-12T17:59:17+00:00\",\"mainEntityOfPage\":{\"@id\":\"https:\/\/evertonfc.cz\/index.php\/2024\/09\/14\/preview-aston-villa-everton-12\/\"},\"wordCount\":1025,\"commentCount\":11,\"publisher\":{\"@id\":\"https:\/\/evertonfc.cz\/#organization\"},\"image\":{\"@id\":\"https:\/\/evertonfc.cz\/index.php\/2024\/09\/14\/preview-aston-villa-everton-12\/#primaryimage\"},\"thumbnailUrl\":\"https:\/\/evertonfc.cz\/wp-content\/uploads\/2021\/05\/Aston-Villa-VS-Everton.jpg\",\"articleSection\":[\"Z\u00e1pasy\"],\"inLanguage\":\"cs\",\"potentialAction\":[{\"@type\":\"CommentAction\",\"name\":\"Comment\",\"target\":[\"https:\/\/evertonfc.cz\/index.php\/2024\/09\/14\/preview-aston-villa-everton-12\/#respond\"]}]},{\"@type\":\"WebPage\",\"@id\":\"https:\/\/evertonfc.cz\/index.php\/2024\/09\/14\/preview-aston-villa-everton-12\/\",\"url\":\"https:\/\/evertonfc.cz\/index.php\/2024\/09\/14\/preview-aston-villa-everton-12\/\",\"name\":\"Preview: Aston Villa \u2013 Everton - Official Czech &amp; Slovak Everton Supporters&#039; Club\",\"isPartOf\":{\"@id\":\"https:\/\/evertonfc.cz\/#website\"},\"primaryImageOfPage\":{\"@id\":\"https:\/\/evertonfc.cz\/index.php\/2024\/09\/14\/preview-aston-villa-everton-12\/#primaryimage\"},\"image\":{\"@id\":\"https:\/\/evertonfc.cz\/index.php\/2024\/09\/14\/preview-aston-villa-everton-12\/#primaryimage\"},\"thumbnailUrl\":\"https:\/\/evertonfc.cz\/wp-content\/uploads\/2021\/05\/Aston-Villa-VS-Everton.jpg\",\"datePublished\":\"2024-09-14T12:15:08+00:00\",\"dateModified\":\"2025-09-12T17:59:17+00:00\",\"breadcrumb\":{\"@id\":\"https:\/\/evertonfc.cz\/index.php\/2024\/09\/14\/preview-aston-villa-everton-12\/#breadcrumb\"},\"inLanguage\":\"cs\",\"potentialAction\":[{\"@type\":\"ReadAction\",\"target\":[\"https:\/\/evertonfc.cz\/index.php\/2024\/09\/14\/preview-aston-villa-everton-12\/\"]}]},{\"@type\":\"ImageObject\",\"inLanguage\":\"cs\",\"@id\":\"https:\/\/evertonfc.cz\/index.php\/2024\/09\/14\/preview-aston-villa-everton-12\/#primaryimage\",\"url\":\"https:\/\/evertonfc.cz\/wp-content\/uploads\/2021\/05\/Aston-Villa-VS-Everton.jpg\",\"contentUrl\":\"https:\/\/evertonfc.cz\/wp-content\/uploads\/2021\/05\/Aston-Villa-VS-Everton.jpg\",\"width\":720,\"height\":405},{\"@type\":\"BreadcrumbList\",\"@id\":\"https:\/\/evertonfc.cz\/index.php\/2024\/09\/14\/preview-aston-villa-everton-12\/#breadcrumb\",\"itemListElement\":[{\"@type\":\"ListItem\",\"position\":1,\"name\":\"Home\",\"item\":\"https:\/\/evertonfc.cz\/\"},{\"@type\":\"ListItem\",\"position\":2,\"name\":\"Preview: Aston Villa \u2013 Everton\"}]},{\"@type\":\"WebSite\",\"@id\":\"https:\/\/evertonfc.cz\/#website\",\"url\":\"https:\/\/evertonfc.cz\/\",\"name\":\"Official Czech &amp; Slovak Everton Supporters&#039; Club\",\"description\":\"\",\"publisher\":{\"@id\":\"https:\/\/evertonfc.cz\/#organization\"},\"potentialAction\":[{\"@type\":\"SearchAction\",\"target\":{\"@type\":\"EntryPoint\",\"urlTemplate\":\"https:\/\/evertonfc.cz\/?s={search_term_string}\"},\"query-input\":{\"@type\":\"PropertyValueSpecification\",\"valueRequired\":true,\"valueName\":\"search_term_string\"}}],\"inLanguage\":\"cs\"},{\"@type\":\"Organization\",\"@id\":\"https:\/\/evertonfc.cz\/#organization\",\"name\":\"Official Czech & Slovak Everton Supporters' Club\",\"url\":\"https:\/\/evertonfc.cz\/\",\"logo\":{\"@type\":\"ImageObject\",\"inLanguage\":\"cs\",\"@id\":\"https:\/\/evertonfc.cz\/#\/schema\/logo\/image\/\",\"url\":\"https:\/\/evertonfc.cz\/wp-content\/uploads\/2019\/05\/logo.png\",\"contentUrl\":\"https:\/\/evertonfc.cz\/wp-content\/uploads\/2019\/05\/logo.png\",\"width\":112,\"height\":112,\"caption\":\"Official Czech & Slovak Everton Supporters' Club\"},\"image\":{\"@id\":\"https:\/\/evertonfc.cz\/#\/schema\/logo\/image\/\"},\"sameAs\":[\"https:\/\/www.facebook.com\/everton.fans.cz.sk\"]},{\"@type\":\"Person\",\"@id\":\"https:\/\/evertonfc.cz\/#\/schema\/person\/35904009755e8eaa0dc1a5f5f0419002\",\"name\":\"Fip\",\"url\":\"https:\/\/evertonfc.cz\/index.php\/author\/fip\/\"}]}<\/script>\n<!-- \/ Yoast SEO plugin. -->","yoast_head_json":{"title":"Preview: Aston Villa \u2013 Everton - Official Czech &amp; Slovak Everton Supporters&#039; Club","robots":{"index":"index","follow":"follow","max-snippet":"max-snippet:-1","max-image-preview":"max-image-preview:large","max-video-preview":"max-video-preview:-1"},"canonical":"https:\/\/evertonfc.cz\/index.php\/2024\/09\/14\/preview-aston-villa-everton-12\/","og_locale":"cs_CZ","og_type":"article","og_title":"Preview: Aston Villa \u2013 Everton - Official Czech &amp; Slovak Everton Supporters&#039; Club","og_description":"Zat\u00edmco tuzemsk\u00e9 sout\u011b\u017ee se nerozjedou pro vzpouru nebes, pauza pro Everton skon\u010dila a hon za body m\u016f\u017ee pokra\u010dovat. Ulovit ten prvn\u00ed ve Villa Parku by bylo jako chytit zlatou rybku.","og_url":"https:\/\/evertonfc.cz\/index.php\/2024\/09\/14\/preview-aston-villa-everton-12\/","og_site_name":"Official Czech &amp; Slovak Everton Supporters&#039; Club","article_publisher":"https:\/\/www.facebook.com\/everton.fans.cz.sk","article_published_time":"2024-09-14T12:15:08+00:00","article_modified_time":"2025-09-12T17:59:17+00:00","og_image":[{"width":720,"height":405,"url":"https:\/\/evertonfc.cz\/wp-content\/uploads\/2021\/05\/Aston-Villa-VS-Everton.jpg","type":"image\/jpeg"}],"author":"Fip","twitter_card":"summary_large_image","twitter_misc":{"Napsal(a)":"Fip","Odhadovan\u00e1 doba \u010dten\u00ed":"5 minut"},"schema":{"@context":"https:\/\/schema.org","@graph":[{"@type":"Article","@id":"https:\/\/evertonfc.cz\/index.php\/2024\/09\/14\/preview-aston-villa-everton-12\/#article","isPartOf":{"@id":"https:\/\/evertonfc.cz\/index.php\/2024\/09\/14\/preview-aston-villa-everton-12\/"},"author":{"name":"Fip","@id":"https:\/\/evertonfc.cz\/#\/schema\/person\/35904009755e8eaa0dc1a5f5f0419002"},"headline":"Preview: Aston Villa \u2013 Everton","datePublished":"2024-09-14T12:15:08+00:00","dateModified":"2025-09-12T17:59:17+00:00","mainEntityOfPage":{"@id":"https:\/\/evertonfc.cz\/index.php\/2024\/09\/14\/preview-aston-villa-everton-12\/"},"wordCount":1025,"commentCount":11,"publisher":{"@id":"https:\/\/evertonfc.cz\/#organization"},"image":{"@id":"https:\/\/evertonfc.cz\/index.php\/2024\/09\/14\/preview-aston-villa-everton-12\/#primaryimage"},"thumbnailUrl":"https:\/\/evertonfc.cz\/wp-content\/uploads\/2021\/05\/Aston-Villa-VS-Everton.jpg","articleSection":["Z\u00e1pasy"],"inLanguage":"cs","potentialAction":[{"@type":"CommentAction","name":"Comment","target":["https:\/\/evertonfc.cz\/index.php\/2024\/09\/14\/preview-aston-villa-everton-12\/#respond"]}]},{"@type":"WebPage","@id":"https:\/\/evertonfc.cz\/index.php\/2024\/09\/14\/preview-aston-villa-everton-12\/","url":"https:\/\/evertonfc.cz\/index.php\/2024\/09\/14\/preview-aston-villa-everton-12\/","name":"Preview: Aston Villa \u2013 Everton - Official Czech &amp; Slovak Everton Supporters&#039; Club","isPartOf":{"@id":"https:\/\/evertonfc.cz\/#website"},"primaryImageOfPage":{"@id":"https:\/\/evertonfc.cz\/index.php\/2024\/09\/14\/preview-aston-villa-everton-12\/#primaryimage"},"image":{"@id":"https:\/\/evertonfc.cz\/index.php\/2024\/09\/14\/preview-aston-villa-everton-12\/#primaryimage"},"thumbnailUrl":"https:\/\/evertonfc.cz\/wp-content\/uploads\/2021\/05\/Aston-Villa-VS-Everton.jpg","datePublished":"2024-09-14T12:15:08+00:00","dateModified":"2025-09-12T17:59:17+00:00","breadcrumb":{"@id":"https:\/\/evertonfc.cz\/index.php\/2024\/09\/14\/preview-aston-villa-everton-12\/#breadcrumb"},"inLanguage":"cs","potentialAction":[{"@type":"ReadAction","target":["https:\/\/evertonfc.cz\/index.php\/2024\/09\/14\/preview-aston-villa-everton-12\/"]}]},{"@type":"ImageObject","inLanguage":"cs","@id":"https:\/\/evertonfc.cz\/index.php\/2024\/09\/14\/preview-aston-villa-everton-12\/#primaryimage","url":"https:\/\/evertonfc.cz\/wp-content\/uploads\/2021\/05\/Aston-Villa-VS-Everton.jpg","contentUrl":"https:\/\/evertonfc.cz\/wp-content\/uploads\/2021\/05\/Aston-Villa-VS-Everton.jpg","width":720,"height":405},{"@type":"BreadcrumbList","@id":"https:\/\/evertonfc.cz\/index.php\/2024\/09\/14\/preview-aston-villa-everton-12\/#breadcrumb","itemListElement":[{"@type":"ListItem","position":1,"name":"Home","item":"https:\/\/evertonfc.cz\/"},{"@type":"ListItem","position":2,"name":"Preview: Aston Villa \u2013 Everton"}]},{"@type":"WebSite","@id":"https:\/\/evertonfc.cz\/#website","url":"https:\/\/evertonfc.cz\/","name":"Official Czech &amp; Slovak Everton Supporters&#039; Club","description":"","publisher":{"@id":"https:\/\/evertonfc.cz\/#organization"},"potentialAction":[{"@type":"SearchAction","target":{"@type":"EntryPoint","urlTemplate":"https:\/\/evertonfc.cz\/?s={search_term_string}"},"query-input":{"@type":"PropertyValueSpecification","valueRequired":true,"valueName":"search_term_string"}}],"inLanguage":"cs"},{"@type":"Organization","@id":"https:\/\/evertonfc.cz\/#organization","name":"Official Czech & Slovak Everton Supporters' Club","url":"https:\/\/evertonfc.cz\/","logo":{"@type":"ImageObject","inLanguage":"cs","@id":"https:\/\/evertonfc.cz\/#\/schema\/logo\/image\/","url":"https:\/\/evertonfc.cz\/wp-content\/uploads\/2019\/05\/logo.png","contentUrl":"https:\/\/evertonfc.cz\/wp-content\/uploads\/2019\/05\/logo.png","width":112,"height":112,"caption":"Official Czech & Slovak Everton Supporters' Club"},"image":{"@id":"https:\/\/evertonfc.cz\/#\/schema\/logo\/image\/"},"sameAs":["https:\/\/www.facebook.com\/everton.fans.cz.sk"]},{"@type":"Person","@id":"https:\/\/evertonfc.cz\/#\/schema\/person\/35904009755e8eaa0dc1a5f5f0419002","name":"Fip","url":"https:\/\/evertonfc.cz\/index.php\/author\/fip\/"}]}},"_links":{"self":[{"href":"https:\/\/evertonfc.cz\/index.php\/wp-json\/wp\/v2\/posts\/25233"}],"collection":[{"href":"https:\/\/evertonfc.cz\/index.php\/wp-json\/wp\/v2\/posts"}],"about":[{"href":"https:\/\/evertonfc.cz\/index.php\/wp-json\/wp\/v2\/types\/post"}],"author":[{"embeddable":true,"href":"https:\/\/evertonfc.cz\/index.php\/wp-json\/wp\/v2\/users\/10"}],"replies":[{"embeddable":true,"href":"https:\/\/evertonfc.cz\/index.php\/wp-json\/wp\/v2\/comments?post=25233"}],"version-history":[{"count":6,"href":"https:\/\/evertonfc.cz\/index.php\/wp-json\/wp\/v2\/posts\/25233\/revisions"}],"predecessor-version":[{"id":25239,"href":"https:\/\/evertonfc.cz\/index.php\/wp-json\/wp\/v2\/posts\/25233\/revisions\/25239"}],"wp:featuredmedia":[{"embeddable":true,"href":"https:\/\/evertonfc.cz\/index.php\/wp-json\/wp\/v2\/media\/15296"}],"wp:attachment":[{"href":"https:\/\/evertonfc.cz\/index.php\/wp-json\/wp\/v2\/media?parent=25233"}],"wp:term":[{"taxonomy":"category","embeddable":true,"href":"https:\/\/evertonfc.cz\/index.php\/wp-json\/wp\/v2\/categories?post=25233"},{"taxonomy":"post_tag","embeddable":true,"href":"https:\/\/evertonfc.cz\/index.php\/wp-json\/wp\/v2\/tags?post=25233"}],"curies":[{"name":"wp","href":"https:\/\/api.w.org\/{rel}","templated":true}]}}