{"id":25240,"date":"2024-09-14T20:36:22","date_gmt":"2024-09-14T18:36:22","guid":{"rendered":"https:\/\/evertonfc.cz\/?p=25240"},"modified":"2024-09-14T21:15:18","modified_gmt":"2024-09-14T19:15:18","slug":"aston-villa-everton-3-2","status":"publish","type":"post","link":"https:\/\/evertonfc.cz\/index.php\/2024\/09\/14\/aston-villa-everton-3-2\/","title":{"rendered":"Aston Villa &#8211; Everton 3:2"},"content":{"rendered":"<h4>Everton podruh\u00e9 za sebou ztratil dvoubrankov\u00e9 veden\u00ed a po \u010dty\u0159ech ligov\u00fdch z\u00e1pasech st\u00e1le z\u016fst\u00e1v\u00e1 bez bodu.<\/h4>\n<p>Zahodit dvoubrankovou v\u00fdhodu ve dvou z\u00e1pasech po sob\u011b je nesm\u00edrn\u011b frustruj\u00edc\u00ed. P\u0159esto prohra s velmi kvalitn\u00ed Aston Villou, kter\u00e1 byla po v\u011bt\u0161inu utk\u00e1n\u00ed lep\u0161\u00edm t\u00fdmem, bol\u00ed m\u00e9n\u011b ne\u017e seppuka proti Bournemouthu.<\/p>\n<p>To v\u0161ak neznamen\u00e1, \u017ee by se Everton m\u011bl vyhnout kritice. Navzdory siln\u00e9mu soupe\u0159i p\u016fsobila jeho obrana \u010dasto dezorganizovan\u011b, a mana\u017eer Sean Dyche na tyto probl\u00e9my op\u011bt nedok\u00e1zal adekv\u00e1tn\u011b zareagovat.<\/p>\n<p>Varovn\u00e9 sign\u00e1ly byly ostatn\u011b patrn\u00e9 u\u017e p\u0159i v\u00fdb\u011bru z\u00e1kladn\u00ed sestavy, kter\u00e1 doznala jedin\u00e9 zm\u011bny \u2013 zran\u011bn\u00e9ho Colemana nahradil jin\u00fd veter\u00e1n Ashley Young. V z\u00e1kladn\u00ed jeden\u00e1ctce Villans se objevili b\u00fdval\u00ed hr\u00e1\u010di Evertonu, Digne a Onana.<\/p>\n<h4>Prvn\u00ed polo\u010das<\/h4>\n<p>Aston Villa podle o\u010dek\u00e1v\u00e1n\u00ed p\u0159evzala iniciativu hned od za\u010d\u00e1tku z\u00e1pasu a bylo jen ot\u00e1zkou \u010dasu, kdy si vytvo\u0159\u00ed prvn\u00ed v\u00e1\u017en\u011bj\u0161\u00ed \u0161anci. Ta p\u0159i\u0161la v 8. minut\u011b po rohov\u00e9m kopu a hlavi\u010dce Watkinse, kterou na brankov\u00e9 \u010d\u00e1\u0159e zastavil Ndiaye. Anglick\u00fd reprezenta\u010dn\u00ed \u00fato\u010dn\u00edk neusp\u011bl ani o chv\u00edli pozd\u011bji, kdy po Digneho p\u0159\u00edzemn\u00edm centru minul branku.<\/p>\n<p>P\u0159esto to byl Everton, kdo se z\u010distajasna ujal veden\u00ed. V 16. minut\u011b presuj\u00edc\u00ed McNeil bez serv\u00edtek obral o m\u00ed\u010d star\u00e9ho zn\u00e1m\u00e9ho Onanu, p\u0159ipravil si pozici na st\u0159elu leva\u010dkou a p\u0159esn\u011b zam\u00ed\u0159il \u2013 <strong>0:1<\/strong>. V\u011b\u0159te, \u017ee se jednalo se o prvn\u00ed ligovou branku Evertonu na Villa Parku od roku 2016.<\/p>\n<p>Na Onanu si vy\u0161l\u00e1pl tak\u00e9 Iroegbunama, kter\u00fd v\u0161ak zas\u00e1hl nedovolen\u011b a obdr\u017eel \u017elutou kartu. Ve 26. minut\u011b musel kv\u016fli zran\u011bn\u00ed odstoupit Mykolenko. Nahradil ho James Garner, jen\u017e d\u00edky sv\u00e9 univerz\u00e1lnosti zaujal pozici prav\u00e9ho obr\u00e1nce, zat\u00edmco na uvoln\u011bn\u00fd lev\u00fd kraj obrany se p\u0159esunul Young.<\/p>\n<p>Sotva Garner vb\u011bhl na h\u0159i\u0161t\u011b, mohl slavit druh\u00fd g\u00f3l. McNeil skv\u011ble zakroutil p\u0159\u00edm\u00fd kop z prav\u00e9 strany a nehl\u00eddan\u00fd Calvert-Lewin se hlavi\u010dkou zbl\u00edzka nem\u00fdlil \u2013 <strong>0:2<\/strong>.<\/p>\n<p>Aston Villa v\u0161ak rozhodn\u011b nerezignovala a okam\u017eit\u011b zv\u00fd\u0161ila tempo. Mlad\u00fd Rogers se v nad\u011bjn\u00e9 pozici dostal k r\u00e1n\u011b, kterou ale p\u0159ipraven\u00fd Pickford zlikvidoval. Dom\u00e1c\u00ed nakonec p\u0159etavili sv\u016fj tlak ve sn\u00ed\u017een\u00ed v 36. minut\u011b, kdy Digne m\u011bl dostatek \u010dasu na p\u0159esn\u00fd centr a jeho poveden\u00fd boch\u00e1nek na\u0161el na zadn\u00ed ty\u010di hlavi\u010dkuj\u00edc\u00edho Watkinse \u2013 <strong>1:2<\/strong>. Keane, jak u\u017e jsme zvykl\u00ed od roku 2017, byl op\u011bt zmaten\u00fd jak lesn\u00ed v\u010dela.<\/p>\n<h4>Druh\u00fd polo\u010das<\/h4>\n<p>Aston Villa po p\u0159est\u00e1vce nav\u00e1zala na svou hern\u00ed p\u0159evahu. Ve 49. minut\u011b si aktivn\u00ed Rogers \u0161ikovn\u011b nab\u011bhl do v\u00e1pna a ocitl se s\u00e1m p\u0159ed Pickfordem, ale reprezenta\u010dn\u00ed jedni\u010dka Albionu ho znovu vychytala.<\/p>\n<p>Je\u0161t\u011b v\u011bt\u0161\u00ed \u0161anci sp\u00e1lil na druh\u00e9 stran\u011b Calvert-Lewin, kter\u00fd se od p\u016flky \u0159\u00edtil na Mart\u00edneze, ale nepochopiteln\u011b prov\u00e1hal zakon\u010den\u00ed a nechal se dob\u011bhnout Konsou. I tak je pravd\u011bpodobn\u00e9, \u017ee VAR by p\u0159\u00edpadn\u00fd g\u00f3l kv\u016fli ofsajdu odvolal.<\/p>\n<p>Vyrovn\u00e1n\u00ed, kter\u00e9 dlouho viselo ve vzduchu, p\u0159i\u0161lo v 58. minut\u011b. Harrison p\u0159i obrann\u00e9m z\u00e1kroku ne\u0161\u0165astn\u011b nahr\u00e1l Watkinsovi, kter\u00fd z prostoru penalty nezav\u00e1hal \u2013 <strong>2:2<\/strong>.<\/p>\n<p>Obrat mohl dokonat Rogers o p\u011bt minut pozd\u011bji, ale brejk \u0161patn\u011b vy\u0159e\u0161il nep\u0159esnou p\u0159ihr\u00e1vkou na Watkinse m\u00edsto st\u0159ely. Dyche pot\u00e9 reagoval na velk\u00e9 mezery v obran\u011b dvojit\u00fdm st\u0159\u00edd\u00e1n\u00edm. Letn\u00ed posily O&#8217;Brien a Mangala nahradily Harrisona a Gueyeho a Everton p\u0159e\u0161el na rozestaven\u00ed se t\u0159emi stopery.<\/p>\n<p>Z\u00e1pas pokra\u010doval ve sv\u00e9m divok\u00e9m tempu. Watkins v jasn\u00e9 \u0161anci nepochopiteln\u011b minul a Calvertu-Lewinovi chyb\u011bl jen metr, aby uklidil do s\u00edt\u011b McNeil\u016fv centr. Velk\u00fd obrat nakonec Villa zavr\u0161ila v 76. minut\u011b, kdy\u017e st\u0159\u00eddaj\u00edc\u00ed Duran vyp\u00e1lil neuv\u011b\u0159itelnou dalekonosnou st\u0159elu, a Pickford pouze napr\u00e1zdno proplachtil \u2013 <strong>3:2<\/strong>. Everton okam\u017eit\u011b zareagoval. McNeil vysunul Calverta-Lewina, kter\u00fd se probojoval k zakon\u010den\u00ed, ale jeho st\u0159ela bohu\u017eel skon\u010dila jen na b\u0159evn\u011b.<\/p>\n<p>V z\u00e1v\u011bru utk\u00e1n\u00ed Everton hrozil p\u0159edev\u0161\u00edm po standardn\u00edch situac\u00edch, ale v\u00e1\u017en\u011bj\u0161\u00ed p\u0159\u00edle\u017eitost si u\u017e nevypracoval. I po \u010dtvrt\u00e9m kole Premier League tak z\u016fst\u00e1v\u00e1 na posledn\u00edm m\u00edst\u011b tabulky s nulou v kolonce bod\u016f.<\/p>\n<p><strong>Branky<\/strong>: 16\u2018 McNeil, 27\u2018 Calvert-Lewin (McNeil), 36\u2018 Watkins (Digne), 58\u2018 Watkins, 76\u2018 Duran (Barkley)<\/p>\n<p><strong>\u017dlut\u00e9 karty: <\/strong>15\u00b4 Ndiaye, 19\u2018 Iroegbunam, 47\u2018 Mart\u00ednez, 79\u2018 Young, 85\u2018 Emery, 88\u2018 O&#8217;Brien<\/p>\n<p><strong>St\u0159ely\/na branku<\/strong>: 17\/7 \u2013 6\/3\u00a0 <strong>Dr\u017een\u00ed<\/strong>\u00a0<strong>m\u00ed\u010de<\/strong>: 73% \u2013 27%\u00a0 <strong>xG<\/strong>: 2,23 \u2013 0,75\u00a0 <strong>Rohy<\/strong>: 6 \u2013 2<\/p>\n<p><strong>Aston Villa FC<\/strong>: Mart\u00ednez \u2013 Bogarde, Konsa, Torres, Digne (69\u2018 Maatsen) \u2013 Onana (46\u2018 Barkley), Tielemans \u2013 McGinn (90\u2018 Philogene), Rogers, Ramsey (69\u2018 Duran) \u2013 Watkins (84\u2018 Buendia)<\/p>\n<p><strong>Everton FC<\/strong>: Pickford \u2013 Young, Tarkowski, Keane, Mykolenko \u2013 Gana Gueye (64\u2018 Mangala), Iroegbunam (81\u2018 Beto) \u2013 Harrison (64\u2018 O&#8217;Brien), McNeil, Ndiaye (81\u2018 Lindstr\u00f8m) \u2013 Calvert-Lewin (72\u2018 Beto).<\/p>\n<p><strong>Rozhod\u010d\u00ed<\/strong>: Craig Pawson\u00a0 <strong>Div\u00e1k\u016f<\/strong>: 42 789<\/p>\n","protected":false},"excerpt":{"rendered":"<p>Everton podruh\u00e9 za sebou ztratil dvoubrankov\u00e9 veden\u00ed a po \u010dty\u0159ech ligov\u00fdch z\u00e1pasech st\u00e1le z\u016fst\u00e1v\u00e1 bez bodu.<\/p>\n","protected":false},"author":6,"featured_media":25247,"comment_status":"open","ping_status":"closed","sticky":false,"template":"","format":"standard","meta":{"_eb_attr":"","_monsterinsights_skip_tracking":false,"_monsterinsights_sitenote_active":false,"_monsterinsights_sitenote_note":"","_monsterinsights_sitenote_category":0,"footnotes":""},"categories":[4],"tags":[],"yoast_head":"<!-- This site is optimized with the Yoast SEO plugin v23.4 - https:\/\/yoast.com\/wordpress\/plugins\/seo\/ -->\n<title>Aston Villa - Everton 3:2 - Official Czech &amp; Slovak Everton Supporters&#039; Club<\/title>\n<meta name=\"robots\" content=\"index, follow, max-snippet:-1, max-image-preview:large, max-video-preview:-1\" \/>\n<link rel=\"canonical\" href=\"https:\/\/evertonfc.cz\/index.php\/2024\/09\/14\/aston-villa-everton-3-2\/\" \/>\n<meta property=\"og:locale\" content=\"cs_CZ\" \/>\n<meta property=\"og:type\" content=\"article\" \/>\n<meta property=\"og:title\" content=\"Aston Villa - Everton 3:2 - Official Czech &amp; Slovak Everton Supporters&#039; Club\" \/>\n<meta property=\"og:description\" content=\"Everton podruh\u00e9 za sebou ztratil dvoubrankov\u00e9 veden\u00ed a po \u010dty\u0159ech ligov\u00fdch z\u00e1pasech st\u00e1le z\u016fst\u00e1v\u00e1 bez bodu.\" \/>\n<meta property=\"og:url\" content=\"https:\/\/evertonfc.cz\/index.php\/2024\/09\/14\/aston-villa-everton-3-2\/\" \/>\n<meta property=\"og:site_name\" content=\"Official Czech &amp; Slovak Everton Supporters&#039; Club\" \/>\n<meta property=\"article:publisher\" content=\"https:\/\/www.facebook.com\/everton.fans.cz.sk\" \/>\n<meta property=\"article:published_time\" content=\"2024-09-14T18:36:22+00:00\" \/>\n<meta property=\"article:modified_time\" content=\"2024-09-14T19:15:18+00:00\" \/>\n<meta property=\"og:image\" content=\"https:\/\/evertonfc.cz\/wp-content\/uploads\/2024\/09\/villa_14_9_2024.jpeg\" \/>\n\t<meta property=\"og:image:width\" content=\"720\" \/>\n\t<meta property=\"og:image:height\" content=\"405\" \/>\n\t<meta property=\"og:image:type\" content=\"image\/jpeg\" \/>\n<meta name=\"author\" content=\"Ri\u010di\" \/>\n<meta name=\"twitter:card\" content=\"summary_large_image\" \/>\n<meta name=\"twitter:creator\" content=\"@rbrejsa\" \/>\n<meta name=\"twitter:label1\" content=\"Napsal(a)\" \/>\n\t<meta name=\"twitter:data1\" content=\"Ri\u010di\" \/>\n\t<meta name=\"twitter:label2\" content=\"Odhadovan\u00e1 doba \u010dten\u00ed\" \/>\n\t<meta name=\"twitter:data2\" content=\"4 minuty\" \/>\n<script type=\"application\/ld+json\" class=\"yoast-schema-graph\">{\"@context\":\"https:\/\/schema.org\",\"@graph\":[{\"@type\":\"Article\",\"@id\":\"https:\/\/evertonfc.cz\/index.php\/2024\/09\/14\/aston-villa-everton-3-2\/#article\",\"isPartOf\":{\"@id\":\"https:\/\/evertonfc.cz\/index.php\/2024\/09\/14\/aston-villa-everton-3-2\/\"},\"author\":{\"name\":\"Ri\u010di\",\"@id\":\"https:\/\/evertonfc.cz\/#\/schema\/person\/f7a5daedb2ffee98480bc70e191aaef1\"},\"headline\":\"Aston Villa &#8211; Everton 3:2\",\"datePublished\":\"2024-09-14T18:36:22+00:00\",\"dateModified\":\"2024-09-14T19:15:18+00:00\",\"mainEntityOfPage\":{\"@id\":\"https:\/\/evertonfc.cz\/index.php\/2024\/09\/14\/aston-villa-everton-3-2\/\"},\"wordCount\":845,\"commentCount\":9,\"publisher\":{\"@id\":\"https:\/\/evertonfc.cz\/#organization\"},\"image\":{\"@id\":\"https:\/\/evertonfc.cz\/index.php\/2024\/09\/14\/aston-villa-everton-3-2\/#primaryimage\"},\"thumbnailUrl\":\"https:\/\/evertonfc.cz\/wp-content\/uploads\/2024\/09\/villa_14_9_2024.jpeg\",\"articleSection\":[\"Z\u00e1pasy\"],\"inLanguage\":\"cs\",\"potentialAction\":[{\"@type\":\"CommentAction\",\"name\":\"Comment\",\"target\":[\"https:\/\/evertonfc.cz\/index.php\/2024\/09\/14\/aston-villa-everton-3-2\/#respond\"]}]},{\"@type\":\"WebPage\",\"@id\":\"https:\/\/evertonfc.cz\/index.php\/2024\/09\/14\/aston-villa-everton-3-2\/\",\"url\":\"https:\/\/evertonfc.cz\/index.php\/2024\/09\/14\/aston-villa-everton-3-2\/\",\"name\":\"Aston Villa - Everton 3:2 - Official Czech &amp; Slovak Everton Supporters&#039; Club\",\"isPartOf\":{\"@id\":\"https:\/\/evertonfc.cz\/#website\"},\"primaryImageOfPage\":{\"@id\":\"https:\/\/evertonfc.cz\/index.php\/2024\/09\/14\/aston-villa-everton-3-2\/#primaryimage\"},\"image\":{\"@id\":\"https:\/\/evertonfc.cz\/index.php\/2024\/09\/14\/aston-villa-everton-3-2\/#primaryimage\"},\"thumbnailUrl\":\"https:\/\/evertonfc.cz\/wp-content\/uploads\/2024\/09\/villa_14_9_2024.jpeg\",\"datePublished\":\"2024-09-14T18:36:22+00:00\",\"dateModified\":\"2024-09-14T19:15:18+00:00\",\"breadcrumb\":{\"@id\":\"https:\/\/evertonfc.cz\/index.php\/2024\/09\/14\/aston-villa-everton-3-2\/#breadcrumb\"},\"inLanguage\":\"cs\",\"potentialAction\":[{\"@type\":\"ReadAction\",\"target\":[\"https:\/\/evertonfc.cz\/index.php\/2024\/09\/14\/aston-villa-everton-3-2\/\"]}]},{\"@type\":\"ImageObject\",\"inLanguage\":\"cs\",\"@id\":\"https:\/\/evertonfc.cz\/index.php\/2024\/09\/14\/aston-villa-everton-3-2\/#primaryimage\",\"url\":\"https:\/\/evertonfc.cz\/wp-content\/uploads\/2024\/09\/villa_14_9_2024.jpeg\",\"contentUrl\":\"https:\/\/evertonfc.cz\/wp-content\/uploads\/2024\/09\/villa_14_9_2024.jpeg\",\"width\":720,\"height\":405},{\"@type\":\"BreadcrumbList\",\"@id\":\"https:\/\/evertonfc.cz\/index.php\/2024\/09\/14\/aston-villa-everton-3-2\/#breadcrumb\",\"itemListElement\":[{\"@type\":\"ListItem\",\"position\":1,\"name\":\"Home\",\"item\":\"https:\/\/evertonfc.cz\/\"},{\"@type\":\"ListItem\",\"position\":2,\"name\":\"Aston Villa &#8211; Everton 3:2\"}]},{\"@type\":\"WebSite\",\"@id\":\"https:\/\/evertonfc.cz\/#website\",\"url\":\"https:\/\/evertonfc.cz\/\",\"name\":\"Official Czech &amp; Slovak Everton Supporters&#039; Club\",\"description\":\"\",\"publisher\":{\"@id\":\"https:\/\/evertonfc.cz\/#organization\"},\"potentialAction\":[{\"@type\":\"SearchAction\",\"target\":{\"@type\":\"EntryPoint\",\"urlTemplate\":\"https:\/\/evertonfc.cz\/?s={search_term_string}\"},\"query-input\":{\"@type\":\"PropertyValueSpecification\",\"valueRequired\":true,\"valueName\":\"search_term_string\"}}],\"inLanguage\":\"cs\"},{\"@type\":\"Organization\",\"@id\":\"https:\/\/evertonfc.cz\/#organization\",\"name\":\"Official Czech & Slovak Everton Supporters' Club\",\"url\":\"https:\/\/evertonfc.cz\/\",\"logo\":{\"@type\":\"ImageObject\",\"inLanguage\":\"cs\",\"@id\":\"https:\/\/evertonfc.cz\/#\/schema\/logo\/image\/\",\"url\":\"https:\/\/evertonfc.cz\/wp-content\/uploads\/2019\/05\/logo.png\",\"contentUrl\":\"https:\/\/evertonfc.cz\/wp-content\/uploads\/2019\/05\/logo.png\",\"width\":112,\"height\":112,\"caption\":\"Official Czech & Slovak Everton Supporters' Club\"},\"image\":{\"@id\":\"https:\/\/evertonfc.cz\/#\/schema\/logo\/image\/\"},\"sameAs\":[\"https:\/\/www.facebook.com\/everton.fans.cz.sk\"]},{\"@type\":\"Person\",\"@id\":\"https:\/\/evertonfc.cz\/#\/schema\/person\/f7a5daedb2ffee98480bc70e191aaef1\",\"name\":\"Ri\u010di\",\"sameAs\":[\"https:\/\/x.com\/rbrejsa\"],\"url\":\"https:\/\/evertonfc.cz\/index.php\/author\/rici\/\"}]}<\/script>\n<!-- \/ Yoast SEO plugin. -->","yoast_head_json":{"title":"Aston Villa - Everton 3:2 - Official Czech &amp; Slovak Everton Supporters&#039; Club","robots":{"index":"index","follow":"follow","max-snippet":"max-snippet:-1","max-image-preview":"max-image-preview:large","max-video-preview":"max-video-preview:-1"},"canonical":"https:\/\/evertonfc.cz\/index.php\/2024\/09\/14\/aston-villa-everton-3-2\/","og_locale":"cs_CZ","og_type":"article","og_title":"Aston Villa - Everton 3:2 - Official Czech &amp; Slovak Everton Supporters&#039; Club","og_description":"Everton podruh\u00e9 za sebou ztratil dvoubrankov\u00e9 veden\u00ed a po \u010dty\u0159ech ligov\u00fdch z\u00e1pasech st\u00e1le z\u016fst\u00e1v\u00e1 bez bodu.","og_url":"https:\/\/evertonfc.cz\/index.php\/2024\/09\/14\/aston-villa-everton-3-2\/","og_site_name":"Official Czech &amp; Slovak Everton Supporters&#039; Club","article_publisher":"https:\/\/www.facebook.com\/everton.fans.cz.sk","article_published_time":"2024-09-14T18:36:22+00:00","article_modified_time":"2024-09-14T19:15:18+00:00","og_image":[{"width":720,"height":405,"url":"https:\/\/evertonfc.cz\/wp-content\/uploads\/2024\/09\/villa_14_9_2024.jpeg","type":"image\/jpeg"}],"author":"Ri\u010di","twitter_card":"summary_large_image","twitter_creator":"@rbrejsa","twitter_misc":{"Napsal(a)":"Ri\u010di","Odhadovan\u00e1 doba \u010dten\u00ed":"4 minuty"},"schema":{"@context":"https:\/\/schema.org","@graph":[{"@type":"Article","@id":"https:\/\/evertonfc.cz\/index.php\/2024\/09\/14\/aston-villa-everton-3-2\/#article","isPartOf":{"@id":"https:\/\/evertonfc.cz\/index.php\/2024\/09\/14\/aston-villa-everton-3-2\/"},"author":{"name":"Ri\u010di","@id":"https:\/\/evertonfc.cz\/#\/schema\/person\/f7a5daedb2ffee98480bc70e191aaef1"},"headline":"Aston Villa &#8211; Everton 3:2","datePublished":"2024-09-14T18:36:22+00:00","dateModified":"2024-09-14T19:15:18+00:00","mainEntityOfPage":{"@id":"https:\/\/evertonfc.cz\/index.php\/2024\/09\/14\/aston-villa-everton-3-2\/"},"wordCount":845,"commentCount":9,"publisher":{"@id":"https:\/\/evertonfc.cz\/#organization"},"image":{"@id":"https:\/\/evertonfc.cz\/index.php\/2024\/09\/14\/aston-villa-everton-3-2\/#primaryimage"},"thumbnailUrl":"https:\/\/evertonfc.cz\/wp-content\/uploads\/2024\/09\/villa_14_9_2024.jpeg","articleSection":["Z\u00e1pasy"],"inLanguage":"cs","potentialAction":[{"@type":"CommentAction","name":"Comment","target":["https:\/\/evertonfc.cz\/index.php\/2024\/09\/14\/aston-villa-everton-3-2\/#respond"]}]},{"@type":"WebPage","@id":"https:\/\/evertonfc.cz\/index.php\/2024\/09\/14\/aston-villa-everton-3-2\/","url":"https:\/\/evertonfc.cz\/index.php\/2024\/09\/14\/aston-villa-everton-3-2\/","name":"Aston Villa - Everton 3:2 - Official Czech &amp; Slovak Everton Supporters&#039; Club","isPartOf":{"@id":"https:\/\/evertonfc.cz\/#website"},"primaryImageOfPage":{"@id":"https:\/\/evertonfc.cz\/index.php\/2024\/09\/14\/aston-villa-everton-3-2\/#primaryimage"},"image":{"@id":"https:\/\/evertonfc.cz\/index.php\/2024\/09\/14\/aston-villa-everton-3-2\/#primaryimage"},"thumbnailUrl":"https:\/\/evertonfc.cz\/wp-content\/uploads\/2024\/09\/villa_14_9_2024.jpeg","datePublished":"2024-09-14T18:36:22+00:00","dateModified":"2024-09-14T19:15:18+00:00","breadcrumb":{"@id":"https:\/\/evertonfc.cz\/index.php\/2024\/09\/14\/aston-villa-everton-3-2\/#breadcrumb"},"inLanguage":"cs","potentialAction":[{"@type":"ReadAction","target":["https:\/\/evertonfc.cz\/index.php\/2024\/09\/14\/aston-villa-everton-3-2\/"]}]},{"@type":"ImageObject","inLanguage":"cs","@id":"https:\/\/evertonfc.cz\/index.php\/2024\/09\/14\/aston-villa-everton-3-2\/#primaryimage","url":"https:\/\/evertonfc.cz\/wp-content\/uploads\/2024\/09\/villa_14_9_2024.jpeg","contentUrl":"https:\/\/evertonfc.cz\/wp-content\/uploads\/2024\/09\/villa_14_9_2024.jpeg","width":720,"height":405},{"@type":"BreadcrumbList","@id":"https:\/\/evertonfc.cz\/index.php\/2024\/09\/14\/aston-villa-everton-3-2\/#breadcrumb","itemListElement":[{"@type":"ListItem","position":1,"name":"Home","item":"https:\/\/evertonfc.cz\/"},{"@type":"ListItem","position":2,"name":"Aston Villa &#8211; Everton 3:2"}]},{"@type":"WebSite","@id":"https:\/\/evertonfc.cz\/#website","url":"https:\/\/evertonfc.cz\/","name":"Official Czech &amp; Slovak Everton Supporters&#039; Club","description":"","publisher":{"@id":"https:\/\/evertonfc.cz\/#organization"},"potentialAction":[{"@type":"SearchAction","target":{"@type":"EntryPoint","urlTemplate":"https:\/\/evertonfc.cz\/?s={search_term_string}"},"query-input":{"@type":"PropertyValueSpecification","valueRequired":true,"valueName":"search_term_string"}}],"inLanguage":"cs"},{"@type":"Organization","@id":"https:\/\/evertonfc.cz\/#organization","name":"Official Czech & Slovak Everton Supporters' Club","url":"https:\/\/evertonfc.cz\/","logo":{"@type":"ImageObject","inLanguage":"cs","@id":"https:\/\/evertonfc.cz\/#\/schema\/logo\/image\/","url":"https:\/\/evertonfc.cz\/wp-content\/uploads\/2019\/05\/logo.png","contentUrl":"https:\/\/evertonfc.cz\/wp-content\/uploads\/2019\/05\/logo.png","width":112,"height":112,"caption":"Official Czech & Slovak Everton Supporters' Club"},"image":{"@id":"https:\/\/evertonfc.cz\/#\/schema\/logo\/image\/"},"sameAs":["https:\/\/www.facebook.com\/everton.fans.cz.sk"]},{"@type":"Person","@id":"https:\/\/evertonfc.cz\/#\/schema\/person\/f7a5daedb2ffee98480bc70e191aaef1","name":"Ri\u010di","sameAs":["https:\/\/x.com\/rbrejsa"],"url":"https:\/\/evertonfc.cz\/index.php\/author\/rici\/"}]}},"_links":{"self":[{"href":"https:\/\/evertonfc.cz\/index.php\/wp-json\/wp\/v2\/posts\/25240"}],"collection":[{"href":"https:\/\/evertonfc.cz\/index.php\/wp-json\/wp\/v2\/posts"}],"about":[{"href":"https:\/\/evertonfc.cz\/index.php\/wp-json\/wp\/v2\/types\/post"}],"author":[{"embeddable":true,"href":"https:\/\/evertonfc.cz\/index.php\/wp-json\/wp\/v2\/users\/6"}],"replies":[{"embeddable":true,"href":"https:\/\/evertonfc.cz\/index.php\/wp-json\/wp\/v2\/comments?post=25240"}],"version-history":[{"count":10,"href":"https:\/\/evertonfc.cz\/index.php\/wp-json\/wp\/v2\/posts\/25240\/revisions"}],"predecessor-version":[{"id":25251,"href":"https:\/\/evertonfc.cz\/index.php\/wp-json\/wp\/v2\/posts\/25240\/revisions\/25251"}],"wp:featuredmedia":[{"embeddable":true,"href":"https:\/\/evertonfc.cz\/index.php\/wp-json\/wp\/v2\/media\/25247"}],"wp:attachment":[{"href":"https:\/\/evertonfc.cz\/index.php\/wp-json\/wp\/v2\/media?parent=25240"}],"wp:term":[{"taxonomy":"category","embeddable":true,"href":"https:\/\/evertonfc.cz\/index.php\/wp-json\/wp\/v2\/categories?post=25240"},{"taxonomy":"post_tag","embeddable":true,"href":"https:\/\/evertonfc.cz\/index.php\/wp-json\/wp\/v2\/tags?post=25240"}],"curies":[{"name":"wp","href":"https:\/\/api.w.org\/{rel}","templated":true}]}}