{"id":25255,"date":"2024-09-17T14:39:38","date_gmt":"2024-09-17T12:39:38","guid":{"rendered":"https:\/\/evertonfc.cz\/?p=25255"},"modified":"2024-09-17T14:39:59","modified_gmt":"2024-09-17T12:39:59","slug":"lc-preview-everton-southampton-2","status":"publish","type":"post","link":"https:\/\/evertonfc.cz\/index.php\/2024\/09\/17\/lc-preview-everton-southampton-2\/","title":{"rendered":"LC Preview: Everton \u2013 Southampton"},"content":{"rendered":"<h4>Ako sa uk\u00e1zalo, na\u0161e re\u0161tarty formy v poh\u00e1ri sa do ligy akosi nepren\u00e1\u0161aj\u00fa. A zv\u00e4\u010d\u0161a ani mana\u017e\u00e9rova selekcia k\u00e1dra. In\u00e1 s\u00fa\u0165a\u017e, in\u00fd mrav. Tak\u017ee sa na dnes te\u0161\u00edme, nie?<\/h4>\n<p>T\u00edmov\u00fdch noviniek nie je ve\u013ea. Branthwaite a Patterson za\u010dali s t\u00edmom plnohodnotne tr\u00e9nova\u0165 len minul\u00fd t\u00fd\u017ede\u0148. Dyche nechce ich n\u00e1vrat upon\u00e1h\u013ea\u0165, tak\u017ee dnes do z\u00e1pasu nezasiahnu a zrejme ani cez v\u00edkend proti Leicesteru. Coleman poh\u00e1r asi tie\u017e vynech\u00e1, nikto od v\u00edkendu nespom\u00ednal, \u017ee by zranenie z reprezent\u00e1cie u\u017e vylie\u010dil. \u00da\u010das\u0165 Mykolenka je ot\u00e1zna, a zrejme sa rozhodne pred z\u00e1pasom, \u010di choroba, ktor\u00e1 ho skolila e\u0161te v prvom pol\u010dase proti Ville, je u\u017e nadobro za\u017eehnan\u00e1. Ak nie, Young je ur\u010dite na 100% pripraven\u00fd nast\u00fapi\u0165.<\/p>\n<p>Mana\u017e\u00e9r tie\u017e znovu zd\u00f4raznil, \u017ee hoci berieme t\u00fato s\u00fa\u0165a\u017e v\u00e1\u017ene, budeme rotova\u0165, lebo ju neberieme tak v\u00e1\u017ene ako ligu. V k\u00e1dri je viac hr\u00e1\u010dov, ktor\u00ed potrebuj\u00fa hern\u00e9 vy\u0165a\u017eenie, a medzi tak\u00fdch sa r\u00e1ta Beto \u010di prekvapivo u\u017e aj Doucour\u00e9. Je teda vysoko pravdepodobn\u00e9, \u017ee ho v z\u00e1kladnej zostave uvid\u00edme. Rovnako ako O\u2019Briena s Lindstr\u00f8mom, ktor\u00ed by si tak prip\u00edsali len svoj druh\u00fd \u0161tart za klub. Svoj prv\u00fd m\u00f4\u017ee za\u017ei\u0165 Mangala po debute z lavi\u010dky vo Villa Parku. Pozorne ale budeme sledova\u0165 situ\u00e1ciu na pravom kraji obrany. Tam sa op\u00e4\u0165 otv\u00e1ra priestor pre n\u00e1dejn\u00e9ho r\u00fdchlika Dixona. Ale ak tam op\u00e4\u0165 nast\u00fapi z\u00e1lo\u017en\u00edk Garner, \u010dudova\u0165 sa nebudeme.<\/p>\n<h4><strong>Sean Dyche o\u00a0rot\u00e1cii a\u00a0zranen\u00fdch hr\u00e1\u010doch:<\/strong><\/h4>\n<blockquote><p><span style=\"font-size: 12pt;\"><em>\u201eBud\u00fa nejak\u00e9 zmeny, nasad\u00edme hr\u00e1\u010dov, o ktor\u00fdch vieme, \u017ee z\u00e1pasov\u00fd \u010das potrebuj\u00fa. Fyzick\u00fd aspekt troch z\u00e1pasov za t\u00fd\u017ede\u0148 ovplyv\u0148uje to, ako tento t\u00fd\u017ede\u0148 pracujeme. Tak\u017ee pr\u00edstup sa mus\u00ed mierne l\u00ed\u0161i\u0165 od v\u0161etk\u00e9ho, \u010do je ve\u013emi fyzick\u00e9, kv\u00f4li po\u017eiadavk\u00e1m na hr\u00e1\u010dov, ktor\u00e9 tieto z\u00e1pasy prines\u00fa. A to najm\u00e4 preto, \u017ee na niektor\u00fdch poz\u00edci\u00e1ch sme oslaben\u00ed. \u017diadna ne\u00facta k poh\u00e1rom, s\u00fa d\u00f4le\u017eit\u00e9, ale nie s\u00fa tak\u00e9 d\u00f4le\u017eit\u00e9 ako liga. Liga je \u017eivotne d\u00f4le\u017eit\u00e1. Potrebujeme hr\u00e1\u010dov fit, tak\u017ee budeme musie\u0165 pou\u017ei\u0165 t\u00fdch, ktor\u00fdch by sme sa za ide\u00e1lneho scen\u00e1ra nenasadili. Potrebuj\u00fa min\u00faty aby n\u00e1m mohli\u00a0by\u0165 k dispoz\u00edcii.<\/em><\/span><\/p>\n<p><span style=\"font-size: 12pt;\"><em>R\u00fdchlo nasaden\u00ed hr\u00e1\u010di, pod\u013ea mojich sk\u00fasenost\u00ed, nekon\u010dia dobre. Chceme ich r\u00fdchlo, ale mus\u00edme to robi\u0165 rozumne. Nielen ich pretl\u00e1\u010da\u0165 cez tr\u00e9ningov\u00e9 programy, ktor\u00e9 nie s\u00fa schopn\u00ed zvl\u00e1dnu\u0165. Musia pr\u00eds\u0165 do t\u00edmu, ke\u010f s\u00fa fit, poriadne fit. Preto\u017ee v Premier League nem\u00f4\u017eete pod\u00e1va\u0165 v\u00fdkony, pokia\u013e nie ste spr\u00e1vne fit. Za\u017eil som toho dos\u0165 na to, aby som vedel, \u017ee ke\u010f do t\u00edmu n\u00e1hlite \u013eud\u00ed, ve\u013emi \u0165a\u017eko h\u013eadaj\u00fa formu. S t\u00edmom za\u010dali [Branthwaite, Patterson<\/em> <em>] doslova minul\u00fd t\u00fd\u017ede\u0148. Tr\u00e9novali pomimo a spravili podporn\u00fa pr\u00e1cu so \u0161portov\u00fdm vedeck\u00fdm t\u00edmom, kondi\u010dn\u00fa pr\u00e1cu, ale mali iba dva dni skuto\u010dn\u00e9ho futbalov\u00e9ho tr\u00e9ningu, tak\u017ee bud\u00fa potrebova\u0165 viac, to je ist\u00e9.\u201c<\/em><\/span><\/p><\/blockquote>\n<h4><strong>In\u00e9 novinky<\/strong><\/h4>\n<p>Deje sa toho pomerne ve\u013ea, ale bohu\u017eia\u013e nie je to\u013eko \u010dasu o\u00a0v\u0161etkom podrobne p\u00edsa\u0165. T\u00fdm najpodstatnej\u0161\u00edm je zrejme rozsiahly rozhovor Johna Textora pre Sky Sports, v\u00a0ktorom vcelku podrobne pojedn\u00e1va o\u00a0k\u00fape EFC. Tento rozhovor\u00a0v\u00a0doh\u013eadnej dobe zverejn\u00edme u\u00a0n\u00e1s webe. V\u010dera sa na svet dostali inform\u00e1cie, \u017ee tak\u00fd Friedkin znovu presk\u00famava mo\u017enos\u0165 k\u00fapy EFC, ale zatia\u013e je to len vo vla\u017enej rovine.<\/p>\n<p>Pikantnou bola aj inform\u00e1cia o\u00a0\u017ealobe Usmanova proti Moshiriho firme, ale to n\u00e1s zrejme u\u017e neovplyvn\u00ed. Ostaneme preto na ostrovnej p\u00f4de, kde novin\u00e1ri tvrdia, \u017ee aj napriek katastrof\u00e1lnemu \u0161tartu m\u00e1 Dyche podporu, a\u00a0len tak vyhoden\u00fd nebude v\u010faka \u00faspechom v\u00a0\u0165a\u017ekej minulej sez\u00f3ne s\u00a0odpo\u010dtami bodov.<\/p>\n<p>Akosi ticho st\u00e1le panuje okolo bud\u00facnosti Dele Alliho. Nem\u00e1me spr\u00e1vy o jeho zdravotnom stave, rehabilit\u00e1cii, \u010di tr\u00e9ningovom procese. Nevieme ni\u010d. Vieme v\u0161ak, \u017ee Everton si registroval do ligy len 23 \u010dlenn\u00fd t\u00edm. Chermiti, Dixon a Armstrong sa toti\u017e po\u010d\u00edtaj\u00fa ako ml\u00e1de\u017en\u00edci. To znamen\u00e1, \u017ee Alli, alebo niekto in\u00fd z trhu vo\u013en\u00fdch hr\u00e1\u010dov, by sa st\u00e1le mohol pripoji\u0165 k EFC. Pravidlo toti\u017e znie, \u017ee ak m\u00e1 t\u00edm menej ako 25 hr\u00e1\u010dov na ligovej s\u00fapiske, m\u00f4\u017ee prip\u00edsa\u0165 nov\u00fdch hr\u00e1\u010dov bez zmluvy. A Karamelk\u00e1m by sa veru nejak\u00ed zi\u0161li&#8230;<\/p>\n<h4><strong>Russell Martin o\u00a0dueli s\u00a0EFC:<\/strong><\/h4>\n<blockquote><p><span style=\"font-size: 12pt;\"><em>\u201eTeraz je najd\u00f4le\u017eitej\u0161\u00ed z\u00e1pas s Evertonom. Nastan\u00fa zmeny, bud\u00fa hr\u00e1\u010di, ktor\u00ed sa bud\u00fa musie\u0165 uch\u00e1dza\u0165 o svoje miesto v t\u00edme, preto\u017ee sme nevyhrali, aj ke\u010f je tu ve\u013ea pozit\u00edv. Potom bud\u00fa niektor\u00ed hr\u00e1\u010di, ktor\u00ed bud\u00fa musie\u0165 pokra\u010dova\u0165 zo soboty, znova r\u00e1s\u0165 a pok\u00fasi\u0165 sa zlep\u0161i\u0165 svoj v\u00fdkon, nau\u010di\u0165 sa n\u00e1\u0161 sp\u00f4sob robenia vec\u00ed. Som z toho celkom nad\u0161en\u00fd, vlastne. Mysl\u00edm si, \u017ee je to \u0165a\u017ek\u00fd z\u00e1pas na poh\u00e1rov\u00fa s\u00fa\u0165a\u017e na ihrisku s\u00fapera. Ale pod\u013ea m\u0148a to bude naozaj dobr\u00fd duel.\u201c<\/em><\/span><\/p><\/blockquote>\n<p>Hostia bud\u00fa rovnako naladen\u00ed ako dom\u00e1ci. Jedin\u00e9 toti\u017e, \u010do ich ligov\u00fa formu l\u00ed\u0161i od na\u0161ej, je priaznivej\u0161\u00ed g\u00f3lov\u00fd rozdiel. Karamelky dali s\u00edce o\u00a03 g\u00f3ly viac, ale Sv\u00e4t\u00ed ich inkasovali o\u00a0p\u00e4\u0165 menej. V\u00a0poh\u00e1ri si ale celkom ulietli, ke\u010f v\u00a0divokej prestrelke 5:3 odch\u00e1dzali z\u00a0walesk\u00e9ho Cardiffu radostnej\u0161\u00ed. Postaral sa o\u00a0to dvojicou g\u00f3lov najm\u00e4 Cameron Archer, asi najv\u00e4\u010d\u0161ia hrozba Southamptonu.<\/p>\n<p>Ten toho m\u00e1 na rov\u00e1\u0161i aj s\u00a0Evertonom e\u0161te za svoj b\u00fdval\u00fd Sheffield. \u010ci v\u0161ak bude hra\u0165 je ot\u00e1zne, lebo aj proti Manchesteru United pri prehre 0:3 doma, bol dom\u00e1ci lodivod schopn\u00fd robi\u0165 zmeny pre zmeny. A to len aby svoj t\u00edm nakopol, \u010do sa takmer aj podarilo, neby\u0165 pokazenej penalty a\u00a0zahoden\u00fdch \u0161anc\u00ed.<\/p>\n<h4 style=\"text-align: center;\"><strong>\u0160tatistick\u00e9 okienko:<\/strong><\/h4>\n<ul style=\"list-style-type: circle;\">\n<li style=\"text-align: left;\">Everton prehral ka\u017ed\u00fd zo svojich prv\u00fdch \u0161tyroch ligov\u00fdch z\u00e1pasov sez\u00f3ny iba tret\u00edkr\u00e1t vo svojej hist\u00f3rii. Predt\u00fdm to bolo v ro\u010dn\u00edkoch 1926\/27 a 1958\/59.<\/li>\n<li>Karamelky inkasovali v ka\u017edom z posledn\u00fdch 4 ligov\u00fdch z\u00e1pasov viac ako 3 g\u00f3ly, prv\u00fdkr\u00e1t od apr\u00edla 1936.<\/li>\n<li>EFC po prv\u00fd raz v hist\u00f3rii prehralo dva po sebe id\u00face ligov\u00e9 z\u00e1pasy, v ktor\u00fdch viedlo o 2 g\u00f3ly.<\/li>\n<li>Od za\u010diatku minulej sez\u00f3ny stratili The Toffees z v\u00ed\u0165azn\u00fdch poz\u00edci\u00ed v lige u\u017e 23 bodov.<\/li>\n<li>Dwight McNeil aj v\u010faka posunu poz\u00edcie do stredu ihriska vytvoril viac \u0161anc\u00ed (17) a viac ve\u013ek\u00fdch \u0161anc\u00ed (5) ako ktor\u00fdko\u013evek in\u00fd hr\u00e1\u010d v Premier League v tejto sez\u00f3ne.<\/li>\n<li>Posledn\u00fd spolo\u010dn\u00fd z\u00e1pas EFC a SFC skon\u010dil ligovou v\u00fdhrou host\u00ed 2:1 na Merseyside v janu\u00e1ri 2023.<\/li>\n<li>V\u00a0ligovom poh\u00e1ri naposledy Karamelky prehrali so Sv\u00e4tcami po penalt\u00e1ch pri rem\u00edze 1:1 v\u00a0Gooodison Parku. P\u00edsal sa okt\u00f3ber 2018.<\/li>\n<\/ul>\n<h3 style=\"text-align: center;\"><span style=\"color: #3366ff;\"><em><strong>Up The Toffees !!!<\/strong><\/em><\/span><\/h3>\n<p><strong>\u010co:<\/strong> Everton FC \u2013 Southampton FC, 3. kolo Ligov\u00e9ho poh\u00e1ra<br \/>\n<strong>Kedy:<\/strong> 17.9. 2024 od 20:45 SE\u010c<br \/>\n<strong>Ako: <\/strong>iba internetov\u00e9 streamy \/ Tipsport<br \/>\n<strong>Kde:<\/strong> Goodison Park \u2013 Goodison Rd, Liverpool L4 4EL (kapacita: 39 414)<br \/>\n<strong>Rozhodca:<\/strong> Darren Bond \u00a0<strong>Asistenti:<\/strong> S. Ledger, B. Antrobus\u00a0 <strong>\u0160tvrt\u00fd rozhodca:<\/strong> A. Backhouse<\/p>\n","protected":false},"excerpt":{"rendered":"<p>Ako sa uk\u00e1zalo, na\u0161e re\u0161tarty formy v poh\u00e1ri sa do ligy akosi nepren\u00e1\u0161aj\u00fa. A zv\u00e4\u010d\u0161a ani mana\u017e\u00e9rova selekcia k\u00e1dra. In\u00e1 s\u00fa\u0165a\u017e, in\u00fd mrav. Tak\u017ee sa na dnes te\u0161\u00edme, nie?<\/p>\n","protected":false},"author":1,"featured_media":14388,"comment_status":"open","ping_status":"closed","sticky":false,"template":"","format":"standard","meta":{"_eb_attr":"","_monsterinsights_skip_tracking":false,"_monsterinsights_sitenote_active":false,"_monsterinsights_sitenote_note":"","_monsterinsights_sitenote_category":0,"footnotes":""},"categories":[4],"tags":[],"yoast_head":"<!-- This site is optimized with the Yoast SEO plugin v23.4 - https:\/\/yoast.com\/wordpress\/plugins\/seo\/ -->\n<title>LC Preview: Everton \u2013 Southampton - Official Czech &amp; Slovak Everton Supporters&#039; Club<\/title>\n<meta name=\"robots\" content=\"index, follow, max-snippet:-1, max-image-preview:large, max-video-preview:-1\" \/>\n<link rel=\"canonical\" href=\"https:\/\/evertonfc.cz\/index.php\/2024\/09\/17\/lc-preview-everton-southampton-2\/\" \/>\n<meta property=\"og:locale\" content=\"cs_CZ\" \/>\n<meta property=\"og:type\" content=\"article\" \/>\n<meta property=\"og:title\" content=\"LC Preview: Everton \u2013 Southampton - Official Czech &amp; Slovak Everton Supporters&#039; Club\" \/>\n<meta property=\"og:description\" content=\"Ako sa uk\u00e1zalo, na\u0161e re\u0161tarty formy v poh\u00e1ri sa do ligy akosi nepren\u00e1\u0161aj\u00fa. A zv\u00e4\u010d\u0161a ani mana\u017e\u00e9rova selekcia k\u00e1dra. In\u00e1 s\u00fa\u0165a\u017e, in\u00fd mrav. Tak\u017ee sa na dnes te\u0161\u00edme, nie?\" \/>\n<meta property=\"og:url\" content=\"https:\/\/evertonfc.cz\/index.php\/2024\/09\/17\/lc-preview-everton-southampton-2\/\" \/>\n<meta property=\"og:site_name\" content=\"Official Czech &amp; Slovak Everton Supporters&#039; Club\" \/>\n<meta property=\"article:publisher\" content=\"https:\/\/www.facebook.com\/everton.fans.cz.sk\" \/>\n<meta property=\"article:published_time\" content=\"2024-09-17T12:39:38+00:00\" \/>\n<meta property=\"article:modified_time\" content=\"2024-09-17T12:39:59+00:00\" \/>\n<meta property=\"og:image\" content=\"https:\/\/evertonfc.cz\/wp-content\/uploads\/2021\/03\/Everton-VS-Southampton.png\" \/>\n\t<meta property=\"og:image:width\" content=\"720\" \/>\n\t<meta property=\"og:image:height\" content=\"405\" \/>\n\t<meta property=\"og:image:type\" content=\"image\/png\" \/>\n<meta name=\"author\" content=\"BlueBlooded\" \/>\n<meta name=\"twitter:card\" content=\"summary_large_image\" \/>\n<meta name=\"twitter:label1\" content=\"Napsal(a)\" \/>\n\t<meta name=\"twitter:data1\" content=\"BlueBlooded\" \/>\n\t<meta name=\"twitter:label2\" content=\"Odhadovan\u00e1 doba \u010dten\u00ed\" \/>\n\t<meta name=\"twitter:data2\" content=\"5 minut\" \/>\n<script type=\"application\/ld+json\" class=\"yoast-schema-graph\">{\"@context\":\"https:\/\/schema.org\",\"@graph\":[{\"@type\":\"Article\",\"@id\":\"https:\/\/evertonfc.cz\/index.php\/2024\/09\/17\/lc-preview-everton-southampton-2\/#article\",\"isPartOf\":{\"@id\":\"https:\/\/evertonfc.cz\/index.php\/2024\/09\/17\/lc-preview-everton-southampton-2\/\"},\"author\":{\"name\":\"BlueBlooded\",\"@id\":\"https:\/\/evertonfc.cz\/#\/schema\/person\/d4493b8cbea51532597fbc4685698916\"},\"headline\":\"LC Preview: Everton \u2013 Southampton\",\"datePublished\":\"2024-09-17T12:39:38+00:00\",\"dateModified\":\"2024-09-17T12:39:59+00:00\",\"mainEntityOfPage\":{\"@id\":\"https:\/\/evertonfc.cz\/index.php\/2024\/09\/17\/lc-preview-everton-southampton-2\/\"},\"wordCount\":1280,\"commentCount\":2,\"publisher\":{\"@id\":\"https:\/\/evertonfc.cz\/#organization\"},\"image\":{\"@id\":\"https:\/\/evertonfc.cz\/index.php\/2024\/09\/17\/lc-preview-everton-southampton-2\/#primaryimage\"},\"thumbnailUrl\":\"https:\/\/evertonfc.cz\/wp-content\/uploads\/2021\/03\/Everton-VS-Southampton.png\",\"articleSection\":[\"Z\u00e1pasy\"],\"inLanguage\":\"cs\",\"potentialAction\":[{\"@type\":\"CommentAction\",\"name\":\"Comment\",\"target\":[\"https:\/\/evertonfc.cz\/index.php\/2024\/09\/17\/lc-preview-everton-southampton-2\/#respond\"]}]},{\"@type\":\"WebPage\",\"@id\":\"https:\/\/evertonfc.cz\/index.php\/2024\/09\/17\/lc-preview-everton-southampton-2\/\",\"url\":\"https:\/\/evertonfc.cz\/index.php\/2024\/09\/17\/lc-preview-everton-southampton-2\/\",\"name\":\"LC Preview: Everton \u2013 Southampton - Official Czech &amp; Slovak Everton Supporters&#039; Club\",\"isPartOf\":{\"@id\":\"https:\/\/evertonfc.cz\/#website\"},\"primaryImageOfPage\":{\"@id\":\"https:\/\/evertonfc.cz\/index.php\/2024\/09\/17\/lc-preview-everton-southampton-2\/#primaryimage\"},\"image\":{\"@id\":\"https:\/\/evertonfc.cz\/index.php\/2024\/09\/17\/lc-preview-everton-southampton-2\/#primaryimage\"},\"thumbnailUrl\":\"https:\/\/evertonfc.cz\/wp-content\/uploads\/2021\/03\/Everton-VS-Southampton.png\",\"datePublished\":\"2024-09-17T12:39:38+00:00\",\"dateModified\":\"2024-09-17T12:39:59+00:00\",\"breadcrumb\":{\"@id\":\"https:\/\/evertonfc.cz\/index.php\/2024\/09\/17\/lc-preview-everton-southampton-2\/#breadcrumb\"},\"inLanguage\":\"cs\",\"potentialAction\":[{\"@type\":\"ReadAction\",\"target\":[\"https:\/\/evertonfc.cz\/index.php\/2024\/09\/17\/lc-preview-everton-southampton-2\/\"]}]},{\"@type\":\"ImageObject\",\"inLanguage\":\"cs\",\"@id\":\"https:\/\/evertonfc.cz\/index.php\/2024\/09\/17\/lc-preview-everton-southampton-2\/#primaryimage\",\"url\":\"https:\/\/evertonfc.cz\/wp-content\/uploads\/2021\/03\/Everton-VS-Southampton.png\",\"contentUrl\":\"https:\/\/evertonfc.cz\/wp-content\/uploads\/2021\/03\/Everton-VS-Southampton.png\",\"width\":720,\"height\":405},{\"@type\":\"BreadcrumbList\",\"@id\":\"https:\/\/evertonfc.cz\/index.php\/2024\/09\/17\/lc-preview-everton-southampton-2\/#breadcrumb\",\"itemListElement\":[{\"@type\":\"ListItem\",\"position\":1,\"name\":\"Home\",\"item\":\"https:\/\/evertonfc.cz\/\"},{\"@type\":\"ListItem\",\"position\":2,\"name\":\"LC Preview: Everton \u2013 Southampton\"}]},{\"@type\":\"WebSite\",\"@id\":\"https:\/\/evertonfc.cz\/#website\",\"url\":\"https:\/\/evertonfc.cz\/\",\"name\":\"Official Czech &amp; Slovak Everton Supporters&#039; Club\",\"description\":\"\",\"publisher\":{\"@id\":\"https:\/\/evertonfc.cz\/#organization\"},\"potentialAction\":[{\"@type\":\"SearchAction\",\"target\":{\"@type\":\"EntryPoint\",\"urlTemplate\":\"https:\/\/evertonfc.cz\/?s={search_term_string}\"},\"query-input\":{\"@type\":\"PropertyValueSpecification\",\"valueRequired\":true,\"valueName\":\"search_term_string\"}}],\"inLanguage\":\"cs\"},{\"@type\":\"Organization\",\"@id\":\"https:\/\/evertonfc.cz\/#organization\",\"name\":\"Official Czech & Slovak Everton Supporters' Club\",\"url\":\"https:\/\/evertonfc.cz\/\",\"logo\":{\"@type\":\"ImageObject\",\"inLanguage\":\"cs\",\"@id\":\"https:\/\/evertonfc.cz\/#\/schema\/logo\/image\/\",\"url\":\"https:\/\/evertonfc.cz\/wp-content\/uploads\/2019\/05\/logo.png\",\"contentUrl\":\"https:\/\/evertonfc.cz\/wp-content\/uploads\/2019\/05\/logo.png\",\"width\":112,\"height\":112,\"caption\":\"Official Czech & Slovak Everton Supporters' Club\"},\"image\":{\"@id\":\"https:\/\/evertonfc.cz\/#\/schema\/logo\/image\/\"},\"sameAs\":[\"https:\/\/www.facebook.com\/everton.fans.cz.sk\"]},{\"@type\":\"Person\",\"@id\":\"https:\/\/evertonfc.cz\/#\/schema\/person\/d4493b8cbea51532597fbc4685698916\",\"name\":\"BlueBlooded\",\"url\":\"https:\/\/evertonfc.cz\/index.php\/author\/admin\/\"}]}<\/script>\n<!-- \/ Yoast SEO plugin. -->","yoast_head_json":{"title":"LC Preview: Everton \u2013 Southampton - Official Czech &amp; Slovak Everton Supporters&#039; Club","robots":{"index":"index","follow":"follow","max-snippet":"max-snippet:-1","max-image-preview":"max-image-preview:large","max-video-preview":"max-video-preview:-1"},"canonical":"https:\/\/evertonfc.cz\/index.php\/2024\/09\/17\/lc-preview-everton-southampton-2\/","og_locale":"cs_CZ","og_type":"article","og_title":"LC Preview: Everton \u2013 Southampton - Official Czech &amp; Slovak Everton Supporters&#039; Club","og_description":"Ako sa uk\u00e1zalo, na\u0161e re\u0161tarty formy v poh\u00e1ri sa do ligy akosi nepren\u00e1\u0161aj\u00fa. A zv\u00e4\u010d\u0161a ani mana\u017e\u00e9rova selekcia k\u00e1dra. In\u00e1 s\u00fa\u0165a\u017e, in\u00fd mrav. Tak\u017ee sa na dnes te\u0161\u00edme, nie?","og_url":"https:\/\/evertonfc.cz\/index.php\/2024\/09\/17\/lc-preview-everton-southampton-2\/","og_site_name":"Official Czech &amp; Slovak Everton Supporters&#039; Club","article_publisher":"https:\/\/www.facebook.com\/everton.fans.cz.sk","article_published_time":"2024-09-17T12:39:38+00:00","article_modified_time":"2024-09-17T12:39:59+00:00","og_image":[{"width":720,"height":405,"url":"https:\/\/evertonfc.cz\/wp-content\/uploads\/2021\/03\/Everton-VS-Southampton.png","type":"image\/png"}],"author":"BlueBlooded","twitter_card":"summary_large_image","twitter_misc":{"Napsal(a)":"BlueBlooded","Odhadovan\u00e1 doba \u010dten\u00ed":"5 minut"},"schema":{"@context":"https:\/\/schema.org","@graph":[{"@type":"Article","@id":"https:\/\/evertonfc.cz\/index.php\/2024\/09\/17\/lc-preview-everton-southampton-2\/#article","isPartOf":{"@id":"https:\/\/evertonfc.cz\/index.php\/2024\/09\/17\/lc-preview-everton-southampton-2\/"},"author":{"name":"BlueBlooded","@id":"https:\/\/evertonfc.cz\/#\/schema\/person\/d4493b8cbea51532597fbc4685698916"},"headline":"LC Preview: Everton \u2013 Southampton","datePublished":"2024-09-17T12:39:38+00:00","dateModified":"2024-09-17T12:39:59+00:00","mainEntityOfPage":{"@id":"https:\/\/evertonfc.cz\/index.php\/2024\/09\/17\/lc-preview-everton-southampton-2\/"},"wordCount":1280,"commentCount":2,"publisher":{"@id":"https:\/\/evertonfc.cz\/#organization"},"image":{"@id":"https:\/\/evertonfc.cz\/index.php\/2024\/09\/17\/lc-preview-everton-southampton-2\/#primaryimage"},"thumbnailUrl":"https:\/\/evertonfc.cz\/wp-content\/uploads\/2021\/03\/Everton-VS-Southampton.png","articleSection":["Z\u00e1pasy"],"inLanguage":"cs","potentialAction":[{"@type":"CommentAction","name":"Comment","target":["https:\/\/evertonfc.cz\/index.php\/2024\/09\/17\/lc-preview-everton-southampton-2\/#respond"]}]},{"@type":"WebPage","@id":"https:\/\/evertonfc.cz\/index.php\/2024\/09\/17\/lc-preview-everton-southampton-2\/","url":"https:\/\/evertonfc.cz\/index.php\/2024\/09\/17\/lc-preview-everton-southampton-2\/","name":"LC Preview: Everton \u2013 Southampton - Official Czech &amp; Slovak Everton Supporters&#039; Club","isPartOf":{"@id":"https:\/\/evertonfc.cz\/#website"},"primaryImageOfPage":{"@id":"https:\/\/evertonfc.cz\/index.php\/2024\/09\/17\/lc-preview-everton-southampton-2\/#primaryimage"},"image":{"@id":"https:\/\/evertonfc.cz\/index.php\/2024\/09\/17\/lc-preview-everton-southampton-2\/#primaryimage"},"thumbnailUrl":"https:\/\/evertonfc.cz\/wp-content\/uploads\/2021\/03\/Everton-VS-Southampton.png","datePublished":"2024-09-17T12:39:38+00:00","dateModified":"2024-09-17T12:39:59+00:00","breadcrumb":{"@id":"https:\/\/evertonfc.cz\/index.php\/2024\/09\/17\/lc-preview-everton-southampton-2\/#breadcrumb"},"inLanguage":"cs","potentialAction":[{"@type":"ReadAction","target":["https:\/\/evertonfc.cz\/index.php\/2024\/09\/17\/lc-preview-everton-southampton-2\/"]}]},{"@type":"ImageObject","inLanguage":"cs","@id":"https:\/\/evertonfc.cz\/index.php\/2024\/09\/17\/lc-preview-everton-southampton-2\/#primaryimage","url":"https:\/\/evertonfc.cz\/wp-content\/uploads\/2021\/03\/Everton-VS-Southampton.png","contentUrl":"https:\/\/evertonfc.cz\/wp-content\/uploads\/2021\/03\/Everton-VS-Southampton.png","width":720,"height":405},{"@type":"BreadcrumbList","@id":"https:\/\/evertonfc.cz\/index.php\/2024\/09\/17\/lc-preview-everton-southampton-2\/#breadcrumb","itemListElement":[{"@type":"ListItem","position":1,"name":"Home","item":"https:\/\/evertonfc.cz\/"},{"@type":"ListItem","position":2,"name":"LC Preview: Everton \u2013 Southampton"}]},{"@type":"WebSite","@id":"https:\/\/evertonfc.cz\/#website","url":"https:\/\/evertonfc.cz\/","name":"Official Czech &amp; Slovak Everton Supporters&#039; Club","description":"","publisher":{"@id":"https:\/\/evertonfc.cz\/#organization"},"potentialAction":[{"@type":"SearchAction","target":{"@type":"EntryPoint","urlTemplate":"https:\/\/evertonfc.cz\/?s={search_term_string}"},"query-input":{"@type":"PropertyValueSpecification","valueRequired":true,"valueName":"search_term_string"}}],"inLanguage":"cs"},{"@type":"Organization","@id":"https:\/\/evertonfc.cz\/#organization","name":"Official Czech & Slovak Everton Supporters' Club","url":"https:\/\/evertonfc.cz\/","logo":{"@type":"ImageObject","inLanguage":"cs","@id":"https:\/\/evertonfc.cz\/#\/schema\/logo\/image\/","url":"https:\/\/evertonfc.cz\/wp-content\/uploads\/2019\/05\/logo.png","contentUrl":"https:\/\/evertonfc.cz\/wp-content\/uploads\/2019\/05\/logo.png","width":112,"height":112,"caption":"Official Czech & Slovak Everton Supporters' Club"},"image":{"@id":"https:\/\/evertonfc.cz\/#\/schema\/logo\/image\/"},"sameAs":["https:\/\/www.facebook.com\/everton.fans.cz.sk"]},{"@type":"Person","@id":"https:\/\/evertonfc.cz\/#\/schema\/person\/d4493b8cbea51532597fbc4685698916","name":"BlueBlooded","url":"https:\/\/evertonfc.cz\/index.php\/author\/admin\/"}]}},"_links":{"self":[{"href":"https:\/\/evertonfc.cz\/index.php\/wp-json\/wp\/v2\/posts\/25255"}],"collection":[{"href":"https:\/\/evertonfc.cz\/index.php\/wp-json\/wp\/v2\/posts"}],"about":[{"href":"https:\/\/evertonfc.cz\/index.php\/wp-json\/wp\/v2\/types\/post"}],"author":[{"embeddable":true,"href":"https:\/\/evertonfc.cz\/index.php\/wp-json\/wp\/v2\/users\/1"}],"replies":[{"embeddable":true,"href":"https:\/\/evertonfc.cz\/index.php\/wp-json\/wp\/v2\/comments?post=25255"}],"version-history":[{"count":3,"href":"https:\/\/evertonfc.cz\/index.php\/wp-json\/wp\/v2\/posts\/25255\/revisions"}],"predecessor-version":[{"id":25258,"href":"https:\/\/evertonfc.cz\/index.php\/wp-json\/wp\/v2\/posts\/25255\/revisions\/25258"}],"wp:featuredmedia":[{"embeddable":true,"href":"https:\/\/evertonfc.cz\/index.php\/wp-json\/wp\/v2\/media\/14388"}],"wp:attachment":[{"href":"https:\/\/evertonfc.cz\/index.php\/wp-json\/wp\/v2\/media?parent=25255"}],"wp:term":[{"taxonomy":"category","embeddable":true,"href":"https:\/\/evertonfc.cz\/index.php\/wp-json\/wp\/v2\/categories?post=25255"},{"taxonomy":"post_tag","embeddable":true,"href":"https:\/\/evertonfc.cz\/index.php\/wp-json\/wp\/v2\/tags?post=25255"}],"curies":[{"name":"wp","href":"https:\/\/api.w.org\/{rel}","templated":true}]}}