{"id":25295,"date":"2024-09-21T11:59:02","date_gmt":"2024-09-21T09:59:02","guid":{"rendered":"https:\/\/evertonfc.cz\/?p=25295"},"modified":"2024-09-21T12:25:23","modified_gmt":"2024-09-21T10:25:23","slug":"preview-leicester-city-everton-10","status":"publish","type":"post","link":"https:\/\/evertonfc.cz\/index.php\/2024\/09\/21\/preview-leicester-city-everton-10\/","title":{"rendered":"Preview: Leicester City &#8211; Everton"},"content":{"rendered":"<h4>V p\u00e1t\u00e9m kole prob\u011bhne dal\u0161\u00ed pokus o prvn\u00ed ligovou v\u00fdhru t\u00e9hle sez\u00f3ny.<\/h4>\n<p>P\u0159ed t\u00fddnem utk\u00e1n\u00ed ve Villa Parku hezky uk\u00e1zalo, co je to frustra\u010dn\u00ed kompozice. F\u00e1ze o\u010dek\u00e1v\u00e1n\u00ed byla, kdy\u017e se Everton ujal veden\u00ed 2:0. Pak ale n\u00e1sledovala f\u00e1ze zklam\u00e1n\u00ed, kdy dom\u00e1c\u00ed oto\u010dili na v\u00edt\u011bzn\u00fdch 3:2. Toffees tak z\u016fst\u00e1vaj\u00ed s nejhor\u0161\u00ed obranou na posledn\u00ed \u0161pricli tabulky, zat\u00edmco nejmenovan\u00fd t\u00fdm z Nottinghamu na stejn\u00e9 4 vst\u0159elen\u00e9 branky pro\u017e\u00edv\u00e1 na sedm\u00e9 pozici slu\u0161n\u00fd start sezony. Oleje do ohn\u011b p\u0159ililo vypadnut\u00ed na penalty v dom\u00e1c\u00edm z\u00e1pase Ligov\u00e9ho poh\u00e1ru proti Southamptonu, kter\u00fd je tabulkov\u00fdm sousedem. M\u00e9dia spekuluj\u00ed celkem opr\u00e1vn\u011bn\u011b o setrv\u00e1n\u00ed mana\u017eera v klubu, ur\u010dit\u011b jde o jeho nejhor\u0161\u00ed obdob\u00ed v Evertonu.<\/p>\n<p>V \u00fater\u00fd musela nastoupit zna\u010dn\u011b improvizovan\u00e1 sestava. Oproti tomuto z\u00e1pasu by m\u011bla b\u00fdt k dispozici trojice Mykolenko, Tarkowski a Calvert-Lewin. Rozs\u00e1hl\u00e1 marodka ale v klubu je stejn\u011b. Kdo v\u0161echno tedy ur\u010dit\u011b nebude? Garner, Gana (smrt otce), Coleman, Branthwaite, Patterson, Chermiti a Broja. S otazn\u00edkem je start Keanea s Harrisonem. Marodka tedy ovliv\u0148uje hlavn\u011b obranu, pokud by nemohl Keane nastoupit, do\u010dkala by se ligov\u00e9ho debutu irsk\u00e1 letn\u00ed posila O\u00b4Brien a do z\u00e1kladn\u00ed sestavy se asi vr\u00e1t\u00ed Doucour\u00e9 na svou p\u016fvodn\u00ed pozici. A\u010d v\u0161ichni opr\u00e1vn\u011bn\u011b nad\u00e1v\u00e1me na v\u00fdkony Younga (v\u010detn\u011b jeho zahozen\u00e9 penalty v \u00fater\u00fd, on zavinil vypadnut\u00ed), tak pravd\u011bpodobn\u011b nastoup\u00ed na prav\u00e9m kraji obrany.. <em>ach jo.<\/em><\/p>\n<p>Nov\u00e1\u010dek z Leicesteru ale tak\u00e9 je\u0161t\u011b nevyhr\u00e1l, a\u010d po rem\u00edz\u00e1ch proti Tottenhamu a Crystal Palace zaknihoval dva body. Klub v l\u00e9t\u011b oslabily odchody Barnese do Newcastlu a Maddisona do Tottenhamu, naopak p\u0159i\u0161el z Montpellieru Mavididi. V klubu st\u00e1le z\u016fst\u00e1v\u00e1 klubov\u00e1 legenda Vardy, v kategorii &#8222;exevertonian&#8220; odehr\u00e1l 8 minut letos Coady. K utk\u00e1n\u00ed nebude p\u0159ipravena trojice Opoku (zlomen\u00e1 noha), Stolarczyk a Daka (oba kotn\u00edk).<\/p>\n<p><strong>Co:\u00a0<\/strong>Leicester City FC &#8211; Everton FC, 5. kolo Premier League<br \/>\n<strong>Kdy:\u00a0<\/strong>21. 9. 2024 od 16:00<br \/>\n<strong>Kde: <\/strong>King Power Stadium \u2013 Filbert Way, Leicester LE2 7FL (kapacita: 32 261)<br \/>\n<strong>TV:\u00a0<\/strong>P\u0159\u00edm\u00fd p\u0159enos na stanici Canal+ Sport 7, komentuje Ond\u0159ej L\u00edpa<br \/>\n<strong>Rozhod\u010d\u00ed:\u00a0<\/strong>Darren England &#8211; Gary Beswick, Adam Nunn\u00a0<strong>\u010ctvrt\u00fd rozhod\u010d\u00ed:\u00a0<\/strong>Geoff Eltringham<br \/>\n<strong>Videorozhod\u010d\u00ed:\u00a0<\/strong>Michael Salisbury\u00a0<strong>Asistent videorozhod\u010d\u00edho:\u00a0<\/strong>Natalie Aspinallov\u00e1<\/p>\n","protected":false},"excerpt":{"rendered":"<p>V p\u00e1t\u00e9m kole prob\u011bhne dal\u0161\u00ed pokus o prvn\u00ed ligovou v\u00fdhru t\u00e9hle sez\u00f3ny.<\/p>\n","protected":false},"author":12,"featured_media":13180,"comment_status":"open","ping_status":"closed","sticky":false,"template":"","format":"standard","meta":{"_eb_attr":"","_monsterinsights_skip_tracking":false,"_monsterinsights_sitenote_active":false,"_monsterinsights_sitenote_note":"","_monsterinsights_sitenote_category":0,"footnotes":""},"categories":[4],"tags":[],"yoast_head":"<!-- This site is optimized with the Yoast SEO plugin v23.4 - https:\/\/yoast.com\/wordpress\/plugins\/seo\/ -->\n<title>Preview: Leicester City - Everton - Official Czech &amp; Slovak Everton Supporters&#039; Club<\/title>\n<meta name=\"description\" content=\"V p\u00e1t\u00e9m kole prob\u011bhne dal\u0161\u00ed pokus o prvn\u00ed ligovou v\u00fdhru t\u00e9hle sez\u00f3ny.\" \/>\n<meta name=\"robots\" content=\"index, follow, max-snippet:-1, max-image-preview:large, max-video-preview:-1\" \/>\n<link rel=\"canonical\" href=\"https:\/\/evertonfc.cz\/index.php\/2024\/09\/21\/preview-leicester-city-everton-10\/\" \/>\n<meta property=\"og:locale\" content=\"cs_CZ\" \/>\n<meta property=\"og:type\" content=\"article\" \/>\n<meta property=\"og:title\" content=\"Preview: Leicester City - Everton - Official Czech &amp; Slovak Everton Supporters&#039; Club\" \/>\n<meta property=\"og:description\" content=\"V p\u00e1t\u00e9m kole prob\u011bhne dal\u0161\u00ed pokus o prvn\u00ed ligovou v\u00fdhru t\u00e9hle sez\u00f3ny.\" \/>\n<meta property=\"og:url\" content=\"https:\/\/evertonfc.cz\/index.php\/2024\/09\/21\/preview-leicester-city-everton-10\/\" \/>\n<meta property=\"og:site_name\" content=\"Official Czech &amp; Slovak Everton Supporters&#039; Club\" \/>\n<meta property=\"article:publisher\" content=\"https:\/\/www.facebook.com\/everton.fans.cz.sk\" \/>\n<meta property=\"article:published_time\" content=\"2024-09-21T09:59:02+00:00\" \/>\n<meta property=\"article:modified_time\" content=\"2024-09-21T10:25:23+00:00\" \/>\n<meta property=\"og:image\" content=\"https:\/\/evertonfc.cz\/wp-content\/uploads\/2020\/12\/Leicester-City-VS-Everton.jpg\" \/>\n\t<meta property=\"og:image:width\" content=\"720\" \/>\n\t<meta property=\"og:image:height\" content=\"405\" \/>\n\t<meta property=\"og:image:type\" content=\"image\/jpeg\" \/>\n<meta name=\"author\" content=\"Javor\" \/>\n<meta name=\"twitter:card\" content=\"summary_large_image\" \/>\n<meta name=\"twitter:creator\" content=\"@LoudinJan\" \/>\n<meta name=\"twitter:label1\" content=\"Napsal(a)\" \/>\n\t<meta name=\"twitter:data1\" content=\"Javor\" \/>\n\t<meta name=\"twitter:label2\" content=\"Odhadovan\u00e1 doba \u010dten\u00ed\" \/>\n\t<meta name=\"twitter:data2\" content=\"3 minuty\" \/>\n<script type=\"application\/ld+json\" class=\"yoast-schema-graph\">{\"@context\":\"https:\/\/schema.org\",\"@graph\":[{\"@type\":\"Article\",\"@id\":\"https:\/\/evertonfc.cz\/index.php\/2024\/09\/21\/preview-leicester-city-everton-10\/#article\",\"isPartOf\":{\"@id\":\"https:\/\/evertonfc.cz\/index.php\/2024\/09\/21\/preview-leicester-city-everton-10\/\"},\"author\":{\"name\":\"Javor\",\"@id\":\"https:\/\/evertonfc.cz\/#\/schema\/person\/b30daf6a5852f4811f8207a17ec1bf78\"},\"headline\":\"Preview: Leicester City &#8211; Everton\",\"datePublished\":\"2024-09-21T09:59:02+00:00\",\"dateModified\":\"2024-09-21T10:25:23+00:00\",\"mainEntityOfPage\":{\"@id\":\"https:\/\/evertonfc.cz\/index.php\/2024\/09\/21\/preview-leicester-city-everton-10\/\"},\"wordCount\":414,\"commentCount\":7,\"publisher\":{\"@id\":\"https:\/\/evertonfc.cz\/#organization\"},\"image\":{\"@id\":\"https:\/\/evertonfc.cz\/index.php\/2024\/09\/21\/preview-leicester-city-everton-10\/#primaryimage\"},\"thumbnailUrl\":\"https:\/\/evertonfc.cz\/wp-content\/uploads\/2020\/12\/Leicester-City-VS-Everton.jpg\",\"articleSection\":[\"Z\u00e1pasy\"],\"inLanguage\":\"cs\",\"potentialAction\":[{\"@type\":\"CommentAction\",\"name\":\"Comment\",\"target\":[\"https:\/\/evertonfc.cz\/index.php\/2024\/09\/21\/preview-leicester-city-everton-10\/#respond\"]}]},{\"@type\":\"WebPage\",\"@id\":\"https:\/\/evertonfc.cz\/index.php\/2024\/09\/21\/preview-leicester-city-everton-10\/\",\"url\":\"https:\/\/evertonfc.cz\/index.php\/2024\/09\/21\/preview-leicester-city-everton-10\/\",\"name\":\"Preview: Leicester City - Everton - Official Czech &amp; Slovak Everton Supporters&#039; Club\",\"isPartOf\":{\"@id\":\"https:\/\/evertonfc.cz\/#website\"},\"primaryImageOfPage\":{\"@id\":\"https:\/\/evertonfc.cz\/index.php\/2024\/09\/21\/preview-leicester-city-everton-10\/#primaryimage\"},\"image\":{\"@id\":\"https:\/\/evertonfc.cz\/index.php\/2024\/09\/21\/preview-leicester-city-everton-10\/#primaryimage\"},\"thumbnailUrl\":\"https:\/\/evertonfc.cz\/wp-content\/uploads\/2020\/12\/Leicester-City-VS-Everton.jpg\",\"datePublished\":\"2024-09-21T09:59:02+00:00\",\"dateModified\":\"2024-09-21T10:25:23+00:00\",\"description\":\"V p\u00e1t\u00e9m kole prob\u011bhne dal\u0161\u00ed pokus o prvn\u00ed ligovou v\u00fdhru t\u00e9hle sez\u00f3ny.\",\"breadcrumb\":{\"@id\":\"https:\/\/evertonfc.cz\/index.php\/2024\/09\/21\/preview-leicester-city-everton-10\/#breadcrumb\"},\"inLanguage\":\"cs\",\"potentialAction\":[{\"@type\":\"ReadAction\",\"target\":[\"https:\/\/evertonfc.cz\/index.php\/2024\/09\/21\/preview-leicester-city-everton-10\/\"]}]},{\"@type\":\"ImageObject\",\"inLanguage\":\"cs\",\"@id\":\"https:\/\/evertonfc.cz\/index.php\/2024\/09\/21\/preview-leicester-city-everton-10\/#primaryimage\",\"url\":\"https:\/\/evertonfc.cz\/wp-content\/uploads\/2020\/12\/Leicester-City-VS-Everton.jpg\",\"contentUrl\":\"https:\/\/evertonfc.cz\/wp-content\/uploads\/2020\/12\/Leicester-City-VS-Everton.jpg\",\"width\":720,\"height\":405},{\"@type\":\"BreadcrumbList\",\"@id\":\"https:\/\/evertonfc.cz\/index.php\/2024\/09\/21\/preview-leicester-city-everton-10\/#breadcrumb\",\"itemListElement\":[{\"@type\":\"ListItem\",\"position\":1,\"name\":\"Home\",\"item\":\"https:\/\/evertonfc.cz\/\"},{\"@type\":\"ListItem\",\"position\":2,\"name\":\"Preview: Leicester City &#8211; Everton\"}]},{\"@type\":\"WebSite\",\"@id\":\"https:\/\/evertonfc.cz\/#website\",\"url\":\"https:\/\/evertonfc.cz\/\",\"name\":\"Official Czech &amp; Slovak Everton Supporters&#039; Club\",\"description\":\"\",\"publisher\":{\"@id\":\"https:\/\/evertonfc.cz\/#organization\"},\"potentialAction\":[{\"@type\":\"SearchAction\",\"target\":{\"@type\":\"EntryPoint\",\"urlTemplate\":\"https:\/\/evertonfc.cz\/?s={search_term_string}\"},\"query-input\":{\"@type\":\"PropertyValueSpecification\",\"valueRequired\":true,\"valueName\":\"search_term_string\"}}],\"inLanguage\":\"cs\"},{\"@type\":\"Organization\",\"@id\":\"https:\/\/evertonfc.cz\/#organization\",\"name\":\"Official Czech & Slovak Everton Supporters' Club\",\"url\":\"https:\/\/evertonfc.cz\/\",\"logo\":{\"@type\":\"ImageObject\",\"inLanguage\":\"cs\",\"@id\":\"https:\/\/evertonfc.cz\/#\/schema\/logo\/image\/\",\"url\":\"https:\/\/evertonfc.cz\/wp-content\/uploads\/2019\/05\/logo.png\",\"contentUrl\":\"https:\/\/evertonfc.cz\/wp-content\/uploads\/2019\/05\/logo.png\",\"width\":112,\"height\":112,\"caption\":\"Official Czech & Slovak Everton Supporters' Club\"},\"image\":{\"@id\":\"https:\/\/evertonfc.cz\/#\/schema\/logo\/image\/\"},\"sameAs\":[\"https:\/\/www.facebook.com\/everton.fans.cz.sk\"]},{\"@type\":\"Person\",\"@id\":\"https:\/\/evertonfc.cz\/#\/schema\/person\/b30daf6a5852f4811f8207a17ec1bf78\",\"name\":\"Javor\",\"sameAs\":[\"https:\/\/x.com\/LoudinJan\"],\"url\":\"https:\/\/evertonfc.cz\/index.php\/author\/javor\/\"}]}<\/script>\n<!-- \/ Yoast SEO plugin. -->","yoast_head_json":{"title":"Preview: Leicester City - Everton - Official Czech &amp; Slovak Everton Supporters&#039; Club","description":"V p\u00e1t\u00e9m kole prob\u011bhne dal\u0161\u00ed pokus o prvn\u00ed ligovou v\u00fdhru t\u00e9hle sez\u00f3ny.","robots":{"index":"index","follow":"follow","max-snippet":"max-snippet:-1","max-image-preview":"max-image-preview:large","max-video-preview":"max-video-preview:-1"},"canonical":"https:\/\/evertonfc.cz\/index.php\/2024\/09\/21\/preview-leicester-city-everton-10\/","og_locale":"cs_CZ","og_type":"article","og_title":"Preview: Leicester City - Everton - Official Czech &amp; Slovak Everton Supporters&#039; Club","og_description":"V p\u00e1t\u00e9m kole prob\u011bhne dal\u0161\u00ed pokus o prvn\u00ed ligovou v\u00fdhru t\u00e9hle sez\u00f3ny.","og_url":"https:\/\/evertonfc.cz\/index.php\/2024\/09\/21\/preview-leicester-city-everton-10\/","og_site_name":"Official Czech &amp; Slovak Everton Supporters&#039; Club","article_publisher":"https:\/\/www.facebook.com\/everton.fans.cz.sk","article_published_time":"2024-09-21T09:59:02+00:00","article_modified_time":"2024-09-21T10:25:23+00:00","og_image":[{"width":720,"height":405,"url":"https:\/\/evertonfc.cz\/wp-content\/uploads\/2020\/12\/Leicester-City-VS-Everton.jpg","type":"image\/jpeg"}],"author":"Javor","twitter_card":"summary_large_image","twitter_creator":"@LoudinJan","twitter_misc":{"Napsal(a)":"Javor","Odhadovan\u00e1 doba \u010dten\u00ed":"3 minuty"},"schema":{"@context":"https:\/\/schema.org","@graph":[{"@type":"Article","@id":"https:\/\/evertonfc.cz\/index.php\/2024\/09\/21\/preview-leicester-city-everton-10\/#article","isPartOf":{"@id":"https:\/\/evertonfc.cz\/index.php\/2024\/09\/21\/preview-leicester-city-everton-10\/"},"author":{"name":"Javor","@id":"https:\/\/evertonfc.cz\/#\/schema\/person\/b30daf6a5852f4811f8207a17ec1bf78"},"headline":"Preview: Leicester City &#8211; Everton","datePublished":"2024-09-21T09:59:02+00:00","dateModified":"2024-09-21T10:25:23+00:00","mainEntityOfPage":{"@id":"https:\/\/evertonfc.cz\/index.php\/2024\/09\/21\/preview-leicester-city-everton-10\/"},"wordCount":414,"commentCount":7,"publisher":{"@id":"https:\/\/evertonfc.cz\/#organization"},"image":{"@id":"https:\/\/evertonfc.cz\/index.php\/2024\/09\/21\/preview-leicester-city-everton-10\/#primaryimage"},"thumbnailUrl":"https:\/\/evertonfc.cz\/wp-content\/uploads\/2020\/12\/Leicester-City-VS-Everton.jpg","articleSection":["Z\u00e1pasy"],"inLanguage":"cs","potentialAction":[{"@type":"CommentAction","name":"Comment","target":["https:\/\/evertonfc.cz\/index.php\/2024\/09\/21\/preview-leicester-city-everton-10\/#respond"]}]},{"@type":"WebPage","@id":"https:\/\/evertonfc.cz\/index.php\/2024\/09\/21\/preview-leicester-city-everton-10\/","url":"https:\/\/evertonfc.cz\/index.php\/2024\/09\/21\/preview-leicester-city-everton-10\/","name":"Preview: Leicester City - Everton - Official Czech &amp; Slovak Everton Supporters&#039; Club","isPartOf":{"@id":"https:\/\/evertonfc.cz\/#website"},"primaryImageOfPage":{"@id":"https:\/\/evertonfc.cz\/index.php\/2024\/09\/21\/preview-leicester-city-everton-10\/#primaryimage"},"image":{"@id":"https:\/\/evertonfc.cz\/index.php\/2024\/09\/21\/preview-leicester-city-everton-10\/#primaryimage"},"thumbnailUrl":"https:\/\/evertonfc.cz\/wp-content\/uploads\/2020\/12\/Leicester-City-VS-Everton.jpg","datePublished":"2024-09-21T09:59:02+00:00","dateModified":"2024-09-21T10:25:23+00:00","description":"V p\u00e1t\u00e9m kole prob\u011bhne dal\u0161\u00ed pokus o prvn\u00ed ligovou v\u00fdhru t\u00e9hle sez\u00f3ny.","breadcrumb":{"@id":"https:\/\/evertonfc.cz\/index.php\/2024\/09\/21\/preview-leicester-city-everton-10\/#breadcrumb"},"inLanguage":"cs","potentialAction":[{"@type":"ReadAction","target":["https:\/\/evertonfc.cz\/index.php\/2024\/09\/21\/preview-leicester-city-everton-10\/"]}]},{"@type":"ImageObject","inLanguage":"cs","@id":"https:\/\/evertonfc.cz\/index.php\/2024\/09\/21\/preview-leicester-city-everton-10\/#primaryimage","url":"https:\/\/evertonfc.cz\/wp-content\/uploads\/2020\/12\/Leicester-City-VS-Everton.jpg","contentUrl":"https:\/\/evertonfc.cz\/wp-content\/uploads\/2020\/12\/Leicester-City-VS-Everton.jpg","width":720,"height":405},{"@type":"BreadcrumbList","@id":"https:\/\/evertonfc.cz\/index.php\/2024\/09\/21\/preview-leicester-city-everton-10\/#breadcrumb","itemListElement":[{"@type":"ListItem","position":1,"name":"Home","item":"https:\/\/evertonfc.cz\/"},{"@type":"ListItem","position":2,"name":"Preview: Leicester City &#8211; Everton"}]},{"@type":"WebSite","@id":"https:\/\/evertonfc.cz\/#website","url":"https:\/\/evertonfc.cz\/","name":"Official Czech &amp; Slovak Everton Supporters&#039; Club","description":"","publisher":{"@id":"https:\/\/evertonfc.cz\/#organization"},"potentialAction":[{"@type":"SearchAction","target":{"@type":"EntryPoint","urlTemplate":"https:\/\/evertonfc.cz\/?s={search_term_string}"},"query-input":{"@type":"PropertyValueSpecification","valueRequired":true,"valueName":"search_term_string"}}],"inLanguage":"cs"},{"@type":"Organization","@id":"https:\/\/evertonfc.cz\/#organization","name":"Official Czech & Slovak Everton Supporters' Club","url":"https:\/\/evertonfc.cz\/","logo":{"@type":"ImageObject","inLanguage":"cs","@id":"https:\/\/evertonfc.cz\/#\/schema\/logo\/image\/","url":"https:\/\/evertonfc.cz\/wp-content\/uploads\/2019\/05\/logo.png","contentUrl":"https:\/\/evertonfc.cz\/wp-content\/uploads\/2019\/05\/logo.png","width":112,"height":112,"caption":"Official Czech & Slovak Everton Supporters' Club"},"image":{"@id":"https:\/\/evertonfc.cz\/#\/schema\/logo\/image\/"},"sameAs":["https:\/\/www.facebook.com\/everton.fans.cz.sk"]},{"@type":"Person","@id":"https:\/\/evertonfc.cz\/#\/schema\/person\/b30daf6a5852f4811f8207a17ec1bf78","name":"Javor","sameAs":["https:\/\/x.com\/LoudinJan"],"url":"https:\/\/evertonfc.cz\/index.php\/author\/javor\/"}]}},"_links":{"self":[{"href":"https:\/\/evertonfc.cz\/index.php\/wp-json\/wp\/v2\/posts\/25295"}],"collection":[{"href":"https:\/\/evertonfc.cz\/index.php\/wp-json\/wp\/v2\/posts"}],"about":[{"href":"https:\/\/evertonfc.cz\/index.php\/wp-json\/wp\/v2\/types\/post"}],"author":[{"embeddable":true,"href":"https:\/\/evertonfc.cz\/index.php\/wp-json\/wp\/v2\/users\/12"}],"replies":[{"embeddable":true,"href":"https:\/\/evertonfc.cz\/index.php\/wp-json\/wp\/v2\/comments?post=25295"}],"version-history":[{"count":3,"href":"https:\/\/evertonfc.cz\/index.php\/wp-json\/wp\/v2\/posts\/25295\/revisions"}],"predecessor-version":[{"id":25299,"href":"https:\/\/evertonfc.cz\/index.php\/wp-json\/wp\/v2\/posts\/25295\/revisions\/25299"}],"wp:featuredmedia":[{"embeddable":true,"href":"https:\/\/evertonfc.cz\/index.php\/wp-json\/wp\/v2\/media\/13180"}],"wp:attachment":[{"href":"https:\/\/evertonfc.cz\/index.php\/wp-json\/wp\/v2\/media?parent=25295"}],"wp:term":[{"taxonomy":"category","embeddable":true,"href":"https:\/\/evertonfc.cz\/index.php\/wp-json\/wp\/v2\/categories?post=25295"},{"taxonomy":"post_tag","embeddable":true,"href":"https:\/\/evertonfc.cz\/index.php\/wp-json\/wp\/v2\/tags?post=25295"}],"curies":[{"name":"wp","href":"https:\/\/api.w.org\/{rel}","templated":true}]}}