{"id":25297,"date":"2024-09-21T22:23:04","date_gmt":"2024-09-21T20:23:04","guid":{"rendered":"https:\/\/evertonfc.cz\/?p=25297"},"modified":"2024-09-23T12:29:08","modified_gmt":"2024-09-23T10:29:08","slug":"brighton-hove-albion-w-everton-w-40","status":"publish","type":"post","link":"https:\/\/evertonfc.cz\/index.php\/2024\/09\/21\/brighton-hove-albion-w-everton-w-40\/","title":{"rendered":"Brighton &#038; Hove Albion W &#8211; Everton W 4:0"},"content":{"rendered":"<h4>Dal\u0161\u00ed z dlouh\u00e9 s\u00e9rie z\u00e1pas\u016f, &#8222;ze kter\u00fdch si m\u016f\u017eeme vz\u00edt pou\u010den\u00ed a vr\u00e1tit se siln\u011bj\u0161\u00ed.&#8220;\u00a0 Tak\u00e9 jste tuto v\u011btu loni u\u017e p\u00e1rkr\u00e1t sly\u0161eli?<\/h4>\n<p>Brighton v p\u0159estupov\u00e9m okn\u011b nazah\u00e1lel a zejm\u00e9na dv\u011b z jeho posil budeme pozorn\u011b sledovat. Z Barcelony dorazila 20 let\u00e1 Bruna Vilamala, kter\u00e1 v sob\u011b spojuje potenci\u00e1l dal\u0161\u00edho r\u016fstu i prov\u011b\u0159enou kvalitu sou\u010dasnosti (20 branek v 50 vystoupen\u00edch za Barcelonu \u0159\u00edk\u00e1 mnoh\u00e9). Na druh\u00e9 stran\u011b v\u011bkov\u00e9ho spektra je p\u0159estup 31 let\u00e9 Fran Kirby z Chelsea. Kirby m\u00e1 za sebou impozantn\u00ed fotbalov\u00e9 \u00fasp\u011bchy a pr\u00e1vem se vypracovala mezi nejlep\u0161\u00ed ofenzivn\u00ed hr\u00e1\u010dky WSL. Mimo jin\u00e9 je historicky nejlep\u0161\u00ed st\u0159elkyn\u00ed Chelsea s 116 g\u00f3ly. Nicm\u00e9n\u011b jej\u00ed kari\u00e9ra i \u017eivot jsou tak\u00e9 prostoupeny temn\u011bj\u0161\u00edmi obdob\u00edmi, kdy bojovala s depresemi, endokarditidou a \u00fanavov\u00fdm syndromem. P\u0159esto\u017ee v uplynul\u00e9 sez\u00f3n\u011b sk\u00f3rovala pouze t\u0159ikr\u00e1t, st\u00e1le pat\u0159\u00ed mezi velmi nebezpe\u010dn\u00e9 soupe\u0159ky. Tak\u00e9 Evertonians se t\u011b\u0161ili na p\u0159edstaven\u00ed v\u011bt\u0161iny nov\u00fdch posil, kter\u00e9 S\u00f8rensen nev\u00e1hal nominovat k \u00favodn\u00edmu z\u00e1pasu.<\/p>\n<p><strong>Prvn\u00ed polo\u010das<\/strong><\/p>\n<p>n\u00e1m Seaguls nic nedarovaly. Byly rychlej\u0161\u00ed, p\u0159esn\u011bj\u0161\u00ed v p\u0159ihr\u00e1vk\u00e1ch a tak\u00e9 urputn\u011bj\u0161\u00ed. Pokud jsme m\u011bli m\u00ed\u010d na kopa\u010dk\u00e1ch, sta\u010dily n\u00e1m jedna a\u017e dv\u011b p\u0159ihr\u00e1vky, abychom o n\u011bj op\u011bt p\u0159i\u0161li. Pro n\u00e1s hr\u00e1lo snad jen to, \u017ee Brighton nebyl schopn\u00fd dostat se do smysloupln\u00e9ho zakon\u010den\u00ed. Ale to se bohu\u017eel zm\u011bnilo. Ve 30. minut\u011b Seike obrala\u00a0 o m\u00ed\u010d Stenevik\u00a0 a st\u0159elou z d\u00e1lky p\u0159elobovala pon\u011bkud moc vp\u0159edu stoj\u00edc\u00ed Brosnan &#8211; <strong>1:0<\/strong>. Vz\u00e1p\u011bt\u00ed mohla srovnat Gabarro, ale na p\u0159ihr\u00e1vku od Galli v mal\u00e9m v\u00e1pn\u011b nesta\u010dila.\u00a0 Na\u0161\u00ed jedinou nad\u011bj\u00ed byly pr\u016fniky po k\u0159\u00eddlech a centry do v\u00e1pna, kter\u00e9 v\u0161ak Brighton bez obt\u00ed\u017e\u00ed likvidoval. Snad jedin\u011b schopnost Toni Payne p\u0159ej\u00edt p\u0159e dv\u011b a\u017e t\u0159i hr\u00e1\u010dky, ne\u00fanavnost Wheeler a ob\u010dasn\u00e9 z\u00e1blesky fotbalov\u00e9 inteligence Gabarro mohly udr\u017eovat v evertonsk\u00fdch fanou\u010dc\u00edch nad\u011bji na zvrat.<\/p>\n<h4>Druh\u00fd polo\u010das<\/h4>\n<p>vypadal pro na\u0161e barvy zprvu velmi nad\u011bjn\u011b. Snoeijs a Gabarro si ud\u011blaly nebezpe\u010dn\u00e9 proch\u00e1zky p\u0159ed soupe\u0159ovu branku a nechyb\u011blo mnoho a mohlo b\u00fdt srovn\u00e1no. Nabyli jsme sebev\u011bdom\u00ed a dostali Brighton pod slu\u0161n\u00fd tlak. Bohu\u017eel jen na deset minut. Pattinson z proti\u00fatoku na\u0161la p\u0159ed na\u0161\u00ed brankou a\u017e nechutn\u011b mnoho prostoru, naserv\u00edrovala m\u00ed\u010d voln\u00e9 Seike, kter\u00e1 bez probl\u00e9m\u016f rybi\u010dkou dopravila hlavou merunu do s\u00edt\u011b &#8211; <strong>2:0<\/strong>. Akce p\u0159ekvapiv\u00e1, jednoduch\u00e1 a zabij\u00e1cky \u00fa\u010deln\u00e1. Po tomto g\u00f3lu se n\u00e1m u\u017e do hry po\u0159\u00e1dn\u011b vr\u00e1tit nepoda\u0159ilo a naopak dom\u00e1c\u00ed n\u00e1m nedaly vydechnout. V 68. minut\u011b nast\u0159elila ve v\u00e1pn\u011b \u00de\u00f3risd\u00f3ttir ruku Holmgaard. Proto\u017ee lauren Impey na rozd\u00edl od Igora Hn\u00edzda nast\u0159elen\u00e9 ruce p\u00edsk\u00e1, byla z toho penalta. Tu s p\u0159ehledem prom\u011bnila Kirby &#8211; <strong>3:0<\/strong>. A proto\u017ee ani to nesta\u010dilo, tak v 74. minut\u011b jsme kolektivn\u011b ignorovali nab\u00edhaj\u00edc\u00ed Seike, kter\u00e1 ranou do \u0161ibenice zkompletovala sv\u016fj hatrick &#8211; <strong>4:0<\/strong>. T\u011bsn\u011b p\u0159ed koncem norm\u00edln\u00ed hrac\u00ed doby si v be\u017en\u00e9m souboji o m\u00ed\u010d o\u0161kliv\u011b poranila koleny Galli a odkulhala s oporou dvou fyzioterapeut\u016f ze h\u0159i\u0161t\u011b. Proto\u017ee jsme u\u017e m\u011bli vy\u010derpan\u00e1 v\u0161echna st\u0159\u00edd\u00e1n\u00ed, dohr\u00e1vali jsme v deseti. Na obraz hry ani\u00a0 to u\u017e vliv \u017e\u00e1dn\u00fd nem\u011blo.<\/p>\n<h4>Shrnut\u00ed<\/h4>\n<p>Tohle byl nejhor\u0161\u00ed za\u010d\u00e1tek sez\u00f3ny, kter\u00fd jsme si mohli p\u0159edstavit. Brighton s nov\u00fdm mana\u017eerem a v\u00fdznamn\u00fdmi posilami u\u017e nebude t\u00fdmem, k n\u011bmu\u017e se jezd\u00ed s re\u00e1lnou nad\u011bj\u00ed pro body. Dnes n\u00e1s smetl rozd\u00edlem t\u00eddy. Debutantka Seike ve sv\u00e9m prvn\u00edm z\u00e1pase za evropsk\u00fd klub st\u0159elila stejn\u011b g\u00f3l\u016f, jako na\u0161e hro\u0165a\u010dka Snoeijs za celou lo\u0148skou sez\u00f3nu. Star\u00e9\u00e1 bolesti, tedy na\u0161e neschopnost ohrozit branku soupe\u0159ek a labiln\u00ed obrana se zjevn\u011b nezm\u011bnily ani s p\u0159\u00edchodem nov\u00fdch posil. A je\u0161t\u011b hor\u0161\u00ed je zran\u011bn\u00ed Galli, kter\u00e9 j\u00ed pravd\u011bpodobn\u011b vy\u0159ad\u00ed ze hry na del\u0161\u00ed dobu, ne-li na zbytek sez\u00f3ny &#8211; stra\u0161\u00e1k p\u0159et\u0159\u017een\u00e9ho p\u0159edn\u00edho zk\u0159\u00ed\u017een\u00e9ho vazu je dle p\u0159edb\u011b\u017en\u00fdch odhad\u016f velmi re\u00e1ln\u00fd. Yaya je jednou z m\u00e1la, ne-li jedinou na\u0161\u00ed hr\u00e1\u010dkou, kter\u00e1 kdy\u017e se t\u00fdmu neda\u0159\u00ed je schopn\u00e1 t\u00fdm burcovat, d\u0159\u00edt do \u00famoru, nebo zkusit vz\u00edt odpov\u011bdnost na sebe a o n\u011bco se pokusit. To v\u0161e bylo vid\u011bt i v dne\u0161n\u00edm z\u00e1pase. V\u011b\u0159me, \u017ee se stane z\u00e1zrak a jej\u00ed zran\u011bn\u00ed bude z t\u011bch leh\u010d\u00edch. V ka\u017ed\u00e9m p\u0159\u00edpad\u011b jsou p\u0159ed mana\u017eerem i cel\u00fdm t\u00fdmem mraky pr\u00e1ce. Sez\u00f3na bude zjevn\u011b drsn\u00e1. Tak tedy <strong><span style=\"color: #0000ff;\">COYBG!<\/span><\/strong><\/p>\n<p style=\"text-align: right;\"><span style=\"font-size: 8pt;\"><em>Fotografie: Seike a Stenevik. Zdroj: shekicks.net<\/em><\/span><\/p>\n<p><strong>\u017dK:<\/strong> Symonds, \u010cankovi\u0107 &#8211; Vanhaevermaet<\/p>\n<p><strong>Brighton (3-4-3): <\/strong>Baggaley; Carabal\u00ed, Bergsvand, \u00de\u00f3risd\u00f3ttir; Pattinson, Olislagers (Symonds 65&#8242;), <span class=\"ssrcss-15c46u3-PlayerName ew5vo3k3\">Losada, <\/span>Kirby (Haley 88&#8242;); Vilamala (\u010cankovi\u0107 73\u00b4), Bremer (Parris 72\u00b4), Seike (Agyemang 88&#8242;)<\/p>\n<p><strong>Everton: (4-5-1): <\/strong>Brosnan; S. Holmgaard (Hope 73&#8242;), Stenevik, <span class=\"ssrcss-15c46u3-PlayerName ew5vo3k3\">Finnigan, <\/span>Vanhaevermaet; Sarri (H. Payne 73&#8242;), Galli, Wheeler, Inma Gabarro (Hayashi 57&#8242;), T. Payne (Olesen 57\u00b4); Snoeijs (Bissell 82&#8242;)<\/p>\n<p><strong>Rozhod\u010d\u00ed:<\/strong> Lauren Impey\u00a0 <strong>Div\u00e1ci:<\/strong> 2 125<\/p>\n<p><iframe loading=\"lazy\" title=\"Full Match: Brighton &amp; Hove Albion v Everton | Barclays WSL 2024-25\" width=\"1140\" height=\"641\" src=\"https:\/\/www.youtube.com\/embed\/V-BrFJ0OcWM?feature=oembed\" frameborder=\"0\" allow=\"accelerometer; autoplay; clipboard-write; encrypted-media; gyroscope; picture-in-picture; web-share\" referrerpolicy=\"strict-origin-when-cross-origin\" allowfullscreen><\/iframe><\/p>\n","protected":false},"excerpt":{"rendered":"<p>Dal\u0161\u00ed z dlouh\u00e9 s\u00e9rie z\u00e1pas\u016f, &#8222;ze kter\u00fdch si m\u016f\u017eeme vz\u00edt pou\u010den\u00ed a vr\u00e1tit se siln\u011bj\u0161\u00ed.&#8220;\u00a0 Tak\u00e9 jste tuto v\u011btu loni u\u017e p\u00e1rkr\u00e1t sly\u0161eli?<\/p>\n","protected":false},"author":26,"featured_media":25312,"comment_status":"open","ping_status":"closed","sticky":false,"template":"","format":"standard","meta":{"_eb_attr":"","_monsterinsights_skip_tracking":false,"_monsterinsights_sitenote_active":false,"_monsterinsights_sitenote_note":"","_monsterinsights_sitenote_category":0,"footnotes":""},"categories":[110],"tags":[],"yoast_head":"<!-- This site is optimized with the Yoast SEO plugin v23.4 - https:\/\/yoast.com\/wordpress\/plugins\/seo\/ -->\n<title>Brighton &amp; Hove Albion W - Everton W 4:0 - Official Czech &amp; Slovak Everton Supporters&#039; Club<\/title>\n<meta name=\"robots\" content=\"index, follow, max-snippet:-1, max-image-preview:large, max-video-preview:-1\" \/>\n<link rel=\"canonical\" href=\"https:\/\/evertonfc.cz\/index.php\/2024\/09\/21\/brighton-hove-albion-w-everton-w-40\/\" \/>\n<meta property=\"og:locale\" content=\"cs_CZ\" \/>\n<meta property=\"og:type\" content=\"article\" \/>\n<meta property=\"og:title\" content=\"Brighton &amp; Hove Albion W - Everton W 4:0 - Official Czech &amp; Slovak Everton Supporters&#039; Club\" \/>\n<meta property=\"og:description\" content=\"Dal\u0161\u00ed z dlouh\u00e9 s\u00e9rie z\u00e1pas\u016f, &quot;ze kter\u00fdch si m\u016f\u017eeme vz\u00edt pou\u010den\u00ed a vr\u00e1tit se siln\u011bj\u0161\u00ed.&quot;\u00a0 Tak\u00e9 jste tuto v\u011btu loni u\u017e p\u00e1rkr\u00e1t sly\u0161eli?\" \/>\n<meta property=\"og:url\" content=\"https:\/\/evertonfc.cz\/index.php\/2024\/09\/21\/brighton-hove-albion-w-everton-w-40\/\" \/>\n<meta property=\"og:site_name\" content=\"Official Czech &amp; Slovak Everton Supporters&#039; Club\" \/>\n<meta property=\"article:publisher\" content=\"https:\/\/www.facebook.com\/everton.fans.cz.sk\" \/>\n<meta property=\"article:published_time\" content=\"2024-09-21T20:23:04+00:00\" \/>\n<meta property=\"article:modified_time\" content=\"2024-09-23T10:29:08+00:00\" \/>\n<meta property=\"og:image\" content=\"https:\/\/evertonfc.cz\/wp-content\/uploads\/2024\/09\/Seike-vs-stenevik.jpg\" \/>\n\t<meta property=\"og:image:width\" content=\"720\" \/>\n\t<meta property=\"og:image:height\" content=\"405\" \/>\n\t<meta property=\"og:image:type\" content=\"image\/jpeg\" \/>\n<meta name=\"author\" content=\"Karamela\" \/>\n<meta name=\"twitter:card\" content=\"summary_large_image\" \/>\n<meta name=\"twitter:label1\" content=\"Napsal(a)\" \/>\n\t<meta name=\"twitter:data1\" content=\"Karamela\" \/>\n\t<meta name=\"twitter:label2\" content=\"Odhadovan\u00e1 doba \u010dten\u00ed\" \/>\n\t<meta name=\"twitter:data2\" content=\"5 minut\" \/>\n<script type=\"application\/ld+json\" class=\"yoast-schema-graph\">{\"@context\":\"https:\/\/schema.org\",\"@graph\":[{\"@type\":\"Article\",\"@id\":\"https:\/\/evertonfc.cz\/index.php\/2024\/09\/21\/brighton-hove-albion-w-everton-w-40\/#article\",\"isPartOf\":{\"@id\":\"https:\/\/evertonfc.cz\/index.php\/2024\/09\/21\/brighton-hove-albion-w-everton-w-40\/\"},\"author\":{\"name\":\"Karamela\",\"@id\":\"https:\/\/evertonfc.cz\/#\/schema\/person\/e9a24a80a32efa1344dd2c4e5882185c\"},\"headline\":\"Brighton &#038; Hove Albion W &#8211; Everton W 4:0\",\"datePublished\":\"2024-09-21T20:23:04+00:00\",\"dateModified\":\"2024-09-23T10:29:08+00:00\",\"mainEntityOfPage\":{\"@id\":\"https:\/\/evertonfc.cz\/index.php\/2024\/09\/21\/brighton-hove-albion-w-everton-w-40\/\"},\"wordCount\":954,\"commentCount\":0,\"publisher\":{\"@id\":\"https:\/\/evertonfc.cz\/#organization\"},\"image\":{\"@id\":\"https:\/\/evertonfc.cz\/index.php\/2024\/09\/21\/brighton-hove-albion-w-everton-w-40\/#primaryimage\"},\"thumbnailUrl\":\"https:\/\/evertonfc.cz\/wp-content\/uploads\/2024\/09\/Seike-vs-stenevik.jpg\",\"articleSection\":[\"Everton Women\"],\"inLanguage\":\"cs\",\"potentialAction\":[{\"@type\":\"CommentAction\",\"name\":\"Comment\",\"target\":[\"https:\/\/evertonfc.cz\/index.php\/2024\/09\/21\/brighton-hove-albion-w-everton-w-40\/#respond\"]}]},{\"@type\":\"WebPage\",\"@id\":\"https:\/\/evertonfc.cz\/index.php\/2024\/09\/21\/brighton-hove-albion-w-everton-w-40\/\",\"url\":\"https:\/\/evertonfc.cz\/index.php\/2024\/09\/21\/brighton-hove-albion-w-everton-w-40\/\",\"name\":\"Brighton & Hove Albion W - Everton W 4:0 - Official Czech &amp; Slovak Everton Supporters&#039; Club\",\"isPartOf\":{\"@id\":\"https:\/\/evertonfc.cz\/#website\"},\"primaryImageOfPage\":{\"@id\":\"https:\/\/evertonfc.cz\/index.php\/2024\/09\/21\/brighton-hove-albion-w-everton-w-40\/#primaryimage\"},\"image\":{\"@id\":\"https:\/\/evertonfc.cz\/index.php\/2024\/09\/21\/brighton-hove-albion-w-everton-w-40\/#primaryimage\"},\"thumbnailUrl\":\"https:\/\/evertonfc.cz\/wp-content\/uploads\/2024\/09\/Seike-vs-stenevik.jpg\",\"datePublished\":\"2024-09-21T20:23:04+00:00\",\"dateModified\":\"2024-09-23T10:29:08+00:00\",\"breadcrumb\":{\"@id\":\"https:\/\/evertonfc.cz\/index.php\/2024\/09\/21\/brighton-hove-albion-w-everton-w-40\/#breadcrumb\"},\"inLanguage\":\"cs\",\"potentialAction\":[{\"@type\":\"ReadAction\",\"target\":[\"https:\/\/evertonfc.cz\/index.php\/2024\/09\/21\/brighton-hove-albion-w-everton-w-40\/\"]}]},{\"@type\":\"ImageObject\",\"inLanguage\":\"cs\",\"@id\":\"https:\/\/evertonfc.cz\/index.php\/2024\/09\/21\/brighton-hove-albion-w-everton-w-40\/#primaryimage\",\"url\":\"https:\/\/evertonfc.cz\/wp-content\/uploads\/2024\/09\/Seike-vs-stenevik.jpg\",\"contentUrl\":\"https:\/\/evertonfc.cz\/wp-content\/uploads\/2024\/09\/Seike-vs-stenevik.jpg\",\"width\":720,\"height\":405},{\"@type\":\"BreadcrumbList\",\"@id\":\"https:\/\/evertonfc.cz\/index.php\/2024\/09\/21\/brighton-hove-albion-w-everton-w-40\/#breadcrumb\",\"itemListElement\":[{\"@type\":\"ListItem\",\"position\":1,\"name\":\"Home\",\"item\":\"https:\/\/evertonfc.cz\/\"},{\"@type\":\"ListItem\",\"position\":2,\"name\":\"Brighton &#038; Hove Albion W &#8211; Everton W 4:0\"}]},{\"@type\":\"WebSite\",\"@id\":\"https:\/\/evertonfc.cz\/#website\",\"url\":\"https:\/\/evertonfc.cz\/\",\"name\":\"Official Czech &amp; Slovak Everton Supporters&#039; Club\",\"description\":\"\",\"publisher\":{\"@id\":\"https:\/\/evertonfc.cz\/#organization\"},\"potentialAction\":[{\"@type\":\"SearchAction\",\"target\":{\"@type\":\"EntryPoint\",\"urlTemplate\":\"https:\/\/evertonfc.cz\/?s={search_term_string}\"},\"query-input\":{\"@type\":\"PropertyValueSpecification\",\"valueRequired\":true,\"valueName\":\"search_term_string\"}}],\"inLanguage\":\"cs\"},{\"@type\":\"Organization\",\"@id\":\"https:\/\/evertonfc.cz\/#organization\",\"name\":\"Official Czech & Slovak Everton Supporters' Club\",\"url\":\"https:\/\/evertonfc.cz\/\",\"logo\":{\"@type\":\"ImageObject\",\"inLanguage\":\"cs\",\"@id\":\"https:\/\/evertonfc.cz\/#\/schema\/logo\/image\/\",\"url\":\"https:\/\/evertonfc.cz\/wp-content\/uploads\/2019\/05\/logo.png\",\"contentUrl\":\"https:\/\/evertonfc.cz\/wp-content\/uploads\/2019\/05\/logo.png\",\"width\":112,\"height\":112,\"caption\":\"Official Czech & Slovak Everton Supporters' Club\"},\"image\":{\"@id\":\"https:\/\/evertonfc.cz\/#\/schema\/logo\/image\/\"},\"sameAs\":[\"https:\/\/www.facebook.com\/everton.fans.cz.sk\"]},{\"@type\":\"Person\",\"@id\":\"https:\/\/evertonfc.cz\/#\/schema\/person\/e9a24a80a32efa1344dd2c4e5882185c\",\"name\":\"Karamela\",\"url\":\"https:\/\/evertonfc.cz\/index.php\/author\/karamela\/\"}]}<\/script>\n<!-- \/ Yoast SEO plugin. -->","yoast_head_json":{"title":"Brighton & Hove Albion W - Everton W 4:0 - Official Czech &amp; Slovak Everton Supporters&#039; Club","robots":{"index":"index","follow":"follow","max-snippet":"max-snippet:-1","max-image-preview":"max-image-preview:large","max-video-preview":"max-video-preview:-1"},"canonical":"https:\/\/evertonfc.cz\/index.php\/2024\/09\/21\/brighton-hove-albion-w-everton-w-40\/","og_locale":"cs_CZ","og_type":"article","og_title":"Brighton & Hove Albion W - Everton W 4:0 - Official Czech &amp; Slovak Everton Supporters&#039; Club","og_description":"Dal\u0161\u00ed z dlouh\u00e9 s\u00e9rie z\u00e1pas\u016f, \"ze kter\u00fdch si m\u016f\u017eeme vz\u00edt pou\u010den\u00ed a vr\u00e1tit se siln\u011bj\u0161\u00ed.\"\u00a0 Tak\u00e9 jste tuto v\u011btu loni u\u017e p\u00e1rkr\u00e1t sly\u0161eli?","og_url":"https:\/\/evertonfc.cz\/index.php\/2024\/09\/21\/brighton-hove-albion-w-everton-w-40\/","og_site_name":"Official Czech &amp; Slovak Everton Supporters&#039; Club","article_publisher":"https:\/\/www.facebook.com\/everton.fans.cz.sk","article_published_time":"2024-09-21T20:23:04+00:00","article_modified_time":"2024-09-23T10:29:08+00:00","og_image":[{"width":720,"height":405,"url":"https:\/\/evertonfc.cz\/wp-content\/uploads\/2024\/09\/Seike-vs-stenevik.jpg","type":"image\/jpeg"}],"author":"Karamela","twitter_card":"summary_large_image","twitter_misc":{"Napsal(a)":"Karamela","Odhadovan\u00e1 doba \u010dten\u00ed":"5 minut"},"schema":{"@context":"https:\/\/schema.org","@graph":[{"@type":"Article","@id":"https:\/\/evertonfc.cz\/index.php\/2024\/09\/21\/brighton-hove-albion-w-everton-w-40\/#article","isPartOf":{"@id":"https:\/\/evertonfc.cz\/index.php\/2024\/09\/21\/brighton-hove-albion-w-everton-w-40\/"},"author":{"name":"Karamela","@id":"https:\/\/evertonfc.cz\/#\/schema\/person\/e9a24a80a32efa1344dd2c4e5882185c"},"headline":"Brighton &#038; Hove Albion W &#8211; Everton W 4:0","datePublished":"2024-09-21T20:23:04+00:00","dateModified":"2024-09-23T10:29:08+00:00","mainEntityOfPage":{"@id":"https:\/\/evertonfc.cz\/index.php\/2024\/09\/21\/brighton-hove-albion-w-everton-w-40\/"},"wordCount":954,"commentCount":0,"publisher":{"@id":"https:\/\/evertonfc.cz\/#organization"},"image":{"@id":"https:\/\/evertonfc.cz\/index.php\/2024\/09\/21\/brighton-hove-albion-w-everton-w-40\/#primaryimage"},"thumbnailUrl":"https:\/\/evertonfc.cz\/wp-content\/uploads\/2024\/09\/Seike-vs-stenevik.jpg","articleSection":["Everton Women"],"inLanguage":"cs","potentialAction":[{"@type":"CommentAction","name":"Comment","target":["https:\/\/evertonfc.cz\/index.php\/2024\/09\/21\/brighton-hove-albion-w-everton-w-40\/#respond"]}]},{"@type":"WebPage","@id":"https:\/\/evertonfc.cz\/index.php\/2024\/09\/21\/brighton-hove-albion-w-everton-w-40\/","url":"https:\/\/evertonfc.cz\/index.php\/2024\/09\/21\/brighton-hove-albion-w-everton-w-40\/","name":"Brighton & Hove Albion W - Everton W 4:0 - Official Czech &amp; Slovak Everton Supporters&#039; Club","isPartOf":{"@id":"https:\/\/evertonfc.cz\/#website"},"primaryImageOfPage":{"@id":"https:\/\/evertonfc.cz\/index.php\/2024\/09\/21\/brighton-hove-albion-w-everton-w-40\/#primaryimage"},"image":{"@id":"https:\/\/evertonfc.cz\/index.php\/2024\/09\/21\/brighton-hove-albion-w-everton-w-40\/#primaryimage"},"thumbnailUrl":"https:\/\/evertonfc.cz\/wp-content\/uploads\/2024\/09\/Seike-vs-stenevik.jpg","datePublished":"2024-09-21T20:23:04+00:00","dateModified":"2024-09-23T10:29:08+00:00","breadcrumb":{"@id":"https:\/\/evertonfc.cz\/index.php\/2024\/09\/21\/brighton-hove-albion-w-everton-w-40\/#breadcrumb"},"inLanguage":"cs","potentialAction":[{"@type":"ReadAction","target":["https:\/\/evertonfc.cz\/index.php\/2024\/09\/21\/brighton-hove-albion-w-everton-w-40\/"]}]},{"@type":"ImageObject","inLanguage":"cs","@id":"https:\/\/evertonfc.cz\/index.php\/2024\/09\/21\/brighton-hove-albion-w-everton-w-40\/#primaryimage","url":"https:\/\/evertonfc.cz\/wp-content\/uploads\/2024\/09\/Seike-vs-stenevik.jpg","contentUrl":"https:\/\/evertonfc.cz\/wp-content\/uploads\/2024\/09\/Seike-vs-stenevik.jpg","width":720,"height":405},{"@type":"BreadcrumbList","@id":"https:\/\/evertonfc.cz\/index.php\/2024\/09\/21\/brighton-hove-albion-w-everton-w-40\/#breadcrumb","itemListElement":[{"@type":"ListItem","position":1,"name":"Home","item":"https:\/\/evertonfc.cz\/"},{"@type":"ListItem","position":2,"name":"Brighton &#038; Hove Albion W &#8211; Everton W 4:0"}]},{"@type":"WebSite","@id":"https:\/\/evertonfc.cz\/#website","url":"https:\/\/evertonfc.cz\/","name":"Official Czech &amp; Slovak Everton Supporters&#039; Club","description":"","publisher":{"@id":"https:\/\/evertonfc.cz\/#organization"},"potentialAction":[{"@type":"SearchAction","target":{"@type":"EntryPoint","urlTemplate":"https:\/\/evertonfc.cz\/?s={search_term_string}"},"query-input":{"@type":"PropertyValueSpecification","valueRequired":true,"valueName":"search_term_string"}}],"inLanguage":"cs"},{"@type":"Organization","@id":"https:\/\/evertonfc.cz\/#organization","name":"Official Czech & Slovak Everton Supporters' Club","url":"https:\/\/evertonfc.cz\/","logo":{"@type":"ImageObject","inLanguage":"cs","@id":"https:\/\/evertonfc.cz\/#\/schema\/logo\/image\/","url":"https:\/\/evertonfc.cz\/wp-content\/uploads\/2019\/05\/logo.png","contentUrl":"https:\/\/evertonfc.cz\/wp-content\/uploads\/2019\/05\/logo.png","width":112,"height":112,"caption":"Official Czech & Slovak Everton Supporters' Club"},"image":{"@id":"https:\/\/evertonfc.cz\/#\/schema\/logo\/image\/"},"sameAs":["https:\/\/www.facebook.com\/everton.fans.cz.sk"]},{"@type":"Person","@id":"https:\/\/evertonfc.cz\/#\/schema\/person\/e9a24a80a32efa1344dd2c4e5882185c","name":"Karamela","url":"https:\/\/evertonfc.cz\/index.php\/author\/karamela\/"}]}},"_links":{"self":[{"href":"https:\/\/evertonfc.cz\/index.php\/wp-json\/wp\/v2\/posts\/25297"}],"collection":[{"href":"https:\/\/evertonfc.cz\/index.php\/wp-json\/wp\/v2\/posts"}],"about":[{"href":"https:\/\/evertonfc.cz\/index.php\/wp-json\/wp\/v2\/types\/post"}],"author":[{"embeddable":true,"href":"https:\/\/evertonfc.cz\/index.php\/wp-json\/wp\/v2\/users\/26"}],"replies":[{"embeddable":true,"href":"https:\/\/evertonfc.cz\/index.php\/wp-json\/wp\/v2\/comments?post=25297"}],"version-history":[{"count":11,"href":"https:\/\/evertonfc.cz\/index.php\/wp-json\/wp\/v2\/posts\/25297\/revisions"}],"predecessor-version":[{"id":25320,"href":"https:\/\/evertonfc.cz\/index.php\/wp-json\/wp\/v2\/posts\/25297\/revisions\/25320"}],"wp:featuredmedia":[{"embeddable":true,"href":"https:\/\/evertonfc.cz\/index.php\/wp-json\/wp\/v2\/media\/25312"}],"wp:attachment":[{"href":"https:\/\/evertonfc.cz\/index.php\/wp-json\/wp\/v2\/media?parent=25297"}],"wp:term":[{"taxonomy":"category","embeddable":true,"href":"https:\/\/evertonfc.cz\/index.php\/wp-json\/wp\/v2\/categories?post=25297"},{"taxonomy":"post_tag","embeddable":true,"href":"https:\/\/evertonfc.cz\/index.php\/wp-json\/wp\/v2\/tags?post=25297"}],"curies":[{"name":"wp","href":"https:\/\/api.w.org\/{rel}","templated":true}]}}