{"id":25327,"date":"2024-09-23T19:57:39","date_gmt":"2024-09-23T17:57:39","guid":{"rendered":"https:\/\/evertonfc.cz\/?p=25327"},"modified":"2024-11-18T21:30:20","modified_gmt":"2024-11-18T20:30:20","slug":"friedkin-napokon-predbehol-textora","status":"publish","type":"post","link":"https:\/\/evertonfc.cz\/index.php\/2024\/09\/23\/friedkin-napokon-predbehol-textora\/","title":{"rendered":"Friedkin napokon predbehol Textora"},"content":{"rendered":"<h4>Idzem, nejdzem, hej, ne, hej&#8230; Aj tak sa d\u00e1 nadnesene op\u00edsa\u0165 pr\u00edstup americk\u00e9ho konzorcia TFG k prevzatiu Evertonu. Zrazu u\u017e ni\u010d nevad\u00ed, v\u0161etko je podp\u00edsan\u00e9 a napokon putuje lige a org\u00e1nom na schv\u00e1lenie.<\/h4>\n<p>Za\u010dnime chronologicky. E\u0161te na za\u010diatku leta sme boli v\u0161etci sklaman\u00ed, \u017ee sa <strong><a href=\"https:\/\/evertonfc.cz\/index.php\/2024\/07\/22\/tak-friedkin-teda-nie\/\">americk\u00fd biznismen Dan Friedkin rozhodol ust\u00fapi\u0165 od k\u00fapy EFC<\/a><\/strong> pre pr\u00e1vne neistoty oh\u013eadom podl\u017enost\u00ed klubu k verite\u013eom zo skupiny 777. N\u00e1sledne na to sa ozval John Textor, spolumajite\u013e Crystal Palace, dovtedy okrajov\u00fd hr\u00e1\u010d, aby uk\u00e1zal, \u017ee svoju ponuku mysl\u00ed v\u00e1\u017ene. Jeho z\u00e1ujem nabral re\u00e1lne rozmery, a nev\u00e1hal ani hovori\u0165 otvorene do m\u00e9di\u00ed.<\/p>\n<p>Jedin\u00fdm probl\u00e9mom bol predaj jeho podielu v\u00a0inom klube Premier League. Aj tak v\u0161ak dostal 15. j\u00fana \u201eexkluzivitu\u201c na vyjedn\u00e1vanie s\u00a0Moshirim o\u00a0prevzat\u00ed. Ako sa dnes uk\u00e1zalo, nebola to \u00fapln\u00e1 exkluzivita, len \u00fastna dohoda a\u00a0\u010das na vyrie\u0161enie ist\u00fdch vec\u00ed. Ako s\u00e1m Textor v\u00a0septembrovom rozhovore pre Sky Sports priznal, vzh\u013eadom na okolnosti ho st\u00e1le mohol niekto predbehn\u00fa\u0165. A\u00a0stalo sa.<\/p>\n<p>Minul\u00fd t\u00fd\u017ede\u0148 renomovan\u00e9 m\u00e9dium Bloomber prinieslo spr\u00e1vu, \u017ee Friedkinov z\u00e1ujem o\u017eil, a\u00a0aktu\u00e1lne sa presk\u00famava, \u010do je mo\u017en\u00e9 vo veci spravi\u0165. O\u010dividne v\u0161etko. Cez v\u00edkend nastal prielom v\u00a0rokovaniach.<\/p>\n<h4 style=\"text-align: left;\"><strong>Ofici\u00e1lne stanovisko na str\u00e1nke Evertonu:<\/strong><\/h4>\n<blockquote><p><span style=\"font-size: 12pt;\">Blue Heaven Holdings a The Friedkin Group potvrdzuj\u00fa, \u017ee dosiahli dohodu o podmienkach predaja v\u00e4\u010d\u0161inov\u00e9ho podielu Blue Heaven Holdings vo futbalovom klube Everton. Transakcia podlieha schv\u00e1leniu regula\u010dn\u00fdmi org\u00e1nmi, a to aj od Premier League, Futbalovej asoci\u00e1cie a \u00daradu pre finan\u010dn\u00e9 hospod\u00e1renie.<\/span><\/p>\n<p><span style=\"font-size: 12pt;\">Hovorca Friedkin Group povedal: <em>&#8222;Sme radi, \u017ee sme dosiahli dohodu, \u017ee sa staneme spr\u00e1vcami tohto ikonick\u00e9ho futbalov\u00e9ho klubu. Te\u0161\u00edme sa, \u017ee klubu poskytneme stabilitu a podel\u00edme sa o na\u0161u v\u00edziu pre jeho bud\u00facnos\u0165, vr\u00e1tane dokon\u010denia nov\u00e9ho \u0161tadi\u00f3na Evertonu v Bramley-Moore Dock.&#8220;<\/em><\/span><\/p><\/blockquote>\n<p>\u010co to pre Everton znamen\u00e1? Pravdepodobne to, \u017ee TFG to myslelo s k\u00fapou EFC naozaj v\u00e1\u017ene, a splatenie dlhu 777 nemus\u00ed by\u0165 a\u017e tak\u00fd probl\u00e9m, ako sa p\u00f4vodne tvrdilo. Takisto nejak\u00e9 z\u00e1kulisn\u00e9 hry o zn\u00ed\u017eenie ceny Moshirim nie s\u00fa vyl\u00fa\u010den\u00e9. Predsa len, podobn\u00fd scen\u00e1r sa opakoval aj pri ich k\u00fape AS R\u00edm. A zrejme aj fakt, \u017ee Textor sa za\u010dal naozaj sna\u017ei\u0165, a z\u00edskaval podporu extern\u00fdch investorov ako Aliya Capital Partners, zohralo rolu v r\u00fdchlom v rozhodovan\u00ed a konan\u00ed TFG, aby napokon nevy\u0161li na pr\u00e1zdno. To s\u00fa v\u0161ak len na\u0161e skor\u00e9 \u00favahy, a viac inform\u00e1cii ur\u010dite vypl\u00e1va na povrch postupom \u010dasu. Overen\u00fd novin\u00e1rsky zdroj z prostredia EFC Alan Myers tvrd\u00ed, \u017ee Moshiri teraj\u0161\u00edm predajom klubu strat\u00ed a\u017e okolo 750 mili\u00f3nov libier. A nov\u00ed majitelia maj\u00fa pripraven\u00fa kapit\u00e1lov\u00fa invest\u00edciu vo v\u00fd\u0161ke a\u017e 550 mili\u00f3nov libier. Prioritne na dokon\u010denie \u0161tadi\u00f3na a splatenie dlhov, samozrejme.<\/p>\n","protected":false},"excerpt":{"rendered":"<p>Idzem, nejdzem, hej, ne, hej&#8230; Aj tak sa d\u00e1 nadnesene op\u00edsa\u0165 pr\u00edstup americk\u00e9ho konzorcia TFG k\u00a0prevzatiu Evertonu. Zrazu u\u017e ni\u010d nevad\u00ed, v\u0161etko je podp\u00edsan\u00e9 a\u00a0napokon putuje lige a org\u00e1nom na schv\u00e1lenie.<\/p>\n","protected":false},"author":1,"featured_media":25328,"comment_status":"open","ping_status":"closed","sticky":false,"template":"","format":"standard","meta":{"_eb_attr":"","_monsterinsights_skip_tracking":false,"_monsterinsights_sitenote_active":false,"_monsterinsights_sitenote_note":"","_monsterinsights_sitenote_category":0,"footnotes":""},"categories":[42],"tags":[],"yoast_head":"<!-- This site is optimized with the Yoast SEO plugin v23.4 - https:\/\/yoast.com\/wordpress\/plugins\/seo\/ -->\n<title>Friedkin napokon predbehol Textora - Official Czech &amp; Slovak Everton Supporters&#039; Club<\/title>\n<meta name=\"robots\" content=\"index, follow, max-snippet:-1, max-image-preview:large, max-video-preview:-1\" \/>\n<link rel=\"canonical\" href=\"https:\/\/evertonfc.cz\/index.php\/2024\/09\/23\/friedkin-napokon-predbehol-textora\/\" \/>\n<meta property=\"og:locale\" content=\"cs_CZ\" \/>\n<meta property=\"og:type\" content=\"article\" \/>\n<meta property=\"og:title\" content=\"Friedkin napokon predbehol Textora - Official Czech &amp; Slovak Everton Supporters&#039; Club\" \/>\n<meta property=\"og:description\" content=\"Idzem, nejdzem, hej, ne, hej... Aj tak sa d\u00e1 nadnesene op\u00edsa\u0165 pr\u00edstup americk\u00e9ho konzorcia TFG k\u00a0prevzatiu Evertonu. Zrazu u\u017e ni\u010d nevad\u00ed, v\u0161etko je podp\u00edsan\u00e9 a\u00a0napokon putuje lige a org\u00e1nom na schv\u00e1lenie.\" \/>\n<meta property=\"og:url\" content=\"https:\/\/evertonfc.cz\/index.php\/2024\/09\/23\/friedkin-napokon-predbehol-textora\/\" \/>\n<meta property=\"og:site_name\" content=\"Official Czech &amp; Slovak Everton Supporters&#039; Club\" \/>\n<meta property=\"article:publisher\" content=\"https:\/\/www.facebook.com\/everton.fans.cz.sk\" \/>\n<meta property=\"article:published_time\" content=\"2024-09-23T17:57:39+00:00\" \/>\n<meta property=\"article:modified_time\" content=\"2024-11-18T20:30:20+00:00\" \/>\n<meta property=\"og:image\" content=\"https:\/\/evertonfc.cz\/wp-content\/uploads\/2024\/09\/Friedkin-takeover-Everton.jpg\" \/>\n\t<meta property=\"og:image:width\" content=\"720\" \/>\n\t<meta property=\"og:image:height\" content=\"405\" \/>\n\t<meta property=\"og:image:type\" content=\"image\/jpeg\" \/>\n<meta name=\"author\" content=\"BlueBlooded\" \/>\n<meta name=\"twitter:card\" content=\"summary_large_image\" \/>\n<meta name=\"twitter:label1\" content=\"Napsal(a)\" \/>\n\t<meta name=\"twitter:data1\" content=\"BlueBlooded\" \/>\n\t<meta name=\"twitter:label2\" content=\"Odhadovan\u00e1 doba \u010dten\u00ed\" \/>\n\t<meta name=\"twitter:data2\" content=\"3 minuty\" \/>\n<script type=\"application\/ld+json\" class=\"yoast-schema-graph\">{\"@context\":\"https:\/\/schema.org\",\"@graph\":[{\"@type\":\"Article\",\"@id\":\"https:\/\/evertonfc.cz\/index.php\/2024\/09\/23\/friedkin-napokon-predbehol-textora\/#article\",\"isPartOf\":{\"@id\":\"https:\/\/evertonfc.cz\/index.php\/2024\/09\/23\/friedkin-napokon-predbehol-textora\/\"},\"author\":{\"name\":\"BlueBlooded\",\"@id\":\"https:\/\/evertonfc.cz\/#\/schema\/person\/d4493b8cbea51532597fbc4685698916\"},\"headline\":\"Friedkin napokon predbehol Textora\",\"datePublished\":\"2024-09-23T17:57:39+00:00\",\"dateModified\":\"2024-11-18T20:30:20+00:00\",\"mainEntityOfPage\":{\"@id\":\"https:\/\/evertonfc.cz\/index.php\/2024\/09\/23\/friedkin-napokon-predbehol-textora\/\"},\"wordCount\":516,\"commentCount\":9,\"publisher\":{\"@id\":\"https:\/\/evertonfc.cz\/#organization\"},\"image\":{\"@id\":\"https:\/\/evertonfc.cz\/index.php\/2024\/09\/23\/friedkin-napokon-predbehol-textora\/#primaryimage\"},\"thumbnailUrl\":\"https:\/\/evertonfc.cz\/wp-content\/uploads\/2024\/09\/Friedkin-takeover-Everton.jpg\",\"articleSection\":[\"Aktuality\"],\"inLanguage\":\"cs\",\"potentialAction\":[{\"@type\":\"CommentAction\",\"name\":\"Comment\",\"target\":[\"https:\/\/evertonfc.cz\/index.php\/2024\/09\/23\/friedkin-napokon-predbehol-textora\/#respond\"]}]},{\"@type\":\"WebPage\",\"@id\":\"https:\/\/evertonfc.cz\/index.php\/2024\/09\/23\/friedkin-napokon-predbehol-textora\/\",\"url\":\"https:\/\/evertonfc.cz\/index.php\/2024\/09\/23\/friedkin-napokon-predbehol-textora\/\",\"name\":\"Friedkin napokon predbehol Textora - Official Czech &amp; Slovak Everton Supporters&#039; Club\",\"isPartOf\":{\"@id\":\"https:\/\/evertonfc.cz\/#website\"},\"primaryImageOfPage\":{\"@id\":\"https:\/\/evertonfc.cz\/index.php\/2024\/09\/23\/friedkin-napokon-predbehol-textora\/#primaryimage\"},\"image\":{\"@id\":\"https:\/\/evertonfc.cz\/index.php\/2024\/09\/23\/friedkin-napokon-predbehol-textora\/#primaryimage\"},\"thumbnailUrl\":\"https:\/\/evertonfc.cz\/wp-content\/uploads\/2024\/09\/Friedkin-takeover-Everton.jpg\",\"datePublished\":\"2024-09-23T17:57:39+00:00\",\"dateModified\":\"2024-11-18T20:30:20+00:00\",\"breadcrumb\":{\"@id\":\"https:\/\/evertonfc.cz\/index.php\/2024\/09\/23\/friedkin-napokon-predbehol-textora\/#breadcrumb\"},\"inLanguage\":\"cs\",\"potentialAction\":[{\"@type\":\"ReadAction\",\"target\":[\"https:\/\/evertonfc.cz\/index.php\/2024\/09\/23\/friedkin-napokon-predbehol-textora\/\"]}]},{\"@type\":\"ImageObject\",\"inLanguage\":\"cs\",\"@id\":\"https:\/\/evertonfc.cz\/index.php\/2024\/09\/23\/friedkin-napokon-predbehol-textora\/#primaryimage\",\"url\":\"https:\/\/evertonfc.cz\/wp-content\/uploads\/2024\/09\/Friedkin-takeover-Everton.jpg\",\"contentUrl\":\"https:\/\/evertonfc.cz\/wp-content\/uploads\/2024\/09\/Friedkin-takeover-Everton.jpg\",\"width\":720,\"height\":405},{\"@type\":\"BreadcrumbList\",\"@id\":\"https:\/\/evertonfc.cz\/index.php\/2024\/09\/23\/friedkin-napokon-predbehol-textora\/#breadcrumb\",\"itemListElement\":[{\"@type\":\"ListItem\",\"position\":1,\"name\":\"Home\",\"item\":\"https:\/\/evertonfc.cz\/\"},{\"@type\":\"ListItem\",\"position\":2,\"name\":\"Friedkin napokon predbehol Textora\"}]},{\"@type\":\"WebSite\",\"@id\":\"https:\/\/evertonfc.cz\/#website\",\"url\":\"https:\/\/evertonfc.cz\/\",\"name\":\"Official Czech &amp; Slovak Everton Supporters&#039; Club\",\"description\":\"\",\"publisher\":{\"@id\":\"https:\/\/evertonfc.cz\/#organization\"},\"potentialAction\":[{\"@type\":\"SearchAction\",\"target\":{\"@type\":\"EntryPoint\",\"urlTemplate\":\"https:\/\/evertonfc.cz\/?s={search_term_string}\"},\"query-input\":{\"@type\":\"PropertyValueSpecification\",\"valueRequired\":true,\"valueName\":\"search_term_string\"}}],\"inLanguage\":\"cs\"},{\"@type\":\"Organization\",\"@id\":\"https:\/\/evertonfc.cz\/#organization\",\"name\":\"Official Czech & Slovak Everton Supporters' Club\",\"url\":\"https:\/\/evertonfc.cz\/\",\"logo\":{\"@type\":\"ImageObject\",\"inLanguage\":\"cs\",\"@id\":\"https:\/\/evertonfc.cz\/#\/schema\/logo\/image\/\",\"url\":\"https:\/\/evertonfc.cz\/wp-content\/uploads\/2019\/05\/logo.png\",\"contentUrl\":\"https:\/\/evertonfc.cz\/wp-content\/uploads\/2019\/05\/logo.png\",\"width\":112,\"height\":112,\"caption\":\"Official Czech & Slovak Everton Supporters' Club\"},\"image\":{\"@id\":\"https:\/\/evertonfc.cz\/#\/schema\/logo\/image\/\"},\"sameAs\":[\"https:\/\/www.facebook.com\/everton.fans.cz.sk\"]},{\"@type\":\"Person\",\"@id\":\"https:\/\/evertonfc.cz\/#\/schema\/person\/d4493b8cbea51532597fbc4685698916\",\"name\":\"BlueBlooded\",\"url\":\"https:\/\/evertonfc.cz\/index.php\/author\/admin\/\"}]}<\/script>\n<!-- \/ Yoast SEO plugin. -->","yoast_head_json":{"title":"Friedkin napokon predbehol Textora - Official Czech &amp; Slovak Everton Supporters&#039; Club","robots":{"index":"index","follow":"follow","max-snippet":"max-snippet:-1","max-image-preview":"max-image-preview:large","max-video-preview":"max-video-preview:-1"},"canonical":"https:\/\/evertonfc.cz\/index.php\/2024\/09\/23\/friedkin-napokon-predbehol-textora\/","og_locale":"cs_CZ","og_type":"article","og_title":"Friedkin napokon predbehol Textora - Official Czech &amp; Slovak Everton Supporters&#039; Club","og_description":"Idzem, nejdzem, hej, ne, hej... Aj tak sa d\u00e1 nadnesene op\u00edsa\u0165 pr\u00edstup americk\u00e9ho konzorcia TFG k\u00a0prevzatiu Evertonu. Zrazu u\u017e ni\u010d nevad\u00ed, v\u0161etko je podp\u00edsan\u00e9 a\u00a0napokon putuje lige a org\u00e1nom na schv\u00e1lenie.","og_url":"https:\/\/evertonfc.cz\/index.php\/2024\/09\/23\/friedkin-napokon-predbehol-textora\/","og_site_name":"Official Czech &amp; Slovak Everton Supporters&#039; Club","article_publisher":"https:\/\/www.facebook.com\/everton.fans.cz.sk","article_published_time":"2024-09-23T17:57:39+00:00","article_modified_time":"2024-11-18T20:30:20+00:00","og_image":[{"width":720,"height":405,"url":"https:\/\/evertonfc.cz\/wp-content\/uploads\/2024\/09\/Friedkin-takeover-Everton.jpg","type":"image\/jpeg"}],"author":"BlueBlooded","twitter_card":"summary_large_image","twitter_misc":{"Napsal(a)":"BlueBlooded","Odhadovan\u00e1 doba \u010dten\u00ed":"3 minuty"},"schema":{"@context":"https:\/\/schema.org","@graph":[{"@type":"Article","@id":"https:\/\/evertonfc.cz\/index.php\/2024\/09\/23\/friedkin-napokon-predbehol-textora\/#article","isPartOf":{"@id":"https:\/\/evertonfc.cz\/index.php\/2024\/09\/23\/friedkin-napokon-predbehol-textora\/"},"author":{"name":"BlueBlooded","@id":"https:\/\/evertonfc.cz\/#\/schema\/person\/d4493b8cbea51532597fbc4685698916"},"headline":"Friedkin napokon predbehol Textora","datePublished":"2024-09-23T17:57:39+00:00","dateModified":"2024-11-18T20:30:20+00:00","mainEntityOfPage":{"@id":"https:\/\/evertonfc.cz\/index.php\/2024\/09\/23\/friedkin-napokon-predbehol-textora\/"},"wordCount":516,"commentCount":9,"publisher":{"@id":"https:\/\/evertonfc.cz\/#organization"},"image":{"@id":"https:\/\/evertonfc.cz\/index.php\/2024\/09\/23\/friedkin-napokon-predbehol-textora\/#primaryimage"},"thumbnailUrl":"https:\/\/evertonfc.cz\/wp-content\/uploads\/2024\/09\/Friedkin-takeover-Everton.jpg","articleSection":["Aktuality"],"inLanguage":"cs","potentialAction":[{"@type":"CommentAction","name":"Comment","target":["https:\/\/evertonfc.cz\/index.php\/2024\/09\/23\/friedkin-napokon-predbehol-textora\/#respond"]}]},{"@type":"WebPage","@id":"https:\/\/evertonfc.cz\/index.php\/2024\/09\/23\/friedkin-napokon-predbehol-textora\/","url":"https:\/\/evertonfc.cz\/index.php\/2024\/09\/23\/friedkin-napokon-predbehol-textora\/","name":"Friedkin napokon predbehol Textora - Official Czech &amp; Slovak Everton Supporters&#039; Club","isPartOf":{"@id":"https:\/\/evertonfc.cz\/#website"},"primaryImageOfPage":{"@id":"https:\/\/evertonfc.cz\/index.php\/2024\/09\/23\/friedkin-napokon-predbehol-textora\/#primaryimage"},"image":{"@id":"https:\/\/evertonfc.cz\/index.php\/2024\/09\/23\/friedkin-napokon-predbehol-textora\/#primaryimage"},"thumbnailUrl":"https:\/\/evertonfc.cz\/wp-content\/uploads\/2024\/09\/Friedkin-takeover-Everton.jpg","datePublished":"2024-09-23T17:57:39+00:00","dateModified":"2024-11-18T20:30:20+00:00","breadcrumb":{"@id":"https:\/\/evertonfc.cz\/index.php\/2024\/09\/23\/friedkin-napokon-predbehol-textora\/#breadcrumb"},"inLanguage":"cs","potentialAction":[{"@type":"ReadAction","target":["https:\/\/evertonfc.cz\/index.php\/2024\/09\/23\/friedkin-napokon-predbehol-textora\/"]}]},{"@type":"ImageObject","inLanguage":"cs","@id":"https:\/\/evertonfc.cz\/index.php\/2024\/09\/23\/friedkin-napokon-predbehol-textora\/#primaryimage","url":"https:\/\/evertonfc.cz\/wp-content\/uploads\/2024\/09\/Friedkin-takeover-Everton.jpg","contentUrl":"https:\/\/evertonfc.cz\/wp-content\/uploads\/2024\/09\/Friedkin-takeover-Everton.jpg","width":720,"height":405},{"@type":"BreadcrumbList","@id":"https:\/\/evertonfc.cz\/index.php\/2024\/09\/23\/friedkin-napokon-predbehol-textora\/#breadcrumb","itemListElement":[{"@type":"ListItem","position":1,"name":"Home","item":"https:\/\/evertonfc.cz\/"},{"@type":"ListItem","position":2,"name":"Friedkin napokon predbehol Textora"}]},{"@type":"WebSite","@id":"https:\/\/evertonfc.cz\/#website","url":"https:\/\/evertonfc.cz\/","name":"Official Czech &amp; Slovak Everton Supporters&#039; Club","description":"","publisher":{"@id":"https:\/\/evertonfc.cz\/#organization"},"potentialAction":[{"@type":"SearchAction","target":{"@type":"EntryPoint","urlTemplate":"https:\/\/evertonfc.cz\/?s={search_term_string}"},"query-input":{"@type":"PropertyValueSpecification","valueRequired":true,"valueName":"search_term_string"}}],"inLanguage":"cs"},{"@type":"Organization","@id":"https:\/\/evertonfc.cz\/#organization","name":"Official Czech & Slovak Everton Supporters' Club","url":"https:\/\/evertonfc.cz\/","logo":{"@type":"ImageObject","inLanguage":"cs","@id":"https:\/\/evertonfc.cz\/#\/schema\/logo\/image\/","url":"https:\/\/evertonfc.cz\/wp-content\/uploads\/2019\/05\/logo.png","contentUrl":"https:\/\/evertonfc.cz\/wp-content\/uploads\/2019\/05\/logo.png","width":112,"height":112,"caption":"Official Czech & Slovak Everton Supporters' Club"},"image":{"@id":"https:\/\/evertonfc.cz\/#\/schema\/logo\/image\/"},"sameAs":["https:\/\/www.facebook.com\/everton.fans.cz.sk"]},{"@type":"Person","@id":"https:\/\/evertonfc.cz\/#\/schema\/person\/d4493b8cbea51532597fbc4685698916","name":"BlueBlooded","url":"https:\/\/evertonfc.cz\/index.php\/author\/admin\/"}]}},"_links":{"self":[{"href":"https:\/\/evertonfc.cz\/index.php\/wp-json\/wp\/v2\/posts\/25327"}],"collection":[{"href":"https:\/\/evertonfc.cz\/index.php\/wp-json\/wp\/v2\/posts"}],"about":[{"href":"https:\/\/evertonfc.cz\/index.php\/wp-json\/wp\/v2\/types\/post"}],"author":[{"embeddable":true,"href":"https:\/\/evertonfc.cz\/index.php\/wp-json\/wp\/v2\/users\/1"}],"replies":[{"embeddable":true,"href":"https:\/\/evertonfc.cz\/index.php\/wp-json\/wp\/v2\/comments?post=25327"}],"version-history":[{"count":6,"href":"https:\/\/evertonfc.cz\/index.php\/wp-json\/wp\/v2\/posts\/25327\/revisions"}],"predecessor-version":[{"id":25334,"href":"https:\/\/evertonfc.cz\/index.php\/wp-json\/wp\/v2\/posts\/25327\/revisions\/25334"}],"wp:featuredmedia":[{"embeddable":true,"href":"https:\/\/evertonfc.cz\/index.php\/wp-json\/wp\/v2\/media\/25328"}],"wp:attachment":[{"href":"https:\/\/evertonfc.cz\/index.php\/wp-json\/wp\/v2\/media?parent=25327"}],"wp:term":[{"taxonomy":"category","embeddable":true,"href":"https:\/\/evertonfc.cz\/index.php\/wp-json\/wp\/v2\/categories?post=25327"},{"taxonomy":"post_tag","embeddable":true,"href":"https:\/\/evertonfc.cz\/index.php\/wp-json\/wp\/v2\/tags?post=25327"}],"curies":[{"name":"wp","href":"https:\/\/api.w.org\/{rel}","templated":true}]}}