{"id":25340,"date":"2024-09-28T14:59:59","date_gmt":"2024-09-28T12:59:59","guid":{"rendered":"https:\/\/evertonfc.cz\/?p=25340"},"modified":"2024-09-28T19:38:50","modified_gmt":"2024-09-28T17:38:50","slug":"preview-everton-crystal-palace-13","status":"publish","type":"post","link":"https:\/\/evertonfc.cz\/index.php\/2024\/09\/28\/preview-everton-crystal-palace-13\/","title":{"rendered":"Preview: Everton &#8211; Crystal Palace"},"content":{"rendered":"<h4><strong>U\u017e to vypadalo, \u017ee Everton p\u0159ebere Palace majitele. Ne\u017e stihl ale sv\u016fj pod\u00edl prodat, tak nakonec Moshiri prodal jinde, tak\u017ee \u2013 v\u0161echno dobr\u00fd?<\/strong><\/h4>\n<p>Evertonians se raduj\u00ed z pr\u016flomu v hled\u00e1n\u00ed nov\u00e9ho mecen\u00e1\u0161e. Takov\u00e1 v\u011bc by zaslou\u017eila oslavit 3 body. Na druh\u00e9 stran\u011b stoj\u00ed Eagles, kte\u0159\u00ed maj\u00ed u\u017e 3 body, ale ligovou v\u00fdhru v sez\u00f3n\u011b tak\u00e9 je\u0161t\u011b nepoznali.<\/p>\n<p>Na\u0161e s\u00e1ga o hled\u00e1n\u00ed sv\u011btla na konci tunelu zas\u00e1hla do jist\u00e9 m\u00edry i lond\u00fdnsk\u00fd klub. Jeden v\u00e1\u017en\u00fd n\u00e1padn\u00edk, John Textor, vlastn\u00ed od roku 2021 (dokoupil kus je\u0161t\u011b v roce 2023) bezm\u00e1la polovi\u010dn\u00ed pod\u00edl klubu ze Selhurst Parku (45%). To v\u0161echno cht\u011bl zahodit (\u010dti: prodat), jen aby se mohl zasnoubit s Evertonem. Napsal u\u017e i dopis na rozlou\u010denou. Aby mu pak bohatou nev\u011bstu vyfoukl jinej frajer. Co te\u010f?<\/p>\n<h4><strong>Dyche hraje o flek<\/strong><\/h4>\n<p>Prakticky obratem po ozn\u00e1men\u00ed prodeje Evertonu do rukou skupiny Dana Friedkina se vyrojily zpr\u00e1vy o potenci\u00e1ln\u00edch n\u00e1hrad\u00e1ch za Seana Dyche. Ten po slab\u00e9m startu ro\u010dn\u00edku m\u00e1 svou pozici nejistou. P\u0159esto, n\u011bjak\u00fd \u010das se p\u0159evod pot\u00e1hne a lodivod tak m\u00e1 \u0161anci dok\u00e1zat, pro\u010d by se m\u011bl na sv\u00e9m m\u00edst\u011b udr\u017eet. P\u0159eci jen u\u017e dok\u00e1zal Everton navzdory p\u0159edpoklad\u016fm dvakr\u00e1t zachr\u00e1nit.<\/p>\n<p>On i my v\u011b\u0159\u00edme, \u017ee na sinusoid\u011b u\u017e n\u00e1s \u010dek\u00e1 jen pohyb nahoru. Mohlo by tomu napomoci jedno jm\u00e9no, kter\u00e9 se po pauze zp\u016fsoben\u00e9 zran\u011bn\u00edm vrac\u00ed \u2013 Jarrad Branthwaite. V lo\u0148sk\u00e9m ro\u010dn\u00edku sou\u010d\u00e1st mocn\u00e9 hr\u00e1ze, kter\u00e1 t\u0159in\u00e1ctkr\u00e1t odrazila soupe\u0159ovy \u00fatoky bez \u00fajmy. Bez n\u011bj se to letos je\u0161t\u011b nepovedlo.<\/p>\n<p>Dal\u0161\u00edmi rekonvalescenty jsou Mykolenko a Gueye. Prvn\u00ed jmenovan\u00fd by se m\u011bl vr\u00e1tit do z\u00e1kladu, Gana Gueye sp\u00ed\u0161e ne. Na rozd\u00edl od Ukrajince ale senegalsk\u00fd veter\u00e1n m\u00e1 konkurenty na sv\u016fj post a o m\u00edsta ve st\u0159edu pole bude boj hned mezi p\u011btic\u00ed Gana, Jimmy G, Orel, Doucs a Iro. Naopak nad\u00e1le bude chyb\u011bt Coleman, Broja a Chermiti, zcela p\u0159ipraven je\u0161t\u011b nebude ani Nathan Patterson.<\/p>\n<h4><strong>L\u00edn\u00e1 \u0161tika sout\u011b\u017ee<\/strong><\/h4>\n<p>Palace se zat\u00edm nedok\u00e1zali rozh\u00fdbat do obr\u00e1tek z konce minul\u00e9ho roku. P\u0159edn\u011b ode\u0161el tahoun Michael Olise. Daichi Kamada z\u00e1\u0159il pod Glassnerem ve Frankfurtu, Ismaila Sarr a Eddie Nketiah nejsou v EPL nov\u00e1\u010dky, ale pro oba to bude trochu jin\u00e1 \u0159eka. Reprezentant Albionu Guehi p\u0159ekvapiv\u011b z\u016fstal, do defenz\u00edvy mu p\u0159iplavala hned trojice koleg\u016f Maxence Lacroix, Trevoh Chalobah a Chadi Riad.<\/p>\n<p>Solidn\u00ed posily, ale i tak jsou Eagles 23 milion\u016f v plusu. P\u0159isp\u011bly k tomu odchody \u010dtve\u0159ice Olise, Andersen, Johnstone, Ayew, co\u017e vyneslo 100 milion\u016f. Asi je brzo \u0159\u00edct, zda je t\u00fdm slab\u0161\u00ed nebo siln\u011bj\u0161\u00ed. Celkov\u011b vid\u00ed transfermarkt Palace o 80 milion\u016f eur siln\u011bj\u0161\u00ed ne\u017e Everton. Krom\u011b jmenovan\u00fdch na tom m\u00e1 v\u00fdrazn\u00fd pod\u00edl Eberechi Eze, kter\u00fd dok\u00e1\u017ee zamotat hlavu. Zaujmout u\u017e dok\u00e1zal i mladi\u010dk\u00fd Adam Wharton, tak\u00e9 jejich vlastn\u00ed Doucour\u00e9 a Jean-Philippe Mateta.<\/p>\n<h4><strong>Bilance &amp; zaj\u00edmavosti<\/strong><\/h4>\n<p>Ub\u00fdv\u00e1 t\u00fdm\u016f, u kter\u00fdch dr\u017e\u00edme kladn\u00e9 bilance, tak\u017ee bu\u010fme vd\u011b\u010dn\u00ed za Palace. Mo\u017en\u00e1 to mohlo b\u00fdt je\u0161t\u011b lep\u0161\u00ed, ale prvn\u00ed ligov\u00e9 kl\u00e1n\u00ed p\u0159i\u0161lo a\u017e v srpnu 1969, kdy jsme doma zv\u00edt\u011bzili 2:1 (Morrisey, Royle), do t\u00e9 doby doch\u00e1zelo jen k p\u0159est\u0159elk\u00e1m v FA Cupu.<\/p>\n<p><span style=\"text-decoration: underline;\">Celkov\u011b:<\/span>\u00a0 \u00a0 \u00a0 \u00a0 \u00a0 \u00a0 \u00a0 \u00a0 62\u00a0\u00a0\u00a0\u00a0\u00a0\u00a0\u00a0\u00a0\u00a0\u00a0 26-22-14\u00a0\u00a0\u00a0\u00a0\u00a0\u00a0\u00a0\u00a0\u00a0\u00a0\u00a0 103:71<\/p>\n<p><span style=\"text-decoration: underline;\">Liga:<\/span>\u00a0\u00a0\u00a0 \u00a0\u00a0\u00a0\u00a0\u00a0\u00a0\u00a0\u00a0\u00a0\u00a0\u00a0\u00a0\u00a0\u00a0\u00a0\u00a0\u00a0 48\u00a0\u00a0\u00a0\u00a0\u00a0\u00a0\u00a0\u00a0\u00a0\u00a0 20-17-11\u00a0 \u00a0 \u00a0 \u00a0 \u00a0 \u00a0 \u00a074:48<\/p>\n<p><span style=\"text-decoration: underline;\">EPL:<\/span>\u00a0 \u00a0\u00a0\u00a0\u00a0\u00a0\u00a0\u00a0\u00a0\u00a0\u00a0\u00a0\u00a0\u00a0\u00a0\u00a0\u00a0\u00a0\u00a0\u00a0\u00a0 30\u00a0\u00a0\u00a0\u00a0\u00a0\u00a0\u00a0\u00a0\u00a0\u00a0 14-10-6\u00a0 \u00a0 \u00a0 \u00a0 \u00a0 \u00a0 \u00a0 \u00a048:30<\/p>\n<p>Everton prohr\u00e1l 3 \u00favodn\u00ed dom\u00e1c\u00ed z\u00e1pasy v\u00a0letech 1958\/59, 2005\/06, 2008\/06 a 2023\/24. N\u011bjak se n\u00e1m ta frekvence zv\u011bt\u0161uje.<\/p>\n<p>Calverta-Lewina si ve spojen\u00ed s Palace dob\u0159e pamatujeme z Lampardovy z\u00e1chrany. Celkov\u011b vst\u0159elil Orl\u016fm u\u017e 5 branek.<\/p>\n<p>Tak\u00e9 Sean Dyche si z\u00e1pasy proti Palace obl\u00edbil, neprohr\u00e1l s\u00a0nimi u\u017e 8 z\u00e1pas\u016f v\u00a0\u0159ad\u011b (celkov\u011b 9-6-7).<\/p>\n<p>Everton sice nevyhr\u00e1l posledn\u00edch 6 ligov\u00fdch z\u00e1pas\u016f, ale ve 4 z\u00a0nich vedl (kolik vyhr\u00e1l v\u00edte v\u0161ichni). To Palace se letos do veden\u00ed v\u00a0z\u00e1pase ani nedostali, dvakr\u00e1t dotahovali k\u00a0rem\u00edze.<\/p>\n<p>Zat\u00edmco Sean Dyche moc nest\u0159\u00edd\u00e1 a nem\u011bn\u00ed sestavu, pokud ho k tomu nedonut\u00ed zdravotn\u00edk, tak Oliver Glassner u\u017e ud\u011blal 11 zm\u011bn ve sv\u00fdch z\u00e1kladn\u00edch XI, nejv\u00edce ze v\u0161ech.<\/p>\n<p>Dwight McNeil se m\u016f\u017ee chlubit nejv\u011bt\u0161\u00edm po\u010dtem vytvo\u0159en\u00fdch \u0161anc\u00ed (20) a mega\u0161anc\u00ed (6) v\u00a0sout\u011b\u017ei. Hezky, Dwighte!<\/p>\n<p><strong>Co<\/strong>: Everton FC &#8211; Crystal Palace FC, 6. kolo Premier League<br \/>\n<strong>Kdy<\/strong>: v sobotu 28. z\u00e1\u0159\u00ed 2024 od 16:00<br \/>\n<strong>Kde<\/strong>: Goodison Park &#8211; Goodison Rd, Liverpool L4 4EL (kapacita 39 414)<br \/>\n<strong>TV<\/strong>: na Canal + Sport 6, komentuje Ond\u0159ej L\u00edpa<br \/>\n<strong>Rozhod\u010d\u00ed<\/strong>:\u00a0Andy Madley <strong>Pomezn\u00ed<\/strong>: Nick Hopton, Blake Antrobus\u00a0 <strong>\u010ctvrt\u00fd<\/strong> <strong>rozhod\u010d\u00ed<\/strong>: Tony Harrington<br \/>\n<strong>VAR<\/strong>: Graham Scott\u00a0 <strong>Asistent<\/strong> <strong>VAR<\/strong>: Simon Bennett<\/p>\n","protected":false},"excerpt":{"rendered":"<p>U\u017e to vypadalo, \u017ee Everton p\u0159ebere Palace majitele. Ne\u017e stihl ale sv\u016fj pod\u00edl prodat, tak nakonec Moshiri prodal jinde, tak\u017ee \u2013 v\u0161echno dobr\u00fd?<\/p>\n","protected":false},"author":10,"featured_media":14858,"comment_status":"open","ping_status":"closed","sticky":false,"template":"","format":"standard","meta":{"_eb_attr":"","_monsterinsights_skip_tracking":false,"_monsterinsights_sitenote_active":false,"_monsterinsights_sitenote_note":"","_monsterinsights_sitenote_category":0,"footnotes":""},"categories":[4],"tags":[],"yoast_head":"<!-- This site is optimized with the Yoast SEO plugin v23.4 - https:\/\/yoast.com\/wordpress\/plugins\/seo\/ -->\n<title>Preview: Everton - Crystal Palace - Official Czech &amp; Slovak Everton Supporters&#039; Club<\/title>\n<meta name=\"robots\" content=\"index, follow, max-snippet:-1, max-image-preview:large, max-video-preview:-1\" \/>\n<link rel=\"canonical\" href=\"https:\/\/evertonfc.cz\/index.php\/2024\/09\/28\/preview-everton-crystal-palace-13\/\" \/>\n<meta property=\"og:locale\" content=\"cs_CZ\" \/>\n<meta property=\"og:type\" content=\"article\" \/>\n<meta property=\"og:title\" content=\"Preview: Everton - Crystal Palace - Official Czech &amp; Slovak Everton Supporters&#039; Club\" \/>\n<meta property=\"og:description\" content=\"U\u017e to vypadalo, \u017ee Everton p\u0159ebere Palace majitele. Ne\u017e stihl ale sv\u016fj pod\u00edl prodat, tak nakonec Moshiri prodal jinde, tak\u017ee \u2013 v\u0161echno dobr\u00fd?\" \/>\n<meta property=\"og:url\" content=\"https:\/\/evertonfc.cz\/index.php\/2024\/09\/28\/preview-everton-crystal-palace-13\/\" \/>\n<meta property=\"og:site_name\" content=\"Official Czech &amp; Slovak Everton Supporters&#039; Club\" \/>\n<meta property=\"article:publisher\" content=\"https:\/\/www.facebook.com\/everton.fans.cz.sk\" \/>\n<meta property=\"article:published_time\" content=\"2024-09-28T12:59:59+00:00\" \/>\n<meta property=\"article:modified_time\" content=\"2024-09-28T17:38:50+00:00\" \/>\n<meta property=\"og:image\" content=\"https:\/\/evertonfc.cz\/wp-content\/uploads\/2021\/04\/Everton-VS-Crystal-Palace.png\" \/>\n\t<meta property=\"og:image:width\" content=\"720\" \/>\n\t<meta property=\"og:image:height\" content=\"405\" \/>\n\t<meta property=\"og:image:type\" content=\"image\/png\" \/>\n<meta name=\"author\" content=\"Fip\" \/>\n<meta name=\"twitter:card\" content=\"summary_large_image\" \/>\n<meta name=\"twitter:label1\" content=\"Napsal(a)\" \/>\n\t<meta name=\"twitter:data1\" content=\"Fip\" \/>\n\t<meta name=\"twitter:label2\" content=\"Odhadovan\u00e1 doba \u010dten\u00ed\" \/>\n\t<meta name=\"twitter:data2\" content=\"4 minuty\" \/>\n<script type=\"application\/ld+json\" class=\"yoast-schema-graph\">{\"@context\":\"https:\/\/schema.org\",\"@graph\":[{\"@type\":\"Article\",\"@id\":\"https:\/\/evertonfc.cz\/index.php\/2024\/09\/28\/preview-everton-crystal-palace-13\/#article\",\"isPartOf\":{\"@id\":\"https:\/\/evertonfc.cz\/index.php\/2024\/09\/28\/preview-everton-crystal-palace-13\/\"},\"author\":{\"name\":\"Fip\",\"@id\":\"https:\/\/evertonfc.cz\/#\/schema\/person\/35904009755e8eaa0dc1a5f5f0419002\"},\"headline\":\"Preview: Everton &#8211; Crystal Palace\",\"datePublished\":\"2024-09-28T12:59:59+00:00\",\"dateModified\":\"2024-09-28T17:38:50+00:00\",\"mainEntityOfPage\":{\"@id\":\"https:\/\/evertonfc.cz\/index.php\/2024\/09\/28\/preview-everton-crystal-palace-13\/\"},\"wordCount\":833,\"commentCount\":8,\"publisher\":{\"@id\":\"https:\/\/evertonfc.cz\/#organization\"},\"image\":{\"@id\":\"https:\/\/evertonfc.cz\/index.php\/2024\/09\/28\/preview-everton-crystal-palace-13\/#primaryimage\"},\"thumbnailUrl\":\"https:\/\/evertonfc.cz\/wp-content\/uploads\/2021\/04\/Everton-VS-Crystal-Palace.png\",\"articleSection\":[\"Z\u00e1pasy\"],\"inLanguage\":\"cs\",\"potentialAction\":[{\"@type\":\"CommentAction\",\"name\":\"Comment\",\"target\":[\"https:\/\/evertonfc.cz\/index.php\/2024\/09\/28\/preview-everton-crystal-palace-13\/#respond\"]}]},{\"@type\":\"WebPage\",\"@id\":\"https:\/\/evertonfc.cz\/index.php\/2024\/09\/28\/preview-everton-crystal-palace-13\/\",\"url\":\"https:\/\/evertonfc.cz\/index.php\/2024\/09\/28\/preview-everton-crystal-palace-13\/\",\"name\":\"Preview: Everton - Crystal Palace - Official Czech &amp; Slovak Everton Supporters&#039; Club\",\"isPartOf\":{\"@id\":\"https:\/\/evertonfc.cz\/#website\"},\"primaryImageOfPage\":{\"@id\":\"https:\/\/evertonfc.cz\/index.php\/2024\/09\/28\/preview-everton-crystal-palace-13\/#primaryimage\"},\"image\":{\"@id\":\"https:\/\/evertonfc.cz\/index.php\/2024\/09\/28\/preview-everton-crystal-palace-13\/#primaryimage\"},\"thumbnailUrl\":\"https:\/\/evertonfc.cz\/wp-content\/uploads\/2021\/04\/Everton-VS-Crystal-Palace.png\",\"datePublished\":\"2024-09-28T12:59:59+00:00\",\"dateModified\":\"2024-09-28T17:38:50+00:00\",\"breadcrumb\":{\"@id\":\"https:\/\/evertonfc.cz\/index.php\/2024\/09\/28\/preview-everton-crystal-palace-13\/#breadcrumb\"},\"inLanguage\":\"cs\",\"potentialAction\":[{\"@type\":\"ReadAction\",\"target\":[\"https:\/\/evertonfc.cz\/index.php\/2024\/09\/28\/preview-everton-crystal-palace-13\/\"]}]},{\"@type\":\"ImageObject\",\"inLanguage\":\"cs\",\"@id\":\"https:\/\/evertonfc.cz\/index.php\/2024\/09\/28\/preview-everton-crystal-palace-13\/#primaryimage\",\"url\":\"https:\/\/evertonfc.cz\/wp-content\/uploads\/2021\/04\/Everton-VS-Crystal-Palace.png\",\"contentUrl\":\"https:\/\/evertonfc.cz\/wp-content\/uploads\/2021\/04\/Everton-VS-Crystal-Palace.png\",\"width\":720,\"height\":405},{\"@type\":\"BreadcrumbList\",\"@id\":\"https:\/\/evertonfc.cz\/index.php\/2024\/09\/28\/preview-everton-crystal-palace-13\/#breadcrumb\",\"itemListElement\":[{\"@type\":\"ListItem\",\"position\":1,\"name\":\"Home\",\"item\":\"https:\/\/evertonfc.cz\/\"},{\"@type\":\"ListItem\",\"position\":2,\"name\":\"Preview: Everton &#8211; Crystal Palace\"}]},{\"@type\":\"WebSite\",\"@id\":\"https:\/\/evertonfc.cz\/#website\",\"url\":\"https:\/\/evertonfc.cz\/\",\"name\":\"Official Czech &amp; Slovak Everton Supporters&#039; Club\",\"description\":\"\",\"publisher\":{\"@id\":\"https:\/\/evertonfc.cz\/#organization\"},\"potentialAction\":[{\"@type\":\"SearchAction\",\"target\":{\"@type\":\"EntryPoint\",\"urlTemplate\":\"https:\/\/evertonfc.cz\/?s={search_term_string}\"},\"query-input\":{\"@type\":\"PropertyValueSpecification\",\"valueRequired\":true,\"valueName\":\"search_term_string\"}}],\"inLanguage\":\"cs\"},{\"@type\":\"Organization\",\"@id\":\"https:\/\/evertonfc.cz\/#organization\",\"name\":\"Official Czech & Slovak Everton Supporters' Club\",\"url\":\"https:\/\/evertonfc.cz\/\",\"logo\":{\"@type\":\"ImageObject\",\"inLanguage\":\"cs\",\"@id\":\"https:\/\/evertonfc.cz\/#\/schema\/logo\/image\/\",\"url\":\"https:\/\/evertonfc.cz\/wp-content\/uploads\/2019\/05\/logo.png\",\"contentUrl\":\"https:\/\/evertonfc.cz\/wp-content\/uploads\/2019\/05\/logo.png\",\"width\":112,\"height\":112,\"caption\":\"Official Czech & Slovak Everton Supporters' Club\"},\"image\":{\"@id\":\"https:\/\/evertonfc.cz\/#\/schema\/logo\/image\/\"},\"sameAs\":[\"https:\/\/www.facebook.com\/everton.fans.cz.sk\"]},{\"@type\":\"Person\",\"@id\":\"https:\/\/evertonfc.cz\/#\/schema\/person\/35904009755e8eaa0dc1a5f5f0419002\",\"name\":\"Fip\",\"url\":\"https:\/\/evertonfc.cz\/index.php\/author\/fip\/\"}]}<\/script>\n<!-- \/ Yoast SEO plugin. -->","yoast_head_json":{"title":"Preview: Everton - Crystal Palace - Official Czech &amp; Slovak Everton Supporters&#039; Club","robots":{"index":"index","follow":"follow","max-snippet":"max-snippet:-1","max-image-preview":"max-image-preview:large","max-video-preview":"max-video-preview:-1"},"canonical":"https:\/\/evertonfc.cz\/index.php\/2024\/09\/28\/preview-everton-crystal-palace-13\/","og_locale":"cs_CZ","og_type":"article","og_title":"Preview: Everton - Crystal Palace - Official Czech &amp; Slovak Everton Supporters&#039; Club","og_description":"U\u017e to vypadalo, \u017ee Everton p\u0159ebere Palace majitele. Ne\u017e stihl ale sv\u016fj pod\u00edl prodat, tak nakonec Moshiri prodal jinde, tak\u017ee \u2013 v\u0161echno dobr\u00fd?","og_url":"https:\/\/evertonfc.cz\/index.php\/2024\/09\/28\/preview-everton-crystal-palace-13\/","og_site_name":"Official Czech &amp; Slovak Everton Supporters&#039; Club","article_publisher":"https:\/\/www.facebook.com\/everton.fans.cz.sk","article_published_time":"2024-09-28T12:59:59+00:00","article_modified_time":"2024-09-28T17:38:50+00:00","og_image":[{"width":720,"height":405,"url":"https:\/\/evertonfc.cz\/wp-content\/uploads\/2021\/04\/Everton-VS-Crystal-Palace.png","type":"image\/png"}],"author":"Fip","twitter_card":"summary_large_image","twitter_misc":{"Napsal(a)":"Fip","Odhadovan\u00e1 doba \u010dten\u00ed":"4 minuty"},"schema":{"@context":"https:\/\/schema.org","@graph":[{"@type":"Article","@id":"https:\/\/evertonfc.cz\/index.php\/2024\/09\/28\/preview-everton-crystal-palace-13\/#article","isPartOf":{"@id":"https:\/\/evertonfc.cz\/index.php\/2024\/09\/28\/preview-everton-crystal-palace-13\/"},"author":{"name":"Fip","@id":"https:\/\/evertonfc.cz\/#\/schema\/person\/35904009755e8eaa0dc1a5f5f0419002"},"headline":"Preview: Everton &#8211; Crystal Palace","datePublished":"2024-09-28T12:59:59+00:00","dateModified":"2024-09-28T17:38:50+00:00","mainEntityOfPage":{"@id":"https:\/\/evertonfc.cz\/index.php\/2024\/09\/28\/preview-everton-crystal-palace-13\/"},"wordCount":833,"commentCount":8,"publisher":{"@id":"https:\/\/evertonfc.cz\/#organization"},"image":{"@id":"https:\/\/evertonfc.cz\/index.php\/2024\/09\/28\/preview-everton-crystal-palace-13\/#primaryimage"},"thumbnailUrl":"https:\/\/evertonfc.cz\/wp-content\/uploads\/2021\/04\/Everton-VS-Crystal-Palace.png","articleSection":["Z\u00e1pasy"],"inLanguage":"cs","potentialAction":[{"@type":"CommentAction","name":"Comment","target":["https:\/\/evertonfc.cz\/index.php\/2024\/09\/28\/preview-everton-crystal-palace-13\/#respond"]}]},{"@type":"WebPage","@id":"https:\/\/evertonfc.cz\/index.php\/2024\/09\/28\/preview-everton-crystal-palace-13\/","url":"https:\/\/evertonfc.cz\/index.php\/2024\/09\/28\/preview-everton-crystal-palace-13\/","name":"Preview: Everton - Crystal Palace - Official Czech &amp; Slovak Everton Supporters&#039; Club","isPartOf":{"@id":"https:\/\/evertonfc.cz\/#website"},"primaryImageOfPage":{"@id":"https:\/\/evertonfc.cz\/index.php\/2024\/09\/28\/preview-everton-crystal-palace-13\/#primaryimage"},"image":{"@id":"https:\/\/evertonfc.cz\/index.php\/2024\/09\/28\/preview-everton-crystal-palace-13\/#primaryimage"},"thumbnailUrl":"https:\/\/evertonfc.cz\/wp-content\/uploads\/2021\/04\/Everton-VS-Crystal-Palace.png","datePublished":"2024-09-28T12:59:59+00:00","dateModified":"2024-09-28T17:38:50+00:00","breadcrumb":{"@id":"https:\/\/evertonfc.cz\/index.php\/2024\/09\/28\/preview-everton-crystal-palace-13\/#breadcrumb"},"inLanguage":"cs","potentialAction":[{"@type":"ReadAction","target":["https:\/\/evertonfc.cz\/index.php\/2024\/09\/28\/preview-everton-crystal-palace-13\/"]}]},{"@type":"ImageObject","inLanguage":"cs","@id":"https:\/\/evertonfc.cz\/index.php\/2024\/09\/28\/preview-everton-crystal-palace-13\/#primaryimage","url":"https:\/\/evertonfc.cz\/wp-content\/uploads\/2021\/04\/Everton-VS-Crystal-Palace.png","contentUrl":"https:\/\/evertonfc.cz\/wp-content\/uploads\/2021\/04\/Everton-VS-Crystal-Palace.png","width":720,"height":405},{"@type":"BreadcrumbList","@id":"https:\/\/evertonfc.cz\/index.php\/2024\/09\/28\/preview-everton-crystal-palace-13\/#breadcrumb","itemListElement":[{"@type":"ListItem","position":1,"name":"Home","item":"https:\/\/evertonfc.cz\/"},{"@type":"ListItem","position":2,"name":"Preview: Everton &#8211; Crystal Palace"}]},{"@type":"WebSite","@id":"https:\/\/evertonfc.cz\/#website","url":"https:\/\/evertonfc.cz\/","name":"Official Czech &amp; Slovak Everton Supporters&#039; Club","description":"","publisher":{"@id":"https:\/\/evertonfc.cz\/#organization"},"potentialAction":[{"@type":"SearchAction","target":{"@type":"EntryPoint","urlTemplate":"https:\/\/evertonfc.cz\/?s={search_term_string}"},"query-input":{"@type":"PropertyValueSpecification","valueRequired":true,"valueName":"search_term_string"}}],"inLanguage":"cs"},{"@type":"Organization","@id":"https:\/\/evertonfc.cz\/#organization","name":"Official Czech & Slovak Everton Supporters' Club","url":"https:\/\/evertonfc.cz\/","logo":{"@type":"ImageObject","inLanguage":"cs","@id":"https:\/\/evertonfc.cz\/#\/schema\/logo\/image\/","url":"https:\/\/evertonfc.cz\/wp-content\/uploads\/2019\/05\/logo.png","contentUrl":"https:\/\/evertonfc.cz\/wp-content\/uploads\/2019\/05\/logo.png","width":112,"height":112,"caption":"Official Czech & Slovak Everton Supporters' Club"},"image":{"@id":"https:\/\/evertonfc.cz\/#\/schema\/logo\/image\/"},"sameAs":["https:\/\/www.facebook.com\/everton.fans.cz.sk"]},{"@type":"Person","@id":"https:\/\/evertonfc.cz\/#\/schema\/person\/35904009755e8eaa0dc1a5f5f0419002","name":"Fip","url":"https:\/\/evertonfc.cz\/index.php\/author\/fip\/"}]}},"_links":{"self":[{"href":"https:\/\/evertonfc.cz\/index.php\/wp-json\/wp\/v2\/posts\/25340"}],"collection":[{"href":"https:\/\/evertonfc.cz\/index.php\/wp-json\/wp\/v2\/posts"}],"about":[{"href":"https:\/\/evertonfc.cz\/index.php\/wp-json\/wp\/v2\/types\/post"}],"author":[{"embeddable":true,"href":"https:\/\/evertonfc.cz\/index.php\/wp-json\/wp\/v2\/users\/10"}],"replies":[{"embeddable":true,"href":"https:\/\/evertonfc.cz\/index.php\/wp-json\/wp\/v2\/comments?post=25340"}],"version-history":[{"count":5,"href":"https:\/\/evertonfc.cz\/index.php\/wp-json\/wp\/v2\/posts\/25340\/revisions"}],"predecessor-version":[{"id":25347,"href":"https:\/\/evertonfc.cz\/index.php\/wp-json\/wp\/v2\/posts\/25340\/revisions\/25347"}],"wp:featuredmedia":[{"embeddable":true,"href":"https:\/\/evertonfc.cz\/index.php\/wp-json\/wp\/v2\/media\/14858"}],"wp:attachment":[{"href":"https:\/\/evertonfc.cz\/index.php\/wp-json\/wp\/v2\/media?parent=25340"}],"wp:term":[{"taxonomy":"category","embeddable":true,"href":"https:\/\/evertonfc.cz\/index.php\/wp-json\/wp\/v2\/categories?post=25340"},{"taxonomy":"post_tag","embeddable":true,"href":"https:\/\/evertonfc.cz\/index.php\/wp-json\/wp\/v2\/tags?post=25340"}],"curies":[{"name":"wp","href":"https:\/\/api.w.org\/{rel}","templated":true}]}}