{"id":25345,"date":"2024-09-28T21:36:27","date_gmt":"2024-09-28T19:36:27","guid":{"rendered":"https:\/\/evertonfc.cz\/?p=25345"},"modified":"2024-09-29T13:56:58","modified_gmt":"2024-09-29T11:56:58","slug":"everton-crystal-palace-21","status":"publish","type":"post","link":"https:\/\/evertonfc.cz\/index.php\/2024\/09\/28\/everton-crystal-palace-21\/","title":{"rendered":"Everton &#8211; Crystal Palace 2:1"},"content":{"rendered":"<h4>Tak tedy chutn\u00e1 v\u00edt\u011bzstv\u00ed! Dycheova dru\u017eina vy\u0161la po p\u016fli rozhodnut\u00e1 zv\u00edt\u011bzit a tentokr\u00e1t to byli Toffees, kdo ot\u00e1\u010del sk\u00f3re ve sv\u016fj prosp\u011bch. Hlavn\u00ed pod\u00edl nese Dwight McNeil. Jeho hv\u011bzda z\u00e1\u0159\u00ed v nov\u00e9 pozici, tak\u00e9 kv\u016fli tomu, \u017ee nen\u00ed jedinou zbran\u00ed t\u00fdmu.<\/h4>\n<p>Oproti p\u0159edpov\u011bdi po\u010das\u00ed bylo na \u00favod jasno. K\u00a0radosti n\u00e1s v\u0161ech Branthwaite zp\u011bt. DCL p\u0159i\u0161el bez t\u00e9 komedie na hlav\u011b, naopak Pickford n\u00e1v\u0161t\u011bvu holi\u010de vynechal. Host\u00e9 ve \u017elut\u00e9m.<\/p>\n<h4><strong>Prvn\u00ed polo\u010das <\/strong><\/h4>\n<p>Hned v \u00favodu byl anglick\u00fd brank\u00e1\u0159 v souboji u lajny, kam vyb\u011bhl, aby utnul n\u00e1b\u011bh hostuj\u00edc\u00edho k\u0159\u00eddla. Do dal\u0161\u00edho ohro\u017een\u00ed vysunul Wharton Matetu, zd\u00e1lo se mimo hru, ale na\u0161t\u011bst\u00ed mimo nebezpe\u010d\u00ed. Hr\u00e1lo se aktivn\u011b, ale bez v\u00fdrazn\u011bj\u0161\u00ed p\u0159\u00edlle\u017eitosti. Tedy a\u017e do 8. minuty.<\/p>\n<p>Prchaj\u00edc\u00edho Ezeho rozkol\u00edsal Doucs jen za pomoci rukou a p\u0159\u00edm\u00fd kop s\u00e1m dot\u010den\u00fd nap\u00e1lil do zdi. Jen\u017ee odra\u017een\u00fd m\u00ed\u010d si na\u0161el Wharton a vyst\u0159elil si prvn\u00ed roh. Ten nebyl rozehr\u00e1n nijak dob\u0159e, ale Lindstr\u00f8m neudr\u017eel m\u00ed\u010d, Wharton znovu centroval na zadn\u00ed ty\u010d, kde se vyt\u00e1hl Lacroix a jeho pr\u00e1ci jemn\u00fdm p\u00edchnut\u00edm dokon\u010dil Gu\u00e9hi \u2013 <strong>0:1<\/strong>.<\/p>\n<p>Everton odpov\u011bd\u011bl 2 p\u0159\u00edm\u00fdmi kopy, v obou p\u0159\u00edpadech byly ob\u011btmi faulu rychl\u00e9 no\u017eky Ilimanovy. Prvn\u00ed rozehr\u00e1l McNeil na Tarkowsk\u00e9ho, ale ten hlavi\u010dkoval vedle. Druh\u00fd vyslal Lindstr\u00f8m op\u011bt na hlavu kapit\u00e1na, ale byl z toho pouze roh. P\u0159i ost\u0159elov\u00e1n\u00ed v\u00e1pna pou\u017eil Wharton patrn\u011b povolen\u00e9 chvaty na Branthwaitovi.<\/p>\n<p>Dal\u0161\u00ed dobrou p\u0159\u00edle\u017eitost p\u0159ipravil McNeil, ale jeho pr\u016fst\u0159el v\u00e1pna nena\u0161el pr\u016fse\u010d\u00edk s dr\u00e1hou DCL. Pak ale iniciativa p\u0159e\u0161la op\u011bt do nohou host\u016f. Mykolenko p\u0159i ha\u0161en\u00ed brejku sejmul i kolegu Branthwaitea. N\u00e1sledovaly 2 rohov\u00e9 kopy, kter\u00e9 byly nebezpe\u010dn\u00e9 jako prvn\u00ed. Pickford nezas\u00e1hl, proti Mu\u0148ozovi zachra\u0148oval Ndiaye. P\u0159i t\u0159et\u00edm, na kr\u00e1tko rozehran\u00e9m, vyhlavi\u010dkoval r\u00e1nu Tarkowski. V\u00fdslednou sv\u00edci boxoval Pickford a kone\u010dn\u011b odkopl Young.<\/p>\n<p>Mykolenko p\u0159ipravil dobrou \u0161anci, ale centr minul Doucour\u00e9ho a zasko\u010den\u00fd McNeil hlavi\u010dkoval mimo. Brejk na druh\u00e9 stran\u011b hasil Tarkowski, kter\u00fd trefil m\u00ed\u010d, ale jeho kol\u00edky p\u0159e\u0161ly i p\u0159es Matetovy kotn\u00edky. Ale mohli jsme si oddechnout. Podobn\u011b jako p\u0159i d\u00e1lkov\u00fdch projektilech Whartona a Ezeho, kter\u00e9 lapil Pickford do ko\u0161e.<\/p>\n<h4><strong>Druh\u00fd polo\u010das<\/strong><\/h4>\n<p>Jestli se p\u0159ed p\u0159est\u00e1vkou n\u011bkomu neda\u0159ilo, byl to Lindstr\u00f8m. M\u00e1m tu\u0161en\u00ed, \u017ee jsem to zp\u016fsobil j\u00e1, proto\u017ee jsem jej ve Fantasy vym\u011bnil za DCL, co\u017e mu dozajista sv\u00e1zalo nohy. A\u0165 tak \u010di tak, jeho m\u00edsto zaujmul Harrison a za\u010daly se d\u00edt v\u011bci.<\/p>\n<p>Young, mlad\u00fd jm\u00e9nem, ale vyzr\u00e1l\u00fd v\u011bkem, p\u0159e\u010detl hru a vystihl p\u0159ihr\u00e1vku. P\u0159edal m\u00ed\u010d McNeilovi, kter\u00fd nechal promluvit svou proklat\u011b jedovatou leva\u010dku a m\u00ed\u010d nasm\u011broval obloukem do s\u00edt\u011b po pravici Hendersonov\u011b \u2013 <strong>1:1<\/strong>.<\/p>\n<p>A bylo vid\u011bt, \u017ee t\u00edmhle to pro Toffees nekon\u010d\u00ed. St\u0159elec si do\u0161el pro m\u00ed\u010d a dal najevo, \u017ee dom\u00e1c\u00ed si p\u016fjdou pro v\u00edt\u011bzstv\u00ed. Netrvalo dlouho, Jack Harrsion p\u0159i zpracov\u00e1n\u00ed m\u00ed\u010de oklamal protivn\u00edka, z\u00edskal \u010das a poslal m\u00ed\u010d na zadn\u00ed ty\u010d, kde jej necht\u011bn\u011b p\u0159ipravil Nketiah McNeilovi na volej, kter\u00fd pro\u0161el skrz Hendersona \u2013 <strong>2:1.<\/strong><\/p>\n<p>Eagles se cht\u011bli dostat hned zp\u00e1tky do z\u00e1pasu, ale Nketiah na\u0161t\u011bst\u00ed z\u00a0lev\u00e9 strany nedok\u00e1zal procedit m\u00ed\u010d ani p\u0159ihr\u00e1vkou, ani st\u0159elou. Everton se pro zm\u011bnu dost\u00e1val dop\u0159edu po prav\u00e9 stran\u011b, kde dob\u0159e podporoval ofenz\u00edvu Young a kde dob\u0159e spolupracovali McNeil s\u00a0DCL. Ten st\u0159\u00edlel z\u00a0t\u011b\u017ek\u00e9 pozice vedle, pak po spole\u010dn\u00e9 kombinaci hledali Harrisona, ale ten m\u011bl k\u00a0m\u00ed\u010di daleko.<\/p>\n<p>Wharton vyb\u00eddl Matetu, snad znovu do ofsajdov\u00e9 pozice, ale obrann\u00e9 duo T+B stihlo i tak zakro\u010dit. Spolupr\u00e1ce Ezeho s agiln\u00edm Mu\u0148ozem p\u0159inesla jen p\u0159ihr\u00e1vku nap\u0159\u00ed\u010d v\u00e1pnem bez adres\u00e1ta. DCL udr\u017eel m\u00ed\u010d v souboji na p\u016flce a vyzval k samostatn\u00e9mu n\u00e1jezdu Doucour\u00e9ho, ale tomu odebral m\u00ed\u010d Lacroix je\u0161t\u011b p\u0159ed pokutov\u00fdm uzem\u00edm. Pickford\u016fv pas za obranu odvracel hlavi\u010dkuj\u00edc\u00ed Henderson mimo sv\u016fj raj\u00f3n. Everton se pou\u010dil a nam\u00edsto pasivity dohr\u00e1val z\u00e1pas aktivn\u011b. P\u0159esto bylo zn\u00e1t v hledi\u0161ti nap\u011bt\u00ed, zda se to nesesype. Nap\u011bt\u00ed nevydr\u017eela elektronka E13 a nakr\u00e1tko vypadl v nastaven\u00ed sign\u00e1l. Na\u0161t\u011bst\u00ed posledn\u00ed centr na\u0161el jen Hendersona a na jeho hlavi\u010dce si smlsnul jeho kolega. Dobojov\u00e1no.<\/p>\n<p>Hrdinstv\u00ed McNeilovo p\u0159ineslo Evertonu prvn\u00ed v\u00edt\u011bzstv\u00ed, ale p\u0159esto\u017ee v\u00fdkon byl slibn\u00fd, st\u00e1le je p\u0159ed Dychem a jeho chlapci spousta pr\u00e1ce. Hv\u011bzda z\u00e1pasu je jasn\u00e1 a je pot\u011b\u0161uj\u00edc\u00ed, \u017ee na\u0161e des\u00edtka dok\u00e1zala svoje dobr\u00e1 \u010d\u00edsla z rozli\u010dn\u00fdch statistik p\u0159etavit do toho nejd\u016fle\u017eit\u011bj\u0161\u00edho.<\/p>\n<p style=\"text-align: right;\"><span style=\"font-size: 8pt;\">fotozdroj: sportsview.co.uk<\/span><\/p>\n<p><strong>Branky<\/strong>: 46\u2018, 50\u2018 McNeil &#8211; 10\u2018 Gu\u00e9hi<\/p>\n<p><strong>\u017dlut\u00e9 karty: <\/strong>84\u2018 Calvert-Lewin, 90+3\u2018 Pickford<\/p>\n<p><strong>Dr\u017een\u00ed<\/strong> <strong>m\u00ed\u010de<\/strong>: 41% &#8211; 59% <strong>St\u0159ely\/na branku<\/strong>:\u00a0 8\/2 &#8211; 17\/5 <strong>Rohy<\/strong>: 5 &#8211; 8 <strong>xG<\/strong>: 1,15 &#8211; 0,89<\/p>\n<p><strong>Everton<\/strong>: Picford \u2013 Young, Tarkowski, Branthwaite, Mykolenko \u2013 Mangala (83\u2018 Gueye), Doucour\u00e9 \u2013 Lindstr\u00f8m (46\u2018 Harrison), McNeil (83\u2018 Garner), Ndiaye \u2013 Calvert-Lewin<\/p>\n<p><strong>Crystal<\/strong> <strong>Palace<\/strong>: Henderson \u2013 Lacroix, Guehi, Lerma &#8211; Mu\u0148\u00f3z, Wharton (88\u2018 Hughes), Kamada (62\u2018 Sarr), Mitchell &#8211; Eze \u2013 Nketiah (73\u2018 Schlupp), Mateta<\/p>\n<p><strong>Rozhod\u010d\u00ed:<\/strong> Andrew Madley<strong>\u00a0 Div\u00e1k\u016f<\/strong>: 38 954<\/p>\n","protected":false},"excerpt":{"rendered":"<p>Tak tedy chutn\u00e1 v\u00edt\u011bzstv\u00ed! Dycheova dru\u017eina vy\u0161la po p\u016fli rozhodnut\u00e1 zv\u00edt\u011bzit a tentokr\u00e1t to byli Toffees, kdo ot\u00e1\u010del sk\u00f3re ve sv\u016fj prosp\u011bch. Hlavn\u00ed pod\u00edl nese Dwight McNeil. Jeho hv\u011bzda z\u00e1\u0159\u00ed v\u00a0nov\u00e9 pozici, tak\u00e9 d\u00edky tomu, \u017ee nen\u00ed jedinou zbran\u00ed t\u00fdmu.<\/p>\n","protected":false},"author":10,"featured_media":25344,"comment_status":"open","ping_status":"closed","sticky":false,"template":"","format":"standard","meta":{"_eb_attr":"","_monsterinsights_skip_tracking":false,"_monsterinsights_sitenote_active":false,"_monsterinsights_sitenote_note":"","_monsterinsights_sitenote_category":0,"footnotes":""},"categories":[4],"tags":[],"yoast_head":"<!-- This site is optimized with the Yoast SEO plugin v23.4 - https:\/\/yoast.com\/wordpress\/plugins\/seo\/ -->\n<title>Everton - Crystal Palace 2:1 - Official Czech &amp; Slovak Everton Supporters&#039; Club<\/title>\n<meta name=\"robots\" content=\"index, follow, max-snippet:-1, max-image-preview:large, max-video-preview:-1\" \/>\n<link rel=\"canonical\" href=\"https:\/\/evertonfc.cz\/index.php\/2024\/09\/28\/everton-crystal-palace-21\/\" \/>\n<meta property=\"og:locale\" content=\"cs_CZ\" \/>\n<meta property=\"og:type\" content=\"article\" \/>\n<meta property=\"og:title\" content=\"Everton - Crystal Palace 2:1 - Official Czech &amp; Slovak Everton Supporters&#039; Club\" \/>\n<meta property=\"og:description\" content=\"Tak tedy chutn\u00e1 v\u00edt\u011bzstv\u00ed! Dycheova dru\u017eina vy\u0161la po p\u016fli rozhodnut\u00e1 zv\u00edt\u011bzit a tentokr\u00e1t to byli Toffees, kdo ot\u00e1\u010del sk\u00f3re ve sv\u016fj prosp\u011bch. Hlavn\u00ed pod\u00edl nese Dwight McNeil. Jeho hv\u011bzda z\u00e1\u0159\u00ed v\u00a0nov\u00e9 pozici, tak\u00e9 d\u00edky tomu, \u017ee nen\u00ed jedinou zbran\u00ed t\u00fdmu.\" \/>\n<meta property=\"og:url\" content=\"https:\/\/evertonfc.cz\/index.php\/2024\/09\/28\/everton-crystal-palace-21\/\" \/>\n<meta property=\"og:site_name\" content=\"Official Czech &amp; Slovak Everton Supporters&#039; Club\" \/>\n<meta property=\"article:publisher\" content=\"https:\/\/www.facebook.com\/everton.fans.cz.sk\" \/>\n<meta property=\"article:published_time\" content=\"2024-09-28T19:36:27+00:00\" \/>\n<meta property=\"article:modified_time\" content=\"2024-09-29T11:56:58+00:00\" \/>\n<meta property=\"og:image\" content=\"https:\/\/evertonfc.cz\/wp-content\/uploads\/2024\/09\/mcneil_palace.png\" \/>\n\t<meta property=\"og:image:width\" content=\"720\" \/>\n\t<meta property=\"og:image:height\" content=\"405\" \/>\n\t<meta property=\"og:image:type\" content=\"image\/png\" \/>\n<meta name=\"author\" content=\"Fip\" \/>\n<meta name=\"twitter:card\" content=\"summary_large_image\" \/>\n<meta name=\"twitter:label1\" content=\"Napsal(a)\" \/>\n\t<meta name=\"twitter:data1\" content=\"Fip\" \/>\n\t<meta name=\"twitter:label2\" content=\"Odhadovan\u00e1 doba \u010dten\u00ed\" \/>\n\t<meta name=\"twitter:data2\" content=\"5 minut\" \/>\n<script type=\"application\/ld+json\" class=\"yoast-schema-graph\">{\"@context\":\"https:\/\/schema.org\",\"@graph\":[{\"@type\":\"Article\",\"@id\":\"https:\/\/evertonfc.cz\/index.php\/2024\/09\/28\/everton-crystal-palace-21\/#article\",\"isPartOf\":{\"@id\":\"https:\/\/evertonfc.cz\/index.php\/2024\/09\/28\/everton-crystal-palace-21\/\"},\"author\":{\"name\":\"Fip\",\"@id\":\"https:\/\/evertonfc.cz\/#\/schema\/person\/35904009755e8eaa0dc1a5f5f0419002\"},\"headline\":\"Everton &#8211; Crystal Palace 2:1\",\"datePublished\":\"2024-09-28T19:36:27+00:00\",\"dateModified\":\"2024-09-29T11:56:58+00:00\",\"mainEntityOfPage\":{\"@id\":\"https:\/\/evertonfc.cz\/index.php\/2024\/09\/28\/everton-crystal-palace-21\/\"},\"wordCount\":979,\"commentCount\":17,\"publisher\":{\"@id\":\"https:\/\/evertonfc.cz\/#organization\"},\"image\":{\"@id\":\"https:\/\/evertonfc.cz\/index.php\/2024\/09\/28\/everton-crystal-palace-21\/#primaryimage\"},\"thumbnailUrl\":\"https:\/\/evertonfc.cz\/wp-content\/uploads\/2024\/09\/mcneil_palace.png\",\"articleSection\":[\"Z\u00e1pasy\"],\"inLanguage\":\"cs\",\"potentialAction\":[{\"@type\":\"CommentAction\",\"name\":\"Comment\",\"target\":[\"https:\/\/evertonfc.cz\/index.php\/2024\/09\/28\/everton-crystal-palace-21\/#respond\"]}]},{\"@type\":\"WebPage\",\"@id\":\"https:\/\/evertonfc.cz\/index.php\/2024\/09\/28\/everton-crystal-palace-21\/\",\"url\":\"https:\/\/evertonfc.cz\/index.php\/2024\/09\/28\/everton-crystal-palace-21\/\",\"name\":\"Everton - Crystal Palace 2:1 - Official Czech &amp; Slovak Everton Supporters&#039; Club\",\"isPartOf\":{\"@id\":\"https:\/\/evertonfc.cz\/#website\"},\"primaryImageOfPage\":{\"@id\":\"https:\/\/evertonfc.cz\/index.php\/2024\/09\/28\/everton-crystal-palace-21\/#primaryimage\"},\"image\":{\"@id\":\"https:\/\/evertonfc.cz\/index.php\/2024\/09\/28\/everton-crystal-palace-21\/#primaryimage\"},\"thumbnailUrl\":\"https:\/\/evertonfc.cz\/wp-content\/uploads\/2024\/09\/mcneil_palace.png\",\"datePublished\":\"2024-09-28T19:36:27+00:00\",\"dateModified\":\"2024-09-29T11:56:58+00:00\",\"breadcrumb\":{\"@id\":\"https:\/\/evertonfc.cz\/index.php\/2024\/09\/28\/everton-crystal-palace-21\/#breadcrumb\"},\"inLanguage\":\"cs\",\"potentialAction\":[{\"@type\":\"ReadAction\",\"target\":[\"https:\/\/evertonfc.cz\/index.php\/2024\/09\/28\/everton-crystal-palace-21\/\"]}]},{\"@type\":\"ImageObject\",\"inLanguage\":\"cs\",\"@id\":\"https:\/\/evertonfc.cz\/index.php\/2024\/09\/28\/everton-crystal-palace-21\/#primaryimage\",\"url\":\"https:\/\/evertonfc.cz\/wp-content\/uploads\/2024\/09\/mcneil_palace.png\",\"contentUrl\":\"https:\/\/evertonfc.cz\/wp-content\/uploads\/2024\/09\/mcneil_palace.png\",\"width\":720,\"height\":405},{\"@type\":\"BreadcrumbList\",\"@id\":\"https:\/\/evertonfc.cz\/index.php\/2024\/09\/28\/everton-crystal-palace-21\/#breadcrumb\",\"itemListElement\":[{\"@type\":\"ListItem\",\"position\":1,\"name\":\"Home\",\"item\":\"https:\/\/evertonfc.cz\/\"},{\"@type\":\"ListItem\",\"position\":2,\"name\":\"Everton &#8211; Crystal Palace 2:1\"}]},{\"@type\":\"WebSite\",\"@id\":\"https:\/\/evertonfc.cz\/#website\",\"url\":\"https:\/\/evertonfc.cz\/\",\"name\":\"Official Czech &amp; Slovak Everton Supporters&#039; Club\",\"description\":\"\",\"publisher\":{\"@id\":\"https:\/\/evertonfc.cz\/#organization\"},\"potentialAction\":[{\"@type\":\"SearchAction\",\"target\":{\"@type\":\"EntryPoint\",\"urlTemplate\":\"https:\/\/evertonfc.cz\/?s={search_term_string}\"},\"query-input\":{\"@type\":\"PropertyValueSpecification\",\"valueRequired\":true,\"valueName\":\"search_term_string\"}}],\"inLanguage\":\"cs\"},{\"@type\":\"Organization\",\"@id\":\"https:\/\/evertonfc.cz\/#organization\",\"name\":\"Official Czech & Slovak Everton Supporters' Club\",\"url\":\"https:\/\/evertonfc.cz\/\",\"logo\":{\"@type\":\"ImageObject\",\"inLanguage\":\"cs\",\"@id\":\"https:\/\/evertonfc.cz\/#\/schema\/logo\/image\/\",\"url\":\"https:\/\/evertonfc.cz\/wp-content\/uploads\/2019\/05\/logo.png\",\"contentUrl\":\"https:\/\/evertonfc.cz\/wp-content\/uploads\/2019\/05\/logo.png\",\"width\":112,\"height\":112,\"caption\":\"Official Czech & Slovak Everton Supporters' Club\"},\"image\":{\"@id\":\"https:\/\/evertonfc.cz\/#\/schema\/logo\/image\/\"},\"sameAs\":[\"https:\/\/www.facebook.com\/everton.fans.cz.sk\"]},{\"@type\":\"Person\",\"@id\":\"https:\/\/evertonfc.cz\/#\/schema\/person\/35904009755e8eaa0dc1a5f5f0419002\",\"name\":\"Fip\",\"url\":\"https:\/\/evertonfc.cz\/index.php\/author\/fip\/\"}]}<\/script>\n<!-- \/ Yoast SEO plugin. -->","yoast_head_json":{"title":"Everton - Crystal Palace 2:1 - Official Czech &amp; Slovak Everton Supporters&#039; Club","robots":{"index":"index","follow":"follow","max-snippet":"max-snippet:-1","max-image-preview":"max-image-preview:large","max-video-preview":"max-video-preview:-1"},"canonical":"https:\/\/evertonfc.cz\/index.php\/2024\/09\/28\/everton-crystal-palace-21\/","og_locale":"cs_CZ","og_type":"article","og_title":"Everton - Crystal Palace 2:1 - Official Czech &amp; Slovak Everton Supporters&#039; Club","og_description":"Tak tedy chutn\u00e1 v\u00edt\u011bzstv\u00ed! Dycheova dru\u017eina vy\u0161la po p\u016fli rozhodnut\u00e1 zv\u00edt\u011bzit a tentokr\u00e1t to byli Toffees, kdo ot\u00e1\u010del sk\u00f3re ve sv\u016fj prosp\u011bch. Hlavn\u00ed pod\u00edl nese Dwight McNeil. Jeho hv\u011bzda z\u00e1\u0159\u00ed v\u00a0nov\u00e9 pozici, tak\u00e9 d\u00edky tomu, \u017ee nen\u00ed jedinou zbran\u00ed t\u00fdmu.","og_url":"https:\/\/evertonfc.cz\/index.php\/2024\/09\/28\/everton-crystal-palace-21\/","og_site_name":"Official Czech &amp; Slovak Everton Supporters&#039; Club","article_publisher":"https:\/\/www.facebook.com\/everton.fans.cz.sk","article_published_time":"2024-09-28T19:36:27+00:00","article_modified_time":"2024-09-29T11:56:58+00:00","og_image":[{"width":720,"height":405,"url":"https:\/\/evertonfc.cz\/wp-content\/uploads\/2024\/09\/mcneil_palace.png","type":"image\/png"}],"author":"Fip","twitter_card":"summary_large_image","twitter_misc":{"Napsal(a)":"Fip","Odhadovan\u00e1 doba \u010dten\u00ed":"5 minut"},"schema":{"@context":"https:\/\/schema.org","@graph":[{"@type":"Article","@id":"https:\/\/evertonfc.cz\/index.php\/2024\/09\/28\/everton-crystal-palace-21\/#article","isPartOf":{"@id":"https:\/\/evertonfc.cz\/index.php\/2024\/09\/28\/everton-crystal-palace-21\/"},"author":{"name":"Fip","@id":"https:\/\/evertonfc.cz\/#\/schema\/person\/35904009755e8eaa0dc1a5f5f0419002"},"headline":"Everton &#8211; Crystal Palace 2:1","datePublished":"2024-09-28T19:36:27+00:00","dateModified":"2024-09-29T11:56:58+00:00","mainEntityOfPage":{"@id":"https:\/\/evertonfc.cz\/index.php\/2024\/09\/28\/everton-crystal-palace-21\/"},"wordCount":979,"commentCount":17,"publisher":{"@id":"https:\/\/evertonfc.cz\/#organization"},"image":{"@id":"https:\/\/evertonfc.cz\/index.php\/2024\/09\/28\/everton-crystal-palace-21\/#primaryimage"},"thumbnailUrl":"https:\/\/evertonfc.cz\/wp-content\/uploads\/2024\/09\/mcneil_palace.png","articleSection":["Z\u00e1pasy"],"inLanguage":"cs","potentialAction":[{"@type":"CommentAction","name":"Comment","target":["https:\/\/evertonfc.cz\/index.php\/2024\/09\/28\/everton-crystal-palace-21\/#respond"]}]},{"@type":"WebPage","@id":"https:\/\/evertonfc.cz\/index.php\/2024\/09\/28\/everton-crystal-palace-21\/","url":"https:\/\/evertonfc.cz\/index.php\/2024\/09\/28\/everton-crystal-palace-21\/","name":"Everton - Crystal Palace 2:1 - Official Czech &amp; Slovak Everton Supporters&#039; Club","isPartOf":{"@id":"https:\/\/evertonfc.cz\/#website"},"primaryImageOfPage":{"@id":"https:\/\/evertonfc.cz\/index.php\/2024\/09\/28\/everton-crystal-palace-21\/#primaryimage"},"image":{"@id":"https:\/\/evertonfc.cz\/index.php\/2024\/09\/28\/everton-crystal-palace-21\/#primaryimage"},"thumbnailUrl":"https:\/\/evertonfc.cz\/wp-content\/uploads\/2024\/09\/mcneil_palace.png","datePublished":"2024-09-28T19:36:27+00:00","dateModified":"2024-09-29T11:56:58+00:00","breadcrumb":{"@id":"https:\/\/evertonfc.cz\/index.php\/2024\/09\/28\/everton-crystal-palace-21\/#breadcrumb"},"inLanguage":"cs","potentialAction":[{"@type":"ReadAction","target":["https:\/\/evertonfc.cz\/index.php\/2024\/09\/28\/everton-crystal-palace-21\/"]}]},{"@type":"ImageObject","inLanguage":"cs","@id":"https:\/\/evertonfc.cz\/index.php\/2024\/09\/28\/everton-crystal-palace-21\/#primaryimage","url":"https:\/\/evertonfc.cz\/wp-content\/uploads\/2024\/09\/mcneil_palace.png","contentUrl":"https:\/\/evertonfc.cz\/wp-content\/uploads\/2024\/09\/mcneil_palace.png","width":720,"height":405},{"@type":"BreadcrumbList","@id":"https:\/\/evertonfc.cz\/index.php\/2024\/09\/28\/everton-crystal-palace-21\/#breadcrumb","itemListElement":[{"@type":"ListItem","position":1,"name":"Home","item":"https:\/\/evertonfc.cz\/"},{"@type":"ListItem","position":2,"name":"Everton &#8211; Crystal Palace 2:1"}]},{"@type":"WebSite","@id":"https:\/\/evertonfc.cz\/#website","url":"https:\/\/evertonfc.cz\/","name":"Official Czech &amp; Slovak Everton Supporters&#039; Club","description":"","publisher":{"@id":"https:\/\/evertonfc.cz\/#organization"},"potentialAction":[{"@type":"SearchAction","target":{"@type":"EntryPoint","urlTemplate":"https:\/\/evertonfc.cz\/?s={search_term_string}"},"query-input":{"@type":"PropertyValueSpecification","valueRequired":true,"valueName":"search_term_string"}}],"inLanguage":"cs"},{"@type":"Organization","@id":"https:\/\/evertonfc.cz\/#organization","name":"Official Czech & Slovak Everton Supporters' Club","url":"https:\/\/evertonfc.cz\/","logo":{"@type":"ImageObject","inLanguage":"cs","@id":"https:\/\/evertonfc.cz\/#\/schema\/logo\/image\/","url":"https:\/\/evertonfc.cz\/wp-content\/uploads\/2019\/05\/logo.png","contentUrl":"https:\/\/evertonfc.cz\/wp-content\/uploads\/2019\/05\/logo.png","width":112,"height":112,"caption":"Official Czech & Slovak Everton Supporters' Club"},"image":{"@id":"https:\/\/evertonfc.cz\/#\/schema\/logo\/image\/"},"sameAs":["https:\/\/www.facebook.com\/everton.fans.cz.sk"]},{"@type":"Person","@id":"https:\/\/evertonfc.cz\/#\/schema\/person\/35904009755e8eaa0dc1a5f5f0419002","name":"Fip","url":"https:\/\/evertonfc.cz\/index.php\/author\/fip\/"}]}},"_links":{"self":[{"href":"https:\/\/evertonfc.cz\/index.php\/wp-json\/wp\/v2\/posts\/25345"}],"collection":[{"href":"https:\/\/evertonfc.cz\/index.php\/wp-json\/wp\/v2\/posts"}],"about":[{"href":"https:\/\/evertonfc.cz\/index.php\/wp-json\/wp\/v2\/types\/post"}],"author":[{"embeddable":true,"href":"https:\/\/evertonfc.cz\/index.php\/wp-json\/wp\/v2\/users\/10"}],"replies":[{"embeddable":true,"href":"https:\/\/evertonfc.cz\/index.php\/wp-json\/wp\/v2\/comments?post=25345"}],"version-history":[{"count":5,"href":"https:\/\/evertonfc.cz\/index.php\/wp-json\/wp\/v2\/posts\/25345\/revisions"}],"predecessor-version":[{"id":25352,"href":"https:\/\/evertonfc.cz\/index.php\/wp-json\/wp\/v2\/posts\/25345\/revisions\/25352"}],"wp:featuredmedia":[{"embeddable":true,"href":"https:\/\/evertonfc.cz\/index.php\/wp-json\/wp\/v2\/media\/25344"}],"wp:attachment":[{"href":"https:\/\/evertonfc.cz\/index.php\/wp-json\/wp\/v2\/media?parent=25345"}],"wp:term":[{"taxonomy":"category","embeddable":true,"href":"https:\/\/evertonfc.cz\/index.php\/wp-json\/wp\/v2\/categories?post=25345"},{"taxonomy":"post_tag","embeddable":true,"href":"https:\/\/evertonfc.cz\/index.php\/wp-json\/wp\/v2\/tags?post=25345"}],"curies":[{"name":"wp","href":"https:\/\/api.w.org\/{rel}","templated":true}]}}