{"id":25354,"date":"2024-09-29T18:24:09","date_gmt":"2024-09-29T16:24:09","guid":{"rendered":"https:\/\/evertonfc.cz\/?p=25354"},"modified":"2024-09-30T19:05:21","modified_gmt":"2024-09-30T17:05:21","slug":"everton-w-manchester-united-w-01","status":"publish","type":"post","link":"https:\/\/evertonfc.cz\/index.php\/2024\/09\/29\/everton-w-manchester-united-w-01\/","title":{"rendered":"Everton W &#8211; Manchester United W 0:1"},"content":{"rendered":"<h4>Druh\u00fd z\u00e1pas sez\u00f3ny n\u00e1m body rovn\u011b\u017e nep\u0159inesl. I kdy\u017e p\u0159edveden\u00fd v\u00fdkon byl velmi slibn\u00fd a se soupe\u0159kami jsme sehr\u00e1li v\u00edcem\u00e9n\u011b vyrovnanou partii. P\u0159esto po druh\u00e9m kole ony maj\u00ed na kont\u011b bod\u016f 6, my 0.<\/h4>\n<p>Po ostud\u011b v Brightonu musel S\u00f8rensen t\u00fdmu d\u016ftkliv\u011b domluvit. Druh\u00e1 podobn\u00e1 blam\u00e1\u017e t\u011bsn\u011b po t\u00e9 prvn\u00ed by byla jen zt\u011b\u017e\u00ed skousnuteln\u00e1. A zd\u00e1 se, \u017ee domluva prob\u011bhla a do zna\u010dn\u00e9 m\u00edry byla i \u00fasp\u011b\u0161n\u00e1. United jsme byli rovnocen\u00fdm soupe\u0159em, i kdy\u017e bod jsme ani dnes nevydolovali.<\/p>\n<h4><strong>Prvn\u00ed polo\u010das<\/strong><\/h4>\n<p>Na\u0161e po\u010d\u00e1te\u010dn\u00ed \u00fato\u010dn\u00e9 nad\u0161en\u00ed naru\u0161ila ve 4. minut\u011b Clinton. Po chyb\u011b Vanhaevremaet\u00a0 se zmocnila m\u00ed\u010de, polo\u017eila si Finnigan a zbl\u00edzka prop\u00e1lila Brosnan &#8211; <strong>0:1<\/strong> (\u0160ikovn\u00e9 d\u011bv\u010de, tahle Clinton. \u0160koda, \u017ee jsme j\u00ed nechali p\u0159edloni odej\u00edt ke konkurenci). Kdo o\u010dek\u00e1val \u017ee se po g\u00f3lu slo\u017e\u00edme, ten se na\u0161t\u011bst\u00ed tentokr\u00e1t zm\u00fdlil. Uk\u00e1zalo se, \u017ee pod tlakem ani obrana United nen\u00ed bezchybn\u00e1: na hranici v\u00e1pna obrala Snoeijs o m\u00ed\u010d manchesterskou Turner a m\u011bla na kopa\u010dce vyrovn\u00e1vac\u00ed branku. Ke skutkov\u00e9 podstat\u011b bohu\u017eel nedo\u0161lo. Ani p\u011bkn\u00e1 st\u0159ela Gabarro z voleje se neujala. Po necel\u00e9 \u010dtvrthodin\u011b hry dohr\u00e1la Galton za brankovou \u010d\u00e1rou na\u0161\u00ed Gabarro tak ne\u0161\u0165astn\u011b, \u017ee pro evertonskou des\u00edtku z\u00e1pas skon\u010dil. Nos\u00edtka sice odm\u00edtla, ale do \u0161aten se odkulhala s pomoc\u00ed zdatn\u00e9ho fyzioterapeuta.\u00a0 Hra se pot\u00e9 p\u0159esunula zejm\u00e9na do st\u0159edu pole a d\u00e1 se \u0159\u00edci, \u017ee zde na\u00a0 tom byly oba t\u00fdmy celkem podobn\u011b. Hope a Holmgaard na na\u0161\u00ed stran\u011b kmitaly jak div\u00e9 a hlavn\u011b d\u00edky nim jsme dr\u017eeli United pod tlakem. Nicm\u00e9n\u011b vymyslet p\u0159\u00edmo\u010darou rychlou akci se n\u00e1m neda\u0159ilo a rozvlekl\u00e9 rozehr\u00e1v\u00e1n\u00ed ze stran na obranu United neplatilo. Reds (hraj\u00edc\u00edm v b\u00edl\u00e9) naopak sta\u010dil jen okam\u017eik a akc\u00ed na jeden dotek dok\u00e1zaly rozhodit na\u0161\u00ed obranu. Na\u0161t\u011bst\u00ed u\u017e ne na\u0161\u00ed brank\u00e1\u0159ku, kter\u00e1 p\u0159edvedla nejeden v\u00fdborn\u00fd z\u00e1krok.<\/p>\n<p><strong>Druh\u00fd polo\u010das<\/strong><\/p>\n<p>bylo vid\u011bt, \u017ee usilujeme o vyrovn\u00e1n\u00ed. Holmgaard se povedlo slibn\u011b odcentrovat do v\u00e1pna, kde hlavi\u010dkou v p\u00e1du prov\u011b\u0159ila pozornost Ameri\u010danky v brance hostek Hope. Na\u0161e \u00fasil\u00ed nepolevovalo. \u017del troskotalo na nep\u0159esn\u00e9 prvn\u00ed nebo druh\u00e9 p\u0159ihr\u00e1vce, nebo na nedostatku individu\u00e1ln\u00ed schopnosti proj\u00edt s m\u00ed\u010dem p\u0159es jednu dv\u011b hr\u00e1\u010dky. S t\u00edm hr\u00e1\u010dky United pot\u00ed\u017e nem\u011bly. V\u011bt\u0161inu jejich st\u0159el do br\u00e1ny kryla ov\u0161em Brosnan. Stenevik se stala exekutorkou na\u0161ich p\u0159\u00edm\u00fdch kop\u016f. Na ten ze sklonku hrac\u00ed doby si velmi p\u011bkn\u011b nab\u011bhla Sarri a jej\u00ed volej musel Tullis-Joyce hodn\u011b p\u00e1lit v rukavic\u00edch.\u00a0 Stenevik byla tak\u00e9 u nedorozum\u011bn\u00ed s Brosnan, po kter\u00e9m Vanhaevermaet ob\u011btav\u011b hlavou z pr\u00e1zdn\u00e9 branky vyr\u00e1\u017eela st\u0159elu Malard.\u00a0 Vyst\u0159\u00edd\u00e1n\u00ed Holmgaard v z\u00e1v\u011bru z\u00e1pasu a jej\u00ed nahrazen\u00ed Hobson vypadalo jak z p\u0159\u00edru\u010dky S. Dyche &#8222;Sto zp\u016fsob\u016f, jak zazd\u00edt z\u00e1pas&#8220;. Nicm\u00e9n\u011b byla to pr\u00e1v\u011b Hobson, kter\u00e1 v nastaven\u00e9m \u010dase zablokovala dal\u0161\u00ed g\u00f3lov\u00fd pokus Malard.<\/p>\n<h4>Shrnut\u00ed<\/h4>\n<p>Ani tentokr\u00e1t jsme na body nedos\u00e1hli, ale k rem\u00edze jsme nem\u011bli daleko. Pokud budeme takto hr\u00e1t i nad\u00e1le (a zejm\u00e9na pokud bychom takto hr\u00e1li p\u0159ed t\u00fddnem), body prost\u011b mus\u00ed p\u0159ij\u00edt. Urputnost\u00ed a nasazen\u00edm se n\u00e1m do jist\u00e9 m\u00edry da\u0159\u00ed eliminovat ur\u010dit\u00fd nedostatek individu\u00e1ln\u00edch schopnost\u00ed. Ten je bohu\u017eel limituj\u00edc\u00ed hlavn\u011b p\u0159ed brankou soupe\u0159ek, kde nejsme schopni v rychlosti kombinovat, rozhodnout se nebo p\u0159esn\u011b vyst\u0159elit. Rovn\u011b\u017e na\u0161e sn\u00ed\u017een\u00e1 schopnost dvakr\u00e1t po sob\u011b p\u0159esne p\u0159ihr\u00e1t je hendikep. Na t\u00fdmy z prost\u0159edku tabulky bychom mohli sta\u010dit, na t\u00fdmy z \u010dela \u017eeb\u0159\u00ed\u010dku to takto bude t\u011b\u017ek\u00e9. Bohu\u017eel zran\u011bn\u00ed druh\u00e9 hr\u00e1\u010dky (zat\u00edm o jeho z\u00e1va\u017enosti nen\u00ed nic zn\u00e1mo) ve druh\u00e9m z\u00e1pase pro n\u00e1s m\u016f\u017ee b\u00fdt velk\u00fdm probl\u00e9mem. <strong><span style=\"color: #0000ff;\">COYBG!<\/span><\/strong><\/p>\n<p style=\"text-align: right;\"><span style=\"font-size: 8pt;\"><em>Fotografie: Grace Clinton n\u00e1m d\u00e1v\u00e1 g\u00f3l (zdroj: https:\/\/thebusbybabe.sbnation.com\/)\u00a0<\/em><\/span><\/p>\n<p><strong>G\u00f3ly:<\/strong> Clinton (4\u00b4)\u00a0 <strong>\u017dK:<\/strong> Snoeijs, Holmgaard &#8211; Riviere<\/p>\n<p><strong>Everton (4-5-1): <\/strong>Brosnan; S. Holmgaard (Hobson 82\u00b4), Stenevik, <span class=\"ssrcss-15c46u3-PlayerName ew5vo3k3\">Finnigan, <\/span>Vanhaevermaet; Hope (H. Payne 64\u00b4), Gabarro (Sarri 14\u00b4), Wheeler, Hayashi, Olesen (T. Payne 64\u00b4), Snoeijs (Bissell 64\u00b4)<\/p>\n<p><strong>MUTD (4-3-3): <\/strong>Tullis-Joyce; Galton, Turner, <span class=\"ssrcss-15c46u3-PlayerName ew5vo3k3\">Le Tissier, <\/span>Riviere; Naaslund (Awujo 67\u00b4), Janssen, Clinton; Toone (Hinata Miyazawa 76\u00b4), Terland (Malard 67\u00b4), Geyse (Bizet Ildhus\u00f8y 67\u00b4)<\/p>\n<p><strong>Rozhod\u010d\u00ed:<\/strong> Kirsty Dowle<\/p>\n<p><iframe loading=\"lazy\" title=\"Grace Clinton hits United winner | Everton v Manchester United Highlights | Barclays WSL 2024-25\" width=\"1140\" height=\"641\" src=\"https:\/\/www.youtube.com\/embed\/ui1wlYuUwG0?feature=oembed\" frameborder=\"0\" allow=\"accelerometer; autoplay; clipboard-write; encrypted-media; gyroscope; picture-in-picture; web-share\" referrerpolicy=\"strict-origin-when-cross-origin\" allowfullscreen><\/iframe><\/p>\n","protected":false},"excerpt":{"rendered":"<p>Druh\u00fd z\u00e1pas sez\u00f3ny n\u00e1m body rovn\u011b\u017e nep\u0159inesl. I kdy\u017e p\u0159edveden\u00fd v\u00fdkon byl velmi slibn\u00fd a se soupe\u0159kami jsme sehr\u00e1li v\u00edcem\u00e9n\u011b vyrovnanou partii. P\u0159esto po druh\u00e9m kole ony maj\u00ed na kont\u011b bod\u016f 6, my 0.<\/p>\n","protected":false},"author":26,"featured_media":25359,"comment_status":"open","ping_status":"closed","sticky":false,"template":"","format":"standard","meta":{"_eb_attr":"","_monsterinsights_skip_tracking":false,"_monsterinsights_sitenote_active":false,"_monsterinsights_sitenote_note":"","_monsterinsights_sitenote_category":0,"footnotes":""},"categories":[110],"tags":[],"yoast_head":"<!-- This site is optimized with the Yoast SEO plugin v23.4 - https:\/\/yoast.com\/wordpress\/plugins\/seo\/ -->\n<title>Everton W - Manchester United W 0:1 - Official Czech &amp; Slovak Everton Supporters&#039; Club<\/title>\n<meta name=\"robots\" content=\"index, follow, max-snippet:-1, max-image-preview:large, max-video-preview:-1\" \/>\n<link rel=\"canonical\" href=\"https:\/\/evertonfc.cz\/index.php\/2024\/09\/29\/everton-w-manchester-united-w-01\/\" \/>\n<meta property=\"og:locale\" content=\"cs_CZ\" \/>\n<meta property=\"og:type\" content=\"article\" \/>\n<meta property=\"og:title\" content=\"Everton W - Manchester United W 0:1 - Official Czech &amp; Slovak Everton Supporters&#039; Club\" \/>\n<meta property=\"og:description\" content=\"Druh\u00fd z\u00e1pas sez\u00f3ny n\u00e1m body rovn\u011b\u017e nep\u0159inesl. I kdy\u017e p\u0159edveden\u00fd v\u00fdkon byl velmi slibn\u00fd a se soupe\u0159kami jsme sehr\u00e1li v\u00edcem\u00e9n\u011b vyrovnanou partii. P\u0159esto po druh\u00e9m kole ony maj\u00ed na kont\u011b bod\u016f 6, my 0.\" \/>\n<meta property=\"og:url\" content=\"https:\/\/evertonfc.cz\/index.php\/2024\/09\/29\/everton-w-manchester-united-w-01\/\" \/>\n<meta property=\"og:site_name\" content=\"Official Czech &amp; Slovak Everton Supporters&#039; Club\" \/>\n<meta property=\"article:publisher\" content=\"https:\/\/www.facebook.com\/everton.fans.cz.sk\" \/>\n<meta property=\"article:published_time\" content=\"2024-09-29T16:24:09+00:00\" \/>\n<meta property=\"article:modified_time\" content=\"2024-09-30T17:05:21+00:00\" \/>\n<meta property=\"og:image\" content=\"https:\/\/evertonfc.cz\/wp-content\/uploads\/2024\/09\/Clinton-e1727626918432.webp\" \/>\n\t<meta property=\"og:image:width\" content=\"720\" \/>\n\t<meta property=\"og:image:height\" content=\"480\" \/>\n\t<meta property=\"og:image:type\" content=\"image\/webp\" \/>\n<meta name=\"author\" content=\"Karamela\" \/>\n<meta name=\"twitter:card\" content=\"summary_large_image\" \/>\n<meta name=\"twitter:label1\" content=\"Napsal(a)\" \/>\n\t<meta name=\"twitter:data1\" content=\"Karamela\" \/>\n\t<meta name=\"twitter:label2\" content=\"Odhadovan\u00e1 doba \u010dten\u00ed\" \/>\n\t<meta name=\"twitter:data2\" content=\"4 minuty\" \/>\n<script type=\"application\/ld+json\" class=\"yoast-schema-graph\">{\"@context\":\"https:\/\/schema.org\",\"@graph\":[{\"@type\":\"Article\",\"@id\":\"https:\/\/evertonfc.cz\/index.php\/2024\/09\/29\/everton-w-manchester-united-w-01\/#article\",\"isPartOf\":{\"@id\":\"https:\/\/evertonfc.cz\/index.php\/2024\/09\/29\/everton-w-manchester-united-w-01\/\"},\"author\":{\"name\":\"Karamela\",\"@id\":\"https:\/\/evertonfc.cz\/#\/schema\/person\/e9a24a80a32efa1344dd2c4e5882185c\"},\"headline\":\"Everton W &#8211; Manchester United W 0:1\",\"datePublished\":\"2024-09-29T16:24:09+00:00\",\"dateModified\":\"2024-09-30T17:05:21+00:00\",\"mainEntityOfPage\":{\"@id\":\"https:\/\/evertonfc.cz\/index.php\/2024\/09\/29\/everton-w-manchester-united-w-01\/\"},\"wordCount\":806,\"commentCount\":4,\"publisher\":{\"@id\":\"https:\/\/evertonfc.cz\/#organization\"},\"image\":{\"@id\":\"https:\/\/evertonfc.cz\/index.php\/2024\/09\/29\/everton-w-manchester-united-w-01\/#primaryimage\"},\"thumbnailUrl\":\"https:\/\/evertonfc.cz\/wp-content\/uploads\/2024\/09\/Clinton-e1727626918432.webp\",\"articleSection\":[\"Everton Women\"],\"inLanguage\":\"cs\",\"potentialAction\":[{\"@type\":\"CommentAction\",\"name\":\"Comment\",\"target\":[\"https:\/\/evertonfc.cz\/index.php\/2024\/09\/29\/everton-w-manchester-united-w-01\/#respond\"]}]},{\"@type\":\"WebPage\",\"@id\":\"https:\/\/evertonfc.cz\/index.php\/2024\/09\/29\/everton-w-manchester-united-w-01\/\",\"url\":\"https:\/\/evertonfc.cz\/index.php\/2024\/09\/29\/everton-w-manchester-united-w-01\/\",\"name\":\"Everton W - Manchester United W 0:1 - Official Czech &amp; Slovak Everton Supporters&#039; Club\",\"isPartOf\":{\"@id\":\"https:\/\/evertonfc.cz\/#website\"},\"primaryImageOfPage\":{\"@id\":\"https:\/\/evertonfc.cz\/index.php\/2024\/09\/29\/everton-w-manchester-united-w-01\/#primaryimage\"},\"image\":{\"@id\":\"https:\/\/evertonfc.cz\/index.php\/2024\/09\/29\/everton-w-manchester-united-w-01\/#primaryimage\"},\"thumbnailUrl\":\"https:\/\/evertonfc.cz\/wp-content\/uploads\/2024\/09\/Clinton-e1727626918432.webp\",\"datePublished\":\"2024-09-29T16:24:09+00:00\",\"dateModified\":\"2024-09-30T17:05:21+00:00\",\"breadcrumb\":{\"@id\":\"https:\/\/evertonfc.cz\/index.php\/2024\/09\/29\/everton-w-manchester-united-w-01\/#breadcrumb\"},\"inLanguage\":\"cs\",\"potentialAction\":[{\"@type\":\"ReadAction\",\"target\":[\"https:\/\/evertonfc.cz\/index.php\/2024\/09\/29\/everton-w-manchester-united-w-01\/\"]}]},{\"@type\":\"ImageObject\",\"inLanguage\":\"cs\",\"@id\":\"https:\/\/evertonfc.cz\/index.php\/2024\/09\/29\/everton-w-manchester-united-w-01\/#primaryimage\",\"url\":\"https:\/\/evertonfc.cz\/wp-content\/uploads\/2024\/09\/Clinton-e1727626918432.webp\",\"contentUrl\":\"https:\/\/evertonfc.cz\/wp-content\/uploads\/2024\/09\/Clinton-e1727626918432.webp\",\"width\":720,\"height\":480},{\"@type\":\"BreadcrumbList\",\"@id\":\"https:\/\/evertonfc.cz\/index.php\/2024\/09\/29\/everton-w-manchester-united-w-01\/#breadcrumb\",\"itemListElement\":[{\"@type\":\"ListItem\",\"position\":1,\"name\":\"Home\",\"item\":\"https:\/\/evertonfc.cz\/\"},{\"@type\":\"ListItem\",\"position\":2,\"name\":\"Everton W &#8211; Manchester United W 0:1\"}]},{\"@type\":\"WebSite\",\"@id\":\"https:\/\/evertonfc.cz\/#website\",\"url\":\"https:\/\/evertonfc.cz\/\",\"name\":\"Official Czech &amp; Slovak Everton Supporters&#039; Club\",\"description\":\"\",\"publisher\":{\"@id\":\"https:\/\/evertonfc.cz\/#organization\"},\"potentialAction\":[{\"@type\":\"SearchAction\",\"target\":{\"@type\":\"EntryPoint\",\"urlTemplate\":\"https:\/\/evertonfc.cz\/?s={search_term_string}\"},\"query-input\":{\"@type\":\"PropertyValueSpecification\",\"valueRequired\":true,\"valueName\":\"search_term_string\"}}],\"inLanguage\":\"cs\"},{\"@type\":\"Organization\",\"@id\":\"https:\/\/evertonfc.cz\/#organization\",\"name\":\"Official Czech & Slovak Everton Supporters' Club\",\"url\":\"https:\/\/evertonfc.cz\/\",\"logo\":{\"@type\":\"ImageObject\",\"inLanguage\":\"cs\",\"@id\":\"https:\/\/evertonfc.cz\/#\/schema\/logo\/image\/\",\"url\":\"https:\/\/evertonfc.cz\/wp-content\/uploads\/2019\/05\/logo.png\",\"contentUrl\":\"https:\/\/evertonfc.cz\/wp-content\/uploads\/2019\/05\/logo.png\",\"width\":112,\"height\":112,\"caption\":\"Official Czech & Slovak Everton Supporters' Club\"},\"image\":{\"@id\":\"https:\/\/evertonfc.cz\/#\/schema\/logo\/image\/\"},\"sameAs\":[\"https:\/\/www.facebook.com\/everton.fans.cz.sk\"]},{\"@type\":\"Person\",\"@id\":\"https:\/\/evertonfc.cz\/#\/schema\/person\/e9a24a80a32efa1344dd2c4e5882185c\",\"name\":\"Karamela\",\"url\":\"https:\/\/evertonfc.cz\/index.php\/author\/karamela\/\"}]}<\/script>\n<!-- \/ Yoast SEO plugin. -->","yoast_head_json":{"title":"Everton W - Manchester United W 0:1 - Official Czech &amp; Slovak Everton Supporters&#039; Club","robots":{"index":"index","follow":"follow","max-snippet":"max-snippet:-1","max-image-preview":"max-image-preview:large","max-video-preview":"max-video-preview:-1"},"canonical":"https:\/\/evertonfc.cz\/index.php\/2024\/09\/29\/everton-w-manchester-united-w-01\/","og_locale":"cs_CZ","og_type":"article","og_title":"Everton W - Manchester United W 0:1 - Official Czech &amp; Slovak Everton Supporters&#039; Club","og_description":"Druh\u00fd z\u00e1pas sez\u00f3ny n\u00e1m body rovn\u011b\u017e nep\u0159inesl. I kdy\u017e p\u0159edveden\u00fd v\u00fdkon byl velmi slibn\u00fd a se soupe\u0159kami jsme sehr\u00e1li v\u00edcem\u00e9n\u011b vyrovnanou partii. P\u0159esto po druh\u00e9m kole ony maj\u00ed na kont\u011b bod\u016f 6, my 0.","og_url":"https:\/\/evertonfc.cz\/index.php\/2024\/09\/29\/everton-w-manchester-united-w-01\/","og_site_name":"Official Czech &amp; Slovak Everton Supporters&#039; Club","article_publisher":"https:\/\/www.facebook.com\/everton.fans.cz.sk","article_published_time":"2024-09-29T16:24:09+00:00","article_modified_time":"2024-09-30T17:05:21+00:00","og_image":[{"width":720,"height":480,"url":"https:\/\/evertonfc.cz\/wp-content\/uploads\/2024\/09\/Clinton-e1727626918432.webp","type":"image\/webp"}],"author":"Karamela","twitter_card":"summary_large_image","twitter_misc":{"Napsal(a)":"Karamela","Odhadovan\u00e1 doba \u010dten\u00ed":"4 minuty"},"schema":{"@context":"https:\/\/schema.org","@graph":[{"@type":"Article","@id":"https:\/\/evertonfc.cz\/index.php\/2024\/09\/29\/everton-w-manchester-united-w-01\/#article","isPartOf":{"@id":"https:\/\/evertonfc.cz\/index.php\/2024\/09\/29\/everton-w-manchester-united-w-01\/"},"author":{"name":"Karamela","@id":"https:\/\/evertonfc.cz\/#\/schema\/person\/e9a24a80a32efa1344dd2c4e5882185c"},"headline":"Everton W &#8211; Manchester United W 0:1","datePublished":"2024-09-29T16:24:09+00:00","dateModified":"2024-09-30T17:05:21+00:00","mainEntityOfPage":{"@id":"https:\/\/evertonfc.cz\/index.php\/2024\/09\/29\/everton-w-manchester-united-w-01\/"},"wordCount":806,"commentCount":4,"publisher":{"@id":"https:\/\/evertonfc.cz\/#organization"},"image":{"@id":"https:\/\/evertonfc.cz\/index.php\/2024\/09\/29\/everton-w-manchester-united-w-01\/#primaryimage"},"thumbnailUrl":"https:\/\/evertonfc.cz\/wp-content\/uploads\/2024\/09\/Clinton-e1727626918432.webp","articleSection":["Everton Women"],"inLanguage":"cs","potentialAction":[{"@type":"CommentAction","name":"Comment","target":["https:\/\/evertonfc.cz\/index.php\/2024\/09\/29\/everton-w-manchester-united-w-01\/#respond"]}]},{"@type":"WebPage","@id":"https:\/\/evertonfc.cz\/index.php\/2024\/09\/29\/everton-w-manchester-united-w-01\/","url":"https:\/\/evertonfc.cz\/index.php\/2024\/09\/29\/everton-w-manchester-united-w-01\/","name":"Everton W - Manchester United W 0:1 - Official Czech &amp; Slovak Everton Supporters&#039; Club","isPartOf":{"@id":"https:\/\/evertonfc.cz\/#website"},"primaryImageOfPage":{"@id":"https:\/\/evertonfc.cz\/index.php\/2024\/09\/29\/everton-w-manchester-united-w-01\/#primaryimage"},"image":{"@id":"https:\/\/evertonfc.cz\/index.php\/2024\/09\/29\/everton-w-manchester-united-w-01\/#primaryimage"},"thumbnailUrl":"https:\/\/evertonfc.cz\/wp-content\/uploads\/2024\/09\/Clinton-e1727626918432.webp","datePublished":"2024-09-29T16:24:09+00:00","dateModified":"2024-09-30T17:05:21+00:00","breadcrumb":{"@id":"https:\/\/evertonfc.cz\/index.php\/2024\/09\/29\/everton-w-manchester-united-w-01\/#breadcrumb"},"inLanguage":"cs","potentialAction":[{"@type":"ReadAction","target":["https:\/\/evertonfc.cz\/index.php\/2024\/09\/29\/everton-w-manchester-united-w-01\/"]}]},{"@type":"ImageObject","inLanguage":"cs","@id":"https:\/\/evertonfc.cz\/index.php\/2024\/09\/29\/everton-w-manchester-united-w-01\/#primaryimage","url":"https:\/\/evertonfc.cz\/wp-content\/uploads\/2024\/09\/Clinton-e1727626918432.webp","contentUrl":"https:\/\/evertonfc.cz\/wp-content\/uploads\/2024\/09\/Clinton-e1727626918432.webp","width":720,"height":480},{"@type":"BreadcrumbList","@id":"https:\/\/evertonfc.cz\/index.php\/2024\/09\/29\/everton-w-manchester-united-w-01\/#breadcrumb","itemListElement":[{"@type":"ListItem","position":1,"name":"Home","item":"https:\/\/evertonfc.cz\/"},{"@type":"ListItem","position":2,"name":"Everton W &#8211; Manchester United W 0:1"}]},{"@type":"WebSite","@id":"https:\/\/evertonfc.cz\/#website","url":"https:\/\/evertonfc.cz\/","name":"Official Czech &amp; Slovak Everton Supporters&#039; Club","description":"","publisher":{"@id":"https:\/\/evertonfc.cz\/#organization"},"potentialAction":[{"@type":"SearchAction","target":{"@type":"EntryPoint","urlTemplate":"https:\/\/evertonfc.cz\/?s={search_term_string}"},"query-input":{"@type":"PropertyValueSpecification","valueRequired":true,"valueName":"search_term_string"}}],"inLanguage":"cs"},{"@type":"Organization","@id":"https:\/\/evertonfc.cz\/#organization","name":"Official Czech & Slovak Everton Supporters' Club","url":"https:\/\/evertonfc.cz\/","logo":{"@type":"ImageObject","inLanguage":"cs","@id":"https:\/\/evertonfc.cz\/#\/schema\/logo\/image\/","url":"https:\/\/evertonfc.cz\/wp-content\/uploads\/2019\/05\/logo.png","contentUrl":"https:\/\/evertonfc.cz\/wp-content\/uploads\/2019\/05\/logo.png","width":112,"height":112,"caption":"Official Czech & Slovak Everton Supporters' Club"},"image":{"@id":"https:\/\/evertonfc.cz\/#\/schema\/logo\/image\/"},"sameAs":["https:\/\/www.facebook.com\/everton.fans.cz.sk"]},{"@type":"Person","@id":"https:\/\/evertonfc.cz\/#\/schema\/person\/e9a24a80a32efa1344dd2c4e5882185c","name":"Karamela","url":"https:\/\/evertonfc.cz\/index.php\/author\/karamela\/"}]}},"_links":{"self":[{"href":"https:\/\/evertonfc.cz\/index.php\/wp-json\/wp\/v2\/posts\/25354"}],"collection":[{"href":"https:\/\/evertonfc.cz\/index.php\/wp-json\/wp\/v2\/posts"}],"about":[{"href":"https:\/\/evertonfc.cz\/index.php\/wp-json\/wp\/v2\/types\/post"}],"author":[{"embeddable":true,"href":"https:\/\/evertonfc.cz\/index.php\/wp-json\/wp\/v2\/users\/26"}],"replies":[{"embeddable":true,"href":"https:\/\/evertonfc.cz\/index.php\/wp-json\/wp\/v2\/comments?post=25354"}],"version-history":[{"count":8,"href":"https:\/\/evertonfc.cz\/index.php\/wp-json\/wp\/v2\/posts\/25354\/revisions"}],"predecessor-version":[{"id":25367,"href":"https:\/\/evertonfc.cz\/index.php\/wp-json\/wp\/v2\/posts\/25354\/revisions\/25367"}],"wp:featuredmedia":[{"embeddable":true,"href":"https:\/\/evertonfc.cz\/index.php\/wp-json\/wp\/v2\/media\/25359"}],"wp:attachment":[{"href":"https:\/\/evertonfc.cz\/index.php\/wp-json\/wp\/v2\/media?parent=25354"}],"wp:term":[{"taxonomy":"category","embeddable":true,"href":"https:\/\/evertonfc.cz\/index.php\/wp-json\/wp\/v2\/categories?post=25354"},{"taxonomy":"post_tag","embeddable":true,"href":"https:\/\/evertonfc.cz\/index.php\/wp-json\/wp\/v2\/tags?post=25354"}],"curies":[{"name":"wp","href":"https:\/\/api.w.org\/{rel}","templated":true}]}}