{"id":25469,"date":"2024-10-19T13:41:38","date_gmt":"2024-10-19T11:41:38","guid":{"rendered":"https:\/\/evertonfc.cz\/?p=25469"},"modified":"2024-10-21T15:50:03","modified_gmt":"2024-10-21T13:50:03","slug":"preview-ipswich-town-everton","status":"publish","type":"post","link":"https:\/\/evertonfc.cz\/index.php\/2024\/10\/19\/preview-ipswich-town-everton\/","title":{"rendered":"Preview: Ipswich Town \u2013 Everton"},"content":{"rendered":"<h4>Idylka. Traktory, kone a\u00a0do toho v\u00e1m spieva Ed Sheeran. Pridajte k\u00a0tomu Old Farm Derby, a\u00a0m\u00e1te zaroben\u00e9 na kultov\u00fd klub, ktor\u00fd \u0161plh\u00e1 poschodiami ako na v\u00fd\u0165ahu.<\/h4>\n<p>Ono to inak ani nejde, tunaj\u0161\u00ed ju\u017eania z v\u00fdchodu (south folk = Suffolk) maj\u00fa o\u010dividne n\u00e1kazliv\u00fd zmysel pre humor. A okrem toho, zdie\u013eaj\u00fa p\u00e1r podobnost\u00ed s Evertonom, tak\u017ee tie sympatie sa nach\u00e1dzaj\u00fa aj sam\u00e9. Rovnak\u00fd rok zalo\u017eenia (1878), v tom istom roku postaven\u00fd \u0161tadi\u00f3n Portman Road (1884, my sme postavili Anfield), alebo rovnak\u00e9 farby (modr\u00e1 a biela). Odtia\u013e poch\u00e1dza aj ich p\u00f4vodn\u00e1 prez\u00fdvka The Blues. Tractor Boys v\u0161ak zvy\u010dajne hr\u00e1vaj\u00fa s modr\u00fdmi \u0161tulp\u0148ami. P\u00f4vodn\u00fd znak klubu sa tradi\u010dne odvodzoval od erbu mesta Ipswich s levom.<\/p>\n<p>Ale v 70. rokoch pri\u0161lo k zmene, a klub malo lep\u0161ie reprezentova\u0165 suffolsk\u00e9 plemeno \u0165a\u017en\u00e9ho ko\u0148a v spojitosti s hradbami Wolsey Gate a riekou Orwell. V tej dobe bol Ipswich na vrchole svojej existencie. Jedin\u00fd ligov\u00fd titul vyhral v sez\u00f3ne 61\/62, \u010do bola v\u00f4bec ich prv\u00e1 v prvej lige. O rok ich vystriedal Everton. V 78. vyhrali FA Cup, a v ro\u010dn\u00edkoch 1980\/81 a 81\/82 boli druh\u00ed. V\u00fdhra Poh\u00e1ra UEFA v roku 1981, dne\u0161nej Eur\u00f3pskej ligy, je tie\u017e \u00factyhodn\u00e1, rovnako ako rekord dom\u00e1cej neporazite\u013enosti proti t\u00edmom ako Real Madrid, Barcelona, \u010di AC &amp; Inter Mil\u00e1no.<\/p>\n<h4 style=\"text-align: left;\"><strong>Kieran McKenna o\u00a0EFC:<\/strong><\/h4>\n<blockquote>\n<p style=\"text-align: left;\"><span style=\"font-size: 12pt;\"><em>\u201eEverton m\u00e1 rovnak\u00e9 prednosti ako West Ham. Hra\u0165 na Calverta-Lewina pomerne skoro je jedna z ich strat\u00e9gi\u00ed, robia to dobre a on je v dobrej forme. Ich predn\u00e1 \u0161tvorica je v skuto\u010dne dobrej forme. M\u00f4\u017eete vidie\u0165 r\u00f4zne \u00fatoky, ktor\u00e9 maj\u00fa. M\u00f4\u017eu, samozrejme, centrova\u0165 na Calvert-Lewina, m\u00f4\u017eu \u00eds\u0165 aj do priestoru vzadu. Ndiaye za\u010dal ve\u013emi dobre, Harrison a McNeil maj\u00fa ve\u013ek\u00fa kvalitu. Obaja m\u00f4\u017eu sk\u00f3rova\u0165 spoza \u0161estn\u00e1stky. Nemysl\u00edm si, \u017ee musia urobi\u0165 tak ve\u013ea, \u010do sa t\u00fdka t\u00edmovej hry, aby strelili g\u00f3l. To je pravdepodobne d\u00f4vod, pre\u010do tak\u00fdm ako Aston Villa dok\u00e1zali strie\u013ea\u0165 g\u00f3ly. To ani nehovor\u00edm o \u0161tandardk\u00e1ch, v ktor\u00fdch s\u00fa ve\u013ekou hrozbou. Vieme, \u017ee je to siln\u00fd t\u00edm, maj\u00fa obrovsk\u00e9 sk\u00fasenosti a kvalitu z Premier League. Ale my budeme doma, sna\u017ei\u0165 sa by\u0165 \u0165a\u017ek\u00fdm s\u00faperom. Sk\u00fasime sa presadi\u0165 po\u010das dlh\u0161\u00edch \u00fasekov hry a\u00a0hrozi\u0165.\u201c<\/em><\/span><\/p>\n<\/blockquote>\n<p>Ich lok\u00e1lne derby je tak\u00e9 dobr\u00e9 a vybi\u010dovan\u00e9, ako ktor\u00e9ko\u013evek in\u00e9 v krajine. Proti susedn\u00fdm severanom (north folk = Norfolk) z Norwichu zv\u00e1dzaj\u00fa bitky v takzvanom East Anglian derby. V \u0148om maj\u00fa historicky mierne navrch Kan\u00e1rici, ale ve\u013ek\u00e9 trofeje \u017eiadne. No ale je naozaj o \u010do hra\u0165, preto\u017ee hrdi\u0165 sa titulom Pride of Anglia mo\u017eu v prakticky len tieto dva kluby, nako\u013eko s\u00fa jedin\u00e9 vo svojom kraji, \u010do generuje ohromn\u00fa z\u00e1klad\u0148u fan\u00fa\u0161ikov. To sa potom \u013eahko n\u00e1jde svetov\u00e1 superstar, ochotn\u00e1 investova\u0165 do milovan\u00e9ho klubu.<\/p>\n<p>\u010co sa t\u00fdka ich postupu do Premier League, tak ten sa im podaril len rok na to, \u010do sa dostali v\u00f4bec do Championship z\u00a0League One. Tam pobudli bohu\u017eia\u013e tri sez\u00f3ny pre ve\u013ek\u00fa hibern\u00e1ciu v\u00a0druhej lige. Po dosaden\u00ed McKennu sa za\u010dali prezentova\u0165 \u013e\u00fabiv\u00fdm kombina\u010dn\u00fdm futbalom. Ten sta\u010d\u00ed na ni\u017e\u0161ie poschodia pre v\u00fdsledkov\u00fa dominanciu. Ale v\u00a0Premier League na naivitu a\u00a0tvrdohlavos\u0165 doplat\u00edte. Len sa op\u00fdtajte Burnley a Norwichu, a\u00a0nezabudnite to poveda\u0165 aj Russelovi Martinovi v\u00a0Southamptone.<\/p>\n<p>Nonstop rozohr\u00e1vka od brank\u00e1ra je teda presne to, na \u010do bude cieli\u0165 EFC, ak chce okradn\u00fa\u0165 dom\u00e1cich o\u00a0v\u0161etky body. Presne tak, ako naposledy na ihrisku s\u00fapera, kde sa nepou\u010dil Kompany, teraz lodivod Bayernu Mn\u00edchov.<\/p>\n<h4 style=\"text-align: left;\"><strong>Sean Dyche pred z\u00e1pasom:<\/strong><\/h4>\n<blockquote><p><span style=\"font-size: 12pt;\"><em>\u201eTieto t\u00edmy nem\u00f4\u017eete bra\u0165 ako samozrejmos\u0165. V\u00a0lige neexistuj\u00fa \u017eiadne dar\u010deky. Hovoril som s v\u00e4\u010d\u0161\u00edmi mana\u017e\u00e9rmi, ktor\u00ed vo futbale urobili ove\u013ea viac ako ja, a povedali: &#8218;Ni\u010d nem\u00f4\u017eete bra\u0165 ako samozrejmos\u0165. Jednoducho nem\u00f4\u017eete. V ka\u017edej hre mus\u00edte by\u0165 naplno.&#8216; Utratili nemal\u00e9 peniaze &#8211; na tejto \u00farovni pre klub, ktor\u00fd pr\u00e1ve pri\u0161iel &#8211; tak\u017ee s\u00fa evidentne odhodlan\u00ed zosta\u0165 v div\u00edzii. Minul\u00fa sez\u00f3nu sa im darilo skvele. S\u00fa to dobr\u00ed oper\u00e1tori. U\u010dia sa za pochodu. Posledn\u00fd z\u00e1pas (prehra 4:1 od West Hamu) bol \u0165a\u017ek\u00fd. To sa m\u00f4\u017ee sta\u0165 v Premier League. Ale z toho, \u010do som doteraz videl, s\u00fa pln\u00ed snahy a viery, \u017ee sa toho chopia. To je to, na \u010do mus\u00edme by\u0165 pripraven\u00ed.\u201c<\/em><\/span><\/p><\/blockquote>\n<h4><strong>T\u00edmov\u00e9 novinky<\/strong><\/h4>\n<p>V\u0161etci Evertonians op\u00e4\u0165 \u010dakaj\u00fa na n\u00e1vrat Branthwaitea. U\u017e je v\u00a0plnom tr\u00e9ningu, ale len p\u00e1r dn\u00ed. O\u00a0jeho \u0161tarte sa rozhodne pred z\u00e1pasom. Plne k\u00a0dispoz\u00edcii je v\u0161ak u\u017e Coleman aj Mykolenko, \u010do s\u00fa v\u00edtan\u00e9 spr\u00e1vy po tom, ako si po dlh\u0161om \u010dase op\u00e4\u0165 nie\u010do s\u00a0chrbtom privodil Garner. Ten doteraz suploval aj prav\u00e9ho beka. Na tejto poz\u00edcii zrejme e\u0161te neuvid\u00edme ani Pattersona. Hoci pravidelne hr\u00e1va za U21, kond\u00edcia na A-t\u00edm to vraj e\u0161te nie je. K\u00a0lazarom sa pridal aj Iroegbunam s\u00a0\u00fanavovou zlomeninou chodidla.<\/p>\n<p>Mimo toho sa Tarkowski priznal, \u017ee v\u00a0\u00favode sez\u00f3ny hr\u00e1val cez zranenia. U\u017e v\u00a0pr\u00edprave nemohol absolvova\u0165 ka\u017ed\u00fd tr\u00e9ning pre probl\u00e9my so sedac\u00edmi a\u00a0nesk\u00f4r chrtov\u00fdmi svalmi, \u010do sa prejavilo aj po\u010das z\u00e1pasov. Pod\u013ea vlastn\u00fdch slov to nebola \u00fapln\u00e1 ag\u00f3nia, ale utrpela t\u00fdm najm\u00e4 jeho kondi\u010dka a\u00a0fyzick\u00e1 pripravenos\u0165.<\/p>\n<p>Na tridsa\u0165tis\u00edcovom Portman Road sa mo\u017eno stretneme aj s\u00a0ex-EFC\u00a0Nathanom Broadheadom. \u010cel\u00ed e\u0161te fitnes testu pred z\u00e1pasom, rovnako ako Cajuste. Do stretnutia by nemal zasiahnu\u0165 Donacien, Tuanzebe, Al Hamadi ani l\u00edder kab\u00edny Luongo. Letn\u00e9 posily ako Delap, Clarke, Phillips, \u010di Szmodics s\u00fa pripraven\u00ed.<\/p>\n<h4 style=\"text-align: center;\"><span style=\"text-decoration: underline;\"><strong>\u0160tatistick\u00e9 okienko:<\/strong><\/span><\/h4>\n<ul>\n<li>Everton je aktu\u00e1lne \u0161tyri po sebe id\u00face z\u00e1pasy Premier League bez v\u00ed\u0165azstva proti Ipswichu. Naposledy vyhral 1:0 na Portman Road v m\u00e1ji 1995, ke\u010f trafil Paul Rideout proti u\u017e zostupuj\u00facemu t\u00edmu Suffolku.<\/li>\n<li>Posledn\u00e9 v\u00ed\u0165azstvo Toffees proti Tractor Boys pri\u0161lo vo \u0161tvrtom kole FA Cupu 23. janu\u00e1ra 1999, pri\u010dom Nick Barmby strelil jedin\u00fd g\u00f3l v Goodison Parku napriek tomu, \u017ee bol vyl\u00fa\u010den\u00fd jeho kolega Materazzi.<\/li>\n<li>10 stretnut\u00ed v Premier League prinieslo obom klubom po \u0161tyri v\u00ed\u0165azstv\u00e1 a dve rem\u00edzy.<\/li>\n<li>Ipswich Town nedok\u00e1zal vyhra\u0165 \u017eiadny zo svojich \u00favodn\u00fdch siedmich ligov\u00fdch z\u00e1pasov, \u010d\u00edm vyrovnalo klubov\u00fd rekord za\u010diatkov sez\u00f3n najvy\u0161\u0161ej s\u00fa\u0165a\u017ee.<\/li>\n<li>Karamelky nezv\u00ed\u0165azili v 15 vonkaj\u0161\u00edch z\u00e1pasoch vo v\u0161etk\u00fdch s\u00fa\u0165a\u017eiach od v\u00fdhry nad Burnley 2:0 v decembri minul\u00e9ho roka (D6, L9). Je to jedin\u00e9 v\u00ed\u0165azstvo EFC v 10 posledn\u00fdch ligov\u00fdch z\u00e1pasoch proti nov\u00e1\u010dikom.<\/li>\n<li>Traktoristi strelili \u0161tyri g\u00f3ly v \u00favodn\u00fdch 15 min\u00fatach z\u00e1pasov Premier League v tejto sez\u00f3ne, no v\u00a0tomto \u00faseku aj p\u00e4\u0165kr\u00e1t inkasovali \u2013 oba s\u00fa\u010dty s\u00fa spolo\u010dn\u00e9 maxim\u00e1 v div\u00edzii. Mo\u017eno aj preto v tejto sez\u00f3ne viedli najmenej, len 29 min\u00fat.<\/li>\n<li>Liam Delap strelil 4 zo 6 ligov\u00fdch g\u00f3lov svojho t\u00edmu v tejto sez\u00f3ne, vr\u00e1tane ka\u017ed\u00e9ho z posledn\u00fdch troch.<\/li>\n<li>Everton m\u00e1 na konte 106 bezg\u00f3lov\u00fdch rem\u00edz v PL, \u010do je o dve menej ako rekord, ktor\u00fd dr\u017e\u00ed Aston Villa.<\/li>\n<\/ul>\n<h3 style=\"text-align: center;\"><em><span style=\"color: #3366ff;\"><strong>Up The Toffees !!!<\/strong><\/span><\/em><\/h3>\n<p><strong>\u010co:<\/strong> Ipswich Town FC \u2013 Everton FC, 8. kolo Premier League<br \/>\n<strong>Kedy:<\/strong> 19.10. 2024 od 16:00 SE\u010c<br \/>\n<strong>Ako: <\/strong>priamy prenos Canal+Sport 6 (komentuje Mat\u00fa\u0161 Luk\u00e1\u010d)<br \/>\n<strong>Kde:<\/strong> Portman Road \u2013 Portman Rd, Ipswich IP1 2DA (kapacita: 29 673)<br \/>\n<strong>Rozhodca:<\/strong> Michael Oliver\u00a0 <strong>Asistenti:<\/strong> S. Burt, J. Mainwaring\u00a0 <strong>\u0160tvrt\u00fd rozhodca:<\/strong> D. Bond<br \/>\n<strong>VAR:<\/strong> Graham Scott \u00a0<strong>Asistent VAR:<\/strong> Sian Massey-Ellis<\/p>\n","protected":false},"excerpt":{"rendered":"<p>Idylka. Traktory, kone a do toho v\u00e1m spieva Ed Sheeran. Pridajte k tomu Old Farm Derby, a m\u00e1te zaroben\u00e9 na kultov\u00fd klub, ktor\u00fd \u0161plh\u00e1 poschodiami ako na v\u00fd\u0165ahu.<\/p>\n","protected":false},"author":1,"featured_media":25479,"comment_status":"open","ping_status":"closed","sticky":false,"template":"","format":"standard","meta":{"_eb_attr":"","_monsterinsights_skip_tracking":false,"_monsterinsights_sitenote_active":false,"_monsterinsights_sitenote_note":"","_monsterinsights_sitenote_category":0,"footnotes":""},"categories":[4],"tags":[],"yoast_head":"<!-- This site is optimized with the Yoast SEO plugin v23.4 - https:\/\/yoast.com\/wordpress\/plugins\/seo\/ -->\n<title>Preview: Ipswich Town \u2013 Everton - Official Czech &amp; Slovak Everton Supporters&#039; Club<\/title>\n<meta name=\"robots\" content=\"index, follow, max-snippet:-1, max-image-preview:large, max-video-preview:-1\" \/>\n<link rel=\"canonical\" href=\"https:\/\/evertonfc.cz\/index.php\/2024\/10\/19\/preview-ipswich-town-everton\/\" \/>\n<meta property=\"og:locale\" content=\"cs_CZ\" \/>\n<meta property=\"og:type\" content=\"article\" \/>\n<meta property=\"og:title\" content=\"Preview: Ipswich Town \u2013 Everton - Official Czech &amp; Slovak Everton Supporters&#039; Club\" \/>\n<meta property=\"og:description\" content=\"Idylka. Traktory, kone a do toho v\u00e1m spieva Ed Sheeran. Pridajte k tomu Old Farm Derby, a m\u00e1te zaroben\u00e9 na kultov\u00fd klub, ktor\u00fd \u0161plh\u00e1 poschodiami ako na v\u00fd\u0165ahu.\" \/>\n<meta property=\"og:url\" content=\"https:\/\/evertonfc.cz\/index.php\/2024\/10\/19\/preview-ipswich-town-everton\/\" \/>\n<meta property=\"og:site_name\" content=\"Official Czech &amp; Slovak Everton Supporters&#039; Club\" \/>\n<meta property=\"article:publisher\" content=\"https:\/\/www.facebook.com\/everton.fans.cz.sk\" \/>\n<meta property=\"article:published_time\" content=\"2024-10-19T11:41:38+00:00\" \/>\n<meta property=\"article:modified_time\" content=\"2024-10-21T13:50:03+00:00\" \/>\n<meta property=\"og:image\" content=\"https:\/\/evertonfc.cz\/wp-content\/uploads\/2024\/10\/Ipswich-Town-VS-Everton.png\" \/>\n\t<meta property=\"og:image:width\" content=\"720\" \/>\n\t<meta property=\"og:image:height\" content=\"405\" \/>\n\t<meta property=\"og:image:type\" content=\"image\/png\" \/>\n<meta name=\"author\" content=\"BlueBlooded\" \/>\n<meta name=\"twitter:card\" content=\"summary_large_image\" \/>\n<meta name=\"twitter:label1\" content=\"Napsal(a)\" \/>\n\t<meta name=\"twitter:data1\" content=\"BlueBlooded\" \/>\n\t<meta name=\"twitter:label2\" content=\"Odhadovan\u00e1 doba \u010dten\u00ed\" \/>\n\t<meta name=\"twitter:data2\" content=\"5 minut\" \/>\n<script type=\"application\/ld+json\" class=\"yoast-schema-graph\">{\"@context\":\"https:\/\/schema.org\",\"@graph\":[{\"@type\":\"Article\",\"@id\":\"https:\/\/evertonfc.cz\/index.php\/2024\/10\/19\/preview-ipswich-town-everton\/#article\",\"isPartOf\":{\"@id\":\"https:\/\/evertonfc.cz\/index.php\/2024\/10\/19\/preview-ipswich-town-everton\/\"},\"author\":{\"name\":\"BlueBlooded\",\"@id\":\"https:\/\/evertonfc.cz\/#\/schema\/person\/d4493b8cbea51532597fbc4685698916\"},\"headline\":\"Preview: Ipswich Town \u2013 Everton\",\"datePublished\":\"2024-10-19T11:41:38+00:00\",\"dateModified\":\"2024-10-21T13:50:03+00:00\",\"mainEntityOfPage\":{\"@id\":\"https:\/\/evertonfc.cz\/index.php\/2024\/10\/19\/preview-ipswich-town-everton\/\"},\"wordCount\":1322,\"commentCount\":7,\"publisher\":{\"@id\":\"https:\/\/evertonfc.cz\/#organization\"},\"image\":{\"@id\":\"https:\/\/evertonfc.cz\/index.php\/2024\/10\/19\/preview-ipswich-town-everton\/#primaryimage\"},\"thumbnailUrl\":\"https:\/\/evertonfc.cz\/wp-content\/uploads\/2024\/10\/Ipswich-Town-VS-Everton.png\",\"articleSection\":[\"Z\u00e1pasy\"],\"inLanguage\":\"cs\",\"potentialAction\":[{\"@type\":\"CommentAction\",\"name\":\"Comment\",\"target\":[\"https:\/\/evertonfc.cz\/index.php\/2024\/10\/19\/preview-ipswich-town-everton\/#respond\"]}]},{\"@type\":\"WebPage\",\"@id\":\"https:\/\/evertonfc.cz\/index.php\/2024\/10\/19\/preview-ipswich-town-everton\/\",\"url\":\"https:\/\/evertonfc.cz\/index.php\/2024\/10\/19\/preview-ipswich-town-everton\/\",\"name\":\"Preview: Ipswich Town \u2013 Everton - Official Czech &amp; Slovak Everton Supporters&#039; Club\",\"isPartOf\":{\"@id\":\"https:\/\/evertonfc.cz\/#website\"},\"primaryImageOfPage\":{\"@id\":\"https:\/\/evertonfc.cz\/index.php\/2024\/10\/19\/preview-ipswich-town-everton\/#primaryimage\"},\"image\":{\"@id\":\"https:\/\/evertonfc.cz\/index.php\/2024\/10\/19\/preview-ipswich-town-everton\/#primaryimage\"},\"thumbnailUrl\":\"https:\/\/evertonfc.cz\/wp-content\/uploads\/2024\/10\/Ipswich-Town-VS-Everton.png\",\"datePublished\":\"2024-10-19T11:41:38+00:00\",\"dateModified\":\"2024-10-21T13:50:03+00:00\",\"breadcrumb\":{\"@id\":\"https:\/\/evertonfc.cz\/index.php\/2024\/10\/19\/preview-ipswich-town-everton\/#breadcrumb\"},\"inLanguage\":\"cs\",\"potentialAction\":[{\"@type\":\"ReadAction\",\"target\":[\"https:\/\/evertonfc.cz\/index.php\/2024\/10\/19\/preview-ipswich-town-everton\/\"]}]},{\"@type\":\"ImageObject\",\"inLanguage\":\"cs\",\"@id\":\"https:\/\/evertonfc.cz\/index.php\/2024\/10\/19\/preview-ipswich-town-everton\/#primaryimage\",\"url\":\"https:\/\/evertonfc.cz\/wp-content\/uploads\/2024\/10\/Ipswich-Town-VS-Everton.png\",\"contentUrl\":\"https:\/\/evertonfc.cz\/wp-content\/uploads\/2024\/10\/Ipswich-Town-VS-Everton.png\",\"width\":720,\"height\":405},{\"@type\":\"BreadcrumbList\",\"@id\":\"https:\/\/evertonfc.cz\/index.php\/2024\/10\/19\/preview-ipswich-town-everton\/#breadcrumb\",\"itemListElement\":[{\"@type\":\"ListItem\",\"position\":1,\"name\":\"Home\",\"item\":\"https:\/\/evertonfc.cz\/\"},{\"@type\":\"ListItem\",\"position\":2,\"name\":\"Preview: Ipswich Town \u2013 Everton\"}]},{\"@type\":\"WebSite\",\"@id\":\"https:\/\/evertonfc.cz\/#website\",\"url\":\"https:\/\/evertonfc.cz\/\",\"name\":\"Official Czech &amp; Slovak Everton Supporters&#039; Club\",\"description\":\"\",\"publisher\":{\"@id\":\"https:\/\/evertonfc.cz\/#organization\"},\"potentialAction\":[{\"@type\":\"SearchAction\",\"target\":{\"@type\":\"EntryPoint\",\"urlTemplate\":\"https:\/\/evertonfc.cz\/?s={search_term_string}\"},\"query-input\":{\"@type\":\"PropertyValueSpecification\",\"valueRequired\":true,\"valueName\":\"search_term_string\"}}],\"inLanguage\":\"cs\"},{\"@type\":\"Organization\",\"@id\":\"https:\/\/evertonfc.cz\/#organization\",\"name\":\"Official Czech & Slovak Everton Supporters' Club\",\"url\":\"https:\/\/evertonfc.cz\/\",\"logo\":{\"@type\":\"ImageObject\",\"inLanguage\":\"cs\",\"@id\":\"https:\/\/evertonfc.cz\/#\/schema\/logo\/image\/\",\"url\":\"https:\/\/evertonfc.cz\/wp-content\/uploads\/2019\/05\/logo.png\",\"contentUrl\":\"https:\/\/evertonfc.cz\/wp-content\/uploads\/2019\/05\/logo.png\",\"width\":112,\"height\":112,\"caption\":\"Official Czech & Slovak Everton Supporters' Club\"},\"image\":{\"@id\":\"https:\/\/evertonfc.cz\/#\/schema\/logo\/image\/\"},\"sameAs\":[\"https:\/\/www.facebook.com\/everton.fans.cz.sk\"]},{\"@type\":\"Person\",\"@id\":\"https:\/\/evertonfc.cz\/#\/schema\/person\/d4493b8cbea51532597fbc4685698916\",\"name\":\"BlueBlooded\",\"url\":\"https:\/\/evertonfc.cz\/index.php\/author\/admin\/\"}]}<\/script>\n<!-- \/ Yoast SEO plugin. -->","yoast_head_json":{"title":"Preview: Ipswich Town \u2013 Everton - Official Czech &amp; Slovak Everton Supporters&#039; Club","robots":{"index":"index","follow":"follow","max-snippet":"max-snippet:-1","max-image-preview":"max-image-preview:large","max-video-preview":"max-video-preview:-1"},"canonical":"https:\/\/evertonfc.cz\/index.php\/2024\/10\/19\/preview-ipswich-town-everton\/","og_locale":"cs_CZ","og_type":"article","og_title":"Preview: Ipswich Town \u2013 Everton - Official Czech &amp; Slovak Everton Supporters&#039; Club","og_description":"Idylka. Traktory, kone a do toho v\u00e1m spieva Ed Sheeran. Pridajte k tomu Old Farm Derby, a m\u00e1te zaroben\u00e9 na kultov\u00fd klub, ktor\u00fd \u0161plh\u00e1 poschodiami ako na v\u00fd\u0165ahu.","og_url":"https:\/\/evertonfc.cz\/index.php\/2024\/10\/19\/preview-ipswich-town-everton\/","og_site_name":"Official Czech &amp; Slovak Everton Supporters&#039; Club","article_publisher":"https:\/\/www.facebook.com\/everton.fans.cz.sk","article_published_time":"2024-10-19T11:41:38+00:00","article_modified_time":"2024-10-21T13:50:03+00:00","og_image":[{"width":720,"height":405,"url":"https:\/\/evertonfc.cz\/wp-content\/uploads\/2024\/10\/Ipswich-Town-VS-Everton.png","type":"image\/png"}],"author":"BlueBlooded","twitter_card":"summary_large_image","twitter_misc":{"Napsal(a)":"BlueBlooded","Odhadovan\u00e1 doba \u010dten\u00ed":"5 minut"},"schema":{"@context":"https:\/\/schema.org","@graph":[{"@type":"Article","@id":"https:\/\/evertonfc.cz\/index.php\/2024\/10\/19\/preview-ipswich-town-everton\/#article","isPartOf":{"@id":"https:\/\/evertonfc.cz\/index.php\/2024\/10\/19\/preview-ipswich-town-everton\/"},"author":{"name":"BlueBlooded","@id":"https:\/\/evertonfc.cz\/#\/schema\/person\/d4493b8cbea51532597fbc4685698916"},"headline":"Preview: Ipswich Town \u2013 Everton","datePublished":"2024-10-19T11:41:38+00:00","dateModified":"2024-10-21T13:50:03+00:00","mainEntityOfPage":{"@id":"https:\/\/evertonfc.cz\/index.php\/2024\/10\/19\/preview-ipswich-town-everton\/"},"wordCount":1322,"commentCount":7,"publisher":{"@id":"https:\/\/evertonfc.cz\/#organization"},"image":{"@id":"https:\/\/evertonfc.cz\/index.php\/2024\/10\/19\/preview-ipswich-town-everton\/#primaryimage"},"thumbnailUrl":"https:\/\/evertonfc.cz\/wp-content\/uploads\/2024\/10\/Ipswich-Town-VS-Everton.png","articleSection":["Z\u00e1pasy"],"inLanguage":"cs","potentialAction":[{"@type":"CommentAction","name":"Comment","target":["https:\/\/evertonfc.cz\/index.php\/2024\/10\/19\/preview-ipswich-town-everton\/#respond"]}]},{"@type":"WebPage","@id":"https:\/\/evertonfc.cz\/index.php\/2024\/10\/19\/preview-ipswich-town-everton\/","url":"https:\/\/evertonfc.cz\/index.php\/2024\/10\/19\/preview-ipswich-town-everton\/","name":"Preview: Ipswich Town \u2013 Everton - Official Czech &amp; Slovak Everton Supporters&#039; Club","isPartOf":{"@id":"https:\/\/evertonfc.cz\/#website"},"primaryImageOfPage":{"@id":"https:\/\/evertonfc.cz\/index.php\/2024\/10\/19\/preview-ipswich-town-everton\/#primaryimage"},"image":{"@id":"https:\/\/evertonfc.cz\/index.php\/2024\/10\/19\/preview-ipswich-town-everton\/#primaryimage"},"thumbnailUrl":"https:\/\/evertonfc.cz\/wp-content\/uploads\/2024\/10\/Ipswich-Town-VS-Everton.png","datePublished":"2024-10-19T11:41:38+00:00","dateModified":"2024-10-21T13:50:03+00:00","breadcrumb":{"@id":"https:\/\/evertonfc.cz\/index.php\/2024\/10\/19\/preview-ipswich-town-everton\/#breadcrumb"},"inLanguage":"cs","potentialAction":[{"@type":"ReadAction","target":["https:\/\/evertonfc.cz\/index.php\/2024\/10\/19\/preview-ipswich-town-everton\/"]}]},{"@type":"ImageObject","inLanguage":"cs","@id":"https:\/\/evertonfc.cz\/index.php\/2024\/10\/19\/preview-ipswich-town-everton\/#primaryimage","url":"https:\/\/evertonfc.cz\/wp-content\/uploads\/2024\/10\/Ipswich-Town-VS-Everton.png","contentUrl":"https:\/\/evertonfc.cz\/wp-content\/uploads\/2024\/10\/Ipswich-Town-VS-Everton.png","width":720,"height":405},{"@type":"BreadcrumbList","@id":"https:\/\/evertonfc.cz\/index.php\/2024\/10\/19\/preview-ipswich-town-everton\/#breadcrumb","itemListElement":[{"@type":"ListItem","position":1,"name":"Home","item":"https:\/\/evertonfc.cz\/"},{"@type":"ListItem","position":2,"name":"Preview: Ipswich Town \u2013 Everton"}]},{"@type":"WebSite","@id":"https:\/\/evertonfc.cz\/#website","url":"https:\/\/evertonfc.cz\/","name":"Official Czech &amp; Slovak Everton Supporters&#039; Club","description":"","publisher":{"@id":"https:\/\/evertonfc.cz\/#organization"},"potentialAction":[{"@type":"SearchAction","target":{"@type":"EntryPoint","urlTemplate":"https:\/\/evertonfc.cz\/?s={search_term_string}"},"query-input":{"@type":"PropertyValueSpecification","valueRequired":true,"valueName":"search_term_string"}}],"inLanguage":"cs"},{"@type":"Organization","@id":"https:\/\/evertonfc.cz\/#organization","name":"Official Czech & Slovak Everton Supporters' Club","url":"https:\/\/evertonfc.cz\/","logo":{"@type":"ImageObject","inLanguage":"cs","@id":"https:\/\/evertonfc.cz\/#\/schema\/logo\/image\/","url":"https:\/\/evertonfc.cz\/wp-content\/uploads\/2019\/05\/logo.png","contentUrl":"https:\/\/evertonfc.cz\/wp-content\/uploads\/2019\/05\/logo.png","width":112,"height":112,"caption":"Official Czech & Slovak Everton Supporters' Club"},"image":{"@id":"https:\/\/evertonfc.cz\/#\/schema\/logo\/image\/"},"sameAs":["https:\/\/www.facebook.com\/everton.fans.cz.sk"]},{"@type":"Person","@id":"https:\/\/evertonfc.cz\/#\/schema\/person\/d4493b8cbea51532597fbc4685698916","name":"BlueBlooded","url":"https:\/\/evertonfc.cz\/index.php\/author\/admin\/"}]}},"_links":{"self":[{"href":"https:\/\/evertonfc.cz\/index.php\/wp-json\/wp\/v2\/posts\/25469"}],"collection":[{"href":"https:\/\/evertonfc.cz\/index.php\/wp-json\/wp\/v2\/posts"}],"about":[{"href":"https:\/\/evertonfc.cz\/index.php\/wp-json\/wp\/v2\/types\/post"}],"author":[{"embeddable":true,"href":"https:\/\/evertonfc.cz\/index.php\/wp-json\/wp\/v2\/users\/1"}],"replies":[{"embeddable":true,"href":"https:\/\/evertonfc.cz\/index.php\/wp-json\/wp\/v2\/comments?post=25469"}],"version-history":[{"count":15,"href":"https:\/\/evertonfc.cz\/index.php\/wp-json\/wp\/v2\/posts\/25469\/revisions"}],"predecessor-version":[{"id":25502,"href":"https:\/\/evertonfc.cz\/index.php\/wp-json\/wp\/v2\/posts\/25469\/revisions\/25502"}],"wp:featuredmedia":[{"embeddable":true,"href":"https:\/\/evertonfc.cz\/index.php\/wp-json\/wp\/v2\/media\/25479"}],"wp:attachment":[{"href":"https:\/\/evertonfc.cz\/index.php\/wp-json\/wp\/v2\/media?parent=25469"}],"wp:term":[{"taxonomy":"category","embeddable":true,"href":"https:\/\/evertonfc.cz\/index.php\/wp-json\/wp\/v2\/categories?post=25469"},{"taxonomy":"post_tag","embeddable":true,"href":"https:\/\/evertonfc.cz\/index.php\/wp-json\/wp\/v2\/tags?post=25469"}],"curies":[{"name":"wp","href":"https:\/\/api.w.org\/{rel}","templated":true}]}}