{"id":25483,"date":"2024-10-19T18:19:19","date_gmt":"2024-10-19T16:19:19","guid":{"rendered":"https:\/\/evertonfc.cz\/?p=25483"},"modified":"2024-10-19T18:52:35","modified_gmt":"2024-10-19T16:52:35","slug":"ipswich-town-everton-0-2","status":"publish","type":"post","link":"https:\/\/evertonfc.cz\/index.php\/2024\/10\/19\/ipswich-town-everton-0-2\/","title":{"rendered":"Ipswich Town \u2013 Everton 0:2"},"content":{"rendered":"<h4>Toffees na p\u016fd\u011b nov\u00e1\u010dka potvrdili stoupaj\u00edc\u00ed formu a d\u00edky prvn\u00ed venkovn\u00ed v\u00fdh\u0159e si p\u0159ipsali do tabulky t\u0159i body. Celkem jich maj\u00ed osm, p\u0159i\u010dem\u017e v\u0161echny nasb\u00edrali v posledn\u00edch \u010dty\u0159ech kolech.<\/h4>\n<p>N\u00e1vrat Jarrada Branthwaitea do z\u00e1kladn\u00ed sestavy byl minim\u00e1ln\u011b o t\u00fdden odlo\u017een. Na lev\u00e9ho obr\u00e1nce se vr\u00e1til uzdraven\u00fd Mykolenko, co\u017e umo\u017enilo veter\u00e1nu Youngovi p\u0159esunout se na pravou stranu obrany, kde zastoupil zran\u011bn\u00e9ho Garnera. Ve st\u0159edu pole nahradil Gueye z taktick\u00fdch d\u016fvod\u016f Mangalu.<\/p>\n<p>Z\u00e1pas za\u010dal s 15minutov\u00fdm zpo\u017ed\u011bn\u00edm kv\u016fli poru\u0161e turniket\u016f, co\u017e by fanou\u0161k\u016fm znemo\u017enilo stihnout p\u016fvodn\u011b pl\u00e1novan\u00fd v\u00fdkop v 16:00. Prvn\u00ed velkou \u0161anci nab\u00eddla u\u017e 5. minuta, kdy\u017e dom\u00e1c\u00ed p\u0159etavili dobrou rozehr\u00e1vku v rychl\u00fd proti\u00fatok. Na jeho konci se Clarke ocitl s\u00e1m v prostoru penalty, ale m\u00ed\u010d mu na posledn\u00ed chv\u00edli posko\u010dil a jeho st\u0159ela by netrefila ani vrata od stodoly.<\/p>\n<p>O dv\u011b minuty pozd\u011bji si g\u00f3lovku vypracoval i Everton. Calvert-Lewin z\u00edskal m\u00ed\u010d p\u0159i soupe\u0159ov\u011b rozehr\u00e1vce a p\u00e1dil s\u00e1m na Muri\u0107e, kter\u00fd jeho st\u0159elu vyrazil nohou. McNeil pak v\u00e1hal se st\u0159elou z voleje a v dobr\u00e9 pozici byl odzbrojen.<\/p>\n<p>Jak se zakon\u010duje bez slitov\u00e1n\u00ed, uk\u00e1zal v\u0161em p\u0159\u00edtomn\u00fdm Iliman Ndiaye. V 17. minut\u011b se po chyb\u011b dom\u00e1c\u00edch dostal k voln\u00e9mu m\u00ed\u010di ve v\u00e1pn\u011b a poslal ho do \u0161ibenice \u2013 <strong>0:1<\/strong>. Calvert-Lewin byl p\u0159i chuti a cht\u011bl rychle nav\u00fd\u0161it n\u00e1skok sv\u00e9ho t\u00fdmu, ale jeho skryt\u00e1 st\u0159ela byla Muri\u0107em dob\u0159e p\u0159e\u010dtena.<\/p>\n<p>Ve 26. minut\u011b na\u0159\u00eddil rozhod\u010d\u00ed Oliver pokutov\u00fd kop po p\u00e1du Clarkea v \u0161estn\u00e1ctce. VAR v\u0161ak odhalil, \u017ee dom\u00e1c\u00ed k\u0159\u00eddeln\u00edk nejprve kopl do nohy McNeila, a a\u017e pot\u00e9 upadl. Penalta byla spr\u00e1vn\u011b odvol\u00e1na.<\/p>\n<p>Everton se pot\u00e9 zbyte\u010dn\u011b zat\u00e1hl a p\u0159enechal diktov\u00e1n\u00ed tempa Ipswichi. Bohu\u017eel to nebylo poprv\u00e9 v t\u00e9to sez\u00f3n\u011b, kdy Dyche\u016fv t\u00fdm dobrovoln\u011b ustoupil z vlastn\u00edho slibn\u00e9ho momentu, aby se schoval do defenzivn\u00ed ulity. Ka\u017edop\u00e1dn\u011b Tractor Boys nedok\u00e1zali svou \u00fazemn\u00ed p\u0159evahu p\u0159etavit ve vyrovn\u00e1n\u00ed. Naopak, brzy inkasovali podruh\u00e9. McNeil si po odvr\u00e1cen\u00e9m rohov\u00e9m kopu pohr\u00e1l s protihr\u00e1\u010di na hranici v\u00e1pna a uvolnil Keanea, kter\u00fd leva\u010dkou z \u00fahlu m\u00e1lem roztrhl s\u00ed\u0165 &#8211; <strong>0:2<\/strong>.<\/p>\n<p>Everton byl po p\u0159est\u00e1vce aktivn\u00ed a dob\u0159e pracoval s m\u00ed\u010dem. V 55. minut\u011b Ndiaye vyu\u017eil dal\u0161\u00ed chybu dom\u00e1c\u00ed obrany a spolu s McNeilem se \u0159\u00edtil proti stejn\u011b po\u010detn\u00e9 p\u0159esile na br\u00e1nu. Vsadil nakonec na sv\u00e9 individu\u00e1ln\u00ed schopnosti, kter\u00e9 zavr\u0161il jen slabou st\u0159elou.<\/p>\n<p>Koncem z\u00e1pasu zv\u00fd\u0161ili svou aktivitu tak\u00e9 dom\u00e1c\u00ed, a to zejm\u00e9na d\u00edky prav\u00e9mu k\u0159\u00eddeln\u00edkovi Hutchinsonovi. V 75. minut\u011b st\u0159\u00eddaj\u00edc\u00ed Szmodics nabil Delapovi, kter\u00fd zpoza v\u00e1pna p\u00e1lil nad br\u00e1nu. Ipswich nejen\u017ee st\u00e1le \u010dekal na g\u00f3l, ale tak\u00e9 na svou prvn\u00ed st\u0159elu mezi t\u0159i ty\u010de. Toffees jich v t\u00e9 chv\u00edli zaznamenali hned sedm.<\/p>\n<p>Ipswich se prvn\u00ed st\u0159ely na br\u00e1nu do\u010dkal v 80. minut\u011b. Po slibn\u00e9m sign\u00e1lu z rohov\u00e9ho kopu se ke st\u0159ele uvnit\u0159 v\u00e1pna dostal dal\u0161\u00ed st\u0159\u00eddaj\u00edc\u00ed hr\u00e1\u010d, Chaplin, ale sv\u016fj pokus nam\u00ed\u0159il jen na p\u0159ipraven\u00e9ho Pickforda. Tak\u00e9 p\u0159i dal\u0161\u00edch st\u0159el\u00e1ch dom\u00e1c\u00edch byla anglick\u00e1 reprezenta\u010dn\u00ed jedni\u010dka v pln\u00e9 pohotovosti, m\u016f\u017ee se tedy t\u011b\u0161it z druh\u00e9ho \u010dist\u00e9ho konta v sez\u00f3n\u011b.<\/p>\n<p>D\u016fle\u017eitou v\u00fdhru mohl je\u0161t\u011b v sam\u00e9m z\u00e1v\u011bru vylep\u0161it Calvert-Lewin, jen\u017ee ani v dal\u0161\u00edm samostatn\u00e9m n\u00e1jezdu nedok\u00e1zal p\u0159ekonat Muri\u0107e. Mohl bychom se pt\u00e1t, pro\u010d v tu chv\u00edli nebyl na h\u0159i\u0161ti m\u00edsto n\u011bj Beto, ale nebudu si kazit dojem z v\u00fdhry. R\u00e1d to p\u0159enech\u00e1m jin\u00fdm v koment\u00e1\u0159\u00edch.<\/p>\n<div class=\"single-entry-summary\">\n<div class=\"wprt-container\">\n<p style=\"text-align: right;\"><span style=\"font-size: 8pt;\">(fotozdroj: premierleague.com)<\/span><\/p>\n<\/div>\n<p><strong>Branky:<\/strong> 17. Ndiaye, 40. Keane (McNeil)<\/p>\n<p><strong>\u017dK:<\/strong> 90. Taylor &#8211; 24. Keane<\/p>\n<p><strong>Ipswich Town:<\/strong> Muri\u0107 &#8211; Davis, Woolfenden, Burgess, O&#8217;Shea (63. H. Clarke) &#8211; Morsy, Phillips (71. Szmodics) &#8211; Burns (63. Chaplin), Hutchinson, J. Clarke (71. Taylor) &#8211; Delap (79. Hirst)<\/p>\n<p><strong>Everton:<\/strong> Pickford &#8211; Young, Tarkowski, Keane, Mykolenko &#8211; Gueye, Doucour\u00e9 &#8211; Harrison, McNeil, Ndiaye (82. Mangala) &#8211; Calvert-Lewin<\/p>\n<p><strong>Rozhod\u010d\u00ed:<\/strong> Michael Oliver\u00a0 <strong>Div\u00e1ci<\/strong>: 29 862\u00a0 <strong>Mu\u017e z\u00e1pasu redakce:<\/strong> Iliman Ndiaye<\/p>\n<\/div>\n","protected":false},"excerpt":{"rendered":"<p>Toffees na p\u016fd\u011b nov\u00e1\u010dka potvrdili stoupaj\u00edc\u00ed formu a d\u00edky prvn\u00ed venkovn\u00ed v\u00fdh\u0159e si p\u0159ipsali do tabulky t\u0159i body. Celkem jich maj\u00ed osm, p\u0159i\u010dem\u017e v\u0161echny nasb\u00edrali v posledn\u00edch \u010dty\u0159ech kolech.<\/p>\n","protected":false},"author":6,"featured_media":25487,"comment_status":"open","ping_status":"closed","sticky":false,"template":"","format":"standard","meta":{"_eb_attr":"","_monsterinsights_skip_tracking":false,"_monsterinsights_sitenote_active":false,"_monsterinsights_sitenote_note":"","_monsterinsights_sitenote_category":0,"footnotes":""},"categories":[4],"tags":[],"yoast_head":"<!-- This site is optimized with the Yoast SEO plugin v23.4 - https:\/\/yoast.com\/wordpress\/plugins\/seo\/ -->\n<title>Ipswich Town \u2013 Everton 0:2 - Official Czech &amp; Slovak Everton Supporters&#039; Club<\/title>\n<meta name=\"robots\" content=\"index, follow, max-snippet:-1, max-image-preview:large, max-video-preview:-1\" \/>\n<link rel=\"canonical\" href=\"https:\/\/evertonfc.cz\/index.php\/2024\/10\/19\/ipswich-town-everton-0-2\/\" \/>\n<meta property=\"og:locale\" content=\"cs_CZ\" \/>\n<meta property=\"og:type\" content=\"article\" \/>\n<meta property=\"og:title\" content=\"Ipswich Town \u2013 Everton 0:2 - Official Czech &amp; Slovak Everton Supporters&#039; Club\" \/>\n<meta property=\"og:description\" content=\"Toffees na p\u016fd\u011b nov\u00e1\u010dka potvrdili stoupaj\u00edc\u00ed formu a d\u00edky prvn\u00ed venkovn\u00ed v\u00fdh\u0159e si p\u0159ipsali do tabulky t\u0159i body. Celkem jich maj\u00ed osm, p\u0159i\u010dem\u017e v\u0161echny nasb\u00edrali v posledn\u00edch \u010dty\u0159ech kolech.\" \/>\n<meta property=\"og:url\" content=\"https:\/\/evertonfc.cz\/index.php\/2024\/10\/19\/ipswich-town-everton-0-2\/\" \/>\n<meta property=\"og:site_name\" content=\"Official Czech &amp; Slovak Everton Supporters&#039; Club\" \/>\n<meta property=\"article:publisher\" content=\"https:\/\/www.facebook.com\/everton.fans.cz.sk\" \/>\n<meta property=\"article:published_time\" content=\"2024-10-19T16:19:19+00:00\" \/>\n<meta property=\"article:modified_time\" content=\"2024-10-19T16:52:35+00:00\" \/>\n<meta property=\"og:image\" content=\"https:\/\/evertonfc.cz\/wp-content\/uploads\/2024\/10\/ndiyae_19_10_2024.jpg\" \/>\n\t<meta property=\"og:image:width\" content=\"720\" \/>\n\t<meta property=\"og:image:height\" content=\"405\" \/>\n\t<meta property=\"og:image:type\" content=\"image\/jpeg\" \/>\n<meta name=\"author\" content=\"Ri\u010di\" \/>\n<meta name=\"twitter:card\" content=\"summary_large_image\" \/>\n<meta name=\"twitter:creator\" content=\"@rbrejsa\" \/>\n<meta name=\"twitter:label1\" content=\"Napsal(a)\" \/>\n\t<meta name=\"twitter:data1\" content=\"Ri\u010di\" \/>\n\t<meta name=\"twitter:label2\" content=\"Odhadovan\u00e1 doba \u010dten\u00ed\" \/>\n\t<meta name=\"twitter:data2\" content=\"4 minuty\" \/>\n<script type=\"application\/ld+json\" class=\"yoast-schema-graph\">{\"@context\":\"https:\/\/schema.org\",\"@graph\":[{\"@type\":\"Article\",\"@id\":\"https:\/\/evertonfc.cz\/index.php\/2024\/10\/19\/ipswich-town-everton-0-2\/#article\",\"isPartOf\":{\"@id\":\"https:\/\/evertonfc.cz\/index.php\/2024\/10\/19\/ipswich-town-everton-0-2\/\"},\"author\":{\"name\":\"Ri\u010di\",\"@id\":\"https:\/\/evertonfc.cz\/#\/schema\/person\/f7a5daedb2ffee98480bc70e191aaef1\"},\"headline\":\"Ipswich Town \u2013 Everton 0:2\",\"datePublished\":\"2024-10-19T16:19:19+00:00\",\"dateModified\":\"2024-10-19T16:52:35+00:00\",\"mainEntityOfPage\":{\"@id\":\"https:\/\/evertonfc.cz\/index.php\/2024\/10\/19\/ipswich-town-everton-0-2\/\"},\"wordCount\":774,\"commentCount\":19,\"publisher\":{\"@id\":\"https:\/\/evertonfc.cz\/#organization\"},\"image\":{\"@id\":\"https:\/\/evertonfc.cz\/index.php\/2024\/10\/19\/ipswich-town-everton-0-2\/#primaryimage\"},\"thumbnailUrl\":\"https:\/\/evertonfc.cz\/wp-content\/uploads\/2024\/10\/ndiyae_19_10_2024.jpg\",\"articleSection\":[\"Z\u00e1pasy\"],\"inLanguage\":\"cs\",\"potentialAction\":[{\"@type\":\"CommentAction\",\"name\":\"Comment\",\"target\":[\"https:\/\/evertonfc.cz\/index.php\/2024\/10\/19\/ipswich-town-everton-0-2\/#respond\"]}]},{\"@type\":\"WebPage\",\"@id\":\"https:\/\/evertonfc.cz\/index.php\/2024\/10\/19\/ipswich-town-everton-0-2\/\",\"url\":\"https:\/\/evertonfc.cz\/index.php\/2024\/10\/19\/ipswich-town-everton-0-2\/\",\"name\":\"Ipswich Town \u2013 Everton 0:2 - Official Czech &amp; Slovak Everton Supporters&#039; Club\",\"isPartOf\":{\"@id\":\"https:\/\/evertonfc.cz\/#website\"},\"primaryImageOfPage\":{\"@id\":\"https:\/\/evertonfc.cz\/index.php\/2024\/10\/19\/ipswich-town-everton-0-2\/#primaryimage\"},\"image\":{\"@id\":\"https:\/\/evertonfc.cz\/index.php\/2024\/10\/19\/ipswich-town-everton-0-2\/#primaryimage\"},\"thumbnailUrl\":\"https:\/\/evertonfc.cz\/wp-content\/uploads\/2024\/10\/ndiyae_19_10_2024.jpg\",\"datePublished\":\"2024-10-19T16:19:19+00:00\",\"dateModified\":\"2024-10-19T16:52:35+00:00\",\"breadcrumb\":{\"@id\":\"https:\/\/evertonfc.cz\/index.php\/2024\/10\/19\/ipswich-town-everton-0-2\/#breadcrumb\"},\"inLanguage\":\"cs\",\"potentialAction\":[{\"@type\":\"ReadAction\",\"target\":[\"https:\/\/evertonfc.cz\/index.php\/2024\/10\/19\/ipswich-town-everton-0-2\/\"]}]},{\"@type\":\"ImageObject\",\"inLanguage\":\"cs\",\"@id\":\"https:\/\/evertonfc.cz\/index.php\/2024\/10\/19\/ipswich-town-everton-0-2\/#primaryimage\",\"url\":\"https:\/\/evertonfc.cz\/wp-content\/uploads\/2024\/10\/ndiyae_19_10_2024.jpg\",\"contentUrl\":\"https:\/\/evertonfc.cz\/wp-content\/uploads\/2024\/10\/ndiyae_19_10_2024.jpg\",\"width\":720,\"height\":405},{\"@type\":\"BreadcrumbList\",\"@id\":\"https:\/\/evertonfc.cz\/index.php\/2024\/10\/19\/ipswich-town-everton-0-2\/#breadcrumb\",\"itemListElement\":[{\"@type\":\"ListItem\",\"position\":1,\"name\":\"Home\",\"item\":\"https:\/\/evertonfc.cz\/\"},{\"@type\":\"ListItem\",\"position\":2,\"name\":\"Ipswich Town \u2013 Everton 0:2\"}]},{\"@type\":\"WebSite\",\"@id\":\"https:\/\/evertonfc.cz\/#website\",\"url\":\"https:\/\/evertonfc.cz\/\",\"name\":\"Official Czech &amp; Slovak Everton Supporters&#039; Club\",\"description\":\"\",\"publisher\":{\"@id\":\"https:\/\/evertonfc.cz\/#organization\"},\"potentialAction\":[{\"@type\":\"SearchAction\",\"target\":{\"@type\":\"EntryPoint\",\"urlTemplate\":\"https:\/\/evertonfc.cz\/?s={search_term_string}\"},\"query-input\":{\"@type\":\"PropertyValueSpecification\",\"valueRequired\":true,\"valueName\":\"search_term_string\"}}],\"inLanguage\":\"cs\"},{\"@type\":\"Organization\",\"@id\":\"https:\/\/evertonfc.cz\/#organization\",\"name\":\"Official Czech & Slovak Everton Supporters' Club\",\"url\":\"https:\/\/evertonfc.cz\/\",\"logo\":{\"@type\":\"ImageObject\",\"inLanguage\":\"cs\",\"@id\":\"https:\/\/evertonfc.cz\/#\/schema\/logo\/image\/\",\"url\":\"https:\/\/evertonfc.cz\/wp-content\/uploads\/2019\/05\/logo.png\",\"contentUrl\":\"https:\/\/evertonfc.cz\/wp-content\/uploads\/2019\/05\/logo.png\",\"width\":112,\"height\":112,\"caption\":\"Official Czech & Slovak Everton Supporters' Club\"},\"image\":{\"@id\":\"https:\/\/evertonfc.cz\/#\/schema\/logo\/image\/\"},\"sameAs\":[\"https:\/\/www.facebook.com\/everton.fans.cz.sk\"]},{\"@type\":\"Person\",\"@id\":\"https:\/\/evertonfc.cz\/#\/schema\/person\/f7a5daedb2ffee98480bc70e191aaef1\",\"name\":\"Ri\u010di\",\"sameAs\":[\"https:\/\/x.com\/rbrejsa\"],\"url\":\"https:\/\/evertonfc.cz\/index.php\/author\/rici\/\"}]}<\/script>\n<!-- \/ Yoast SEO plugin. -->","yoast_head_json":{"title":"Ipswich Town \u2013 Everton 0:2 - Official Czech &amp; Slovak Everton Supporters&#039; Club","robots":{"index":"index","follow":"follow","max-snippet":"max-snippet:-1","max-image-preview":"max-image-preview:large","max-video-preview":"max-video-preview:-1"},"canonical":"https:\/\/evertonfc.cz\/index.php\/2024\/10\/19\/ipswich-town-everton-0-2\/","og_locale":"cs_CZ","og_type":"article","og_title":"Ipswich Town \u2013 Everton 0:2 - Official Czech &amp; Slovak Everton Supporters&#039; Club","og_description":"Toffees na p\u016fd\u011b nov\u00e1\u010dka potvrdili stoupaj\u00edc\u00ed formu a d\u00edky prvn\u00ed venkovn\u00ed v\u00fdh\u0159e si p\u0159ipsali do tabulky t\u0159i body. Celkem jich maj\u00ed osm, p\u0159i\u010dem\u017e v\u0161echny nasb\u00edrali v posledn\u00edch \u010dty\u0159ech kolech.","og_url":"https:\/\/evertonfc.cz\/index.php\/2024\/10\/19\/ipswich-town-everton-0-2\/","og_site_name":"Official Czech &amp; Slovak Everton Supporters&#039; Club","article_publisher":"https:\/\/www.facebook.com\/everton.fans.cz.sk","article_published_time":"2024-10-19T16:19:19+00:00","article_modified_time":"2024-10-19T16:52:35+00:00","og_image":[{"width":720,"height":405,"url":"https:\/\/evertonfc.cz\/wp-content\/uploads\/2024\/10\/ndiyae_19_10_2024.jpg","type":"image\/jpeg"}],"author":"Ri\u010di","twitter_card":"summary_large_image","twitter_creator":"@rbrejsa","twitter_misc":{"Napsal(a)":"Ri\u010di","Odhadovan\u00e1 doba \u010dten\u00ed":"4 minuty"},"schema":{"@context":"https:\/\/schema.org","@graph":[{"@type":"Article","@id":"https:\/\/evertonfc.cz\/index.php\/2024\/10\/19\/ipswich-town-everton-0-2\/#article","isPartOf":{"@id":"https:\/\/evertonfc.cz\/index.php\/2024\/10\/19\/ipswich-town-everton-0-2\/"},"author":{"name":"Ri\u010di","@id":"https:\/\/evertonfc.cz\/#\/schema\/person\/f7a5daedb2ffee98480bc70e191aaef1"},"headline":"Ipswich Town \u2013 Everton 0:2","datePublished":"2024-10-19T16:19:19+00:00","dateModified":"2024-10-19T16:52:35+00:00","mainEntityOfPage":{"@id":"https:\/\/evertonfc.cz\/index.php\/2024\/10\/19\/ipswich-town-everton-0-2\/"},"wordCount":774,"commentCount":19,"publisher":{"@id":"https:\/\/evertonfc.cz\/#organization"},"image":{"@id":"https:\/\/evertonfc.cz\/index.php\/2024\/10\/19\/ipswich-town-everton-0-2\/#primaryimage"},"thumbnailUrl":"https:\/\/evertonfc.cz\/wp-content\/uploads\/2024\/10\/ndiyae_19_10_2024.jpg","articleSection":["Z\u00e1pasy"],"inLanguage":"cs","potentialAction":[{"@type":"CommentAction","name":"Comment","target":["https:\/\/evertonfc.cz\/index.php\/2024\/10\/19\/ipswich-town-everton-0-2\/#respond"]}]},{"@type":"WebPage","@id":"https:\/\/evertonfc.cz\/index.php\/2024\/10\/19\/ipswich-town-everton-0-2\/","url":"https:\/\/evertonfc.cz\/index.php\/2024\/10\/19\/ipswich-town-everton-0-2\/","name":"Ipswich Town \u2013 Everton 0:2 - Official Czech &amp; Slovak Everton Supporters&#039; Club","isPartOf":{"@id":"https:\/\/evertonfc.cz\/#website"},"primaryImageOfPage":{"@id":"https:\/\/evertonfc.cz\/index.php\/2024\/10\/19\/ipswich-town-everton-0-2\/#primaryimage"},"image":{"@id":"https:\/\/evertonfc.cz\/index.php\/2024\/10\/19\/ipswich-town-everton-0-2\/#primaryimage"},"thumbnailUrl":"https:\/\/evertonfc.cz\/wp-content\/uploads\/2024\/10\/ndiyae_19_10_2024.jpg","datePublished":"2024-10-19T16:19:19+00:00","dateModified":"2024-10-19T16:52:35+00:00","breadcrumb":{"@id":"https:\/\/evertonfc.cz\/index.php\/2024\/10\/19\/ipswich-town-everton-0-2\/#breadcrumb"},"inLanguage":"cs","potentialAction":[{"@type":"ReadAction","target":["https:\/\/evertonfc.cz\/index.php\/2024\/10\/19\/ipswich-town-everton-0-2\/"]}]},{"@type":"ImageObject","inLanguage":"cs","@id":"https:\/\/evertonfc.cz\/index.php\/2024\/10\/19\/ipswich-town-everton-0-2\/#primaryimage","url":"https:\/\/evertonfc.cz\/wp-content\/uploads\/2024\/10\/ndiyae_19_10_2024.jpg","contentUrl":"https:\/\/evertonfc.cz\/wp-content\/uploads\/2024\/10\/ndiyae_19_10_2024.jpg","width":720,"height":405},{"@type":"BreadcrumbList","@id":"https:\/\/evertonfc.cz\/index.php\/2024\/10\/19\/ipswich-town-everton-0-2\/#breadcrumb","itemListElement":[{"@type":"ListItem","position":1,"name":"Home","item":"https:\/\/evertonfc.cz\/"},{"@type":"ListItem","position":2,"name":"Ipswich Town \u2013 Everton 0:2"}]},{"@type":"WebSite","@id":"https:\/\/evertonfc.cz\/#website","url":"https:\/\/evertonfc.cz\/","name":"Official Czech &amp; Slovak Everton Supporters&#039; Club","description":"","publisher":{"@id":"https:\/\/evertonfc.cz\/#organization"},"potentialAction":[{"@type":"SearchAction","target":{"@type":"EntryPoint","urlTemplate":"https:\/\/evertonfc.cz\/?s={search_term_string}"},"query-input":{"@type":"PropertyValueSpecification","valueRequired":true,"valueName":"search_term_string"}}],"inLanguage":"cs"},{"@type":"Organization","@id":"https:\/\/evertonfc.cz\/#organization","name":"Official Czech & Slovak Everton Supporters' Club","url":"https:\/\/evertonfc.cz\/","logo":{"@type":"ImageObject","inLanguage":"cs","@id":"https:\/\/evertonfc.cz\/#\/schema\/logo\/image\/","url":"https:\/\/evertonfc.cz\/wp-content\/uploads\/2019\/05\/logo.png","contentUrl":"https:\/\/evertonfc.cz\/wp-content\/uploads\/2019\/05\/logo.png","width":112,"height":112,"caption":"Official Czech & Slovak Everton Supporters' Club"},"image":{"@id":"https:\/\/evertonfc.cz\/#\/schema\/logo\/image\/"},"sameAs":["https:\/\/www.facebook.com\/everton.fans.cz.sk"]},{"@type":"Person","@id":"https:\/\/evertonfc.cz\/#\/schema\/person\/f7a5daedb2ffee98480bc70e191aaef1","name":"Ri\u010di","sameAs":["https:\/\/x.com\/rbrejsa"],"url":"https:\/\/evertonfc.cz\/index.php\/author\/rici\/"}]}},"_links":{"self":[{"href":"https:\/\/evertonfc.cz\/index.php\/wp-json\/wp\/v2\/posts\/25483"}],"collection":[{"href":"https:\/\/evertonfc.cz\/index.php\/wp-json\/wp\/v2\/posts"}],"about":[{"href":"https:\/\/evertonfc.cz\/index.php\/wp-json\/wp\/v2\/types\/post"}],"author":[{"embeddable":true,"href":"https:\/\/evertonfc.cz\/index.php\/wp-json\/wp\/v2\/users\/6"}],"replies":[{"embeddable":true,"href":"https:\/\/evertonfc.cz\/index.php\/wp-json\/wp\/v2\/comments?post=25483"}],"version-history":[{"count":9,"href":"https:\/\/evertonfc.cz\/index.php\/wp-json\/wp\/v2\/posts\/25483\/revisions"}],"predecessor-version":[{"id":25495,"href":"https:\/\/evertonfc.cz\/index.php\/wp-json\/wp\/v2\/posts\/25483\/revisions\/25495"}],"wp:featuredmedia":[{"embeddable":true,"href":"https:\/\/evertonfc.cz\/index.php\/wp-json\/wp\/v2\/media\/25487"}],"wp:attachment":[{"href":"https:\/\/evertonfc.cz\/index.php\/wp-json\/wp\/v2\/media?parent=25483"}],"wp:term":[{"taxonomy":"category","embeddable":true,"href":"https:\/\/evertonfc.cz\/index.php\/wp-json\/wp\/v2\/categories?post=25483"},{"taxonomy":"post_tag","embeddable":true,"href":"https:\/\/evertonfc.cz\/index.php\/wp-json\/wp\/v2\/tags?post=25483"}],"curies":[{"name":"wp","href":"https:\/\/api.w.org\/{rel}","templated":true}]}}