{"id":25496,"date":"2024-10-23T21:43:48","date_gmt":"2024-10-23T19:43:48","guid":{"rendered":"https:\/\/evertonfc.cz\/?p=25496"},"modified":"2024-10-25T10:54:33","modified_gmt":"2024-10-25T08:54:33","slug":"leicester-w-everton-w-10","status":"publish","type":"post","link":"https:\/\/evertonfc.cz\/index.php\/2024\/10\/23\/leicester-w-everton-w-10\/","title":{"rendered":"Leicester W &#8211; Everton W 1:0"},"content":{"rendered":"<h4>K li\u0161k\u00e1m jsme si p\u0159ijeli pro body a kone\u010dn\u011b i pro n\u011bjak\u00fd ten leto\u0161n\u00ed g\u00f3l ze hry pro na\u0161e barvy. Nedos\u00e1hli jsme ani jednoho a po z\u00e1sluze jsme t\u00e9m\u011b\u0159 na chvostu tabulky.<\/h4>\n<p>Leicesteru se letos zat\u00edm (podobn\u011b jako n\u00e1m)p\u0159\u00edli\u0161 neda\u0159\u00ed. Nicm\u00e9n\u011b n\u00e1\u0161 v\u00fdkon proti Arsenalu a pom\u011brn\u011b vyrovnan\u00fd z\u00e1pas s MUTD i rem\u00edza s Hammers n\u00e1s oprav\u0148ovaly k m\u00edrn\u00e9mu optimizmu. Po\u010det zran\u011bn\u00fdch v na\u0161em zle zdecimovan\u00e9m t\u00fdmu se od minula nezv\u00fd\u0161il, tak\u017ee sestava z\u016fstala stejn\u00e1. Pouze Sarri si prohodila startovn\u00ed pozici s Bissell a nastoupila od za\u010d\u00e1tku z\u00e1pasu. Je\u0161t\u011b nahodit baseballov\u00e9 dresy a mohlo se j\u00edt na v\u011bc.<\/p>\n<h4>Za\u010d\u00e1tek dobr\u00fd, ale ne zas moc<\/h4>\n<p>Prvn\u00edch p\u011bt minut to vypadalo, \u017ee p\u0159i sledov\u00e1n\u00ed z\u00e1pasu nedostanu \u017ealude\u010dn\u00ed v\u0159edy a je\u0161t\u011b si v klidu vypiju kafe. Na dom\u00e1c\u00ed jsme se vrhli velmi sebev\u011bdom\u011b. Payne a Hayashi zp\u016fsobili slu\u0161n\u00fd rozruch ve v\u00e1pn\u011b dom\u00e1c\u00edch. Bohu\u017eel Snoeijs na p\u0159ihr\u00e1vku Payne nedos\u00e1hla a st\u0159ela Hayashi byla z t\u011bch m\u00e9n\u011b d\u016frazn\u00fdch. Ale zuby jsme uk\u00e1zali. Ov\u0161em kr\u00e1tce pot\u00e9, v 8. minut\u011b si Momiki pohr\u00e1la s na\u0161\u00ed obranou, jeslemi p\u0159ekonala Vanhaevermet a Hope j\u00ed u\u017e ve st\u0159ele zabr\u00e1nit nedok\u00e1zala &#8211; <strong>1:0<\/strong>. Snoeijs a Finnigan mohly vz\u00e1p\u011bt\u00ed vr\u00e1tit \u00fader, ale p\u0159ekonat Leitzig v brance Leicesteru se jim nepoda\u0159ilo.<\/p>\n<h4>Dlouh\u00e1 a marn\u00e1 snaha<\/h4>\n<p>A t\u00edm odstartovalo na\u0161e tr\u00e1pen\u00ed. D\u00edky trojici Wheeler, Sara Holmgaard a Hayashi jsme si vybudovali slu\u0161nou p\u0159evahu ve st\u0159edu h\u0159i\u0161t\u011b. Prakticky v\u0161echny na\u0161e pokusy ale kon\u010dily na hranici v\u00e1pna, do t\u011bsn\u011bj\u0161\u00ed bl\u00edzkosti dom\u00e1c\u00ed branky jsme se prob\u00edt nedok\u00e1zali. Urputn\u00e1 snaha Snoeijs o vyrovn\u00e1n\u00ed a zaknihov\u00e1n\u00ed jej\u00edho prvn\u00edho leto\u0161n\u00edho g\u00f3lu troskotala zejm\u00e9na na nep\u0159esnosti a na dob\u0159e hraj\u00edc\u00ed Leitzig. Vanhaevermaet mohla od\u010dinit sv\u00e9 zav\u00e1h\u00e1n\u00ed a hlavou vyrovnat. Branku v\u0161ak sice velmi t\u011bsn\u011b, ale p\u0159eci jen minulula.<\/p>\n<p>P\u0159\u00edchodem Toni Payne se n\u00e1\u0161 tlak d\u00e1le zv\u00fd\u0161il, ale krom\u011b nep\u0159esn\u00fdch pokus\u016f Sarri jsme z n\u011bj nic vyk\u0159esat nedok\u00e1zali. Dos\u00e1hli jsme 67% dr\u017een\u00ed m\u00ed\u010de, ale jen dvou st\u0159el na br\u00e1nu. Nav\u00edc to byly st\u0159ely nevaln\u00e9 kvality. S t\u00edm se z\u00e1pas vyhraje jen t\u011b\u017eko. Leicester m\u011bl m\u00ed\u010d na kopa\u010dk\u00e1ch sotva polovinu \u010dasu, ale p\u0159esto jeho hr\u00e1\u010dky m\u011bly vice dotek\u016f s m\u00ed\u010dem v na\u0161em v\u00e1pn\u011b, ne\u017e mi v jejich. Foxes nav\u00edc mohly z nenad\u00e1l\u00fdch proti\u00fatok\u016f sv\u016fj n\u00e1skok je\u0161t\u011b zv\u00fd\u0161it: na\u0161t\u011bst\u00ed pokusy Momiki a Ale zlikvidovala Brosnan.<\/p>\n<h4>S\u00f8rensen out?<\/h4>\n<p>Mana\u017eer po z\u00e1pase neskr\u00fdval sv\u00e9 znechucen\u00ed : &#8222;Hr\u00e1\u010dk\u00e1m se dnes da\u0159ilo \u00fapln\u011b v\u0161echno, krom\u011b dostat m\u00ed\u010d do branky.&#8220; Bohu\u017eel to je ji\u017e n\u011bkolik\u00e1t\u00fd z\u00e1pas v \u0159ad\u011b a jde jen o prodlou\u017een\u00ed chronick\u00e9ho probl\u00e9mu z minul\u00e9 sez\u00f3ny. Mezi fanou\u0161ky s\u00edl\u00ed hlasy po odvol\u00e1n\u00ed na\u0161eho d\u00e1nsk\u00e9ho lodivoda. Vy\u010d\u00edt\u00e1 se mu nedostate\u010dn\u00e1 \u0161\u00ed\u0159e k\u00e1dru, neschopnost zm\u011bnit taktiku, i neschopnost naj\u00edt n\u00e1hradu za minul\u00fd rok odejdiv\u0161\u00ed na\u0161e nejlep\u0161\u00ed hr\u00e1\u010dky Geroge a Bj\u00f6rn.<\/p>\n<h4>Nemysl\u00edm si<\/h4>\n<p>Mysl\u00edm, \u017ee tato kritika pad\u00e1 na \u0161patnou hlavu. Odhaduji, \u017ee to nen\u00ed S\u00f8rensen, kdo zp\u016fsobil n\u00e1\u0161 velmi napjat\u00fd rozpo\u010det. Ano, v \u017eensk\u00e9m fotbale jsou p\u0159estupov\u00e9 \u010d\u00e1stky v podstat\u011b hal\u00ed\u0159ov\u00e9 oproti mu\u017esk\u00fdm t\u00fdm\u016fm, ale platit se stejn\u011b mus\u00ed.\u00a0 Nahradit Geroge a Bj\u00f6rn se nepoda\u0159ilo. Ob\u011b obr\u00e1nkyn\u011b n\u00e1m citeln\u011b chyb\u00ed a bylo to vid\u011bt u\u017e loni. Ale je to opravdu S\u00f8rensen, kdo v p\u0159iveden\u00ed adekv\u00e1tn\u00edch posil neusp\u011bl?<\/p>\n<p>Zran\u011bn\u00ed Gabarro a Galli hned zkraje sez\u00f3ny n\u00e1s t\u011b\u017ece oslabilo. A taktika se m\u011bn\u00ed jen velmi t\u011b\u017eko, pokud m\u00e1te sotva hr\u00e1\u010dky na sestaven\u00ed z\u00e1kladn\u00ed jeden\u00e1ctky. M\u016fj dojem je, \u017ee se S\u00f8rensen sna\u017e\u00ed d\u011blat co jde. Za\u010dal budovat mlad\u00fd t\u00fdm s viz\u00ed \u00fasp\u011bchu v budoucnosti, co\u017e je sympatick\u00e9. T\u00fdm u\u017e nen\u00ed tak mlad\u00fd v r\u00e1mci WSL, jako byl p\u0159ed dv\u011bma lety a \u00fasp\u011bchy se zat\u00edm nedostavily. N\u011bco se mus\u00ed zm\u011bnit v hlav\u00e1ch samotn\u00fdch hr\u00e1\u010dek, pokud m\u00e1me hr\u00e1t v klidn\u00e9m \u0161ir\u0161\u00edm st\u0159edu tabulky, kam bychom m\u011bli dle pap\u00edrov\u00fdch p\u0159edpoklad\u016f pat\u0159it.\u00a0 T\u011b\u017eko \u0159\u00edct, zda se to povede u\u017e v p\u0159\u00ed\u0161t\u00edm kole. Proto\u017ee p\u0159\u00ed\u0161t\u011b (3.11.) n\u00e1s \u010dek\u00e1 Chelsea. <strong><span style=\"color: #0000ff;\">COYBG!<\/span><\/strong><\/p>\n<p style=\"text-align: right;\"><span style=\"font-size: 8pt;\"><em>Fotografie: Finnigan br\u00e1n\u00ed (zdroj: Getty Images via https:\/\/royalbluemersey.sbnation.com)<\/em><\/span><\/p>\n<p><strong>G\u00f3ly: <\/strong>Momiki (8\u00b4)\u00a0 <strong>\u017dK:<\/strong> Momiki &#8211; S. Holmgaard<\/p>\n<p><strong>Foxes (4-1-4-1):\u00a0<\/strong>Leitzig; Bott, <span class=\"visually-hidden ssrcss-1f39n02-VisuallyHidden e16en2lz0\">Howard, <\/span><span class=\"visually-hidden ssrcss-1f39n02-VisuallyHidden e16en2lz0\">Kees, <\/span><span class=\"visually-hidden ssrcss-1f39n02-VisuallyHidden e16en2lz0\">Nevin; Takarada (Thibaud 65&#8242;); <\/span>Chossenotte (Cain 65&#8242;), Tierney, Momiki, Rose (Ale 77&#8242;); Mace (Cayman 54&#8242;)<\/p>\n<p><strong>Toffees (4-2-3-1):\u00a0<\/strong>Brosnan; Hope,\u00a0<span class=\"visually-hidden ssrcss-1f39n02-VisuallyHidden e16en2lz0\">Vanhaevermaet, <\/span><span class=\"visually-hidden ssrcss-1f39n02-VisuallyHidden e16en2lz0\">Finnigan, <\/span><span class=\"visually-hidden ssrcss-1f39n02-VisuallyHidden e16en2lz0\"> Sara Holmgaard; Hayashi, Wheeler; <\/span>Heather Payne (Toni Payne 46&#8242;), Olesen (Lawley 63&#8242;), <span class=\"visually-hidden ssrcss-1f39n02-VisuallyHidden e16en2lz0\">Sarri (Bissell 86&#8242;); <\/span>Snoeijs<\/p>\n<p><strong>Rozhod\u010d\u00ed:\u00a0<\/strong>Tom Nield\u00a0 <strong>Div\u00e1ci:<\/strong> 1 398 (King Power Stadium)<\/p>\n<p><iframe loading=\"lazy\" title=\"Full Match: Leicester City v Everton | Barclays WSL 2024-25\" width=\"1140\" height=\"641\" src=\"https:\/\/www.youtube.com\/embed\/hoNhXGDgMF8?feature=oembed\" frameborder=\"0\" allow=\"accelerometer; autoplay; clipboard-write; encrypted-media; gyroscope; picture-in-picture; web-share\" referrerpolicy=\"strict-origin-when-cross-origin\" allowfullscreen><\/iframe><\/p>\n","protected":false},"excerpt":{"rendered":"<p>K li\u0161k\u00e1m jsme si p\u0159ijeli pro body a kone\u010dn\u011b i pro n\u011bjak\u00fd ten leto\u0161n\u00ed g\u00f3l ze hry pro na\u0161e barvy. Nedos\u00e1hli jsme ani jednoho a po z\u00e1sluze jsme t\u00e9m\u011b\u0159 na chvostu tabulky.\u00a0<\/p>\n","protected":false},"author":26,"featured_media":25506,"comment_status":"open","ping_status":"closed","sticky":false,"template":"","format":"standard","meta":{"_eb_attr":"","_monsterinsights_skip_tracking":false,"_monsterinsights_sitenote_active":false,"_monsterinsights_sitenote_note":"","_monsterinsights_sitenote_category":0,"footnotes":""},"categories":[110],"tags":[],"yoast_head":"<!-- This site is optimized with the Yoast SEO plugin v23.4 - https:\/\/yoast.com\/wordpress\/plugins\/seo\/ -->\n<title>Leicester W - Everton W 1:0 - Official Czech &amp; Slovak Everton Supporters&#039; Club<\/title>\n<meta name=\"robots\" content=\"index, follow, max-snippet:-1, max-image-preview:large, max-video-preview:-1\" \/>\n<link rel=\"canonical\" href=\"https:\/\/evertonfc.cz\/index.php\/2024\/10\/23\/leicester-w-everton-w-10\/\" \/>\n<meta property=\"og:locale\" content=\"cs_CZ\" \/>\n<meta property=\"og:type\" content=\"article\" \/>\n<meta property=\"og:title\" content=\"Leicester W - Everton W 1:0 - Official Czech &amp; Slovak Everton Supporters&#039; Club\" \/>\n<meta property=\"og:description\" content=\"K li\u0161k\u00e1m jsme si p\u0159ijeli pro body a kone\u010dn\u011b i pro n\u011bjak\u00fd ten leto\u0161n\u00ed g\u00f3l ze hry pro na\u0161e barvy. Nedos\u00e1hli jsme ani jednoho a po z\u00e1sluze jsme t\u00e9m\u011b\u0159 na chvostu tabulky.\u00a0\" \/>\n<meta property=\"og:url\" content=\"https:\/\/evertonfc.cz\/index.php\/2024\/10\/23\/leicester-w-everton-w-10\/\" \/>\n<meta property=\"og:site_name\" content=\"Official Czech &amp; Slovak Everton Supporters&#039; Club\" \/>\n<meta property=\"article:publisher\" content=\"https:\/\/www.facebook.com\/everton.fans.cz.sk\" \/>\n<meta property=\"article:published_time\" content=\"2024-10-23T19:43:48+00:00\" \/>\n<meta property=\"article:modified_time\" content=\"2024-10-25T08:54:33+00:00\" \/>\n<meta property=\"og:image\" content=\"https:\/\/evertonfc.cz\/wp-content\/uploads\/2024\/10\/Finnigan-vs-Leicester.jpg\" \/>\n\t<meta property=\"og:image:width\" content=\"720\" \/>\n\t<meta property=\"og:image:height\" content=\"405\" \/>\n\t<meta property=\"og:image:type\" content=\"image\/jpeg\" \/>\n<meta name=\"author\" content=\"Karamela\" \/>\n<meta name=\"twitter:card\" content=\"summary_large_image\" \/>\n<meta name=\"twitter:label1\" content=\"Napsal(a)\" \/>\n\t<meta name=\"twitter:data1\" content=\"Karamela\" \/>\n\t<meta name=\"twitter:label2\" content=\"Odhadovan\u00e1 doba \u010dten\u00ed\" \/>\n\t<meta name=\"twitter:data2\" content=\"4 minuty\" \/>\n<script type=\"application\/ld+json\" class=\"yoast-schema-graph\">{\"@context\":\"https:\/\/schema.org\",\"@graph\":[{\"@type\":\"Article\",\"@id\":\"https:\/\/evertonfc.cz\/index.php\/2024\/10\/23\/leicester-w-everton-w-10\/#article\",\"isPartOf\":{\"@id\":\"https:\/\/evertonfc.cz\/index.php\/2024\/10\/23\/leicester-w-everton-w-10\/\"},\"author\":{\"name\":\"Karamela\",\"@id\":\"https:\/\/evertonfc.cz\/#\/schema\/person\/e9a24a80a32efa1344dd2c4e5882185c\"},\"headline\":\"Leicester W &#8211; Everton W 1:0\",\"datePublished\":\"2024-10-23T19:43:48+00:00\",\"dateModified\":\"2024-10-25T08:54:33+00:00\",\"mainEntityOfPage\":{\"@id\":\"https:\/\/evertonfc.cz\/index.php\/2024\/10\/23\/leicester-w-everton-w-10\/\"},\"wordCount\":930,\"commentCount\":0,\"publisher\":{\"@id\":\"https:\/\/evertonfc.cz\/#organization\"},\"image\":{\"@id\":\"https:\/\/evertonfc.cz\/index.php\/2024\/10\/23\/leicester-w-everton-w-10\/#primaryimage\"},\"thumbnailUrl\":\"https:\/\/evertonfc.cz\/wp-content\/uploads\/2024\/10\/Finnigan-vs-Leicester.jpg\",\"articleSection\":[\"Everton Women\"],\"inLanguage\":\"cs\",\"potentialAction\":[{\"@type\":\"CommentAction\",\"name\":\"Comment\",\"target\":[\"https:\/\/evertonfc.cz\/index.php\/2024\/10\/23\/leicester-w-everton-w-10\/#respond\"]}]},{\"@type\":\"WebPage\",\"@id\":\"https:\/\/evertonfc.cz\/index.php\/2024\/10\/23\/leicester-w-everton-w-10\/\",\"url\":\"https:\/\/evertonfc.cz\/index.php\/2024\/10\/23\/leicester-w-everton-w-10\/\",\"name\":\"Leicester W - Everton W 1:0 - Official Czech &amp; Slovak Everton Supporters&#039; Club\",\"isPartOf\":{\"@id\":\"https:\/\/evertonfc.cz\/#website\"},\"primaryImageOfPage\":{\"@id\":\"https:\/\/evertonfc.cz\/index.php\/2024\/10\/23\/leicester-w-everton-w-10\/#primaryimage\"},\"image\":{\"@id\":\"https:\/\/evertonfc.cz\/index.php\/2024\/10\/23\/leicester-w-everton-w-10\/#primaryimage\"},\"thumbnailUrl\":\"https:\/\/evertonfc.cz\/wp-content\/uploads\/2024\/10\/Finnigan-vs-Leicester.jpg\",\"datePublished\":\"2024-10-23T19:43:48+00:00\",\"dateModified\":\"2024-10-25T08:54:33+00:00\",\"breadcrumb\":{\"@id\":\"https:\/\/evertonfc.cz\/index.php\/2024\/10\/23\/leicester-w-everton-w-10\/#breadcrumb\"},\"inLanguage\":\"cs\",\"potentialAction\":[{\"@type\":\"ReadAction\",\"target\":[\"https:\/\/evertonfc.cz\/index.php\/2024\/10\/23\/leicester-w-everton-w-10\/\"]}]},{\"@type\":\"ImageObject\",\"inLanguage\":\"cs\",\"@id\":\"https:\/\/evertonfc.cz\/index.php\/2024\/10\/23\/leicester-w-everton-w-10\/#primaryimage\",\"url\":\"https:\/\/evertonfc.cz\/wp-content\/uploads\/2024\/10\/Finnigan-vs-Leicester.jpg\",\"contentUrl\":\"https:\/\/evertonfc.cz\/wp-content\/uploads\/2024\/10\/Finnigan-vs-Leicester.jpg\",\"width\":720,\"height\":405},{\"@type\":\"BreadcrumbList\",\"@id\":\"https:\/\/evertonfc.cz\/index.php\/2024\/10\/23\/leicester-w-everton-w-10\/#breadcrumb\",\"itemListElement\":[{\"@type\":\"ListItem\",\"position\":1,\"name\":\"Home\",\"item\":\"https:\/\/evertonfc.cz\/\"},{\"@type\":\"ListItem\",\"position\":2,\"name\":\"Leicester W &#8211; Everton W 1:0\"}]},{\"@type\":\"WebSite\",\"@id\":\"https:\/\/evertonfc.cz\/#website\",\"url\":\"https:\/\/evertonfc.cz\/\",\"name\":\"Official Czech &amp; Slovak Everton Supporters&#039; Club\",\"description\":\"\",\"publisher\":{\"@id\":\"https:\/\/evertonfc.cz\/#organization\"},\"potentialAction\":[{\"@type\":\"SearchAction\",\"target\":{\"@type\":\"EntryPoint\",\"urlTemplate\":\"https:\/\/evertonfc.cz\/?s={search_term_string}\"},\"query-input\":{\"@type\":\"PropertyValueSpecification\",\"valueRequired\":true,\"valueName\":\"search_term_string\"}}],\"inLanguage\":\"cs\"},{\"@type\":\"Organization\",\"@id\":\"https:\/\/evertonfc.cz\/#organization\",\"name\":\"Official Czech & Slovak Everton Supporters' Club\",\"url\":\"https:\/\/evertonfc.cz\/\",\"logo\":{\"@type\":\"ImageObject\",\"inLanguage\":\"cs\",\"@id\":\"https:\/\/evertonfc.cz\/#\/schema\/logo\/image\/\",\"url\":\"https:\/\/evertonfc.cz\/wp-content\/uploads\/2019\/05\/logo.png\",\"contentUrl\":\"https:\/\/evertonfc.cz\/wp-content\/uploads\/2019\/05\/logo.png\",\"width\":112,\"height\":112,\"caption\":\"Official Czech & Slovak Everton Supporters' Club\"},\"image\":{\"@id\":\"https:\/\/evertonfc.cz\/#\/schema\/logo\/image\/\"},\"sameAs\":[\"https:\/\/www.facebook.com\/everton.fans.cz.sk\"]},{\"@type\":\"Person\",\"@id\":\"https:\/\/evertonfc.cz\/#\/schema\/person\/e9a24a80a32efa1344dd2c4e5882185c\",\"name\":\"Karamela\",\"url\":\"https:\/\/evertonfc.cz\/index.php\/author\/karamela\/\"}]}<\/script>\n<!-- \/ Yoast SEO plugin. -->","yoast_head_json":{"title":"Leicester W - Everton W 1:0 - Official Czech &amp; Slovak Everton Supporters&#039; Club","robots":{"index":"index","follow":"follow","max-snippet":"max-snippet:-1","max-image-preview":"max-image-preview:large","max-video-preview":"max-video-preview:-1"},"canonical":"https:\/\/evertonfc.cz\/index.php\/2024\/10\/23\/leicester-w-everton-w-10\/","og_locale":"cs_CZ","og_type":"article","og_title":"Leicester W - Everton W 1:0 - Official Czech &amp; Slovak Everton Supporters&#039; Club","og_description":"K li\u0161k\u00e1m jsme si p\u0159ijeli pro body a kone\u010dn\u011b i pro n\u011bjak\u00fd ten leto\u0161n\u00ed g\u00f3l ze hry pro na\u0161e barvy. Nedos\u00e1hli jsme ani jednoho a po z\u00e1sluze jsme t\u00e9m\u011b\u0159 na chvostu tabulky.\u00a0","og_url":"https:\/\/evertonfc.cz\/index.php\/2024\/10\/23\/leicester-w-everton-w-10\/","og_site_name":"Official Czech &amp; Slovak Everton Supporters&#039; Club","article_publisher":"https:\/\/www.facebook.com\/everton.fans.cz.sk","article_published_time":"2024-10-23T19:43:48+00:00","article_modified_time":"2024-10-25T08:54:33+00:00","og_image":[{"width":720,"height":405,"url":"https:\/\/evertonfc.cz\/wp-content\/uploads\/2024\/10\/Finnigan-vs-Leicester.jpg","type":"image\/jpeg"}],"author":"Karamela","twitter_card":"summary_large_image","twitter_misc":{"Napsal(a)":"Karamela","Odhadovan\u00e1 doba \u010dten\u00ed":"4 minuty"},"schema":{"@context":"https:\/\/schema.org","@graph":[{"@type":"Article","@id":"https:\/\/evertonfc.cz\/index.php\/2024\/10\/23\/leicester-w-everton-w-10\/#article","isPartOf":{"@id":"https:\/\/evertonfc.cz\/index.php\/2024\/10\/23\/leicester-w-everton-w-10\/"},"author":{"name":"Karamela","@id":"https:\/\/evertonfc.cz\/#\/schema\/person\/e9a24a80a32efa1344dd2c4e5882185c"},"headline":"Leicester W &#8211; Everton W 1:0","datePublished":"2024-10-23T19:43:48+00:00","dateModified":"2024-10-25T08:54:33+00:00","mainEntityOfPage":{"@id":"https:\/\/evertonfc.cz\/index.php\/2024\/10\/23\/leicester-w-everton-w-10\/"},"wordCount":930,"commentCount":0,"publisher":{"@id":"https:\/\/evertonfc.cz\/#organization"},"image":{"@id":"https:\/\/evertonfc.cz\/index.php\/2024\/10\/23\/leicester-w-everton-w-10\/#primaryimage"},"thumbnailUrl":"https:\/\/evertonfc.cz\/wp-content\/uploads\/2024\/10\/Finnigan-vs-Leicester.jpg","articleSection":["Everton Women"],"inLanguage":"cs","potentialAction":[{"@type":"CommentAction","name":"Comment","target":["https:\/\/evertonfc.cz\/index.php\/2024\/10\/23\/leicester-w-everton-w-10\/#respond"]}]},{"@type":"WebPage","@id":"https:\/\/evertonfc.cz\/index.php\/2024\/10\/23\/leicester-w-everton-w-10\/","url":"https:\/\/evertonfc.cz\/index.php\/2024\/10\/23\/leicester-w-everton-w-10\/","name":"Leicester W - Everton W 1:0 - Official Czech &amp; Slovak Everton Supporters&#039; Club","isPartOf":{"@id":"https:\/\/evertonfc.cz\/#website"},"primaryImageOfPage":{"@id":"https:\/\/evertonfc.cz\/index.php\/2024\/10\/23\/leicester-w-everton-w-10\/#primaryimage"},"image":{"@id":"https:\/\/evertonfc.cz\/index.php\/2024\/10\/23\/leicester-w-everton-w-10\/#primaryimage"},"thumbnailUrl":"https:\/\/evertonfc.cz\/wp-content\/uploads\/2024\/10\/Finnigan-vs-Leicester.jpg","datePublished":"2024-10-23T19:43:48+00:00","dateModified":"2024-10-25T08:54:33+00:00","breadcrumb":{"@id":"https:\/\/evertonfc.cz\/index.php\/2024\/10\/23\/leicester-w-everton-w-10\/#breadcrumb"},"inLanguage":"cs","potentialAction":[{"@type":"ReadAction","target":["https:\/\/evertonfc.cz\/index.php\/2024\/10\/23\/leicester-w-everton-w-10\/"]}]},{"@type":"ImageObject","inLanguage":"cs","@id":"https:\/\/evertonfc.cz\/index.php\/2024\/10\/23\/leicester-w-everton-w-10\/#primaryimage","url":"https:\/\/evertonfc.cz\/wp-content\/uploads\/2024\/10\/Finnigan-vs-Leicester.jpg","contentUrl":"https:\/\/evertonfc.cz\/wp-content\/uploads\/2024\/10\/Finnigan-vs-Leicester.jpg","width":720,"height":405},{"@type":"BreadcrumbList","@id":"https:\/\/evertonfc.cz\/index.php\/2024\/10\/23\/leicester-w-everton-w-10\/#breadcrumb","itemListElement":[{"@type":"ListItem","position":1,"name":"Home","item":"https:\/\/evertonfc.cz\/"},{"@type":"ListItem","position":2,"name":"Leicester W &#8211; Everton W 1:0"}]},{"@type":"WebSite","@id":"https:\/\/evertonfc.cz\/#website","url":"https:\/\/evertonfc.cz\/","name":"Official Czech &amp; Slovak Everton Supporters&#039; Club","description":"","publisher":{"@id":"https:\/\/evertonfc.cz\/#organization"},"potentialAction":[{"@type":"SearchAction","target":{"@type":"EntryPoint","urlTemplate":"https:\/\/evertonfc.cz\/?s={search_term_string}"},"query-input":{"@type":"PropertyValueSpecification","valueRequired":true,"valueName":"search_term_string"}}],"inLanguage":"cs"},{"@type":"Organization","@id":"https:\/\/evertonfc.cz\/#organization","name":"Official Czech & Slovak Everton Supporters' Club","url":"https:\/\/evertonfc.cz\/","logo":{"@type":"ImageObject","inLanguage":"cs","@id":"https:\/\/evertonfc.cz\/#\/schema\/logo\/image\/","url":"https:\/\/evertonfc.cz\/wp-content\/uploads\/2019\/05\/logo.png","contentUrl":"https:\/\/evertonfc.cz\/wp-content\/uploads\/2019\/05\/logo.png","width":112,"height":112,"caption":"Official Czech & Slovak Everton Supporters' Club"},"image":{"@id":"https:\/\/evertonfc.cz\/#\/schema\/logo\/image\/"},"sameAs":["https:\/\/www.facebook.com\/everton.fans.cz.sk"]},{"@type":"Person","@id":"https:\/\/evertonfc.cz\/#\/schema\/person\/e9a24a80a32efa1344dd2c4e5882185c","name":"Karamela","url":"https:\/\/evertonfc.cz\/index.php\/author\/karamela\/"}]}},"_links":{"self":[{"href":"https:\/\/evertonfc.cz\/index.php\/wp-json\/wp\/v2\/posts\/25496"}],"collection":[{"href":"https:\/\/evertonfc.cz\/index.php\/wp-json\/wp\/v2\/posts"}],"about":[{"href":"https:\/\/evertonfc.cz\/index.php\/wp-json\/wp\/v2\/types\/post"}],"author":[{"embeddable":true,"href":"https:\/\/evertonfc.cz\/index.php\/wp-json\/wp\/v2\/users\/26"}],"replies":[{"embeddable":true,"href":"https:\/\/evertonfc.cz\/index.php\/wp-json\/wp\/v2\/comments?post=25496"}],"version-history":[{"count":5,"href":"https:\/\/evertonfc.cz\/index.php\/wp-json\/wp\/v2\/posts\/25496\/revisions"}],"predecessor-version":[{"id":25509,"href":"https:\/\/evertonfc.cz\/index.php\/wp-json\/wp\/v2\/posts\/25496\/revisions\/25509"}],"wp:featuredmedia":[{"embeddable":true,"href":"https:\/\/evertonfc.cz\/index.php\/wp-json\/wp\/v2\/media\/25506"}],"wp:attachment":[{"href":"https:\/\/evertonfc.cz\/index.php\/wp-json\/wp\/v2\/media?parent=25496"}],"wp:term":[{"taxonomy":"category","embeddable":true,"href":"https:\/\/evertonfc.cz\/index.php\/wp-json\/wp\/v2\/categories?post=25496"},{"taxonomy":"post_tag","embeddable":true,"href":"https:\/\/evertonfc.cz\/index.php\/wp-json\/wp\/v2\/tags?post=25496"}],"curies":[{"name":"wp","href":"https:\/\/api.w.org\/{rel}","templated":true}]}}