{"id":25516,"date":"2024-10-26T13:55:56","date_gmt":"2024-10-26T11:55:56","guid":{"rendered":"https:\/\/evertonfc.cz\/?p=25516"},"modified":"2024-10-26T14:32:37","modified_gmt":"2024-10-26T12:32:37","slug":"preview-everton-fulham-11","status":"publish","type":"post","link":"https:\/\/evertonfc.cz\/index.php\/2024\/10\/26\/preview-everton-fulham-11\/","title":{"rendered":"Preview: Everton \u2013 Fulham"},"content":{"rendered":"<h4>V abeced\u011b jsme bl\u00edzko, v celkov\u00e9 hodnot\u011b hr\u00e1\u010d\u016f jsme vedle sebe. V tabulce nejsme vedle sebe, ale rozd\u00edl jsou jen 3 body. Najdou Dyche a spol. recept, jak prolomit s\u00e9rii 3 dom\u00e1c\u00edch proher proti Cottagers?<\/h4>\n<p>11 branek vst\u0159eleno, 11 branek inkasov\u00e1no, bod\u016f 11. Marco Silva u\u017e 3 roky a 3 m\u011bs\u00edce \u0161\u00e9fuje na Craven Cottage, dok\u00e1zal zbavit klub jojo n\u00e1lepky (a to od n\u00e1s koupili Iwobiho). Jen\u017ee my jsme tenkr\u00e1t cht\u011bli v\u00edc. Ale to u\u017e je pry\u010d.<\/p>\n<p>Jeho bilance s Fulhamem je ale obdivuhodn\u00e1. Postavil t\u00fdm, kter\u00fd tr\u00e1p\u00ed soupe\u0159e na hr\u00e1\u010d\u00edch, kte\u0159\u00ed se tr\u00e1pili ve sv\u00fdch klubech nebo pot\u0159ebovali zm\u011bnu. Smith-Rowe, Andersen, Berge nebo Ra\u00fal Jimen\u00e9z. Ten je headlinerem dne\u0161n\u00edho Fulhamu, hraje ve skv\u011bl\u00e9 form\u011b. P\u0159itom v z\u00e1kladn\u00ed XI letos nastoupil jen p\u011btkr\u00e1t, vst\u0159elil 4 branky a jednou nahr\u00e1val.<\/p>\n<p>Pro posledn\u00ed v\u00fdlet na Goodison budou postr\u00e1dat slu\u017eby vylou\u010den\u00e9ho Andersena, zran\u011bn\u00fdch Castagne a Luki\u010de, rozhodovat na posledn\u00ed chv\u00edli se bude o Carlosi Viniciovi a Cuencovi. Fulham jde do z\u00e1pasu po dvou por\u00e1\u017ek\u00e1ch s t\u00fdmy z Top 4.<\/p>\n<h4>Tarkyho nikdo neposad\u00ed<\/h4>\n<p>Keane se znovu od\u011bl st\u0159eleckou aureolou, posledn\u00ed z\u00e1pasy odehr\u00e1l v dobr\u00e9 pohod\u011b. Ale vrac\u00ed se uzdraven\u00fd Branthwaite, tak\u017ee Mick bude m\u00edt nejsp\u00ed\u0161 utrum. Na z\u00e1klad\u011b zku\u0161enost\u00ed se n\u00e1m to zd\u00e1 nezpochybniteln\u00e9. Ale se Seanem Dychem u kormidla bych si na to nevsadil. Nab\u00edzela by se tady je\u0161t\u011b varianta, ale ne to, to je \u00fapln\u00fd nesmysl. A to nemluv\u00edm o O\u2019Brienovi. To je \u00fapln\u00e1 fikce.<\/p>\n<p>V z\u00e1loze se nab\u00edzej\u00ed 2 zm\u011bny, ale Lindstr\u00f8m Harrisona neposad\u00ed, Mangala by Gueyeho mohl. Ten ale \u010dek\u00e1 na 200. z\u00e1pas v Premier League, kdo by mu ho cht\u011bl odep\u0159\u00edt? Chyb\u011bt budou Ireogbunam, Chermiti, Broja a Garner, co d\u011bl\u00e1 Patterson na tiskovce nezazn\u011blo, asi zat\u00edm sek\u00e1 tr\u00e1vn\u00edk <em>(no bodej\u0165, zazimov\u00e1n\u00ed se bl\u00ed\u017e\u00ed &#8211; pozn. redakce)<\/em>.<\/p>\n<h4>Bilance a zaj\u00edmavosti<\/h4>\n<p>Kdysi jsme u n\u00e1s m\u011bli Fulham r\u00e1di, ale to se obr\u00e1tilo. Celkov\u011b u\u017e 6 z\u00e1pas\u016f jsme nedok\u00e1zali vyhr\u00e1t. Na druhou stranu te\u010f m\u00e1me neporazitelnost a toho bych se dr\u017eel.<\/p>\n<p>Zaj\u00edmav\u00e1 v\u011bc \u2013 Fulham m\u011bl v\u00a0posledn\u00edch dvou sez\u00f3n\u00e1ch po osmi kolech stejnou bilanci jako letos. Dev\u00e1t\u00fd z\u00e1pas v\u00a0obou p\u0159\u00edpadech prohr\u00e1l. Tahle tradice by se m\u011bla zachovat.<\/p>\n<p>Ztr\u00e1cet body ve vyhran\u00fdch z\u00e1pasech je na\u0161e specialita, ale Fulham v posledn\u00edch 5 z\u00e1pasech vst\u0159elil v\u017edy prvn\u00ed branku, vyhr\u00e1l dva a dva prohr\u00e1l. Bylo by to zaj\u00edmav\u011bj\u0161\u00ed, kdybychom se mohli spolehnout, \u017ee to oto\u010d\u00edme. Tak\u017ee, prost\u00e1 v\u00fdhra bude sta\u010dit!<\/p>\n<p><strong>Co<\/strong>: Everton FC &#8211; Fulham FC, 9. kolo Premier League<br \/>\n<strong>Kdy<\/strong>: sobota 26. \u0159\u00edjna od 18:30 SE\u010c<br \/>\n<strong>Jak<\/strong>: hlavn\u00ed program od 18:25 na Canal + Sport, usly\u0161\u00edme Mat\u00fa\u0161e Luk\u00e1\u010de<br \/>\n<strong>Kde<\/strong>: Goodison Park \u2013 Goodison Rd, Liverpool L4 4EL (kapacita: 39 414)<br \/>\n<strong>Rozhod\u010d\u00ed<\/strong>: John Brooks\u00a0\u00a0<strong>Postrann\u00ed:<\/strong> Simon Bennett, Darren Cann\u00a0\u00a0<strong>\u010ctvrt\u00fd<\/strong> <strong>rozhod\u010d\u00ed<\/strong>: Leigh Doughty<br \/>\n<strong>VAR:<\/strong> Stuart Attwell\u00a0 <strong>Asistent<\/strong> <strong>VAR<\/strong>: Constantine Hatzidakis<\/p>\n","protected":false},"excerpt":{"rendered":"<p>V\u00a0abeced\u011b jsme bl\u00edzko, v\u00a0celkov\u00e9 hodnot\u011b hr\u00e1\u010d\u016f jsme vedle sebe. V\u00a0tabulce nejsme vedle sebe, ale rozd\u00edl jsou jen 3 body. Najdou Dyche a spol. recept, jak prolomit s\u00e9rii 3 dom\u00e1c\u00edch proher proti\u00a0Cottagers?<\/p>\n","protected":false},"author":10,"featured_media":14088,"comment_status":"open","ping_status":"closed","sticky":false,"template":"","format":"standard","meta":{"_eb_attr":"","_monsterinsights_skip_tracking":false,"_monsterinsights_sitenote_active":false,"_monsterinsights_sitenote_note":"","_monsterinsights_sitenote_category":0,"footnotes":""},"categories":[4],"tags":[],"yoast_head":"<!-- This site is optimized with the Yoast SEO plugin v23.4 - https:\/\/yoast.com\/wordpress\/plugins\/seo\/ -->\n<title>Preview: Everton \u2013 Fulham - Official Czech &amp; Slovak Everton Supporters&#039; Club<\/title>\n<meta name=\"robots\" content=\"index, follow, max-snippet:-1, max-image-preview:large, max-video-preview:-1\" \/>\n<link rel=\"canonical\" href=\"https:\/\/evertonfc.cz\/index.php\/2024\/10\/26\/preview-everton-fulham-11\/\" \/>\n<meta property=\"og:locale\" content=\"cs_CZ\" \/>\n<meta property=\"og:type\" content=\"article\" \/>\n<meta property=\"og:title\" content=\"Preview: Everton \u2013 Fulham - Official Czech &amp; Slovak Everton Supporters&#039; Club\" \/>\n<meta property=\"og:description\" content=\"V\u00a0abeced\u011b jsme bl\u00edzko, v\u00a0celkov\u00e9 hodnot\u011b hr\u00e1\u010d\u016f jsme vedle sebe. V\u00a0tabulce nejsme vedle sebe, ale rozd\u00edl jsou jen 3 body. Najdou Dyche a spol. recept, jak prolomit s\u00e9rii 3 dom\u00e1c\u00edch proher proti\u00a0Cottagers?\" \/>\n<meta property=\"og:url\" content=\"https:\/\/evertonfc.cz\/index.php\/2024\/10\/26\/preview-everton-fulham-11\/\" \/>\n<meta property=\"og:site_name\" content=\"Official Czech &amp; Slovak Everton Supporters&#039; Club\" \/>\n<meta property=\"article:publisher\" content=\"https:\/\/www.facebook.com\/everton.fans.cz.sk\" \/>\n<meta property=\"article:published_time\" content=\"2024-10-26T11:55:56+00:00\" \/>\n<meta property=\"article:modified_time\" content=\"2024-10-26T12:32:37+00:00\" \/>\n<meta property=\"og:image\" content=\"https:\/\/evertonfc.cz\/wp-content\/uploads\/2021\/02\/Everton-VS-Fulham-NIGHT.jpg\" \/>\n\t<meta property=\"og:image:width\" content=\"720\" \/>\n\t<meta property=\"og:image:height\" content=\"405\" \/>\n\t<meta property=\"og:image:type\" content=\"image\/jpeg\" \/>\n<meta name=\"author\" content=\"Fip\" \/>\n<meta name=\"twitter:card\" content=\"summary_large_image\" \/>\n<meta name=\"twitter:label1\" content=\"Napsal(a)\" \/>\n\t<meta name=\"twitter:data1\" content=\"Fip\" \/>\n\t<meta name=\"twitter:label2\" content=\"Odhadovan\u00e1 doba \u010dten\u00ed\" \/>\n\t<meta name=\"twitter:data2\" content=\"3 minuty\" \/>\n<script type=\"application\/ld+json\" class=\"yoast-schema-graph\">{\"@context\":\"https:\/\/schema.org\",\"@graph\":[{\"@type\":\"Article\",\"@id\":\"https:\/\/evertonfc.cz\/index.php\/2024\/10\/26\/preview-everton-fulham-11\/#article\",\"isPartOf\":{\"@id\":\"https:\/\/evertonfc.cz\/index.php\/2024\/10\/26\/preview-everton-fulham-11\/\"},\"author\":{\"name\":\"Fip\",\"@id\":\"https:\/\/evertonfc.cz\/#\/schema\/person\/35904009755e8eaa0dc1a5f5f0419002\"},\"headline\":\"Preview: Everton \u2013 Fulham\",\"datePublished\":\"2024-10-26T11:55:56+00:00\",\"dateModified\":\"2024-10-26T12:32:37+00:00\",\"mainEntityOfPage\":{\"@id\":\"https:\/\/evertonfc.cz\/index.php\/2024\/10\/26\/preview-everton-fulham-11\/\"},\"wordCount\":542,\"commentCount\":4,\"publisher\":{\"@id\":\"https:\/\/evertonfc.cz\/#organization\"},\"image\":{\"@id\":\"https:\/\/evertonfc.cz\/index.php\/2024\/10\/26\/preview-everton-fulham-11\/#primaryimage\"},\"thumbnailUrl\":\"https:\/\/evertonfc.cz\/wp-content\/uploads\/2021\/02\/Everton-VS-Fulham-NIGHT.jpg\",\"articleSection\":[\"Z\u00e1pasy\"],\"inLanguage\":\"cs\",\"potentialAction\":[{\"@type\":\"CommentAction\",\"name\":\"Comment\",\"target\":[\"https:\/\/evertonfc.cz\/index.php\/2024\/10\/26\/preview-everton-fulham-11\/#respond\"]}]},{\"@type\":\"WebPage\",\"@id\":\"https:\/\/evertonfc.cz\/index.php\/2024\/10\/26\/preview-everton-fulham-11\/\",\"url\":\"https:\/\/evertonfc.cz\/index.php\/2024\/10\/26\/preview-everton-fulham-11\/\",\"name\":\"Preview: Everton \u2013 Fulham - Official Czech &amp; Slovak Everton Supporters&#039; Club\",\"isPartOf\":{\"@id\":\"https:\/\/evertonfc.cz\/#website\"},\"primaryImageOfPage\":{\"@id\":\"https:\/\/evertonfc.cz\/index.php\/2024\/10\/26\/preview-everton-fulham-11\/#primaryimage\"},\"image\":{\"@id\":\"https:\/\/evertonfc.cz\/index.php\/2024\/10\/26\/preview-everton-fulham-11\/#primaryimage\"},\"thumbnailUrl\":\"https:\/\/evertonfc.cz\/wp-content\/uploads\/2021\/02\/Everton-VS-Fulham-NIGHT.jpg\",\"datePublished\":\"2024-10-26T11:55:56+00:00\",\"dateModified\":\"2024-10-26T12:32:37+00:00\",\"breadcrumb\":{\"@id\":\"https:\/\/evertonfc.cz\/index.php\/2024\/10\/26\/preview-everton-fulham-11\/#breadcrumb\"},\"inLanguage\":\"cs\",\"potentialAction\":[{\"@type\":\"ReadAction\",\"target\":[\"https:\/\/evertonfc.cz\/index.php\/2024\/10\/26\/preview-everton-fulham-11\/\"]}]},{\"@type\":\"ImageObject\",\"inLanguage\":\"cs\",\"@id\":\"https:\/\/evertonfc.cz\/index.php\/2024\/10\/26\/preview-everton-fulham-11\/#primaryimage\",\"url\":\"https:\/\/evertonfc.cz\/wp-content\/uploads\/2021\/02\/Everton-VS-Fulham-NIGHT.jpg\",\"contentUrl\":\"https:\/\/evertonfc.cz\/wp-content\/uploads\/2021\/02\/Everton-VS-Fulham-NIGHT.jpg\",\"width\":720,\"height\":405},{\"@type\":\"BreadcrumbList\",\"@id\":\"https:\/\/evertonfc.cz\/index.php\/2024\/10\/26\/preview-everton-fulham-11\/#breadcrumb\",\"itemListElement\":[{\"@type\":\"ListItem\",\"position\":1,\"name\":\"Home\",\"item\":\"https:\/\/evertonfc.cz\/\"},{\"@type\":\"ListItem\",\"position\":2,\"name\":\"Preview: Everton \u2013 Fulham\"}]},{\"@type\":\"WebSite\",\"@id\":\"https:\/\/evertonfc.cz\/#website\",\"url\":\"https:\/\/evertonfc.cz\/\",\"name\":\"Official Czech &amp; Slovak Everton Supporters&#039; Club\",\"description\":\"\",\"publisher\":{\"@id\":\"https:\/\/evertonfc.cz\/#organization\"},\"potentialAction\":[{\"@type\":\"SearchAction\",\"target\":{\"@type\":\"EntryPoint\",\"urlTemplate\":\"https:\/\/evertonfc.cz\/?s={search_term_string}\"},\"query-input\":{\"@type\":\"PropertyValueSpecification\",\"valueRequired\":true,\"valueName\":\"search_term_string\"}}],\"inLanguage\":\"cs\"},{\"@type\":\"Organization\",\"@id\":\"https:\/\/evertonfc.cz\/#organization\",\"name\":\"Official Czech & Slovak Everton Supporters' Club\",\"url\":\"https:\/\/evertonfc.cz\/\",\"logo\":{\"@type\":\"ImageObject\",\"inLanguage\":\"cs\",\"@id\":\"https:\/\/evertonfc.cz\/#\/schema\/logo\/image\/\",\"url\":\"https:\/\/evertonfc.cz\/wp-content\/uploads\/2019\/05\/logo.png\",\"contentUrl\":\"https:\/\/evertonfc.cz\/wp-content\/uploads\/2019\/05\/logo.png\",\"width\":112,\"height\":112,\"caption\":\"Official Czech & Slovak Everton Supporters' Club\"},\"image\":{\"@id\":\"https:\/\/evertonfc.cz\/#\/schema\/logo\/image\/\"},\"sameAs\":[\"https:\/\/www.facebook.com\/everton.fans.cz.sk\"]},{\"@type\":\"Person\",\"@id\":\"https:\/\/evertonfc.cz\/#\/schema\/person\/35904009755e8eaa0dc1a5f5f0419002\",\"name\":\"Fip\",\"url\":\"https:\/\/evertonfc.cz\/index.php\/author\/fip\/\"}]}<\/script>\n<!-- \/ Yoast SEO plugin. -->","yoast_head_json":{"title":"Preview: Everton \u2013 Fulham - Official Czech &amp; Slovak Everton Supporters&#039; Club","robots":{"index":"index","follow":"follow","max-snippet":"max-snippet:-1","max-image-preview":"max-image-preview:large","max-video-preview":"max-video-preview:-1"},"canonical":"https:\/\/evertonfc.cz\/index.php\/2024\/10\/26\/preview-everton-fulham-11\/","og_locale":"cs_CZ","og_type":"article","og_title":"Preview: Everton \u2013 Fulham - Official Czech &amp; Slovak Everton Supporters&#039; Club","og_description":"V\u00a0abeced\u011b jsme bl\u00edzko, v\u00a0celkov\u00e9 hodnot\u011b hr\u00e1\u010d\u016f jsme vedle sebe. V\u00a0tabulce nejsme vedle sebe, ale rozd\u00edl jsou jen 3 body. Najdou Dyche a spol. recept, jak prolomit s\u00e9rii 3 dom\u00e1c\u00edch proher proti\u00a0Cottagers?","og_url":"https:\/\/evertonfc.cz\/index.php\/2024\/10\/26\/preview-everton-fulham-11\/","og_site_name":"Official Czech &amp; Slovak Everton Supporters&#039; Club","article_publisher":"https:\/\/www.facebook.com\/everton.fans.cz.sk","article_published_time":"2024-10-26T11:55:56+00:00","article_modified_time":"2024-10-26T12:32:37+00:00","og_image":[{"width":720,"height":405,"url":"https:\/\/evertonfc.cz\/wp-content\/uploads\/2021\/02\/Everton-VS-Fulham-NIGHT.jpg","type":"image\/jpeg"}],"author":"Fip","twitter_card":"summary_large_image","twitter_misc":{"Napsal(a)":"Fip","Odhadovan\u00e1 doba \u010dten\u00ed":"3 minuty"},"schema":{"@context":"https:\/\/schema.org","@graph":[{"@type":"Article","@id":"https:\/\/evertonfc.cz\/index.php\/2024\/10\/26\/preview-everton-fulham-11\/#article","isPartOf":{"@id":"https:\/\/evertonfc.cz\/index.php\/2024\/10\/26\/preview-everton-fulham-11\/"},"author":{"name":"Fip","@id":"https:\/\/evertonfc.cz\/#\/schema\/person\/35904009755e8eaa0dc1a5f5f0419002"},"headline":"Preview: Everton \u2013 Fulham","datePublished":"2024-10-26T11:55:56+00:00","dateModified":"2024-10-26T12:32:37+00:00","mainEntityOfPage":{"@id":"https:\/\/evertonfc.cz\/index.php\/2024\/10\/26\/preview-everton-fulham-11\/"},"wordCount":542,"commentCount":4,"publisher":{"@id":"https:\/\/evertonfc.cz\/#organization"},"image":{"@id":"https:\/\/evertonfc.cz\/index.php\/2024\/10\/26\/preview-everton-fulham-11\/#primaryimage"},"thumbnailUrl":"https:\/\/evertonfc.cz\/wp-content\/uploads\/2021\/02\/Everton-VS-Fulham-NIGHT.jpg","articleSection":["Z\u00e1pasy"],"inLanguage":"cs","potentialAction":[{"@type":"CommentAction","name":"Comment","target":["https:\/\/evertonfc.cz\/index.php\/2024\/10\/26\/preview-everton-fulham-11\/#respond"]}]},{"@type":"WebPage","@id":"https:\/\/evertonfc.cz\/index.php\/2024\/10\/26\/preview-everton-fulham-11\/","url":"https:\/\/evertonfc.cz\/index.php\/2024\/10\/26\/preview-everton-fulham-11\/","name":"Preview: Everton \u2013 Fulham - Official Czech &amp; Slovak Everton Supporters&#039; Club","isPartOf":{"@id":"https:\/\/evertonfc.cz\/#website"},"primaryImageOfPage":{"@id":"https:\/\/evertonfc.cz\/index.php\/2024\/10\/26\/preview-everton-fulham-11\/#primaryimage"},"image":{"@id":"https:\/\/evertonfc.cz\/index.php\/2024\/10\/26\/preview-everton-fulham-11\/#primaryimage"},"thumbnailUrl":"https:\/\/evertonfc.cz\/wp-content\/uploads\/2021\/02\/Everton-VS-Fulham-NIGHT.jpg","datePublished":"2024-10-26T11:55:56+00:00","dateModified":"2024-10-26T12:32:37+00:00","breadcrumb":{"@id":"https:\/\/evertonfc.cz\/index.php\/2024\/10\/26\/preview-everton-fulham-11\/#breadcrumb"},"inLanguage":"cs","potentialAction":[{"@type":"ReadAction","target":["https:\/\/evertonfc.cz\/index.php\/2024\/10\/26\/preview-everton-fulham-11\/"]}]},{"@type":"ImageObject","inLanguage":"cs","@id":"https:\/\/evertonfc.cz\/index.php\/2024\/10\/26\/preview-everton-fulham-11\/#primaryimage","url":"https:\/\/evertonfc.cz\/wp-content\/uploads\/2021\/02\/Everton-VS-Fulham-NIGHT.jpg","contentUrl":"https:\/\/evertonfc.cz\/wp-content\/uploads\/2021\/02\/Everton-VS-Fulham-NIGHT.jpg","width":720,"height":405},{"@type":"BreadcrumbList","@id":"https:\/\/evertonfc.cz\/index.php\/2024\/10\/26\/preview-everton-fulham-11\/#breadcrumb","itemListElement":[{"@type":"ListItem","position":1,"name":"Home","item":"https:\/\/evertonfc.cz\/"},{"@type":"ListItem","position":2,"name":"Preview: Everton \u2013 Fulham"}]},{"@type":"WebSite","@id":"https:\/\/evertonfc.cz\/#website","url":"https:\/\/evertonfc.cz\/","name":"Official Czech &amp; Slovak Everton Supporters&#039; Club","description":"","publisher":{"@id":"https:\/\/evertonfc.cz\/#organization"},"potentialAction":[{"@type":"SearchAction","target":{"@type":"EntryPoint","urlTemplate":"https:\/\/evertonfc.cz\/?s={search_term_string}"},"query-input":{"@type":"PropertyValueSpecification","valueRequired":true,"valueName":"search_term_string"}}],"inLanguage":"cs"},{"@type":"Organization","@id":"https:\/\/evertonfc.cz\/#organization","name":"Official Czech & Slovak Everton Supporters' Club","url":"https:\/\/evertonfc.cz\/","logo":{"@type":"ImageObject","inLanguage":"cs","@id":"https:\/\/evertonfc.cz\/#\/schema\/logo\/image\/","url":"https:\/\/evertonfc.cz\/wp-content\/uploads\/2019\/05\/logo.png","contentUrl":"https:\/\/evertonfc.cz\/wp-content\/uploads\/2019\/05\/logo.png","width":112,"height":112,"caption":"Official Czech & Slovak Everton Supporters' Club"},"image":{"@id":"https:\/\/evertonfc.cz\/#\/schema\/logo\/image\/"},"sameAs":["https:\/\/www.facebook.com\/everton.fans.cz.sk"]},{"@type":"Person","@id":"https:\/\/evertonfc.cz\/#\/schema\/person\/35904009755e8eaa0dc1a5f5f0419002","name":"Fip","url":"https:\/\/evertonfc.cz\/index.php\/author\/fip\/"}]}},"_links":{"self":[{"href":"https:\/\/evertonfc.cz\/index.php\/wp-json\/wp\/v2\/posts\/25516"}],"collection":[{"href":"https:\/\/evertonfc.cz\/index.php\/wp-json\/wp\/v2\/posts"}],"about":[{"href":"https:\/\/evertonfc.cz\/index.php\/wp-json\/wp\/v2\/types\/post"}],"author":[{"embeddable":true,"href":"https:\/\/evertonfc.cz\/index.php\/wp-json\/wp\/v2\/users\/10"}],"replies":[{"embeddable":true,"href":"https:\/\/evertonfc.cz\/index.php\/wp-json\/wp\/v2\/comments?post=25516"}],"version-history":[{"count":5,"href":"https:\/\/evertonfc.cz\/index.php\/wp-json\/wp\/v2\/posts\/25516\/revisions"}],"predecessor-version":[{"id":25522,"href":"https:\/\/evertonfc.cz\/index.php\/wp-json\/wp\/v2\/posts\/25516\/revisions\/25522"}],"wp:featuredmedia":[{"embeddable":true,"href":"https:\/\/evertonfc.cz\/index.php\/wp-json\/wp\/v2\/media\/14088"}],"wp:attachment":[{"href":"https:\/\/evertonfc.cz\/index.php\/wp-json\/wp\/v2\/media?parent=25516"}],"wp:term":[{"taxonomy":"category","embeddable":true,"href":"https:\/\/evertonfc.cz\/index.php\/wp-json\/wp\/v2\/categories?post=25516"},{"taxonomy":"post_tag","embeddable":true,"href":"https:\/\/evertonfc.cz\/index.php\/wp-json\/wp\/v2\/tags?post=25516"}],"curies":[{"name":"wp","href":"https:\/\/api.w.org\/{rel}","templated":true}]}}