{"id":25560,"date":"2024-11-05T18:06:05","date_gmt":"2024-11-05T17:06:05","guid":{"rendered":"https:\/\/evertonfc.cz\/?p=25560"},"modified":"2024-11-06T17:33:45","modified_gmt":"2024-11-06T16:33:45","slug":"everton-w-chelsea-w-05","status":"publish","type":"post","link":"https:\/\/evertonfc.cz\/index.php\/2024\/11\/05\/everton-w-chelsea-w-05\/","title":{"rendered":"Everton W &#8211; Chelsea W 0:5"},"content":{"rendered":"<h4>&#8222;M\u011bl jste ji\u017e n\u011bkdy souboj, lorde?&#8220; &#8222;Nikoliv, drah\u00e1 lady, ale nafackov\u00e1no jsme u\u017e obdr\u017eel.&#8220; T\u00edmto bychom mohli shrnout to, co se odehr\u00e1valo na Goodison Park pod ambiciozn\u00edm n\u00e1zvem &#8222;The Battle of the Blues&#8220;.<\/h4>\n<p>O bitvu se v \u017e\u00e1dn\u00e9m p\u0159\u00edpad\u011b nejednalo. \u00da\u0159aduj\u00edc\u00ed \u0161ampionky a hork\u00e9 kandid\u00e1tky i na leto\u0161n\u00ed titul si na Goodison Park p\u0159ijely pro body a tak\u00e9 se jim jich v pln\u00e9 m\u00ed\u0159e dostalo. K tomu si vylep\u0161ily i sk\u00f3re dal\u0161\u00edmi p\u011bti g\u00f3ly a nulou na inkasovan\u00e9 stran\u011b. N\u00e1\u0161 zdecimovan\u00fd t\u00fdm jim v tom nebyl \u017e\u00e1dnou p\u0159ek\u00e1\u017ekou.<\/p>\n<p>Sara Holmgaard\u00a0 se dole\u010duje z leh\u010d\u00edho poran\u011bn\u00ed, do stopersk\u00e9 dvojice k Finnigan nastoupila na cel\u00fd z\u00e1pas Hobson a od za\u010d\u00e1tku hr\u00e1ly ob\u011b Payne. Nov\u00e1 mana\u017eerka lond\u00fdnsk\u00fdch modr\u00fdch Bompastor dala p\u0159ed Ram\u00edrez v \u00fatoku tentokr\u00e1t p\u0159ednost Beever-Jones, co\u017e se v dal\u0161\u00edm pr\u016fb\u011bhu uk\u00e1zalo jako velmi dobr\u00e1 volba. A Megan Finnigan nastoupila ke sv\u00e9mu 200. z\u00e1pasu za Everton.<\/p>\n<h4>Beever-Jones na Goodison Park<\/h4>\n<p>dala vzpomenout na sez\u00f3nu 2022\/23, kdy u n\u00e1s hostovala z Chelsea. Pov\u011bst v\u00fdrazn\u00e9ho talentu m\u011bla u\u017e tenkr\u00e1t a od t\u00e9 doby se vypracovala ve velmi schopnou \u00fato\u010dnici. Dala o sob\u011b v\u011bd\u011bt u\u017e st\u0159elou v prvn\u00ed minut\u011b, kter\u00e1 tentokr\u00e1t ale skon\u010dila v p\u00e9\u010di Brosnan. Zm\u00edn\u011bn\u00fd pokus p\u0159edznamenal pr\u016fb\u011bh cel\u00e9ho z\u00e1pasu, ve kter\u00e9m provoz na h\u0159i\u0161ti prob\u00edhal v podstat\u011b jednosm\u011brn\u011b. Konkretn\u011b k na\u0161\u00ed br\u00e1n\u011b.<\/p>\n<p>Po necel\u00e9 \u010dtvrthodin\u011b hry naserv\u00edrovala Buchanan m\u00ed\u010d do na\u0161eho v\u00e1pna a zde jej do s\u00edt\u011b dopravila hlavi\u010dkou Beever-Jones &#8211; <strong>0:1<\/strong>. Zat\u00edmco v p\u0159edchoz\u00edch z\u00e1pasech jsme se po obdr\u017een\u00e9m g\u00f3lu sna\u017eili (i kdy\u017e bez \u00fasp\u011bchu) co nejrychleji o vyrovn\u00e1n\u00ed, tentokr\u00e1t nic takov\u00e9ho nenastalo. Chelsea n\u00e1s t\u00e9m\u011b\u0159 nepustila p\u0159es p\u016flic\u00ed \u010d\u00e1ru.<\/p>\n<p>Ne\u017e se Vanhaevermaet pokusila hlavi\u010dku srovnat, tak Beever-Jones, Reiten a Buchanan m\u011bly n\u011bkolikr\u00e1t na kopa\u010dk\u00e1ch dal\u0161\u00ed zv\u00fd\u0161en\u00ed n\u00e1skoku. Dv\u011b minuty p\u0159ed koncem polo\u010dasu odstavila Cuthbert p\u0159i na\u0161\u00ed rozehr\u00e1vce od m\u00ed\u010de Sarri a zv\u00fd\u0161ila na <strong>0:2<\/strong>. A o dv\u011b minuty pozd\u011bji vyu\u017eila nesoust\u0159ed\u011bnosti na\u0161\u00ed obrany Reiten, kdy\u017e (mo\u017en\u00e1 z ofsajdu) skluzem p\u0159idala dal\u0161\u00ed g\u00f3l &#8211; <strong>0:3<\/strong>.<\/p>\n<h4>Bompastor se kone\u010dn\u011b usm\u00edv\u00e1<\/h4>\n<p>Prvn\u00ed desetiminutovaka druh\u00e9ho polo\u010dasu byla nejsp\u00ed\u0161 jedinou \u010d\u00e1st\u00ed z\u00e1pasu, kdy jsme dok\u00e1zali Chelsea aspo\u0148 trochu p\u0159itla\u010dit. Na\u0161e snaha ale nebyla zavr\u0161ena \u00fasp\u011bchem a v\u011bci se vr\u00e1tily do star\u00fdch kolej\u00ed. Na g\u00f3l ov\u0161em div\u00e1ci museli \u010dekat pom\u011brn\u011b dlouho. Nejprve Beever-Jones p\u00e1lila n\u011bkolikr\u00e1t mimo, pak Baltimore svoj\u00ed st\u0159elou m\u00e1lem p\u0159elomila b\u0159evno. Vlna za vlnou se valila na na\u0161\u00ed br\u00e1nu, ale ujala se a\u017e akce z 82. minuty.<\/p>\n<p>Tehdy Baltimore op\u011bt p\u0159etla\u010dila na m\u00ed\u010di Sarri a centrovala do v\u00e1pna. Zde Reiten vtipn\u011b p\u0159enechala m\u00ed\u010d Kaptein a bylo to r\u00e1zem <strong>0:4<\/strong>. Teprve tento g\u00f3l vyloudil \u00fasm\u011bv na tv\u00e1\u0159i Bompastor, kter\u00e1 p\u0159edchoz\u00ed t\u0159i f\u00edky v na\u0161\u00ed s\u00edti kvitovala jen s v\u00fdrazem zdvo\u0159il\u00e9ho z\u00e1jmu.\u00a0 A aby toho nebylo m\u00e1lo, tak uplynula pouze minuta a do na\u0161\u00ed statick\u00e9 a ot\u0159esen\u00e9 obrany se v\u0159\u00edtila Lawrence, aby st\u0159elou zbl\u00edzka uzav\u0159ela sk\u00f3re z\u00e1pasu na <strong>0:5<\/strong>. V t\u011bchto chv\u00edl\u00edch u\u017e jsme si jen tou\u017eebn\u011b p\u0159\u00e1li z\u00e1pas ukon\u010dit, k \u010demu\u017e tak\u00e9 po n\u011bkolika minut\u00e1ch kone\u010dn\u011b do\u0161lo.<\/p>\n<h4>\u017divot u dna<\/h4>\n<p>V prob\u011bhl\u00e9m z\u00e1pase si m\u016f\u017eeme blahop\u0159\u00e1t k fam\u00f3zn\u00ed statistice st\u0159el na br\u00e1nu v pom\u011bru 0:10. Po \u0161est\u00e9m kole jsme spolehliv\u011b na dn\u011b ligov\u00e9 tabulky s jedn\u00edm st\u0159elen\u00fdm g\u00f3lem, kter\u00fd si nav\u00edc na\u0161e soupe\u0159ky musely st\u0159elit samy. Neda\u0159\u00ed se n\u00e1m prakticky nic.\u00a0 \u00datok neexistuje, obrana je velmi nejist\u00e1 a dnes nefungovala ani z\u00e1lo\u017en\u00ed \u0159ada. Rychlost Heather Payne letos neum\u00edme vyu\u017eit a nepokou\u0161\u00edme se ani o ani dlouh\u00e9 m\u00ed\u010de na Snoeijs, kter\u00e9 by snad mohly do ur\u010dit\u00e9 m\u00edry m\u00edt nad\u011bji na \u00faspech. Nen\u00ed proto divu, \u017ee sm\u011b\u0159ujeme pln\u00fdmi plachtami k sestupu. Co se st\u00e1le da\u0159\u00ed, je aspo\u0148 navenek udr\u017eet jednotu t\u00fdmu. Zda to bude sta\u010dit, je ot\u00e1zka. N\u011bco se mus\u00ed st\u00e1t a doufejme, \u017ee se to stane brzy. Nap\u0159\u00edklad u\u017e tento v\u00edkend. Next up Palace away. <span style=\"color: #0000ff;\"><strong>COYBG!<\/strong><\/span><\/p>\n<p style=\"text-align: right;\"><span style=\"font-size: 8pt;\"><em>Fotografie: Sarri v souboji s Cuthbert (zdroj: https:\/\/weaintgotnohistory.sbnation.com)<\/em><\/span><\/p>\n<p><strong>G\u00f3ly:<\/strong> Beever-Jones (14\u00b4), Cuthbert (43\u00b4), Reiten (45\u00b4), Kaptein (82\u00b4), Lawrence (83\u00b4)\u00a0 <strong>\u017dK: <\/strong>Beever-Jones 64\u00b4<\/p>\n<p><strong>Everton (4-2-3-1):<\/strong> Brosnan; Hope, <span class=\"visually-hidden ssrcss-1f39n02-VisuallyHidden e16en2lz0\">Hobson (Wheeler 46\u00b4), <\/span><span class=\"visually-hidden ssrcss-1f39n02-VisuallyHidden e16en2lz0\">Finnigan, <\/span><span class=\"visually-hidden ssrcss-1f39n02-VisuallyHidden e16en2lz0\">Sarri (Thomas 90+4\u00b4); <\/span>Vanhaevermaet,\u00a0<span class=\"visually-hidden ssrcss-1f39n02-VisuallyHidden e16en2lz0\">Hayashi; <\/span>Toni Payne (Bissell 46\u00b4), <span class=\"visually-hidden ssrcss-1f39n02-VisuallyHidden e16en2lz0\">Olesen, Heather <\/span>Payne; Snoeijs (Lawley 62&#8242;)<\/p>\n<p><strong>Chelsea (4-1-4-1): <\/strong>Hampton; Lawrence, <span class=\"visually-hidden ssrcss-1f39n02-VisuallyHidden e16en2lz0\">Buchanan, <\/span><span class=\"visually-hidden ssrcss-1f39n02-VisuallyHidden e16en2lz0\">Bright, <\/span><span class=\"visually-hidden ssrcss-1f39n02-VisuallyHidden e16en2lz0\">Baltimore; N\u00fcsken (Bj\u00f6rn 65&#8242;); <\/span>Rytting Kaneryd (P\u00e9risset 64&#8242;)<span class=\"visually-hidden ssrcss-1f39n02-VisuallyHidden e16en2lz0\">, Hamano (Kaptein 46\u00b4), <\/span><span class=\"visually-hidden ssrcss-1f39n02-VisuallyHidden e16en2lz0\"> Cuthbert (Jean-Fran\u00e7ois 65&#8242;), <\/span><span class=\"visually-hidden ssrcss-1f39n02-VisuallyHidden e16en2lz0\">Reiten; Beever-Jones (Mpome 78&#8242;)<\/span><\/p>\n<p><strong>Rozhod\u010d\u00ed:<\/strong> Stacey Fullicks\u00a0 <strong>Div\u00e1ci:<\/strong> 2 109 (Goodison Park)<\/p>\n<p><iframe loading=\"lazy\" title=\"Full Match: Everton v Chelsea | Barclays WSL 2024-25\" width=\"1140\" height=\"641\" src=\"https:\/\/www.youtube.com\/embed\/KRDeR3K2hpg?feature=oembed\" frameborder=\"0\" allow=\"accelerometer; autoplay; clipboard-write; encrypted-media; gyroscope; picture-in-picture; web-share\" referrerpolicy=\"strict-origin-when-cross-origin\" allowfullscreen><\/iframe><\/p>\n","protected":false},"excerpt":{"rendered":"<p>&#8222;M\u011bl jste ji\u017e n\u011bkdy souboj, lorde?&#8220; &#8222;Nikoliv, drah\u00e1 lady, ale nafackov\u00e1no jsme u\u017e obdr\u017eel.&#8220; T\u00edmto bychom mohli shrnout to, co se odehr\u00e1valo na Goodison Park pod ambiciozn\u00edm n\u00e1zvem &#8222;The Battle of the Blues&#8220;.<\/p>\n","protected":false},"author":26,"featured_media":25575,"comment_status":"open","ping_status":"closed","sticky":false,"template":"","format":"standard","meta":{"_eb_attr":"","_monsterinsights_skip_tracking":false,"_monsterinsights_sitenote_active":false,"_monsterinsights_sitenote_note":"","_monsterinsights_sitenote_category":0,"footnotes":""},"categories":[110],"tags":[],"yoast_head":"<!-- This site is optimized with the Yoast SEO plugin v23.4 - https:\/\/yoast.com\/wordpress\/plugins\/seo\/ -->\n<title>Everton W - Chelsea W 0:5 - Official Czech &amp; Slovak Everton Supporters&#039; Club<\/title>\n<meta name=\"robots\" content=\"index, follow, max-snippet:-1, max-image-preview:large, max-video-preview:-1\" \/>\n<link rel=\"canonical\" href=\"https:\/\/evertonfc.cz\/index.php\/2024\/11\/05\/everton-w-chelsea-w-05\/\" \/>\n<meta property=\"og:locale\" content=\"cs_CZ\" \/>\n<meta property=\"og:type\" content=\"article\" \/>\n<meta property=\"og:title\" content=\"Everton W - Chelsea W 0:5 - Official Czech &amp; Slovak Everton Supporters&#039; Club\" \/>\n<meta property=\"og:description\" content=\"&quot;M\u011bl jste ji\u017e n\u011bkdy souboj, lorde?&quot; &quot;Nikoliv, drah\u00e1 lady, ale nafackov\u00e1no jsme u\u017e obdr\u017eel.&quot; T\u00edmto bychom mohli shrnout to, co se odehr\u00e1valo na Goodison Park pod ambiciozn\u00edm n\u00e1zvem &quot;The Battle of the Blues&quot;.\" \/>\n<meta property=\"og:url\" content=\"https:\/\/evertonfc.cz\/index.php\/2024\/11\/05\/everton-w-chelsea-w-05\/\" \/>\n<meta property=\"og:site_name\" content=\"Official Czech &amp; Slovak Everton Supporters&#039; Club\" \/>\n<meta property=\"article:publisher\" content=\"https:\/\/www.facebook.com\/everton.fans.cz.sk\" \/>\n<meta property=\"article:published_time\" content=\"2024-11-05T17:06:05+00:00\" \/>\n<meta property=\"article:modified_time\" content=\"2024-11-06T16:33:45+00:00\" \/>\n<meta property=\"og:image\" content=\"https:\/\/evertonfc.cz\/wp-content\/uploads\/2024\/11\/Sarri-vs-Cuthbert.jpg\" \/>\n\t<meta property=\"og:image:width\" content=\"720\" \/>\n\t<meta property=\"og:image:height\" content=\"405\" \/>\n\t<meta property=\"og:image:type\" content=\"image\/jpeg\" \/>\n<meta name=\"author\" content=\"Karamela\" \/>\n<meta name=\"twitter:card\" content=\"summary_large_image\" \/>\n<meta name=\"twitter:label1\" content=\"Napsal(a)\" \/>\n\t<meta name=\"twitter:data1\" content=\"Karamela\" \/>\n\t<meta name=\"twitter:label2\" content=\"Odhadovan\u00e1 doba \u010dten\u00ed\" \/>\n\t<meta name=\"twitter:data2\" content=\"4 minuty\" \/>\n<script type=\"application\/ld+json\" class=\"yoast-schema-graph\">{\"@context\":\"https:\/\/schema.org\",\"@graph\":[{\"@type\":\"Article\",\"@id\":\"https:\/\/evertonfc.cz\/index.php\/2024\/11\/05\/everton-w-chelsea-w-05\/#article\",\"isPartOf\":{\"@id\":\"https:\/\/evertonfc.cz\/index.php\/2024\/11\/05\/everton-w-chelsea-w-05\/\"},\"author\":{\"name\":\"Karamela\",\"@id\":\"https:\/\/evertonfc.cz\/#\/schema\/person\/e9a24a80a32efa1344dd2c4e5882185c\"},\"headline\":\"Everton W &#8211; Chelsea W 0:5\",\"datePublished\":\"2024-11-05T17:06:05+00:00\",\"dateModified\":\"2024-11-06T16:33:45+00:00\",\"mainEntityOfPage\":{\"@id\":\"https:\/\/evertonfc.cz\/index.php\/2024\/11\/05\/everton-w-chelsea-w-05\/\"},\"wordCount\":898,\"commentCount\":3,\"publisher\":{\"@id\":\"https:\/\/evertonfc.cz\/#organization\"},\"image\":{\"@id\":\"https:\/\/evertonfc.cz\/index.php\/2024\/11\/05\/everton-w-chelsea-w-05\/#primaryimage\"},\"thumbnailUrl\":\"https:\/\/evertonfc.cz\/wp-content\/uploads\/2024\/11\/Sarri-vs-Cuthbert.jpg\",\"articleSection\":[\"Everton Women\"],\"inLanguage\":\"cs\",\"potentialAction\":[{\"@type\":\"CommentAction\",\"name\":\"Comment\",\"target\":[\"https:\/\/evertonfc.cz\/index.php\/2024\/11\/05\/everton-w-chelsea-w-05\/#respond\"]}]},{\"@type\":\"WebPage\",\"@id\":\"https:\/\/evertonfc.cz\/index.php\/2024\/11\/05\/everton-w-chelsea-w-05\/\",\"url\":\"https:\/\/evertonfc.cz\/index.php\/2024\/11\/05\/everton-w-chelsea-w-05\/\",\"name\":\"Everton W - Chelsea W 0:5 - Official Czech &amp; Slovak Everton Supporters&#039; Club\",\"isPartOf\":{\"@id\":\"https:\/\/evertonfc.cz\/#website\"},\"primaryImageOfPage\":{\"@id\":\"https:\/\/evertonfc.cz\/index.php\/2024\/11\/05\/everton-w-chelsea-w-05\/#primaryimage\"},\"image\":{\"@id\":\"https:\/\/evertonfc.cz\/index.php\/2024\/11\/05\/everton-w-chelsea-w-05\/#primaryimage\"},\"thumbnailUrl\":\"https:\/\/evertonfc.cz\/wp-content\/uploads\/2024\/11\/Sarri-vs-Cuthbert.jpg\",\"datePublished\":\"2024-11-05T17:06:05+00:00\",\"dateModified\":\"2024-11-06T16:33:45+00:00\",\"breadcrumb\":{\"@id\":\"https:\/\/evertonfc.cz\/index.php\/2024\/11\/05\/everton-w-chelsea-w-05\/#breadcrumb\"},\"inLanguage\":\"cs\",\"potentialAction\":[{\"@type\":\"ReadAction\",\"target\":[\"https:\/\/evertonfc.cz\/index.php\/2024\/11\/05\/everton-w-chelsea-w-05\/\"]}]},{\"@type\":\"ImageObject\",\"inLanguage\":\"cs\",\"@id\":\"https:\/\/evertonfc.cz\/index.php\/2024\/11\/05\/everton-w-chelsea-w-05\/#primaryimage\",\"url\":\"https:\/\/evertonfc.cz\/wp-content\/uploads\/2024\/11\/Sarri-vs-Cuthbert.jpg\",\"contentUrl\":\"https:\/\/evertonfc.cz\/wp-content\/uploads\/2024\/11\/Sarri-vs-Cuthbert.jpg\",\"width\":720,\"height\":405},{\"@type\":\"BreadcrumbList\",\"@id\":\"https:\/\/evertonfc.cz\/index.php\/2024\/11\/05\/everton-w-chelsea-w-05\/#breadcrumb\",\"itemListElement\":[{\"@type\":\"ListItem\",\"position\":1,\"name\":\"Home\",\"item\":\"https:\/\/evertonfc.cz\/\"},{\"@type\":\"ListItem\",\"position\":2,\"name\":\"Everton W &#8211; Chelsea W 0:5\"}]},{\"@type\":\"WebSite\",\"@id\":\"https:\/\/evertonfc.cz\/#website\",\"url\":\"https:\/\/evertonfc.cz\/\",\"name\":\"Official Czech &amp; Slovak Everton Supporters&#039; Club\",\"description\":\"\",\"publisher\":{\"@id\":\"https:\/\/evertonfc.cz\/#organization\"},\"potentialAction\":[{\"@type\":\"SearchAction\",\"target\":{\"@type\":\"EntryPoint\",\"urlTemplate\":\"https:\/\/evertonfc.cz\/?s={search_term_string}\"},\"query-input\":{\"@type\":\"PropertyValueSpecification\",\"valueRequired\":true,\"valueName\":\"search_term_string\"}}],\"inLanguage\":\"cs\"},{\"@type\":\"Organization\",\"@id\":\"https:\/\/evertonfc.cz\/#organization\",\"name\":\"Official Czech & Slovak Everton Supporters' Club\",\"url\":\"https:\/\/evertonfc.cz\/\",\"logo\":{\"@type\":\"ImageObject\",\"inLanguage\":\"cs\",\"@id\":\"https:\/\/evertonfc.cz\/#\/schema\/logo\/image\/\",\"url\":\"https:\/\/evertonfc.cz\/wp-content\/uploads\/2019\/05\/logo.png\",\"contentUrl\":\"https:\/\/evertonfc.cz\/wp-content\/uploads\/2019\/05\/logo.png\",\"width\":112,\"height\":112,\"caption\":\"Official Czech & Slovak Everton Supporters' Club\"},\"image\":{\"@id\":\"https:\/\/evertonfc.cz\/#\/schema\/logo\/image\/\"},\"sameAs\":[\"https:\/\/www.facebook.com\/everton.fans.cz.sk\"]},{\"@type\":\"Person\",\"@id\":\"https:\/\/evertonfc.cz\/#\/schema\/person\/e9a24a80a32efa1344dd2c4e5882185c\",\"name\":\"Karamela\",\"url\":\"https:\/\/evertonfc.cz\/index.php\/author\/karamela\/\"}]}<\/script>\n<!-- \/ Yoast SEO plugin. -->","yoast_head_json":{"title":"Everton W - Chelsea W 0:5 - Official Czech &amp; Slovak Everton Supporters&#039; Club","robots":{"index":"index","follow":"follow","max-snippet":"max-snippet:-1","max-image-preview":"max-image-preview:large","max-video-preview":"max-video-preview:-1"},"canonical":"https:\/\/evertonfc.cz\/index.php\/2024\/11\/05\/everton-w-chelsea-w-05\/","og_locale":"cs_CZ","og_type":"article","og_title":"Everton W - Chelsea W 0:5 - Official Czech &amp; Slovak Everton Supporters&#039; Club","og_description":"\"M\u011bl jste ji\u017e n\u011bkdy souboj, lorde?\" \"Nikoliv, drah\u00e1 lady, ale nafackov\u00e1no jsme u\u017e obdr\u017eel.\" T\u00edmto bychom mohli shrnout to, co se odehr\u00e1valo na Goodison Park pod ambiciozn\u00edm n\u00e1zvem \"The Battle of the Blues\".","og_url":"https:\/\/evertonfc.cz\/index.php\/2024\/11\/05\/everton-w-chelsea-w-05\/","og_site_name":"Official Czech &amp; Slovak Everton Supporters&#039; Club","article_publisher":"https:\/\/www.facebook.com\/everton.fans.cz.sk","article_published_time":"2024-11-05T17:06:05+00:00","article_modified_time":"2024-11-06T16:33:45+00:00","og_image":[{"width":720,"height":405,"url":"https:\/\/evertonfc.cz\/wp-content\/uploads\/2024\/11\/Sarri-vs-Cuthbert.jpg","type":"image\/jpeg"}],"author":"Karamela","twitter_card":"summary_large_image","twitter_misc":{"Napsal(a)":"Karamela","Odhadovan\u00e1 doba \u010dten\u00ed":"4 minuty"},"schema":{"@context":"https:\/\/schema.org","@graph":[{"@type":"Article","@id":"https:\/\/evertonfc.cz\/index.php\/2024\/11\/05\/everton-w-chelsea-w-05\/#article","isPartOf":{"@id":"https:\/\/evertonfc.cz\/index.php\/2024\/11\/05\/everton-w-chelsea-w-05\/"},"author":{"name":"Karamela","@id":"https:\/\/evertonfc.cz\/#\/schema\/person\/e9a24a80a32efa1344dd2c4e5882185c"},"headline":"Everton W &#8211; Chelsea W 0:5","datePublished":"2024-11-05T17:06:05+00:00","dateModified":"2024-11-06T16:33:45+00:00","mainEntityOfPage":{"@id":"https:\/\/evertonfc.cz\/index.php\/2024\/11\/05\/everton-w-chelsea-w-05\/"},"wordCount":898,"commentCount":3,"publisher":{"@id":"https:\/\/evertonfc.cz\/#organization"},"image":{"@id":"https:\/\/evertonfc.cz\/index.php\/2024\/11\/05\/everton-w-chelsea-w-05\/#primaryimage"},"thumbnailUrl":"https:\/\/evertonfc.cz\/wp-content\/uploads\/2024\/11\/Sarri-vs-Cuthbert.jpg","articleSection":["Everton Women"],"inLanguage":"cs","potentialAction":[{"@type":"CommentAction","name":"Comment","target":["https:\/\/evertonfc.cz\/index.php\/2024\/11\/05\/everton-w-chelsea-w-05\/#respond"]}]},{"@type":"WebPage","@id":"https:\/\/evertonfc.cz\/index.php\/2024\/11\/05\/everton-w-chelsea-w-05\/","url":"https:\/\/evertonfc.cz\/index.php\/2024\/11\/05\/everton-w-chelsea-w-05\/","name":"Everton W - Chelsea W 0:5 - Official Czech &amp; Slovak Everton Supporters&#039; Club","isPartOf":{"@id":"https:\/\/evertonfc.cz\/#website"},"primaryImageOfPage":{"@id":"https:\/\/evertonfc.cz\/index.php\/2024\/11\/05\/everton-w-chelsea-w-05\/#primaryimage"},"image":{"@id":"https:\/\/evertonfc.cz\/index.php\/2024\/11\/05\/everton-w-chelsea-w-05\/#primaryimage"},"thumbnailUrl":"https:\/\/evertonfc.cz\/wp-content\/uploads\/2024\/11\/Sarri-vs-Cuthbert.jpg","datePublished":"2024-11-05T17:06:05+00:00","dateModified":"2024-11-06T16:33:45+00:00","breadcrumb":{"@id":"https:\/\/evertonfc.cz\/index.php\/2024\/11\/05\/everton-w-chelsea-w-05\/#breadcrumb"},"inLanguage":"cs","potentialAction":[{"@type":"ReadAction","target":["https:\/\/evertonfc.cz\/index.php\/2024\/11\/05\/everton-w-chelsea-w-05\/"]}]},{"@type":"ImageObject","inLanguage":"cs","@id":"https:\/\/evertonfc.cz\/index.php\/2024\/11\/05\/everton-w-chelsea-w-05\/#primaryimage","url":"https:\/\/evertonfc.cz\/wp-content\/uploads\/2024\/11\/Sarri-vs-Cuthbert.jpg","contentUrl":"https:\/\/evertonfc.cz\/wp-content\/uploads\/2024\/11\/Sarri-vs-Cuthbert.jpg","width":720,"height":405},{"@type":"BreadcrumbList","@id":"https:\/\/evertonfc.cz\/index.php\/2024\/11\/05\/everton-w-chelsea-w-05\/#breadcrumb","itemListElement":[{"@type":"ListItem","position":1,"name":"Home","item":"https:\/\/evertonfc.cz\/"},{"@type":"ListItem","position":2,"name":"Everton W &#8211; Chelsea W 0:5"}]},{"@type":"WebSite","@id":"https:\/\/evertonfc.cz\/#website","url":"https:\/\/evertonfc.cz\/","name":"Official Czech &amp; Slovak Everton Supporters&#039; Club","description":"","publisher":{"@id":"https:\/\/evertonfc.cz\/#organization"},"potentialAction":[{"@type":"SearchAction","target":{"@type":"EntryPoint","urlTemplate":"https:\/\/evertonfc.cz\/?s={search_term_string}"},"query-input":{"@type":"PropertyValueSpecification","valueRequired":true,"valueName":"search_term_string"}}],"inLanguage":"cs"},{"@type":"Organization","@id":"https:\/\/evertonfc.cz\/#organization","name":"Official Czech & Slovak Everton Supporters' Club","url":"https:\/\/evertonfc.cz\/","logo":{"@type":"ImageObject","inLanguage":"cs","@id":"https:\/\/evertonfc.cz\/#\/schema\/logo\/image\/","url":"https:\/\/evertonfc.cz\/wp-content\/uploads\/2019\/05\/logo.png","contentUrl":"https:\/\/evertonfc.cz\/wp-content\/uploads\/2019\/05\/logo.png","width":112,"height":112,"caption":"Official Czech & Slovak Everton Supporters' Club"},"image":{"@id":"https:\/\/evertonfc.cz\/#\/schema\/logo\/image\/"},"sameAs":["https:\/\/www.facebook.com\/everton.fans.cz.sk"]},{"@type":"Person","@id":"https:\/\/evertonfc.cz\/#\/schema\/person\/e9a24a80a32efa1344dd2c4e5882185c","name":"Karamela","url":"https:\/\/evertonfc.cz\/index.php\/author\/karamela\/"}]}},"_links":{"self":[{"href":"https:\/\/evertonfc.cz\/index.php\/wp-json\/wp\/v2\/posts\/25560"}],"collection":[{"href":"https:\/\/evertonfc.cz\/index.php\/wp-json\/wp\/v2\/posts"}],"about":[{"href":"https:\/\/evertonfc.cz\/index.php\/wp-json\/wp\/v2\/types\/post"}],"author":[{"embeddable":true,"href":"https:\/\/evertonfc.cz\/index.php\/wp-json\/wp\/v2\/users\/26"}],"replies":[{"embeddable":true,"href":"https:\/\/evertonfc.cz\/index.php\/wp-json\/wp\/v2\/comments?post=25560"}],"version-history":[{"count":11,"href":"https:\/\/evertonfc.cz\/index.php\/wp-json\/wp\/v2\/posts\/25560\/revisions"}],"predecessor-version":[{"id":25580,"href":"https:\/\/evertonfc.cz\/index.php\/wp-json\/wp\/v2\/posts\/25560\/revisions\/25580"}],"wp:featuredmedia":[{"embeddable":true,"href":"https:\/\/evertonfc.cz\/index.php\/wp-json\/wp\/v2\/media\/25575"}],"wp:attachment":[{"href":"https:\/\/evertonfc.cz\/index.php\/wp-json\/wp\/v2\/media?parent=25560"}],"wp:term":[{"taxonomy":"category","embeddable":true,"href":"https:\/\/evertonfc.cz\/index.php\/wp-json\/wp\/v2\/categories?post=25560"},{"taxonomy":"post_tag","embeddable":true,"href":"https:\/\/evertonfc.cz\/index.php\/wp-json\/wp\/v2\/tags?post=25560"}],"curies":[{"name":"wp","href":"https:\/\/api.w.org\/{rel}","templated":true}]}}