{"id":25581,"date":"2024-11-08T18:09:43","date_gmt":"2024-11-08T17:09:43","guid":{"rendered":"https:\/\/evertonfc.cz\/?p=25581"},"modified":"2024-11-09T11:44:17","modified_gmt":"2024-11-09T10:44:17","slug":"preview-west-ham-united-everton-10","status":"publish","type":"post","link":"https:\/\/evertonfc.cz\/index.php\/2024\/11\/08\/preview-west-ham-united-everton-10\/","title":{"rendered":"Preview: West Ham United \u2013 Everton"},"content":{"rendered":"<h4>Prich\u00e1dzame na hor\u00facu p\u00f4du Kladiv\u00e1rov, kde nov\u00fd kov\u00e1\u010d e\u0161te st\u00e1le nestihol ukova\u0165 \u017eiadne poriadne kladivo, nie to dve. M\u00f4\u017ee tak pr\u00eds\u0165 o pr\u00e1cu. Kovadl\u00edn m\u00e1 dos\u0165, nov\u00e9 aj odsk\u00fa\u0161an\u00e9, lacn\u00e9 i drah\u00e9, tak kde je probl\u00e9m?<\/h4>\n<p><em>Stretnutie dvoch b\u00fdval\u00fdch klubov Davida Moyesa si okoren\u00edme n\u00e1zormi z\u00a0t\u00e1bora s\u00fapera. Pozvanie prijal \u010desk\u00fd Kladiv\u00e1r Mat\u011bj, administr\u00e1tor facebookovej fanpage <strong><a href=\"https:\/\/www.facebook.com\/westhamczskfans\" target=\"_blank\" rel=\"noopener\">Hammers CZ\/SK FANS<\/a><\/strong>.<\/em><\/p>\n<hr \/>\n<h4><span style=\"font-size: 12pt;\"><strong>Vitaj teda na na\u0161ich str\u00e1nkach Mat\u011bj! Ve\u013emi pekne \u010fakujem za prijatie pozvania na rozhovor pred spolo\u010dn\u00fdm duelom Hammers a Toffees. Popros\u00edm \u0165a, na \u00favod sa na\u0161im predstav. Ako si sa dostal k\u00a0fandeniu bordov\u00edm z\u00a0v\u00fdchodn\u00e9ho Lond\u00fdna? Asi to nebude len rozmar, ke\u010f si administr\u00e1tor va\u0161ej fanpage na Facebooku, a\u00a0ako dobre viem, pravidelne chod\u00edte s kolegami aj na Turnaj fanklubov.<\/strong><\/span><\/h4>\n<p>U\u017e to bude skoro 10 let. To se sice nezd\u00e1 jako hodn\u011b, ale j\u00e1 jsem po\u0159\u00e1d je\u0161t\u011b mlad\u0161\u00ed ro\u010dn\u00edk. R\u00e1d \u0159\u00edk\u00e1m, \u017ee zamilovat se do klubu je jako zamilovat se do holky. \u010clov\u011bk k tomu t\u011b\u017eko racion\u00e1ln\u011b hled\u00e1 d\u016fvod. Prost\u011b jsem vid\u011bl p\u00e1r fanou\u0161kovsk\u00fdch vide\u00ed na YouTube a ten klub ke mn\u011b p\u0159irostl. Nikdo tady u n\u00e1s o tom klubu \u017e\u00e1dn\u00e9 informace ned\u00e1val, m\u016fj kolega Hynek tehdy rozj\u00ed\u017ed\u011bl facebookovou fanpage a od t\u00e9 doby to n\u011bjak t\u00e1hneme, a sna\u017e\u00edme se udr\u017eovat a roz\u0161i\u0159ovat komunitu. Jsme i ofici\u00e1ln\u011b zaregistrovan\u00fdm fanklubem.<\/p>\n<h4><span style=\"font-size: 12pt;\"><strong>Po predstaven\u00ed mus\u00ed pr\u00eds\u0165 na rad k\u013e\u00fa\u010dov\u00e1 vec. \u010co ty a\u00a0Everton? Ako sa pozer\u00e1\u0161 n\u00e1\u0161 klub, ktor\u00e9 z\u00a0farieb mesta Liverpool s\u00fa ti bli\u017e\u0161ie? Odpove\u010f si rad\u00edme poriadne premyslie\u0165&#8230;<\/strong><\/span><\/h4>\n<p>Tak u\u017e z podstaty toho, \u017ee nefand\u00edm klubu z Top 6 se nab\u00edz\u00ed, \u017ee budu m\u00edt bl\u00ed\u017e sp\u00ed\u0161 k Evertonu. Mus\u00edm se teda ale p\u0159iznat, \u017ee jako mal\u00fd jsem m\u011bl dres Torrese z Liverpoolu&#8230; Ur\u010dit\u011b bych byl nerad, aby Everton sestoupil. Budujete si par\u00e1dn\u00ed fotbalov\u00fd st\u00e1nek &#8211; k\u00e9\u017e bychom takovou cestou \u0161li tehdy taky.<\/p>\n<h4><span style=\"font-size: 12pt;\"><strong>Fajn, po\u010fme na futbal v\u00a0London Stadium. Nebudeme zach\u00e1dza\u0165 pr\u00edli\u0161 \u010faleko, ur\u010dite n\u00e1s zauj\u00edma hlavne va\u0161a \u00e9ra pod Moyesom. Ako by si zhrnul jeho p\u00f4sobenie vo va\u0161om klube? Zhruba rok potom, \u010do v\u00e1s v\u00a0sez\u00f3ne 2017\/18 zachr\u00e1nil, ste mu dali \u0161ancu na trv\u00e1cnej\u0161\u00ed odkaz, a\u00a0zrejme sa to podarilo. 65 bodov v\u00a0Premier League, Eur\u00f3pska liga, v\u00fdhra Konferen\u010dnej&#8230;<\/strong><\/span><\/h4>\n<p>Kdy\u017e odch\u00e1zel, tak jsem ho popsal jako otravnou bejvalku, co se mo\u017en\u00e1 znova vr\u00e1t\u00ed. Bez legrace je pot\u0159eba \u0159\u00edct, \u017ee za posledn\u00ed des\u00edtky let byl objektivn\u011b nej\u00fasp\u011b\u0161n\u011bj\u0161\u00edm tren\u00e9rem. To, \u017ee p\u0159inesl do v\u00fdchodn\u00edho Lond\u00fdna trofej mu u\u017e nikdo neodp\u00e1\u0159e a bude pat\u0159it mezi legendy klubu. A \u017ee jeho styl fotbalu tak n\u011bjak fungoval pova\u017euju za takovou lehkou anom\u00e1lii. Stejn\u011b jako je t\u0159eba anom\u00e1lie to, \u017ee nedok\u00e1\u017eeme hr\u00e1t bez Antonia na hrotu.<\/p>\n<p>Prost\u011b to funguje a vy moc nev\u00edte pro\u010d. T\u00fdm st\u00e1l v podstat\u011b v\u017edy tak na maxim\u00e1ln\u011b 14 hr\u00e1\u010d\u00edch, v \u010dele t\u00fdmu byly hlavn\u011b d\u0159\u00ed\u010di. V pr\u016fb\u011bhu let tam byly v\u00fdkonnostn\u00ed v\u00fdkyvy. Nap\u0159\u00edklad po skv\u011bl\u00e9 sez\u00f3n\u011b, kde jsme smoln\u011b skon\u010dili v semifin\u00e1le Evropsk\u00e9 ligy jsme hned potom v podstat\u011b bojovali o z\u00e1chranu a nakonec vyhr\u00e1li tu trofej. K z\u00e1v\u011bru minul\u00e9 sez\u00f3ny u\u017e se kupili zbyte\u010dn\u011b vysok\u00e9 por\u00e1\u017eky a taky takov\u00e1 \u00fanava nebo vyho\u0159en\u00ed ze strany tren\u00e9ra. V\u0161ichni tu\u0161ili, \u017ee u\u017e n\u00e1m toho moc nem\u00e1 co d\u00e1t a cht\u011bli zm\u011bnu.<\/p>\n<h4><span style=\"font-size: 12pt;\"><strong>Tak, zrejme to nesta\u010dilo. Pred\u013a\u017eenie zmluvy nepri\u0161lo, a\u00a0posunuli ste sa do k\u00a0lukrat\u00edvnej\u0161\u00edm men\u00e1m. Julen Lopetegui, ktor\u00fd predt\u00fdm zachr\u00e1nil Wolves, sa ujal vedenia. Ako ste vn\u00edmali tieto kroky?<\/strong><\/span><\/h4>\n<p>Lopetegui ur\u010dit\u011b nebyl tren\u00e9r, kter\u00e9ho si fanou\u0161ci vysnili. V\u0161ichni doufali v trochu mlad\u0161\u00edho tren\u00e9ra, v\u00edc modern\u00ed \u0161kolu. Tro\u0161ku n\u00e1s uchl\u00e1cholila d\u016fv\u011bra ve sportovn\u00edho mana\u017eera Tima Steidtena, kter\u00fd p\u016fsobil d\u0159\u00edve v Leverkusenu, zaj\u00edmav\u00e9 p\u0159estupy a taky zaj\u00edmav\u00e9 namotivovan\u00e9 vystupov\u00e1n\u00ed nov\u00e9ho tren\u00e9ra.<\/p>\n<h4><span style=\"font-size: 12pt;\"><strong>Po\u010das leta bol v kab\u00edne celkom prievan. Ve\u013ek\u00e9 zmeny nastali v obrane i z\u00e1lohe, a obmenili ste aj in\u00e9 posty. M\u0148a osobne prekvapil odchod Warda-Prowsea. Ak\u00fd m\u00e1\u0161 n\u00e1zor na v\u0161etky tieto zmeny, ktor\u00e9 v\u00e1s st\u00e1li takmer 80 mili\u00f3nov libier?<\/strong><\/span><\/h4>\n<p>Bohu\u017eel se stalo to, \u010deho jsme se tak trochu ob\u00e1vali v\u0161ichni. Nov\u00e9 posily si nesedly, nov\u00fd styl fotbalu si nesedl, dokonce h\u016f\u0159 &#8211; \u017e\u00e1dn\u00fd nen\u00ed. J\u00e1 si od za\u010d\u00e1tku myslel, \u017ee se ur\u010dit\u011b budeme minim\u00e1ln\u011b prvn\u00ed p\u016flky sez\u00f3ny hledat, velk\u00fdm zklam\u00e1n\u00edm pro m\u011b je ale ten p\u0159edv\u00e1d\u011bn\u00fd styl hry, kde zat\u00edm bohu\u017eel ani nevid\u00edm nad\u011bji na zm\u011bnu. Nap\u0159\u00edklad v posledn\u00edm z\u00e1pase s Nottinghamem jsme ne\u010dekan\u011b nastoupili v \u00fapln\u011b nov\u00e9m rozestaven\u00ed a ani jsme si ne\u0161krtli. Co se t\u00fdk\u00e1 t\u011bch hr\u00e1\u010dsk\u00fdch zm\u011bn &#8211; mysl\u00edm, \u017ee n\u011bkte\u0159\u00ed hr\u00e1\u010di se zat\u00edm uk\u00e1zali dob\u0159e a jsou vylep\u0161en\u00edm na sv\u00fdch pozic\u00edch. T\u00fdk\u00e1 se to hlavn\u011b Kilmana a Wan-Bissaky. Pr\u00e1v\u011b t\u0159eba st\u0159ed z\u00e1lohy ale zat\u00edm p\u016fsob\u00ed hodn\u011b \u017ealostn\u011b a kdy\u017e se pod\u00edv\u00e1m na to, co p\u0159inesl do t\u00fdmu Rodriguez a Soler pr\u00e1v\u011b na \u00fakor tebou zm\u00edn\u011bn\u00e9ho JWP, tak je mi smutno. Sd\u00edl\u00edm s tebou to p\u0159ekvapen\u00ed a \u0161ok, \u017ee se veden\u00ed takov\u00e9ho hr\u00e1\u010de natvrdo cht\u011blo zbavit.<\/p>\n<h4><span style=\"font-size: 12pt;\"><strong>Po desiatich kol\u00e1ch ste na 14. mieste. V\u00fdsledky m\u00e1te ako na horskej dr\u00e1he, prevl\u00e1daj\u00fa v\u0161ak tie negat\u00edvne, ako napr\u00edklad posledn\u00e1 prehra s\u00a0Forest 0:3. Pre nezaujat\u00e9ho div\u00e1ka p\u00f4sob\u00edte najm\u00e4 v\u00a0obrane ve\u013emi deravo, ch\u00fdba tam v\u00e4\u010d\u0161ia organiz\u00e1cia a\u00a0Lopetegui st\u00e1le ne\u00faspe\u0161ne h\u013ead\u00e1 rie\u0161enia. Kde h\u013eada\u0165 chyby? Spom\u00edna aj jeho vyhadzov. Je to pod\u013ea teba re\u00e1lne, \u010di dokonca nutn\u00e9?<\/strong><\/span><\/h4>\n<p>Jak u\u017e jsem nazna\u010dil, a ty jsi to taky spr\u00e1vn\u011b pojmenoval. Lopetegui ne\u00fasp\u011b\u0161n\u011b hled\u00e1 \u0159e\u0161en\u00ed. Asi nikdo nemohl m\u00edt po tak velk\u00e9 prom\u011bn\u011b velk\u00e9 o\u010dek\u00e1v\u00e1n\u00ed, ale sou\u010dasn\u00e9 v\u00fdsledky a styl hry je u\u017e opravdu pod hranic\u00ed tolerance. Mysl\u00edm, \u017ee \u0161\u0165astnou v\u00fdhrou nad Manchesterem United si &#8222;koupil&#8220; tak m\u011bs\u00edc. Do t\u00e9 doby mus\u00ed ud\u011blat n\u011bjak\u00e9 dal\u0161\u00ed v\u00fdsledky, jinak si mysl\u00edm, \u017ee je opravdu re\u00e1ln\u00fd jeho konec. P\u0159ece jen byl s t\u00fdmem u\u017e od sam\u00e9ho za\u010d\u00e1tku letn\u00ed p\u0159\u00edpravy&#8230; to nen\u00ed m\u00e1lo \u010dasu.<\/p>\n<h4><span style=\"font-size: 12pt;\"><strong>\u010co o\u010dak\u00e1va\u0161 od West Hamu do konca tejto sez\u00f3ny, a\u00a0koho by si si eventu\u00e1lne prial za nov\u00e9ho mana\u017e\u00e9ra? Tipni si aj celkov\u00e9 v\u00fdsledky, kto a pre\u010do z\u00edska titul \/ zost\u00fapi.<\/strong><\/span><\/h4>\n<p>Po odpov\u011bdi na p\u0159edchoz\u00ed ot\u00e1zku je te\u010f t\u011b\u017ek\u00e9 odpov\u011bd\u011bt. M\u016f\u017ee se to zlomit na ob\u011b strany a t\u0159eba pr\u00e1v\u011b souboj s Evertonem bude hodn\u011b d\u016fle\u017eit\u00fd. Spekulovat jm\u00e9na se mi up\u0159\u00edmn\u011b moc nechce, ale abych teda splnil povinnost a jedno vyst\u0159elil, tak Edin Terzic z Dortmundu, kter\u00fd u n\u00e1s byl za dob Slavena Bilice asistent nezn\u00ed pr\u00e1v\u011b i d\u00edky t\u00e9 historii v\u016fbec \u0161patn\u011b.<\/p>\n<p>Co se t\u00fdk\u00e1 titulu, tak v\u011b\u0159\u00edm Manchesteru City. I kdy\u017e te\u010f p\u00e1rkr\u00e1t za\u0161kobrtl a nem\u00e1 \u00fapln\u011b formu, tak tu hloubku k\u00e1dru, discipl\u00ednu a s\u00edlu nikdo v lize po\u0159\u00e1d nem\u016f\u017ee dorovnat. Na druh\u00e9 stran\u011b tabulky to vid\u00edm, mo\u017en\u00e1 tro\u0161ku nudn\u011b. Na ty t\u0159i t\u00fdmy, co jsou aktu\u00e1ln\u011b dole. Sice ani jeden z na\u0161ich t\u00fdmu nem\u00e1 v\u00fdrazn\u011b v\u00edce bod\u016f, ale po deseti kolech m\u00edt takov\u00fd bodov\u00fd zisk u\u017e vypad\u00e1 pro v\u0161echny t\u0159i hodn\u011b \u017ealostn\u011b.<\/p>\n<h4><span style=\"font-size: 12pt;\"><strong>Hotovo, takmer koniec! \u010eakujem najm\u00e4 za \u010das a\u00a0ochotu podeli\u0165 sa s\u00a0na\u0161imi \u010ditate\u013emi o\u00a0tvoje n\u00e1zory. Na z\u00e1ver n\u00e1m odha\u013e tvoju predikciu sobotn\u00e9ho z\u00e1pasu. Priebeh, sk\u00f3re, strelci? Za na\u0161u redakciu prajeme ve\u013ea \u0161\u0165astia do sez\u00f3ny!<\/strong><\/span><\/h4>\n<p>Kdy\u017e tady budu hrd\u011b reprezentovat n\u00e1\u0161 klub, tak \u0159eknu tip srdcem a ne hlavou! 2:1 v\u00fdhra pro n\u00e1s. Sice budeme prohr\u00e1vat u\u017e po prvn\u00edch deseti minut\u00e1ch, ale do polo\u010dasu srovn\u00e1 Summerville a pak Sou\u010dek n\u011bjak\u00e9 kladivo hlavou t\u011bsn\u011b p\u0159ed koncem.<\/p>\n<p style=\"text-align: center;\"><strong><em>Absencie West Hamu<\/em><\/strong><em>:<br \/>\nMohammed Kudus, Edson \u00c1lvarez, Niclas F\u00fcllkrug, ot\u00e1zni Bowen &amp; Todibo<\/em><\/p>\n<hr \/>\n<h4><strong>T\u00edmov\u00e9 novinky<\/strong><\/h4>\n<p>Sean Dyche sa m\u00f4\u017ee poti\u0165 pri pomyslen\u00ed, \u017ee dnes na tr\u00e9ningu mo\u017eno neprejde selekciou na v\u00fdlet do hlavn\u00e9ho mesta Doucour\u00e9, Ndiaye a\u00a0McNeil. Najzdrav\u0161\u00ed je zrejme senegalsk\u00fd kr\u00eddeln\u00edk, ktor\u00e9ho sv\u00e4to nakopli. Doucour\u00e9ho zranenie sa udivuj\u00faco \u201ezmiernilo\u201c a\u00a0zrejme bude tla\u010den\u00fd aspo\u0148 na lavi\u010dku. Zato McNeil minul\u00fd v\u00edkend v\u00f4bec nemal hra\u0165, a\u00a0len si koleno pod\u013ea zdrojov The Athletic e\u0161te viac pokazil. Trvalo mimo s\u00fa st\u00e1le Garner, Iroegbunam a\u00a0Chermiti. Do skupinov\u00e9ho ale bezkontaktn\u00e9ho tr\u00e9ningu sa vr\u00e1til Broja. Colemana pre zmenu op\u00e4\u0165 za\u010dal \u0165aha\u0165 hamstring. Branthwaite je u\u017e zrejme rovnako ako O&#8217;Brien chr\u00e1nen\u00fd druh. Nem\u00f4\u017ee na ihrisko, hoci je zdrav\u00fd.<\/p>\n<h4><strong>Sean Dyche pred z\u00e1pasom:<\/strong><\/h4>\n<blockquote><p><span style=\"font-size: 12pt;\"><em>\u201eBoli sme u\u017e aj v lep\u0161ej forme. Mysl\u00edm si, \u017ee proti Fulhamu sme sa od toho vzdialili, ale nie\u010do z toho sme op\u00e4\u0165 uk\u00e1zali proti Southamptonu. V in\u00fdch oblastiach tohto z\u00e1pasu sme mohli by\u0165 lep\u0161\u00ed, ale ur\u010dite sme vyzerali siln\u00ed smerom dopredu a vytv\u00e1rali sme si \u0161ance. A dovoli\u0165 s\u00faperovi tak m\u00e1lo v obrane a napriek tomu prehra\u0165 z\u00e1pas, to je naozaj frustruj\u00face a tento v\u00edkend to mus\u00edme napravi\u0165. To je to, \u010do sa sna\u017e\u00edme robi\u0165. V z\u00e1pasoch sme si vytvorili to\u013eko \u0161anc\u00ed a nevyu\u017eili sme ich. A inkasujeme, ako minul\u00fd t\u00fd\u017ede\u0148, z nulovej situ\u00e1cie.\u201c<\/em><\/span><\/p><\/blockquote>\n<h4><strong>Julen Lopetegui o EFC:<\/strong><\/h4>\n<blockquote><p><span style=\"font-size: 12pt;\"><em>\u201eNie sme spokojn\u00ed s t\u00fdm, kde sme celkovo, ale v posledn\u00fdch dvoch z\u00e1pasoch doma sme dosiahli dobr\u00e9 v\u00fdsledky. S\u00fastred\u00edme sa preto na to, aby sme do z\u00e1pasu Evertonu vniesli pozit\u00edvnu mentalitu. Pod\u013ea m\u00f4jho n\u00e1zoru s\u00fa st\u00e1le lep\u0161\u00ed a lep\u0161\u00ed. Mysl\u00edm si, \u017ee sa zlep\u0161ili oproti minul\u00e9mu roku. Maj\u00fa tr\u00e9nera, ktor\u00fd ve\u013emi dobre pozn\u00e1 Premier League, m\u00e1 ve\u013ea sk\u00fasenost\u00ed a neust\u00e1le im pom\u00e1ha rozv\u00edja\u0165 sa. Maj\u00fa ve\u013emi vyv\u00e1\u017een\u00fd a komplexn\u00fd t\u00edm a vieme, \u017ee ich bude \u0165a\u017ek\u00e9 porazi\u0165. Z\u00e1rove\u0148 ver\u00edme v seba ako v\u017edy. Urob\u00edme, \u010do je v na\u0161ich sil\u00e1ch, aby sme dosiahli ten spr\u00e1vny v\u00fdsledok.\u201c<\/em><\/span><\/p><\/blockquote>\n<h4 style=\"text-align: center;\"><span style=\"text-decoration: underline;\"><strong>\u0160tatistick\u00e9 okienko:<\/strong><\/span><\/h4>\n<ul>\n<li>West Ham United vyhral 7 z posledn\u00fdch 13 z\u00e1pasov Premier League proti Evertonu, to\u013eko v\u00ed\u0165azstiev ako v predch\u00e1dzaj\u00facich 43 stretnutiach.<\/li>\n<li>29 v\u00ed\u0165azstiev Evertonu a 13 na tr\u00e1vniku s\u00fapera je najviac v Premier League proti ak\u00e9muko\u013evek s\u00faperovi.<\/li>\n<li>Everton prehral iba tri z \u00f4smich n\u00e1v\u0161tev\u00a0London Stadium od pres\u0165ahovania sa WHU, pri\u010dom tri vyhral a dvakr\u00e1t remizoval.<\/li>\n<li>Obidve ligov\u00e9 stretnutia v minulej sez\u00f3ne vyhrali hos\u0165uj\u00face t\u00edmy.<\/li>\n<li>West Ham v lige t\u00fato sez\u00f3nu prehral 5 z 10 z\u00e1pasov, ale e\u0161te neprehral po sebe id\u00face z\u00e1pasy. V\u0161etk\u00fdch 5 prehier pri\u0161lo proti t\u00edmom, ktor\u00e9 s\u00fa moment\u00e1lne v hornej sedmi\u010dke tabu\u013eky.<\/li>\n<li>Dev\u00e4\u0165 bodov Evertonu je v\u00a0klube najmenej po 10 z\u00e1pasoch sez\u00f3ny od nazbierania \u00f4smich v roku 2017. Ronald Koeman bol odvolan\u00fd z postu mana\u017e\u00e9ra po deviatich z\u00e1pasoch vtedaj\u0161ej kampane.<\/li>\n<li>Kladiv\u00e1ri v posledn\u00fdch 28 ligov\u00fdch z\u00e1pasoch udr\u017eali iba jedno \u010dist\u00e9 konto, 24. augusta vyhrali na ihrisku Crystal Palace 2:0.<\/li>\n<li>U\u017e je to takmer rok, \u010do Toffees vyhrali ligov\u00fd z\u00e1pas v hlavnom meste, 11. novembra 2023 porazili Crystal Palace 3:2.<\/li>\n<\/ul>\n<h3 style=\"text-align: center;\"><span style=\"color: #3366ff;\"><em><strong>Up The Toffees !!!<\/strong><\/em><\/span><\/h3>\n<p><strong>\u010co:<\/strong> West Ham United FC \u2013 Everton FC, 11. kolo Premier League<br \/>\n<strong>Kedy:<\/strong> 9.11. 2024 od 16:00 SE\u010c<br \/>\n<strong>Ako: <\/strong>priamy prenos Canal+Sport (komentuje Ond\u0159ej L\u00edpa)<br \/>\n<strong>Kde:<\/strong> London Stadium \u2013 Lond\u00fdn E20 2ST (kapacita: 62 500)<br \/>\n<strong>Rozhodca:<\/strong> Stuart Attwell \u00a0<strong>Asistenti:<\/strong> C. Hatzidakis, W. Smith \u00a0<strong>\u0160tvrt\u00fd rozhodca:<\/strong> T. Robinson<br \/>\n<strong>VAR:<\/strong> Darren England \u00a0<strong>Asistent VAR:<\/strong> James Mainwaring<\/p>\n","protected":false},"excerpt":{"rendered":"<p>Prich\u00e1dzame na hor\u00facu p\u00f4du Kladiv\u00e1rov, kde nov\u00fd kov\u00e1\u010d e\u0161te st\u00e1le nestihol ukova\u0165 \u017eiadne poriadne kladivo, nie to dve. M\u00f4\u017ee tak pr\u00eds\u0165 o pr\u00e1cu. Kovadl\u00edn m\u00e1 dos\u0165, nov\u00e9 aj odsk\u00fa\u0161an\u00e9, lacn\u00e9 i drah\u00e9, tak kde je probl\u00e9m?<\/p>\n","protected":false},"author":1,"featured_media":15260,"comment_status":"open","ping_status":"closed","sticky":false,"template":"","format":"standard","meta":{"_eb_attr":"","_monsterinsights_skip_tracking":false,"_monsterinsights_sitenote_active":false,"_monsterinsights_sitenote_note":"","_monsterinsights_sitenote_category":0,"footnotes":""},"categories":[4],"tags":[],"yoast_head":"<!-- This site is optimized with the Yoast SEO plugin v23.4 - https:\/\/yoast.com\/wordpress\/plugins\/seo\/ -->\n<title>Preview: West Ham United \u2013 Everton - Official Czech &amp; Slovak Everton Supporters&#039; Club<\/title>\n<meta name=\"robots\" content=\"index, follow, max-snippet:-1, max-image-preview:large, max-video-preview:-1\" \/>\n<link rel=\"canonical\" href=\"https:\/\/evertonfc.cz\/index.php\/2024\/11\/08\/preview-west-ham-united-everton-10\/\" \/>\n<meta property=\"og:locale\" content=\"cs_CZ\" \/>\n<meta property=\"og:type\" content=\"article\" \/>\n<meta property=\"og:title\" content=\"Preview: West Ham United \u2013 Everton - Official Czech &amp; Slovak Everton Supporters&#039; Club\" \/>\n<meta property=\"og:description\" content=\"Prich\u00e1dzame na hor\u00facu p\u00f4du Kladiv\u00e1rov, kde nov\u00fd kov\u00e1\u010d e\u0161te st\u00e1le nestihol ukova\u0165 \u017eiadne poriadne kladivo, nie to dve. M\u00f4\u017ee tak pr\u00eds\u0165 o pr\u00e1cu. Kovadl\u00edn m\u00e1 dos\u0165, nov\u00e9 aj odsk\u00fa\u0161an\u00e9, lacn\u00e9 i drah\u00e9, tak kde je probl\u00e9m?\" \/>\n<meta property=\"og:url\" content=\"https:\/\/evertonfc.cz\/index.php\/2024\/11\/08\/preview-west-ham-united-everton-10\/\" \/>\n<meta property=\"og:site_name\" content=\"Official Czech &amp; Slovak Everton Supporters&#039; Club\" \/>\n<meta property=\"article:publisher\" content=\"https:\/\/www.facebook.com\/everton.fans.cz.sk\" \/>\n<meta property=\"article:published_time\" content=\"2024-11-08T17:09:43+00:00\" \/>\n<meta property=\"article:modified_time\" content=\"2024-11-09T10:44:17+00:00\" \/>\n<meta property=\"og:image\" content=\"https:\/\/evertonfc.cz\/wp-content\/uploads\/2021\/05\/West-Ham-United-VS-Everton-London-Stadium.jpg\" \/>\n\t<meta property=\"og:image:width\" content=\"720\" \/>\n\t<meta property=\"og:image:height\" content=\"405\" \/>\n\t<meta property=\"og:image:type\" content=\"image\/jpeg\" \/>\n<meta name=\"author\" content=\"BlueBlooded\" \/>\n<meta name=\"twitter:card\" content=\"summary_large_image\" \/>\n<meta name=\"twitter:label1\" content=\"Napsal(a)\" \/>\n\t<meta name=\"twitter:data1\" content=\"BlueBlooded\" \/>\n\t<meta name=\"twitter:label2\" content=\"Odhadovan\u00e1 doba \u010dten\u00ed\" \/>\n\t<meta name=\"twitter:data2\" content=\"9 minut\" \/>\n<script type=\"application\/ld+json\" class=\"yoast-schema-graph\">{\"@context\":\"https:\/\/schema.org\",\"@graph\":[{\"@type\":\"Article\",\"@id\":\"https:\/\/evertonfc.cz\/index.php\/2024\/11\/08\/preview-west-ham-united-everton-10\/#article\",\"isPartOf\":{\"@id\":\"https:\/\/evertonfc.cz\/index.php\/2024\/11\/08\/preview-west-ham-united-everton-10\/\"},\"author\":{\"name\":\"BlueBlooded\",\"@id\":\"https:\/\/evertonfc.cz\/#\/schema\/person\/d4493b8cbea51532597fbc4685698916\"},\"headline\":\"Preview: West Ham United \u2013 Everton\",\"datePublished\":\"2024-11-08T17:09:43+00:00\",\"dateModified\":\"2024-11-09T10:44:17+00:00\",\"mainEntityOfPage\":{\"@id\":\"https:\/\/evertonfc.cz\/index.php\/2024\/11\/08\/preview-west-ham-united-everton-10\/\"},\"wordCount\":2160,\"commentCount\":11,\"publisher\":{\"@id\":\"https:\/\/evertonfc.cz\/#organization\"},\"image\":{\"@id\":\"https:\/\/evertonfc.cz\/index.php\/2024\/11\/08\/preview-west-ham-united-everton-10\/#primaryimage\"},\"thumbnailUrl\":\"https:\/\/evertonfc.cz\/wp-content\/uploads\/2021\/05\/West-Ham-United-VS-Everton-London-Stadium.jpg\",\"articleSection\":[\"Z\u00e1pasy\"],\"inLanguage\":\"cs\",\"potentialAction\":[{\"@type\":\"CommentAction\",\"name\":\"Comment\",\"target\":[\"https:\/\/evertonfc.cz\/index.php\/2024\/11\/08\/preview-west-ham-united-everton-10\/#respond\"]}]},{\"@type\":\"WebPage\",\"@id\":\"https:\/\/evertonfc.cz\/index.php\/2024\/11\/08\/preview-west-ham-united-everton-10\/\",\"url\":\"https:\/\/evertonfc.cz\/index.php\/2024\/11\/08\/preview-west-ham-united-everton-10\/\",\"name\":\"Preview: West Ham United \u2013 Everton - Official Czech &amp; Slovak Everton Supporters&#039; Club\",\"isPartOf\":{\"@id\":\"https:\/\/evertonfc.cz\/#website\"},\"primaryImageOfPage\":{\"@id\":\"https:\/\/evertonfc.cz\/index.php\/2024\/11\/08\/preview-west-ham-united-everton-10\/#primaryimage\"},\"image\":{\"@id\":\"https:\/\/evertonfc.cz\/index.php\/2024\/11\/08\/preview-west-ham-united-everton-10\/#primaryimage\"},\"thumbnailUrl\":\"https:\/\/evertonfc.cz\/wp-content\/uploads\/2021\/05\/West-Ham-United-VS-Everton-London-Stadium.jpg\",\"datePublished\":\"2024-11-08T17:09:43+00:00\",\"dateModified\":\"2024-11-09T10:44:17+00:00\",\"breadcrumb\":{\"@id\":\"https:\/\/evertonfc.cz\/index.php\/2024\/11\/08\/preview-west-ham-united-everton-10\/#breadcrumb\"},\"inLanguage\":\"cs\",\"potentialAction\":[{\"@type\":\"ReadAction\",\"target\":[\"https:\/\/evertonfc.cz\/index.php\/2024\/11\/08\/preview-west-ham-united-everton-10\/\"]}]},{\"@type\":\"ImageObject\",\"inLanguage\":\"cs\",\"@id\":\"https:\/\/evertonfc.cz\/index.php\/2024\/11\/08\/preview-west-ham-united-everton-10\/#primaryimage\",\"url\":\"https:\/\/evertonfc.cz\/wp-content\/uploads\/2021\/05\/West-Ham-United-VS-Everton-London-Stadium.jpg\",\"contentUrl\":\"https:\/\/evertonfc.cz\/wp-content\/uploads\/2021\/05\/West-Ham-United-VS-Everton-London-Stadium.jpg\",\"width\":720,\"height\":405},{\"@type\":\"BreadcrumbList\",\"@id\":\"https:\/\/evertonfc.cz\/index.php\/2024\/11\/08\/preview-west-ham-united-everton-10\/#breadcrumb\",\"itemListElement\":[{\"@type\":\"ListItem\",\"position\":1,\"name\":\"Home\",\"item\":\"https:\/\/evertonfc.cz\/\"},{\"@type\":\"ListItem\",\"position\":2,\"name\":\"Preview: West Ham United \u2013 Everton\"}]},{\"@type\":\"WebSite\",\"@id\":\"https:\/\/evertonfc.cz\/#website\",\"url\":\"https:\/\/evertonfc.cz\/\",\"name\":\"Official Czech &amp; Slovak Everton Supporters&#039; Club\",\"description\":\"\",\"publisher\":{\"@id\":\"https:\/\/evertonfc.cz\/#organization\"},\"potentialAction\":[{\"@type\":\"SearchAction\",\"target\":{\"@type\":\"EntryPoint\",\"urlTemplate\":\"https:\/\/evertonfc.cz\/?s={search_term_string}\"},\"query-input\":{\"@type\":\"PropertyValueSpecification\",\"valueRequired\":true,\"valueName\":\"search_term_string\"}}],\"inLanguage\":\"cs\"},{\"@type\":\"Organization\",\"@id\":\"https:\/\/evertonfc.cz\/#organization\",\"name\":\"Official Czech & Slovak Everton Supporters' Club\",\"url\":\"https:\/\/evertonfc.cz\/\",\"logo\":{\"@type\":\"ImageObject\",\"inLanguage\":\"cs\",\"@id\":\"https:\/\/evertonfc.cz\/#\/schema\/logo\/image\/\",\"url\":\"https:\/\/evertonfc.cz\/wp-content\/uploads\/2019\/05\/logo.png\",\"contentUrl\":\"https:\/\/evertonfc.cz\/wp-content\/uploads\/2019\/05\/logo.png\",\"width\":112,\"height\":112,\"caption\":\"Official Czech & Slovak Everton Supporters' Club\"},\"image\":{\"@id\":\"https:\/\/evertonfc.cz\/#\/schema\/logo\/image\/\"},\"sameAs\":[\"https:\/\/www.facebook.com\/everton.fans.cz.sk\"]},{\"@type\":\"Person\",\"@id\":\"https:\/\/evertonfc.cz\/#\/schema\/person\/d4493b8cbea51532597fbc4685698916\",\"name\":\"BlueBlooded\",\"url\":\"https:\/\/evertonfc.cz\/index.php\/author\/admin\/\"}]}<\/script>\n<!-- \/ Yoast SEO plugin. -->","yoast_head_json":{"title":"Preview: West Ham United \u2013 Everton - Official Czech &amp; Slovak Everton Supporters&#039; Club","robots":{"index":"index","follow":"follow","max-snippet":"max-snippet:-1","max-image-preview":"max-image-preview:large","max-video-preview":"max-video-preview:-1"},"canonical":"https:\/\/evertonfc.cz\/index.php\/2024\/11\/08\/preview-west-ham-united-everton-10\/","og_locale":"cs_CZ","og_type":"article","og_title":"Preview: West Ham United \u2013 Everton - Official Czech &amp; Slovak Everton Supporters&#039; Club","og_description":"Prich\u00e1dzame na hor\u00facu p\u00f4du Kladiv\u00e1rov, kde nov\u00fd kov\u00e1\u010d e\u0161te st\u00e1le nestihol ukova\u0165 \u017eiadne poriadne kladivo, nie to dve. M\u00f4\u017ee tak pr\u00eds\u0165 o pr\u00e1cu. Kovadl\u00edn m\u00e1 dos\u0165, nov\u00e9 aj odsk\u00fa\u0161an\u00e9, lacn\u00e9 i drah\u00e9, tak kde je probl\u00e9m?","og_url":"https:\/\/evertonfc.cz\/index.php\/2024\/11\/08\/preview-west-ham-united-everton-10\/","og_site_name":"Official Czech &amp; Slovak Everton Supporters&#039; Club","article_publisher":"https:\/\/www.facebook.com\/everton.fans.cz.sk","article_published_time":"2024-11-08T17:09:43+00:00","article_modified_time":"2024-11-09T10:44:17+00:00","og_image":[{"width":720,"height":405,"url":"https:\/\/evertonfc.cz\/wp-content\/uploads\/2021\/05\/West-Ham-United-VS-Everton-London-Stadium.jpg","type":"image\/jpeg"}],"author":"BlueBlooded","twitter_card":"summary_large_image","twitter_misc":{"Napsal(a)":"BlueBlooded","Odhadovan\u00e1 doba \u010dten\u00ed":"9 minut"},"schema":{"@context":"https:\/\/schema.org","@graph":[{"@type":"Article","@id":"https:\/\/evertonfc.cz\/index.php\/2024\/11\/08\/preview-west-ham-united-everton-10\/#article","isPartOf":{"@id":"https:\/\/evertonfc.cz\/index.php\/2024\/11\/08\/preview-west-ham-united-everton-10\/"},"author":{"name":"BlueBlooded","@id":"https:\/\/evertonfc.cz\/#\/schema\/person\/d4493b8cbea51532597fbc4685698916"},"headline":"Preview: West Ham United \u2013 Everton","datePublished":"2024-11-08T17:09:43+00:00","dateModified":"2024-11-09T10:44:17+00:00","mainEntityOfPage":{"@id":"https:\/\/evertonfc.cz\/index.php\/2024\/11\/08\/preview-west-ham-united-everton-10\/"},"wordCount":2160,"commentCount":11,"publisher":{"@id":"https:\/\/evertonfc.cz\/#organization"},"image":{"@id":"https:\/\/evertonfc.cz\/index.php\/2024\/11\/08\/preview-west-ham-united-everton-10\/#primaryimage"},"thumbnailUrl":"https:\/\/evertonfc.cz\/wp-content\/uploads\/2021\/05\/West-Ham-United-VS-Everton-London-Stadium.jpg","articleSection":["Z\u00e1pasy"],"inLanguage":"cs","potentialAction":[{"@type":"CommentAction","name":"Comment","target":["https:\/\/evertonfc.cz\/index.php\/2024\/11\/08\/preview-west-ham-united-everton-10\/#respond"]}]},{"@type":"WebPage","@id":"https:\/\/evertonfc.cz\/index.php\/2024\/11\/08\/preview-west-ham-united-everton-10\/","url":"https:\/\/evertonfc.cz\/index.php\/2024\/11\/08\/preview-west-ham-united-everton-10\/","name":"Preview: West Ham United \u2013 Everton - Official Czech &amp; Slovak Everton Supporters&#039; Club","isPartOf":{"@id":"https:\/\/evertonfc.cz\/#website"},"primaryImageOfPage":{"@id":"https:\/\/evertonfc.cz\/index.php\/2024\/11\/08\/preview-west-ham-united-everton-10\/#primaryimage"},"image":{"@id":"https:\/\/evertonfc.cz\/index.php\/2024\/11\/08\/preview-west-ham-united-everton-10\/#primaryimage"},"thumbnailUrl":"https:\/\/evertonfc.cz\/wp-content\/uploads\/2021\/05\/West-Ham-United-VS-Everton-London-Stadium.jpg","datePublished":"2024-11-08T17:09:43+00:00","dateModified":"2024-11-09T10:44:17+00:00","breadcrumb":{"@id":"https:\/\/evertonfc.cz\/index.php\/2024\/11\/08\/preview-west-ham-united-everton-10\/#breadcrumb"},"inLanguage":"cs","potentialAction":[{"@type":"ReadAction","target":["https:\/\/evertonfc.cz\/index.php\/2024\/11\/08\/preview-west-ham-united-everton-10\/"]}]},{"@type":"ImageObject","inLanguage":"cs","@id":"https:\/\/evertonfc.cz\/index.php\/2024\/11\/08\/preview-west-ham-united-everton-10\/#primaryimage","url":"https:\/\/evertonfc.cz\/wp-content\/uploads\/2021\/05\/West-Ham-United-VS-Everton-London-Stadium.jpg","contentUrl":"https:\/\/evertonfc.cz\/wp-content\/uploads\/2021\/05\/West-Ham-United-VS-Everton-London-Stadium.jpg","width":720,"height":405},{"@type":"BreadcrumbList","@id":"https:\/\/evertonfc.cz\/index.php\/2024\/11\/08\/preview-west-ham-united-everton-10\/#breadcrumb","itemListElement":[{"@type":"ListItem","position":1,"name":"Home","item":"https:\/\/evertonfc.cz\/"},{"@type":"ListItem","position":2,"name":"Preview: West Ham United \u2013 Everton"}]},{"@type":"WebSite","@id":"https:\/\/evertonfc.cz\/#website","url":"https:\/\/evertonfc.cz\/","name":"Official Czech &amp; Slovak Everton Supporters&#039; Club","description":"","publisher":{"@id":"https:\/\/evertonfc.cz\/#organization"},"potentialAction":[{"@type":"SearchAction","target":{"@type":"EntryPoint","urlTemplate":"https:\/\/evertonfc.cz\/?s={search_term_string}"},"query-input":{"@type":"PropertyValueSpecification","valueRequired":true,"valueName":"search_term_string"}}],"inLanguage":"cs"},{"@type":"Organization","@id":"https:\/\/evertonfc.cz\/#organization","name":"Official Czech & Slovak Everton Supporters' Club","url":"https:\/\/evertonfc.cz\/","logo":{"@type":"ImageObject","inLanguage":"cs","@id":"https:\/\/evertonfc.cz\/#\/schema\/logo\/image\/","url":"https:\/\/evertonfc.cz\/wp-content\/uploads\/2019\/05\/logo.png","contentUrl":"https:\/\/evertonfc.cz\/wp-content\/uploads\/2019\/05\/logo.png","width":112,"height":112,"caption":"Official Czech & Slovak Everton Supporters' Club"},"image":{"@id":"https:\/\/evertonfc.cz\/#\/schema\/logo\/image\/"},"sameAs":["https:\/\/www.facebook.com\/everton.fans.cz.sk"]},{"@type":"Person","@id":"https:\/\/evertonfc.cz\/#\/schema\/person\/d4493b8cbea51532597fbc4685698916","name":"BlueBlooded","url":"https:\/\/evertonfc.cz\/index.php\/author\/admin\/"}]}},"_links":{"self":[{"href":"https:\/\/evertonfc.cz\/index.php\/wp-json\/wp\/v2\/posts\/25581"}],"collection":[{"href":"https:\/\/evertonfc.cz\/index.php\/wp-json\/wp\/v2\/posts"}],"about":[{"href":"https:\/\/evertonfc.cz\/index.php\/wp-json\/wp\/v2\/types\/post"}],"author":[{"embeddable":true,"href":"https:\/\/evertonfc.cz\/index.php\/wp-json\/wp\/v2\/users\/1"}],"replies":[{"embeddable":true,"href":"https:\/\/evertonfc.cz\/index.php\/wp-json\/wp\/v2\/comments?post=25581"}],"version-history":[{"count":8,"href":"https:\/\/evertonfc.cz\/index.php\/wp-json\/wp\/v2\/posts\/25581\/revisions"}],"predecessor-version":[{"id":25589,"href":"https:\/\/evertonfc.cz\/index.php\/wp-json\/wp\/v2\/posts\/25581\/revisions\/25589"}],"wp:featuredmedia":[{"embeddable":true,"href":"https:\/\/evertonfc.cz\/index.php\/wp-json\/wp\/v2\/media\/15260"}],"wp:attachment":[{"href":"https:\/\/evertonfc.cz\/index.php\/wp-json\/wp\/v2\/media?parent=25581"}],"wp:term":[{"taxonomy":"category","embeddable":true,"href":"https:\/\/evertonfc.cz\/index.php\/wp-json\/wp\/v2\/categories?post=25581"},{"taxonomy":"post_tag","embeddable":true,"href":"https:\/\/evertonfc.cz\/index.php\/wp-json\/wp\/v2\/tags?post=25581"}],"curies":[{"name":"wp","href":"https:\/\/api.w.org\/{rel}","templated":true}]}}