{"id":2563,"date":"2017-09-19T22:39:14","date_gmt":"2017-09-19T20:39:14","guid":{"rendered":"http:\/\/evertonfc.cz\/?p=2563"},"modified":"2019-02-09T12:05:04","modified_gmt":"2019-02-09T11:05:04","slug":"koeman-dostane-cas-napravit-nevydareny-start","status":"publish","type":"post","link":"https:\/\/evertonfc.cz\/index.php\/2017\/09\/19\/koeman-dostane-cas-napravit-nevydareny-start\/","title":{"rendered":"Koeman dostane \u010das napravit nevyda\u0159en\u00fd start"},"content":{"rendered":"\r\n<h4>Podle novin\u00e1\u0159e Matta Lawa z britsk\u00e9ho pl\u00e1tku Telegraph se Ronald Koeman t\u011b\u0161\u00ed d\u016fv\u011b\u0159e veden\u00ed Evertonu, p\u0159esto\u017ee se t\u00fdmu na prahu nov\u00e9 sez\u00f3ny neda\u0159\u00ed.<\/h4>\r\n\r\n\r\n\r\n<p>Toffees v l\u00e9t\u011b utratili na posil\u00e1ch v\u00edce ne\u017e 130 milion\u016f liber. S ohledem na tento fakt mana\u017eer Manchesteru United Jos\u00e9 Mourinho prohl\u00e1sil, \u017ee c\u00edlem klubu by m\u011blo um\u00edst\u011bn\u00ed v\u00a0prvn\u00ed \u010dty\u0159ce Premier League.<\/p>\r\n\r\n\r\n\r\n<p>Koemanovo mu\u017estvo je v\u0161ak v\u00a0tabulce po p\u011bti ligov\u00fdch kolech a\u017e t\u0159et\u00ed od konce. Zv\u00edt\u011bzilo pouze jednou a p\u0159i posledn\u00edch t\u0159ech prohr\u00e1ch, a\u010d se v nich poka\u017ed\u00e9 st\u0159etlo s aspiranty na titul, inkasovalo dev\u011bt branek. Nelichotivou formu nav\u00edc podtrhuje t\u0159\u00edbrankov\u00e1 prohra s Atalantou v Evropsk\u00e9 lize.<\/p>\r\n\r\n\r\n\r\n<p>I vzhledem k vyhazovu Franka de Boera z Crystalu Palace po pouh\u00fdch \u010dty\u0159ech z\u00e1pasech se nap\u0159\u00ed\u010d fotbalovou sc\u00e9nou za\u010dala zpochyb\u0148ovat Koemanova pozice. V\u011bt\u0161ina britsk\u00fdch s\u00e1zkov\u00fdch kancel\u00e1\u0159\u00ed ozna\u010dila Nizozemce za favorita nejbli\u017e\u0161\u00edho vyhazovu.<\/p>\r\n\r\n\r\n\r\n<p>Podle informac\u00ed Telegraphu ale Farhad Moshiri, vlastn\u00edk nejv\u011bt\u0161\u00edho pod\u00edlu v Evertonu, neuva\u017euje, \u017ee by Koemana propustil. \u00dasp\u011b\u0161n\u00fd obchodn\u00edk si je v\u011bdom obrovsk\u00e9 letn\u00ed p\u0159estavby a sv\u00e9mu mana\u017eerovi poskytne dostatek \u010dasu, aby v\u00fdsledky zlep\u0161il. Na druhou stranu st\u00e1le po\u017eaduje, aby byl spln\u011bn leto\u0161n\u00ed c\u00edl kvalifikovat se do evropsk\u00fdch poh\u00e1r\u016f a pokusit se skon\u010dit do \u0161est\u00e9ho m\u00edsta v lize.<\/p>\r\n\r\n\r\n\r\n<p>Moshiri dob\u0159e v\u00ed, \u017ee i kdy\u017e klub v l\u00e9t\u011b mohutn\u011b investoval, nepoda\u0159ilo pos\u00edlit v\u0161echny \u017e\u00e1dan\u00e9 pozice. O selh\u00e1n\u00ed p\u0159iv\u00e9st nov\u00e9ho \u00fato\u010dn\u00edka se napsalo u\u017e dost. Anga\u017eovat kvalitn\u00edho zakon\u010dovatele se Everton bude sna\u017eit b\u011bhem lednov\u00e9ho p\u0159estupn\u00edho term\u00ednu. Do t\u00e9 doby mus\u00ed Koeman pracovat se st\u00e1vaj\u00edc\u00edm k\u00e1drem.<\/p>\r\n","protected":false},"excerpt":{"rendered":"<p>Podle novin\u00e1\u0159e Matta Lawa z britsk\u00e9ho pl\u00e1tku Telegraph se Ronald Koeman t\u011b\u0161\u00ed d\u016fv\u011b\u0159e veden\u00ed Evertonu, p\u0159esto\u017ee se t\u00fdmu na prahu&hellip;<\/p>\n","protected":false},"author":6,"featured_media":1313,"comment_status":"open","ping_status":"closed","sticky":false,"template":"","format":"standard","meta":{"_eb_attr":"","_monsterinsights_skip_tracking":false,"_monsterinsights_sitenote_active":false,"_monsterinsights_sitenote_note":"","_monsterinsights_sitenote_category":0,"footnotes":""},"categories":[42],"tags":[],"yoast_head":"<!-- This site is optimized with the Yoast SEO plugin v23.4 - https:\/\/yoast.com\/wordpress\/plugins\/seo\/ -->\n<title>Koeman dostane \u010das napravit nevyda\u0159en\u00fd start - Official Czech &amp; Slovak Everton Supporters&#039; Club<\/title>\n<meta name=\"robots\" content=\"index, follow, max-snippet:-1, max-image-preview:large, max-video-preview:-1\" \/>\n<link rel=\"canonical\" href=\"https:\/\/evertonfc.cz\/index.php\/2017\/09\/19\/koeman-dostane-cas-napravit-nevydareny-start\/\" \/>\n<meta property=\"og:locale\" content=\"cs_CZ\" \/>\n<meta property=\"og:type\" content=\"article\" \/>\n<meta property=\"og:title\" content=\"Koeman dostane \u010das napravit nevyda\u0159en\u00fd start - Official Czech &amp; Slovak Everton Supporters&#039; Club\" \/>\n<meta property=\"og:description\" content=\"Podle novin\u00e1\u0159e Matta Lawa z britsk\u00e9ho pl\u00e1tku Telegraph se Ronald Koeman t\u011b\u0161\u00ed d\u016fv\u011b\u0159e veden\u00ed Evertonu, p\u0159esto\u017ee se t\u00fdmu na prahu&hellip;\" \/>\n<meta property=\"og:url\" content=\"https:\/\/evertonfc.cz\/index.php\/2017\/09\/19\/koeman-dostane-cas-napravit-nevydareny-start\/\" \/>\n<meta property=\"og:site_name\" content=\"Official Czech &amp; Slovak Everton Supporters&#039; Club\" \/>\n<meta property=\"article:publisher\" content=\"https:\/\/www.facebook.com\/everton.fans.cz.sk\" \/>\n<meta property=\"article:published_time\" content=\"2017-09-19T20:39:14+00:00\" \/>\n<meta property=\"article:modified_time\" content=\"2019-02-09T11:05:04+00:00\" \/>\n<meta property=\"og:image\" content=\"https:\/\/evertonfc.cz\/wp-content\/uploads\/2019\/01\/news.jpg\" \/>\n\t<meta property=\"og:image:width\" content=\"720\" \/>\n\t<meta property=\"og:image:height\" content=\"405\" \/>\n\t<meta property=\"og:image:type\" content=\"image\/jpeg\" \/>\n<meta name=\"author\" content=\"Ri\u010di\" \/>\n<meta name=\"twitter:card\" content=\"summary_large_image\" \/>\n<meta name=\"twitter:creator\" content=\"@rbrejsa\" \/>\n<meta name=\"twitter:label1\" content=\"Napsal(a)\" \/>\n\t<meta name=\"twitter:data1\" content=\"Ri\u010di\" \/>\n\t<meta name=\"twitter:label2\" content=\"Odhadovan\u00e1 doba \u010dten\u00ed\" \/>\n\t<meta name=\"twitter:data2\" content=\"2 minuty\" \/>\n<script type=\"application\/ld+json\" class=\"yoast-schema-graph\">{\"@context\":\"https:\/\/schema.org\",\"@graph\":[{\"@type\":\"Article\",\"@id\":\"https:\/\/evertonfc.cz\/index.php\/2017\/09\/19\/koeman-dostane-cas-napravit-nevydareny-start\/#article\",\"isPartOf\":{\"@id\":\"https:\/\/evertonfc.cz\/index.php\/2017\/09\/19\/koeman-dostane-cas-napravit-nevydareny-start\/\"},\"author\":{\"name\":\"Ri\u010di\",\"@id\":\"https:\/\/evertonfc.cz\/#\/schema\/person\/f7a5daedb2ffee98480bc70e191aaef1\"},\"headline\":\"Koeman dostane \u010das napravit nevyda\u0159en\u00fd start\",\"datePublished\":\"2017-09-19T20:39:14+00:00\",\"dateModified\":\"2019-02-09T11:05:04+00:00\",\"mainEntityOfPage\":{\"@id\":\"https:\/\/evertonfc.cz\/index.php\/2017\/09\/19\/koeman-dostane-cas-napravit-nevydareny-start\/\"},\"wordCount\":337,\"commentCount\":0,\"publisher\":{\"@id\":\"https:\/\/evertonfc.cz\/#organization\"},\"image\":{\"@id\":\"https:\/\/evertonfc.cz\/index.php\/2017\/09\/19\/koeman-dostane-cas-napravit-nevydareny-start\/#primaryimage\"},\"thumbnailUrl\":\"https:\/\/evertonfc.cz\/wp-content\/uploads\/2019\/01\/news.jpg\",\"articleSection\":[\"Aktuality\"],\"inLanguage\":\"cs\",\"potentialAction\":[{\"@type\":\"CommentAction\",\"name\":\"Comment\",\"target\":[\"https:\/\/evertonfc.cz\/index.php\/2017\/09\/19\/koeman-dostane-cas-napravit-nevydareny-start\/#respond\"]}]},{\"@type\":\"WebPage\",\"@id\":\"https:\/\/evertonfc.cz\/index.php\/2017\/09\/19\/koeman-dostane-cas-napravit-nevydareny-start\/\",\"url\":\"https:\/\/evertonfc.cz\/index.php\/2017\/09\/19\/koeman-dostane-cas-napravit-nevydareny-start\/\",\"name\":\"Koeman dostane \u010das napravit nevyda\u0159en\u00fd start - Official Czech &amp; Slovak Everton Supporters&#039; Club\",\"isPartOf\":{\"@id\":\"https:\/\/evertonfc.cz\/#website\"},\"primaryImageOfPage\":{\"@id\":\"https:\/\/evertonfc.cz\/index.php\/2017\/09\/19\/koeman-dostane-cas-napravit-nevydareny-start\/#primaryimage\"},\"image\":{\"@id\":\"https:\/\/evertonfc.cz\/index.php\/2017\/09\/19\/koeman-dostane-cas-napravit-nevydareny-start\/#primaryimage\"},\"thumbnailUrl\":\"https:\/\/evertonfc.cz\/wp-content\/uploads\/2019\/01\/news.jpg\",\"datePublished\":\"2017-09-19T20:39:14+00:00\",\"dateModified\":\"2019-02-09T11:05:04+00:00\",\"breadcrumb\":{\"@id\":\"https:\/\/evertonfc.cz\/index.php\/2017\/09\/19\/koeman-dostane-cas-napravit-nevydareny-start\/#breadcrumb\"},\"inLanguage\":\"cs\",\"potentialAction\":[{\"@type\":\"ReadAction\",\"target\":[\"https:\/\/evertonfc.cz\/index.php\/2017\/09\/19\/koeman-dostane-cas-napravit-nevydareny-start\/\"]}]},{\"@type\":\"ImageObject\",\"inLanguage\":\"cs\",\"@id\":\"https:\/\/evertonfc.cz\/index.php\/2017\/09\/19\/koeman-dostane-cas-napravit-nevydareny-start\/#primaryimage\",\"url\":\"https:\/\/evertonfc.cz\/wp-content\/uploads\/2019\/01\/news.jpg\",\"contentUrl\":\"https:\/\/evertonfc.cz\/wp-content\/uploads\/2019\/01\/news.jpg\",\"width\":720,\"height\":405},{\"@type\":\"BreadcrumbList\",\"@id\":\"https:\/\/evertonfc.cz\/index.php\/2017\/09\/19\/koeman-dostane-cas-napravit-nevydareny-start\/#breadcrumb\",\"itemListElement\":[{\"@type\":\"ListItem\",\"position\":1,\"name\":\"Home\",\"item\":\"https:\/\/evertonfc.cz\/\"},{\"@type\":\"ListItem\",\"position\":2,\"name\":\"Koeman dostane \u010das napravit nevyda\u0159en\u00fd start\"}]},{\"@type\":\"WebSite\",\"@id\":\"https:\/\/evertonfc.cz\/#website\",\"url\":\"https:\/\/evertonfc.cz\/\",\"name\":\"Official Czech &amp; Slovak Everton Supporters&#039; Club\",\"description\":\"\",\"publisher\":{\"@id\":\"https:\/\/evertonfc.cz\/#organization\"},\"potentialAction\":[{\"@type\":\"SearchAction\",\"target\":{\"@type\":\"EntryPoint\",\"urlTemplate\":\"https:\/\/evertonfc.cz\/?s={search_term_string}\"},\"query-input\":{\"@type\":\"PropertyValueSpecification\",\"valueRequired\":true,\"valueName\":\"search_term_string\"}}],\"inLanguage\":\"cs\"},{\"@type\":\"Organization\",\"@id\":\"https:\/\/evertonfc.cz\/#organization\",\"name\":\"Official Czech & Slovak Everton Supporters' Club\",\"url\":\"https:\/\/evertonfc.cz\/\",\"logo\":{\"@type\":\"ImageObject\",\"inLanguage\":\"cs\",\"@id\":\"https:\/\/evertonfc.cz\/#\/schema\/logo\/image\/\",\"url\":\"https:\/\/evertonfc.cz\/wp-content\/uploads\/2019\/05\/logo.png\",\"contentUrl\":\"https:\/\/evertonfc.cz\/wp-content\/uploads\/2019\/05\/logo.png\",\"width\":112,\"height\":112,\"caption\":\"Official Czech & Slovak Everton Supporters' Club\"},\"image\":{\"@id\":\"https:\/\/evertonfc.cz\/#\/schema\/logo\/image\/\"},\"sameAs\":[\"https:\/\/www.facebook.com\/everton.fans.cz.sk\"]},{\"@type\":\"Person\",\"@id\":\"https:\/\/evertonfc.cz\/#\/schema\/person\/f7a5daedb2ffee98480bc70e191aaef1\",\"name\":\"Ri\u010di\",\"sameAs\":[\"https:\/\/x.com\/rbrejsa\"],\"url\":\"https:\/\/evertonfc.cz\/index.php\/author\/rici\/\"}]}<\/script>\n<!-- \/ Yoast SEO plugin. -->","yoast_head_json":{"title":"Koeman dostane \u010das napravit nevyda\u0159en\u00fd start - Official Czech &amp; Slovak Everton Supporters&#039; Club","robots":{"index":"index","follow":"follow","max-snippet":"max-snippet:-1","max-image-preview":"max-image-preview:large","max-video-preview":"max-video-preview:-1"},"canonical":"https:\/\/evertonfc.cz\/index.php\/2017\/09\/19\/koeman-dostane-cas-napravit-nevydareny-start\/","og_locale":"cs_CZ","og_type":"article","og_title":"Koeman dostane \u010das napravit nevyda\u0159en\u00fd start - Official Czech &amp; Slovak Everton Supporters&#039; Club","og_description":"Podle novin\u00e1\u0159e Matta Lawa z britsk\u00e9ho pl\u00e1tku Telegraph se Ronald Koeman t\u011b\u0161\u00ed d\u016fv\u011b\u0159e veden\u00ed Evertonu, p\u0159esto\u017ee se t\u00fdmu na prahu&hellip;","og_url":"https:\/\/evertonfc.cz\/index.php\/2017\/09\/19\/koeman-dostane-cas-napravit-nevydareny-start\/","og_site_name":"Official Czech &amp; Slovak Everton Supporters&#039; Club","article_publisher":"https:\/\/www.facebook.com\/everton.fans.cz.sk","article_published_time":"2017-09-19T20:39:14+00:00","article_modified_time":"2019-02-09T11:05:04+00:00","og_image":[{"width":720,"height":405,"url":"https:\/\/evertonfc.cz\/wp-content\/uploads\/2019\/01\/news.jpg","type":"image\/jpeg"}],"author":"Ri\u010di","twitter_card":"summary_large_image","twitter_creator":"@rbrejsa","twitter_misc":{"Napsal(a)":"Ri\u010di","Odhadovan\u00e1 doba \u010dten\u00ed":"2 minuty"},"schema":{"@context":"https:\/\/schema.org","@graph":[{"@type":"Article","@id":"https:\/\/evertonfc.cz\/index.php\/2017\/09\/19\/koeman-dostane-cas-napravit-nevydareny-start\/#article","isPartOf":{"@id":"https:\/\/evertonfc.cz\/index.php\/2017\/09\/19\/koeman-dostane-cas-napravit-nevydareny-start\/"},"author":{"name":"Ri\u010di","@id":"https:\/\/evertonfc.cz\/#\/schema\/person\/f7a5daedb2ffee98480bc70e191aaef1"},"headline":"Koeman dostane \u010das napravit nevyda\u0159en\u00fd start","datePublished":"2017-09-19T20:39:14+00:00","dateModified":"2019-02-09T11:05:04+00:00","mainEntityOfPage":{"@id":"https:\/\/evertonfc.cz\/index.php\/2017\/09\/19\/koeman-dostane-cas-napravit-nevydareny-start\/"},"wordCount":337,"commentCount":0,"publisher":{"@id":"https:\/\/evertonfc.cz\/#organization"},"image":{"@id":"https:\/\/evertonfc.cz\/index.php\/2017\/09\/19\/koeman-dostane-cas-napravit-nevydareny-start\/#primaryimage"},"thumbnailUrl":"https:\/\/evertonfc.cz\/wp-content\/uploads\/2019\/01\/news.jpg","articleSection":["Aktuality"],"inLanguage":"cs","potentialAction":[{"@type":"CommentAction","name":"Comment","target":["https:\/\/evertonfc.cz\/index.php\/2017\/09\/19\/koeman-dostane-cas-napravit-nevydareny-start\/#respond"]}]},{"@type":"WebPage","@id":"https:\/\/evertonfc.cz\/index.php\/2017\/09\/19\/koeman-dostane-cas-napravit-nevydareny-start\/","url":"https:\/\/evertonfc.cz\/index.php\/2017\/09\/19\/koeman-dostane-cas-napravit-nevydareny-start\/","name":"Koeman dostane \u010das napravit nevyda\u0159en\u00fd start - Official Czech &amp; Slovak Everton Supporters&#039; Club","isPartOf":{"@id":"https:\/\/evertonfc.cz\/#website"},"primaryImageOfPage":{"@id":"https:\/\/evertonfc.cz\/index.php\/2017\/09\/19\/koeman-dostane-cas-napravit-nevydareny-start\/#primaryimage"},"image":{"@id":"https:\/\/evertonfc.cz\/index.php\/2017\/09\/19\/koeman-dostane-cas-napravit-nevydareny-start\/#primaryimage"},"thumbnailUrl":"https:\/\/evertonfc.cz\/wp-content\/uploads\/2019\/01\/news.jpg","datePublished":"2017-09-19T20:39:14+00:00","dateModified":"2019-02-09T11:05:04+00:00","breadcrumb":{"@id":"https:\/\/evertonfc.cz\/index.php\/2017\/09\/19\/koeman-dostane-cas-napravit-nevydareny-start\/#breadcrumb"},"inLanguage":"cs","potentialAction":[{"@type":"ReadAction","target":["https:\/\/evertonfc.cz\/index.php\/2017\/09\/19\/koeman-dostane-cas-napravit-nevydareny-start\/"]}]},{"@type":"ImageObject","inLanguage":"cs","@id":"https:\/\/evertonfc.cz\/index.php\/2017\/09\/19\/koeman-dostane-cas-napravit-nevydareny-start\/#primaryimage","url":"https:\/\/evertonfc.cz\/wp-content\/uploads\/2019\/01\/news.jpg","contentUrl":"https:\/\/evertonfc.cz\/wp-content\/uploads\/2019\/01\/news.jpg","width":720,"height":405},{"@type":"BreadcrumbList","@id":"https:\/\/evertonfc.cz\/index.php\/2017\/09\/19\/koeman-dostane-cas-napravit-nevydareny-start\/#breadcrumb","itemListElement":[{"@type":"ListItem","position":1,"name":"Home","item":"https:\/\/evertonfc.cz\/"},{"@type":"ListItem","position":2,"name":"Koeman dostane \u010das napravit nevyda\u0159en\u00fd start"}]},{"@type":"WebSite","@id":"https:\/\/evertonfc.cz\/#website","url":"https:\/\/evertonfc.cz\/","name":"Official Czech &amp; Slovak Everton Supporters&#039; Club","description":"","publisher":{"@id":"https:\/\/evertonfc.cz\/#organization"},"potentialAction":[{"@type":"SearchAction","target":{"@type":"EntryPoint","urlTemplate":"https:\/\/evertonfc.cz\/?s={search_term_string}"},"query-input":{"@type":"PropertyValueSpecification","valueRequired":true,"valueName":"search_term_string"}}],"inLanguage":"cs"},{"@type":"Organization","@id":"https:\/\/evertonfc.cz\/#organization","name":"Official Czech & Slovak Everton Supporters' Club","url":"https:\/\/evertonfc.cz\/","logo":{"@type":"ImageObject","inLanguage":"cs","@id":"https:\/\/evertonfc.cz\/#\/schema\/logo\/image\/","url":"https:\/\/evertonfc.cz\/wp-content\/uploads\/2019\/05\/logo.png","contentUrl":"https:\/\/evertonfc.cz\/wp-content\/uploads\/2019\/05\/logo.png","width":112,"height":112,"caption":"Official Czech & Slovak Everton Supporters' Club"},"image":{"@id":"https:\/\/evertonfc.cz\/#\/schema\/logo\/image\/"},"sameAs":["https:\/\/www.facebook.com\/everton.fans.cz.sk"]},{"@type":"Person","@id":"https:\/\/evertonfc.cz\/#\/schema\/person\/f7a5daedb2ffee98480bc70e191aaef1","name":"Ri\u010di","sameAs":["https:\/\/x.com\/rbrejsa"],"url":"https:\/\/evertonfc.cz\/index.php\/author\/rici\/"}]}},"_links":{"self":[{"href":"https:\/\/evertonfc.cz\/index.php\/wp-json\/wp\/v2\/posts\/2563"}],"collection":[{"href":"https:\/\/evertonfc.cz\/index.php\/wp-json\/wp\/v2\/posts"}],"about":[{"href":"https:\/\/evertonfc.cz\/index.php\/wp-json\/wp\/v2\/types\/post"}],"author":[{"embeddable":true,"href":"https:\/\/evertonfc.cz\/index.php\/wp-json\/wp\/v2\/users\/6"}],"replies":[{"embeddable":true,"href":"https:\/\/evertonfc.cz\/index.php\/wp-json\/wp\/v2\/comments?post=2563"}],"version-history":[{"count":2,"href":"https:\/\/evertonfc.cz\/index.php\/wp-json\/wp\/v2\/posts\/2563\/revisions"}],"predecessor-version":[{"id":2595,"href":"https:\/\/evertonfc.cz\/index.php\/wp-json\/wp\/v2\/posts\/2563\/revisions\/2595"}],"wp:featuredmedia":[{"embeddable":true,"href":"https:\/\/evertonfc.cz\/index.php\/wp-json\/wp\/v2\/media\/1313"}],"wp:attachment":[{"href":"https:\/\/evertonfc.cz\/index.php\/wp-json\/wp\/v2\/media?parent=2563"}],"wp:term":[{"taxonomy":"category","embeddable":true,"href":"https:\/\/evertonfc.cz\/index.php\/wp-json\/wp\/v2\/categories?post=2563"},{"taxonomy":"post_tag","embeddable":true,"href":"https:\/\/evertonfc.cz\/index.php\/wp-json\/wp\/v2\/tags?post=2563"}],"curies":[{"name":"wp","href":"https:\/\/api.w.org\/{rel}","templated":true}]}}