{"id":25654,"date":"2024-11-24T12:31:36","date_gmt":"2024-11-24T11:31:36","guid":{"rendered":"https:\/\/evertonfc.cz\/?p=25654"},"modified":"2024-11-25T10:17:48","modified_gmt":"2024-11-25T09:17:48","slug":"wlc-everton-w-manchester-united-w-02","status":"publish","type":"post","link":"https:\/\/evertonfc.cz\/index.php\/2024\/11\/24\/wlc-everton-w-manchester-united-w-02\/","title":{"rendered":"WLC: Everton W &#8211; Manchester United W 0:2"},"content":{"rendered":"<h4>Ve 2. kole ligov\u00e9ho poh\u00e1ru jsme v alternativn\u00ed sestav\u011b utrp\u011bli por\u00e1\u017eku od Manchester United 0:2.<\/h4>\n<p>Ani tento rok pro n\u00e1s zjevn\u011b nebude Ligov\u00fd poh\u00e1r prioritou. Zran\u011bn\u00ed z v\u00edt\u011bzn\u00e9ho derby vy\u0159adilo ze hry trojl\u00edstek Snoeijs-Wheeler a Vahaevermaet, tak\u017ee na jejich m\u00edsto byly z akademie povol\u00e1ny\u00a0 Cole, Jones a Deaville. Pro v\u0161echny t\u0159i to znamen\u00e1 debut za prvn\u00ed t\u00fdm a prvn\u00ed minuty z doufejme dlouh\u00e9 \u0159ady dal\u0161\u00edch v evertonsk\u00e9m dresu.<\/p>\n<h4>Prvn\u00ed g\u00f3l<\/h4>\n<p>United byly aktivn\u011bj\u0161\u00ed a nebezpe\u010dn\u011bj\u0161\u00ed po celou dobu utk\u00e1n\u00ed. Dr\u017een\u00ed m\u00ed\u010de 64%:36% a pom\u011br st\u0159el 16:3 to dokl\u00e1d\u00e1 i \u010d\u00edseln\u011b. Rovn\u011b\u017e v individu\u00e1ln\u00edch technick\u00fdch schopnostech ve v\u011bt\u0161in\u011b p\u0159\u00edpad\u016f p\u0159ed\u010d\u00ed na\u0161 hr\u00e1\u010dky. Pot\u011b\u0161iteln\u00e9 bylo, \u017ee i na na\u0161\u00ed stran\u011b se objevily z\u00e1blesky nad\u011bje, i kdy\u017e nakonec vyprchaly do ztracena. Prvn\u00ed g\u00f3l padl po \u010dtvrthodin\u011b hry, kdy ve skrum\u00e1\u017ei po rohu neudr\u017eela Brosnan pod kontrolou m\u00ed\u010d po st\u0159ele (snad) Williams &#8211; <strong>0:1<\/strong>.<\/p>\n<h4>I my um\u00edme hr\u00e1t fotbal, ale dopadne to jako v\u017edycky<\/h4>\n<p>Tak\u00e9 v tomto z\u00e1pase jsme se dr\u017eeli na\u0161\u00ed nervydr\u00e1saj\u00edc\u00ed taktiky postupn\u00e9ho rozehr\u00e1v\u00e1n\u00ed od branky a jen se \u0161t\u011bst\u00edm z toho nebyl dal\u0161\u00ed g\u00f3l. Ale t\u011bsn\u011b p\u0159ed p\u016flhodinou hry se uk\u00e1zalo, jak to je asi v ide\u00e1ln\u00edm p\u0159\u00edpad\u011b zam\u00fd\u0161len\u00e9: rychlou kombinac\u00ed na jeden dotek se m\u00ed\u010d dostal od branky a\u017e hluboko na polovinu soupe\u0159ek. Je \u0161koda, \u017ee na z\u00e1v\u011bre\u010dn\u00fd kros (Sarri) byla Lawley p\u0159\u00edli\u0161 kr\u00e1tk\u00e1. Akci se je\u0161t\u011b sna\u017eila zachr\u00e1nit Hobson kr\u00e1sn\u00fdm skluzem \u00e1 la Tarkowski, kter\u00fd byl ocen\u011bn aplauzem fanou\u0161k\u016f a napomenut\u00edm od rozhod\u010d\u00ed. \u0160koda, \u017ee podobn\u00fdch povzbudiv\u00fdch moment\u016f se n\u00e1m ji\u017e v z\u00e1pase dostalo jen nemnoho (ale byly). N\u00e1sledovalo b\u0159evno z kopa\u010dky soupe\u0159ek a z\u00e1hy p\u0159edvedla Turner podivnou pohybovou etudu, kterou zhatila nad\u011bjnou akci Payne. Z nejasn\u00fdch d\u016fvod\u016f to nav\u00edc bylo hodnoceno jako \u00fato\u010dn\u00fd faul na\u0161\u00ed hr\u00e1\u010dky.<\/p>\n<h4>Druh\u00fd g\u00f3l<\/h4>\n<p>Padl v p\u016fli druh\u00e9ho polo\u010dasu, kdy (jsme si mysleli, \u017ee) jsme odvr\u00e1tili roh a k odra\u017een\u00e9mu m\u00ed\u010di se na hranici v\u00e1pna dostala Le Tissieer. A n\u00e1sledovala moc p\u011bkn\u00e1 st\u0159ela pod b\u0159evno na\u0161\u00ed br\u00e1ny &#8211; <strong>0:2<\/strong>. V druh\u00e9m polo\u010das jsme u\u017e postupn\u011b p\u0159enech\u00e1vali iniciativu soupe\u0159k\u00e1m a zam\u011b\u0159ili se hlavn\u011b na obranu s nad\u011bj\u00ed na ob\u010dasn\u00e9 proti\u00fatoky.\u00a0 Bohu\u017eel, vyst\u0159\u00edd\u00e1n\u00ed Payne na\u0161e ofenzivn\u00ed sna\u017een\u00ed d\u00e1le otupilo a z\u00e1pas jsme dohr\u00e1vali u\u017e v jasn\u00e9 defenziv\u011b. Unikli jsme je\u0161t\u011b penalt\u011b po nast\u0159elen\u00ed ruky Bisell, kter\u00e1 tak zablokovala g\u00f3lovou hlavi\u010dku Malard. Malard v\u016fbec d\u011blala na\u0161\u00ed obran\u011b probl\u00e9my a na lev\u00e9 stran\u011b si d\u011blala t\u00e9m\u011b\u0159 co se j\u00ed cht\u011blo.<\/p>\n<h4>Co d\u00e1l?<\/h4>\n<p>V ligov\u00e9m poh\u00e1ru u\u017e nic. Vzhledem k syst\u00e9mu, kdy ze skupiny postupuje d\u00e1le pouze prvn\u00ed na tom n\u00e1\u0161 zb\u00fdvaj\u00edc\u00ed z\u00e1pas z LFC nic nezm\u011bn\u00ed. Hope na stoperu nen\u00ed \u0161patn\u00e9 \u0159e\u0161en\u00ed, ale wingback j\u00ed sed\u00ed v\u00edc. Hobson pomalu p\u0159est\u00e1v\u00e1 b\u00fdt druhou volbou, dnes odvedla velmi solidn\u00ed v\u00fdkon. Toni Payne u\u017e pot\u0159ebuje nutn\u011b st\u0159elit g\u00f3l. M\u00e1 schopnosti hrotov\u00e9 \u00fato\u010dnice a st\u0159elen\u00e1 branka by j\u00ed mysl\u00edm v\u00fdznamn\u011b zvedla sebev\u011bdom\u00ed. Te\u010f n\u00e1s \u010dek\u00e1 odpo\u010dinek, S\u00f8rensena zotaven\u00ed hlasivek a po n\u011bm v\u0161echny Tottenham venku. <strong><span style=\"color: #0000ff;\">COYBG!<\/span><\/strong><\/p>\n<p style=\"text-align: right;\"><span style=\"font-size: 10pt;\"><em>Fotografie: Emily Cole (zdroj evertonfc.com)<\/em><\/span><\/p>\n<p><strong>G\u00f3ly: <\/strong>Brosnan (15\u00b4- vlastn\u00ed), Le Tissier (77\u00b4)\u00a0 <strong>\u017dK:<\/strong> Watson, Geyse<\/p>\n<p><strong>Everton (4-2-3-1):<\/strong> Brosnan; Hobson, Finnigan, Hope, S. Holmgaard (Cole 75\u00b4); Hayashi (Settle 88\u00b4), Lawley (Jones 88); T. Payne (Thomas 64\u00b4), Olesen (Deaville 88\u00b4), Sarri; Bissell<\/p>\n<p><strong>Manchester United (4-2-3-1): <\/strong>Tullis-Joyce; Riviere (Bizet Ildhus\u00f8y 60&#8242;), Le Tissier, Turner (Janssen 46&#8242;), Sandber (Simpson 60&#8242;); Ladd, Miyazawa; Geyse (Awujo 70&#8242;), Watson, Malard; Williams (Galton 71\u00b4)<\/p>\n<p><strong>Rozhod\u010d\u00ed:<\/strong> Phoebe Cross<\/p>\n<p><iframe loading=\"lazy\" title=\"Full Match: Everton v Manchester United - Women&#039;s League Cup 24\/25\" width=\"1140\" height=\"641\" src=\"https:\/\/www.youtube.com\/embed\/Ehi11uPKZvM?feature=oembed\" frameborder=\"0\" allow=\"accelerometer; autoplay; clipboard-write; encrypted-media; gyroscope; picture-in-picture; web-share\" referrerpolicy=\"strict-origin-when-cross-origin\" allowfullscreen><\/iframe><\/p>\n","protected":false},"excerpt":{"rendered":"<p>Ve 2. kole ligov\u00e9ho poh\u00e1ru jsme v alternativn\u00ed sestav\u011b utrp\u011bli por\u00e1\u017eku od Manchester United 0:2.<\/p>\n","protected":false},"author":26,"featured_media":25673,"comment_status":"open","ping_status":"closed","sticky":false,"template":"","format":"standard","meta":{"_eb_attr":"","_monsterinsights_skip_tracking":false,"_monsterinsights_sitenote_active":false,"_monsterinsights_sitenote_note":"","_monsterinsights_sitenote_category":0,"footnotes":""},"categories":[110],"tags":[],"yoast_head":"<!-- This site is optimized with the Yoast SEO plugin v23.4 - https:\/\/yoast.com\/wordpress\/plugins\/seo\/ -->\n<title>WLC: Everton W - Manchester United W 0:2 - Official Czech &amp; Slovak Everton Supporters&#039; Club<\/title>\n<meta name=\"robots\" content=\"index, follow, max-snippet:-1, max-image-preview:large, max-video-preview:-1\" \/>\n<link rel=\"canonical\" href=\"https:\/\/evertonfc.cz\/index.php\/2024\/11\/24\/wlc-everton-w-manchester-united-w-02\/\" \/>\n<meta property=\"og:locale\" content=\"cs_CZ\" \/>\n<meta property=\"og:type\" content=\"article\" \/>\n<meta property=\"og:title\" content=\"WLC: Everton W - Manchester United W 0:2 - Official Czech &amp; Slovak Everton Supporters&#039; Club\" \/>\n<meta property=\"og:description\" content=\"Ve 2. kole ligov\u00e9ho poh\u00e1ru jsme v alternativn\u00ed sestav\u011b utrp\u011bli por\u00e1\u017eku od Manchester United 0:2.\" \/>\n<meta property=\"og:url\" content=\"https:\/\/evertonfc.cz\/index.php\/2024\/11\/24\/wlc-everton-w-manchester-united-w-02\/\" \/>\n<meta property=\"og:site_name\" content=\"Official Czech &amp; Slovak Everton Supporters&#039; Club\" \/>\n<meta property=\"article:publisher\" content=\"https:\/\/www.facebook.com\/everton.fans.cz.sk\" \/>\n<meta property=\"article:published_time\" content=\"2024-11-24T11:31:36+00:00\" \/>\n<meta property=\"article:modified_time\" content=\"2024-11-25T09:17:48+00:00\" \/>\n<meta property=\"og:image\" content=\"https:\/\/evertonfc.cz\/wp-content\/uploads\/2024\/11\/Emily-Cole-20-11-2024-web-scaled.jpg\" \/>\n\t<meta property=\"og:image:width\" content=\"2560\" \/>\n\t<meta property=\"og:image:height\" content=\"1440\" \/>\n\t<meta property=\"og:image:type\" content=\"image\/jpeg\" \/>\n<meta name=\"author\" content=\"Karamela\" \/>\n<meta name=\"twitter:card\" content=\"summary_large_image\" \/>\n<meta name=\"twitter:label1\" content=\"Napsal(a)\" \/>\n\t<meta name=\"twitter:data1\" content=\"Karamela\" \/>\n\t<meta name=\"twitter:label2\" content=\"Odhadovan\u00e1 doba \u010dten\u00ed\" \/>\n\t<meta name=\"twitter:data2\" content=\"4 minuty\" \/>\n<script type=\"application\/ld+json\" class=\"yoast-schema-graph\">{\"@context\":\"https:\/\/schema.org\",\"@graph\":[{\"@type\":\"Article\",\"@id\":\"https:\/\/evertonfc.cz\/index.php\/2024\/11\/24\/wlc-everton-w-manchester-united-w-02\/#article\",\"isPartOf\":{\"@id\":\"https:\/\/evertonfc.cz\/index.php\/2024\/11\/24\/wlc-everton-w-manchester-united-w-02\/\"},\"author\":{\"name\":\"Karamela\",\"@id\":\"https:\/\/evertonfc.cz\/#\/schema\/person\/e9a24a80a32efa1344dd2c4e5882185c\"},\"headline\":\"WLC: Everton W &#8211; Manchester United W 0:2\",\"datePublished\":\"2024-11-24T11:31:36+00:00\",\"dateModified\":\"2024-11-25T09:17:48+00:00\",\"mainEntityOfPage\":{\"@id\":\"https:\/\/evertonfc.cz\/index.php\/2024\/11\/24\/wlc-everton-w-manchester-united-w-02\/\"},\"wordCount\":707,\"commentCount\":0,\"publisher\":{\"@id\":\"https:\/\/evertonfc.cz\/#organization\"},\"image\":{\"@id\":\"https:\/\/evertonfc.cz\/index.php\/2024\/11\/24\/wlc-everton-w-manchester-united-w-02\/#primaryimage\"},\"thumbnailUrl\":\"https:\/\/evertonfc.cz\/wp-content\/uploads\/2024\/11\/Emily-Cole-20-11-2024-web-scaled.jpg\",\"articleSection\":[\"Everton Women\"],\"inLanguage\":\"cs\",\"potentialAction\":[{\"@type\":\"CommentAction\",\"name\":\"Comment\",\"target\":[\"https:\/\/evertonfc.cz\/index.php\/2024\/11\/24\/wlc-everton-w-manchester-united-w-02\/#respond\"]}]},{\"@type\":\"WebPage\",\"@id\":\"https:\/\/evertonfc.cz\/index.php\/2024\/11\/24\/wlc-everton-w-manchester-united-w-02\/\",\"url\":\"https:\/\/evertonfc.cz\/index.php\/2024\/11\/24\/wlc-everton-w-manchester-united-w-02\/\",\"name\":\"WLC: Everton W - Manchester United W 0:2 - Official Czech &amp; Slovak Everton Supporters&#039; Club\",\"isPartOf\":{\"@id\":\"https:\/\/evertonfc.cz\/#website\"},\"primaryImageOfPage\":{\"@id\":\"https:\/\/evertonfc.cz\/index.php\/2024\/11\/24\/wlc-everton-w-manchester-united-w-02\/#primaryimage\"},\"image\":{\"@id\":\"https:\/\/evertonfc.cz\/index.php\/2024\/11\/24\/wlc-everton-w-manchester-united-w-02\/#primaryimage\"},\"thumbnailUrl\":\"https:\/\/evertonfc.cz\/wp-content\/uploads\/2024\/11\/Emily-Cole-20-11-2024-web-scaled.jpg\",\"datePublished\":\"2024-11-24T11:31:36+00:00\",\"dateModified\":\"2024-11-25T09:17:48+00:00\",\"breadcrumb\":{\"@id\":\"https:\/\/evertonfc.cz\/index.php\/2024\/11\/24\/wlc-everton-w-manchester-united-w-02\/#breadcrumb\"},\"inLanguage\":\"cs\",\"potentialAction\":[{\"@type\":\"ReadAction\",\"target\":[\"https:\/\/evertonfc.cz\/index.php\/2024\/11\/24\/wlc-everton-w-manchester-united-w-02\/\"]}]},{\"@type\":\"ImageObject\",\"inLanguage\":\"cs\",\"@id\":\"https:\/\/evertonfc.cz\/index.php\/2024\/11\/24\/wlc-everton-w-manchester-united-w-02\/#primaryimage\",\"url\":\"https:\/\/evertonfc.cz\/wp-content\/uploads\/2024\/11\/Emily-Cole-20-11-2024-web-scaled.jpg\",\"contentUrl\":\"https:\/\/evertonfc.cz\/wp-content\/uploads\/2024\/11\/Emily-Cole-20-11-2024-web-scaled.jpg\",\"width\":2560,\"height\":1440},{\"@type\":\"BreadcrumbList\",\"@id\":\"https:\/\/evertonfc.cz\/index.php\/2024\/11\/24\/wlc-everton-w-manchester-united-w-02\/#breadcrumb\",\"itemListElement\":[{\"@type\":\"ListItem\",\"position\":1,\"name\":\"Home\",\"item\":\"https:\/\/evertonfc.cz\/\"},{\"@type\":\"ListItem\",\"position\":2,\"name\":\"WLC: Everton W &#8211; Manchester United W 0:2\"}]},{\"@type\":\"WebSite\",\"@id\":\"https:\/\/evertonfc.cz\/#website\",\"url\":\"https:\/\/evertonfc.cz\/\",\"name\":\"Official Czech &amp; Slovak Everton Supporters&#039; Club\",\"description\":\"\",\"publisher\":{\"@id\":\"https:\/\/evertonfc.cz\/#organization\"},\"potentialAction\":[{\"@type\":\"SearchAction\",\"target\":{\"@type\":\"EntryPoint\",\"urlTemplate\":\"https:\/\/evertonfc.cz\/?s={search_term_string}\"},\"query-input\":{\"@type\":\"PropertyValueSpecification\",\"valueRequired\":true,\"valueName\":\"search_term_string\"}}],\"inLanguage\":\"cs\"},{\"@type\":\"Organization\",\"@id\":\"https:\/\/evertonfc.cz\/#organization\",\"name\":\"Official Czech & Slovak Everton Supporters' Club\",\"url\":\"https:\/\/evertonfc.cz\/\",\"logo\":{\"@type\":\"ImageObject\",\"inLanguage\":\"cs\",\"@id\":\"https:\/\/evertonfc.cz\/#\/schema\/logo\/image\/\",\"url\":\"https:\/\/evertonfc.cz\/wp-content\/uploads\/2019\/05\/logo.png\",\"contentUrl\":\"https:\/\/evertonfc.cz\/wp-content\/uploads\/2019\/05\/logo.png\",\"width\":112,\"height\":112,\"caption\":\"Official Czech & Slovak Everton Supporters' Club\"},\"image\":{\"@id\":\"https:\/\/evertonfc.cz\/#\/schema\/logo\/image\/\"},\"sameAs\":[\"https:\/\/www.facebook.com\/everton.fans.cz.sk\"]},{\"@type\":\"Person\",\"@id\":\"https:\/\/evertonfc.cz\/#\/schema\/person\/e9a24a80a32efa1344dd2c4e5882185c\",\"name\":\"Karamela\",\"url\":\"https:\/\/evertonfc.cz\/index.php\/author\/karamela\/\"}]}<\/script>\n<!-- \/ Yoast SEO plugin. -->","yoast_head_json":{"title":"WLC: Everton W - Manchester United W 0:2 - Official Czech &amp; Slovak Everton Supporters&#039; Club","robots":{"index":"index","follow":"follow","max-snippet":"max-snippet:-1","max-image-preview":"max-image-preview:large","max-video-preview":"max-video-preview:-1"},"canonical":"https:\/\/evertonfc.cz\/index.php\/2024\/11\/24\/wlc-everton-w-manchester-united-w-02\/","og_locale":"cs_CZ","og_type":"article","og_title":"WLC: Everton W - Manchester United W 0:2 - Official Czech &amp; Slovak Everton Supporters&#039; Club","og_description":"Ve 2. kole ligov\u00e9ho poh\u00e1ru jsme v alternativn\u00ed sestav\u011b utrp\u011bli por\u00e1\u017eku od Manchester United 0:2.","og_url":"https:\/\/evertonfc.cz\/index.php\/2024\/11\/24\/wlc-everton-w-manchester-united-w-02\/","og_site_name":"Official Czech &amp; Slovak Everton Supporters&#039; Club","article_publisher":"https:\/\/www.facebook.com\/everton.fans.cz.sk","article_published_time":"2024-11-24T11:31:36+00:00","article_modified_time":"2024-11-25T09:17:48+00:00","og_image":[{"width":2560,"height":1440,"url":"https:\/\/evertonfc.cz\/wp-content\/uploads\/2024\/11\/Emily-Cole-20-11-2024-web-scaled.jpg","type":"image\/jpeg"}],"author":"Karamela","twitter_card":"summary_large_image","twitter_misc":{"Napsal(a)":"Karamela","Odhadovan\u00e1 doba \u010dten\u00ed":"4 minuty"},"schema":{"@context":"https:\/\/schema.org","@graph":[{"@type":"Article","@id":"https:\/\/evertonfc.cz\/index.php\/2024\/11\/24\/wlc-everton-w-manchester-united-w-02\/#article","isPartOf":{"@id":"https:\/\/evertonfc.cz\/index.php\/2024\/11\/24\/wlc-everton-w-manchester-united-w-02\/"},"author":{"name":"Karamela","@id":"https:\/\/evertonfc.cz\/#\/schema\/person\/e9a24a80a32efa1344dd2c4e5882185c"},"headline":"WLC: Everton W &#8211; Manchester United W 0:2","datePublished":"2024-11-24T11:31:36+00:00","dateModified":"2024-11-25T09:17:48+00:00","mainEntityOfPage":{"@id":"https:\/\/evertonfc.cz\/index.php\/2024\/11\/24\/wlc-everton-w-manchester-united-w-02\/"},"wordCount":707,"commentCount":0,"publisher":{"@id":"https:\/\/evertonfc.cz\/#organization"},"image":{"@id":"https:\/\/evertonfc.cz\/index.php\/2024\/11\/24\/wlc-everton-w-manchester-united-w-02\/#primaryimage"},"thumbnailUrl":"https:\/\/evertonfc.cz\/wp-content\/uploads\/2024\/11\/Emily-Cole-20-11-2024-web-scaled.jpg","articleSection":["Everton Women"],"inLanguage":"cs","potentialAction":[{"@type":"CommentAction","name":"Comment","target":["https:\/\/evertonfc.cz\/index.php\/2024\/11\/24\/wlc-everton-w-manchester-united-w-02\/#respond"]}]},{"@type":"WebPage","@id":"https:\/\/evertonfc.cz\/index.php\/2024\/11\/24\/wlc-everton-w-manchester-united-w-02\/","url":"https:\/\/evertonfc.cz\/index.php\/2024\/11\/24\/wlc-everton-w-manchester-united-w-02\/","name":"WLC: Everton W - Manchester United W 0:2 - Official Czech &amp; Slovak Everton Supporters&#039; Club","isPartOf":{"@id":"https:\/\/evertonfc.cz\/#website"},"primaryImageOfPage":{"@id":"https:\/\/evertonfc.cz\/index.php\/2024\/11\/24\/wlc-everton-w-manchester-united-w-02\/#primaryimage"},"image":{"@id":"https:\/\/evertonfc.cz\/index.php\/2024\/11\/24\/wlc-everton-w-manchester-united-w-02\/#primaryimage"},"thumbnailUrl":"https:\/\/evertonfc.cz\/wp-content\/uploads\/2024\/11\/Emily-Cole-20-11-2024-web-scaled.jpg","datePublished":"2024-11-24T11:31:36+00:00","dateModified":"2024-11-25T09:17:48+00:00","breadcrumb":{"@id":"https:\/\/evertonfc.cz\/index.php\/2024\/11\/24\/wlc-everton-w-manchester-united-w-02\/#breadcrumb"},"inLanguage":"cs","potentialAction":[{"@type":"ReadAction","target":["https:\/\/evertonfc.cz\/index.php\/2024\/11\/24\/wlc-everton-w-manchester-united-w-02\/"]}]},{"@type":"ImageObject","inLanguage":"cs","@id":"https:\/\/evertonfc.cz\/index.php\/2024\/11\/24\/wlc-everton-w-manchester-united-w-02\/#primaryimage","url":"https:\/\/evertonfc.cz\/wp-content\/uploads\/2024\/11\/Emily-Cole-20-11-2024-web-scaled.jpg","contentUrl":"https:\/\/evertonfc.cz\/wp-content\/uploads\/2024\/11\/Emily-Cole-20-11-2024-web-scaled.jpg","width":2560,"height":1440},{"@type":"BreadcrumbList","@id":"https:\/\/evertonfc.cz\/index.php\/2024\/11\/24\/wlc-everton-w-manchester-united-w-02\/#breadcrumb","itemListElement":[{"@type":"ListItem","position":1,"name":"Home","item":"https:\/\/evertonfc.cz\/"},{"@type":"ListItem","position":2,"name":"WLC: Everton W &#8211; Manchester United W 0:2"}]},{"@type":"WebSite","@id":"https:\/\/evertonfc.cz\/#website","url":"https:\/\/evertonfc.cz\/","name":"Official Czech &amp; Slovak Everton Supporters&#039; Club","description":"","publisher":{"@id":"https:\/\/evertonfc.cz\/#organization"},"potentialAction":[{"@type":"SearchAction","target":{"@type":"EntryPoint","urlTemplate":"https:\/\/evertonfc.cz\/?s={search_term_string}"},"query-input":{"@type":"PropertyValueSpecification","valueRequired":true,"valueName":"search_term_string"}}],"inLanguage":"cs"},{"@type":"Organization","@id":"https:\/\/evertonfc.cz\/#organization","name":"Official Czech & Slovak Everton Supporters' Club","url":"https:\/\/evertonfc.cz\/","logo":{"@type":"ImageObject","inLanguage":"cs","@id":"https:\/\/evertonfc.cz\/#\/schema\/logo\/image\/","url":"https:\/\/evertonfc.cz\/wp-content\/uploads\/2019\/05\/logo.png","contentUrl":"https:\/\/evertonfc.cz\/wp-content\/uploads\/2019\/05\/logo.png","width":112,"height":112,"caption":"Official Czech & Slovak Everton Supporters' Club"},"image":{"@id":"https:\/\/evertonfc.cz\/#\/schema\/logo\/image\/"},"sameAs":["https:\/\/www.facebook.com\/everton.fans.cz.sk"]},{"@type":"Person","@id":"https:\/\/evertonfc.cz\/#\/schema\/person\/e9a24a80a32efa1344dd2c4e5882185c","name":"Karamela","url":"https:\/\/evertonfc.cz\/index.php\/author\/karamela\/"}]}},"_links":{"self":[{"href":"https:\/\/evertonfc.cz\/index.php\/wp-json\/wp\/v2\/posts\/25654"}],"collection":[{"href":"https:\/\/evertonfc.cz\/index.php\/wp-json\/wp\/v2\/posts"}],"about":[{"href":"https:\/\/evertonfc.cz\/index.php\/wp-json\/wp\/v2\/types\/post"}],"author":[{"embeddable":true,"href":"https:\/\/evertonfc.cz\/index.php\/wp-json\/wp\/v2\/users\/26"}],"replies":[{"embeddable":true,"href":"https:\/\/evertonfc.cz\/index.php\/wp-json\/wp\/v2\/comments?post=25654"}],"version-history":[{"count":7,"href":"https:\/\/evertonfc.cz\/index.php\/wp-json\/wp\/v2\/posts\/25654\/revisions"}],"predecessor-version":[{"id":25684,"href":"https:\/\/evertonfc.cz\/index.php\/wp-json\/wp\/v2\/posts\/25654\/revisions\/25684"}],"wp:featuredmedia":[{"embeddable":true,"href":"https:\/\/evertonfc.cz\/index.php\/wp-json\/wp\/v2\/media\/25673"}],"wp:attachment":[{"href":"https:\/\/evertonfc.cz\/index.php\/wp-json\/wp\/v2\/media?parent=25654"}],"wp:term":[{"taxonomy":"category","embeddable":true,"href":"https:\/\/evertonfc.cz\/index.php\/wp-json\/wp\/v2\/categories?post=25654"},{"taxonomy":"post_tag","embeddable":true,"href":"https:\/\/evertonfc.cz\/index.php\/wp-json\/wp\/v2\/tags?post=25654"}],"curies":[{"name":"wp","href":"https:\/\/api.w.org\/{rel}","templated":true}]}}