{"id":25656,"date":"2024-11-23T13:43:13","date_gmt":"2024-11-23T12:43:13","guid":{"rendered":"https:\/\/evertonfc.cz\/?p=25656"},"modified":"2024-11-23T13:43:13","modified_gmt":"2024-11-23T12:43:13","slug":"preview-everton-brentford-4","status":"publish","type":"post","link":"https:\/\/evertonfc.cz\/index.php\/2024\/11\/23\/preview-everton-brentford-4\/","title":{"rendered":"Preview: Everton \u2013 Brentford"},"content":{"rendered":"<h4>Nasleduje jedna z\u00a0m\u00e1la nadch\u00e1dzaj\u00facich \u0161anc\u00ed, ako si zachova\u0165 tv\u00e1r a\u00a0svoje pracovn\u00e9 miesto predt\u00fdm, ako si na EFC zgustne elita ligy, pred n\u00e1stupom Friedkinovcov.<\/h4>\n<p>Roku 2024 u\u017e nezost\u00e1va ve\u013ea \u010dasu, konkr\u00e9tne osem z\u00e1pasov EFC. A\u00a0pokia\u013e Seanovi Dycheovi u\u017e do\u0161li v\u0161etky v\u00fdhovorky (aj \u010das?) pri naj\u013eah\u0161om \u017erebe za\u010diatku sez\u00f3ny, tak asi len so zalomen\u00fdmi rukami budeme po\u010d\u00fava\u0165, \u010do n\u00e1m povie po nasleduj\u00facej s\u00e9rii, kedy n\u00e1m skr\u00ed\u017eia cestu okrem in\u00fdch aj United s\u00a0nov\u00fdm tr\u00e9nerom, Redshites ved\u00faci tabu\u013eku, Arsenal s\u00a0Chelsea, a\u00a0e\u0161te po nich aj Cityzens&#8230;<\/p>\n<p>Investi\u010dnej skupine TFG ch\u00fdba u\u017e len posledn\u00fd krok predt\u00fdm, ne\u017e si zadov\u00e1\u017ei n\u00e1\u0161 milovan\u00fd klub. A to povolenie od Premier League, takzvan\u00fd Owners&#8216; and Directors&#8216; Test. A \u010do potom? Ur\u010dite upriami pozornos\u0165 na iba 10 nazbieran\u00fdch bodov z 11 z\u00e1pasov sez\u00f3ny. Len tri body od z\u00f3ny zostupu. Boli raz bohat\u00e9 \u010dasy, kedy by \u017eiadny mana\u017e\u00e9r toto nepre\u017eil. A kto vie, mo\u017eno sa \u010doskoro vr\u00e1tia. No v\u017edy mus\u00edme d\u00e1va\u0165 pozor, \u010do si \u017eel\u00e1me, \u017ee \u00e1no?<\/p>\n<h4><strong>T\u00edmov\u00e9 novinky<\/strong><\/h4>\n<p>Sean Dyche tvrd\u00ed, \u017ee s\u00fa\u010dasn\u00e1 mor\u00e1lka v\u00a0kab\u00edne je vysoko, a\u00a0otrasn\u00e1 rem\u00edza na London Stadium bola \u00fadajne dobr\u00fd v\u00fdkon. Vysok\u00e9 \u0161tandardy m\u00e1me predsa v\u00a0logu klubu. Asi preto u\u00a0priaznivcov rastie frustr\u00e1cia, \u017ee mana\u017e\u00e9r nedok\u00e1\u017ee dosta\u0165 z\u00a0t\u00edmu maximum mo\u017en\u00e9ho, a\u00a0e\u0161te sa na to aj ned\u00e1 pozera\u0165. Ako na prostetoch&#8230; <em>\u201eSta\u010dilo!\u201c<\/em><\/p>\n<p>Dnes n\u00e1s m\u00f4\u017ee povznies\u0165 aspo\u0148 zop\u00e1r dobr\u00fdch spr\u00e1v z\u00a0lazaretu. Zapoji\u0165 by sa mohol Branthwaite, a aj McNeil, ktor\u00e9ho koleno Dyche takmer sk\u00e1ntril proti Saints. Napreduje aj Broja v\u00a0plnom tr\u00e9ningu, potrebuje v\u0161ak nejak\u00e9 zahrievacie z\u00e1pasy. S\u00a0t\u00edmom u\u017e za\u010dal aj Chermiti, je v\u0161ak ale pozadu oproti Brojovi. Coleman tr\u00e9nuje samostatne, tie\u017e to p\u00e1r t\u00fd\u017ed\u0148ov potrv\u00e1. Garner e\u0161te ani to, s\u00a0chrbtom bol za \u0161pecialistom. Mus\u00ed sa za\u010d\u00edna\u0165 opatrne, ale spr\u00e1vy s\u00fa pozit\u00edvne. Iroegbunam po \u00fanavovej zlomenine u\u017e m\u00f4\u017ee \u010diasto\u010dne za\u0165a\u017eova\u0165 nohu. Tak\u017ee to tie\u017e e\u0161te potrv\u00e1.<\/p>\n<h4><em><strong>Frankists<\/strong><\/em><\/h4>\n<p>Thomas <del>the Tank Engine<\/del> zrejme dnes pr\u00edde na vyrie\u0161enie r\u00e9busu, ako okrem g\u00f3lu v\u00a0prv\u00fdch min\u00fatach hry zaisti\u0165 v\u00fdhru na tr\u00e1vniku s\u00fapera. The Bees v aktu\u00e1lnej sez\u00f3ne prehr\u00e1vaj\u00fa ka\u017ed\u00fd jeden duel vonku. Nebol by to v\u0161ak Everton, ak by tak\u00e9to pravidl\u00e1 neru\u0161il. Navy\u0161e mali zverenci Thomasa Franka (Frankisti) doteraz na v\u00fdjazdoch ve\u013emi \u0165a\u017ek\u00fd los, \u010do sa n\u00e1v\u0161tevou Goodison Parku \u00faplne oto\u010d\u00ed.<\/p>\n<p>Prehrali na Anfielde, Etihad, Old Trafford, na Tottenhame aj v\u00a0Craven Cottage. Tam mo\u017eno g\u00f3ly smrtiaceho dua Mbeumo-Wissa nesta\u010dili, ale ak sa im podar\u00ed neinkasova\u0165, st\u00e1vkari by sa pote\u0161ili. Len t\u00edto dvaja hr\u00e1\u010di toti\u017e nas\u00fakali dokopy za Brentford 15 g\u00f3lov, \u010do je <strong><span style=\"color: #ff0000;\">o 2 viac ako cel\u00fd Everton a Everton Women dohromady!<\/span><\/strong><\/p>\n<p>Na lavi\u010dke im dnes nebude (ne)ch\u00fdba\u0165 letn\u00e1 \u00fato\u010dn\u00e1 posila Igor Thiago, ktor\u00e1 sa zranila e\u0161te niekedy po\u010das letnej pr\u00edpravy. Naopak, nezasiahnu obrancovia Ajer, Henry a Hickey, ani z\u00e1lo\u017en\u00edci Dasilva a Nunes.<\/p>\n<h4 style=\"text-align: center;\"><strong>\u0160tatistick\u00e9 okienko:<\/strong><\/h4>\n<ul>\n<li>Everton vyhral v\u0161etky tri z\u00e1pasy najvy\u0161\u0161ej s\u00fa\u0165a\u017ee proti Brentfordu pod veden\u00edm Seana Dychea. Toffees toti\u017e v prv\u00fdch troch z\u00e1pasoch proti nim nevyhrali.<\/li>\n<li>Karamelky teda v minulej sez\u00f3ne vyhrali obe ligov\u00e9 stretnutia, a\u00a0to konkr\u00e9tne vonku 3:1 a v Goodison Parku 1:0.<\/li>\n<li>Brentford prehral \u0161es\u0165 z posledn\u00fdch siedmich z\u00e1pasov vonku proti Evertonu vo v\u0161etk\u00fdch s\u00fa\u0165a\u017eiach.<\/li>\n<li>The Bees prehrali svojich \u00favodn\u00fdch p\u00e4\u0165 vonkaj\u0161\u00edch ligov\u00fdch z\u00e1pasov sez\u00f3ny po \u0161tvrt\u00fdkr\u00e1t a prv\u00fdkr\u00e1t od roku 1961 v tretej lige.<\/li>\n<li>\u017diadny t\u00edm nedok\u00e1zal v tejto sez\u00f3ne nesk\u00f3rova\u0165 vo v\u00e4\u010d\u0161om po\u010dte z\u00e1pasov Premier League ako Everton (5). Dyche m\u00f4\u017ee po tret\u00edkr\u00e1t hra\u0165 bez g\u00f3lu v troch po sebe nasleduj\u00facich ligov\u00fdch z\u00e1pasoch.<\/li>\n<li>Presnos\u0165 prihr\u00e1vok EFC je 77% &#8211; najni\u017e\u0161ia v najvy\u0161\u0161ej s\u00fa\u0165a\u017ei v tejto sez\u00f3ne.<\/li>\n<li>T\u00edm Thomasa Franka stratil z v\u00ed\u0165azn\u00fdch poz\u00edci\u00ed v sez\u00f3ne 2024\/25 u\u017e ligov\u00e9 maximum 14 bodov.<\/li>\n<li>Od bezg\u00f3lovej dom\u00e1cej rem\u00edzy proti Fulhamu 4. m\u00e1ja maj\u00fa za sebou 13 po sebe nasleduj\u00facich ligov\u00fdch z\u00e1pasov bez \u010dist\u00e9ho konta.<\/li>\n<li>Od za\u010diatku minulej sez\u00f3ny si iba David Raya udr\u017eal viac \u010dist\u00fdch kont ako Pickfordov\u00fdch 16.<\/li>\n<li>Bryan Mbeumo nem\u00e1 v \u0161iestich ligov\u00fdch z\u00e1pasoch proti Evertonu g\u00f3l ani asistenciu.<\/li>\n<li>Dominic Calvert-Lewin nedok\u00e1zal sk\u00f3rova\u0165 v \u017eiadnom zo svojich posledn\u00fdch siedmich vyst\u00fapen\u00ed v Premier League, no v oboch z\u00e1pasoch najvy\u0161\u0161ej s\u00fa\u0165a\u017ee proti Brentfordu sk\u00f3roval.<\/li>\n<\/ul>\n<h3 style=\"text-align: center;\"><span style=\"color: #3366ff;\"><em><strong>Up The Toffees !!!<\/strong><\/em><\/span><\/h3>\n<p><strong>\u010co:<\/strong> Everton FC \u2013 Brentford FC, 12. kolo Premier League<br \/>\n<strong>Kedy:<\/strong> 23.11. 2024 od 16:00 SE\u010c<br \/>\n<strong>Ako: <\/strong>z\u00e1pasov\u00fd stream Canal+Action 6 (komentuje Jan P\u011bru\u0161ka)<br \/>\n<strong>Kde:<\/strong> Goodison Park \u2013 Goodison Rd, Liverpool L4 4EL (kapacita: 39 414)<br \/>\n<strong>Rozhodca:<\/strong> Chris Kavanagh\u00a0 <strong>Asistenti:<\/strong> J. Mainwaring, A. Howson \u00a0<strong>\u0160tvrt\u00fd rozhodca:<\/strong> A. Backhouse<br \/>\n<strong>VAR:<\/strong> Matt Donohue\u00a0 <strong>Asistent VAR:<\/strong> Gary Beswick<\/p>\n","protected":false},"excerpt":{"rendered":"<p>Nasleduje jedna z\u00a0m\u00e1la nadch\u00e1dzaj\u00facich \u0161anc\u00ed, ako si zachova\u0165 tv\u00e1r a\u00a0svoje pracovn\u00e9 miesto predt\u00fdm, ako si na EFC zgustne elita ligy, pred n\u00e1stupom Friedkinovcov.<\/p>\n","protected":false},"author":1,"featured_media":19737,"comment_status":"open","ping_status":"closed","sticky":false,"template":"","format":"standard","meta":{"_eb_attr":"","_monsterinsights_skip_tracking":false,"_monsterinsights_sitenote_active":false,"_monsterinsights_sitenote_note":"","_monsterinsights_sitenote_category":0,"footnotes":""},"categories":[4],"tags":[],"yoast_head":"<!-- This site is optimized with the Yoast SEO plugin v23.4 - https:\/\/yoast.com\/wordpress\/plugins\/seo\/ -->\n<title>Preview: Everton \u2013 Brentford - Official Czech &amp; Slovak Everton Supporters&#039; Club<\/title>\n<meta name=\"robots\" content=\"index, follow, max-snippet:-1, max-image-preview:large, max-video-preview:-1\" \/>\n<link rel=\"canonical\" href=\"https:\/\/evertonfc.cz\/index.php\/2024\/11\/23\/preview-everton-brentford-4\/\" \/>\n<meta property=\"og:locale\" content=\"cs_CZ\" \/>\n<meta property=\"og:type\" content=\"article\" \/>\n<meta property=\"og:title\" content=\"Preview: Everton \u2013 Brentford - Official Czech &amp; Slovak Everton Supporters&#039; Club\" \/>\n<meta property=\"og:description\" content=\"Nasleduje jedna z\u00a0m\u00e1la nadch\u00e1dzaj\u00facich \u0161anc\u00ed, ako si zachova\u0165 tv\u00e1r a\u00a0svoje pracovn\u00e9 miesto predt\u00fdm, ako si na EFC zgustne elita ligy, pred n\u00e1stupom Friedkinovcov.\" \/>\n<meta property=\"og:url\" content=\"https:\/\/evertonfc.cz\/index.php\/2024\/11\/23\/preview-everton-brentford-4\/\" \/>\n<meta property=\"og:site_name\" content=\"Official Czech &amp; Slovak Everton Supporters&#039; Club\" \/>\n<meta property=\"article:publisher\" content=\"https:\/\/www.facebook.com\/everton.fans.cz.sk\" \/>\n<meta property=\"article:published_time\" content=\"2024-11-23T12:43:13+00:00\" \/>\n<meta property=\"og:image\" content=\"https:\/\/evertonfc.cz\/wp-content\/uploads\/2022\/09\/Everton-VS-Brenford.png\" \/>\n\t<meta property=\"og:image:width\" content=\"720\" \/>\n\t<meta property=\"og:image:height\" content=\"405\" \/>\n\t<meta property=\"og:image:type\" content=\"image\/png\" \/>\n<meta name=\"author\" content=\"BlueBlooded\" \/>\n<meta name=\"twitter:card\" content=\"summary_large_image\" \/>\n<meta name=\"twitter:label1\" content=\"Napsal(a)\" \/>\n\t<meta name=\"twitter:data1\" content=\"BlueBlooded\" \/>\n\t<meta name=\"twitter:label2\" content=\"Odhadovan\u00e1 doba \u010dten\u00ed\" \/>\n\t<meta name=\"twitter:data2\" content=\"5 minut\" \/>\n<script type=\"application\/ld+json\" class=\"yoast-schema-graph\">{\"@context\":\"https:\/\/schema.org\",\"@graph\":[{\"@type\":\"Article\",\"@id\":\"https:\/\/evertonfc.cz\/index.php\/2024\/11\/23\/preview-everton-brentford-4\/#article\",\"isPartOf\":{\"@id\":\"https:\/\/evertonfc.cz\/index.php\/2024\/11\/23\/preview-everton-brentford-4\/\"},\"author\":{\"name\":\"BlueBlooded\",\"@id\":\"https:\/\/evertonfc.cz\/#\/schema\/person\/d4493b8cbea51532597fbc4685698916\"},\"headline\":\"Preview: Everton \u2013 Brentford\",\"datePublished\":\"2024-11-23T12:43:13+00:00\",\"dateModified\":\"2024-11-23T12:43:13+00:00\",\"mainEntityOfPage\":{\"@id\":\"https:\/\/evertonfc.cz\/index.php\/2024\/11\/23\/preview-everton-brentford-4\/\"},\"wordCount\":898,\"commentCount\":9,\"publisher\":{\"@id\":\"https:\/\/evertonfc.cz\/#organization\"},\"image\":{\"@id\":\"https:\/\/evertonfc.cz\/index.php\/2024\/11\/23\/preview-everton-brentford-4\/#primaryimage\"},\"thumbnailUrl\":\"https:\/\/evertonfc.cz\/wp-content\/uploads\/2022\/09\/Everton-VS-Brenford.png\",\"articleSection\":[\"Z\u00e1pasy\"],\"inLanguage\":\"cs\",\"potentialAction\":[{\"@type\":\"CommentAction\",\"name\":\"Comment\",\"target\":[\"https:\/\/evertonfc.cz\/index.php\/2024\/11\/23\/preview-everton-brentford-4\/#respond\"]}]},{\"@type\":\"WebPage\",\"@id\":\"https:\/\/evertonfc.cz\/index.php\/2024\/11\/23\/preview-everton-brentford-4\/\",\"url\":\"https:\/\/evertonfc.cz\/index.php\/2024\/11\/23\/preview-everton-brentford-4\/\",\"name\":\"Preview: Everton \u2013 Brentford - Official Czech &amp; Slovak Everton Supporters&#039; Club\",\"isPartOf\":{\"@id\":\"https:\/\/evertonfc.cz\/#website\"},\"primaryImageOfPage\":{\"@id\":\"https:\/\/evertonfc.cz\/index.php\/2024\/11\/23\/preview-everton-brentford-4\/#primaryimage\"},\"image\":{\"@id\":\"https:\/\/evertonfc.cz\/index.php\/2024\/11\/23\/preview-everton-brentford-4\/#primaryimage\"},\"thumbnailUrl\":\"https:\/\/evertonfc.cz\/wp-content\/uploads\/2022\/09\/Everton-VS-Brenford.png\",\"datePublished\":\"2024-11-23T12:43:13+00:00\",\"dateModified\":\"2024-11-23T12:43:13+00:00\",\"breadcrumb\":{\"@id\":\"https:\/\/evertonfc.cz\/index.php\/2024\/11\/23\/preview-everton-brentford-4\/#breadcrumb\"},\"inLanguage\":\"cs\",\"potentialAction\":[{\"@type\":\"ReadAction\",\"target\":[\"https:\/\/evertonfc.cz\/index.php\/2024\/11\/23\/preview-everton-brentford-4\/\"]}]},{\"@type\":\"ImageObject\",\"inLanguage\":\"cs\",\"@id\":\"https:\/\/evertonfc.cz\/index.php\/2024\/11\/23\/preview-everton-brentford-4\/#primaryimage\",\"url\":\"https:\/\/evertonfc.cz\/wp-content\/uploads\/2022\/09\/Everton-VS-Brenford.png\",\"contentUrl\":\"https:\/\/evertonfc.cz\/wp-content\/uploads\/2022\/09\/Everton-VS-Brenford.png\",\"width\":720,\"height\":405},{\"@type\":\"BreadcrumbList\",\"@id\":\"https:\/\/evertonfc.cz\/index.php\/2024\/11\/23\/preview-everton-brentford-4\/#breadcrumb\",\"itemListElement\":[{\"@type\":\"ListItem\",\"position\":1,\"name\":\"Home\",\"item\":\"https:\/\/evertonfc.cz\/\"},{\"@type\":\"ListItem\",\"position\":2,\"name\":\"Preview: Everton \u2013 Brentford\"}]},{\"@type\":\"WebSite\",\"@id\":\"https:\/\/evertonfc.cz\/#website\",\"url\":\"https:\/\/evertonfc.cz\/\",\"name\":\"Official Czech &amp; Slovak Everton Supporters&#039; Club\",\"description\":\"\",\"publisher\":{\"@id\":\"https:\/\/evertonfc.cz\/#organization\"},\"potentialAction\":[{\"@type\":\"SearchAction\",\"target\":{\"@type\":\"EntryPoint\",\"urlTemplate\":\"https:\/\/evertonfc.cz\/?s={search_term_string}\"},\"query-input\":{\"@type\":\"PropertyValueSpecification\",\"valueRequired\":true,\"valueName\":\"search_term_string\"}}],\"inLanguage\":\"cs\"},{\"@type\":\"Organization\",\"@id\":\"https:\/\/evertonfc.cz\/#organization\",\"name\":\"Official Czech & Slovak Everton Supporters' Club\",\"url\":\"https:\/\/evertonfc.cz\/\",\"logo\":{\"@type\":\"ImageObject\",\"inLanguage\":\"cs\",\"@id\":\"https:\/\/evertonfc.cz\/#\/schema\/logo\/image\/\",\"url\":\"https:\/\/evertonfc.cz\/wp-content\/uploads\/2019\/05\/logo.png\",\"contentUrl\":\"https:\/\/evertonfc.cz\/wp-content\/uploads\/2019\/05\/logo.png\",\"width\":112,\"height\":112,\"caption\":\"Official Czech & Slovak Everton Supporters' Club\"},\"image\":{\"@id\":\"https:\/\/evertonfc.cz\/#\/schema\/logo\/image\/\"},\"sameAs\":[\"https:\/\/www.facebook.com\/everton.fans.cz.sk\"]},{\"@type\":\"Person\",\"@id\":\"https:\/\/evertonfc.cz\/#\/schema\/person\/d4493b8cbea51532597fbc4685698916\",\"name\":\"BlueBlooded\",\"url\":\"https:\/\/evertonfc.cz\/index.php\/author\/admin\/\"}]}<\/script>\n<!-- \/ Yoast SEO plugin. -->","yoast_head_json":{"title":"Preview: Everton \u2013 Brentford - Official Czech &amp; Slovak Everton Supporters&#039; Club","robots":{"index":"index","follow":"follow","max-snippet":"max-snippet:-1","max-image-preview":"max-image-preview:large","max-video-preview":"max-video-preview:-1"},"canonical":"https:\/\/evertonfc.cz\/index.php\/2024\/11\/23\/preview-everton-brentford-4\/","og_locale":"cs_CZ","og_type":"article","og_title":"Preview: Everton \u2013 Brentford - Official Czech &amp; Slovak Everton Supporters&#039; Club","og_description":"Nasleduje jedna z\u00a0m\u00e1la nadch\u00e1dzaj\u00facich \u0161anc\u00ed, ako si zachova\u0165 tv\u00e1r a\u00a0svoje pracovn\u00e9 miesto predt\u00fdm, ako si na EFC zgustne elita ligy, pred n\u00e1stupom Friedkinovcov.","og_url":"https:\/\/evertonfc.cz\/index.php\/2024\/11\/23\/preview-everton-brentford-4\/","og_site_name":"Official Czech &amp; Slovak Everton Supporters&#039; Club","article_publisher":"https:\/\/www.facebook.com\/everton.fans.cz.sk","article_published_time":"2024-11-23T12:43:13+00:00","og_image":[{"width":720,"height":405,"url":"https:\/\/evertonfc.cz\/wp-content\/uploads\/2022\/09\/Everton-VS-Brenford.png","type":"image\/png"}],"author":"BlueBlooded","twitter_card":"summary_large_image","twitter_misc":{"Napsal(a)":"BlueBlooded","Odhadovan\u00e1 doba \u010dten\u00ed":"5 minut"},"schema":{"@context":"https:\/\/schema.org","@graph":[{"@type":"Article","@id":"https:\/\/evertonfc.cz\/index.php\/2024\/11\/23\/preview-everton-brentford-4\/#article","isPartOf":{"@id":"https:\/\/evertonfc.cz\/index.php\/2024\/11\/23\/preview-everton-brentford-4\/"},"author":{"name":"BlueBlooded","@id":"https:\/\/evertonfc.cz\/#\/schema\/person\/d4493b8cbea51532597fbc4685698916"},"headline":"Preview: Everton \u2013 Brentford","datePublished":"2024-11-23T12:43:13+00:00","dateModified":"2024-11-23T12:43:13+00:00","mainEntityOfPage":{"@id":"https:\/\/evertonfc.cz\/index.php\/2024\/11\/23\/preview-everton-brentford-4\/"},"wordCount":898,"commentCount":9,"publisher":{"@id":"https:\/\/evertonfc.cz\/#organization"},"image":{"@id":"https:\/\/evertonfc.cz\/index.php\/2024\/11\/23\/preview-everton-brentford-4\/#primaryimage"},"thumbnailUrl":"https:\/\/evertonfc.cz\/wp-content\/uploads\/2022\/09\/Everton-VS-Brenford.png","articleSection":["Z\u00e1pasy"],"inLanguage":"cs","potentialAction":[{"@type":"CommentAction","name":"Comment","target":["https:\/\/evertonfc.cz\/index.php\/2024\/11\/23\/preview-everton-brentford-4\/#respond"]}]},{"@type":"WebPage","@id":"https:\/\/evertonfc.cz\/index.php\/2024\/11\/23\/preview-everton-brentford-4\/","url":"https:\/\/evertonfc.cz\/index.php\/2024\/11\/23\/preview-everton-brentford-4\/","name":"Preview: Everton \u2013 Brentford - Official Czech &amp; Slovak Everton Supporters&#039; Club","isPartOf":{"@id":"https:\/\/evertonfc.cz\/#website"},"primaryImageOfPage":{"@id":"https:\/\/evertonfc.cz\/index.php\/2024\/11\/23\/preview-everton-brentford-4\/#primaryimage"},"image":{"@id":"https:\/\/evertonfc.cz\/index.php\/2024\/11\/23\/preview-everton-brentford-4\/#primaryimage"},"thumbnailUrl":"https:\/\/evertonfc.cz\/wp-content\/uploads\/2022\/09\/Everton-VS-Brenford.png","datePublished":"2024-11-23T12:43:13+00:00","dateModified":"2024-11-23T12:43:13+00:00","breadcrumb":{"@id":"https:\/\/evertonfc.cz\/index.php\/2024\/11\/23\/preview-everton-brentford-4\/#breadcrumb"},"inLanguage":"cs","potentialAction":[{"@type":"ReadAction","target":["https:\/\/evertonfc.cz\/index.php\/2024\/11\/23\/preview-everton-brentford-4\/"]}]},{"@type":"ImageObject","inLanguage":"cs","@id":"https:\/\/evertonfc.cz\/index.php\/2024\/11\/23\/preview-everton-brentford-4\/#primaryimage","url":"https:\/\/evertonfc.cz\/wp-content\/uploads\/2022\/09\/Everton-VS-Brenford.png","contentUrl":"https:\/\/evertonfc.cz\/wp-content\/uploads\/2022\/09\/Everton-VS-Brenford.png","width":720,"height":405},{"@type":"BreadcrumbList","@id":"https:\/\/evertonfc.cz\/index.php\/2024\/11\/23\/preview-everton-brentford-4\/#breadcrumb","itemListElement":[{"@type":"ListItem","position":1,"name":"Home","item":"https:\/\/evertonfc.cz\/"},{"@type":"ListItem","position":2,"name":"Preview: Everton \u2013 Brentford"}]},{"@type":"WebSite","@id":"https:\/\/evertonfc.cz\/#website","url":"https:\/\/evertonfc.cz\/","name":"Official Czech &amp; Slovak Everton Supporters&#039; Club","description":"","publisher":{"@id":"https:\/\/evertonfc.cz\/#organization"},"potentialAction":[{"@type":"SearchAction","target":{"@type":"EntryPoint","urlTemplate":"https:\/\/evertonfc.cz\/?s={search_term_string}"},"query-input":{"@type":"PropertyValueSpecification","valueRequired":true,"valueName":"search_term_string"}}],"inLanguage":"cs"},{"@type":"Organization","@id":"https:\/\/evertonfc.cz\/#organization","name":"Official Czech & Slovak Everton Supporters' Club","url":"https:\/\/evertonfc.cz\/","logo":{"@type":"ImageObject","inLanguage":"cs","@id":"https:\/\/evertonfc.cz\/#\/schema\/logo\/image\/","url":"https:\/\/evertonfc.cz\/wp-content\/uploads\/2019\/05\/logo.png","contentUrl":"https:\/\/evertonfc.cz\/wp-content\/uploads\/2019\/05\/logo.png","width":112,"height":112,"caption":"Official Czech & Slovak Everton Supporters' Club"},"image":{"@id":"https:\/\/evertonfc.cz\/#\/schema\/logo\/image\/"},"sameAs":["https:\/\/www.facebook.com\/everton.fans.cz.sk"]},{"@type":"Person","@id":"https:\/\/evertonfc.cz\/#\/schema\/person\/d4493b8cbea51532597fbc4685698916","name":"BlueBlooded","url":"https:\/\/evertonfc.cz\/index.php\/author\/admin\/"}]}},"_links":{"self":[{"href":"https:\/\/evertonfc.cz\/index.php\/wp-json\/wp\/v2\/posts\/25656"}],"collection":[{"href":"https:\/\/evertonfc.cz\/index.php\/wp-json\/wp\/v2\/posts"}],"about":[{"href":"https:\/\/evertonfc.cz\/index.php\/wp-json\/wp\/v2\/types\/post"}],"author":[{"embeddable":true,"href":"https:\/\/evertonfc.cz\/index.php\/wp-json\/wp\/v2\/users\/1"}],"replies":[{"embeddable":true,"href":"https:\/\/evertonfc.cz\/index.php\/wp-json\/wp\/v2\/comments?post=25656"}],"version-history":[{"count":4,"href":"https:\/\/evertonfc.cz\/index.php\/wp-json\/wp\/v2\/posts\/25656\/revisions"}],"predecessor-version":[{"id":25660,"href":"https:\/\/evertonfc.cz\/index.php\/wp-json\/wp\/v2\/posts\/25656\/revisions\/25660"}],"wp:featuredmedia":[{"embeddable":true,"href":"https:\/\/evertonfc.cz\/index.php\/wp-json\/wp\/v2\/media\/19737"}],"wp:attachment":[{"href":"https:\/\/evertonfc.cz\/index.php\/wp-json\/wp\/v2\/media?parent=25656"}],"wp:term":[{"taxonomy":"category","embeddable":true,"href":"https:\/\/evertonfc.cz\/index.php\/wp-json\/wp\/v2\/categories?post=25656"},{"taxonomy":"post_tag","embeddable":true,"href":"https:\/\/evertonfc.cz\/index.php\/wp-json\/wp\/v2\/tags?post=25656"}],"curies":[{"name":"wp","href":"https:\/\/api.w.org\/{rel}","templated":true}]}}