{"id":25663,"date":"2024-11-23T18:48:46","date_gmt":"2024-11-23T17:48:46","guid":{"rendered":"https:\/\/evertonfc.cz\/?p=25663"},"modified":"2024-11-24T12:41:31","modified_gmt":"2024-11-24T11:41:31","slug":"everton-brentford-00","status":"publish","type":"post","link":"https:\/\/evertonfc.cz\/index.php\/2024\/11\/23\/everton-brentford-00\/","title":{"rendered":"Everton \u2013 Brentford 0:0"},"content":{"rendered":"<h4>Vystoup\u00e1 Sean Dyche na \u0161pi\u010dku hitpar\u00e1dy nebo mu vbrzku vyjde prvotina? Slovy klasika naruby &#8211; Inter musas arma silent. Na\u0161e zbran\u011b se vskutku odml\u010dely. A na ty jejich na\u0161t\u011bst\u00ed sta\u010d\u00ed Pickford.<\/h4>\n<p>Z\u00e1pas se z po\u010d\u00e1tku vyv\u00edjel dob\u0159e a pomocnou ruku nab\u00eddl i soupe\u0159, kdy\u017e umen\u0161il svoje po\u010detn\u00ed stavy. Jen\u017ee vst\u0159elen\u00ed branky jaksi vypadlo z reperto\u00e1ru, nedok\u00e1zali jsme to u\u017e 3 z\u00e1pasy. Vzpomene si na to je\u0161t\u011b n\u011bkdo?\u00a0<em>(snad prab\u00e1by na\u0161ich prad\u011bd\u016f, kdy\u017e byly je\u0161t\u011b d\u011btmi &#8211; pozn. redakce)<\/em><\/p>\n<p>N\u00e1vrat McNeila znamenal \u00fastup Doucour\u00e9ho do hloubi z\u00e1lohy, kde mu m\u00edsto p\u0159enechal Mangala. Ostatn\u00ed si m\u00edsto\u00a0 udr\u017eeli. Host\u00e9 bez bodu z venkovn\u00edch h\u0159i\u0161\u0165 zm\u011bnu neprovedli, ale na lavi\u010dce se od srpna objevila rekordn\u00ed posila z Brugg, brazilsk\u00fd \u00fato\u010dn\u00edk Igor Thiago, n\u00e1stupce Ivana Toneyho.<\/p>\n<h4>Prvn\u00ed polo\u010das<\/h4>\n<p>Everton za\u010dal svi\u017en\u011b. Ndiaye se ze sv\u00e9 strany prodral ke st\u0159ele, zblokovanou na roh. Z n\u011bj nejprve vytloukl bloky Gueye, aby dal\u0161\u00ed bal\u00f3n na hran\u011b v\u00e1pna vyslal prudce na br\u00e1nu. M\u00ed\u010d je\u0161t\u011b \u0161ikovn\u011b te\u010doval patou DCL, ale jen do prostoru opera\u010dn\u00edho dosahu Flekkena, tak\u017ee v\u00fdsledkem byl dal\u0161\u00ed roh. Jak se uk\u00e1zalo, \u0161lo o maximum, kter\u00e9 jsme p\u0159i v\u0161\u00edm \u00fasil\u00ed vyt\u011b\u017eili.<\/p>\n<p>Aktivita pokra\u010dovala, znovu st\u0159\u00edlel Gueye, ale nep\u0159esn\u011b. T\u00fd\u017e hr\u00e1\u010d hledal centrem DCL, ale ten nem\u011bl prostor zakon\u010dit l\u00e9pe a siln\u011bji. Dal\u0161\u00ed rychl\u00fd p\u0159echod t\u00e1hnul McNeil, ale DCL op\u011bt nem\u011bl se\u0159\u00edzen\u00e9 ly\u017e\u00e1ky, tak\u017ee \u0161lo o pokus nep\u0159\u00edli\u0161 poveden\u00fd. Podobn\u011b dopadl McNeil, kter\u00fd pro zm\u011bnu nav\u00e1zal na Mykolenk\u016fv tah levou stranou. \u00davodn\u00ed desetiminutovka tak vypadala slibn\u011b, z\u00e1rove\u0148 ale nazna\u010dila limity.<\/p>\n<p>Host\u00e9 kontrovali z aut\u016f, van den Berg vyslal p\u0159\u00edzemn\u00ed pokus nap\u0159\u00ed\u010d mal\u00fdm v\u00e1pnem, po na\u0161\u00ed prav\u00e9 stran\u011b hrozil Mbeumo, tak\u017ee na n\u011bj zkou\u0161el zakl\u00ednadla Doucour\u00e9. Okolo 20. minuty jsme op\u011bt za\u010dali p\u0159eb\u00edrat iniciativu a uzamykali soupe\u0159e na jeho polovin\u011b. Z\u00e1rove\u0148 se ale nezd\u00e1lo, \u017ee by si Thomas Frank myslel, \u017ee z tohoto mraku zapr\u0161\u00ed.<\/p>\n<p>McNeil st\u0159\u00edlel op\u011bt mimo (po dobr\u00e9m vynesen\u00ed m\u00ed\u010de od Branthwaitea), Mykolenko centroval n\u011bkolikr\u00e1t nazda\u0159b\u016fh, Ndiayeho brejk zastavila ruka Collinse na m\u00ed\u010di. DCL st\u0159\u00edlel z \u00fahlu jen do brank\u00e1\u0159e, p\u0159i rohu se na Flekkena p\u0159\u00edli\u0161 okat\u011b s\u00e1pal Doucour\u00e9. Ndiaye nebyl dost pr\u016fbojn\u00fd p\u0159i brejku (po p\u011bkn\u00e9 stahova\u010dce Tarkowskiho). Suma sum\u00e1rum, hern\u00ed p\u0159evaha dom\u00e1c\u00edch, ale nic z toho.<\/p>\n<p>V bl\u00ed\u017e\u00edc\u00edm se z\u00e1v\u011bru vyt\u00e1hly r\u016f\u017eky i The Bees. Wissa se \u0159\u00edtil na Pickforda, ale ten pohotov\u011b vyb\u011bhl. Nep\u0159\u00edjemn\u00e1 hrozba po rohu, kdy se t\u011bsn\u011b p\u0159ed brankovou \u010d\u00e1rou objevili po centru Mbeumo s Norgaardem, m\u011bla potenci\u00e1l zkazit odpoledne, nakonec to byl ale kol\u00edky nap\u0159ed zakon\u010duj\u00edc\u00ed Norgaard, kter\u00fd m\u011bl utrum a po asistenci videa jej rozhod\u010d\u00ed Kavanagh poslal do sprch. D\u00e1n to nesl velmi t\u011b\u017eko a \u017elutou kartu si vyslou\u017eil i Thomas Frank.<\/p>\n<p>Nastaven\u00ed nakonec nebylo dlouh\u00e9, Doucour\u00e9 se pokou\u0161el akrobaticky zas\u00e1hnout let\u00edc\u00ed m\u00ed\u010d, ale ne\u017e se pov\u011bsil do vzduchu, byl m\u00ed\u010d ten tam, ani Mykolenko nebyl dost ve st\u0159ehhu, aby st\u0159\u00edlel v\u00edc ne\u017e do prvn\u00edho obr\u00e1nce. Dal\u0161\u00ed pokus vedle vyslal Gana Gueye.<\/p>\n<h4>Druh\u00fd polo\u010das<\/h4>\n<p>Za\u010dalo se op\u011bt pozitivn\u011b, p\u011bknou nar\u00e1\u017ee\u010dku na hran\u011b v\u00e1pna s DCL zakon\u010doval Lindstr\u00f8m, ale op\u011bt k \u00fasp\u011bchu chyb\u011blo n\u011bkolik tis\u00edcin, mo\u017en\u00e1 p\u0159esn\u011bji setin, \u010di desetin sekundy. Gueye p\u00e1lil a tentokr\u00e1t dokonce na branku, ale Flekken byl ob\u010derstven\u00fd, a tedy nelelkoval.<\/p>\n<p>Flekken pak tak\u00e9 poc\u00edtil, jak bol\u00ed p\u0159i\u0161l\u00e1pnut\u00ed kol\u00edky, to kdy\u017e otravn\u00fd Ndiaye sice nepro\u0161el p\u0159es obr\u00e1nce, ale obr\u00e1nce Collins se pro\u0161el po sv\u00e9m brank\u00e1\u0159i. No tak dob\u0159e, trochu ho \u0161kr\u00e1bl. Zaj\u00edmav\u00fd moment nastal p\u0159ed hodinou hry, kdy se Gueye sna\u017eil o pr\u016fnikovou p\u0159ihr\u00e1vku za obranu, ale m\u00ed\u0159il jen do m\u00edst, kam nikdo v\u00a0modr\u00e9m nenab\u00edhal a v\u00a0podstat\u011b ani ta obrana tam pobl\u00ed\u017e nebyla.<\/p>\n<p>Z\u00e1pal a vzruch se i kv\u016fli pom\u011bru sil na h\u0159i\u0161ti \u010d\u00edm d\u00e1l v\u00edc vytr\u00e1cel. Young\u016fv slibn\u00fd centr nena\u0161el nikoho. Lindstr\u00f8m st\u0159elou vybojoval, jak jinak, dal\u0161\u00ed roh. McNeil se pokusil o p\u0159\u00edm\u00fd z\u00e1sah, ale nevy\u0161lo to. Ur\u010ditou nad\u011bji po hodin\u011b hry p\u0159inesla rychlej\u0161\u00ed kombinace, p\u0159eta\u017een\u00fd centr na\u0161el Ndiayeho, jeho st\u0159\u00edlen\u00fd centr ale netrefil Mykolenka ide\u00e1ln\u011b, tak\u017ee z\u016fstalo jen u rozpa\u010dit\u00fdch pohled\u016f.<\/p>\n<p>Dal\u0161\u00edch pam\u011btihodnost\u00ed ub\u00fdvalo. Lewis-Potter, velmi ofenzivn\u00ed krajn\u00ed bek, ztroskotal na Pickfordovi, Jensen p McNeil p\u00e1lili nad \u010di mimo. Rozv\u00ed\u0159it kaln\u00e9 vody se pokusili oba lodivodi dvojit\u00fdm st\u0159\u00edd\u00e1n\u00edm v 72. minut\u011b, ale nov\u00e9 s\u00edly jako by se se t\u00edm vz\u00e1jemn\u011b vynulovaly. Beto m\u011bl 2 slibn\u00e9 hlavi\u010dky, ale ob\u011b mimo ter\u010d. Igor Thiago procvi\u010dil zejm\u00e9na mimick\u00e9 svaly, kdy\u017e se r\u016fzn\u00fdm pomrk\u00e1v\u00e1n\u00edm sna\u017eil spoluhr\u00e1\u010de sezn\u00e1mit se sv\u00fdm pl\u00e1nem. T\u0159eba Jensen jemu k v\u016fli st\u0159\u00edlel p\u0159\u00edm\u00fd kop od p\u016flky na p\u0159edn\u00ed Pickfordovu ty\u010d.<\/p>\n<p>Ne, zkr\u00e1tka, nebylo n\u00e1m d\u00e1no. D\u00e1l u\u017e to byl jen zmar. \u00a0Neusp\u011bli McNeil prava\u010dkou, ani Branthwaite hlavou po centru p\u0159edchoz\u00edho, Tarkowski p\u0159i\u0165uknul Betovi, jeho r\u00e1na po odrazu od obrann\u00e9 zdi nabrala na s\u00edle a odlet\u011bla daleko za z\u00e1da na\u0161ich snajpr\u016f.<\/p>\n<h4>Zhodnocen\u00ed<\/h4>\n<p>Dal\u0161\u00ed bezbrankov\u00e1 rem\u00edza, dal\u0161\u00ed ztr\u00e1ta. P\u0159ed n\u00e1mi nejstar\u0161\u00ed m\u011bs\u00ed\u010dek a nev\u00edm, nev\u00edm, jak u n\u011bj Dyche vypros\u00ed n\u011bjak\u00e9 jahody. Ale zn\u00e1te tu poh\u00e1dku, kdy\u017e bude pokorn\u00fd a hezky popros\u00ed, i takov\u00e9 z\u00e1zraky se m\u016f\u017eou st\u00e1t.<\/p>\n<p>Chyb\u00ed moment p\u0159ekvapen\u00ed, n\u011bjak\u00e9 to zrychlen\u00ed a ne\u010ditelnost. Jako \u017e\u00e1ba na prameni p\u016fsob\u00ed DCL, kter\u00fd by u\u017e roli koncov\u00e9ho hr\u00e1\u010de nem\u011bl dostat. Snad se brzy uzdrav\u00ed n\u011bkdo, koho to bav\u00ed. Ostatn\u00edm ofenzivn\u00edm hr\u00e1\u010d\u016fm chyb\u00ed n\u011bjak\u00e1 \u0161ir\u0161\u00ed vz\u00e1jemn\u00e1 pomoc, n\u011bco jako pivot. Gana Gueye je m\u016fj hr\u00e1\u010d z\u00e1pasu, byl velmi aktivn\u00ed. Ano, je vlastn\u011b \u0161koda, \u017ee to musel b\u00fdt on, kdo se tla\u010dil do tolika zakon\u010den\u00ed ze st\u0159edn\u00ed vzd\u00e1lenosti, kdy\u017e povolen\u00ed st\u0159\u00edlet dostal a\u017e po t\u0159ic\u00edtce.<\/p>\n<p>Doucour\u00e9 je bojovn\u00edk, ale Mangala minule uk\u00e1zal n\u011bkolik zaj\u00edmav\u00fdch pohyb\u016f, kter\u00e9 pomohly trochu roztan\u010dit ten kolos na hlin\u011bn\u00fdch nohou. St\u0159edn\u00ed obr\u00e1nci a g\u00f3lman bez v\u00fdtky. Young tak\u00e9 hraje solidn\u011b. Mykolenko bohu\u017eel nen\u00ed pokra\u010dovatelem Bainesovy a Digneho tradice, mno\u017estv\u00ed prostoru, kter\u00e9ho se mu dost\u00e1v\u00e1, nedok\u00e1\u017ee prom\u011bnit v podporu ofenz\u00edvy, kterou si od n\u011bj zjevn\u011b slibujeme. Ale zd\u00e1 se, \u017ee i soupe\u0159i u\u017e to prokoukli. Kam d\u00e1l, Toffees?<\/p>\n<p style=\"text-align: right;\"><span style=\"font-size: 8pt;\">fotozdroj: Jan Kruger\/Getty Images<\/span><\/p>\n<p><strong>\u017dlut\u00e9<\/strong> <strong>karty<\/strong>: 43\u2018 Frank\u00a0 <strong>\u010cerven\u00e1 karta:<\/strong> 41\u2018 Norgaard<\/p>\n<p><strong>Dr\u017een\u00ed<\/strong> <strong>m\u00ed\u010de<\/strong>: 59% &#8211; 41%\u00a0 <strong>St\u0159ely\/na branku:<\/strong> 27\/5 \u2013 9\/2\u00a0 <strong>Rohy:<\/strong> 10\u20134\u00a0 <strong>xG<\/strong>: 1,15 \u2013 1,08<\/p>\n<p><strong>Everton<\/strong>: Pickford \u2013 Young, Tarkowski, Branthwaite, Mykolenko \u2013 Doucour\u00e9 (72\u2018 Beto), Gana Gueye \u2013 Lindstr\u00f8m (72\u2018 Mangala), McNeil, Ndiaye \u2013 Calvert-Lewin<\/p>\n<p><strong>Brentford<\/strong>: Flekken \u2013 van den Berg, Collins, Pinnock, Lewis-Potter \u2013 Jensen, Norgaard, Janelt (86\u2018 Yarmoliuk) \u2013 Mbeumo, Wissa (72\u2018 Thiago) , Damsgaard (72\u2018 Schade)<\/p>\n<p><strong>Rozhod\u010d\u00ed<\/strong>: C. Kavanagh\u00a0 <strong>Div\u00e1k\u016f<\/strong>: 38 915<\/p>\n","protected":false},"excerpt":{"rendered":"<p>Vystoup\u00e1 Sean Dyche na \u0161pi\u010dku hitpar\u00e1dy nebo mu vbrzku vyjde prvotina? Slovy klasika naruby &#8211; Inter musas arma silent. Na\u0161e zbran\u011b se vskutku odml\u010dely. A na ty jejich na\u0161t\u011bst\u00ed sta\u010d\u00ed Pickford.<\/p>\n","protected":false},"author":10,"featured_media":25662,"comment_status":"open","ping_status":"closed","sticky":false,"template":"","format":"standard","meta":{"_eb_attr":"","_monsterinsights_skip_tracking":false,"_monsterinsights_sitenote_active":false,"_monsterinsights_sitenote_note":"","_monsterinsights_sitenote_category":0,"footnotes":""},"categories":[4],"tags":[],"yoast_head":"<!-- This site is optimized with the Yoast SEO plugin v23.4 - https:\/\/yoast.com\/wordpress\/plugins\/seo\/ -->\n<title>Everton \u2013 Brentford 0:0 - Official Czech &amp; Slovak Everton Supporters&#039; Club<\/title>\n<meta name=\"robots\" content=\"index, follow, max-snippet:-1, max-image-preview:large, max-video-preview:-1\" \/>\n<link rel=\"canonical\" href=\"https:\/\/evertonfc.cz\/index.php\/2024\/11\/23\/everton-brentford-00\/\" \/>\n<meta property=\"og:locale\" content=\"cs_CZ\" \/>\n<meta property=\"og:type\" content=\"article\" \/>\n<meta property=\"og:title\" content=\"Everton \u2013 Brentford 0:0 - Official Czech &amp; Slovak Everton Supporters&#039; Club\" \/>\n<meta property=\"og:description\" content=\"Vystoup\u00e1 Sean Dyche na \u0161pi\u010dku hitpar\u00e1dy nebo mu vbrzku vyjde prvotina? Slovy klasika naruby - Inter musas arma silent. Na\u0161e zbran\u011b se vskutku odml\u010dely. A na ty jejich na\u0161t\u011bst\u00ed sta\u010d\u00ed Pickford.\" \/>\n<meta property=\"og:url\" content=\"https:\/\/evertonfc.cz\/index.php\/2024\/11\/23\/everton-brentford-00\/\" \/>\n<meta property=\"og:site_name\" content=\"Official Czech &amp; Slovak Everton Supporters&#039; Club\" \/>\n<meta property=\"article:publisher\" content=\"https:\/\/www.facebook.com\/everton.fans.cz.sk\" \/>\n<meta property=\"article:published_time\" content=\"2024-11-23T17:48:46+00:00\" \/>\n<meta property=\"article:modified_time\" content=\"2024-11-24T11:41:31+00:00\" \/>\n<meta property=\"og:image\" content=\"https:\/\/evertonfc.cz\/wp-content\/uploads\/2024\/11\/brentford.jpg\" \/>\n\t<meta property=\"og:image:width\" content=\"720\" \/>\n\t<meta property=\"og:image:height\" content=\"406\" \/>\n\t<meta property=\"og:image:type\" content=\"image\/jpeg\" \/>\n<meta name=\"author\" content=\"Fip\" \/>\n<meta name=\"twitter:card\" content=\"summary_large_image\" \/>\n<meta name=\"twitter:label1\" content=\"Napsal(a)\" \/>\n\t<meta name=\"twitter:data1\" content=\"Fip\" \/>\n\t<meta name=\"twitter:label2\" content=\"Odhadovan\u00e1 doba \u010dten\u00ed\" \/>\n\t<meta name=\"twitter:data2\" content=\"6 minut\" \/>\n<script type=\"application\/ld+json\" class=\"yoast-schema-graph\">{\"@context\":\"https:\/\/schema.org\",\"@graph\":[{\"@type\":\"Article\",\"@id\":\"https:\/\/evertonfc.cz\/index.php\/2024\/11\/23\/everton-brentford-00\/#article\",\"isPartOf\":{\"@id\":\"https:\/\/evertonfc.cz\/index.php\/2024\/11\/23\/everton-brentford-00\/\"},\"author\":{\"name\":\"Fip\",\"@id\":\"https:\/\/evertonfc.cz\/#\/schema\/person\/35904009755e8eaa0dc1a5f5f0419002\"},\"headline\":\"Everton \u2013 Brentford 0:0\",\"datePublished\":\"2024-11-23T17:48:46+00:00\",\"dateModified\":\"2024-11-24T11:41:31+00:00\",\"mainEntityOfPage\":{\"@id\":\"https:\/\/evertonfc.cz\/index.php\/2024\/11\/23\/everton-brentford-00\/\"},\"wordCount\":1305,\"commentCount\":7,\"publisher\":{\"@id\":\"https:\/\/evertonfc.cz\/#organization\"},\"image\":{\"@id\":\"https:\/\/evertonfc.cz\/index.php\/2024\/11\/23\/everton-brentford-00\/#primaryimage\"},\"thumbnailUrl\":\"https:\/\/evertonfc.cz\/wp-content\/uploads\/2024\/11\/brentford.jpg\",\"articleSection\":[\"Z\u00e1pasy\"],\"inLanguage\":\"cs\",\"potentialAction\":[{\"@type\":\"CommentAction\",\"name\":\"Comment\",\"target\":[\"https:\/\/evertonfc.cz\/index.php\/2024\/11\/23\/everton-brentford-00\/#respond\"]}]},{\"@type\":\"WebPage\",\"@id\":\"https:\/\/evertonfc.cz\/index.php\/2024\/11\/23\/everton-brentford-00\/\",\"url\":\"https:\/\/evertonfc.cz\/index.php\/2024\/11\/23\/everton-brentford-00\/\",\"name\":\"Everton \u2013 Brentford 0:0 - Official Czech &amp; Slovak Everton Supporters&#039; Club\",\"isPartOf\":{\"@id\":\"https:\/\/evertonfc.cz\/#website\"},\"primaryImageOfPage\":{\"@id\":\"https:\/\/evertonfc.cz\/index.php\/2024\/11\/23\/everton-brentford-00\/#primaryimage\"},\"image\":{\"@id\":\"https:\/\/evertonfc.cz\/index.php\/2024\/11\/23\/everton-brentford-00\/#primaryimage\"},\"thumbnailUrl\":\"https:\/\/evertonfc.cz\/wp-content\/uploads\/2024\/11\/brentford.jpg\",\"datePublished\":\"2024-11-23T17:48:46+00:00\",\"dateModified\":\"2024-11-24T11:41:31+00:00\",\"breadcrumb\":{\"@id\":\"https:\/\/evertonfc.cz\/index.php\/2024\/11\/23\/everton-brentford-00\/#breadcrumb\"},\"inLanguage\":\"cs\",\"potentialAction\":[{\"@type\":\"ReadAction\",\"target\":[\"https:\/\/evertonfc.cz\/index.php\/2024\/11\/23\/everton-brentford-00\/\"]}]},{\"@type\":\"ImageObject\",\"inLanguage\":\"cs\",\"@id\":\"https:\/\/evertonfc.cz\/index.php\/2024\/11\/23\/everton-brentford-00\/#primaryimage\",\"url\":\"https:\/\/evertonfc.cz\/wp-content\/uploads\/2024\/11\/brentford.jpg\",\"contentUrl\":\"https:\/\/evertonfc.cz\/wp-content\/uploads\/2024\/11\/brentford.jpg\",\"width\":720,\"height\":406},{\"@type\":\"BreadcrumbList\",\"@id\":\"https:\/\/evertonfc.cz\/index.php\/2024\/11\/23\/everton-brentford-00\/#breadcrumb\",\"itemListElement\":[{\"@type\":\"ListItem\",\"position\":1,\"name\":\"Home\",\"item\":\"https:\/\/evertonfc.cz\/\"},{\"@type\":\"ListItem\",\"position\":2,\"name\":\"Everton \u2013 Brentford 0:0\"}]},{\"@type\":\"WebSite\",\"@id\":\"https:\/\/evertonfc.cz\/#website\",\"url\":\"https:\/\/evertonfc.cz\/\",\"name\":\"Official Czech &amp; Slovak Everton Supporters&#039; Club\",\"description\":\"\",\"publisher\":{\"@id\":\"https:\/\/evertonfc.cz\/#organization\"},\"potentialAction\":[{\"@type\":\"SearchAction\",\"target\":{\"@type\":\"EntryPoint\",\"urlTemplate\":\"https:\/\/evertonfc.cz\/?s={search_term_string}\"},\"query-input\":{\"@type\":\"PropertyValueSpecification\",\"valueRequired\":true,\"valueName\":\"search_term_string\"}}],\"inLanguage\":\"cs\"},{\"@type\":\"Organization\",\"@id\":\"https:\/\/evertonfc.cz\/#organization\",\"name\":\"Official Czech & Slovak Everton Supporters' Club\",\"url\":\"https:\/\/evertonfc.cz\/\",\"logo\":{\"@type\":\"ImageObject\",\"inLanguage\":\"cs\",\"@id\":\"https:\/\/evertonfc.cz\/#\/schema\/logo\/image\/\",\"url\":\"https:\/\/evertonfc.cz\/wp-content\/uploads\/2019\/05\/logo.png\",\"contentUrl\":\"https:\/\/evertonfc.cz\/wp-content\/uploads\/2019\/05\/logo.png\",\"width\":112,\"height\":112,\"caption\":\"Official Czech & Slovak Everton Supporters' Club\"},\"image\":{\"@id\":\"https:\/\/evertonfc.cz\/#\/schema\/logo\/image\/\"},\"sameAs\":[\"https:\/\/www.facebook.com\/everton.fans.cz.sk\"]},{\"@type\":\"Person\",\"@id\":\"https:\/\/evertonfc.cz\/#\/schema\/person\/35904009755e8eaa0dc1a5f5f0419002\",\"name\":\"Fip\",\"url\":\"https:\/\/evertonfc.cz\/index.php\/author\/fip\/\"}]}<\/script>\n<!-- \/ Yoast SEO plugin. -->","yoast_head_json":{"title":"Everton \u2013 Brentford 0:0 - Official Czech &amp; Slovak Everton Supporters&#039; Club","robots":{"index":"index","follow":"follow","max-snippet":"max-snippet:-1","max-image-preview":"max-image-preview:large","max-video-preview":"max-video-preview:-1"},"canonical":"https:\/\/evertonfc.cz\/index.php\/2024\/11\/23\/everton-brentford-00\/","og_locale":"cs_CZ","og_type":"article","og_title":"Everton \u2013 Brentford 0:0 - Official Czech &amp; Slovak Everton Supporters&#039; Club","og_description":"Vystoup\u00e1 Sean Dyche na \u0161pi\u010dku hitpar\u00e1dy nebo mu vbrzku vyjde prvotina? Slovy klasika naruby - Inter musas arma silent. Na\u0161e zbran\u011b se vskutku odml\u010dely. A na ty jejich na\u0161t\u011bst\u00ed sta\u010d\u00ed Pickford.","og_url":"https:\/\/evertonfc.cz\/index.php\/2024\/11\/23\/everton-brentford-00\/","og_site_name":"Official Czech &amp; Slovak Everton Supporters&#039; Club","article_publisher":"https:\/\/www.facebook.com\/everton.fans.cz.sk","article_published_time":"2024-11-23T17:48:46+00:00","article_modified_time":"2024-11-24T11:41:31+00:00","og_image":[{"width":720,"height":406,"url":"https:\/\/evertonfc.cz\/wp-content\/uploads\/2024\/11\/brentford.jpg","type":"image\/jpeg"}],"author":"Fip","twitter_card":"summary_large_image","twitter_misc":{"Napsal(a)":"Fip","Odhadovan\u00e1 doba \u010dten\u00ed":"6 minut"},"schema":{"@context":"https:\/\/schema.org","@graph":[{"@type":"Article","@id":"https:\/\/evertonfc.cz\/index.php\/2024\/11\/23\/everton-brentford-00\/#article","isPartOf":{"@id":"https:\/\/evertonfc.cz\/index.php\/2024\/11\/23\/everton-brentford-00\/"},"author":{"name":"Fip","@id":"https:\/\/evertonfc.cz\/#\/schema\/person\/35904009755e8eaa0dc1a5f5f0419002"},"headline":"Everton \u2013 Brentford 0:0","datePublished":"2024-11-23T17:48:46+00:00","dateModified":"2024-11-24T11:41:31+00:00","mainEntityOfPage":{"@id":"https:\/\/evertonfc.cz\/index.php\/2024\/11\/23\/everton-brentford-00\/"},"wordCount":1305,"commentCount":7,"publisher":{"@id":"https:\/\/evertonfc.cz\/#organization"},"image":{"@id":"https:\/\/evertonfc.cz\/index.php\/2024\/11\/23\/everton-brentford-00\/#primaryimage"},"thumbnailUrl":"https:\/\/evertonfc.cz\/wp-content\/uploads\/2024\/11\/brentford.jpg","articleSection":["Z\u00e1pasy"],"inLanguage":"cs","potentialAction":[{"@type":"CommentAction","name":"Comment","target":["https:\/\/evertonfc.cz\/index.php\/2024\/11\/23\/everton-brentford-00\/#respond"]}]},{"@type":"WebPage","@id":"https:\/\/evertonfc.cz\/index.php\/2024\/11\/23\/everton-brentford-00\/","url":"https:\/\/evertonfc.cz\/index.php\/2024\/11\/23\/everton-brentford-00\/","name":"Everton \u2013 Brentford 0:0 - Official Czech &amp; Slovak Everton Supporters&#039; Club","isPartOf":{"@id":"https:\/\/evertonfc.cz\/#website"},"primaryImageOfPage":{"@id":"https:\/\/evertonfc.cz\/index.php\/2024\/11\/23\/everton-brentford-00\/#primaryimage"},"image":{"@id":"https:\/\/evertonfc.cz\/index.php\/2024\/11\/23\/everton-brentford-00\/#primaryimage"},"thumbnailUrl":"https:\/\/evertonfc.cz\/wp-content\/uploads\/2024\/11\/brentford.jpg","datePublished":"2024-11-23T17:48:46+00:00","dateModified":"2024-11-24T11:41:31+00:00","breadcrumb":{"@id":"https:\/\/evertonfc.cz\/index.php\/2024\/11\/23\/everton-brentford-00\/#breadcrumb"},"inLanguage":"cs","potentialAction":[{"@type":"ReadAction","target":["https:\/\/evertonfc.cz\/index.php\/2024\/11\/23\/everton-brentford-00\/"]}]},{"@type":"ImageObject","inLanguage":"cs","@id":"https:\/\/evertonfc.cz\/index.php\/2024\/11\/23\/everton-brentford-00\/#primaryimage","url":"https:\/\/evertonfc.cz\/wp-content\/uploads\/2024\/11\/brentford.jpg","contentUrl":"https:\/\/evertonfc.cz\/wp-content\/uploads\/2024\/11\/brentford.jpg","width":720,"height":406},{"@type":"BreadcrumbList","@id":"https:\/\/evertonfc.cz\/index.php\/2024\/11\/23\/everton-brentford-00\/#breadcrumb","itemListElement":[{"@type":"ListItem","position":1,"name":"Home","item":"https:\/\/evertonfc.cz\/"},{"@type":"ListItem","position":2,"name":"Everton \u2013 Brentford 0:0"}]},{"@type":"WebSite","@id":"https:\/\/evertonfc.cz\/#website","url":"https:\/\/evertonfc.cz\/","name":"Official Czech &amp; Slovak Everton Supporters&#039; Club","description":"","publisher":{"@id":"https:\/\/evertonfc.cz\/#organization"},"potentialAction":[{"@type":"SearchAction","target":{"@type":"EntryPoint","urlTemplate":"https:\/\/evertonfc.cz\/?s={search_term_string}"},"query-input":{"@type":"PropertyValueSpecification","valueRequired":true,"valueName":"search_term_string"}}],"inLanguage":"cs"},{"@type":"Organization","@id":"https:\/\/evertonfc.cz\/#organization","name":"Official Czech & Slovak Everton Supporters' Club","url":"https:\/\/evertonfc.cz\/","logo":{"@type":"ImageObject","inLanguage":"cs","@id":"https:\/\/evertonfc.cz\/#\/schema\/logo\/image\/","url":"https:\/\/evertonfc.cz\/wp-content\/uploads\/2019\/05\/logo.png","contentUrl":"https:\/\/evertonfc.cz\/wp-content\/uploads\/2019\/05\/logo.png","width":112,"height":112,"caption":"Official Czech & Slovak Everton Supporters' Club"},"image":{"@id":"https:\/\/evertonfc.cz\/#\/schema\/logo\/image\/"},"sameAs":["https:\/\/www.facebook.com\/everton.fans.cz.sk"]},{"@type":"Person","@id":"https:\/\/evertonfc.cz\/#\/schema\/person\/35904009755e8eaa0dc1a5f5f0419002","name":"Fip","url":"https:\/\/evertonfc.cz\/index.php\/author\/fip\/"}]}},"_links":{"self":[{"href":"https:\/\/evertonfc.cz\/index.php\/wp-json\/wp\/v2\/posts\/25663"}],"collection":[{"href":"https:\/\/evertonfc.cz\/index.php\/wp-json\/wp\/v2\/posts"}],"about":[{"href":"https:\/\/evertonfc.cz\/index.php\/wp-json\/wp\/v2\/types\/post"}],"author":[{"embeddable":true,"href":"https:\/\/evertonfc.cz\/index.php\/wp-json\/wp\/v2\/users\/10"}],"replies":[{"embeddable":true,"href":"https:\/\/evertonfc.cz\/index.php\/wp-json\/wp\/v2\/comments?post=25663"}],"version-history":[{"count":8,"href":"https:\/\/evertonfc.cz\/index.php\/wp-json\/wp\/v2\/posts\/25663\/revisions"}],"predecessor-version":[{"id":25677,"href":"https:\/\/evertonfc.cz\/index.php\/wp-json\/wp\/v2\/posts\/25663\/revisions\/25677"}],"wp:featuredmedia":[{"embeddable":true,"href":"https:\/\/evertonfc.cz\/index.php\/wp-json\/wp\/v2\/media\/25662"}],"wp:attachment":[{"href":"https:\/\/evertonfc.cz\/index.php\/wp-json\/wp\/v2\/media?parent=25663"}],"wp:term":[{"taxonomy":"category","embeddable":true,"href":"https:\/\/evertonfc.cz\/index.php\/wp-json\/wp\/v2\/categories?post=25663"},{"taxonomy":"post_tag","embeddable":true,"href":"https:\/\/evertonfc.cz\/index.php\/wp-json\/wp\/v2\/tags?post=25663"}],"curies":[{"name":"wp","href":"https:\/\/api.w.org\/{rel}","templated":true}]}}