{"id":2569,"date":"2017-09-16T22:54:24","date_gmt":"2017-09-16T20:54:24","guid":{"rendered":"http:\/\/evertonfc.cz\/?p=2569"},"modified":"2021-02-06T14:56:28","modified_gmt":"2021-02-06T13:56:28","slug":"preview-manchester-united-everton-2","status":"publish","type":"post","link":"https:\/\/evertonfc.cz\/index.php\/2017\/09\/16\/preview-manchester-united-everton-2\/","title":{"rendered":"Preview: Manchester United &#8211; Everton"},"content":{"rendered":"\r\n<h4>Debakl v It\u00e1li\u00ed rozsv\u00edtil v\u0161echna mo\u017en\u00e1 varovn\u00e1 sv\u011bt\u00fdlka, Everton se bude sna\u017eit rehabilitovat na Old Trafford. Kdy\u017e u\u017e ne body, fanou\u0161ci \u017e\u00e1daj\u00ed aspo\u0148 propocen\u00e9 dresy.<\/h4>\r\n\r\n\r\n\r\n<p>Od \u010dervna se v\u011bd\u011blo, \u017ee \u00favod sez\u00f3ny bude velmi n\u00e1ro\u010dn\u00fd. Los nad\u011blil do cesty moment\u00e1ln\u011b snad to nejlep\u0161\u00ed z Anglie a letn\u00ed p\u0159estavba k\u00e1dru si pochopiteln\u011b \u017e\u00e1d\u00e1 \u010das.<\/p>\r\n\r\n\r\n\r\n<p>Ani ty nej\u010dern\u011bj\u0161\u00ed progn\u00f3zy v\u0161ak nep\u0159edpov\u00eddaly, \u017ee k utk\u00e1n\u00ed 5. kola Premier League na p\u016fd\u011b Manchesteru United Everton pocestuje po t\u0159ech prohr\u00e1ch v \u0159ad\u011b s celkov\u00fdm sk\u00f3rem 0:8 a \u2013 co je je\u0161t\u011b v\u00edce znepokojuj\u00edc\u00ed \u2013 po t\u0159ech tristn\u00edch v\u00fdkonech.<\/p>\r\n\r\n\r\n\r\n<p>V on\u011bch t\u0159ech z\u00e1pasech hr\u00e1\u010di Evertonu vyst\u0159elili na br\u00e1nu pouze t\u0159ikr\u00e1t, co\u017e tak asi shrnuje tr\u00e1pen\u00ed na h\u0159i\u0161ti. Dobr\u00e1 organizace obrany je minulost\u00ed, p\u0159echod do \u00fatoku pro zm\u011bnu sv\u00fdm tempem p\u0159ipom\u00edn\u00e1 lenochod\u00ed z\u00e1vody a a\u017e na v\u00fdjimky nen\u00ed vidu ani slechu po bojovnosti.<\/p>\r\n\r\n\r\n\r\n<p>Mana\u017eer Koeman vzal \u010dtvrte\u010dn\u00ed ostudu na sebe, to, co vid\u011bl, ho pr\u00fd hluboce tr\u00e1p\u00ed. I proto na p\u00e1te\u010dn\u00ed ve\u010der svolal sch\u016fzku s t\u011bmi zku\u0161en\u011bj\u0161\u00edmi z k\u00e1dru. Myslet si, \u017ee se v\u0161e obr\u00e1t\u00ed k lep\u0161\u00edmu u\u017e v ned\u011bli, by bylo naivn\u00ed. Na druhou stranu poveden\u00e9 utk\u00e1n\u00ed, a\u0165 u\u017e by skon\u010dilo jak\u00fdmkoliv v\u00fdsledek, by dodalo pot\u0159ebou vzpruhu do n\u00e1sleduj\u00edc\u00edch \u010dty\u0159 z\u00e1pas\u016f, kter\u00e9 v\u0161echny Everton odehraje na dom\u00e1c\u00ed p\u016fd\u011b s pap\u00edrov\u011b slab\u0161\u00edmi soupe\u0159i.<\/p>\r\n\r\n\r\n\r\n<p>Podle Koemana si krizov\u00e1 situace \u017e\u00e1d\u00e1 zodpov\u011bdnost od zku\u0161en\u011bj\u0161\u00edch borc\u016f. V Manchesteru tedy ne\u010dekejme v z\u00e1kladn\u00ed sestav\u011b Kennyho, jen\u017e podle Nizozemce je\u0161t\u011b nen\u00ed p\u0159ipraven, a tak\u00e9 ani Daviese, jen\u017e oproti lo\u0148sk\u00e9 sez\u00f3n\u011b ztratil spont\u00e1nnost a trochu se tr\u00e1p\u00ed.<\/p>\r\n\r\n\r\n\r\n<p>Manchester United p\u0159es l\u00e9to v\u00fdrazn\u011b pos\u00edlil k\u00e1dr na t\u0159ech kl\u00ed\u010dov\u00fdch postech. St\u0159ed obrany vyztu\u017eil talentovan\u00fd Victor Lindel\u00f6f, za n\u011bho\u017e m\u016f\u017ee Benfica obdr\u017eet a\u017e 40 milion\u016f liber. O p\u00e1rn\u00edk l\u00e9pe za\u010dali sv\u00e1 anga\u017em\u00e1 v \u010derven\u00e9m dresu dv\u011b jin\u00e9 posily \u2013 st\u0159edopola\u0159 Nemanja Mati\u0107 (Chelsea &#8211; 40 milion\u016f liber) a Romelu Lukaku, za n\u011bho\u017e i s bonusy m\u016f\u017ee na Goodison Park putovat 90 milion\u016f liber. B\u00fdval\u00e9 \u00fato\u010dn\u00e9 eso Evertonu stihlo nast\u0159\u00edlet v nov\u00e9m t\u00fdmu \u0161est g\u00f3l\u016f v \u0161esti startech.<\/p>\r\n\r\n\r\n\r\n<p>Sv\u011b\u0159enci Jos\u00e9ho Mourinha jsou po \u010dty\u0159ech ligov\u00fdch kolech na prvn\u00ed p\u0159\u00ed\u010dce tabulky, body ztratili jen p\u0159ed t\u00fddnem za rem\u00edzu 2:2 ve Stoke. N\u00e1ladu si ale spravili b\u011bhem \u00fatern\u00edho ve\u010dera, kdy p\u0159ed vlastn\u00edmi fanou\u0161ky nad\u011blili t\u0159i branky Basileji a stylov\u011b oslavili n\u00e1vrat do Ligy mistr\u016f.<\/p>\r\n\r\n\r\n\r\n<p>Everton nad\u00e1le postr\u00e1d\u00e1 zran\u011bn\u00e9 Colemana, Funese Moriho, McCarthyho, Bolasieho a Barkleyho. United ve zm\u00edn\u011bn\u00e9m souboji s Basilej\u00ed p\u0159i\u0161li o kl\u00ed\u010dov\u00e9ho mu\u017ee Paula Pogbu, kter\u00fd na marodce doplnil Marcose Roja a Zlatana Ibrahimovi\u0107e. Po t\u00e9m\u011b\u0159 p\u016flro\u010dn\u00ed pauze by u\u017e m\u011bl b\u00fdt k\u00a0dispozici lev\u00fd obr\u00e1nce Luke Shaw.<\/p>\r\n\r\n\r\n\r\n<p>Utk\u00e1n\u00ed vys\u00edl\u00e1 p\u0159\u00edm\u00fdm p\u0159enosem stanice Digi sport 1.<\/p>\r\n\r\n\r\n\r\n<p><strong>Co:<\/strong> Manchester United FC &#8211; Everton FC, 5. kolo Premier League<br \/><strong>Kdy:<\/strong> 17. 9. 2017 od 17:00 SE\u010c<br \/><strong>Kde:<\/strong> Old Trafford, Manchester (kapacita: 75 643)<br \/><strong>Rozhod\u010d\u00ed:<\/strong> Jonathan Moss<\/p>\r\n","protected":false},"excerpt":{"rendered":"<p>Debakl v It\u00e1li\u00ed rozsv\u00edtil v\u0161echna mo\u017en\u00e1 varovn\u00e1 sv\u011bt\u00fdlka, Everton se bude sna\u017eit rehabilitovat na Old Trafford. Kdy\u017e u\u017e ne body,&hellip;<\/p>\n","protected":false},"author":6,"featured_media":13968,"comment_status":"open","ping_status":"closed","sticky":false,"template":"","format":"standard","meta":{"_eb_attr":"","_monsterinsights_skip_tracking":false,"_monsterinsights_sitenote_active":false,"_monsterinsights_sitenote_note":"","_monsterinsights_sitenote_category":0,"footnotes":""},"categories":[4],"tags":[],"yoast_head":"<!-- This site is optimized with the Yoast SEO plugin v23.4 - https:\/\/yoast.com\/wordpress\/plugins\/seo\/ -->\n<title>Preview: Manchester United - Everton - Official Czech &amp; Slovak Everton Supporters&#039; Club<\/title>\n<meta name=\"robots\" content=\"index, follow, max-snippet:-1, max-image-preview:large, max-video-preview:-1\" \/>\n<link rel=\"canonical\" href=\"https:\/\/evertonfc.cz\/index.php\/2017\/09\/16\/preview-manchester-united-everton-2\/\" \/>\n<meta property=\"og:locale\" content=\"cs_CZ\" \/>\n<meta property=\"og:type\" content=\"article\" \/>\n<meta property=\"og:title\" content=\"Preview: Manchester United - Everton - Official Czech &amp; Slovak Everton Supporters&#039; Club\" \/>\n<meta property=\"og:description\" content=\"Debakl v It\u00e1li\u00ed rozsv\u00edtil v\u0161echna mo\u017en\u00e1 varovn\u00e1 sv\u011bt\u00fdlka, Everton se bude sna\u017eit rehabilitovat na Old Trafford. Kdy\u017e u\u017e ne body,&hellip;\" \/>\n<meta property=\"og:url\" content=\"https:\/\/evertonfc.cz\/index.php\/2017\/09\/16\/preview-manchester-united-everton-2\/\" \/>\n<meta property=\"og:site_name\" content=\"Official Czech &amp; Slovak Everton Supporters&#039; Club\" \/>\n<meta property=\"article:publisher\" content=\"https:\/\/www.facebook.com\/everton.fans.cz.sk\" \/>\n<meta property=\"article:published_time\" content=\"2017-09-16T20:54:24+00:00\" \/>\n<meta property=\"article:modified_time\" content=\"2021-02-06T13:56:28+00:00\" \/>\n<meta property=\"og:image\" content=\"https:\/\/evertonfc.cz\/wp-content\/uploads\/2021\/02\/Manchester-United-VS-Everton.jpg\" \/>\n\t<meta property=\"og:image:width\" content=\"720\" \/>\n\t<meta property=\"og:image:height\" content=\"405\" \/>\n\t<meta property=\"og:image:type\" content=\"image\/jpeg\" \/>\n<meta name=\"author\" content=\"Ri\u010di\" \/>\n<meta name=\"twitter:card\" content=\"summary_large_image\" \/>\n<meta name=\"twitter:creator\" content=\"@rbrejsa\" \/>\n<meta name=\"twitter:label1\" content=\"Napsal(a)\" \/>\n\t<meta name=\"twitter:data1\" content=\"Ri\u010di\" \/>\n\t<meta name=\"twitter:label2\" content=\"Odhadovan\u00e1 doba \u010dten\u00ed\" \/>\n\t<meta name=\"twitter:data2\" content=\"3 minuty\" \/>\n<script type=\"application\/ld+json\" class=\"yoast-schema-graph\">{\"@context\":\"https:\/\/schema.org\",\"@graph\":[{\"@type\":\"Article\",\"@id\":\"https:\/\/evertonfc.cz\/index.php\/2017\/09\/16\/preview-manchester-united-everton-2\/#article\",\"isPartOf\":{\"@id\":\"https:\/\/evertonfc.cz\/index.php\/2017\/09\/16\/preview-manchester-united-everton-2\/\"},\"author\":{\"name\":\"Ri\u010di\",\"@id\":\"https:\/\/evertonfc.cz\/#\/schema\/person\/f7a5daedb2ffee98480bc70e191aaef1\"},\"headline\":\"Preview: Manchester United &#8211; Everton\",\"datePublished\":\"2017-09-16T20:54:24+00:00\",\"dateModified\":\"2021-02-06T13:56:28+00:00\",\"mainEntityOfPage\":{\"@id\":\"https:\/\/evertonfc.cz\/index.php\/2017\/09\/16\/preview-manchester-united-everton-2\/\"},\"wordCount\":602,\"commentCount\":0,\"publisher\":{\"@id\":\"https:\/\/evertonfc.cz\/#organization\"},\"image\":{\"@id\":\"https:\/\/evertonfc.cz\/index.php\/2017\/09\/16\/preview-manchester-united-everton-2\/#primaryimage\"},\"thumbnailUrl\":\"https:\/\/evertonfc.cz\/wp-content\/uploads\/2021\/02\/Manchester-United-VS-Everton.jpg\",\"articleSection\":[\"Z\u00e1pasy\"],\"inLanguage\":\"cs\",\"potentialAction\":[{\"@type\":\"CommentAction\",\"name\":\"Comment\",\"target\":[\"https:\/\/evertonfc.cz\/index.php\/2017\/09\/16\/preview-manchester-united-everton-2\/#respond\"]}]},{\"@type\":\"WebPage\",\"@id\":\"https:\/\/evertonfc.cz\/index.php\/2017\/09\/16\/preview-manchester-united-everton-2\/\",\"url\":\"https:\/\/evertonfc.cz\/index.php\/2017\/09\/16\/preview-manchester-united-everton-2\/\",\"name\":\"Preview: Manchester United - Everton - Official Czech &amp; Slovak Everton Supporters&#039; Club\",\"isPartOf\":{\"@id\":\"https:\/\/evertonfc.cz\/#website\"},\"primaryImageOfPage\":{\"@id\":\"https:\/\/evertonfc.cz\/index.php\/2017\/09\/16\/preview-manchester-united-everton-2\/#primaryimage\"},\"image\":{\"@id\":\"https:\/\/evertonfc.cz\/index.php\/2017\/09\/16\/preview-manchester-united-everton-2\/#primaryimage\"},\"thumbnailUrl\":\"https:\/\/evertonfc.cz\/wp-content\/uploads\/2021\/02\/Manchester-United-VS-Everton.jpg\",\"datePublished\":\"2017-09-16T20:54:24+00:00\",\"dateModified\":\"2021-02-06T13:56:28+00:00\",\"breadcrumb\":{\"@id\":\"https:\/\/evertonfc.cz\/index.php\/2017\/09\/16\/preview-manchester-united-everton-2\/#breadcrumb\"},\"inLanguage\":\"cs\",\"potentialAction\":[{\"@type\":\"ReadAction\",\"target\":[\"https:\/\/evertonfc.cz\/index.php\/2017\/09\/16\/preview-manchester-united-everton-2\/\"]}]},{\"@type\":\"ImageObject\",\"inLanguage\":\"cs\",\"@id\":\"https:\/\/evertonfc.cz\/index.php\/2017\/09\/16\/preview-manchester-united-everton-2\/#primaryimage\",\"url\":\"https:\/\/evertonfc.cz\/wp-content\/uploads\/2021\/02\/Manchester-United-VS-Everton.jpg\",\"contentUrl\":\"https:\/\/evertonfc.cz\/wp-content\/uploads\/2021\/02\/Manchester-United-VS-Everton.jpg\",\"width\":720,\"height\":405},{\"@type\":\"BreadcrumbList\",\"@id\":\"https:\/\/evertonfc.cz\/index.php\/2017\/09\/16\/preview-manchester-united-everton-2\/#breadcrumb\",\"itemListElement\":[{\"@type\":\"ListItem\",\"position\":1,\"name\":\"Home\",\"item\":\"https:\/\/evertonfc.cz\/\"},{\"@type\":\"ListItem\",\"position\":2,\"name\":\"Preview: Manchester United &#8211; Everton\"}]},{\"@type\":\"WebSite\",\"@id\":\"https:\/\/evertonfc.cz\/#website\",\"url\":\"https:\/\/evertonfc.cz\/\",\"name\":\"Official Czech &amp; Slovak Everton Supporters&#039; Club\",\"description\":\"\",\"publisher\":{\"@id\":\"https:\/\/evertonfc.cz\/#organization\"},\"potentialAction\":[{\"@type\":\"SearchAction\",\"target\":{\"@type\":\"EntryPoint\",\"urlTemplate\":\"https:\/\/evertonfc.cz\/?s={search_term_string}\"},\"query-input\":{\"@type\":\"PropertyValueSpecification\",\"valueRequired\":true,\"valueName\":\"search_term_string\"}}],\"inLanguage\":\"cs\"},{\"@type\":\"Organization\",\"@id\":\"https:\/\/evertonfc.cz\/#organization\",\"name\":\"Official Czech & Slovak Everton Supporters' Club\",\"url\":\"https:\/\/evertonfc.cz\/\",\"logo\":{\"@type\":\"ImageObject\",\"inLanguage\":\"cs\",\"@id\":\"https:\/\/evertonfc.cz\/#\/schema\/logo\/image\/\",\"url\":\"https:\/\/evertonfc.cz\/wp-content\/uploads\/2019\/05\/logo.png\",\"contentUrl\":\"https:\/\/evertonfc.cz\/wp-content\/uploads\/2019\/05\/logo.png\",\"width\":112,\"height\":112,\"caption\":\"Official Czech & Slovak Everton Supporters' Club\"},\"image\":{\"@id\":\"https:\/\/evertonfc.cz\/#\/schema\/logo\/image\/\"},\"sameAs\":[\"https:\/\/www.facebook.com\/everton.fans.cz.sk\"]},{\"@type\":\"Person\",\"@id\":\"https:\/\/evertonfc.cz\/#\/schema\/person\/f7a5daedb2ffee98480bc70e191aaef1\",\"name\":\"Ri\u010di\",\"sameAs\":[\"https:\/\/x.com\/rbrejsa\"],\"url\":\"https:\/\/evertonfc.cz\/index.php\/author\/rici\/\"}]}<\/script>\n<!-- \/ Yoast SEO plugin. -->","yoast_head_json":{"title":"Preview: Manchester United - Everton - Official Czech &amp; Slovak Everton Supporters&#039; Club","robots":{"index":"index","follow":"follow","max-snippet":"max-snippet:-1","max-image-preview":"max-image-preview:large","max-video-preview":"max-video-preview:-1"},"canonical":"https:\/\/evertonfc.cz\/index.php\/2017\/09\/16\/preview-manchester-united-everton-2\/","og_locale":"cs_CZ","og_type":"article","og_title":"Preview: Manchester United - Everton - Official Czech &amp; Slovak Everton Supporters&#039; Club","og_description":"Debakl v It\u00e1li\u00ed rozsv\u00edtil v\u0161echna mo\u017en\u00e1 varovn\u00e1 sv\u011bt\u00fdlka, Everton se bude sna\u017eit rehabilitovat na Old Trafford. Kdy\u017e u\u017e ne body,&hellip;","og_url":"https:\/\/evertonfc.cz\/index.php\/2017\/09\/16\/preview-manchester-united-everton-2\/","og_site_name":"Official Czech &amp; Slovak Everton Supporters&#039; Club","article_publisher":"https:\/\/www.facebook.com\/everton.fans.cz.sk","article_published_time":"2017-09-16T20:54:24+00:00","article_modified_time":"2021-02-06T13:56:28+00:00","og_image":[{"width":720,"height":405,"url":"https:\/\/evertonfc.cz\/wp-content\/uploads\/2021\/02\/Manchester-United-VS-Everton.jpg","type":"image\/jpeg"}],"author":"Ri\u010di","twitter_card":"summary_large_image","twitter_creator":"@rbrejsa","twitter_misc":{"Napsal(a)":"Ri\u010di","Odhadovan\u00e1 doba \u010dten\u00ed":"3 minuty"},"schema":{"@context":"https:\/\/schema.org","@graph":[{"@type":"Article","@id":"https:\/\/evertonfc.cz\/index.php\/2017\/09\/16\/preview-manchester-united-everton-2\/#article","isPartOf":{"@id":"https:\/\/evertonfc.cz\/index.php\/2017\/09\/16\/preview-manchester-united-everton-2\/"},"author":{"name":"Ri\u010di","@id":"https:\/\/evertonfc.cz\/#\/schema\/person\/f7a5daedb2ffee98480bc70e191aaef1"},"headline":"Preview: Manchester United &#8211; Everton","datePublished":"2017-09-16T20:54:24+00:00","dateModified":"2021-02-06T13:56:28+00:00","mainEntityOfPage":{"@id":"https:\/\/evertonfc.cz\/index.php\/2017\/09\/16\/preview-manchester-united-everton-2\/"},"wordCount":602,"commentCount":0,"publisher":{"@id":"https:\/\/evertonfc.cz\/#organization"},"image":{"@id":"https:\/\/evertonfc.cz\/index.php\/2017\/09\/16\/preview-manchester-united-everton-2\/#primaryimage"},"thumbnailUrl":"https:\/\/evertonfc.cz\/wp-content\/uploads\/2021\/02\/Manchester-United-VS-Everton.jpg","articleSection":["Z\u00e1pasy"],"inLanguage":"cs","potentialAction":[{"@type":"CommentAction","name":"Comment","target":["https:\/\/evertonfc.cz\/index.php\/2017\/09\/16\/preview-manchester-united-everton-2\/#respond"]}]},{"@type":"WebPage","@id":"https:\/\/evertonfc.cz\/index.php\/2017\/09\/16\/preview-manchester-united-everton-2\/","url":"https:\/\/evertonfc.cz\/index.php\/2017\/09\/16\/preview-manchester-united-everton-2\/","name":"Preview: Manchester United - Everton - Official Czech &amp; Slovak Everton Supporters&#039; Club","isPartOf":{"@id":"https:\/\/evertonfc.cz\/#website"},"primaryImageOfPage":{"@id":"https:\/\/evertonfc.cz\/index.php\/2017\/09\/16\/preview-manchester-united-everton-2\/#primaryimage"},"image":{"@id":"https:\/\/evertonfc.cz\/index.php\/2017\/09\/16\/preview-manchester-united-everton-2\/#primaryimage"},"thumbnailUrl":"https:\/\/evertonfc.cz\/wp-content\/uploads\/2021\/02\/Manchester-United-VS-Everton.jpg","datePublished":"2017-09-16T20:54:24+00:00","dateModified":"2021-02-06T13:56:28+00:00","breadcrumb":{"@id":"https:\/\/evertonfc.cz\/index.php\/2017\/09\/16\/preview-manchester-united-everton-2\/#breadcrumb"},"inLanguage":"cs","potentialAction":[{"@type":"ReadAction","target":["https:\/\/evertonfc.cz\/index.php\/2017\/09\/16\/preview-manchester-united-everton-2\/"]}]},{"@type":"ImageObject","inLanguage":"cs","@id":"https:\/\/evertonfc.cz\/index.php\/2017\/09\/16\/preview-manchester-united-everton-2\/#primaryimage","url":"https:\/\/evertonfc.cz\/wp-content\/uploads\/2021\/02\/Manchester-United-VS-Everton.jpg","contentUrl":"https:\/\/evertonfc.cz\/wp-content\/uploads\/2021\/02\/Manchester-United-VS-Everton.jpg","width":720,"height":405},{"@type":"BreadcrumbList","@id":"https:\/\/evertonfc.cz\/index.php\/2017\/09\/16\/preview-manchester-united-everton-2\/#breadcrumb","itemListElement":[{"@type":"ListItem","position":1,"name":"Home","item":"https:\/\/evertonfc.cz\/"},{"@type":"ListItem","position":2,"name":"Preview: Manchester United &#8211; Everton"}]},{"@type":"WebSite","@id":"https:\/\/evertonfc.cz\/#website","url":"https:\/\/evertonfc.cz\/","name":"Official Czech &amp; Slovak Everton Supporters&#039; Club","description":"","publisher":{"@id":"https:\/\/evertonfc.cz\/#organization"},"potentialAction":[{"@type":"SearchAction","target":{"@type":"EntryPoint","urlTemplate":"https:\/\/evertonfc.cz\/?s={search_term_string}"},"query-input":{"@type":"PropertyValueSpecification","valueRequired":true,"valueName":"search_term_string"}}],"inLanguage":"cs"},{"@type":"Organization","@id":"https:\/\/evertonfc.cz\/#organization","name":"Official Czech & Slovak Everton Supporters' Club","url":"https:\/\/evertonfc.cz\/","logo":{"@type":"ImageObject","inLanguage":"cs","@id":"https:\/\/evertonfc.cz\/#\/schema\/logo\/image\/","url":"https:\/\/evertonfc.cz\/wp-content\/uploads\/2019\/05\/logo.png","contentUrl":"https:\/\/evertonfc.cz\/wp-content\/uploads\/2019\/05\/logo.png","width":112,"height":112,"caption":"Official Czech & Slovak Everton Supporters' Club"},"image":{"@id":"https:\/\/evertonfc.cz\/#\/schema\/logo\/image\/"},"sameAs":["https:\/\/www.facebook.com\/everton.fans.cz.sk"]},{"@type":"Person","@id":"https:\/\/evertonfc.cz\/#\/schema\/person\/f7a5daedb2ffee98480bc70e191aaef1","name":"Ri\u010di","sameAs":["https:\/\/x.com\/rbrejsa"],"url":"https:\/\/evertonfc.cz\/index.php\/author\/rici\/"}]}},"_links":{"self":[{"href":"https:\/\/evertonfc.cz\/index.php\/wp-json\/wp\/v2\/posts\/2569"}],"collection":[{"href":"https:\/\/evertonfc.cz\/index.php\/wp-json\/wp\/v2\/posts"}],"about":[{"href":"https:\/\/evertonfc.cz\/index.php\/wp-json\/wp\/v2\/types\/post"}],"author":[{"embeddable":true,"href":"https:\/\/evertonfc.cz\/index.php\/wp-json\/wp\/v2\/users\/6"}],"replies":[{"embeddable":true,"href":"https:\/\/evertonfc.cz\/index.php\/wp-json\/wp\/v2\/comments?post=2569"}],"version-history":[{"count":2,"href":"https:\/\/evertonfc.cz\/index.php\/wp-json\/wp\/v2\/posts\/2569\/revisions"}],"predecessor-version":[{"id":2597,"href":"https:\/\/evertonfc.cz\/index.php\/wp-json\/wp\/v2\/posts\/2569\/revisions\/2597"}],"wp:featuredmedia":[{"embeddable":true,"href":"https:\/\/evertonfc.cz\/index.php\/wp-json\/wp\/v2\/media\/13968"}],"wp:attachment":[{"href":"https:\/\/evertonfc.cz\/index.php\/wp-json\/wp\/v2\/media?parent=2569"}],"wp:term":[{"taxonomy":"category","embeddable":true,"href":"https:\/\/evertonfc.cz\/index.php\/wp-json\/wp\/v2\/categories?post=2569"},{"taxonomy":"post_tag","embeddable":true,"href":"https:\/\/evertonfc.cz\/index.php\/wp-json\/wp\/v2\/tags?post=2569"}],"curies":[{"name":"wp","href":"https:\/\/api.w.org\/{rel}","templated":true}]}}