{"id":25700,"date":"2024-12-04T17:39:24","date_gmt":"2024-12-04T16:39:24","guid":{"rendered":"https:\/\/evertonfc.cz\/?p=25700"},"modified":"2024-12-04T20:23:11","modified_gmt":"2024-12-04T19:23:11","slug":"preview-everton-wolverhampton-wanderers-8","status":"publish","type":"post","link":"https:\/\/evertonfc.cz\/index.php\/2024\/12\/04\/preview-everton-wolverhampton-wanderers-8\/","title":{"rendered":"Preview: Everton \u2013 Wolverhampton Wanderers"},"content":{"rendered":"<h4>A u\u017e jsme zase tam, kde jsme necht\u011bli b\u00fdt. Propou\u0161t\u00edme mana\u017eera. Uk\u00e1zalo se toti\u017e, \u017ee je to nenapraviteln\u00fd dinosaur. Mezit\u00edm pokra\u010duje ligov\u00fd marat\u00f3n soubojem na dn\u011b.<\/h4>\n<p>Z p\u0159edz\u00e1pasov\u00fdch vyj\u00e1d\u0159en\u00ed by se mohlo zd\u00e1t, \u017ee Sean Dyche p\u0159est\u00e1v\u00e1 v\u011b\u0159it sv\u00fdm metod\u00e1m. Tolik tam bylo nar\u00e1\u017eek na chyby minulosti. Sv\u00e9, ale i sv\u00fdch sv\u011b\u0159enc\u016f. Komunikace na veden\u00ed klubu te\u010f tak\u00e9 nebude ide\u00e1ln\u00ed. Na rozd\u00edl t\u0159eba od Lampardova p\u0159\u00edstupu se ale Dyche dogmaticky dr\u017e\u00ed ov\u011b\u0159en\u00fdch postup\u016f, zat\u00edm jsme se nedo\u010dkali n\u011bjak\u00e9ho panick\u00e9ho a nahodil\u00e9ho obm\u011b\u0148ov\u00e1n\u00ed taktiky \u010di person\u00e1lu.<\/p>\n<h4>Kdy jindy ne\u017e te\u010f<\/h4>\n<p>Bl\u00ed\u017e\u00edc\u00ed se los se podob\u00e1 tomu, \u010d\u00edm si Vlci pro\u0161li na \u00favod sez\u00f3ny. V\u010derej\u0161\u00ed v\u00fdsledky n\u00e1s vrhly o 2 pozice n\u00ed\u017ee, z\u00e1sluhou v\u00fdher Palace a Leicesteru. Li\u0161ky u\u017e pod veden\u00edm nov\u00e9ho tren\u00e9ra. Uvid\u00ed se, zda nepou\u017eily nitro p\u0159\u00edli\u0161 brzy. Pod Evertonem tak z\u016fst\u00e1vaj\u00ed jen 2 zbyl\u00ed nov\u00e1\u010dci a pr\u00e1v\u011b Wolves.<\/p>\n<p>Zastavit p\u00e1d mohou jen vst\u0159elen\u00e9 g\u00f3ly, kter\u00e9 se za 360 minut plus nastaven\u00ed ne a ne dostavit. DCL m\u011bl nejv\u00edce prostoru. V syst\u00e9mu m\u00e1 pivot\u00e1ln\u00ed roli, ale na zakon\u010den\u00ed u\u017e se sil nedost\u00e1v\u00e1. Beto, autor posledn\u00ed branky, naposledy dostal d\u016fv\u011bru od za\u010d\u00e1tku a byl v nejv\u011bt\u0161\u00ed \u0161anci. Ale v porovn\u00e1n\u00ed s brankami soupe\u0159e to vlastn\u011b byla jen polovi\u010dn\u00ed, upracovan\u00e1 \u0161ance. Zakon\u010den\u00ed v p\u0159edchoz\u00edch vystupov\u00e1n\u00ed tak\u00e9 nebylo ide\u00e1ln\u00ed.<\/p>\n<p>\u010cek\u00e1 se tedy na uzdraven\u00ed Armanda Broji jako na smilov\u00e1n\u00ed. Jen\u017ee ten v\u00edce jak p\u016fl roku nehr\u00e1l, za posledn\u00ed 2 sez\u00f3ny m\u00e1 na kont\u011b jen 2 branky. Jako \u0159e\u0161en\u00ed nevypad\u00e1. Chermiti je\u0161t\u011b nen\u00ed zcela zdr\u00e1v a by\u0165 v p\u0159\u00edprav\u011b p\u016fsobil nad\u011bjn\u011b, spol\u00e9hat se na jeho vy\u0161\u0161\u00ed p\u0159\u00edd\u011bl branek se ned\u00e1.<\/p>\n<p>Dyche sice promlouval DCL do du\u0161e, p\u0159ipom\u00ednal lep\u0161\u00ed l\u00e9ta, ale nejen m\u016fj dojem je, \u017ee je u\u017e my\u0161lenkami jinde. Ono dost\u00e1vat p\u0159ihr\u00e1vky 30 metr\u016f od branky a z\u00e1dy se prost\u011b zaj\u00ed. Jen d\u0159inou na cvi\u010di\u0161ti a podporou z\u00a0hledi\u0161t\u011b se to ale neud\u011bl\u00e1.<\/p>\n<p>Posledn\u00ed z\u00e1pas proti United v Manchesteru vyzn\u011bl jako katastrofa. P\u0159esto v\u0161echno zl\u00e9 m\u016f\u017ee b\u00fdt pro n\u011bco dobr\u00e9. A t\u00edm nemysl\u00edm Dyche\u016fv konec. Ale na na\u0161e pom\u011bry masivn\u00ed a brzk\u00e9 st\u0159\u00edd\u00e1n\u00ed uk\u00e1zalo jiskry nad\u011bje. Osobn\u011b se mi zamlouval v\u00fdkon Pattersona a jeho spolupr\u00e1ce s Harrisonem. Mohla by to b\u00fdt cesta?<\/p>\n<h4>Vl\u010d\u00ed sme\u010dka na odst\u0159el<\/h4>\n<p>Ob\u010das se n\u00e1m pro sv\u00e9 vlastn\u00ed probl\u00e9my m\u016f\u017ee zd\u00e1t, \u017ee ostatn\u00ed jsou ve vat\u011b. Ale o klubu z Midlands to v sou\u010dasnosti ur\u010dit\u011b neplat\u00ed. Po t\u011b\u017ek\u00e9m \u00favodn\u00edm losu p\u0159i\u0161ly v listopadu bodov\u00e9 \u017en\u011b, ale z\u00e1pas proti Bournemouthu t\u00fdm veden\u00fd Gary O\u2018Neilem vr\u00e1til do reality.<\/p>\n<p>Na jednu stranu se poda\u0159ilo vst\u0159elit 2 branky. Na druhou stranu, 3 branky z penalty a \u0159ada chyb v defenz\u00edv\u011b vyvolala v \u0159ad\u00e1ch p\u0159\u00edznivc\u016f hn\u011bv. Je\u0161t\u011b v polo\u010dase z\u00e1pasu si sv\u00e9 vyslechl brank\u00e1\u0159 S\u00e1, po n\u011bm se snesla kritika hlavn\u011b na lodivoda. Jen\u017ee ten dostane k n\u00e1prav\u011b mnohem v\u00edce prostoru, n\u00e1sleduj\u00edc\u00ed soupe\u0159i jsou v\u0161echni z na\u0161eho okol\u00ed, kolem sestupov\u00fdch vod.<\/p>\n<p>V\u00a0sestav\u011b se daj\u00ed o\u010dek\u00e1vat zm\u011bny, na druhou stranu, p\u0159esto\u017ee z\u00e1pas za\u010dali na lavi\u010dce ofenzivn\u00ed hr\u00e1\u010di Hwang Hee-Chan, Guedes a Sarabia, Strand Larsen dok\u00e1zal 2 brankami nahradit. Dohromady jich Vlci vst\u0159elili ji\u017e 22. Dozadu ale tolik mo\u017enost\u00ed nemaj\u00ed.<\/p>\n<h4>Bilance a zaj\u00edmavosti<\/h4>\n<p>Uf, nic p\u011bkn\u00e9ho ke \u010dten\u00ed. Posledn\u00ed 3 z\u00e1pasy na Goodisonu dok\u00e1zali Wolves zv\u00edt\u011bzit. Celkov\u011b 5 v\u00fdher z\u00a0posledn\u00edch 6 st\u0159et\u016f. To je snad nejhor\u0161\u00ed bilance od anglosask\u00fdch dob, kdy zdej\u0161\u00ed vesni\u010dany terorizovaly sme\u010dky skute\u010dn\u00fdch vlk\u016f. U\u017e i Wolves maj\u00ed Everton za nejobl\u00edben\u011bj\u0161\u00edho soupe\u0159e. Sp\u00ed\u0161e bychom se m\u011bli pt\u00e1t: a kdo ne?<\/p>\n<p>Hor\u0161\u00ed to bylo jen v prosinci 1993, kdy do\u010dasn\u00fd mana\u017eer Jimmy Gabriel dok\u00e1zal zav\u0159\u00edt stavidla na sv\u00fdch 6 prvn\u00edch z\u00e1pas\u016f.<\/p>\n<p>P\u0159itom ale za on\u011bch 360 minut Everton vyst\u0159elil 69 kr\u00e1t a xG dot\u00e1hl na 4,5. Uvid\u00edme, na jak\u00e9 \u0159e\u0161en\u00ed na Finch Farm p\u0159i\u0161li, snad to nen\u00ed Michael Keane.<\/p>\n<p>Do z\u00e1pasu se zcela jist\u011b nedostanou v modr\u00e9m Garner, Iroegbunam a Chermiti. Na druh\u00e9 stran\u011b je marodka po\u010detn\u011bj\u0161\u00ed, Chiwome, Gonzalez, Yerson Mosquera, Boubacar Traor\u00e9, pro karty bude chyb\u011bt Semedo a koleno bol\u00ed Kalajd\u017ei\u010de.<\/p>\n<p><strong>Co<\/strong>: Everton FC \u2013 Wolverhampton Wanderers, 14. kolo Premier League<br \/>\n<strong>Kdy<\/strong>: 4. prosince 2024 ve 20:30<br \/>\n<strong>TV<\/strong>: p\u0159\u00edm\u00fd p\u0159enos od 20:25 na stanici Canal+ Sport 5, komentuje \u0160t\u011bp\u00e1n H\u00e1jek<br \/>\n<strong>Kde<\/strong>: Goodison Park \u2013 Goodison Rd, Liverpool L4 4EL (kapacita: 39 414)<br \/>\n<strong>Rozhod\u010d\u00ed<\/strong>: Michael Salisbury\u00a0\u00a0<strong>Postrann\u00ed<\/strong>: Darren Cann, Gary Beswick\u00a0\u00a0<strong>\u010ctvrt\u00fd<\/strong> <strong>rozhod\u010d\u00ed<\/strong>: Leigh Doughty<br \/>\n<strong>VAR<\/strong>: Darren England\u00a0\u00a0<strong>Asistent<\/strong> <strong>VAR<\/strong>: Richard West<\/p>\n","protected":false},"excerpt":{"rendered":"<p>A u\u017e jsme zase tam, kde jsme necht\u011bli b\u00fdt. Propou\u0161t\u00edme mana\u017eera. Uk\u00e1zalo se toti\u017e, \u017ee je to nenapraviteln\u00fd dinosaur. Mezit\u00edm pokra\u010duje ligov\u00fd marat\u00f3n soubojem na dn\u011b.<\/p>\n","protected":false},"author":10,"featured_media":15370,"comment_status":"open","ping_status":"closed","sticky":false,"template":"","format":"standard","meta":{"_eb_attr":"","_monsterinsights_skip_tracking":false,"_monsterinsights_sitenote_active":false,"_monsterinsights_sitenote_note":"","_monsterinsights_sitenote_category":0,"footnotes":""},"categories":[4],"tags":[],"yoast_head":"<!-- This site is optimized with the Yoast SEO plugin v23.4 - https:\/\/yoast.com\/wordpress\/plugins\/seo\/ -->\n<title>Preview: Everton \u2013 Wolverhampton Wanderers - Official Czech &amp; Slovak Everton Supporters&#039; Club<\/title>\n<meta name=\"robots\" content=\"index, follow, max-snippet:-1, max-image-preview:large, max-video-preview:-1\" \/>\n<link rel=\"canonical\" href=\"https:\/\/evertonfc.cz\/index.php\/2024\/12\/04\/preview-everton-wolverhampton-wanderers-8\/\" \/>\n<meta property=\"og:locale\" content=\"cs_CZ\" \/>\n<meta property=\"og:type\" content=\"article\" \/>\n<meta property=\"og:title\" content=\"Preview: Everton \u2013 Wolverhampton Wanderers - Official Czech &amp; Slovak Everton Supporters&#039; Club\" \/>\n<meta property=\"og:description\" content=\"A u\u017e jsme zase tam, kde jsme necht\u011bli b\u00fdt. Propou\u0161t\u00edme mana\u017eera. Uk\u00e1zalo se toti\u017e, \u017ee je to nenapraviteln\u00fd dinosaur. Mezit\u00edm pokra\u010duje ligov\u00fd marat\u00f3n soubojem na dn\u011b.\" \/>\n<meta property=\"og:url\" content=\"https:\/\/evertonfc.cz\/index.php\/2024\/12\/04\/preview-everton-wolverhampton-wanderers-8\/\" \/>\n<meta property=\"og:site_name\" content=\"Official Czech &amp; Slovak Everton Supporters&#039; Club\" \/>\n<meta property=\"article:publisher\" content=\"https:\/\/www.facebook.com\/everton.fans.cz.sk\" \/>\n<meta property=\"article:published_time\" content=\"2024-12-04T16:39:24+00:00\" \/>\n<meta property=\"article:modified_time\" content=\"2024-12-04T19:23:11+00:00\" \/>\n<meta property=\"og:image\" content=\"https:\/\/evertonfc.cz\/wp-content\/uploads\/2021\/05\/Everton-VS-Wolverhampton-Wanderers.png\" \/>\n\t<meta property=\"og:image:width\" content=\"720\" \/>\n\t<meta property=\"og:image:height\" content=\"405\" \/>\n\t<meta property=\"og:image:type\" content=\"image\/png\" \/>\n<meta name=\"author\" content=\"Fip\" \/>\n<meta name=\"twitter:card\" content=\"summary_large_image\" \/>\n<meta name=\"twitter:label1\" content=\"Napsal(a)\" \/>\n\t<meta name=\"twitter:data1\" content=\"Fip\" \/>\n\t<meta name=\"twitter:label2\" content=\"Odhadovan\u00e1 doba \u010dten\u00ed\" \/>\n\t<meta name=\"twitter:data2\" content=\"4 minuty\" \/>\n<script type=\"application\/ld+json\" class=\"yoast-schema-graph\">{\"@context\":\"https:\/\/schema.org\",\"@graph\":[{\"@type\":\"Article\",\"@id\":\"https:\/\/evertonfc.cz\/index.php\/2024\/12\/04\/preview-everton-wolverhampton-wanderers-8\/#article\",\"isPartOf\":{\"@id\":\"https:\/\/evertonfc.cz\/index.php\/2024\/12\/04\/preview-everton-wolverhampton-wanderers-8\/\"},\"author\":{\"name\":\"Fip\",\"@id\":\"https:\/\/evertonfc.cz\/#\/schema\/person\/35904009755e8eaa0dc1a5f5f0419002\"},\"headline\":\"Preview: Everton \u2013 Wolverhampton Wanderers\",\"datePublished\":\"2024-12-04T16:39:24+00:00\",\"dateModified\":\"2024-12-04T19:23:11+00:00\",\"mainEntityOfPage\":{\"@id\":\"https:\/\/evertonfc.cz\/index.php\/2024\/12\/04\/preview-everton-wolverhampton-wanderers-8\/\"},\"wordCount\":891,\"commentCount\":3,\"publisher\":{\"@id\":\"https:\/\/evertonfc.cz\/#organization\"},\"image\":{\"@id\":\"https:\/\/evertonfc.cz\/index.php\/2024\/12\/04\/preview-everton-wolverhampton-wanderers-8\/#primaryimage\"},\"thumbnailUrl\":\"https:\/\/evertonfc.cz\/wp-content\/uploads\/2021\/05\/Everton-VS-Wolverhampton-Wanderers.png\",\"articleSection\":[\"Z\u00e1pasy\"],\"inLanguage\":\"cs\",\"potentialAction\":[{\"@type\":\"CommentAction\",\"name\":\"Comment\",\"target\":[\"https:\/\/evertonfc.cz\/index.php\/2024\/12\/04\/preview-everton-wolverhampton-wanderers-8\/#respond\"]}]},{\"@type\":\"WebPage\",\"@id\":\"https:\/\/evertonfc.cz\/index.php\/2024\/12\/04\/preview-everton-wolverhampton-wanderers-8\/\",\"url\":\"https:\/\/evertonfc.cz\/index.php\/2024\/12\/04\/preview-everton-wolverhampton-wanderers-8\/\",\"name\":\"Preview: Everton \u2013 Wolverhampton Wanderers - Official Czech &amp; Slovak Everton Supporters&#039; Club\",\"isPartOf\":{\"@id\":\"https:\/\/evertonfc.cz\/#website\"},\"primaryImageOfPage\":{\"@id\":\"https:\/\/evertonfc.cz\/index.php\/2024\/12\/04\/preview-everton-wolverhampton-wanderers-8\/#primaryimage\"},\"image\":{\"@id\":\"https:\/\/evertonfc.cz\/index.php\/2024\/12\/04\/preview-everton-wolverhampton-wanderers-8\/#primaryimage\"},\"thumbnailUrl\":\"https:\/\/evertonfc.cz\/wp-content\/uploads\/2021\/05\/Everton-VS-Wolverhampton-Wanderers.png\",\"datePublished\":\"2024-12-04T16:39:24+00:00\",\"dateModified\":\"2024-12-04T19:23:11+00:00\",\"breadcrumb\":{\"@id\":\"https:\/\/evertonfc.cz\/index.php\/2024\/12\/04\/preview-everton-wolverhampton-wanderers-8\/#breadcrumb\"},\"inLanguage\":\"cs\",\"potentialAction\":[{\"@type\":\"ReadAction\",\"target\":[\"https:\/\/evertonfc.cz\/index.php\/2024\/12\/04\/preview-everton-wolverhampton-wanderers-8\/\"]}]},{\"@type\":\"ImageObject\",\"inLanguage\":\"cs\",\"@id\":\"https:\/\/evertonfc.cz\/index.php\/2024\/12\/04\/preview-everton-wolverhampton-wanderers-8\/#primaryimage\",\"url\":\"https:\/\/evertonfc.cz\/wp-content\/uploads\/2021\/05\/Everton-VS-Wolverhampton-Wanderers.png\",\"contentUrl\":\"https:\/\/evertonfc.cz\/wp-content\/uploads\/2021\/05\/Everton-VS-Wolverhampton-Wanderers.png\",\"width\":720,\"height\":405},{\"@type\":\"BreadcrumbList\",\"@id\":\"https:\/\/evertonfc.cz\/index.php\/2024\/12\/04\/preview-everton-wolverhampton-wanderers-8\/#breadcrumb\",\"itemListElement\":[{\"@type\":\"ListItem\",\"position\":1,\"name\":\"Home\",\"item\":\"https:\/\/evertonfc.cz\/\"},{\"@type\":\"ListItem\",\"position\":2,\"name\":\"Preview: Everton \u2013 Wolverhampton Wanderers\"}]},{\"@type\":\"WebSite\",\"@id\":\"https:\/\/evertonfc.cz\/#website\",\"url\":\"https:\/\/evertonfc.cz\/\",\"name\":\"Official Czech &amp; Slovak Everton Supporters&#039; Club\",\"description\":\"\",\"publisher\":{\"@id\":\"https:\/\/evertonfc.cz\/#organization\"},\"potentialAction\":[{\"@type\":\"SearchAction\",\"target\":{\"@type\":\"EntryPoint\",\"urlTemplate\":\"https:\/\/evertonfc.cz\/?s={search_term_string}\"},\"query-input\":{\"@type\":\"PropertyValueSpecification\",\"valueRequired\":true,\"valueName\":\"search_term_string\"}}],\"inLanguage\":\"cs\"},{\"@type\":\"Organization\",\"@id\":\"https:\/\/evertonfc.cz\/#organization\",\"name\":\"Official Czech & Slovak Everton Supporters' Club\",\"url\":\"https:\/\/evertonfc.cz\/\",\"logo\":{\"@type\":\"ImageObject\",\"inLanguage\":\"cs\",\"@id\":\"https:\/\/evertonfc.cz\/#\/schema\/logo\/image\/\",\"url\":\"https:\/\/evertonfc.cz\/wp-content\/uploads\/2019\/05\/logo.png\",\"contentUrl\":\"https:\/\/evertonfc.cz\/wp-content\/uploads\/2019\/05\/logo.png\",\"width\":112,\"height\":112,\"caption\":\"Official Czech & Slovak Everton Supporters' Club\"},\"image\":{\"@id\":\"https:\/\/evertonfc.cz\/#\/schema\/logo\/image\/\"},\"sameAs\":[\"https:\/\/www.facebook.com\/everton.fans.cz.sk\"]},{\"@type\":\"Person\",\"@id\":\"https:\/\/evertonfc.cz\/#\/schema\/person\/35904009755e8eaa0dc1a5f5f0419002\",\"name\":\"Fip\",\"url\":\"https:\/\/evertonfc.cz\/index.php\/author\/fip\/\"}]}<\/script>\n<!-- \/ Yoast SEO plugin. -->","yoast_head_json":{"title":"Preview: Everton \u2013 Wolverhampton Wanderers - Official Czech &amp; Slovak Everton Supporters&#039; Club","robots":{"index":"index","follow":"follow","max-snippet":"max-snippet:-1","max-image-preview":"max-image-preview:large","max-video-preview":"max-video-preview:-1"},"canonical":"https:\/\/evertonfc.cz\/index.php\/2024\/12\/04\/preview-everton-wolverhampton-wanderers-8\/","og_locale":"cs_CZ","og_type":"article","og_title":"Preview: Everton \u2013 Wolverhampton Wanderers - Official Czech &amp; Slovak Everton Supporters&#039; Club","og_description":"A u\u017e jsme zase tam, kde jsme necht\u011bli b\u00fdt. Propou\u0161t\u00edme mana\u017eera. Uk\u00e1zalo se toti\u017e, \u017ee je to nenapraviteln\u00fd dinosaur. Mezit\u00edm pokra\u010duje ligov\u00fd marat\u00f3n soubojem na dn\u011b.","og_url":"https:\/\/evertonfc.cz\/index.php\/2024\/12\/04\/preview-everton-wolverhampton-wanderers-8\/","og_site_name":"Official Czech &amp; Slovak Everton Supporters&#039; Club","article_publisher":"https:\/\/www.facebook.com\/everton.fans.cz.sk","article_published_time":"2024-12-04T16:39:24+00:00","article_modified_time":"2024-12-04T19:23:11+00:00","og_image":[{"width":720,"height":405,"url":"https:\/\/evertonfc.cz\/wp-content\/uploads\/2021\/05\/Everton-VS-Wolverhampton-Wanderers.png","type":"image\/png"}],"author":"Fip","twitter_card":"summary_large_image","twitter_misc":{"Napsal(a)":"Fip","Odhadovan\u00e1 doba \u010dten\u00ed":"4 minuty"},"schema":{"@context":"https:\/\/schema.org","@graph":[{"@type":"Article","@id":"https:\/\/evertonfc.cz\/index.php\/2024\/12\/04\/preview-everton-wolverhampton-wanderers-8\/#article","isPartOf":{"@id":"https:\/\/evertonfc.cz\/index.php\/2024\/12\/04\/preview-everton-wolverhampton-wanderers-8\/"},"author":{"name":"Fip","@id":"https:\/\/evertonfc.cz\/#\/schema\/person\/35904009755e8eaa0dc1a5f5f0419002"},"headline":"Preview: Everton \u2013 Wolverhampton Wanderers","datePublished":"2024-12-04T16:39:24+00:00","dateModified":"2024-12-04T19:23:11+00:00","mainEntityOfPage":{"@id":"https:\/\/evertonfc.cz\/index.php\/2024\/12\/04\/preview-everton-wolverhampton-wanderers-8\/"},"wordCount":891,"commentCount":3,"publisher":{"@id":"https:\/\/evertonfc.cz\/#organization"},"image":{"@id":"https:\/\/evertonfc.cz\/index.php\/2024\/12\/04\/preview-everton-wolverhampton-wanderers-8\/#primaryimage"},"thumbnailUrl":"https:\/\/evertonfc.cz\/wp-content\/uploads\/2021\/05\/Everton-VS-Wolverhampton-Wanderers.png","articleSection":["Z\u00e1pasy"],"inLanguage":"cs","potentialAction":[{"@type":"CommentAction","name":"Comment","target":["https:\/\/evertonfc.cz\/index.php\/2024\/12\/04\/preview-everton-wolverhampton-wanderers-8\/#respond"]}]},{"@type":"WebPage","@id":"https:\/\/evertonfc.cz\/index.php\/2024\/12\/04\/preview-everton-wolverhampton-wanderers-8\/","url":"https:\/\/evertonfc.cz\/index.php\/2024\/12\/04\/preview-everton-wolverhampton-wanderers-8\/","name":"Preview: Everton \u2013 Wolverhampton Wanderers - Official Czech &amp; Slovak Everton Supporters&#039; Club","isPartOf":{"@id":"https:\/\/evertonfc.cz\/#website"},"primaryImageOfPage":{"@id":"https:\/\/evertonfc.cz\/index.php\/2024\/12\/04\/preview-everton-wolverhampton-wanderers-8\/#primaryimage"},"image":{"@id":"https:\/\/evertonfc.cz\/index.php\/2024\/12\/04\/preview-everton-wolverhampton-wanderers-8\/#primaryimage"},"thumbnailUrl":"https:\/\/evertonfc.cz\/wp-content\/uploads\/2021\/05\/Everton-VS-Wolverhampton-Wanderers.png","datePublished":"2024-12-04T16:39:24+00:00","dateModified":"2024-12-04T19:23:11+00:00","breadcrumb":{"@id":"https:\/\/evertonfc.cz\/index.php\/2024\/12\/04\/preview-everton-wolverhampton-wanderers-8\/#breadcrumb"},"inLanguage":"cs","potentialAction":[{"@type":"ReadAction","target":["https:\/\/evertonfc.cz\/index.php\/2024\/12\/04\/preview-everton-wolverhampton-wanderers-8\/"]}]},{"@type":"ImageObject","inLanguage":"cs","@id":"https:\/\/evertonfc.cz\/index.php\/2024\/12\/04\/preview-everton-wolverhampton-wanderers-8\/#primaryimage","url":"https:\/\/evertonfc.cz\/wp-content\/uploads\/2021\/05\/Everton-VS-Wolverhampton-Wanderers.png","contentUrl":"https:\/\/evertonfc.cz\/wp-content\/uploads\/2021\/05\/Everton-VS-Wolverhampton-Wanderers.png","width":720,"height":405},{"@type":"BreadcrumbList","@id":"https:\/\/evertonfc.cz\/index.php\/2024\/12\/04\/preview-everton-wolverhampton-wanderers-8\/#breadcrumb","itemListElement":[{"@type":"ListItem","position":1,"name":"Home","item":"https:\/\/evertonfc.cz\/"},{"@type":"ListItem","position":2,"name":"Preview: Everton \u2013 Wolverhampton Wanderers"}]},{"@type":"WebSite","@id":"https:\/\/evertonfc.cz\/#website","url":"https:\/\/evertonfc.cz\/","name":"Official Czech &amp; Slovak Everton Supporters&#039; Club","description":"","publisher":{"@id":"https:\/\/evertonfc.cz\/#organization"},"potentialAction":[{"@type":"SearchAction","target":{"@type":"EntryPoint","urlTemplate":"https:\/\/evertonfc.cz\/?s={search_term_string}"},"query-input":{"@type":"PropertyValueSpecification","valueRequired":true,"valueName":"search_term_string"}}],"inLanguage":"cs"},{"@type":"Organization","@id":"https:\/\/evertonfc.cz\/#organization","name":"Official Czech & Slovak Everton Supporters' Club","url":"https:\/\/evertonfc.cz\/","logo":{"@type":"ImageObject","inLanguage":"cs","@id":"https:\/\/evertonfc.cz\/#\/schema\/logo\/image\/","url":"https:\/\/evertonfc.cz\/wp-content\/uploads\/2019\/05\/logo.png","contentUrl":"https:\/\/evertonfc.cz\/wp-content\/uploads\/2019\/05\/logo.png","width":112,"height":112,"caption":"Official Czech & Slovak Everton Supporters' Club"},"image":{"@id":"https:\/\/evertonfc.cz\/#\/schema\/logo\/image\/"},"sameAs":["https:\/\/www.facebook.com\/everton.fans.cz.sk"]},{"@type":"Person","@id":"https:\/\/evertonfc.cz\/#\/schema\/person\/35904009755e8eaa0dc1a5f5f0419002","name":"Fip","url":"https:\/\/evertonfc.cz\/index.php\/author\/fip\/"}]}},"_links":{"self":[{"href":"https:\/\/evertonfc.cz\/index.php\/wp-json\/wp\/v2\/posts\/25700"}],"collection":[{"href":"https:\/\/evertonfc.cz\/index.php\/wp-json\/wp\/v2\/posts"}],"about":[{"href":"https:\/\/evertonfc.cz\/index.php\/wp-json\/wp\/v2\/types\/post"}],"author":[{"embeddable":true,"href":"https:\/\/evertonfc.cz\/index.php\/wp-json\/wp\/v2\/users\/10"}],"replies":[{"embeddable":true,"href":"https:\/\/evertonfc.cz\/index.php\/wp-json\/wp\/v2\/comments?post=25700"}],"version-history":[{"count":5,"href":"https:\/\/evertonfc.cz\/index.php\/wp-json\/wp\/v2\/posts\/25700\/revisions"}],"predecessor-version":[{"id":25706,"href":"https:\/\/evertonfc.cz\/index.php\/wp-json\/wp\/v2\/posts\/25700\/revisions\/25706"}],"wp:featuredmedia":[{"embeddable":true,"href":"https:\/\/evertonfc.cz\/index.php\/wp-json\/wp\/v2\/media\/15370"}],"wp:attachment":[{"href":"https:\/\/evertonfc.cz\/index.php\/wp-json\/wp\/v2\/media?parent=25700"}],"wp:term":[{"taxonomy":"category","embeddable":true,"href":"https:\/\/evertonfc.cz\/index.php\/wp-json\/wp\/v2\/categories?post=25700"},{"taxonomy":"post_tag","embeddable":true,"href":"https:\/\/evertonfc.cz\/index.php\/wp-json\/wp\/v2\/tags?post=25700"}],"curies":[{"name":"wp","href":"https:\/\/api.w.org\/{rel}","templated":true}]}}