{"id":25707,"date":"2024-12-04T22:47:16","date_gmt":"2024-12-04T21:47:16","guid":{"rendered":"https:\/\/evertonfc.cz\/?p=25707"},"modified":"2024-12-05T10:17:13","modified_gmt":"2024-12-05T09:17:13","slug":"everton-wolverhampton-wanderers-40","status":"publish","type":"post","link":"https:\/\/evertonfc.cz\/index.php\/2024\/12\/04\/everton-wolverhampton-wanderers-40\/","title":{"rendered":"Everton \u2013 Wolverhampton Wanderers 4:0"},"content":{"rendered":"<h4>A pak \u017ee to nejde! Toffees se po \u010dty\u0159ech z\u00e1pasech bez vst\u0159elen\u00e9 branky utrhli ze \u0159et\u011bzu a velmi ocho\u010den\u00fdm Vlk\u016fm nas\u00e1zeli rovnou \u010dty\u0159i branky.<\/h4>\n<p>Mana\u017eer Dyche s\u00e1hl v nouzi k osv\u011bd\u010den\u00e9 taktice: vysunul Doucour\u00e9ho ze st\u0159edu pole na podhrot a McNeil se vr\u00e1til na levou lajnu. Vedle Gany nastoupil na defenzivn\u00edm \u0161t\u00edtu Mangala a ze sestavy vypadl Lindstr\u00f8m. Wolves oproti nevyda\u0159en\u00e9mu v\u00edkendov\u00e9mu duelu s Bournemouthem provedli \u010dty\u0159i zm\u011bny v z\u00e1kladn\u00ed sestav\u011b.<\/p>\n<p>\u00davod utk\u00e1n\u00ed pln\u00fd nep\u0159esnost\u00ed prolomil hostuj\u00edc\u00ed \u0161p\u00edlmachr Cunha, jeho uta\u017eenou st\u0159elu zpoza v\u00e1pna v\u0161ak skv\u011ble vyrazil Pickford. Na opa\u010dn\u00e9 stran\u011b byl za v\u00e1pnem faulov\u00e1n Calvert-Lewin, k na\u0159\u00edzen\u00e9 standardn\u00ed situaci se postavil Young a n\u00e1dhern\u00fdm obst\u0159elem zaknihoval svou prvn\u00ed trefu v dresu Blues \u2013 <strong>0:1<\/strong>. Young se ve v\u011bku 39 let a 5 m\u011bs\u00edc\u016f stal nejstar\u0161\u00edm st\u0159elcem v historii Evertonu a z\u00e1rove\u0148 nejstar\u0161\u00edm st\u0159elcem g\u00f3lu z p\u0159\u00edm\u00e9ho kopu v historii Premier League.<\/p>\n<p>Na sv\u016fj g\u00f3l z 10. minuty Everton nav\u00e1zal ji\u017e po p\u011bti minut\u00e1ch. McNeil oo trestn\u00e9m kopu na\u0161el centrem Tarkowskiho, kter\u00fd, a\u010d v obkl\u00ed\u010den\u00ed, hlavou nezav\u00e1hal. Radost z dvoug\u00f3lov\u00e9ho veden\u00ed ale netrvala dlouho \u2013 VAR branku odvolal kv\u016fli ofsajdov\u00e9mu postaven\u00ed Mangaly. Belgi\u010dan se ze sv\u00e9ho ofsajdov\u00e9ho postaven\u00ed vrhl blokovat Leminu, kter\u00fd se sice hnal za Tarkowskim, ale nem\u011bl sebemen\u0161\u00ed \u0161anci ho dostihnout.<\/p>\n<p>Spravedlnost mohl vz\u00e1p\u011bt\u00ed vz\u00edt do sv\u00fdch kopa\u010dek Calvert-Lewin, jen\u017ee po \u0161ikovn\u00e9 p\u0159ihr\u00e1vce McNeila zbl\u00edzka nevyzr\u00e1l na vyb\u011bhnut\u00e9ho brank\u00e1\u0159e S\u00e1. Wolves se po \u00favodn\u00edm \u0161oku postupn\u011b vzpamatovali a za\u010dali kousat. Nejv\u00edce p\u0159itom zlobil urostl\u00fd \u00fato\u010dn\u00edk Larsen. Nejprve p\u0159etla\u010dil Tarkowskiho a jeho prudkou st\u0159elu musel zlikvidovat Pickford, pot\u00e9 v krkolomn\u00e9 pozici neusm\u011brnil do s\u00edt\u011b Dohertyho centr. Vyslal v\u0161ak varovn\u00fd sign\u00e1l dom\u00e1c\u00ed obran\u011b, kdy\u017e si mezi Tarkowskim a Brathwaitem nab\u00edhal do \u0161ance zcela nehl\u00eddan\u00fd, zat\u00edmco oba stope\u0159i na sebe jen nech\u00e1pav\u011b hled\u011bli.<\/p>\n<p>Ve 33. minut\u011b se Toffees p\u0159eci jen do\u010dkali sv\u00e9ho \u201eukraden\u00e9ho\u201c dvoug\u00f3lov\u00e9ho n\u00e1skoku. Odra\u017een\u00fd m\u00ed\u010d po standardn\u00ed situaci si ve v\u00e1pn\u011b na\u0161el Mangala a p\u0159esnou ranou k ty\u010di prop\u00e1lil v\u0161e p\u0159ed sebou \u2013 <strong>2:0<\/strong>. Dom\u00e1c\u00ed dohr\u00e1li polo\u010das ve zna\u010dn\u00e9 pohod\u011b a s neb\u00fdval\u00fdm nasazen\u00edm.<\/p>\n<p>Do druh\u00e9ho d\u011bjstv\u00ed vstoupil Everton p\u0159\u00edmo n\u00e1ramn\u011b. McNeil ve 49. minut\u011b zahr\u00e1l precizn\u011b rohov\u00fd kop, ve skrum\u00e1\u017ei S\u00e1 nedos\u00e1hl na m\u00ed\u010d, kter\u00fd se od ruky Dawsona odrazil do s\u00edt\u011b \u2013 <strong>3:0<\/strong>. Dobr\u00fdm d\u016frazem p\u0159i vlastn\u00edm g\u00f3lu Wolves se prezentoval Calvert-Lewin.<\/p>\n<p>V 65. minut\u011b Ndiaye zv\u00fd\u0161il u\u017e na 4:0, ale sud\u00ed spr\u00e1vn\u011b branku odvolal kv\u016fli faulu Calvert-Lewina na g\u00f3lmana S\u00e1, kter\u00e9mu po kontaktu vypadl m\u00ed\u010d z rukou. Wolverhampton n\u00e1sledn\u011b uk\u00e1zal, \u017ee se je\u0161t\u011b nevzd\u00e1v\u00e1, kdy\u017e Dohertyho hlavi\u010dka oraz\u00edtkovala ty\u010d.<\/p>\n<p>Nutno podotknout, \u017ee Everton m\u011bl jinak z\u00e1pas pevn\u011b pod kontrolou d\u00edky kvalitn\u00ed kombina\u010dn\u00ed h\u0159e i kompaktn\u00ed defenziv\u011b a nakonec se do\u010dkal tak\u00e9 \u010dtvrt\u00e9 branky. McNeil v 72. minut\u011b zahr\u00e1val dal\u0161\u00ed trestn\u00fd kop a op\u011bt velmi dob\u0159e. Do centru se rybi\u010dkou polo\u017eil Calvert-Lewin, po jeho\u017e z\u00e1sahu si m\u00ed\u010d do vlastn\u00ed s\u00edt\u011b ji\u017e podruh\u00e9 v utk\u00e1n\u00ed srazil smola\u0159 Dawson \u2013 <strong>4:0<\/strong>. \u0160koda, \u017ee DCL nedok\u00e1zal vst\u0159elit branku. Za sv\u016fj bojovn\u00fd v\u00fdkon si ji dnes zaslou\u017eil a rozhodn\u011b by mu psychicky pomohla. Jeho st\u0159\u00edd\u00e1n\u00ed v 83. minut\u011b prov\u00e1zel opr\u00e1vn\u011bn\u00fd potlesk tribun Goodison Parku. Na h\u0159i\u0161t\u011b naopak vyb\u011bhla debutuj\u00edc\u00ed a ji\u017e uzdraven\u00e1 letn\u00ed posila Armando Broja.<\/p>\n<p>Potupn\u00e9ho b\u016fra mohl a m\u011bl v nastaven\u00ed dokonat st\u0159\u00eddaj\u00edc\u00ed Harrison, kter\u00fd ale po dobr\u00e9 pr\u00e1ci Brojy z hranice penalty vysoko p\u0159est\u0159elil odkrytou branku&#8230; Radost to ale rozhodn\u011b nepokazilo. Goodison Park kone\u010dn\u011b slavil v\u00edt\u011bzstv\u00ed par excellence. Bravo! Te\u010f si m\u016f\u017eeme na chv\u00edli oddechnout, co\u017e je p\u0159ed nadch\u00e1zej\u00edc\u00edm sobotn\u00edm Merseyside derby velmi v\u00edtan\u00e9.<\/p>\n<p><strong>Branky:<\/strong> 10. Young, 33. Mangala, 49. a 72. vlastn\u00ed Dawson<\/p>\n<p><strong>\u017dK:<\/strong> 35. Mangala, 90. Armstrong<\/p>\n<p><strong>Everton:<\/strong> Pickford &#8211; Young, Tarkowski, Branthwaite, Mykoleno &#8211; Ndiaye, Mangala (89. Armstrong), Gueye, McNeil (72. Harrison) &#8211; Doucour\u00e9 (83. Lindstr\u00f8m) &#8211; Calvert-Lewin (83. Broja)<\/p>\n<p><strong>Wolverhampton Wanderers:<\/strong> S\u00e1 &#8211; Doherty (77. R. Gomes), Bueno (77. Totti), Lemina, Dawson, A\u00eft-Nouri &#8211; Cunha, Andr\u00e9, J. Gomes (85. Doyle), Guedes (57. Hwang Hee-Chan) &#8211; Larsen<\/p>\n<p><strong>Rozhod\u010d\u00ed:<\/strong> Michael Salisbury\u00a0 <strong>Div\u00e1k\u016f:<\/strong> 39 572<\/p>\n","protected":false},"excerpt":{"rendered":"<p>A pak \u017ee to nejde. Toffees se po \u010dty\u0159ech z\u00e1pasech bez vst\u0159elen\u00e9 branky utrhli ze \u0159et\u011bzu a velmi ocho\u010den\u00fdm Vlk\u016fm nas\u00e1zeli rovnou \u010dty\u0159i branky.<\/p>\n","protected":false},"author":6,"featured_media":25708,"comment_status":"open","ping_status":"closed","sticky":false,"template":"","format":"standard","meta":{"_eb_attr":"","_monsterinsights_skip_tracking":false,"_monsterinsights_sitenote_active":false,"_monsterinsights_sitenote_note":"","_monsterinsights_sitenote_category":0,"footnotes":""},"categories":[4],"tags":[],"yoast_head":"<!-- This site is optimized with the Yoast SEO plugin v23.4 - https:\/\/yoast.com\/wordpress\/plugins\/seo\/ -->\n<title>Everton \u2013 Wolverhampton Wanderers 4:0 - Official Czech &amp; Slovak Everton Supporters&#039; Club<\/title>\n<meta name=\"robots\" content=\"index, follow, max-snippet:-1, max-image-preview:large, max-video-preview:-1\" \/>\n<link rel=\"canonical\" href=\"https:\/\/evertonfc.cz\/index.php\/2024\/12\/04\/everton-wolverhampton-wanderers-40\/\" \/>\n<meta property=\"og:locale\" content=\"cs_CZ\" \/>\n<meta property=\"og:type\" content=\"article\" \/>\n<meta property=\"og:title\" content=\"Everton \u2013 Wolverhampton Wanderers 4:0 - Official Czech &amp; Slovak Everton Supporters&#039; Club\" \/>\n<meta property=\"og:description\" content=\"A pak \u017ee to nejde. Toffees se po \u010dty\u0159ech z\u00e1pasech bez vst\u0159elen\u00e9 branky utrhli ze \u0159et\u011bzu a velmi ocho\u010den\u00fdm Vlk\u016fm nas\u00e1zeli rovnou \u010dty\u0159i branky.\" \/>\n<meta property=\"og:url\" content=\"https:\/\/evertonfc.cz\/index.php\/2024\/12\/04\/everton-wolverhampton-wanderers-40\/\" \/>\n<meta property=\"og:site_name\" content=\"Official Czech &amp; Slovak Everton Supporters&#039; Club\" \/>\n<meta property=\"article:publisher\" content=\"https:\/\/www.facebook.com\/everton.fans.cz.sk\" \/>\n<meta property=\"article:published_time\" content=\"2024-12-04T21:47:16+00:00\" \/>\n<meta property=\"article:modified_time\" content=\"2024-12-05T09:17:13+00:00\" \/>\n<meta property=\"og:image\" content=\"https:\/\/evertonfc.cz\/wp-content\/uploads\/2024\/12\/Young_4_12_2024.jpg\" \/>\n\t<meta property=\"og:image:width\" content=\"720\" \/>\n\t<meta property=\"og:image:height\" content=\"405\" \/>\n\t<meta property=\"og:image:type\" content=\"image\/jpeg\" \/>\n<meta name=\"author\" content=\"Ri\u010di\" \/>\n<meta name=\"twitter:card\" content=\"summary_large_image\" \/>\n<meta name=\"twitter:creator\" content=\"@rbrejsa\" \/>\n<meta name=\"twitter:label1\" content=\"Napsal(a)\" \/>\n\t<meta name=\"twitter:data1\" content=\"Ri\u010di\" \/>\n\t<meta name=\"twitter:label2\" content=\"Odhadovan\u00e1 doba \u010dten\u00ed\" \/>\n\t<meta name=\"twitter:data2\" content=\"4 minuty\" \/>\n<script type=\"application\/ld+json\" class=\"yoast-schema-graph\">{\"@context\":\"https:\/\/schema.org\",\"@graph\":[{\"@type\":\"Article\",\"@id\":\"https:\/\/evertonfc.cz\/index.php\/2024\/12\/04\/everton-wolverhampton-wanderers-40\/#article\",\"isPartOf\":{\"@id\":\"https:\/\/evertonfc.cz\/index.php\/2024\/12\/04\/everton-wolverhampton-wanderers-40\/\"},\"author\":{\"name\":\"Ri\u010di\",\"@id\":\"https:\/\/evertonfc.cz\/#\/schema\/person\/f7a5daedb2ffee98480bc70e191aaef1\"},\"headline\":\"Everton \u2013 Wolverhampton Wanderers 4:0\",\"datePublished\":\"2024-12-04T21:47:16+00:00\",\"dateModified\":\"2024-12-05T09:17:13+00:00\",\"mainEntityOfPage\":{\"@id\":\"https:\/\/evertonfc.cz\/index.php\/2024\/12\/04\/everton-wolverhampton-wanderers-40\/\"},\"wordCount\":796,\"commentCount\":6,\"publisher\":{\"@id\":\"https:\/\/evertonfc.cz\/#organization\"},\"image\":{\"@id\":\"https:\/\/evertonfc.cz\/index.php\/2024\/12\/04\/everton-wolverhampton-wanderers-40\/#primaryimage\"},\"thumbnailUrl\":\"https:\/\/evertonfc.cz\/wp-content\/uploads\/2024\/12\/Young_4_12_2024.jpg\",\"articleSection\":[\"Z\u00e1pasy\"],\"inLanguage\":\"cs\",\"potentialAction\":[{\"@type\":\"CommentAction\",\"name\":\"Comment\",\"target\":[\"https:\/\/evertonfc.cz\/index.php\/2024\/12\/04\/everton-wolverhampton-wanderers-40\/#respond\"]}]},{\"@type\":\"WebPage\",\"@id\":\"https:\/\/evertonfc.cz\/index.php\/2024\/12\/04\/everton-wolverhampton-wanderers-40\/\",\"url\":\"https:\/\/evertonfc.cz\/index.php\/2024\/12\/04\/everton-wolverhampton-wanderers-40\/\",\"name\":\"Everton \u2013 Wolverhampton Wanderers 4:0 - Official Czech &amp; Slovak Everton Supporters&#039; Club\",\"isPartOf\":{\"@id\":\"https:\/\/evertonfc.cz\/#website\"},\"primaryImageOfPage\":{\"@id\":\"https:\/\/evertonfc.cz\/index.php\/2024\/12\/04\/everton-wolverhampton-wanderers-40\/#primaryimage\"},\"image\":{\"@id\":\"https:\/\/evertonfc.cz\/index.php\/2024\/12\/04\/everton-wolverhampton-wanderers-40\/#primaryimage\"},\"thumbnailUrl\":\"https:\/\/evertonfc.cz\/wp-content\/uploads\/2024\/12\/Young_4_12_2024.jpg\",\"datePublished\":\"2024-12-04T21:47:16+00:00\",\"dateModified\":\"2024-12-05T09:17:13+00:00\",\"breadcrumb\":{\"@id\":\"https:\/\/evertonfc.cz\/index.php\/2024\/12\/04\/everton-wolverhampton-wanderers-40\/#breadcrumb\"},\"inLanguage\":\"cs\",\"potentialAction\":[{\"@type\":\"ReadAction\",\"target\":[\"https:\/\/evertonfc.cz\/index.php\/2024\/12\/04\/everton-wolverhampton-wanderers-40\/\"]}]},{\"@type\":\"ImageObject\",\"inLanguage\":\"cs\",\"@id\":\"https:\/\/evertonfc.cz\/index.php\/2024\/12\/04\/everton-wolverhampton-wanderers-40\/#primaryimage\",\"url\":\"https:\/\/evertonfc.cz\/wp-content\/uploads\/2024\/12\/Young_4_12_2024.jpg\",\"contentUrl\":\"https:\/\/evertonfc.cz\/wp-content\/uploads\/2024\/12\/Young_4_12_2024.jpg\",\"width\":720,\"height\":405},{\"@type\":\"BreadcrumbList\",\"@id\":\"https:\/\/evertonfc.cz\/index.php\/2024\/12\/04\/everton-wolverhampton-wanderers-40\/#breadcrumb\",\"itemListElement\":[{\"@type\":\"ListItem\",\"position\":1,\"name\":\"Home\",\"item\":\"https:\/\/evertonfc.cz\/\"},{\"@type\":\"ListItem\",\"position\":2,\"name\":\"Everton \u2013 Wolverhampton Wanderers 4:0\"}]},{\"@type\":\"WebSite\",\"@id\":\"https:\/\/evertonfc.cz\/#website\",\"url\":\"https:\/\/evertonfc.cz\/\",\"name\":\"Official Czech &amp; Slovak Everton Supporters&#039; Club\",\"description\":\"\",\"publisher\":{\"@id\":\"https:\/\/evertonfc.cz\/#organization\"},\"potentialAction\":[{\"@type\":\"SearchAction\",\"target\":{\"@type\":\"EntryPoint\",\"urlTemplate\":\"https:\/\/evertonfc.cz\/?s={search_term_string}\"},\"query-input\":{\"@type\":\"PropertyValueSpecification\",\"valueRequired\":true,\"valueName\":\"search_term_string\"}}],\"inLanguage\":\"cs\"},{\"@type\":\"Organization\",\"@id\":\"https:\/\/evertonfc.cz\/#organization\",\"name\":\"Official Czech & Slovak Everton Supporters' Club\",\"url\":\"https:\/\/evertonfc.cz\/\",\"logo\":{\"@type\":\"ImageObject\",\"inLanguage\":\"cs\",\"@id\":\"https:\/\/evertonfc.cz\/#\/schema\/logo\/image\/\",\"url\":\"https:\/\/evertonfc.cz\/wp-content\/uploads\/2019\/05\/logo.png\",\"contentUrl\":\"https:\/\/evertonfc.cz\/wp-content\/uploads\/2019\/05\/logo.png\",\"width\":112,\"height\":112,\"caption\":\"Official Czech & Slovak Everton Supporters' Club\"},\"image\":{\"@id\":\"https:\/\/evertonfc.cz\/#\/schema\/logo\/image\/\"},\"sameAs\":[\"https:\/\/www.facebook.com\/everton.fans.cz.sk\"]},{\"@type\":\"Person\",\"@id\":\"https:\/\/evertonfc.cz\/#\/schema\/person\/f7a5daedb2ffee98480bc70e191aaef1\",\"name\":\"Ri\u010di\",\"sameAs\":[\"https:\/\/x.com\/rbrejsa\"],\"url\":\"https:\/\/evertonfc.cz\/index.php\/author\/rici\/\"}]}<\/script>\n<!-- \/ Yoast SEO plugin. -->","yoast_head_json":{"title":"Everton \u2013 Wolverhampton Wanderers 4:0 - Official Czech &amp; Slovak Everton Supporters&#039; Club","robots":{"index":"index","follow":"follow","max-snippet":"max-snippet:-1","max-image-preview":"max-image-preview:large","max-video-preview":"max-video-preview:-1"},"canonical":"https:\/\/evertonfc.cz\/index.php\/2024\/12\/04\/everton-wolverhampton-wanderers-40\/","og_locale":"cs_CZ","og_type":"article","og_title":"Everton \u2013 Wolverhampton Wanderers 4:0 - Official Czech &amp; Slovak Everton Supporters&#039; Club","og_description":"A pak \u017ee to nejde. Toffees se po \u010dty\u0159ech z\u00e1pasech bez vst\u0159elen\u00e9 branky utrhli ze \u0159et\u011bzu a velmi ocho\u010den\u00fdm Vlk\u016fm nas\u00e1zeli rovnou \u010dty\u0159i branky.","og_url":"https:\/\/evertonfc.cz\/index.php\/2024\/12\/04\/everton-wolverhampton-wanderers-40\/","og_site_name":"Official Czech &amp; Slovak Everton Supporters&#039; Club","article_publisher":"https:\/\/www.facebook.com\/everton.fans.cz.sk","article_published_time":"2024-12-04T21:47:16+00:00","article_modified_time":"2024-12-05T09:17:13+00:00","og_image":[{"width":720,"height":405,"url":"https:\/\/evertonfc.cz\/wp-content\/uploads\/2024\/12\/Young_4_12_2024.jpg","type":"image\/jpeg"}],"author":"Ri\u010di","twitter_card":"summary_large_image","twitter_creator":"@rbrejsa","twitter_misc":{"Napsal(a)":"Ri\u010di","Odhadovan\u00e1 doba \u010dten\u00ed":"4 minuty"},"schema":{"@context":"https:\/\/schema.org","@graph":[{"@type":"Article","@id":"https:\/\/evertonfc.cz\/index.php\/2024\/12\/04\/everton-wolverhampton-wanderers-40\/#article","isPartOf":{"@id":"https:\/\/evertonfc.cz\/index.php\/2024\/12\/04\/everton-wolverhampton-wanderers-40\/"},"author":{"name":"Ri\u010di","@id":"https:\/\/evertonfc.cz\/#\/schema\/person\/f7a5daedb2ffee98480bc70e191aaef1"},"headline":"Everton \u2013 Wolverhampton Wanderers 4:0","datePublished":"2024-12-04T21:47:16+00:00","dateModified":"2024-12-05T09:17:13+00:00","mainEntityOfPage":{"@id":"https:\/\/evertonfc.cz\/index.php\/2024\/12\/04\/everton-wolverhampton-wanderers-40\/"},"wordCount":796,"commentCount":6,"publisher":{"@id":"https:\/\/evertonfc.cz\/#organization"},"image":{"@id":"https:\/\/evertonfc.cz\/index.php\/2024\/12\/04\/everton-wolverhampton-wanderers-40\/#primaryimage"},"thumbnailUrl":"https:\/\/evertonfc.cz\/wp-content\/uploads\/2024\/12\/Young_4_12_2024.jpg","articleSection":["Z\u00e1pasy"],"inLanguage":"cs","potentialAction":[{"@type":"CommentAction","name":"Comment","target":["https:\/\/evertonfc.cz\/index.php\/2024\/12\/04\/everton-wolverhampton-wanderers-40\/#respond"]}]},{"@type":"WebPage","@id":"https:\/\/evertonfc.cz\/index.php\/2024\/12\/04\/everton-wolverhampton-wanderers-40\/","url":"https:\/\/evertonfc.cz\/index.php\/2024\/12\/04\/everton-wolverhampton-wanderers-40\/","name":"Everton \u2013 Wolverhampton Wanderers 4:0 - Official Czech &amp; Slovak Everton Supporters&#039; Club","isPartOf":{"@id":"https:\/\/evertonfc.cz\/#website"},"primaryImageOfPage":{"@id":"https:\/\/evertonfc.cz\/index.php\/2024\/12\/04\/everton-wolverhampton-wanderers-40\/#primaryimage"},"image":{"@id":"https:\/\/evertonfc.cz\/index.php\/2024\/12\/04\/everton-wolverhampton-wanderers-40\/#primaryimage"},"thumbnailUrl":"https:\/\/evertonfc.cz\/wp-content\/uploads\/2024\/12\/Young_4_12_2024.jpg","datePublished":"2024-12-04T21:47:16+00:00","dateModified":"2024-12-05T09:17:13+00:00","breadcrumb":{"@id":"https:\/\/evertonfc.cz\/index.php\/2024\/12\/04\/everton-wolverhampton-wanderers-40\/#breadcrumb"},"inLanguage":"cs","potentialAction":[{"@type":"ReadAction","target":["https:\/\/evertonfc.cz\/index.php\/2024\/12\/04\/everton-wolverhampton-wanderers-40\/"]}]},{"@type":"ImageObject","inLanguage":"cs","@id":"https:\/\/evertonfc.cz\/index.php\/2024\/12\/04\/everton-wolverhampton-wanderers-40\/#primaryimage","url":"https:\/\/evertonfc.cz\/wp-content\/uploads\/2024\/12\/Young_4_12_2024.jpg","contentUrl":"https:\/\/evertonfc.cz\/wp-content\/uploads\/2024\/12\/Young_4_12_2024.jpg","width":720,"height":405},{"@type":"BreadcrumbList","@id":"https:\/\/evertonfc.cz\/index.php\/2024\/12\/04\/everton-wolverhampton-wanderers-40\/#breadcrumb","itemListElement":[{"@type":"ListItem","position":1,"name":"Home","item":"https:\/\/evertonfc.cz\/"},{"@type":"ListItem","position":2,"name":"Everton \u2013 Wolverhampton Wanderers 4:0"}]},{"@type":"WebSite","@id":"https:\/\/evertonfc.cz\/#website","url":"https:\/\/evertonfc.cz\/","name":"Official Czech &amp; Slovak Everton Supporters&#039; Club","description":"","publisher":{"@id":"https:\/\/evertonfc.cz\/#organization"},"potentialAction":[{"@type":"SearchAction","target":{"@type":"EntryPoint","urlTemplate":"https:\/\/evertonfc.cz\/?s={search_term_string}"},"query-input":{"@type":"PropertyValueSpecification","valueRequired":true,"valueName":"search_term_string"}}],"inLanguage":"cs"},{"@type":"Organization","@id":"https:\/\/evertonfc.cz\/#organization","name":"Official Czech & Slovak Everton Supporters' Club","url":"https:\/\/evertonfc.cz\/","logo":{"@type":"ImageObject","inLanguage":"cs","@id":"https:\/\/evertonfc.cz\/#\/schema\/logo\/image\/","url":"https:\/\/evertonfc.cz\/wp-content\/uploads\/2019\/05\/logo.png","contentUrl":"https:\/\/evertonfc.cz\/wp-content\/uploads\/2019\/05\/logo.png","width":112,"height":112,"caption":"Official Czech & Slovak Everton Supporters' Club"},"image":{"@id":"https:\/\/evertonfc.cz\/#\/schema\/logo\/image\/"},"sameAs":["https:\/\/www.facebook.com\/everton.fans.cz.sk"]},{"@type":"Person","@id":"https:\/\/evertonfc.cz\/#\/schema\/person\/f7a5daedb2ffee98480bc70e191aaef1","name":"Ri\u010di","sameAs":["https:\/\/x.com\/rbrejsa"],"url":"https:\/\/evertonfc.cz\/index.php\/author\/rici\/"}]}},"_links":{"self":[{"href":"https:\/\/evertonfc.cz\/index.php\/wp-json\/wp\/v2\/posts\/25707"}],"collection":[{"href":"https:\/\/evertonfc.cz\/index.php\/wp-json\/wp\/v2\/posts"}],"about":[{"href":"https:\/\/evertonfc.cz\/index.php\/wp-json\/wp\/v2\/types\/post"}],"author":[{"embeddable":true,"href":"https:\/\/evertonfc.cz\/index.php\/wp-json\/wp\/v2\/users\/6"}],"replies":[{"embeddable":true,"href":"https:\/\/evertonfc.cz\/index.php\/wp-json\/wp\/v2\/comments?post=25707"}],"version-history":[{"count":11,"href":"https:\/\/evertonfc.cz\/index.php\/wp-json\/wp\/v2\/posts\/25707\/revisions"}],"predecessor-version":[{"id":25721,"href":"https:\/\/evertonfc.cz\/index.php\/wp-json\/wp\/v2\/posts\/25707\/revisions\/25721"}],"wp:featuredmedia":[{"embeddable":true,"href":"https:\/\/evertonfc.cz\/index.php\/wp-json\/wp\/v2\/media\/25708"}],"wp:attachment":[{"href":"https:\/\/evertonfc.cz\/index.php\/wp-json\/wp\/v2\/media?parent=25707"}],"wp:term":[{"taxonomy":"category","embeddable":true,"href":"https:\/\/evertonfc.cz\/index.php\/wp-json\/wp\/v2\/categories?post=25707"},{"taxonomy":"post_tag","embeddable":true,"href":"https:\/\/evertonfc.cz\/index.php\/wp-json\/wp\/v2\/tags?post=25707"}],"curies":[{"name":"wp","href":"https:\/\/api.w.org\/{rel}","templated":true}]}}