{"id":2571,"date":"2017-09-14T22:57:03","date_gmt":"2017-09-14T20:57:03","guid":{"rendered":"http:\/\/evertonfc.cz\/?p=2571"},"modified":"2019-02-09T12:06:58","modified_gmt":"2019-02-09T11:06:58","slug":"atalanta-bergamo-everton-30","status":"publish","type":"post","link":"https:\/\/evertonfc.cz\/index.php\/2017\/09\/14\/atalanta-bergamo-everton-30\/","title":{"rendered":"Atalanta Bergamo &#8211; Everton 3:0"},"content":{"rendered":"\r\n<h4>T\u011b\u017ek\u00e9, \u0161ed\u00e9 mraky se shlukuj\u00ed nad Goodison Parkem&#8230;<\/h4>\r\n\r\n\r\n\r\n<p>Sestava naznala jist\u00fdch zm\u011bn. Vla\u0161i\u0107 si odbyl premi\u00e9ru, rovnou v z\u00e1kladn\u00ed sestav\u011b a Davies nebyl nominov\u00e1n k utk\u00e1n\u00ed. Stekelenburg bude z\u0159ejm\u011b v t\u00e9to sez\u00f3n\u011b poh\u00e1rov\u00fd brank\u00e1\u0159.<\/p>\r\n\r\n\r\n\r\n<p>Dom\u00e1c\u00ed za\u010dali n\u00e1porem, hned od za\u010d\u00e1tku byl aktivn\u00ed Castagne, ji\u017e v p\u00e1t\u00e9 minut\u011b m\u011bl na kont\u011b dva rohy, ale nic z toho. Z nich vznikla pouze hlavi\u010dka Cristanteho, kter\u00fd ale byl v ofsajdu. Pot\u00e9 se Everton trochu zm\u00e1to\u0159il a hodn\u011b byl zaanga\u017eov\u00e1n Calvert-Lewin, kter\u00fd op\u011bt hr\u00e1l na hrotu. Prvn\u00ed v\u011bt\u0161\u00ed \u0161anci m\u011bl Sigurdsson, ale jeho r\u00e1na \u0161la p\u0159\u00edmo doprost\u0159ed, tak\u017ee jmenovec exalb\u00e1nsk\u00e9ho prezidenta v klidu kryl. O minutu pozd\u011bji zkou\u0161el sk\u00f3rovat padaj\u00edc\u00edm <del>javorov\u00fdm<\/del> listem Rooney, ale puml\u00ed\u010d p\u0159elet\u011bl b\u0159evno. Hned pot\u00e9 jeho dal\u0161\u00ed st\u0159elu ob\u011btav\u011b zbokoval Masiello.<\/p>\r\n\r\n\r\n\r\n<p>Kolem 20. minuty dom\u00e1c\u00ed vyrovnali hry, dvojice G\u00f3mez a Petanta za\u010dala d\u011blat probl\u00e9my. V\u00fdsledkem zv\u00fd\u0161en\u00e9 aktivity dom\u00e1c\u00edch byla prvn\u00ed branka. Centr z rohu se odrazil od boku Be\u0161i\u0107e tak, \u017ee stoper Masiello zakon\u010doval ze dvou metr\u016f. Nem\u011bl s t\u00edm probl\u00e9m &#8211; <strong>1:0. <\/strong>N\u00e1sledn\u011b autor branky dostal \u017elutou kartu za faul na Sigurdssona. V t\u00e9to f\u00e1zi z\u00e1pasu byla Atalanta jednozna\u010dn\u011b lep\u0161\u00edm t\u00fdmem. A taky zv\u00fd\u0161ila. Jestli\u017ee prvn\u00ed branka z\u00e1pasu byla peo Everton smoln\u00e1, tak druh\u00e1 byla naopak p\u011bkn\u00e1. G\u00f3mez ud\u011blal metr za velk\u00fdm v\u00e1pnem kli\u010dku Vla\u0161i\u0107ovi a nap\u00e1lil m\u00ed\u010d pod b\u0159evno. Tohle se chytat ned\u00e1 &#8211; <strong>2:0. <\/strong>O t\u0159i minuty pozd\u011bji bylo je\u0161t\u011b h\u016f\u0159e. Petagna si po\u010dkal na hranici \u0161estn\u00e1ctky na nab\u00edhaj\u00edc\u00edho Cristanteho, jeho\u017e hl\u00edd\u00e1n\u00ed obrana jaksi vypustila a ten zo\u010di vo\u010di Stekelenburgovi nem\u011bl probl\u00e9my &#8211; <strong>3:0.<\/strong><\/p>\r\n\r\n\r\n\r\n<p>Koeman na za\u010d\u00e1tku druh\u00e9 p\u016fle p\u0159ekvapiv\u011b nevyst\u0159\u00eddal. Ta za\u010dal st\u0159elou Rooneyho doprost\u0159ed branky. K aktivn\u011bj\u0161\u00edm hr\u00e1\u010d\u016fm host\u00ed pat\u0159il Vla\u0161i\u0107, v\u00fdkon t\u00fdmu se od za\u010d\u00e1tku druh\u00e9 p\u016fle trochu zlep\u0161il. Dobr\u00fd v\u00fdkon ale po dal i brank\u00e1\u0159 Bergama Beri\u0161a. P\u0159esto ale nechyb\u011blo mnoho a mohlo to b\u00fdt 4:0. Freulerova r\u00e1na ale skon\u010dila na b\u0159evn\u011b. N\u00e1sledn\u011b dostal \u017elutou kartu za faul Sigurdsson. V 66. minut\u011b p\u0159i\u0161lo dvoj\u00ed st\u0159\u00edd\u00e1n\u00ed, Klaassen vym\u011bnil Rooneyho a Sandro Schneiderlina. Islan\u010fan se ve druh\u00e9 p\u016fli dostal k n\u011bkolika standardn\u00edm situac\u00edm, kter\u00e9 obvykle slu\u0161n\u011b zahr\u00e1l, ale nebezpe\u010dn\u00e9 st\u0159ely spoluhr\u00e1\u010d\u016f z toho nebyly.<\/p>\r\n\r\n\r\n\r\n<p>V cca 75. minut\u011b prob\u011bhlo troj\u00ed st\u0159\u00edd\u00e1n\u00ed, za Calverta-Lewina nastoupil Mirallas a dom\u00e1c\u00ed tren\u00e9r st\u00e1hl dvojici Masiello-Petagna. Nahradili je Cordelius a Caldara. Z posledn\u00ed desetiminutovky stoj\u00ed za zm\u00ednku st\u0159ela Be\u0161i\u0107e nad, Beri\u0161\u016fv z\u00e1krok po st\u0159ele Sandra a posledn\u00ed dom\u00e1c\u00ed st\u0159\u00edd\u00e1n\u00ed a posledn\u00ed dom\u00e1c\u00ed st\u0159\u00edd\u00e1n\u00ed (Kurti\u0107 za Cristanteho). \u00dato\u010dn\u011b uzav\u0159el utk\u00e1n\u00ed Cordelius st\u0159elou ke vzd\u00e1len\u011bj\u0161\u00ed ty\u010di, kterou Stekelenburg kryl.<\/p>\r\n\r\n\r\n\r\n<p>Jak zhodnotit utk\u00e1n\u00ed? Dom\u00e1c\u00ed zaslou\u017een\u011b vyhr\u00e1li. Host\u00e9? Neda\u0159\u00ed se. A v ned\u011bli v lize \u00da\u010dka na Old Trafford.<\/p>\r\n\r\n\r\n\r\n<p><strong>Branky:<\/strong> 27. Masiello, 41. G\u00f3mez, 44. Cristante<\/p>\r\n\r\n\r\n\r\n<p><strong>Karty:<\/strong> 33. Masiello \u2013 63. Sigurdsson<\/p>\r\n\r\n\r\n\r\n<p><strong>Atalanta Bergamo:<\/strong> Beri\u0161a \u2013 Tol\u00f3i, Palomino, Masiello (77. Caldara) \u2013 Hateboer, Cristante (82. Kurti\u0107), Freuler, de Roon, Castagne \u2013 Petagna (79. Cornelius), G\u00f3mez<\/p>\r\n\r\n\r\n\r\n<p><strong>Everton FC: <\/strong>Stekelenburg \u2013 Holgate, Jagielka, Keane, Baines \u2013 Schneiderlin (67. Sandro), Be\u0161i\u0107 \u2013 Vla\u0161i\u0107, Rooney (66. Klaassen), Sigurdsson \u2013 Calvert-Lewin (76. Mirallas)<\/p>\r\n\r\n\r\n\r\n<p><strong>Rozhod\u010d\u00ed:<\/strong> Vladislav Bezborodov<\/p>\r\n\r\n\r\n\r\n<p><strong>Div\u00e1ci: <\/strong>14 490<\/p>\r\n","protected":false},"excerpt":{"rendered":"<p>T\u011b\u017ek\u00e9, \u0161ed\u00e9 mraky se shlukuj\u00ed nad Goodison Parkem&#8230; Sestava naznala jist\u00fdch zm\u011bn. Vla\u0161i\u0107 si odbyl premi\u00e9ru, rovnou v z\u00e1kladn\u00ed sestav\u011b&hellip;<\/p>\n","protected":false},"author":12,"featured_media":1315,"comment_status":"open","ping_status":"closed","sticky":false,"template":"","format":"standard","meta":{"_eb_attr":"","_monsterinsights_skip_tracking":false,"_monsterinsights_sitenote_active":false,"_monsterinsights_sitenote_note":"","_monsterinsights_sitenote_category":0,"footnotes":""},"categories":[4],"tags":[],"yoast_head":"<!-- This site is optimized with the Yoast SEO plugin v23.4 - https:\/\/yoast.com\/wordpress\/plugins\/seo\/ -->\n<title>Atalanta Bergamo - Everton 3:0 - Official Czech &amp; Slovak Everton Supporters&#039; Club<\/title>\n<meta name=\"robots\" content=\"index, follow, max-snippet:-1, max-image-preview:large, max-video-preview:-1\" \/>\n<link rel=\"canonical\" href=\"https:\/\/evertonfc.cz\/index.php\/2017\/09\/14\/atalanta-bergamo-everton-30\/\" \/>\n<meta property=\"og:locale\" content=\"cs_CZ\" \/>\n<meta property=\"og:type\" content=\"article\" \/>\n<meta property=\"og:title\" content=\"Atalanta Bergamo - Everton 3:0 - Official Czech &amp; Slovak Everton Supporters&#039; Club\" \/>\n<meta property=\"og:description\" content=\"T\u011b\u017ek\u00e9, \u0161ed\u00e9 mraky se shlukuj\u00ed nad Goodison Parkem&#8230; Sestava naznala jist\u00fdch zm\u011bn. Vla\u0161i\u0107 si odbyl premi\u00e9ru, rovnou v z\u00e1kladn\u00ed sestav\u011b&hellip;\" \/>\n<meta property=\"og:url\" content=\"https:\/\/evertonfc.cz\/index.php\/2017\/09\/14\/atalanta-bergamo-everton-30\/\" \/>\n<meta property=\"og:site_name\" content=\"Official Czech &amp; Slovak Everton Supporters&#039; Club\" \/>\n<meta property=\"article:publisher\" content=\"https:\/\/www.facebook.com\/everton.fans.cz.sk\" \/>\n<meta property=\"article:published_time\" content=\"2017-09-14T20:57:03+00:00\" \/>\n<meta property=\"article:modified_time\" content=\"2019-02-09T11:06:58+00:00\" \/>\n<meta property=\"og:image\" content=\"https:\/\/evertonfc.cz\/wp-content\/uploads\/2019\/01\/report.jpg\" \/>\n\t<meta property=\"og:image:width\" content=\"720\" \/>\n\t<meta property=\"og:image:height\" content=\"405\" \/>\n\t<meta property=\"og:image:type\" content=\"image\/jpeg\" \/>\n<meta name=\"author\" content=\"Javor\" \/>\n<meta name=\"twitter:card\" content=\"summary_large_image\" \/>\n<meta name=\"twitter:creator\" content=\"@LoudinJan\" \/>\n<meta name=\"twitter:label1\" content=\"Napsal(a)\" \/>\n\t<meta name=\"twitter:data1\" content=\"Javor\" \/>\n\t<meta name=\"twitter:label2\" content=\"Odhadovan\u00e1 doba \u010dten\u00ed\" \/>\n\t<meta name=\"twitter:data2\" content=\"3 minuty\" \/>\n<script type=\"application\/ld+json\" class=\"yoast-schema-graph\">{\"@context\":\"https:\/\/schema.org\",\"@graph\":[{\"@type\":\"Article\",\"@id\":\"https:\/\/evertonfc.cz\/index.php\/2017\/09\/14\/atalanta-bergamo-everton-30\/#article\",\"isPartOf\":{\"@id\":\"https:\/\/evertonfc.cz\/index.php\/2017\/09\/14\/atalanta-bergamo-everton-30\/\"},\"author\":{\"name\":\"Javor\",\"@id\":\"https:\/\/evertonfc.cz\/#\/schema\/person\/b30daf6a5852f4811f8207a17ec1bf78\"},\"headline\":\"Atalanta Bergamo &#8211; Everton 3:0\",\"datePublished\":\"2017-09-14T20:57:03+00:00\",\"dateModified\":\"2019-02-09T11:06:58+00:00\",\"mainEntityOfPage\":{\"@id\":\"https:\/\/evertonfc.cz\/index.php\/2017\/09\/14\/atalanta-bergamo-everton-30\/\"},\"wordCount\":628,\"commentCount\":0,\"publisher\":{\"@id\":\"https:\/\/evertonfc.cz\/#organization\"},\"image\":{\"@id\":\"https:\/\/evertonfc.cz\/index.php\/2017\/09\/14\/atalanta-bergamo-everton-30\/#primaryimage\"},\"thumbnailUrl\":\"https:\/\/evertonfc.cz\/wp-content\/uploads\/2019\/01\/report.jpg\",\"articleSection\":[\"Z\u00e1pasy\"],\"inLanguage\":\"cs\",\"potentialAction\":[{\"@type\":\"CommentAction\",\"name\":\"Comment\",\"target\":[\"https:\/\/evertonfc.cz\/index.php\/2017\/09\/14\/atalanta-bergamo-everton-30\/#respond\"]}]},{\"@type\":\"WebPage\",\"@id\":\"https:\/\/evertonfc.cz\/index.php\/2017\/09\/14\/atalanta-bergamo-everton-30\/\",\"url\":\"https:\/\/evertonfc.cz\/index.php\/2017\/09\/14\/atalanta-bergamo-everton-30\/\",\"name\":\"Atalanta Bergamo - Everton 3:0 - Official Czech &amp; Slovak Everton Supporters&#039; Club\",\"isPartOf\":{\"@id\":\"https:\/\/evertonfc.cz\/#website\"},\"primaryImageOfPage\":{\"@id\":\"https:\/\/evertonfc.cz\/index.php\/2017\/09\/14\/atalanta-bergamo-everton-30\/#primaryimage\"},\"image\":{\"@id\":\"https:\/\/evertonfc.cz\/index.php\/2017\/09\/14\/atalanta-bergamo-everton-30\/#primaryimage\"},\"thumbnailUrl\":\"https:\/\/evertonfc.cz\/wp-content\/uploads\/2019\/01\/report.jpg\",\"datePublished\":\"2017-09-14T20:57:03+00:00\",\"dateModified\":\"2019-02-09T11:06:58+00:00\",\"breadcrumb\":{\"@id\":\"https:\/\/evertonfc.cz\/index.php\/2017\/09\/14\/atalanta-bergamo-everton-30\/#breadcrumb\"},\"inLanguage\":\"cs\",\"potentialAction\":[{\"@type\":\"ReadAction\",\"target\":[\"https:\/\/evertonfc.cz\/index.php\/2017\/09\/14\/atalanta-bergamo-everton-30\/\"]}]},{\"@type\":\"ImageObject\",\"inLanguage\":\"cs\",\"@id\":\"https:\/\/evertonfc.cz\/index.php\/2017\/09\/14\/atalanta-bergamo-everton-30\/#primaryimage\",\"url\":\"https:\/\/evertonfc.cz\/wp-content\/uploads\/2019\/01\/report.jpg\",\"contentUrl\":\"https:\/\/evertonfc.cz\/wp-content\/uploads\/2019\/01\/report.jpg\",\"width\":720,\"height\":405},{\"@type\":\"BreadcrumbList\",\"@id\":\"https:\/\/evertonfc.cz\/index.php\/2017\/09\/14\/atalanta-bergamo-everton-30\/#breadcrumb\",\"itemListElement\":[{\"@type\":\"ListItem\",\"position\":1,\"name\":\"Home\",\"item\":\"https:\/\/evertonfc.cz\/\"},{\"@type\":\"ListItem\",\"position\":2,\"name\":\"Atalanta Bergamo &#8211; Everton 3:0\"}]},{\"@type\":\"WebSite\",\"@id\":\"https:\/\/evertonfc.cz\/#website\",\"url\":\"https:\/\/evertonfc.cz\/\",\"name\":\"Official Czech &amp; Slovak Everton Supporters&#039; Club\",\"description\":\"\",\"publisher\":{\"@id\":\"https:\/\/evertonfc.cz\/#organization\"},\"potentialAction\":[{\"@type\":\"SearchAction\",\"target\":{\"@type\":\"EntryPoint\",\"urlTemplate\":\"https:\/\/evertonfc.cz\/?s={search_term_string}\"},\"query-input\":{\"@type\":\"PropertyValueSpecification\",\"valueRequired\":true,\"valueName\":\"search_term_string\"}}],\"inLanguage\":\"cs\"},{\"@type\":\"Organization\",\"@id\":\"https:\/\/evertonfc.cz\/#organization\",\"name\":\"Official Czech & Slovak Everton Supporters' Club\",\"url\":\"https:\/\/evertonfc.cz\/\",\"logo\":{\"@type\":\"ImageObject\",\"inLanguage\":\"cs\",\"@id\":\"https:\/\/evertonfc.cz\/#\/schema\/logo\/image\/\",\"url\":\"https:\/\/evertonfc.cz\/wp-content\/uploads\/2019\/05\/logo.png\",\"contentUrl\":\"https:\/\/evertonfc.cz\/wp-content\/uploads\/2019\/05\/logo.png\",\"width\":112,\"height\":112,\"caption\":\"Official Czech & Slovak Everton Supporters' Club\"},\"image\":{\"@id\":\"https:\/\/evertonfc.cz\/#\/schema\/logo\/image\/\"},\"sameAs\":[\"https:\/\/www.facebook.com\/everton.fans.cz.sk\"]},{\"@type\":\"Person\",\"@id\":\"https:\/\/evertonfc.cz\/#\/schema\/person\/b30daf6a5852f4811f8207a17ec1bf78\",\"name\":\"Javor\",\"sameAs\":[\"https:\/\/x.com\/LoudinJan\"],\"url\":\"https:\/\/evertonfc.cz\/index.php\/author\/javor\/\"}]}<\/script>\n<!-- \/ Yoast SEO plugin. -->","yoast_head_json":{"title":"Atalanta Bergamo - Everton 3:0 - Official Czech &amp; Slovak Everton Supporters&#039; Club","robots":{"index":"index","follow":"follow","max-snippet":"max-snippet:-1","max-image-preview":"max-image-preview:large","max-video-preview":"max-video-preview:-1"},"canonical":"https:\/\/evertonfc.cz\/index.php\/2017\/09\/14\/atalanta-bergamo-everton-30\/","og_locale":"cs_CZ","og_type":"article","og_title":"Atalanta Bergamo - Everton 3:0 - Official Czech &amp; Slovak Everton Supporters&#039; Club","og_description":"T\u011b\u017ek\u00e9, \u0161ed\u00e9 mraky se shlukuj\u00ed nad Goodison Parkem&#8230; Sestava naznala jist\u00fdch zm\u011bn. Vla\u0161i\u0107 si odbyl premi\u00e9ru, rovnou v z\u00e1kladn\u00ed sestav\u011b&hellip;","og_url":"https:\/\/evertonfc.cz\/index.php\/2017\/09\/14\/atalanta-bergamo-everton-30\/","og_site_name":"Official Czech &amp; Slovak Everton Supporters&#039; Club","article_publisher":"https:\/\/www.facebook.com\/everton.fans.cz.sk","article_published_time":"2017-09-14T20:57:03+00:00","article_modified_time":"2019-02-09T11:06:58+00:00","og_image":[{"width":720,"height":405,"url":"https:\/\/evertonfc.cz\/wp-content\/uploads\/2019\/01\/report.jpg","type":"image\/jpeg"}],"author":"Javor","twitter_card":"summary_large_image","twitter_creator":"@LoudinJan","twitter_misc":{"Napsal(a)":"Javor","Odhadovan\u00e1 doba \u010dten\u00ed":"3 minuty"},"schema":{"@context":"https:\/\/schema.org","@graph":[{"@type":"Article","@id":"https:\/\/evertonfc.cz\/index.php\/2017\/09\/14\/atalanta-bergamo-everton-30\/#article","isPartOf":{"@id":"https:\/\/evertonfc.cz\/index.php\/2017\/09\/14\/atalanta-bergamo-everton-30\/"},"author":{"name":"Javor","@id":"https:\/\/evertonfc.cz\/#\/schema\/person\/b30daf6a5852f4811f8207a17ec1bf78"},"headline":"Atalanta Bergamo &#8211; Everton 3:0","datePublished":"2017-09-14T20:57:03+00:00","dateModified":"2019-02-09T11:06:58+00:00","mainEntityOfPage":{"@id":"https:\/\/evertonfc.cz\/index.php\/2017\/09\/14\/atalanta-bergamo-everton-30\/"},"wordCount":628,"commentCount":0,"publisher":{"@id":"https:\/\/evertonfc.cz\/#organization"},"image":{"@id":"https:\/\/evertonfc.cz\/index.php\/2017\/09\/14\/atalanta-bergamo-everton-30\/#primaryimage"},"thumbnailUrl":"https:\/\/evertonfc.cz\/wp-content\/uploads\/2019\/01\/report.jpg","articleSection":["Z\u00e1pasy"],"inLanguage":"cs","potentialAction":[{"@type":"CommentAction","name":"Comment","target":["https:\/\/evertonfc.cz\/index.php\/2017\/09\/14\/atalanta-bergamo-everton-30\/#respond"]}]},{"@type":"WebPage","@id":"https:\/\/evertonfc.cz\/index.php\/2017\/09\/14\/atalanta-bergamo-everton-30\/","url":"https:\/\/evertonfc.cz\/index.php\/2017\/09\/14\/atalanta-bergamo-everton-30\/","name":"Atalanta Bergamo - Everton 3:0 - Official Czech &amp; Slovak Everton Supporters&#039; Club","isPartOf":{"@id":"https:\/\/evertonfc.cz\/#website"},"primaryImageOfPage":{"@id":"https:\/\/evertonfc.cz\/index.php\/2017\/09\/14\/atalanta-bergamo-everton-30\/#primaryimage"},"image":{"@id":"https:\/\/evertonfc.cz\/index.php\/2017\/09\/14\/atalanta-bergamo-everton-30\/#primaryimage"},"thumbnailUrl":"https:\/\/evertonfc.cz\/wp-content\/uploads\/2019\/01\/report.jpg","datePublished":"2017-09-14T20:57:03+00:00","dateModified":"2019-02-09T11:06:58+00:00","breadcrumb":{"@id":"https:\/\/evertonfc.cz\/index.php\/2017\/09\/14\/atalanta-bergamo-everton-30\/#breadcrumb"},"inLanguage":"cs","potentialAction":[{"@type":"ReadAction","target":["https:\/\/evertonfc.cz\/index.php\/2017\/09\/14\/atalanta-bergamo-everton-30\/"]}]},{"@type":"ImageObject","inLanguage":"cs","@id":"https:\/\/evertonfc.cz\/index.php\/2017\/09\/14\/atalanta-bergamo-everton-30\/#primaryimage","url":"https:\/\/evertonfc.cz\/wp-content\/uploads\/2019\/01\/report.jpg","contentUrl":"https:\/\/evertonfc.cz\/wp-content\/uploads\/2019\/01\/report.jpg","width":720,"height":405},{"@type":"BreadcrumbList","@id":"https:\/\/evertonfc.cz\/index.php\/2017\/09\/14\/atalanta-bergamo-everton-30\/#breadcrumb","itemListElement":[{"@type":"ListItem","position":1,"name":"Home","item":"https:\/\/evertonfc.cz\/"},{"@type":"ListItem","position":2,"name":"Atalanta Bergamo &#8211; Everton 3:0"}]},{"@type":"WebSite","@id":"https:\/\/evertonfc.cz\/#website","url":"https:\/\/evertonfc.cz\/","name":"Official Czech &amp; Slovak Everton Supporters&#039; Club","description":"","publisher":{"@id":"https:\/\/evertonfc.cz\/#organization"},"potentialAction":[{"@type":"SearchAction","target":{"@type":"EntryPoint","urlTemplate":"https:\/\/evertonfc.cz\/?s={search_term_string}"},"query-input":{"@type":"PropertyValueSpecification","valueRequired":true,"valueName":"search_term_string"}}],"inLanguage":"cs"},{"@type":"Organization","@id":"https:\/\/evertonfc.cz\/#organization","name":"Official Czech & Slovak Everton Supporters' Club","url":"https:\/\/evertonfc.cz\/","logo":{"@type":"ImageObject","inLanguage":"cs","@id":"https:\/\/evertonfc.cz\/#\/schema\/logo\/image\/","url":"https:\/\/evertonfc.cz\/wp-content\/uploads\/2019\/05\/logo.png","contentUrl":"https:\/\/evertonfc.cz\/wp-content\/uploads\/2019\/05\/logo.png","width":112,"height":112,"caption":"Official Czech & Slovak Everton Supporters' Club"},"image":{"@id":"https:\/\/evertonfc.cz\/#\/schema\/logo\/image\/"},"sameAs":["https:\/\/www.facebook.com\/everton.fans.cz.sk"]},{"@type":"Person","@id":"https:\/\/evertonfc.cz\/#\/schema\/person\/b30daf6a5852f4811f8207a17ec1bf78","name":"Javor","sameAs":["https:\/\/x.com\/LoudinJan"],"url":"https:\/\/evertonfc.cz\/index.php\/author\/javor\/"}]}},"_links":{"self":[{"href":"https:\/\/evertonfc.cz\/index.php\/wp-json\/wp\/v2\/posts\/2571"}],"collection":[{"href":"https:\/\/evertonfc.cz\/index.php\/wp-json\/wp\/v2\/posts"}],"about":[{"href":"https:\/\/evertonfc.cz\/index.php\/wp-json\/wp\/v2\/types\/post"}],"author":[{"embeddable":true,"href":"https:\/\/evertonfc.cz\/index.php\/wp-json\/wp\/v2\/users\/12"}],"replies":[{"embeddable":true,"href":"https:\/\/evertonfc.cz\/index.php\/wp-json\/wp\/v2\/comments?post=2571"}],"version-history":[{"count":2,"href":"https:\/\/evertonfc.cz\/index.php\/wp-json\/wp\/v2\/posts\/2571\/revisions"}],"predecessor-version":[{"id":2598,"href":"https:\/\/evertonfc.cz\/index.php\/wp-json\/wp\/v2\/posts\/2571\/revisions\/2598"}],"wp:featuredmedia":[{"embeddable":true,"href":"https:\/\/evertonfc.cz\/index.php\/wp-json\/wp\/v2\/media\/1315"}],"wp:attachment":[{"href":"https:\/\/evertonfc.cz\/index.php\/wp-json\/wp\/v2\/media?parent=2571"}],"wp:term":[{"taxonomy":"category","embeddable":true,"href":"https:\/\/evertonfc.cz\/index.php\/wp-json\/wp\/v2\/categories?post=2571"},{"taxonomy":"post_tag","embeddable":true,"href":"https:\/\/evertonfc.cz\/index.php\/wp-json\/wp\/v2\/tags?post=2571"}],"curies":[{"name":"wp","href":"https:\/\/api.w.org\/{rel}","templated":true}]}}