{"id":25729,"date":"2024-12-07T09:50:18","date_gmt":"2024-12-07T08:50:18","guid":{"rendered":"https:\/\/evertonfc.cz\/?p=25729"},"modified":"2024-12-09T18:49:46","modified_gmt":"2024-12-09T17:49:46","slug":"merseyside-derby-odvolane","status":"publish","type":"post","link":"https:\/\/evertonfc.cz\/index.php\/2024\/12\/07\/merseyside-derby-odvolane\/","title":{"rendered":"Merseyside derby odvolan\u00e9"},"content":{"rendered":"<h4><strong>Mohli lieta\u0165 triesky, mo\u017eno aj strechy, a keby sa nehralo na obed, pustili by sme sa do seba aj po tme. Tak\u00e9 s\u00fa n\u00e1strahy po\u010dasia, ktor\u00e9 dnes odvolali z\u00e1pas medzi Evertonom a susedn\u00fdm Liverpoolom. Damn you Darragh!<br \/>\n<\/strong><\/h4>\n<p>Moment\u00e1lne v Liverpoole, a vlastne na dos\u0165 ve\u013ekom \u00fazem\u00ed Brit\u00e1nie husto pr\u0161\u00ed. B\u00farka Darragh, ktor\u00e1 na ostrovy pri\u0161la zo severu Atlantiku, sa pomaly pres\u00fava na juh, juhov\u00fdchod. Vydan\u00e9 s\u00fa v\u00fdstrahy tretieho stup\u0148a. Vietor m\u00f4\u017ee dosahova\u0165 r\u00fdchlosti aj 130km\/h. Aktu\u00e1lne v okol\u00ed Starej D\u00e1my f\u00faka tak stovka. Fan\u00fa\u0161ikovia boli varovan\u00ed pred lietaj\u00facimi troskami, v\u00fdpadkami dopravy, \u010di elektrick\u00e9ho pr\u00fadu. Okrem z\u00e1pasu EFC &amp; LFC boli odvolan\u00e9 aj z\u00e1pasy EFL vo Walese a na juhu krajiny (Newport, Cardiff, Plymouth).<\/p>\n<p>\u010co sa t\u00fdka n\u00e1hradn\u00e9ho term\u00ednu, tak ur\u010dite nie je \u0161anca, \u017ee sa bude hra\u0165 e\u0161te tento mesiac. V\u0161etky sloty v strede t\u00fd\u017ed\u0148a s\u00fa u\u017e toti\u017e zaplnen\u00e9. A mo\u017enos\u0165, \u017ee Liverpool zv\u00ed\u0165az\u00ed na Southamptone 18. decembra vo \u0161tvr\u0165fin\u00e1le Ligov\u00e9ho poh\u00e1ra, znamen\u00e1, \u017ee je nepravdepodobn\u00e9, \u017ee by duel v Goodison Parku bol predbe\u017ene napl\u00e1novan\u00fd na ktor\u00fdko\u013evek z prv\u00fdch t\u00fd\u017ed\u0148ov janu\u00e1ra a febru\u00e1ra. Vtedy sa pl\u00e1nuj\u00fa obe kol\u00e1 semifin\u00e1le. Za\u010diatkom janu\u00e1ra je kolo z\u00e1pasov Premier League v strede t\u00fd\u017ed\u0148a. A Liverpool m\u00e1 posledn\u00e9 dva z\u00e1pasy Ligy majstrov doma s Lille a vonku s PSV Eindhoven. Tak\u017ee febru\u00e1r je najskor\u0161\u00edm mesiacom, kedy sa d\u00e1 zariadi\u0165 n\u00e1hradn\u00fd term\u00edn. Dostupnos\u0165 d\u00e1tumov potom v strede t\u00fd\u017ed\u0148a bude tie\u017e z\u00e1visie\u0165 od toho, ako \u010faleko post\u00fapia The Reds v Lige majstrov.<\/p>\n<p>Ak by Liverpool a Everton pred\u010dasne vypadli z FA Cupu, mohli by hra\u0165 proti sebe aj cez v\u00edkend, pri\u010dom \u0161tvrt\u00e9 kolo (sobota 8. febru\u00e1ra), piate kolo (sobota 1. marca) a \u0161tvr\u0165fin\u00e1le (sobota 29. marca) bud\u00fa ma\u0165 vo\u013eno v Premier League. Vzh\u013eadom na to, \u017ee oba t\u00edmy s\u00fa v tre\u0165om kole doma proti s\u00faperovi z ni\u017e\u0161ej ligy, zd\u00e1 sa nepravdepodobn\u00e9, \u017ee obaja vypadn\u00fa. \u010ci\u017ee marec sa stane najsk\u00f4r potenci\u00e1lne dostupn\u00fd v\u00edkend. Bez oh\u013eadu na to, hektick\u00fd program znamen\u00e1, \u017ee si pravdepodobne e\u0161te dlho po\u010dk\u00e1me, k\u00fdm sa na Merseyside kone\u010dne zmeraj\u00fa sily. A ke\u010f\u017ee apr\u00edlov\u00fd s\u00faboj na Anfielde je v strede t\u00fd\u017ed\u0148a, vyzer\u00e1 to tak, \u017ee v tejto sez\u00f3ne by mohla by\u0165 nezvy\u010dajn\u00e1 vyhliadka na dve ligov\u00e9 derby pod svetlami.<\/p>\n<p>Aspo\u0148 nejak\u00e9 spestrenie v\u00edkendu m\u00f4\u017eeme pon\u00faknu\u0165 u\u017e tradi\u010dn\u00fdm rozhovorom pre rivala, ktor\u00fd si m\u00f4\u017eete zatia\u013e (e\u0161te nie je za paywall) pre\u010d\u00edta\u0165 na ich str\u00e1nke &#8211; <a href=\"https:\/\/www.lfc1892.net\/20968-2\/\" target=\"_blank\" rel=\"noopener\"><span style=\"color: #ff0000;\"><strong>lfc1892.net<\/strong><\/span><\/a><\/p>\n<p style=\"text-align: right;\"><span style=\"font-size: 8pt;\">\u00a0(Fotozdroj: Getty Images)<\/span><\/p>\n","protected":false},"excerpt":{"rendered":"<p>Mohli lieta\u0165 triesky, mo\u017eno aj strechy, a keby sa nehralo na obed, pustili by sme sa do seba aj po tme. Tak\u00e9 s\u00fa n\u00e1strahy po\u010dasia, ktor\u00e9 dnes odvolali z\u00e1pas medzi Evertonom a susedn\u00fdm Liverpoolom. Damn you Darragh!<\/p>\n","protected":false},"author":1,"featured_media":25730,"comment_status":"open","ping_status":"closed","sticky":false,"template":"","format":"standard","meta":{"_eb_attr":"","_monsterinsights_skip_tracking":false,"_monsterinsights_sitenote_active":false,"_monsterinsights_sitenote_note":"","_monsterinsights_sitenote_category":0,"footnotes":""},"categories":[42],"tags":[],"yoast_head":"<!-- This site is optimized with the Yoast SEO plugin v23.4 - https:\/\/yoast.com\/wordpress\/plugins\/seo\/ -->\n<title>Merseyside derby odvolan\u00e9 - Official Czech &amp; Slovak Everton Supporters&#039; Club<\/title>\n<meta name=\"robots\" content=\"index, follow, max-snippet:-1, max-image-preview:large, max-video-preview:-1\" \/>\n<link rel=\"canonical\" href=\"https:\/\/evertonfc.cz\/index.php\/2024\/12\/07\/merseyside-derby-odvolane\/\" \/>\n<meta property=\"og:locale\" content=\"cs_CZ\" \/>\n<meta property=\"og:type\" content=\"article\" \/>\n<meta property=\"og:title\" content=\"Merseyside derby odvolan\u00e9 - Official Czech &amp; Slovak Everton Supporters&#039; Club\" \/>\n<meta property=\"og:description\" content=\"Mohli lieta\u0165 triesky, mo\u017eno aj strechy, a keby sa nehralo na obed, pustili by sme sa do seba aj po tme. Tak\u00e9 s\u00fa n\u00e1strahy po\u010dasia, ktor\u00e9 dnes odvolali z\u00e1pas medzi Evertonom a susedn\u00fdm Liverpoolom. Damn you Darragh!\" \/>\n<meta property=\"og:url\" content=\"https:\/\/evertonfc.cz\/index.php\/2024\/12\/07\/merseyside-derby-odvolane\/\" \/>\n<meta property=\"og:site_name\" content=\"Official Czech &amp; Slovak Everton Supporters&#039; Club\" \/>\n<meta property=\"article:publisher\" content=\"https:\/\/www.facebook.com\/everton.fans.cz.sk\" \/>\n<meta property=\"article:published_time\" content=\"2024-12-07T08:50:18+00:00\" \/>\n<meta property=\"article:modified_time\" content=\"2024-12-09T17:49:46+00:00\" \/>\n<meta property=\"og:image\" content=\"https:\/\/evertonfc.cz\/wp-content\/uploads\/2024\/12\/Storm-Darragh-by-Getty-Images-7-12-2024.jpg\" \/>\n\t<meta property=\"og:image:width\" content=\"720\" \/>\n\t<meta property=\"og:image:height\" content=\"405\" \/>\n\t<meta property=\"og:image:type\" content=\"image\/jpeg\" \/>\n<meta name=\"author\" content=\"BlueBlooded\" \/>\n<meta name=\"twitter:card\" content=\"summary_large_image\" \/>\n<meta name=\"twitter:label1\" content=\"Napsal(a)\" \/>\n\t<meta name=\"twitter:data1\" content=\"BlueBlooded\" \/>\n\t<meta name=\"twitter:label2\" content=\"Odhadovan\u00e1 doba \u010dten\u00ed\" \/>\n\t<meta name=\"twitter:data2\" content=\"3 minuty\" \/>\n<script type=\"application\/ld+json\" class=\"yoast-schema-graph\">{\"@context\":\"https:\/\/schema.org\",\"@graph\":[{\"@type\":\"Article\",\"@id\":\"https:\/\/evertonfc.cz\/index.php\/2024\/12\/07\/merseyside-derby-odvolane\/#article\",\"isPartOf\":{\"@id\":\"https:\/\/evertonfc.cz\/index.php\/2024\/12\/07\/merseyside-derby-odvolane\/\"},\"author\":{\"name\":\"BlueBlooded\",\"@id\":\"https:\/\/evertonfc.cz\/#\/schema\/person\/d4493b8cbea51532597fbc4685698916\"},\"headline\":\"Merseyside derby odvolan\u00e9\",\"datePublished\":\"2024-12-07T08:50:18+00:00\",\"dateModified\":\"2024-12-09T17:49:46+00:00\",\"mainEntityOfPage\":{\"@id\":\"https:\/\/evertonfc.cz\/index.php\/2024\/12\/07\/merseyside-derby-odvolane\/\"},\"wordCount\":489,\"commentCount\":2,\"publisher\":{\"@id\":\"https:\/\/evertonfc.cz\/#organization\"},\"image\":{\"@id\":\"https:\/\/evertonfc.cz\/index.php\/2024\/12\/07\/merseyside-derby-odvolane\/#primaryimage\"},\"thumbnailUrl\":\"https:\/\/evertonfc.cz\/wp-content\/uploads\/2024\/12\/Storm-Darragh-by-Getty-Images-7-12-2024.jpg\",\"articleSection\":[\"Aktuality\"],\"inLanguage\":\"cs\",\"potentialAction\":[{\"@type\":\"CommentAction\",\"name\":\"Comment\",\"target\":[\"https:\/\/evertonfc.cz\/index.php\/2024\/12\/07\/merseyside-derby-odvolane\/#respond\"]}]},{\"@type\":\"WebPage\",\"@id\":\"https:\/\/evertonfc.cz\/index.php\/2024\/12\/07\/merseyside-derby-odvolane\/\",\"url\":\"https:\/\/evertonfc.cz\/index.php\/2024\/12\/07\/merseyside-derby-odvolane\/\",\"name\":\"Merseyside derby odvolan\u00e9 - Official Czech &amp; Slovak Everton Supporters&#039; Club\",\"isPartOf\":{\"@id\":\"https:\/\/evertonfc.cz\/#website\"},\"primaryImageOfPage\":{\"@id\":\"https:\/\/evertonfc.cz\/index.php\/2024\/12\/07\/merseyside-derby-odvolane\/#primaryimage\"},\"image\":{\"@id\":\"https:\/\/evertonfc.cz\/index.php\/2024\/12\/07\/merseyside-derby-odvolane\/#primaryimage\"},\"thumbnailUrl\":\"https:\/\/evertonfc.cz\/wp-content\/uploads\/2024\/12\/Storm-Darragh-by-Getty-Images-7-12-2024.jpg\",\"datePublished\":\"2024-12-07T08:50:18+00:00\",\"dateModified\":\"2024-12-09T17:49:46+00:00\",\"breadcrumb\":{\"@id\":\"https:\/\/evertonfc.cz\/index.php\/2024\/12\/07\/merseyside-derby-odvolane\/#breadcrumb\"},\"inLanguage\":\"cs\",\"potentialAction\":[{\"@type\":\"ReadAction\",\"target\":[\"https:\/\/evertonfc.cz\/index.php\/2024\/12\/07\/merseyside-derby-odvolane\/\"]}]},{\"@type\":\"ImageObject\",\"inLanguage\":\"cs\",\"@id\":\"https:\/\/evertonfc.cz\/index.php\/2024\/12\/07\/merseyside-derby-odvolane\/#primaryimage\",\"url\":\"https:\/\/evertonfc.cz\/wp-content\/uploads\/2024\/12\/Storm-Darragh-by-Getty-Images-7-12-2024.jpg\",\"contentUrl\":\"https:\/\/evertonfc.cz\/wp-content\/uploads\/2024\/12\/Storm-Darragh-by-Getty-Images-7-12-2024.jpg\",\"width\":720,\"height\":405},{\"@type\":\"BreadcrumbList\",\"@id\":\"https:\/\/evertonfc.cz\/index.php\/2024\/12\/07\/merseyside-derby-odvolane\/#breadcrumb\",\"itemListElement\":[{\"@type\":\"ListItem\",\"position\":1,\"name\":\"Home\",\"item\":\"https:\/\/evertonfc.cz\/\"},{\"@type\":\"ListItem\",\"position\":2,\"name\":\"Merseyside derby odvolan\u00e9\"}]},{\"@type\":\"WebSite\",\"@id\":\"https:\/\/evertonfc.cz\/#website\",\"url\":\"https:\/\/evertonfc.cz\/\",\"name\":\"Official Czech &amp; Slovak Everton Supporters&#039; Club\",\"description\":\"\",\"publisher\":{\"@id\":\"https:\/\/evertonfc.cz\/#organization\"},\"potentialAction\":[{\"@type\":\"SearchAction\",\"target\":{\"@type\":\"EntryPoint\",\"urlTemplate\":\"https:\/\/evertonfc.cz\/?s={search_term_string}\"},\"query-input\":{\"@type\":\"PropertyValueSpecification\",\"valueRequired\":true,\"valueName\":\"search_term_string\"}}],\"inLanguage\":\"cs\"},{\"@type\":\"Organization\",\"@id\":\"https:\/\/evertonfc.cz\/#organization\",\"name\":\"Official Czech & Slovak Everton Supporters' Club\",\"url\":\"https:\/\/evertonfc.cz\/\",\"logo\":{\"@type\":\"ImageObject\",\"inLanguage\":\"cs\",\"@id\":\"https:\/\/evertonfc.cz\/#\/schema\/logo\/image\/\",\"url\":\"https:\/\/evertonfc.cz\/wp-content\/uploads\/2019\/05\/logo.png\",\"contentUrl\":\"https:\/\/evertonfc.cz\/wp-content\/uploads\/2019\/05\/logo.png\",\"width\":112,\"height\":112,\"caption\":\"Official Czech & Slovak Everton Supporters' Club\"},\"image\":{\"@id\":\"https:\/\/evertonfc.cz\/#\/schema\/logo\/image\/\"},\"sameAs\":[\"https:\/\/www.facebook.com\/everton.fans.cz.sk\"]},{\"@type\":\"Person\",\"@id\":\"https:\/\/evertonfc.cz\/#\/schema\/person\/d4493b8cbea51532597fbc4685698916\",\"name\":\"BlueBlooded\",\"url\":\"https:\/\/evertonfc.cz\/index.php\/author\/admin\/\"}]}<\/script>\n<!-- \/ Yoast SEO plugin. -->","yoast_head_json":{"title":"Merseyside derby odvolan\u00e9 - Official Czech &amp; Slovak Everton Supporters&#039; Club","robots":{"index":"index","follow":"follow","max-snippet":"max-snippet:-1","max-image-preview":"max-image-preview:large","max-video-preview":"max-video-preview:-1"},"canonical":"https:\/\/evertonfc.cz\/index.php\/2024\/12\/07\/merseyside-derby-odvolane\/","og_locale":"cs_CZ","og_type":"article","og_title":"Merseyside derby odvolan\u00e9 - Official Czech &amp; Slovak Everton Supporters&#039; Club","og_description":"Mohli lieta\u0165 triesky, mo\u017eno aj strechy, a keby sa nehralo na obed, pustili by sme sa do seba aj po tme. Tak\u00e9 s\u00fa n\u00e1strahy po\u010dasia, ktor\u00e9 dnes odvolali z\u00e1pas medzi Evertonom a susedn\u00fdm Liverpoolom. Damn you Darragh!","og_url":"https:\/\/evertonfc.cz\/index.php\/2024\/12\/07\/merseyside-derby-odvolane\/","og_site_name":"Official Czech &amp; Slovak Everton Supporters&#039; Club","article_publisher":"https:\/\/www.facebook.com\/everton.fans.cz.sk","article_published_time":"2024-12-07T08:50:18+00:00","article_modified_time":"2024-12-09T17:49:46+00:00","og_image":[{"width":720,"height":405,"url":"https:\/\/evertonfc.cz\/wp-content\/uploads\/2024\/12\/Storm-Darragh-by-Getty-Images-7-12-2024.jpg","type":"image\/jpeg"}],"author":"BlueBlooded","twitter_card":"summary_large_image","twitter_misc":{"Napsal(a)":"BlueBlooded","Odhadovan\u00e1 doba \u010dten\u00ed":"3 minuty"},"schema":{"@context":"https:\/\/schema.org","@graph":[{"@type":"Article","@id":"https:\/\/evertonfc.cz\/index.php\/2024\/12\/07\/merseyside-derby-odvolane\/#article","isPartOf":{"@id":"https:\/\/evertonfc.cz\/index.php\/2024\/12\/07\/merseyside-derby-odvolane\/"},"author":{"name":"BlueBlooded","@id":"https:\/\/evertonfc.cz\/#\/schema\/person\/d4493b8cbea51532597fbc4685698916"},"headline":"Merseyside derby odvolan\u00e9","datePublished":"2024-12-07T08:50:18+00:00","dateModified":"2024-12-09T17:49:46+00:00","mainEntityOfPage":{"@id":"https:\/\/evertonfc.cz\/index.php\/2024\/12\/07\/merseyside-derby-odvolane\/"},"wordCount":489,"commentCount":2,"publisher":{"@id":"https:\/\/evertonfc.cz\/#organization"},"image":{"@id":"https:\/\/evertonfc.cz\/index.php\/2024\/12\/07\/merseyside-derby-odvolane\/#primaryimage"},"thumbnailUrl":"https:\/\/evertonfc.cz\/wp-content\/uploads\/2024\/12\/Storm-Darragh-by-Getty-Images-7-12-2024.jpg","articleSection":["Aktuality"],"inLanguage":"cs","potentialAction":[{"@type":"CommentAction","name":"Comment","target":["https:\/\/evertonfc.cz\/index.php\/2024\/12\/07\/merseyside-derby-odvolane\/#respond"]}]},{"@type":"WebPage","@id":"https:\/\/evertonfc.cz\/index.php\/2024\/12\/07\/merseyside-derby-odvolane\/","url":"https:\/\/evertonfc.cz\/index.php\/2024\/12\/07\/merseyside-derby-odvolane\/","name":"Merseyside derby odvolan\u00e9 - Official Czech &amp; Slovak Everton Supporters&#039; Club","isPartOf":{"@id":"https:\/\/evertonfc.cz\/#website"},"primaryImageOfPage":{"@id":"https:\/\/evertonfc.cz\/index.php\/2024\/12\/07\/merseyside-derby-odvolane\/#primaryimage"},"image":{"@id":"https:\/\/evertonfc.cz\/index.php\/2024\/12\/07\/merseyside-derby-odvolane\/#primaryimage"},"thumbnailUrl":"https:\/\/evertonfc.cz\/wp-content\/uploads\/2024\/12\/Storm-Darragh-by-Getty-Images-7-12-2024.jpg","datePublished":"2024-12-07T08:50:18+00:00","dateModified":"2024-12-09T17:49:46+00:00","breadcrumb":{"@id":"https:\/\/evertonfc.cz\/index.php\/2024\/12\/07\/merseyside-derby-odvolane\/#breadcrumb"},"inLanguage":"cs","potentialAction":[{"@type":"ReadAction","target":["https:\/\/evertonfc.cz\/index.php\/2024\/12\/07\/merseyside-derby-odvolane\/"]}]},{"@type":"ImageObject","inLanguage":"cs","@id":"https:\/\/evertonfc.cz\/index.php\/2024\/12\/07\/merseyside-derby-odvolane\/#primaryimage","url":"https:\/\/evertonfc.cz\/wp-content\/uploads\/2024\/12\/Storm-Darragh-by-Getty-Images-7-12-2024.jpg","contentUrl":"https:\/\/evertonfc.cz\/wp-content\/uploads\/2024\/12\/Storm-Darragh-by-Getty-Images-7-12-2024.jpg","width":720,"height":405},{"@type":"BreadcrumbList","@id":"https:\/\/evertonfc.cz\/index.php\/2024\/12\/07\/merseyside-derby-odvolane\/#breadcrumb","itemListElement":[{"@type":"ListItem","position":1,"name":"Home","item":"https:\/\/evertonfc.cz\/"},{"@type":"ListItem","position":2,"name":"Merseyside derby odvolan\u00e9"}]},{"@type":"WebSite","@id":"https:\/\/evertonfc.cz\/#website","url":"https:\/\/evertonfc.cz\/","name":"Official Czech &amp; Slovak Everton Supporters&#039; Club","description":"","publisher":{"@id":"https:\/\/evertonfc.cz\/#organization"},"potentialAction":[{"@type":"SearchAction","target":{"@type":"EntryPoint","urlTemplate":"https:\/\/evertonfc.cz\/?s={search_term_string}"},"query-input":{"@type":"PropertyValueSpecification","valueRequired":true,"valueName":"search_term_string"}}],"inLanguage":"cs"},{"@type":"Organization","@id":"https:\/\/evertonfc.cz\/#organization","name":"Official Czech & Slovak Everton Supporters' Club","url":"https:\/\/evertonfc.cz\/","logo":{"@type":"ImageObject","inLanguage":"cs","@id":"https:\/\/evertonfc.cz\/#\/schema\/logo\/image\/","url":"https:\/\/evertonfc.cz\/wp-content\/uploads\/2019\/05\/logo.png","contentUrl":"https:\/\/evertonfc.cz\/wp-content\/uploads\/2019\/05\/logo.png","width":112,"height":112,"caption":"Official Czech & Slovak Everton Supporters' Club"},"image":{"@id":"https:\/\/evertonfc.cz\/#\/schema\/logo\/image\/"},"sameAs":["https:\/\/www.facebook.com\/everton.fans.cz.sk"]},{"@type":"Person","@id":"https:\/\/evertonfc.cz\/#\/schema\/person\/d4493b8cbea51532597fbc4685698916","name":"BlueBlooded","url":"https:\/\/evertonfc.cz\/index.php\/author\/admin\/"}]}},"_links":{"self":[{"href":"https:\/\/evertonfc.cz\/index.php\/wp-json\/wp\/v2\/posts\/25729"}],"collection":[{"href":"https:\/\/evertonfc.cz\/index.php\/wp-json\/wp\/v2\/posts"}],"about":[{"href":"https:\/\/evertonfc.cz\/index.php\/wp-json\/wp\/v2\/types\/post"}],"author":[{"embeddable":true,"href":"https:\/\/evertonfc.cz\/index.php\/wp-json\/wp\/v2\/users\/1"}],"replies":[{"embeddable":true,"href":"https:\/\/evertonfc.cz\/index.php\/wp-json\/wp\/v2\/comments?post=25729"}],"version-history":[{"count":9,"href":"https:\/\/evertonfc.cz\/index.php\/wp-json\/wp\/v2\/posts\/25729\/revisions"}],"predecessor-version":[{"id":25746,"href":"https:\/\/evertonfc.cz\/index.php\/wp-json\/wp\/v2\/posts\/25729\/revisions\/25746"}],"wp:featuredmedia":[{"embeddable":true,"href":"https:\/\/evertonfc.cz\/index.php\/wp-json\/wp\/v2\/media\/25730"}],"wp:attachment":[{"href":"https:\/\/evertonfc.cz\/index.php\/wp-json\/wp\/v2\/media?parent=25729"}],"wp:term":[{"taxonomy":"category","embeddable":true,"href":"https:\/\/evertonfc.cz\/index.php\/wp-json\/wp\/v2\/categories?post=25729"},{"taxonomy":"post_tag","embeddable":true,"href":"https:\/\/evertonfc.cz\/index.php\/wp-json\/wp\/v2\/tags?post=25729"}],"curies":[{"name":"wp","href":"https:\/\/api.w.org\/{rel}","templated":true}]}}