{"id":2573,"date":"2017-09-14T23:00:09","date_gmt":"2017-09-14T21:00:09","guid":{"rendered":"http:\/\/evertonfc.cz\/?p=2573"},"modified":"2019-02-09T18:52:35","modified_gmt":"2019-02-09T17:52:35","slug":"el-preview-atalanta-bergamo-everton","status":"publish","type":"post","link":"https:\/\/evertonfc.cz\/index.php\/2017\/09\/14\/el-preview-atalanta-bergamo-everton\/","title":{"rendered":"EL Preview: Atalanta Bergamo &#8211; Everton"},"content":{"rendered":"\r\n<h4>Skupinov\u00e1 f\u00e1za je tu a\u00a0s\u00a0\u0148ou aj \u0161anca pre Toffees, na patri\u010dn\u00fa reakciu po klesaj\u00facich v\u00fdkonoch v\u00a0dom\u00e1cej s\u00fa\u0165a\u017ei. Ako s\u00faper sa predstav\u00ed najv\u00e4\u010d\u0161ie prekvapenie Serie A\u00a0minulej sez\u00f3ny.<\/h4>\r\n\r\n\r\n\r\n<p>Pocit, akoby to bolo v\u010dera a\u00a0pritom s\u00fa u\u017e tomu tri roky. Viete o\u00a0\u010dom hovor\u00edm. Posledn\u00e9 dobrodru\u017estvo na kontinente e\u0161te nezapadlo prachom v\u00a0kronik\u00e1ch Karameliek a znovu\u00a0m\u00e1me mo\u017enos\u0165 sledova\u0165 \u010fal\u0161ie. A kam\u017ee n\u00e1s to los zaviedol v\u00a0prv\u00fd hrac\u00ed de\u0148 skupinovej f\u00e1zy? Do regi\u00f3nu Lombardie, na severe Talianska. V\u00a0provincii Bergamo, s\u00a0rovnomenn\u00fdm n\u00e1zvom hlavn\u00e9ho mesta, ktor\u00e9 je vzdialen\u00e9 pribli\u017ene 40 kilometrov od mesta m\u00f3dy. Tam sa nach\u00e1dza toti\u017e klub, s\u00a0cel\u00fdm n\u00e1zvom Atalanta Bergamasca Calcio S.p.A. Len\u017ee na domovskom Stadio Atleti Azzurri d&#8217;Italia sa hra\u0165 nebude, pre prebiehaj\u00facu rekon\u0161trukciu a\u00a0UEFA tieto podmienky, narozdiel od talianskej futbalovej asoci\u00e1cie, nepova\u017euje za dostato\u010dn\u00e9. Preto im do\u010dasn\u00fd domov zatia\u013e poskytne skoro 200 kilometrov vzdialen\u00fd Mapei Stadium, nekomer\u010dne Stadio Citt\u00e0 del Tricolore, ktor\u00fd ob\u00fdva Sassuolo.<\/p>\r\n\r\n\r\n\r\n<p>\u201e<em>But OK\u201d<\/em><\/p>\r\n\r\n\r\n\r\n<p>Z\u00a0nezaujat\u00e9ho t\u00e1bora laikov\u00a0m\u00f4jho okolia, sa oz\u00fdvaj\u00fa hlasy o\u00a0k\u00fdvaj\u00facej sa stoli\u010dke. No popravde, Koeman sed\u00ed na pekne pohodlnom gau\u010di. Av\u0161ak, ob\u010das sa aj on zahm\u00fdri, chyt\u00ed ovl\u00e1da\u010d a\u00a0nerv\u00f3zne za\u010dne prep\u00edna\u0165 kan\u00e1ly, ktor\u00e9 si predplatil, u\u017e vo svojom roz\u0161\u00edrenom bal\u00edku. Vybranom s\u00a0realistick\u00fdmi o\u010dak\u00e1vaniami. Celej rodine sa ponuka s\u00edce nemus\u00ed p\u00e1\u010di\u0165. Ale on m\u00e1 ovl\u00e1da\u010d, on sa pozer\u00e1 z\u00a0gau\u010da naj\u010dastej\u0161ie. Vie, \u017ee sk\u00f4r, \u010di nesk\u00f4r prepne program, ktor\u00fd uspokoj\u00ed. A pravdepodobne tomu bolo tak aj po v\u00edkendovej facke od Spurs. Preto sa pr\u00e1vom o\u010dak\u00e1va reakcia. Viete si predstavi\u0165 lep\u0161iu pr\u00edle\u017eitos\u0165, ne\u017e v\u00a0Eur\u00f3pskej Lige, na ktor\u00fa sa hr\u00e1\u010di dok\u00e1\u017eu \u010dasto viacej namotivova\u0165 a\u00a0fyzick\u00e9 n\u00e1roky u\u017e nepredstavuj\u00fa pri adapt\u00e1ci\u00ed tak\u00fd probl\u00e9m?<\/p>\r\n\r\n\r\n\r\n<p>Pom\u00f4c\u0165 zah\u00e1ji\u0165 s\u00fa\u0165a\u017e s\u00a0tromi bodmi, nebude m\u00f4c\u0165 v\u0161etk\u00fdm zn\u00e1me kvarteto hr\u00e1\u010dov Barkley, Bolasie, Coleman, Mori. James McCarthy je vraj u\u017e len t\u00fd\u017ede\u0148 od pomyseln\u00e9ho n\u00e1vratu na tr\u00e1vnik a\u00a0s\u00a0mu\u017estvom neodletel Aaron Lennon, nevedno pre\u010do. Ale pova\u017eujem to za stratu. Moment\u00e1lne asi nedisponujeme spo\u013eahlivej\u0161\u00edm pravovern\u00fdm kr\u00eddeln\u00edkom, ne\u017e je on.<\/p>\r\n\r\n\r\n\r\n<p>\u201e<em>La Dea\u201c<\/em><\/p>\r\n\r\n\r\n\r\n<p>Historick\u00e9 okienko prenech\u00e1m na dom\u00e1ci duel a\u00a0dnes v\u00e1m predstav\u00edm s\u00fa\u010dasn\u00fa situ\u00e1ciu, ktorej vel\u00ed p\u00e1n menom Gian Piero Gasperini. P\u00e4\u0165desiatdev\u00e4\u0165 ro\u010dn\u00fd Talian pri\u0161iel do Atalanty 14. j\u00fana min\u00fal\u00e9ho roka a\u00a0nebol pr\u00e1ve pova\u017eovan\u00fd za snov\u00fa akviz\u00edciu na poste tr\u00e9nerskom, hoci sk\u00fasenos\u0165 mu rozhodne nech\u00fdbala. Vystriedal kluby ako Janov, ktor\u00fd taktie\u017e doviedol do eur\u00f3pskych poh\u00e1rov\u00fdch s\u00fa\u0165a\u017e\u00ed, \u010falej Palermo, Crotone a\u00a0ne\u0161\u0165astn\u00fd anga\u017em\u00e1n v\u00a0Interi. Svojou \u00faspe\u0161nou pr\u00e1cou v\u00a0Janove nadviazal aj v\u00a0Bergame, kde minul\u00fa sez\u00f3nu rovnako implementoval \u00fato\u010dn\u00fd hern\u00fd \u0161t\u00fdl, vyzn\u00e1vaj\u00faci u\u017e dobre zn\u00e1me rozostavenie 3-4-3. \u00daspechy sa nedostavili ihne\u010f, dokonca sa po p\u00e1r z\u00e1pasoch v\u00e1\u017ene uva\u017eovalo o\u00a0skorom vyhadzove. Ale mana\u017e\u00e9r podnikol v\u00e1\u017ene kroky, zariskoval upusten\u00edm od zn\u00e1mych tv\u00e1r\u00ed, za\u010dal viac presadzova\u0165 ml\u00e1de\u017e a\u00a0klub za\u010dal dba\u0165 na dlhodobej\u0161\u00ed koncept. Odmenou za to im bol koniec 26 ro\u010dnej absencie v\u00a0eur\u00f3pskych poh\u00e1roch, atraktivita na ihrisku,\u00a0finan\u010dn\u00e1 stabilita a\u00a0v\u010faka nej\u00a0aj kone\u010dne vlastn\u00fd \u0161tadi\u00f3n. T\u00fdm sa ozaj v\u00a0Taliansku nem\u00f4\u017ee ka\u017ed\u00fd chv\u00e1li\u0165.<\/p>\r\n\r\n\r\n\r\n<p>Ke\u010f som spomenul ml\u00e1de\u017e, ned\u00e1vny prieskum CIES Football Observatory ohodnotil akad\u00e9miu modro-\u010diernych, ako najlep\u0161iu na Apeninskom poloostrove a\u00a0\u00f4smu najlep\u0161iu v\u00a0Eur\u00f3pe. To u\u017e je \u010do poveda\u0165. A\u00a0ke\u010f\u017ee v\u0161etko nesie zo sebou ist\u00fa da\u0148, ot\u00e1zkou zostane, ako sa dok\u00e1\u017ee klub vy\u0161plha\u0165 vy\u0161\u0161ie, ak na\u0148 bud\u00fa cielene polova\u0165 v\u00e4\u010d\u0161ie kluby. Letn\u00fd v\u00fdpredaj najv\u00e4\u010d\u0161\u00edch hviezd bol prakticky neodvr\u00e1titeln\u00fd. Kessi\u00e9, Conti, Gagliardini sa pretavili do zhruba 75 mili\u00f3nov eur v\u00a0pokladni, ale na \u00fakor \u010doho? Pozn\u00e1me ne\u010dakane \u00faspe\u0161n\u00e9 prv\u00e9 sez\u00f3ny v\u00a0podan\u00ed nov\u00fdch tr\u00e9nerov. Zv\u00e4\u010d\u0161a potom prich\u00e1dza stagn\u00e1cia, alebo postupn\u00fd \u00fapadok. My sami sme si za\u017eili.<\/p>\r\n\r\n\r\n\r\n<p>Forma s\u00fapera nie je oslniv\u00e1, podobne ako t\u00e1 Evertonu. Okrem poslednej v\u00fdhry so spom\u00ednan\u00fdm Sassuolom, prv\u00e9 dva ligov\u00e9 z\u00e1pasy La Dea padla s\u00a0r\u00edmskym AS a\u00a0Neapolom, \u010do s\u00fa pravdepodobne kandid\u00e1ti na boj o\u00a0titul. V\u00a0pr\u00edprave v\u0161ak ani raz neprehrala a\u00a0to sa stretla so \u0161panielskou\u00a0Valenciou, \u010di nemeck\u00fdm Dortmundom. Preto na\u0161u dru\u017einu v\u00a0kr\u00e1\u013eovskej modrej \u010dak\u00e1 v\u00e1\u017ena previerka, navy\u0161e proti syst\u00e9mu, na ktor\u00fd sme e\u0161te nana\u0161li adekv\u00e1tnu odpove\u010f.<\/p>\r\n\r\n\r\n\r\n<p>Zauj\u00edmav\u00e9 \u0161tatistiky:<\/p>\r\n\r\n\r\n\r\n<ul>\r\n<li>Everton a\u00a0Atalanta, pre ktor\u00fa to bude v\u00f4bec prv\u00fd anglick\u00fd s\u00faper, sa e\u0161te na tr\u00e1vniku nestretli.<\/li>\r\n<li>Toffees \u010delili talianskym s\u00faperom 6x (W1-D2-L3) a\u00a0sk\u00f3rovali len v\u00a0jednom z\u00e1pase, v\u00a0marci 2008 v\u00a0Goodison Parku proti Fiorentine (2:0).<\/li>\r\n<li>Tie tri prehry boli v\u0161etky na ihrisk\u00e1ch s\u00fapera, bez vstrelen\u00e9ho g\u00f3lu (Inter 1963, AC 1975, Fiorentina 2008).<\/li>\r\n<li>Ke\u010f Atalanta naposledy hrala eur\u00f3psku s\u00fa\u0165a\u017e, dosiahla v\u00a0ro\u010dn\u00edku 1990\/91 \u0161tvr\u0165fin\u00e1le Poh\u00e1ru UEFA.<\/li>\r\n<\/ul>\r\n\r\n\r\n\r\n<p><strong>Ohlasy pred z\u00e1pasom:<\/strong><\/p>\r\n\r\n\r\n\r\n<p>R.Koeman \u2013 \u201eAk hr\u00e1te v\u00a0nejakej s\u00fa\u0165a\u017ei, chcete ju vyhra\u0165. K tomu je v\u0161ak \u010faleko, v\u00a0prvom rade sa s\u00fastred\u00edme na tento z\u00e1pas. Mus\u00edte \u00eds\u0165 krok za krokom. M\u00f4\u017eeme rotova\u0165 pre nieko\u013eko d\u00f4vodov, ale ako v\u017edy, nasad\u00edme siln\u00fd t\u00edm. Pok\u00fasime sa hra\u0165 futbal a\u00a0dominova\u0165, hra\u0165 \u00fato\u010dne, vytv\u00e1ra\u0165 si \u0161ance.\u201c<\/p>\r\n\r\n\r\n\r\n<p>G.P.Gasperini \u2013 \u201eSme sebavedom\u00ed. Mo\u017eno nem\u00e1me ve\u013ek\u00e9 meno, ale za\u017eili sme skvel\u00fa sez\u00f3nu a\u00a0prin\u00e1\u0161ame si z\u00a0nej ve\u013ea entuziazmu. Everton je siln\u00fd po ve\u013ea str\u00e1nkach, je to \u0165a\u017ek\u00e1 skupina. Ale mysl\u00edm, \u017ee sme na \u0148u pripraven\u00ed.\u201c<\/p>\r\n\r\n\r\n\r\n<p style=\"text-align: center;\"><em><strong>Up The Toffees !<\/strong><\/em><\/p>\r\n\r\n\r\n\r\n<p><strong>\u010co:<\/strong> Atalanta Bergamasca Calcio S.p.A \u2013 Everton FC, skupinov\u00e1 f\u00e1za Eur\u00f3pskej Ligy (E)<strong><br \/>Kedy:<\/strong> 14.9. 2017 od 19:00 SE\u010c<strong><br \/>Kde:<\/strong> Stadio Citt\u00e0 del Tricolore \/ Mapei Stadium &#8211; Piazzale Atleti Azzuri D&#8217;Italia, 1, 42122 Reggio Emilia RE, Taliansko (kapacita: 23 717)<strong><br \/>Rozhodca:<\/strong> V. Bezborodov <strong>Asistenti:<\/strong> V. Danchenko, M. Gavrilin <strong>\u0160tvrt\u00fd rozhodca:<\/strong> A. Lunev<\/p>\r\n","protected":false},"excerpt":{"rendered":"<p>Skupinov\u00e1 f\u00e1za je tu a\u00a0s\u00a0\u0148ou aj \u0161anca pre Toffees, na patri\u010dn\u00fa reakciu po klesaj\u00facich v\u00fdkonoch v\u00a0dom\u00e1cej s\u00fa\u0165a\u017ei. Ako s\u00faper sa&hellip;<\/p>\n","protected":false},"author":1,"featured_media":1314,"comment_status":"open","ping_status":"closed","sticky":false,"template":"","format":"standard","meta":{"_eb_attr":"","_monsterinsights_skip_tracking":false,"_monsterinsights_sitenote_active":false,"_monsterinsights_sitenote_note":"","_monsterinsights_sitenote_category":0,"footnotes":""},"categories":[4],"tags":[],"yoast_head":"<!-- This site is optimized with the Yoast SEO plugin v23.4 - https:\/\/yoast.com\/wordpress\/plugins\/seo\/ -->\n<title>EL Preview: Atalanta Bergamo - Everton - Official Czech &amp; Slovak Everton Supporters&#039; Club<\/title>\n<meta name=\"robots\" content=\"index, follow, max-snippet:-1, max-image-preview:large, max-video-preview:-1\" \/>\n<link rel=\"canonical\" href=\"https:\/\/evertonfc.cz\/index.php\/2017\/09\/14\/el-preview-atalanta-bergamo-everton\/\" \/>\n<meta property=\"og:locale\" content=\"cs_CZ\" \/>\n<meta property=\"og:type\" content=\"article\" \/>\n<meta property=\"og:title\" content=\"EL Preview: Atalanta Bergamo - Everton - Official Czech &amp; Slovak Everton Supporters&#039; Club\" \/>\n<meta property=\"og:description\" content=\"Skupinov\u00e1 f\u00e1za je tu a\u00a0s\u00a0\u0148ou aj \u0161anca pre Toffees, na patri\u010dn\u00fa reakciu po klesaj\u00facich v\u00fdkonoch v\u00a0dom\u00e1cej s\u00fa\u0165a\u017ei. Ako s\u00faper sa&hellip;\" \/>\n<meta property=\"og:url\" content=\"https:\/\/evertonfc.cz\/index.php\/2017\/09\/14\/el-preview-atalanta-bergamo-everton\/\" \/>\n<meta property=\"og:site_name\" content=\"Official Czech &amp; Slovak Everton Supporters&#039; Club\" \/>\n<meta property=\"article:publisher\" content=\"https:\/\/www.facebook.com\/everton.fans.cz.sk\" \/>\n<meta property=\"article:published_time\" content=\"2017-09-14T21:00:09+00:00\" \/>\n<meta property=\"article:modified_time\" content=\"2019-02-09T17:52:35+00:00\" \/>\n<meta property=\"og:image\" content=\"https:\/\/evertonfc.cz\/wp-content\/uploads\/2019\/01\/preview.jpg\" \/>\n\t<meta property=\"og:image:width\" content=\"720\" \/>\n\t<meta property=\"og:image:height\" content=\"405\" \/>\n\t<meta property=\"og:image:type\" content=\"image\/jpeg\" \/>\n<meta name=\"author\" content=\"BlueBlooded\" \/>\n<meta name=\"twitter:card\" content=\"summary_large_image\" \/>\n<meta name=\"twitter:label1\" content=\"Napsal(a)\" \/>\n\t<meta name=\"twitter:data1\" content=\"BlueBlooded\" \/>\n\t<meta name=\"twitter:label2\" content=\"Odhadovan\u00e1 doba \u010dten\u00ed\" \/>\n\t<meta name=\"twitter:data2\" content=\"5 minut\" \/>\n<script type=\"application\/ld+json\" class=\"yoast-schema-graph\">{\"@context\":\"https:\/\/schema.org\",\"@graph\":[{\"@type\":\"Article\",\"@id\":\"https:\/\/evertonfc.cz\/index.php\/2017\/09\/14\/el-preview-atalanta-bergamo-everton\/#article\",\"isPartOf\":{\"@id\":\"https:\/\/evertonfc.cz\/index.php\/2017\/09\/14\/el-preview-atalanta-bergamo-everton\/\"},\"author\":{\"name\":\"BlueBlooded\",\"@id\":\"https:\/\/evertonfc.cz\/#\/schema\/person\/d4493b8cbea51532597fbc4685698916\"},\"headline\":\"EL Preview: Atalanta Bergamo &#8211; Everton\",\"datePublished\":\"2017-09-14T21:00:09+00:00\",\"dateModified\":\"2019-02-09T17:52:35+00:00\",\"mainEntityOfPage\":{\"@id\":\"https:\/\/evertonfc.cz\/index.php\/2017\/09\/14\/el-preview-atalanta-bergamo-everton\/\"},\"wordCount\":1105,\"commentCount\":0,\"publisher\":{\"@id\":\"https:\/\/evertonfc.cz\/#organization\"},\"image\":{\"@id\":\"https:\/\/evertonfc.cz\/index.php\/2017\/09\/14\/el-preview-atalanta-bergamo-everton\/#primaryimage\"},\"thumbnailUrl\":\"https:\/\/evertonfc.cz\/wp-content\/uploads\/2019\/01\/preview.jpg\",\"articleSection\":[\"Z\u00e1pasy\"],\"inLanguage\":\"cs\",\"potentialAction\":[{\"@type\":\"CommentAction\",\"name\":\"Comment\",\"target\":[\"https:\/\/evertonfc.cz\/index.php\/2017\/09\/14\/el-preview-atalanta-bergamo-everton\/#respond\"]}]},{\"@type\":\"WebPage\",\"@id\":\"https:\/\/evertonfc.cz\/index.php\/2017\/09\/14\/el-preview-atalanta-bergamo-everton\/\",\"url\":\"https:\/\/evertonfc.cz\/index.php\/2017\/09\/14\/el-preview-atalanta-bergamo-everton\/\",\"name\":\"EL Preview: Atalanta Bergamo - Everton - Official Czech &amp; Slovak Everton Supporters&#039; Club\",\"isPartOf\":{\"@id\":\"https:\/\/evertonfc.cz\/#website\"},\"primaryImageOfPage\":{\"@id\":\"https:\/\/evertonfc.cz\/index.php\/2017\/09\/14\/el-preview-atalanta-bergamo-everton\/#primaryimage\"},\"image\":{\"@id\":\"https:\/\/evertonfc.cz\/index.php\/2017\/09\/14\/el-preview-atalanta-bergamo-everton\/#primaryimage\"},\"thumbnailUrl\":\"https:\/\/evertonfc.cz\/wp-content\/uploads\/2019\/01\/preview.jpg\",\"datePublished\":\"2017-09-14T21:00:09+00:00\",\"dateModified\":\"2019-02-09T17:52:35+00:00\",\"breadcrumb\":{\"@id\":\"https:\/\/evertonfc.cz\/index.php\/2017\/09\/14\/el-preview-atalanta-bergamo-everton\/#breadcrumb\"},\"inLanguage\":\"cs\",\"potentialAction\":[{\"@type\":\"ReadAction\",\"target\":[\"https:\/\/evertonfc.cz\/index.php\/2017\/09\/14\/el-preview-atalanta-bergamo-everton\/\"]}]},{\"@type\":\"ImageObject\",\"inLanguage\":\"cs\",\"@id\":\"https:\/\/evertonfc.cz\/index.php\/2017\/09\/14\/el-preview-atalanta-bergamo-everton\/#primaryimage\",\"url\":\"https:\/\/evertonfc.cz\/wp-content\/uploads\/2019\/01\/preview.jpg\",\"contentUrl\":\"https:\/\/evertonfc.cz\/wp-content\/uploads\/2019\/01\/preview.jpg\",\"width\":720,\"height\":405},{\"@type\":\"BreadcrumbList\",\"@id\":\"https:\/\/evertonfc.cz\/index.php\/2017\/09\/14\/el-preview-atalanta-bergamo-everton\/#breadcrumb\",\"itemListElement\":[{\"@type\":\"ListItem\",\"position\":1,\"name\":\"Home\",\"item\":\"https:\/\/evertonfc.cz\/\"},{\"@type\":\"ListItem\",\"position\":2,\"name\":\"EL Preview: Atalanta Bergamo &#8211; Everton\"}]},{\"@type\":\"WebSite\",\"@id\":\"https:\/\/evertonfc.cz\/#website\",\"url\":\"https:\/\/evertonfc.cz\/\",\"name\":\"Official Czech &amp; Slovak Everton Supporters&#039; Club\",\"description\":\"\",\"publisher\":{\"@id\":\"https:\/\/evertonfc.cz\/#organization\"},\"potentialAction\":[{\"@type\":\"SearchAction\",\"target\":{\"@type\":\"EntryPoint\",\"urlTemplate\":\"https:\/\/evertonfc.cz\/?s={search_term_string}\"},\"query-input\":{\"@type\":\"PropertyValueSpecification\",\"valueRequired\":true,\"valueName\":\"search_term_string\"}}],\"inLanguage\":\"cs\"},{\"@type\":\"Organization\",\"@id\":\"https:\/\/evertonfc.cz\/#organization\",\"name\":\"Official Czech & Slovak Everton Supporters' Club\",\"url\":\"https:\/\/evertonfc.cz\/\",\"logo\":{\"@type\":\"ImageObject\",\"inLanguage\":\"cs\",\"@id\":\"https:\/\/evertonfc.cz\/#\/schema\/logo\/image\/\",\"url\":\"https:\/\/evertonfc.cz\/wp-content\/uploads\/2019\/05\/logo.png\",\"contentUrl\":\"https:\/\/evertonfc.cz\/wp-content\/uploads\/2019\/05\/logo.png\",\"width\":112,\"height\":112,\"caption\":\"Official Czech & Slovak Everton Supporters' Club\"},\"image\":{\"@id\":\"https:\/\/evertonfc.cz\/#\/schema\/logo\/image\/\"},\"sameAs\":[\"https:\/\/www.facebook.com\/everton.fans.cz.sk\"]},{\"@type\":\"Person\",\"@id\":\"https:\/\/evertonfc.cz\/#\/schema\/person\/d4493b8cbea51532597fbc4685698916\",\"name\":\"BlueBlooded\",\"url\":\"https:\/\/evertonfc.cz\/index.php\/author\/admin\/\"}]}<\/script>\n<!-- \/ Yoast SEO plugin. -->","yoast_head_json":{"title":"EL Preview: Atalanta Bergamo - Everton - Official Czech &amp; Slovak Everton Supporters&#039; Club","robots":{"index":"index","follow":"follow","max-snippet":"max-snippet:-1","max-image-preview":"max-image-preview:large","max-video-preview":"max-video-preview:-1"},"canonical":"https:\/\/evertonfc.cz\/index.php\/2017\/09\/14\/el-preview-atalanta-bergamo-everton\/","og_locale":"cs_CZ","og_type":"article","og_title":"EL Preview: Atalanta Bergamo - Everton - Official Czech &amp; Slovak Everton Supporters&#039; Club","og_description":"Skupinov\u00e1 f\u00e1za je tu a\u00a0s\u00a0\u0148ou aj \u0161anca pre Toffees, na patri\u010dn\u00fa reakciu po klesaj\u00facich v\u00fdkonoch v\u00a0dom\u00e1cej s\u00fa\u0165a\u017ei. Ako s\u00faper sa&hellip;","og_url":"https:\/\/evertonfc.cz\/index.php\/2017\/09\/14\/el-preview-atalanta-bergamo-everton\/","og_site_name":"Official Czech &amp; Slovak Everton Supporters&#039; Club","article_publisher":"https:\/\/www.facebook.com\/everton.fans.cz.sk","article_published_time":"2017-09-14T21:00:09+00:00","article_modified_time":"2019-02-09T17:52:35+00:00","og_image":[{"width":720,"height":405,"url":"https:\/\/evertonfc.cz\/wp-content\/uploads\/2019\/01\/preview.jpg","type":"image\/jpeg"}],"author":"BlueBlooded","twitter_card":"summary_large_image","twitter_misc":{"Napsal(a)":"BlueBlooded","Odhadovan\u00e1 doba \u010dten\u00ed":"5 minut"},"schema":{"@context":"https:\/\/schema.org","@graph":[{"@type":"Article","@id":"https:\/\/evertonfc.cz\/index.php\/2017\/09\/14\/el-preview-atalanta-bergamo-everton\/#article","isPartOf":{"@id":"https:\/\/evertonfc.cz\/index.php\/2017\/09\/14\/el-preview-atalanta-bergamo-everton\/"},"author":{"name":"BlueBlooded","@id":"https:\/\/evertonfc.cz\/#\/schema\/person\/d4493b8cbea51532597fbc4685698916"},"headline":"EL Preview: Atalanta Bergamo &#8211; Everton","datePublished":"2017-09-14T21:00:09+00:00","dateModified":"2019-02-09T17:52:35+00:00","mainEntityOfPage":{"@id":"https:\/\/evertonfc.cz\/index.php\/2017\/09\/14\/el-preview-atalanta-bergamo-everton\/"},"wordCount":1105,"commentCount":0,"publisher":{"@id":"https:\/\/evertonfc.cz\/#organization"},"image":{"@id":"https:\/\/evertonfc.cz\/index.php\/2017\/09\/14\/el-preview-atalanta-bergamo-everton\/#primaryimage"},"thumbnailUrl":"https:\/\/evertonfc.cz\/wp-content\/uploads\/2019\/01\/preview.jpg","articleSection":["Z\u00e1pasy"],"inLanguage":"cs","potentialAction":[{"@type":"CommentAction","name":"Comment","target":["https:\/\/evertonfc.cz\/index.php\/2017\/09\/14\/el-preview-atalanta-bergamo-everton\/#respond"]}]},{"@type":"WebPage","@id":"https:\/\/evertonfc.cz\/index.php\/2017\/09\/14\/el-preview-atalanta-bergamo-everton\/","url":"https:\/\/evertonfc.cz\/index.php\/2017\/09\/14\/el-preview-atalanta-bergamo-everton\/","name":"EL Preview: Atalanta Bergamo - Everton - Official Czech &amp; Slovak Everton Supporters&#039; Club","isPartOf":{"@id":"https:\/\/evertonfc.cz\/#website"},"primaryImageOfPage":{"@id":"https:\/\/evertonfc.cz\/index.php\/2017\/09\/14\/el-preview-atalanta-bergamo-everton\/#primaryimage"},"image":{"@id":"https:\/\/evertonfc.cz\/index.php\/2017\/09\/14\/el-preview-atalanta-bergamo-everton\/#primaryimage"},"thumbnailUrl":"https:\/\/evertonfc.cz\/wp-content\/uploads\/2019\/01\/preview.jpg","datePublished":"2017-09-14T21:00:09+00:00","dateModified":"2019-02-09T17:52:35+00:00","breadcrumb":{"@id":"https:\/\/evertonfc.cz\/index.php\/2017\/09\/14\/el-preview-atalanta-bergamo-everton\/#breadcrumb"},"inLanguage":"cs","potentialAction":[{"@type":"ReadAction","target":["https:\/\/evertonfc.cz\/index.php\/2017\/09\/14\/el-preview-atalanta-bergamo-everton\/"]}]},{"@type":"ImageObject","inLanguage":"cs","@id":"https:\/\/evertonfc.cz\/index.php\/2017\/09\/14\/el-preview-atalanta-bergamo-everton\/#primaryimage","url":"https:\/\/evertonfc.cz\/wp-content\/uploads\/2019\/01\/preview.jpg","contentUrl":"https:\/\/evertonfc.cz\/wp-content\/uploads\/2019\/01\/preview.jpg","width":720,"height":405},{"@type":"BreadcrumbList","@id":"https:\/\/evertonfc.cz\/index.php\/2017\/09\/14\/el-preview-atalanta-bergamo-everton\/#breadcrumb","itemListElement":[{"@type":"ListItem","position":1,"name":"Home","item":"https:\/\/evertonfc.cz\/"},{"@type":"ListItem","position":2,"name":"EL Preview: Atalanta Bergamo &#8211; Everton"}]},{"@type":"WebSite","@id":"https:\/\/evertonfc.cz\/#website","url":"https:\/\/evertonfc.cz\/","name":"Official Czech &amp; Slovak Everton Supporters&#039; Club","description":"","publisher":{"@id":"https:\/\/evertonfc.cz\/#organization"},"potentialAction":[{"@type":"SearchAction","target":{"@type":"EntryPoint","urlTemplate":"https:\/\/evertonfc.cz\/?s={search_term_string}"},"query-input":{"@type":"PropertyValueSpecification","valueRequired":true,"valueName":"search_term_string"}}],"inLanguage":"cs"},{"@type":"Organization","@id":"https:\/\/evertonfc.cz\/#organization","name":"Official Czech & Slovak Everton Supporters' Club","url":"https:\/\/evertonfc.cz\/","logo":{"@type":"ImageObject","inLanguage":"cs","@id":"https:\/\/evertonfc.cz\/#\/schema\/logo\/image\/","url":"https:\/\/evertonfc.cz\/wp-content\/uploads\/2019\/05\/logo.png","contentUrl":"https:\/\/evertonfc.cz\/wp-content\/uploads\/2019\/05\/logo.png","width":112,"height":112,"caption":"Official Czech & Slovak Everton Supporters' Club"},"image":{"@id":"https:\/\/evertonfc.cz\/#\/schema\/logo\/image\/"},"sameAs":["https:\/\/www.facebook.com\/everton.fans.cz.sk"]},{"@type":"Person","@id":"https:\/\/evertonfc.cz\/#\/schema\/person\/d4493b8cbea51532597fbc4685698916","name":"BlueBlooded","url":"https:\/\/evertonfc.cz\/index.php\/author\/admin\/"}]}},"_links":{"self":[{"href":"https:\/\/evertonfc.cz\/index.php\/wp-json\/wp\/v2\/posts\/2573"}],"collection":[{"href":"https:\/\/evertonfc.cz\/index.php\/wp-json\/wp\/v2\/posts"}],"about":[{"href":"https:\/\/evertonfc.cz\/index.php\/wp-json\/wp\/v2\/types\/post"}],"author":[{"embeddable":true,"href":"https:\/\/evertonfc.cz\/index.php\/wp-json\/wp\/v2\/users\/1"}],"replies":[{"embeddable":true,"href":"https:\/\/evertonfc.cz\/index.php\/wp-json\/wp\/v2\/comments?post=2573"}],"version-history":[{"count":3,"href":"https:\/\/evertonfc.cz\/index.php\/wp-json\/wp\/v2\/posts\/2573\/revisions"}],"predecessor-version":[{"id":2616,"href":"https:\/\/evertonfc.cz\/index.php\/wp-json\/wp\/v2\/posts\/2573\/revisions\/2616"}],"wp:featuredmedia":[{"embeddable":true,"href":"https:\/\/evertonfc.cz\/index.php\/wp-json\/wp\/v2\/media\/1314"}],"wp:attachment":[{"href":"https:\/\/evertonfc.cz\/index.php\/wp-json\/wp\/v2\/media?parent=2573"}],"wp:term":[{"taxonomy":"category","embeddable":true,"href":"https:\/\/evertonfc.cz\/index.php\/wp-json\/wp\/v2\/categories?post=2573"},{"taxonomy":"post_tag","embeddable":true,"href":"https:\/\/evertonfc.cz\/index.php\/wp-json\/wp\/v2\/tags?post=2573"}],"curies":[{"name":"wp","href":"https:\/\/api.w.org\/{rel}","templated":true}]}}