{"id":25739,"date":"2024-12-11T22:04:56","date_gmt":"2024-12-11T21:04:56","guid":{"rendered":"https:\/\/evertonfc.cz\/?p=25739"},"modified":"2024-12-12T10:38:53","modified_gmt":"2024-12-12T09:38:53","slug":"tottenham-w-everton-w-21","status":"publish","type":"post","link":"https:\/\/evertonfc.cz\/index.php\/2024\/12\/11\/tottenham-w-everton-w-21\/","title":{"rendered":"Tottenham W &#8211; Everton W 2:1"},"content":{"rendered":"<h4>V\u00edt\u011bzstv\u00ed v derby n\u00e1s namlsalo a za\u010dali jsme se poohl\u00ed\u017eet po mo\u017enosti, kde sehnat dal\u0161\u00ed t\u0159i body. A Tottenham se zd\u00e1l b\u00fdt i pro n\u00e1s hrateln\u00fd.<\/h4>\n<p>Tottenham o jeden bod a dv\u011b m\u00edsta v tabulce p\u0159ed n\u00e1mi a nav\u00edc s n\u011bjd\u011brav\u011bj\u0161\u00ed obranou v lize se zd\u00e1l b\u00fdt vhodn\u00fdm kandid\u00e1tem k na\u0161emu dal\u0161\u00edmu bodov\u00e9mu zisku. Nav\u00edc s n\u00edm m\u00e1me dlouhodob\u011b velmi pozitivn\u00ed bilanci: p\u0159ed z\u00e1pasem to bylo\u00a0 p\u011bt v\u00edte\u017estv\u00ed, p\u011bt rem\u00edz a jen jedna por\u00e1\u017eka. P\u0159\u00edzniv\u00fdm znamen\u00edm bylo i uzdraven\u00ed se Elise Stenevik a navzdory chmurn\u00fdm p\u0159edpov\u011bd\u00edm byla k dispozici i Veatriki Sarri zotaviv\u0161\u00ed se z nemoci a Hether Payne po svalov\u00e9m zran\u011bn\u00ed z pln\u011bn\u00ed reprezenta\u010dn\u00edch povinnost\u00ed. Na tr\u00e9ninkov\u00e9m h\u0159i\u0161i se poprv\u00e9 od l\u00e9ta objevila i Karen Holmgaard, nicm\u00e9n\u011b k pln\u00e9mu z\u00e1pasov\u00e9mu nasazen\u00ed j\u00ed je\u0161t\u011b zb\u00fdv\u00e1 urazit kus cesty.<\/p>\n<h4><strong>Za\u010d\u00e1tek dobr\u00fd, ale pak u\u017e zase ne<\/strong><\/h4>\n<p>Na h\u0159i\u0161ti Leytonu Orient, kde maj\u00ed svou dom\u00e1c\u00ed kuka\u0148 \u017eeny Spurs jsme za\u010dli ost\u0159e. Prvn\u00edch p\u011bt minut pat\u0159ilo na\u0161im barv\u00e1m a d\u011blovka Lawley spoza v\u00e1pna vyprovokovala Heeps v brance dom\u00e1c\u00edch k jej\u00edmu prvn\u00edmu seri\u00f3zn\u00edmu z\u00e1sahu ve WSL. Tento n\u00e1\u0161 tlak byla ale kr\u00e1tkodech\u00fd. Zakr\u00e1tko n\u00e1s b\u011blostn\u00e9 za\u010daly p\u0159ehr\u00e1vat hravn\u011b ve st\u0159edu h\u0159i\u0161t\u011b a d\u00edky sna\u017een\u00ed Neville a Naz za\u010dal do na\u0161eho v\u00e1pna l\u00e9tat jeden kros za druh\u00fdm. England se n\u011bkolikr\u00e1t pokou\u0161ela hlavi\u010dkovat, na\u0161t\u011bst\u00ed jej\u00ed snahy kon\u010dily vesm\u011bs mimo nebo v n\u00e1ru\u010di Brosnan. Na\u0161e obrana se \u0161t\u011bst\u00edm odol\u00e1vala. Na lev\u00e9 stran\u011b obrany odv\u00e1d\u011bla dobrou pr\u00e1ci Sara Holmgaard, kter\u00e1 nev\u00e1hala vyu\u017e\u00edt sv\u00e9 fyzick\u00e9 p\u0159evahy nad drobnou Raso a vesm\u011bs se j\u00ed da\u0159ilo hbit\u00e9 Australance jej\u00ed n\u00e1b\u011bhy na k\u0159\u00eddle siln\u011b znep\u0159\u00edjemnit.<\/p>\n<h4>Prohr\u00e1v\u00e1me a vyrovn\u00e1v\u00e1me<\/h4>\n<p>v p\u011btadvac\u00e1t\u00e9 minut\u011b bylo zle. Brosnan sice odvr\u00e1tila st\u0159elu Thomas, ale dor\u00e1\u017eka England u\u017e tentokr\u00e1t pro\u0161la a\u017e do na\u0161\u00ed s\u00edt\u011b &#8211; <strong>1:0<\/strong>. A nemuselo z\u016fstat jen u tohoto g\u00f3lu, proto\u017ee tlak Spurs neust\u00e1val. P\u0159est\u00e1vali jsme st\u00edhat tempo dom\u00e1c\u00edch a jen mal\u00fd d\u016fraz, kter\u00fd Raso vlo\u017eila do sv\u00fdch st\u0159el a pohotov\u00e1 Brosnan dr\u017eeli sk\u00f3re na rozd\u00edlu jednoho g\u00f3lu. S\u00f8rensen zareagoval st\u0159\u00edd\u00e1n\u00edm, kdy nam\u00edsto Lawley a Olesen dorazily Sarri a Stenevik a na\u0161\u00ed h\u0159e to trochu pomohlo. Zakr\u00e1tko Snoeijs v\u00fdborn\u011b odstavila od m\u00ed\u010de Naz a poslala dop\u0159edu Saru Holmgaard, kter\u00e1 kr\u00e1snou dalekonosnou st\u0159elou vyrovnala &#8211; <strong>1:1<\/strong>.<\/p>\n<h4>Za triko tahati = nep\u0159\u00edjemnost<\/h4>\n<p>Pokud jsme se t\u011b\u0161ili na druhou p\u016fli, \u017ee srovn\u00e1me, tak ne. Naopak hned v \u00favodn\u00ed minut\u011b po rozehr\u00e1n\u00ed rohu darovala rozhod\u010d\u00ed dom\u00e1c\u00edm penaltu. O d\u016fvodech trestn\u00e9ho kopu mohli fanou\u0161ci i koment\u00e1tor p\u0159em\u00fd\u0161let nad opakovan\u00fdmi zpomalen\u00fdmi z\u00e1b\u011bry a veskrze marn\u011b. Ne\u00faprosn\u00fd z\u00e1kon Jing a Jang takto srovnal na\u0161\u00ed penaltu v derby, i kdy\u017e tahle byla z kategore &#8222;Super soft&#8220;. D\u016fvodem nejsp\u00ed\u0161 bylo zatah\u00e1n\u00ed za triko, kter\u00fdm se p\u0159i br\u00e1n\u011bn\u00ed rohu provinila Heather Payne. M\u00ed\u010d si na punt\u00edk postavila England a z p\u0159ehledem zv\u00fd\u0161ila na <strong>2:1<\/strong>.<\/p>\n<h4>Hra se vyrovn\u00e1v\u00e1, ale nikam to nevede<\/h4>\n<p>Pokud Liliwhites v prvn\u00ed p\u016fli dominovaly, tak lze \u0159\u00edci, \u017ee po polo\u010dase se hra celkem srovnala. Ale k ni\u010demu kloudn\u00e9mu to nevedlo ani na jedn\u00e9 stran\u011b. Raso se p\u0159esunula doleva, kde celkem \u00fasp\u011b\u0161n\u011b terorizovala Vanhaervermaed. Na\u0161t\u011bst\u00ed jej\u00ed st\u0159ely byl slab\u00e9 a fin\u00e1ln\u00ed p\u0159ihr\u00e1vky nep\u0159esn\u00e9. My jsme promarnili n\u011bkolik nad\u011bjn\u00fdch roh\u016f a dva p\u0159\u00edm\u00e1ky. Ani p\u0159\u00edchod Bisell a Toni Payne n\u00e1\u0161 \u00fatok nezlep\u0161il. Skute\u010dn\u00e9 \u0161ance p\u0159i\u0161ly a\u017e v prodlou\u017een\u00e9m \u010dase. Za n\u00e1s mohla vyrovnat Sarri, ale jej\u00ed st\u0159elu Heeps lapila. Na druh\u00e9 stran\u011b vz\u00e1p\u011bt\u00ed p\u0159ekazila Brosnan hroz\u00edc\u00ed premierov\u00fd g\u00f3l Gunning-Williams. Na na\u0161\u00ed t\u011bsn\u00e9 por\u00e1\u017ece se tak u\u017e nic nezm\u011bnilo.<\/p>\n<h4>Shrnut\u00ed<\/h4>\n<p>Des\u00e1t\u00e9 m\u00edsto, \u0161est bod\u016f, bod rezerva od sestupov\u00e9ho p\u00e1sma a o sk\u00f3re za Villans. To je v kr\u00e1tkosti v\u00fdsledek dosavadn\u00edho pr\u016fb\u011bhu sez\u00f3ny. Obraz hry sest\u00e1vaj\u00edc\u00ed se ze dvou rozd\u00edln\u00fdch polo\u010das\u016f se tak\u00e9 moc nem\u011bn\u00ed a na\u0161e miziv\u00e1 g\u00f3lov\u00e1 produktivita je za\u010d\u00edn\u00e1 st\u00e1vat pov\u011bstnou. Letos bylo zat\u00edm po dev\u00edti kolech v cel\u00e9 WSL vst\u0159eleno celkem 157 branek, pr\u016fm\u011br je 2, 09 branky na z\u00e1pas. My jsme k tomuto \u010d\u00edslu p\u0159isp\u011bli 4 g\u00f3ly, \u010d\u00edm\u017e jsme dos\u00e1hli pr\u016fm\u011bru 0,44 g\u00f3lu na z\u00e1pas. Zat\u00edm nejlep\u0161\u00ed st\u0159elkyn\u011b WSL Khadija Shaw dok\u00e1zala za stejnou dobu sk\u00f3rovat 9x. A tuto ned\u011bli j\u00ed m\u016f\u017eeme pozorovat v akci na na\u0161em dom\u00e1c\u00edm stadionu, proto\u017ee k n\u00e1m p\u0159ijedou Citizens. N\u011bjak\u00e9 ot\u00e1zky? <strong><span style=\"color: #0000ff;\">COYB!<\/span><\/strong><\/p>\n<p style=\"text-align: right;\"><em><span style=\"font-size: 10pt;\">Fotografie: Heather Payne a Jesssica Naz (zdroj: GettyImages via roayalbluemersey.sbnation.com)\u00a0<\/span><\/em><\/p>\n<p><strong>G\u00f3ly:<\/strong> England (25\u00b4, 48\u00b4 &#8211; penalta),\u00a0 &#8211; S. Holmgaard (40\u00b4)\u00a0 <strong>\u017dK:<\/strong> Naz &#8211; S. Holmgaard<\/p>\n<p><strong>Spurs (4-4-2):\u00a0<\/strong>Heeps; Neville, B<span class=\"visually-hidden ssrcss-1f39n02-VisuallyHidden e16en2lz0\">artrip, <\/span><span class=\"visually-hidden ssrcss-1f39n02-VisuallyHidden e16en2lz0\">Hunt, <\/span><span class=\"visually-hidden ssrcss-1f39n02-VisuallyHidden e16en2lz0\">Nild\u00e9n; <\/span>Naz (Gunning-Williams 94&#8242;), <span class=\"visually-hidden ssrcss-1f39n02-VisuallyHidden e16en2lz0\">Summanen (Ahtinen 94&#8242;), <\/span><span class=\"visually-hidden ssrcss-1f39n02-VisuallyHidden e16en2lz0\">Spence, <\/span><span class=\"visually-hidden ssrcss-1f39n02-VisuallyHidden e16en2lz0\">Raso (Vinberg 82&#8242;); England, Thomas (Maite Oroz 61&#8242;)<\/span><\/p>\n<p><strong>Toffees (4-2-3-1):<\/strong> Brosnan; Hope, <span class=\"visually-hidden ssrcss-1f39n02-VisuallyHidden e16en2lz0\">Vanhaevermaet, <\/span><span class=\"visually-hidden ssrcss-1f39n02-VisuallyHidden e16en2lz0\">Finnigan, S. <\/span>Holmgaard (T. Payne 81\u00b4); Wheeler, Hayashi; Olesen (Sarri 37\u00b4), Lawley (Stenevik 37\u00b4), H. Payne (Bissell 81\u00b4); Snoeijs (Hobson 87\u00b4)<\/p>\n<p><strong>Rozhod\u010d\u00ed:<\/strong> Amy Fearns\u00a0 <strong>Div\u00e1ci:<\/strong> 918 (Brisbane Road)<\/p>\n<p><iframe loading=\"lazy\" title=\"Full Match: Tottenham Hotspur v Everton | Barclays WSL 2024-25\" width=\"1140\" height=\"641\" src=\"https:\/\/www.youtube.com\/embed\/q9Niifo9oYo?feature=oembed\" frameborder=\"0\" allow=\"accelerometer; autoplay; clipboard-write; encrypted-media; gyroscope; picture-in-picture; web-share\" referrerpolicy=\"strict-origin-when-cross-origin\" allowfullscreen><\/iframe><\/p>\n","protected":false},"excerpt":{"rendered":"<p>V\u00edt\u011bzstv\u00ed v derby n\u00e1s namlsalo a za\u010dali jsme se poohl\u00ed\u017eet po mo\u017enosti, kde sehnat dal\u0161\u00ed t\u0159i body. A Tottenham se zd\u00e1l b\u00fdt i pro n\u00e1s hrateln\u00fd.<\/p>\n","protected":false},"author":26,"featured_media":25754,"comment_status":"open","ping_status":"closed","sticky":false,"template":"","format":"standard","meta":{"_eb_attr":"","_monsterinsights_skip_tracking":false,"_monsterinsights_sitenote_active":false,"_monsterinsights_sitenote_note":"","_monsterinsights_sitenote_category":0,"footnotes":""},"categories":[110],"tags":[],"yoast_head":"<!-- This site is optimized with the Yoast SEO plugin v23.4 - https:\/\/yoast.com\/wordpress\/plugins\/seo\/ -->\n<title>Tottenham W - Everton W 2:1 - Official Czech &amp; Slovak Everton Supporters&#039; Club<\/title>\n<meta name=\"robots\" content=\"index, follow, max-snippet:-1, max-image-preview:large, max-video-preview:-1\" \/>\n<link rel=\"canonical\" href=\"https:\/\/evertonfc.cz\/index.php\/2024\/12\/11\/tottenham-w-everton-w-21\/\" \/>\n<meta property=\"og:locale\" content=\"cs_CZ\" \/>\n<meta property=\"og:type\" content=\"article\" \/>\n<meta property=\"og:title\" content=\"Tottenham W - Everton W 2:1 - Official Czech &amp; Slovak Everton Supporters&#039; Club\" \/>\n<meta property=\"og:description\" content=\"V\u00edt\u011bzstv\u00ed v derby n\u00e1s namlsalo a za\u010dali jsme se poohl\u00ed\u017eet po mo\u017enosti, kde sehnat dal\u0161\u00ed t\u0159i body. A Tottenham se zd\u00e1l b\u00fdt i pro n\u00e1s hrateln\u00fd.\" \/>\n<meta property=\"og:url\" content=\"https:\/\/evertonfc.cz\/index.php\/2024\/12\/11\/tottenham-w-everton-w-21\/\" \/>\n<meta property=\"og:site_name\" content=\"Official Czech &amp; Slovak Everton Supporters&#039; Club\" \/>\n<meta property=\"article:publisher\" content=\"https:\/\/www.facebook.com\/everton.fans.cz.sk\" \/>\n<meta property=\"article:published_time\" content=\"2024-12-11T21:04:56+00:00\" \/>\n<meta property=\"article:modified_time\" content=\"2024-12-12T09:38:53+00:00\" \/>\n<meta property=\"og:image\" content=\"https:\/\/evertonfc.cz\/wp-content\/uploads\/2024\/12\/Payne-vs-Naz-web-8_12_2024.jpg\" \/>\n\t<meta property=\"og:image:width\" content=\"720\" \/>\n\t<meta property=\"og:image:height\" content=\"405\" \/>\n\t<meta property=\"og:image:type\" content=\"image\/jpeg\" \/>\n<meta name=\"author\" content=\"Karamela\" \/>\n<meta name=\"twitter:card\" content=\"summary_large_image\" \/>\n<meta name=\"twitter:label1\" content=\"Napsal(a)\" \/>\n\t<meta name=\"twitter:data1\" content=\"Karamela\" \/>\n\t<meta name=\"twitter:label2\" content=\"Odhadovan\u00e1 doba \u010dten\u00ed\" \/>\n\t<meta name=\"twitter:data2\" content=\"5 minut\" \/>\n<script type=\"application\/ld+json\" class=\"yoast-schema-graph\">{\"@context\":\"https:\/\/schema.org\",\"@graph\":[{\"@type\":\"Article\",\"@id\":\"https:\/\/evertonfc.cz\/index.php\/2024\/12\/11\/tottenham-w-everton-w-21\/#article\",\"isPartOf\":{\"@id\":\"https:\/\/evertonfc.cz\/index.php\/2024\/12\/11\/tottenham-w-everton-w-21\/\"},\"author\":{\"name\":\"Karamela\",\"@id\":\"https:\/\/evertonfc.cz\/#\/schema\/person\/e9a24a80a32efa1344dd2c4e5882185c\"},\"headline\":\"Tottenham W &#8211; Everton W 2:1\",\"datePublished\":\"2024-12-11T21:04:56+00:00\",\"dateModified\":\"2024-12-12T09:38:53+00:00\",\"mainEntityOfPage\":{\"@id\":\"https:\/\/evertonfc.cz\/index.php\/2024\/12\/11\/tottenham-w-everton-w-21\/\"},\"wordCount\":1016,\"commentCount\":2,\"publisher\":{\"@id\":\"https:\/\/evertonfc.cz\/#organization\"},\"image\":{\"@id\":\"https:\/\/evertonfc.cz\/index.php\/2024\/12\/11\/tottenham-w-everton-w-21\/#primaryimage\"},\"thumbnailUrl\":\"https:\/\/evertonfc.cz\/wp-content\/uploads\/2024\/12\/Payne-vs-Naz-web-8_12_2024.jpg\",\"articleSection\":[\"Everton Women\"],\"inLanguage\":\"cs\",\"potentialAction\":[{\"@type\":\"CommentAction\",\"name\":\"Comment\",\"target\":[\"https:\/\/evertonfc.cz\/index.php\/2024\/12\/11\/tottenham-w-everton-w-21\/#respond\"]}]},{\"@type\":\"WebPage\",\"@id\":\"https:\/\/evertonfc.cz\/index.php\/2024\/12\/11\/tottenham-w-everton-w-21\/\",\"url\":\"https:\/\/evertonfc.cz\/index.php\/2024\/12\/11\/tottenham-w-everton-w-21\/\",\"name\":\"Tottenham W - Everton W 2:1 - Official Czech &amp; Slovak Everton Supporters&#039; Club\",\"isPartOf\":{\"@id\":\"https:\/\/evertonfc.cz\/#website\"},\"primaryImageOfPage\":{\"@id\":\"https:\/\/evertonfc.cz\/index.php\/2024\/12\/11\/tottenham-w-everton-w-21\/#primaryimage\"},\"image\":{\"@id\":\"https:\/\/evertonfc.cz\/index.php\/2024\/12\/11\/tottenham-w-everton-w-21\/#primaryimage\"},\"thumbnailUrl\":\"https:\/\/evertonfc.cz\/wp-content\/uploads\/2024\/12\/Payne-vs-Naz-web-8_12_2024.jpg\",\"datePublished\":\"2024-12-11T21:04:56+00:00\",\"dateModified\":\"2024-12-12T09:38:53+00:00\",\"breadcrumb\":{\"@id\":\"https:\/\/evertonfc.cz\/index.php\/2024\/12\/11\/tottenham-w-everton-w-21\/#breadcrumb\"},\"inLanguage\":\"cs\",\"potentialAction\":[{\"@type\":\"ReadAction\",\"target\":[\"https:\/\/evertonfc.cz\/index.php\/2024\/12\/11\/tottenham-w-everton-w-21\/\"]}]},{\"@type\":\"ImageObject\",\"inLanguage\":\"cs\",\"@id\":\"https:\/\/evertonfc.cz\/index.php\/2024\/12\/11\/tottenham-w-everton-w-21\/#primaryimage\",\"url\":\"https:\/\/evertonfc.cz\/wp-content\/uploads\/2024\/12\/Payne-vs-Naz-web-8_12_2024.jpg\",\"contentUrl\":\"https:\/\/evertonfc.cz\/wp-content\/uploads\/2024\/12\/Payne-vs-Naz-web-8_12_2024.jpg\",\"width\":720,\"height\":405},{\"@type\":\"BreadcrumbList\",\"@id\":\"https:\/\/evertonfc.cz\/index.php\/2024\/12\/11\/tottenham-w-everton-w-21\/#breadcrumb\",\"itemListElement\":[{\"@type\":\"ListItem\",\"position\":1,\"name\":\"Home\",\"item\":\"https:\/\/evertonfc.cz\/\"},{\"@type\":\"ListItem\",\"position\":2,\"name\":\"Tottenham W &#8211; Everton W 2:1\"}]},{\"@type\":\"WebSite\",\"@id\":\"https:\/\/evertonfc.cz\/#website\",\"url\":\"https:\/\/evertonfc.cz\/\",\"name\":\"Official Czech &amp; Slovak Everton Supporters&#039; Club\",\"description\":\"\",\"publisher\":{\"@id\":\"https:\/\/evertonfc.cz\/#organization\"},\"potentialAction\":[{\"@type\":\"SearchAction\",\"target\":{\"@type\":\"EntryPoint\",\"urlTemplate\":\"https:\/\/evertonfc.cz\/?s={search_term_string}\"},\"query-input\":{\"@type\":\"PropertyValueSpecification\",\"valueRequired\":true,\"valueName\":\"search_term_string\"}}],\"inLanguage\":\"cs\"},{\"@type\":\"Organization\",\"@id\":\"https:\/\/evertonfc.cz\/#organization\",\"name\":\"Official Czech & Slovak Everton Supporters' Club\",\"url\":\"https:\/\/evertonfc.cz\/\",\"logo\":{\"@type\":\"ImageObject\",\"inLanguage\":\"cs\",\"@id\":\"https:\/\/evertonfc.cz\/#\/schema\/logo\/image\/\",\"url\":\"https:\/\/evertonfc.cz\/wp-content\/uploads\/2019\/05\/logo.png\",\"contentUrl\":\"https:\/\/evertonfc.cz\/wp-content\/uploads\/2019\/05\/logo.png\",\"width\":112,\"height\":112,\"caption\":\"Official Czech & Slovak Everton Supporters' Club\"},\"image\":{\"@id\":\"https:\/\/evertonfc.cz\/#\/schema\/logo\/image\/\"},\"sameAs\":[\"https:\/\/www.facebook.com\/everton.fans.cz.sk\"]},{\"@type\":\"Person\",\"@id\":\"https:\/\/evertonfc.cz\/#\/schema\/person\/e9a24a80a32efa1344dd2c4e5882185c\",\"name\":\"Karamela\",\"url\":\"https:\/\/evertonfc.cz\/index.php\/author\/karamela\/\"}]}<\/script>\n<!-- \/ Yoast SEO plugin. -->","yoast_head_json":{"title":"Tottenham W - Everton W 2:1 - Official Czech &amp; Slovak Everton Supporters&#039; Club","robots":{"index":"index","follow":"follow","max-snippet":"max-snippet:-1","max-image-preview":"max-image-preview:large","max-video-preview":"max-video-preview:-1"},"canonical":"https:\/\/evertonfc.cz\/index.php\/2024\/12\/11\/tottenham-w-everton-w-21\/","og_locale":"cs_CZ","og_type":"article","og_title":"Tottenham W - Everton W 2:1 - Official Czech &amp; Slovak Everton Supporters&#039; Club","og_description":"V\u00edt\u011bzstv\u00ed v derby n\u00e1s namlsalo a za\u010dali jsme se poohl\u00ed\u017eet po mo\u017enosti, kde sehnat dal\u0161\u00ed t\u0159i body. A Tottenham se zd\u00e1l b\u00fdt i pro n\u00e1s hrateln\u00fd.","og_url":"https:\/\/evertonfc.cz\/index.php\/2024\/12\/11\/tottenham-w-everton-w-21\/","og_site_name":"Official Czech &amp; Slovak Everton Supporters&#039; Club","article_publisher":"https:\/\/www.facebook.com\/everton.fans.cz.sk","article_published_time":"2024-12-11T21:04:56+00:00","article_modified_time":"2024-12-12T09:38:53+00:00","og_image":[{"width":720,"height":405,"url":"https:\/\/evertonfc.cz\/wp-content\/uploads\/2024\/12\/Payne-vs-Naz-web-8_12_2024.jpg","type":"image\/jpeg"}],"author":"Karamela","twitter_card":"summary_large_image","twitter_misc":{"Napsal(a)":"Karamela","Odhadovan\u00e1 doba \u010dten\u00ed":"5 minut"},"schema":{"@context":"https:\/\/schema.org","@graph":[{"@type":"Article","@id":"https:\/\/evertonfc.cz\/index.php\/2024\/12\/11\/tottenham-w-everton-w-21\/#article","isPartOf":{"@id":"https:\/\/evertonfc.cz\/index.php\/2024\/12\/11\/tottenham-w-everton-w-21\/"},"author":{"name":"Karamela","@id":"https:\/\/evertonfc.cz\/#\/schema\/person\/e9a24a80a32efa1344dd2c4e5882185c"},"headline":"Tottenham W &#8211; Everton W 2:1","datePublished":"2024-12-11T21:04:56+00:00","dateModified":"2024-12-12T09:38:53+00:00","mainEntityOfPage":{"@id":"https:\/\/evertonfc.cz\/index.php\/2024\/12\/11\/tottenham-w-everton-w-21\/"},"wordCount":1016,"commentCount":2,"publisher":{"@id":"https:\/\/evertonfc.cz\/#organization"},"image":{"@id":"https:\/\/evertonfc.cz\/index.php\/2024\/12\/11\/tottenham-w-everton-w-21\/#primaryimage"},"thumbnailUrl":"https:\/\/evertonfc.cz\/wp-content\/uploads\/2024\/12\/Payne-vs-Naz-web-8_12_2024.jpg","articleSection":["Everton Women"],"inLanguage":"cs","potentialAction":[{"@type":"CommentAction","name":"Comment","target":["https:\/\/evertonfc.cz\/index.php\/2024\/12\/11\/tottenham-w-everton-w-21\/#respond"]}]},{"@type":"WebPage","@id":"https:\/\/evertonfc.cz\/index.php\/2024\/12\/11\/tottenham-w-everton-w-21\/","url":"https:\/\/evertonfc.cz\/index.php\/2024\/12\/11\/tottenham-w-everton-w-21\/","name":"Tottenham W - Everton W 2:1 - Official Czech &amp; Slovak Everton Supporters&#039; Club","isPartOf":{"@id":"https:\/\/evertonfc.cz\/#website"},"primaryImageOfPage":{"@id":"https:\/\/evertonfc.cz\/index.php\/2024\/12\/11\/tottenham-w-everton-w-21\/#primaryimage"},"image":{"@id":"https:\/\/evertonfc.cz\/index.php\/2024\/12\/11\/tottenham-w-everton-w-21\/#primaryimage"},"thumbnailUrl":"https:\/\/evertonfc.cz\/wp-content\/uploads\/2024\/12\/Payne-vs-Naz-web-8_12_2024.jpg","datePublished":"2024-12-11T21:04:56+00:00","dateModified":"2024-12-12T09:38:53+00:00","breadcrumb":{"@id":"https:\/\/evertonfc.cz\/index.php\/2024\/12\/11\/tottenham-w-everton-w-21\/#breadcrumb"},"inLanguage":"cs","potentialAction":[{"@type":"ReadAction","target":["https:\/\/evertonfc.cz\/index.php\/2024\/12\/11\/tottenham-w-everton-w-21\/"]}]},{"@type":"ImageObject","inLanguage":"cs","@id":"https:\/\/evertonfc.cz\/index.php\/2024\/12\/11\/tottenham-w-everton-w-21\/#primaryimage","url":"https:\/\/evertonfc.cz\/wp-content\/uploads\/2024\/12\/Payne-vs-Naz-web-8_12_2024.jpg","contentUrl":"https:\/\/evertonfc.cz\/wp-content\/uploads\/2024\/12\/Payne-vs-Naz-web-8_12_2024.jpg","width":720,"height":405},{"@type":"BreadcrumbList","@id":"https:\/\/evertonfc.cz\/index.php\/2024\/12\/11\/tottenham-w-everton-w-21\/#breadcrumb","itemListElement":[{"@type":"ListItem","position":1,"name":"Home","item":"https:\/\/evertonfc.cz\/"},{"@type":"ListItem","position":2,"name":"Tottenham W &#8211; Everton W 2:1"}]},{"@type":"WebSite","@id":"https:\/\/evertonfc.cz\/#website","url":"https:\/\/evertonfc.cz\/","name":"Official Czech &amp; Slovak Everton Supporters&#039; Club","description":"","publisher":{"@id":"https:\/\/evertonfc.cz\/#organization"},"potentialAction":[{"@type":"SearchAction","target":{"@type":"EntryPoint","urlTemplate":"https:\/\/evertonfc.cz\/?s={search_term_string}"},"query-input":{"@type":"PropertyValueSpecification","valueRequired":true,"valueName":"search_term_string"}}],"inLanguage":"cs"},{"@type":"Organization","@id":"https:\/\/evertonfc.cz\/#organization","name":"Official Czech & Slovak Everton Supporters' Club","url":"https:\/\/evertonfc.cz\/","logo":{"@type":"ImageObject","inLanguage":"cs","@id":"https:\/\/evertonfc.cz\/#\/schema\/logo\/image\/","url":"https:\/\/evertonfc.cz\/wp-content\/uploads\/2019\/05\/logo.png","contentUrl":"https:\/\/evertonfc.cz\/wp-content\/uploads\/2019\/05\/logo.png","width":112,"height":112,"caption":"Official Czech & Slovak Everton Supporters' Club"},"image":{"@id":"https:\/\/evertonfc.cz\/#\/schema\/logo\/image\/"},"sameAs":["https:\/\/www.facebook.com\/everton.fans.cz.sk"]},{"@type":"Person","@id":"https:\/\/evertonfc.cz\/#\/schema\/person\/e9a24a80a32efa1344dd2c4e5882185c","name":"Karamela","url":"https:\/\/evertonfc.cz\/index.php\/author\/karamela\/"}]}},"_links":{"self":[{"href":"https:\/\/evertonfc.cz\/index.php\/wp-json\/wp\/v2\/posts\/25739"}],"collection":[{"href":"https:\/\/evertonfc.cz\/index.php\/wp-json\/wp\/v2\/posts"}],"about":[{"href":"https:\/\/evertonfc.cz\/index.php\/wp-json\/wp\/v2\/types\/post"}],"author":[{"embeddable":true,"href":"https:\/\/evertonfc.cz\/index.php\/wp-json\/wp\/v2\/users\/26"}],"replies":[{"embeddable":true,"href":"https:\/\/evertonfc.cz\/index.php\/wp-json\/wp\/v2\/comments?post=25739"}],"version-history":[{"count":8,"href":"https:\/\/evertonfc.cz\/index.php\/wp-json\/wp\/v2\/posts\/25739\/revisions"}],"predecessor-version":[{"id":25764,"href":"https:\/\/evertonfc.cz\/index.php\/wp-json\/wp\/v2\/posts\/25739\/revisions\/25764"}],"wp:featuredmedia":[{"embeddable":true,"href":"https:\/\/evertonfc.cz\/index.php\/wp-json\/wp\/v2\/media\/25754"}],"wp:attachment":[{"href":"https:\/\/evertonfc.cz\/index.php\/wp-json\/wp\/v2\/media?parent=25739"}],"wp:term":[{"taxonomy":"category","embeddable":true,"href":"https:\/\/evertonfc.cz\/index.php\/wp-json\/wp\/v2\/categories?post=25739"},{"taxonomy":"post_tag","embeddable":true,"href":"https:\/\/evertonfc.cz\/index.php\/wp-json\/wp\/v2\/tags?post=25739"}],"curies":[{"name":"wp","href":"https:\/\/api.w.org\/{rel}","templated":true}]}}