{"id":25770,"date":"2024-12-14T11:38:38","date_gmt":"2024-12-14T10:38:38","guid":{"rendered":"https:\/\/evertonfc.cz\/?p=25770"},"modified":"2024-12-16T10:34:16","modified_gmt":"2024-12-16T09:34:16","slug":"preview-arsenal-everton-15","status":"publish","type":"post","link":"https:\/\/evertonfc.cz\/index.php\/2024\/12\/14\/preview-arsenal-everton-15\/","title":{"rendered":"Preview: Arsenal \u2013 Everton"},"content":{"rendered":"<h4>Fotbalista, ten tvrdej chleba m\u00e1. Pokud nechce obdarov\u00e1vat rodinu d\u00e1rky z\u00a0fanshopu rival\u016f, tak u\u017e mus\u00ed m\u00edt nakoupeno. V\u00e1no\u010dn\u00ed ve\u010d\u00edrky taky nebudou \u017e\u00e1dn\u00e1 divo\u010dina. A sv\u011bt\u00fdlka na bar\u00e1k abyste v\u011b\u0161eli u\u017e po haloweenu.<\/h4>\n<p>A pak jsou tady fanou\u0161ci. Norm\u00e1ln\u011b se jako \u017ee t\u011b\u0161\u00edme. Jasn\u00fd. Ale posledn\u00ed l\u00e9ta to bez farmak nejde. A kdy\u017e se sejde los, je o stres postar\u00e1no. Prvn\u00ed, t\u0159et\u00ed, druh\u00fd, \u010dtvrt\u00fd, p\u00e1t\u00fd. Takhle jsou v tabulce na\u0161i prosincov\u00ed soupe\u0159i. \u0160pan\u011blskou inkvizici jsme ale \u010dekali. Ostatn\u011b, jako fanou\u0161ci Evertonu u\u017e v\u0161ichni m\u00e1me zku\u0161enost s torturou a sebemrska\u010dstv\u00edm.<\/p>\n<p>Dyche p\u0159ivolal bou\u0159i a odvr\u00e1til tak derby. Podobn\u00e9 triky nad Lond\u00fdnem u\u017e ale u Ministerstva \u010dar a kouzel neprojdou. Tak\u017ee zp\u011bt k\u00a0na\u0161im konven\u010dn\u011bj\u0161\u00edm zbran\u00edm, kter\u00fdmi jsou p\u0159ekvapen\u00ed, strach, fanatick\u00e1 oddanost atd.<\/p>\n<h4>Ze soupe\u0159ova t\u00e1bora<\/h4>\n<p>Kamar\u00e1d, fanou\u0161ek Kanon\u00fdr\u016f, s\u00a0\u00fasm\u011bvem poznamenal, \u017ee od listopadu je Arsenal op\u011bt mimo boj o titul. P\u0159i pohledu na tabulku se n\u00e1m chce k\u0159i\u010det, aby to je\u0161t\u011b nevzd\u00e1vali. V\u0161ak jsme man\u00e9vrem s\u00a0\u017eivly p\u0159ipravili redshites o 3 body, alespo\u0148 tedy odd\u00e1lili jejich zapo\u010dten\u00ed do tabulky.<\/p>\n<p>Arsenal utr\u017eil p\u00e1r ztr\u00e1t, n\u011bkolik z\u00a0nich bylo se soupe\u0159i, od nich\u017e by se jeden takov\u00e9 podlosti nenad\u00e1l. Bodov\u011b tak oproti lo\u0148sku ztr\u00e1c\u00ed 7 bod\u016f. No bo\u017ee! Nic nen\u00ed ztraceno. Doufejme.<\/p>\n<p>Mikel Arteta pro leto\u0161ek vyt\u00e1hl moyesovsk\u00fd pl\u00e1\u0161\u0165, Arsenal sp\u00ed\u0161e l\u00e9pe br\u00e1n\u00ed, ne\u017e aby ma\u010dkal soupe\u0159e. Nejlep\u0161\u00ed st\u0159elci jsou Havertz a Saka s 5, to se nezd\u00e1 o tolik vzd\u00e1leno McNeilovi. Snad chyb\u011bl \u00d8degaard, tak\u017ee Artetovi se muselo vybavit, jak to bylo fajn, kdy\u017e trefoval z roh\u016f lebky Cahilla, Fellainiho, Lescotta a spol. Jsou to p\u0159ev\u00e1\u017en\u011b rohy, co zdob\u00ed Gunners, a tak fanou\u0161ci vymalovali na ze\u010f tren\u00e9ra standardek Nicolase Jovera.<\/p>\n<p>Ale ze hry je to letos n\u011bjak\u00e9 slab\u0161\u00ed. Asi nen\u00ed n\u00e1hoda, \u017ee podobnou krizi za\u017e\u00edv\u00e1 i druh\u00fd Artet\u016fv duchovn\u00ed otec. Chyb\u011bt mu ka\u017edop\u00e1dn\u011b budou Tomiyasu, Calafiori, White a Zinchenko, co\u017e je sp\u00ed\u0161e defenz\u00edva. V\u00a0t\u00fddnu se Gunners vy\u0159\u00e1dili na Monacu, speci\u00e1ln\u011b o sob\u011b dal v\u011bd\u011bt Bukayo Saka (2+1).<\/p>\n<p>Arsenal m\u00e1 z\u00e1vid\u011bn\u00edhodnou historii vytahov\u00e1n\u00ed mlad\u00fdch zaj\u00edc\u016f z\u00a0klobouku. Posledn\u00ed jm\u00e9no na seznam p\u0159ibylo ve st\u0159edu \u2013 Myles Lewis-Skelly. Uvid\u00edme, jak moc se mu bude da\u0159it, ale napad\u00e1 m\u011b jedno ko\u010di\u010d\u00ed po\u0159ekadlo, kter\u00e9 se sem hod\u00ed: \u201ekdo nasko\u010dil do rychl\u00edku p\u0159\u00edli\u0161 brzy, vystoupil si p\u0159ed t\u0159ic\u00edtkou ve stanici Everton\u201c.<\/p>\n<h4>Co nov\u00e9ho u n\u00e1s<\/h4>\n<p>S bl\u00ed\u017e\u00edc\u00edm se p\u0159evzet\u00edm se do klubu vrac\u00ed nad\u011bje. P\u0159ipomn\u011bli jsme si, \u017ee by se mohlo jednat o tom, co s kon\u010d\u00edc\u00edmi smlouvami hr\u00e1\u010d\u016f. To je, o\u010d tu b\u011b\u017e\u00ed &#8211; spousta nov\u00e9 motivace. Na druhou stranu, osmi\u010dku ohro\u017een\u00fdch tvo\u0159\u00ed 2 n\u00e1hradn\u00ed brank\u00e1\u0159i, 5 t\u0159ic\u00e1tn\u00edk\u016f a DCL.<\/p>\n<p>Extra podn\u011bt m\u00e1 i Sean Dyche. Taky tu\u0161\u00ed, \u017ee by se m\u011bl ud\u011blat trochu v\u00edc sexy, aby nasadil Ameri\u010dan\u016fm brouka do hlavy. V\u00fdhra nad Wolves pomohla. Zdrav\u00ed Broja a Patterson by mohli, lep\u0161\u00ed se i Chermiti. Chyb\u00ed jen Garner a Iroegbunam.<\/p>\n<p>N\u00e1sleduj\u00edc\u00ed los je t\u011b\u017ek\u00fd, na druhou stranu na v\u0161e se d\u00e1 koukat i p\u0159es poloplnou sklenici. Z t\u011bchto z\u00e1pas\u016f bychom t\u011b\u017eko n\u011bco vyt\u011b\u017eili kdykoliv. To, \u017ee i soupe\u0159i je hraj\u00ed v nahu\u0161t\u011bn\u00e9m a sv\u00e1te\u010dn\u00edm programu, n\u00e1m m\u016f\u017ee p\u0159in\u00e9st zisk. V opa\u010dn\u00e9m p\u0159\u00edpad\u011b to budou hodn\u011b grinchovsk\u00e9 v\u00e1noce.<\/p>\n<h4>Jak to bylo v minulosti<\/h4>\n<p>Uchr\u00e1n\u00edme se od z\u00e1valu dal\u0161\u00edch extra negativn\u00edch statistik a p\u0159ejdeme k na\u0161im slavn\u00fdm v\u00fdhr\u00e1m na Emirates, p\u0159\u00edp. Highbury. Ta nej\u010derstv\u011bj\u0161\u00ed je n\u011bco m\u00e1lo p\u0159es 3 a p\u016fl roku star\u00e1. Na sv\u011bdom\u00ed ji m\u00e1 Carlo Ancelotti, kter\u00fd v covidov\u00e9m dubnu 2021 bez mrknut\u00ed oka vymyslel v\u00fdhru 0:1. Ruku k d\u00edlu p\u0159ilo\u017eil Bernd Leno, kdy\u017e si Richarlison\u016fv pas uklidil do s\u00edt\u011b. Tehdy pouh\u00e1 tis\u00edcovka vyvolen\u00fdch div\u00e1k\u016f hodn\u011b nudila. Od n\u00e1s to pamatuj\u00ed jen Pickford, Coleman a DCL.<\/p>\n<p>P\u0159edt\u00edm to bylo u\u017e hodn\u011b d\u00e1vno, v lednu 1996 v\u00fdhru 2:1 vyst\u0159\u00edleli Stuart a Kanchelskis. T\u00edm jsem se dostal p\u0159es mohutnou stopu, kterou o p\u00e1r let pozd\u011bji za\u010dal vytla\u010dovat do na\u0161\u00ed historie odchovanec Gunners \u2013 Kevin Campbell. Jak v\u0161ichni v\u00edte, jeho \u017eivot ne\u010dekan\u011b vyhasl v \u010dervnu a oba kluby si jej s vd\u011b\u010dnou vzpom\u00ednkou p\u0159ipomenou p\u0159ed dne\u0161n\u00edm z\u00e1pasem.<\/p>\n<p>Dak\u0161\u00ed v\u00fdhru na star\u00e9m Highbury si m\u016f\u017eeme p\u0159ipomenout, ne\u010dekan\u011b jsem na ni narazil na <a href=\"https:\/\/www.youtube.com\/watch?v=TjsQXKDQp2I\">youtube<\/a>. V\u00a0b\u0159eznu 1987 v\u00fdhru 1:0 na \u00fa\u017easn\u011b bl\u00e1tiv\u00e9m a rozoran\u00e9m h\u0159i\u0161ti vyst\u0159elil Wayne Clarke, kdy\u017e p\u0159ehodil chybuj\u00edc\u00edho Johna Lukice v\u00a0brance Arsenalu. Takovou v\u00fdhru, po 37 letech by to u\u017e byla \u010dtvrt\u00e1, bral zase.<\/p>\n<p><strong>Co<\/strong>: Arsenal FC &#8211; Everton FC, 16. kolo Premier League<br \/>\n<strong>Kdy<\/strong>: 14. prosince 2024 od 16:00 SE\u010c<br \/>\n<strong>Kde<\/strong>: Emirates Stadium &#8211; Highbury House, 75 Drayton Park, Lond\u00fdn N5 1BU (kapacita: 60\u00a0704)<br \/>\n<strong>TV<\/strong>: od 15:55 na stanici Canal+ Sport, komentuje Michal Micka<br \/>\n<strong>Rozhod\u010d\u00ed<\/strong>: Craig Pawson\u00a0\u00a0<strong>Postrann\u00ed<\/strong>: Eddie Smart, Con Hatzidakis\u00a0\u00a0<strong>\u010ctvrt\u00fd<\/strong> <strong>rozhod\u010d\u00ed<\/strong>: Andrew Kitchen<br \/>\n<strong>VAR<\/strong>: Paul Tierney\u00a0\u00a0<strong>Asistent VAR<\/strong>: Dan Cook<\/p>\n","protected":false},"excerpt":{"rendered":"<p>Fotbalista, ten tvrdej chleba m\u00e1. Pokud nechce obdarov\u00e1vat rodinu d\u00e1rky z\u00a0fanshopu rival\u016f, tak u\u017e mus\u00ed m\u00edt nakoupeno. V\u00e1no\u010dn\u00ed ve\u010d\u00edrky taky nebudou \u017e\u00e1dn\u00e1 divo\u010dina. A sv\u011bt\u00fdlka na bar\u00e1k abyste v\u011b\u0161eli u\u017e po Halloweenu.<\/p>\n","protected":false},"author":10,"featured_media":15084,"comment_status":"open","ping_status":"closed","sticky":false,"template":"","format":"standard","meta":{"_eb_attr":"","_monsterinsights_skip_tracking":false,"_monsterinsights_sitenote_active":false,"_monsterinsights_sitenote_note":"","_monsterinsights_sitenote_category":0,"footnotes":""},"categories":[4],"tags":[],"yoast_head":"<!-- This site is optimized with the Yoast SEO plugin v23.4 - https:\/\/yoast.com\/wordpress\/plugins\/seo\/ -->\n<title>Preview: Arsenal \u2013 Everton - Official Czech &amp; Slovak Everton Supporters&#039; Club<\/title>\n<meta name=\"robots\" content=\"index, follow, max-snippet:-1, max-image-preview:large, max-video-preview:-1\" \/>\n<link rel=\"canonical\" href=\"https:\/\/evertonfc.cz\/index.php\/2024\/12\/14\/preview-arsenal-everton-15\/\" \/>\n<meta property=\"og:locale\" content=\"cs_CZ\" \/>\n<meta property=\"og:type\" content=\"article\" \/>\n<meta property=\"og:title\" content=\"Preview: Arsenal \u2013 Everton - Official Czech &amp; Slovak Everton Supporters&#039; Club\" \/>\n<meta property=\"og:description\" content=\"Fotbalista, ten tvrdej chleba m\u00e1. Pokud nechce obdarov\u00e1vat rodinu d\u00e1rky z\u00a0fanshopu rival\u016f, tak u\u017e mus\u00ed m\u00edt nakoupeno. V\u00e1no\u010dn\u00ed ve\u010d\u00edrky taky nebudou \u017e\u00e1dn\u00e1 divo\u010dina. A sv\u011bt\u00fdlka na bar\u00e1k abyste v\u011b\u0161eli u\u017e po Halloweenu.\" \/>\n<meta property=\"og:url\" content=\"https:\/\/evertonfc.cz\/index.php\/2024\/12\/14\/preview-arsenal-everton-15\/\" \/>\n<meta property=\"og:site_name\" content=\"Official Czech &amp; Slovak Everton Supporters&#039; Club\" \/>\n<meta property=\"article:publisher\" content=\"https:\/\/www.facebook.com\/everton.fans.cz.sk\" \/>\n<meta property=\"article:published_time\" content=\"2024-12-14T10:38:38+00:00\" \/>\n<meta property=\"article:modified_time\" content=\"2024-12-16T09:34:16+00:00\" \/>\n<meta property=\"og:image\" content=\"https:\/\/evertonfc.cz\/wp-content\/uploads\/2021\/04\/Arsenal-VS-Everton.jpg\" \/>\n\t<meta property=\"og:image:width\" content=\"720\" \/>\n\t<meta property=\"og:image:height\" content=\"405\" \/>\n\t<meta property=\"og:image:type\" content=\"image\/jpeg\" \/>\n<meta name=\"author\" content=\"Fip\" \/>\n<meta name=\"twitter:card\" content=\"summary_large_image\" \/>\n<meta name=\"twitter:label1\" content=\"Napsal(a)\" \/>\n\t<meta name=\"twitter:data1\" content=\"Fip\" \/>\n\t<meta name=\"twitter:label2\" content=\"Odhadovan\u00e1 doba \u010dten\u00ed\" \/>\n\t<meta name=\"twitter:data2\" content=\"5 minut\" \/>\n<script type=\"application\/ld+json\" class=\"yoast-schema-graph\">{\"@context\":\"https:\/\/schema.org\",\"@graph\":[{\"@type\":\"Article\",\"@id\":\"https:\/\/evertonfc.cz\/index.php\/2024\/12\/14\/preview-arsenal-everton-15\/#article\",\"isPartOf\":{\"@id\":\"https:\/\/evertonfc.cz\/index.php\/2024\/12\/14\/preview-arsenal-everton-15\/\"},\"author\":{\"name\":\"Fip\",\"@id\":\"https:\/\/evertonfc.cz\/#\/schema\/person\/35904009755e8eaa0dc1a5f5f0419002\"},\"headline\":\"Preview: Arsenal \u2013 Everton\",\"datePublished\":\"2024-12-14T10:38:38+00:00\",\"dateModified\":\"2024-12-16T09:34:16+00:00\",\"mainEntityOfPage\":{\"@id\":\"https:\/\/evertonfc.cz\/index.php\/2024\/12\/14\/preview-arsenal-everton-15\/\"},\"wordCount\":965,\"commentCount\":9,\"publisher\":{\"@id\":\"https:\/\/evertonfc.cz\/#organization\"},\"image\":{\"@id\":\"https:\/\/evertonfc.cz\/index.php\/2024\/12\/14\/preview-arsenal-everton-15\/#primaryimage\"},\"thumbnailUrl\":\"https:\/\/evertonfc.cz\/wp-content\/uploads\/2021\/04\/Arsenal-VS-Everton.jpg\",\"articleSection\":[\"Z\u00e1pasy\"],\"inLanguage\":\"cs\",\"potentialAction\":[{\"@type\":\"CommentAction\",\"name\":\"Comment\",\"target\":[\"https:\/\/evertonfc.cz\/index.php\/2024\/12\/14\/preview-arsenal-everton-15\/#respond\"]}]},{\"@type\":\"WebPage\",\"@id\":\"https:\/\/evertonfc.cz\/index.php\/2024\/12\/14\/preview-arsenal-everton-15\/\",\"url\":\"https:\/\/evertonfc.cz\/index.php\/2024\/12\/14\/preview-arsenal-everton-15\/\",\"name\":\"Preview: Arsenal \u2013 Everton - Official Czech &amp; Slovak Everton Supporters&#039; Club\",\"isPartOf\":{\"@id\":\"https:\/\/evertonfc.cz\/#website\"},\"primaryImageOfPage\":{\"@id\":\"https:\/\/evertonfc.cz\/index.php\/2024\/12\/14\/preview-arsenal-everton-15\/#primaryimage\"},\"image\":{\"@id\":\"https:\/\/evertonfc.cz\/index.php\/2024\/12\/14\/preview-arsenal-everton-15\/#primaryimage\"},\"thumbnailUrl\":\"https:\/\/evertonfc.cz\/wp-content\/uploads\/2021\/04\/Arsenal-VS-Everton.jpg\",\"datePublished\":\"2024-12-14T10:38:38+00:00\",\"dateModified\":\"2024-12-16T09:34:16+00:00\",\"breadcrumb\":{\"@id\":\"https:\/\/evertonfc.cz\/index.php\/2024\/12\/14\/preview-arsenal-everton-15\/#breadcrumb\"},\"inLanguage\":\"cs\",\"potentialAction\":[{\"@type\":\"ReadAction\",\"target\":[\"https:\/\/evertonfc.cz\/index.php\/2024\/12\/14\/preview-arsenal-everton-15\/\"]}]},{\"@type\":\"ImageObject\",\"inLanguage\":\"cs\",\"@id\":\"https:\/\/evertonfc.cz\/index.php\/2024\/12\/14\/preview-arsenal-everton-15\/#primaryimage\",\"url\":\"https:\/\/evertonfc.cz\/wp-content\/uploads\/2021\/04\/Arsenal-VS-Everton.jpg\",\"contentUrl\":\"https:\/\/evertonfc.cz\/wp-content\/uploads\/2021\/04\/Arsenal-VS-Everton.jpg\",\"width\":720,\"height\":405},{\"@type\":\"BreadcrumbList\",\"@id\":\"https:\/\/evertonfc.cz\/index.php\/2024\/12\/14\/preview-arsenal-everton-15\/#breadcrumb\",\"itemListElement\":[{\"@type\":\"ListItem\",\"position\":1,\"name\":\"Home\",\"item\":\"https:\/\/evertonfc.cz\/\"},{\"@type\":\"ListItem\",\"position\":2,\"name\":\"Preview: Arsenal \u2013 Everton\"}]},{\"@type\":\"WebSite\",\"@id\":\"https:\/\/evertonfc.cz\/#website\",\"url\":\"https:\/\/evertonfc.cz\/\",\"name\":\"Official Czech &amp; Slovak Everton Supporters&#039; Club\",\"description\":\"\",\"publisher\":{\"@id\":\"https:\/\/evertonfc.cz\/#organization\"},\"potentialAction\":[{\"@type\":\"SearchAction\",\"target\":{\"@type\":\"EntryPoint\",\"urlTemplate\":\"https:\/\/evertonfc.cz\/?s={search_term_string}\"},\"query-input\":{\"@type\":\"PropertyValueSpecification\",\"valueRequired\":true,\"valueName\":\"search_term_string\"}}],\"inLanguage\":\"cs\"},{\"@type\":\"Organization\",\"@id\":\"https:\/\/evertonfc.cz\/#organization\",\"name\":\"Official Czech & Slovak Everton Supporters' Club\",\"url\":\"https:\/\/evertonfc.cz\/\",\"logo\":{\"@type\":\"ImageObject\",\"inLanguage\":\"cs\",\"@id\":\"https:\/\/evertonfc.cz\/#\/schema\/logo\/image\/\",\"url\":\"https:\/\/evertonfc.cz\/wp-content\/uploads\/2019\/05\/logo.png\",\"contentUrl\":\"https:\/\/evertonfc.cz\/wp-content\/uploads\/2019\/05\/logo.png\",\"width\":112,\"height\":112,\"caption\":\"Official Czech & Slovak Everton Supporters' Club\"},\"image\":{\"@id\":\"https:\/\/evertonfc.cz\/#\/schema\/logo\/image\/\"},\"sameAs\":[\"https:\/\/www.facebook.com\/everton.fans.cz.sk\"]},{\"@type\":\"Person\",\"@id\":\"https:\/\/evertonfc.cz\/#\/schema\/person\/35904009755e8eaa0dc1a5f5f0419002\",\"name\":\"Fip\",\"url\":\"https:\/\/evertonfc.cz\/index.php\/author\/fip\/\"}]}<\/script>\n<!-- \/ Yoast SEO plugin. -->","yoast_head_json":{"title":"Preview: Arsenal \u2013 Everton - Official Czech &amp; Slovak Everton Supporters&#039; Club","robots":{"index":"index","follow":"follow","max-snippet":"max-snippet:-1","max-image-preview":"max-image-preview:large","max-video-preview":"max-video-preview:-1"},"canonical":"https:\/\/evertonfc.cz\/index.php\/2024\/12\/14\/preview-arsenal-everton-15\/","og_locale":"cs_CZ","og_type":"article","og_title":"Preview: Arsenal \u2013 Everton - Official Czech &amp; Slovak Everton Supporters&#039; Club","og_description":"Fotbalista, ten tvrdej chleba m\u00e1. Pokud nechce obdarov\u00e1vat rodinu d\u00e1rky z\u00a0fanshopu rival\u016f, tak u\u017e mus\u00ed m\u00edt nakoupeno. V\u00e1no\u010dn\u00ed ve\u010d\u00edrky taky nebudou \u017e\u00e1dn\u00e1 divo\u010dina. A sv\u011bt\u00fdlka na bar\u00e1k abyste v\u011b\u0161eli u\u017e po Halloweenu.","og_url":"https:\/\/evertonfc.cz\/index.php\/2024\/12\/14\/preview-arsenal-everton-15\/","og_site_name":"Official Czech &amp; Slovak Everton Supporters&#039; Club","article_publisher":"https:\/\/www.facebook.com\/everton.fans.cz.sk","article_published_time":"2024-12-14T10:38:38+00:00","article_modified_time":"2024-12-16T09:34:16+00:00","og_image":[{"width":720,"height":405,"url":"https:\/\/evertonfc.cz\/wp-content\/uploads\/2021\/04\/Arsenal-VS-Everton.jpg","type":"image\/jpeg"}],"author":"Fip","twitter_card":"summary_large_image","twitter_misc":{"Napsal(a)":"Fip","Odhadovan\u00e1 doba \u010dten\u00ed":"5 minut"},"schema":{"@context":"https:\/\/schema.org","@graph":[{"@type":"Article","@id":"https:\/\/evertonfc.cz\/index.php\/2024\/12\/14\/preview-arsenal-everton-15\/#article","isPartOf":{"@id":"https:\/\/evertonfc.cz\/index.php\/2024\/12\/14\/preview-arsenal-everton-15\/"},"author":{"name":"Fip","@id":"https:\/\/evertonfc.cz\/#\/schema\/person\/35904009755e8eaa0dc1a5f5f0419002"},"headline":"Preview: Arsenal \u2013 Everton","datePublished":"2024-12-14T10:38:38+00:00","dateModified":"2024-12-16T09:34:16+00:00","mainEntityOfPage":{"@id":"https:\/\/evertonfc.cz\/index.php\/2024\/12\/14\/preview-arsenal-everton-15\/"},"wordCount":965,"commentCount":9,"publisher":{"@id":"https:\/\/evertonfc.cz\/#organization"},"image":{"@id":"https:\/\/evertonfc.cz\/index.php\/2024\/12\/14\/preview-arsenal-everton-15\/#primaryimage"},"thumbnailUrl":"https:\/\/evertonfc.cz\/wp-content\/uploads\/2021\/04\/Arsenal-VS-Everton.jpg","articleSection":["Z\u00e1pasy"],"inLanguage":"cs","potentialAction":[{"@type":"CommentAction","name":"Comment","target":["https:\/\/evertonfc.cz\/index.php\/2024\/12\/14\/preview-arsenal-everton-15\/#respond"]}]},{"@type":"WebPage","@id":"https:\/\/evertonfc.cz\/index.php\/2024\/12\/14\/preview-arsenal-everton-15\/","url":"https:\/\/evertonfc.cz\/index.php\/2024\/12\/14\/preview-arsenal-everton-15\/","name":"Preview: Arsenal \u2013 Everton - Official Czech &amp; Slovak Everton Supporters&#039; Club","isPartOf":{"@id":"https:\/\/evertonfc.cz\/#website"},"primaryImageOfPage":{"@id":"https:\/\/evertonfc.cz\/index.php\/2024\/12\/14\/preview-arsenal-everton-15\/#primaryimage"},"image":{"@id":"https:\/\/evertonfc.cz\/index.php\/2024\/12\/14\/preview-arsenal-everton-15\/#primaryimage"},"thumbnailUrl":"https:\/\/evertonfc.cz\/wp-content\/uploads\/2021\/04\/Arsenal-VS-Everton.jpg","datePublished":"2024-12-14T10:38:38+00:00","dateModified":"2024-12-16T09:34:16+00:00","breadcrumb":{"@id":"https:\/\/evertonfc.cz\/index.php\/2024\/12\/14\/preview-arsenal-everton-15\/#breadcrumb"},"inLanguage":"cs","potentialAction":[{"@type":"ReadAction","target":["https:\/\/evertonfc.cz\/index.php\/2024\/12\/14\/preview-arsenal-everton-15\/"]}]},{"@type":"ImageObject","inLanguage":"cs","@id":"https:\/\/evertonfc.cz\/index.php\/2024\/12\/14\/preview-arsenal-everton-15\/#primaryimage","url":"https:\/\/evertonfc.cz\/wp-content\/uploads\/2021\/04\/Arsenal-VS-Everton.jpg","contentUrl":"https:\/\/evertonfc.cz\/wp-content\/uploads\/2021\/04\/Arsenal-VS-Everton.jpg","width":720,"height":405},{"@type":"BreadcrumbList","@id":"https:\/\/evertonfc.cz\/index.php\/2024\/12\/14\/preview-arsenal-everton-15\/#breadcrumb","itemListElement":[{"@type":"ListItem","position":1,"name":"Home","item":"https:\/\/evertonfc.cz\/"},{"@type":"ListItem","position":2,"name":"Preview: Arsenal \u2013 Everton"}]},{"@type":"WebSite","@id":"https:\/\/evertonfc.cz\/#website","url":"https:\/\/evertonfc.cz\/","name":"Official Czech &amp; Slovak Everton Supporters&#039; Club","description":"","publisher":{"@id":"https:\/\/evertonfc.cz\/#organization"},"potentialAction":[{"@type":"SearchAction","target":{"@type":"EntryPoint","urlTemplate":"https:\/\/evertonfc.cz\/?s={search_term_string}"},"query-input":{"@type":"PropertyValueSpecification","valueRequired":true,"valueName":"search_term_string"}}],"inLanguage":"cs"},{"@type":"Organization","@id":"https:\/\/evertonfc.cz\/#organization","name":"Official Czech & Slovak Everton Supporters' Club","url":"https:\/\/evertonfc.cz\/","logo":{"@type":"ImageObject","inLanguage":"cs","@id":"https:\/\/evertonfc.cz\/#\/schema\/logo\/image\/","url":"https:\/\/evertonfc.cz\/wp-content\/uploads\/2019\/05\/logo.png","contentUrl":"https:\/\/evertonfc.cz\/wp-content\/uploads\/2019\/05\/logo.png","width":112,"height":112,"caption":"Official Czech & Slovak Everton Supporters' Club"},"image":{"@id":"https:\/\/evertonfc.cz\/#\/schema\/logo\/image\/"},"sameAs":["https:\/\/www.facebook.com\/everton.fans.cz.sk"]},{"@type":"Person","@id":"https:\/\/evertonfc.cz\/#\/schema\/person\/35904009755e8eaa0dc1a5f5f0419002","name":"Fip","url":"https:\/\/evertonfc.cz\/index.php\/author\/fip\/"}]}},"_links":{"self":[{"href":"https:\/\/evertonfc.cz\/index.php\/wp-json\/wp\/v2\/posts\/25770"}],"collection":[{"href":"https:\/\/evertonfc.cz\/index.php\/wp-json\/wp\/v2\/posts"}],"about":[{"href":"https:\/\/evertonfc.cz\/index.php\/wp-json\/wp\/v2\/types\/post"}],"author":[{"embeddable":true,"href":"https:\/\/evertonfc.cz\/index.php\/wp-json\/wp\/v2\/users\/10"}],"replies":[{"embeddable":true,"href":"https:\/\/evertonfc.cz\/index.php\/wp-json\/wp\/v2\/comments?post=25770"}],"version-history":[{"count":5,"href":"https:\/\/evertonfc.cz\/index.php\/wp-json\/wp\/v2\/posts\/25770\/revisions"}],"predecessor-version":[{"id":25791,"href":"https:\/\/evertonfc.cz\/index.php\/wp-json\/wp\/v2\/posts\/25770\/revisions\/25791"}],"wp:featuredmedia":[{"embeddable":true,"href":"https:\/\/evertonfc.cz\/index.php\/wp-json\/wp\/v2\/media\/15084"}],"wp:attachment":[{"href":"https:\/\/evertonfc.cz\/index.php\/wp-json\/wp\/v2\/media?parent=25770"}],"wp:term":[{"taxonomy":"category","embeddable":true,"href":"https:\/\/evertonfc.cz\/index.php\/wp-json\/wp\/v2\/categories?post=25770"},{"taxonomy":"post_tag","embeddable":true,"href":"https:\/\/evertonfc.cz\/index.php\/wp-json\/wp\/v2\/tags?post=25770"}],"curies":[{"name":"wp","href":"https:\/\/api.w.org\/{rel}","templated":true}]}}