{"id":25785,"date":"2024-12-17T21:14:09","date_gmt":"2024-12-17T20:14:09","guid":{"rendered":"https:\/\/evertonfc.cz\/?p=25785"},"modified":"2024-12-19T15:09:51","modified_gmt":"2024-12-19T14:09:51","slug":"everton-w-manchester-city-w-2-1","status":"publish","type":"post","link":"https:\/\/evertonfc.cz\/index.php\/2024\/12\/17\/everton-w-manchester-city-w-2-1\/","title":{"rendered":"Everton W &#8211; Manchester City W 2:1"},"content":{"rendered":"<h4>P\u0159i srovn\u00e1n\u00ed na\u0161\u00ed formy a formy soupe\u0159ek, jako\u017e i p\u0159i srovn\u00e1n\u00ed tabulkov\u00fdch um\u00edst\u011bn\u00ed, se mohlo zd\u00e1t, \u017ee S\u00f8rensenovo p\u0159edz\u00e1pasov\u00e9 prohl\u00e1\u0161en\u00ed o tom, \u017ee &#8222;m\u00e1 pl\u00e1n&#8220;, bylo jen plan\u00e9 vychloub\u00e1n\u00ed. Tak tedy: nebylo.<\/h4>\n<p>Bez Stenevik a s Bissell a Sarri na lavi\u010dce jsme p\u0159iv\u00edtali druh\u00fd t\u00fdm pr\u016fb\u011b\u017en\u00e9ho po\u0159ad\u00ed WSL. Ani soupe\u0159ky nem\u011bly k dispozici v\u0161echny sv\u00e9 obvykl\u00e9 opory: Pro zran\u011bn\u00ed nedorazila nejlep\u0161\u00ed st\u0159elkyn\u011b dosavadn\u00edho pr\u016fb\u011bhu WSL Shaw a ani v t\u00fddnu zran\u011bn\u00e1 Greenwood nebo dlouhodb\u011b absentuj\u00edci Miedema. Citizens v\u0161ak i tak zbylo dost \u0161pi\u010dkov\u00fdch hr\u00e1\u010dek na to, aby n\u00e1s p\u0159i sv\u00e9 n\u00e1v\u0161t\u011bv\u011b potr\u00e1pily. Nav\u00edc je dop\u0159edu hnala vidina t\u0159\u00ed bod\u016f, kter\u00fdm by ubraly n\u011bco z p\u011btibodov\u00e9ho n\u00e1skoku vedouc\u00ed Chelsea.<\/p>\n<h4>Taktika: Beton s n\u00e1hl\u00fdmi v\u00fdpady<\/h4>\n<p>S\u00f8rensen k utk\u00e1n\u00ed delegoval p\u011bti\u010dlenou obranu a z\u00e1lo\u017en\u00ed \u0159adu nav\u00edc st\u00e1hl a\u017e prakticky p\u0159ed v\u00e1pno. P\u0159ed na\u0161\u00ed \u0161estn\u00e1ctkou bylo tedy velmi husto. Prop\u00e1lit, nebo proniknout skrz p\u0159ehradu hr\u00e1\u010dek v modr\u00e9m se uk\u00e1zalo pro na\u0161e soup\u011b\u0159ky obt\u00ed\u017en\u011bj\u0161\u00ed, ne\u017e by se p\u0159ed utk\u00e1n\u00edm zd\u00e1lo. Druh\u00fd bod S\u00f8rensenovy taktiky st\u00e1l na rychlonoh\u00fdch hr\u00e1\u010dk\u00e1ch typu Snoeoijs, Payne &amp; Payne nebo t\u0159eba Lawley a na rychl\u00fdch proti\u00fatoc\u00edch. Oboje vy\u0161lo nad o\u010dek\u00e1v\u00e1n\u00ed dob\u0159e. Snoeijs o sob\u011b dala v\u011bd\u011bt u\u017e v prvn\u00ed minut\u011b z\u00e1pasu, kdy\u017e si p\u0159ed st\u0159edov\u00fdm kruhem narazila s Lawley a pak prost\u011b utekla t\u0159em soupe\u0159k\u00e1m aby v z\u00e1v\u011bru p\u00e1lila beznad\u011bjn\u011b mimo. Citizens se n\u00e1sledn\u011b usadily na na\u0161\u00ed polovin\u011b a jejich mana\u017eer\u00a0 Gareth Taylor se vy\u0161plhal na le\u0161en\u00ed ke kameramen\u016fm, aby m\u011bl lep\u0161\u00ed p\u0159ehled o d\u011bn\u00ed na h\u0159i\u0161ti. Ale s vyj\u00edmkou nast\u0159elen\u00e9ho b\u0159evna z toho v\u00e1\u017en\u011bj\u0161\u00ed ohro\u017een\u00ed na\u0161\u00ed branky nebylo.<\/p>\n<h4>Za\u010d\u00edn\u00e1me a pokra\u010dujeme<\/h4>\n<p>Po p\u016flhodin\u011b hry jsme si vybojovali roh, kter\u00fd hostky odvr\u00e1tily. Sara Holmgaard s milimetrovou p\u0159esnost\u00ed vr\u00e1tila m\u00ed\u010d zp\u011bt do ohn\u011b na hlavu Hope, kter\u00e1 jej promptn\u011b uklidila do prav\u00e9ho doln\u00edho rohu branky City &#8211; <strong>1:0<\/strong>. Senzace se za\u010dala klubat. O chvilku pozd\u011bji jsme mohli v\u00e9st o dva g\u00f3ly. Toni Payne za\u0159adila vysok\u00e9 obr\u00e1tky, nechala obranu City za sebou a dovedla m\u00ed\u010d a\u017e na konec h\u0159i\u0161t\u011b, \u010d\u00edm\u017e bohu\u017eel prov\u00e1hala vhodnou chv\u00edli ke st\u0159ele. L\u00e9pe dopadl dal\u0161\u00ed proti\u00fatok Lawley, kter\u00e1 naserv\u00edrovala merunu do v\u00e1pna a Hayashi j\u00ed nap\u00e1lila op\u011bt do prav\u00e9ho doln\u00edho rohu &#8211; <strong>2:0<\/strong>. Gareth Taylor slezl z le\u0161en\u00ed zp\u011bt do sv\u00e9ho dogoutu a za\u010dal s asistenty p\u0159em\u00fd\u0161let co s t\u00edm.<\/p>\n<h4>Na tahu jsou soupe\u0159ky<\/h4>\n<p>Obl\u00e9h\u00e1n\u00ed na\u0161\u00ed \u0161estn\u00e1ctky zintenzivnilo a m\u00e1lem p\u0159ineslo sn\u00ed\u017een\u00ed. Zakroucenou st\u0159elu z rohu nedok\u00e1zala Brosnan zkrotit a Kennedy z bezprost\u0159edn\u00ed bl\u00edzkosti nemohla minout. Nepo\u010d\u00edtala ov\u0161em s Finnigan na brankov\u00e9 \u010d\u00e1\u0159e, od kter\u00e9 se m\u00ed\u010d odrazil do Vanhaevermet (a nejsp\u00ed\u0161 do jej\u00ed ruky, co\u017e\u00fd ov\u0161em rozhod\u010d\u00ed pominula) a d\u00e1le mimo br\u00e1nu. Citizens d\u00e1le dominovaly v dr\u017een\u00ed m\u00ed\u010de, ale do vylo\u017een\u00e9 \u0161ance se nedostaly. D\u00edlem kv\u016fli sv\u00e9 nep\u0159esnosti, ale v\u011bt\u0161\u00edm d\u00edlem d\u00edky ob\u011btav\u011b hraj\u00edc\u00edcm dom\u00e1c\u00edm a pozorn\u00e9 Brosnan. Krom toho jsme m\u011bli je\u0161t\u011b nejm\u00e9n\u011b dv\u011b tutovky z proti\u00fatok\u016f, ale ani Snoeijs ani Toni Payne bohu\u017eel nedok\u00e1zali sv\u00e9 \u0161ance prom\u011bnit. T\u011bsn\u011b p\u0159ed koncem z\u00e1pasu Olesen zbyte\u010dn\u011b sejmula Fujino a z na\u0159\u00edzen\u00e9 penalty Fowler sn\u00ed\u017eila &#8211; <strong>2:1<\/strong>. Na v\u00edce ne\u017e sn\u00ed\u017een\u00ed ov\u0161em City tentokr\u00e1t nedos\u00e1hlo a senzace byla na sv\u011bt\u011b!<\/p>\n<h4>Well done!<\/h4>\n<p>Toto bylo skv\u011bl\u00e9! Evertonians dostali p\u0159ed\u010dasn\u00fd v\u00e1no\u010dn\u00ed d\u00e1rek. Zm\u011bnili jsme trochu historick\u00e9 z\u00e1znamy a z\u00edskali prvn\u00ed skalp MCWFC. V\u0161ech p\u0159edchoz\u00edch 16 ligov\u00fdch setk\u00e1n\u00ed s Citizens skon\u010dilo na\u0161\u00ed por\u00e1\u017ekou. Odlepili jsme se ze z\u00f3ny sestupu o 4 body a jsme na 9. m\u00edst\u011b. Zahu\u0161t\u011bn\u00ed na\u0161\u00ed obran\u00e9 \u0159ady d\u011blalo City ne\u010dekan\u00e9 probl\u00e9my. Heather Payne a Sara Holmgaard zt\u011b\u017eovaly \u017eivot Fujino a prakticky vymazaly Park. Vysunut\u00ed bekov\u00e9 Citizens nesta\u010dili reagovat na na\u0161e rychl\u00e9 proti\u00fatoky.\u00a0 A proti\u00fatoky Lawley, Snoeijs a Toni Payne byly lah\u016fdkov\u00e9 (\u0161koda, \u017ee tak\u00e9 neplodn\u00e9).\u00a0 Ob\u011btavost cel\u00e9ho t\u00fdmu byla p\u0159\u00edkladn\u00e1 a Holmgaard po z\u00e1sluze z\u00edskala ocen\u011bn\u00ed &#8222;Player of the Match&#8220;. Tentokr\u00e1t S\u00f8rensenovi vy\u0161la taktika perfektn\u011b. Te\u010f n\u00e1s \u010dek\u00e1 dlouh\u00e1 v\u00e1no\u010dn\u00ed a novoro\u010dn\u00ed pauza. Do akce se vrac\u00edme a\u017e 12.1. 2025 v z\u00e1pase FA Cup proti Tottenhamu. <span style=\"color: #0000ff;\"><strong>COYBG!<\/strong><\/span><\/p>\n<p style=\"text-align: right;\"><span style=\"font-size: 8pt;\"><em>Fotografie: Lucy Hope slav\u00ed g\u00f3l. Zdroj: https:\/\/royalbluemersey.sbnation.com\/<\/em><\/span><\/p>\n<p><strong>G\u00f3ly:<\/strong> Hope (31\u00b4), Hayashi (39\u00b4) &#8211; Fowler (89\u00b4 &#8211; penalta)\u00a0 <strong>\u017dK:<\/strong> Holmgaard<\/p>\n<p><strong>Everton (5-4-1):<\/strong> Brosnan; H. Payne, Vanhaevermaet, Finnigan, Hope, S. Homgaard (Bissell 86\u00b4); T. Payne (Olesen 79\u00b4), Hayashi, Wheeler, Lawley; Snoeijs (Sarri 86\u00b4)<\/p>\n<p><strong>City (4-2-3-1):\u00a0<\/strong>Keating; Casparij, Aleixandri, Kennedy (Murphy 46\u00b4), Ouahabi; Roord, Hasegawa; Park (Coombs 78\u00b4), Blinkilde-Brown (Kelly 63\u00b4), Fujino; Fowler<\/p>\n<p><strong>Rozhod\u010d\u00ed:<\/strong> Cheryl Foster\u00a0 <strong>Div\u00e1ci:<\/strong> 1 292 (Walton Hall Park)<\/p>\n<p><iframe loading=\"lazy\" title=\"Full Match: Everton v Manchester City | Barclays WSL 2024-25\" width=\"1140\" height=\"641\" src=\"https:\/\/www.youtube.com\/embed\/B5xqrcZgwNw?feature=oembed\" frameborder=\"0\" allow=\"accelerometer; autoplay; clipboard-write; encrypted-media; gyroscope; picture-in-picture; web-share\" referrerpolicy=\"strict-origin-when-cross-origin\" allowfullscreen><\/iframe><\/p>\n","protected":false},"excerpt":{"rendered":"<p>P\u0159i srovn\u00e1n\u00ed na\u0161\u00ed formy a formy soupe\u0159ek jako\u017e i p\u0159i srovn\u00e1n\u00ed tabulkov\u00fdch um\u00edst\u011bn\u00ed se mohl zd\u00e1t, \u017ee S\u00f8rensenovo p\u0159edz\u00e1pasov\u00e9 prohl\u00e1\u0161en\u00ed o tom, \u017ee &#8222;m\u00e1 pl\u00e1n&#8220; bylo jen plann\u00e9 vychloub\u00e1n\u00ed. Tak tedy: nebylo.<\/p>\n","protected":false},"author":26,"featured_media":25820,"comment_status":"open","ping_status":"closed","sticky":false,"template":"","format":"standard","meta":{"_eb_attr":"","_monsterinsights_skip_tracking":false,"_monsterinsights_sitenote_active":false,"_monsterinsights_sitenote_note":"","_monsterinsights_sitenote_category":0,"footnotes":""},"categories":[110],"tags":[],"yoast_head":"<!-- This site is optimized with the Yoast SEO plugin v23.4 - https:\/\/yoast.com\/wordpress\/plugins\/seo\/ -->\n<title>Everton W - Manchester City W 2:1 - Official Czech &amp; Slovak Everton Supporters&#039; Club<\/title>\n<meta name=\"robots\" content=\"index, follow, max-snippet:-1, max-image-preview:large, max-video-preview:-1\" \/>\n<link rel=\"canonical\" href=\"https:\/\/evertonfc.cz\/index.php\/2024\/12\/17\/everton-w-manchester-city-w-2-1\/\" \/>\n<meta property=\"og:locale\" content=\"cs_CZ\" \/>\n<meta property=\"og:type\" content=\"article\" \/>\n<meta property=\"og:title\" content=\"Everton W - Manchester City W 2:1 - Official Czech &amp; Slovak Everton Supporters&#039; Club\" \/>\n<meta property=\"og:description\" content=\"P\u0159i srovn\u00e1n\u00ed na\u0161\u00ed formy a formy soupe\u0159ek jako\u017e i p\u0159i srovn\u00e1n\u00ed tabulkov\u00fdch um\u00edst\u011bn\u00ed se mohl zd\u00e1t, \u017ee S\u00f8rensenovo p\u0159edz\u00e1pasov\u00e9 prohl\u00e1\u0161en\u00ed o tom, \u017ee &quot;m\u00e1 pl\u00e1n&quot; bylo jen plann\u00e9 vychloub\u00e1n\u00ed. Tak tedy: nebylo.\" \/>\n<meta property=\"og:url\" content=\"https:\/\/evertonfc.cz\/index.php\/2024\/12\/17\/everton-w-manchester-city-w-2-1\/\" \/>\n<meta property=\"og:site_name\" content=\"Official Czech &amp; Slovak Everton Supporters&#039; Club\" \/>\n<meta property=\"article:publisher\" content=\"https:\/\/www.facebook.com\/everton.fans.cz.sk\" \/>\n<meta property=\"article:published_time\" content=\"2024-12-17T20:14:09+00:00\" \/>\n<meta property=\"article:modified_time\" content=\"2024-12-19T14:09:51+00:00\" \/>\n<meta property=\"og:image\" content=\"https:\/\/evertonfc.cz\/wp-content\/uploads\/2024\/12\/EvertonW-2-1-ManCityW-by-Lewis-Storey-Getty-Images-17-12-2024.jpg\" \/>\n\t<meta property=\"og:image:width\" content=\"720\" \/>\n\t<meta property=\"og:image:height\" content=\"405\" \/>\n\t<meta property=\"og:image:type\" content=\"image\/jpeg\" \/>\n<meta name=\"author\" content=\"Karamela\" \/>\n<meta name=\"twitter:card\" content=\"summary_large_image\" \/>\n<meta name=\"twitter:label1\" content=\"Napsal(a)\" \/>\n\t<meta name=\"twitter:data1\" content=\"Karamela\" \/>\n\t<meta name=\"twitter:label2\" content=\"Odhadovan\u00e1 doba \u010dten\u00ed\" \/>\n\t<meta name=\"twitter:data2\" content=\"4 minuty\" \/>\n<script type=\"application\/ld+json\" class=\"yoast-schema-graph\">{\"@context\":\"https:\/\/schema.org\",\"@graph\":[{\"@type\":\"Article\",\"@id\":\"https:\/\/evertonfc.cz\/index.php\/2024\/12\/17\/everton-w-manchester-city-w-2-1\/#article\",\"isPartOf\":{\"@id\":\"https:\/\/evertonfc.cz\/index.php\/2024\/12\/17\/everton-w-manchester-city-w-2-1\/\"},\"author\":{\"name\":\"Karamela\",\"@id\":\"https:\/\/evertonfc.cz\/#\/schema\/person\/e9a24a80a32efa1344dd2c4e5882185c\"},\"headline\":\"Everton W &#8211; Manchester City W 2:1\",\"datePublished\":\"2024-12-17T20:14:09+00:00\",\"dateModified\":\"2024-12-19T14:09:51+00:00\",\"mainEntityOfPage\":{\"@id\":\"https:\/\/evertonfc.cz\/index.php\/2024\/12\/17\/everton-w-manchester-city-w-2-1\/\"},\"wordCount\":947,\"commentCount\":4,\"publisher\":{\"@id\":\"https:\/\/evertonfc.cz\/#organization\"},\"image\":{\"@id\":\"https:\/\/evertonfc.cz\/index.php\/2024\/12\/17\/everton-w-manchester-city-w-2-1\/#primaryimage\"},\"thumbnailUrl\":\"https:\/\/evertonfc.cz\/wp-content\/uploads\/2024\/12\/EvertonW-2-1-ManCityW-by-Lewis-Storey-Getty-Images-17-12-2024.jpg\",\"articleSection\":[\"Everton Women\"],\"inLanguage\":\"cs\",\"potentialAction\":[{\"@type\":\"CommentAction\",\"name\":\"Comment\",\"target\":[\"https:\/\/evertonfc.cz\/index.php\/2024\/12\/17\/everton-w-manchester-city-w-2-1\/#respond\"]}]},{\"@type\":\"WebPage\",\"@id\":\"https:\/\/evertonfc.cz\/index.php\/2024\/12\/17\/everton-w-manchester-city-w-2-1\/\",\"url\":\"https:\/\/evertonfc.cz\/index.php\/2024\/12\/17\/everton-w-manchester-city-w-2-1\/\",\"name\":\"Everton W - Manchester City W 2:1 - Official Czech &amp; Slovak Everton Supporters&#039; Club\",\"isPartOf\":{\"@id\":\"https:\/\/evertonfc.cz\/#website\"},\"primaryImageOfPage\":{\"@id\":\"https:\/\/evertonfc.cz\/index.php\/2024\/12\/17\/everton-w-manchester-city-w-2-1\/#primaryimage\"},\"image\":{\"@id\":\"https:\/\/evertonfc.cz\/index.php\/2024\/12\/17\/everton-w-manchester-city-w-2-1\/#primaryimage\"},\"thumbnailUrl\":\"https:\/\/evertonfc.cz\/wp-content\/uploads\/2024\/12\/EvertonW-2-1-ManCityW-by-Lewis-Storey-Getty-Images-17-12-2024.jpg\",\"datePublished\":\"2024-12-17T20:14:09+00:00\",\"dateModified\":\"2024-12-19T14:09:51+00:00\",\"breadcrumb\":{\"@id\":\"https:\/\/evertonfc.cz\/index.php\/2024\/12\/17\/everton-w-manchester-city-w-2-1\/#breadcrumb\"},\"inLanguage\":\"cs\",\"potentialAction\":[{\"@type\":\"ReadAction\",\"target\":[\"https:\/\/evertonfc.cz\/index.php\/2024\/12\/17\/everton-w-manchester-city-w-2-1\/\"]}]},{\"@type\":\"ImageObject\",\"inLanguage\":\"cs\",\"@id\":\"https:\/\/evertonfc.cz\/index.php\/2024\/12\/17\/everton-w-manchester-city-w-2-1\/#primaryimage\",\"url\":\"https:\/\/evertonfc.cz\/wp-content\/uploads\/2024\/12\/EvertonW-2-1-ManCityW-by-Lewis-Storey-Getty-Images-17-12-2024.jpg\",\"contentUrl\":\"https:\/\/evertonfc.cz\/wp-content\/uploads\/2024\/12\/EvertonW-2-1-ManCityW-by-Lewis-Storey-Getty-Images-17-12-2024.jpg\",\"width\":720,\"height\":405},{\"@type\":\"BreadcrumbList\",\"@id\":\"https:\/\/evertonfc.cz\/index.php\/2024\/12\/17\/everton-w-manchester-city-w-2-1\/#breadcrumb\",\"itemListElement\":[{\"@type\":\"ListItem\",\"position\":1,\"name\":\"Home\",\"item\":\"https:\/\/evertonfc.cz\/\"},{\"@type\":\"ListItem\",\"position\":2,\"name\":\"Everton W &#8211; Manchester City W 2:1\"}]},{\"@type\":\"WebSite\",\"@id\":\"https:\/\/evertonfc.cz\/#website\",\"url\":\"https:\/\/evertonfc.cz\/\",\"name\":\"Official Czech &amp; Slovak Everton Supporters&#039; Club\",\"description\":\"\",\"publisher\":{\"@id\":\"https:\/\/evertonfc.cz\/#organization\"},\"potentialAction\":[{\"@type\":\"SearchAction\",\"target\":{\"@type\":\"EntryPoint\",\"urlTemplate\":\"https:\/\/evertonfc.cz\/?s={search_term_string}\"},\"query-input\":{\"@type\":\"PropertyValueSpecification\",\"valueRequired\":true,\"valueName\":\"search_term_string\"}}],\"inLanguage\":\"cs\"},{\"@type\":\"Organization\",\"@id\":\"https:\/\/evertonfc.cz\/#organization\",\"name\":\"Official Czech & Slovak Everton Supporters' Club\",\"url\":\"https:\/\/evertonfc.cz\/\",\"logo\":{\"@type\":\"ImageObject\",\"inLanguage\":\"cs\",\"@id\":\"https:\/\/evertonfc.cz\/#\/schema\/logo\/image\/\",\"url\":\"https:\/\/evertonfc.cz\/wp-content\/uploads\/2019\/05\/logo.png\",\"contentUrl\":\"https:\/\/evertonfc.cz\/wp-content\/uploads\/2019\/05\/logo.png\",\"width\":112,\"height\":112,\"caption\":\"Official Czech & Slovak Everton Supporters' Club\"},\"image\":{\"@id\":\"https:\/\/evertonfc.cz\/#\/schema\/logo\/image\/\"},\"sameAs\":[\"https:\/\/www.facebook.com\/everton.fans.cz.sk\"]},{\"@type\":\"Person\",\"@id\":\"https:\/\/evertonfc.cz\/#\/schema\/person\/e9a24a80a32efa1344dd2c4e5882185c\",\"name\":\"Karamela\",\"url\":\"https:\/\/evertonfc.cz\/index.php\/author\/karamela\/\"}]}<\/script>\n<!-- \/ Yoast SEO plugin. -->","yoast_head_json":{"title":"Everton W - Manchester City W 2:1 - Official Czech &amp; Slovak Everton Supporters&#039; Club","robots":{"index":"index","follow":"follow","max-snippet":"max-snippet:-1","max-image-preview":"max-image-preview:large","max-video-preview":"max-video-preview:-1"},"canonical":"https:\/\/evertonfc.cz\/index.php\/2024\/12\/17\/everton-w-manchester-city-w-2-1\/","og_locale":"cs_CZ","og_type":"article","og_title":"Everton W - Manchester City W 2:1 - Official Czech &amp; Slovak Everton Supporters&#039; Club","og_description":"P\u0159i srovn\u00e1n\u00ed na\u0161\u00ed formy a formy soupe\u0159ek jako\u017e i p\u0159i srovn\u00e1n\u00ed tabulkov\u00fdch um\u00edst\u011bn\u00ed se mohl zd\u00e1t, \u017ee S\u00f8rensenovo p\u0159edz\u00e1pasov\u00e9 prohl\u00e1\u0161en\u00ed o tom, \u017ee \"m\u00e1 pl\u00e1n\" bylo jen plann\u00e9 vychloub\u00e1n\u00ed. Tak tedy: nebylo.","og_url":"https:\/\/evertonfc.cz\/index.php\/2024\/12\/17\/everton-w-manchester-city-w-2-1\/","og_site_name":"Official Czech &amp; Slovak Everton Supporters&#039; Club","article_publisher":"https:\/\/www.facebook.com\/everton.fans.cz.sk","article_published_time":"2024-12-17T20:14:09+00:00","article_modified_time":"2024-12-19T14:09:51+00:00","og_image":[{"width":720,"height":405,"url":"https:\/\/evertonfc.cz\/wp-content\/uploads\/2024\/12\/EvertonW-2-1-ManCityW-by-Lewis-Storey-Getty-Images-17-12-2024.jpg","type":"image\/jpeg"}],"author":"Karamela","twitter_card":"summary_large_image","twitter_misc":{"Napsal(a)":"Karamela","Odhadovan\u00e1 doba \u010dten\u00ed":"4 minuty"},"schema":{"@context":"https:\/\/schema.org","@graph":[{"@type":"Article","@id":"https:\/\/evertonfc.cz\/index.php\/2024\/12\/17\/everton-w-manchester-city-w-2-1\/#article","isPartOf":{"@id":"https:\/\/evertonfc.cz\/index.php\/2024\/12\/17\/everton-w-manchester-city-w-2-1\/"},"author":{"name":"Karamela","@id":"https:\/\/evertonfc.cz\/#\/schema\/person\/e9a24a80a32efa1344dd2c4e5882185c"},"headline":"Everton W &#8211; Manchester City W 2:1","datePublished":"2024-12-17T20:14:09+00:00","dateModified":"2024-12-19T14:09:51+00:00","mainEntityOfPage":{"@id":"https:\/\/evertonfc.cz\/index.php\/2024\/12\/17\/everton-w-manchester-city-w-2-1\/"},"wordCount":947,"commentCount":4,"publisher":{"@id":"https:\/\/evertonfc.cz\/#organization"},"image":{"@id":"https:\/\/evertonfc.cz\/index.php\/2024\/12\/17\/everton-w-manchester-city-w-2-1\/#primaryimage"},"thumbnailUrl":"https:\/\/evertonfc.cz\/wp-content\/uploads\/2024\/12\/EvertonW-2-1-ManCityW-by-Lewis-Storey-Getty-Images-17-12-2024.jpg","articleSection":["Everton Women"],"inLanguage":"cs","potentialAction":[{"@type":"CommentAction","name":"Comment","target":["https:\/\/evertonfc.cz\/index.php\/2024\/12\/17\/everton-w-manchester-city-w-2-1\/#respond"]}]},{"@type":"WebPage","@id":"https:\/\/evertonfc.cz\/index.php\/2024\/12\/17\/everton-w-manchester-city-w-2-1\/","url":"https:\/\/evertonfc.cz\/index.php\/2024\/12\/17\/everton-w-manchester-city-w-2-1\/","name":"Everton W - Manchester City W 2:1 - Official Czech &amp; Slovak Everton Supporters&#039; Club","isPartOf":{"@id":"https:\/\/evertonfc.cz\/#website"},"primaryImageOfPage":{"@id":"https:\/\/evertonfc.cz\/index.php\/2024\/12\/17\/everton-w-manchester-city-w-2-1\/#primaryimage"},"image":{"@id":"https:\/\/evertonfc.cz\/index.php\/2024\/12\/17\/everton-w-manchester-city-w-2-1\/#primaryimage"},"thumbnailUrl":"https:\/\/evertonfc.cz\/wp-content\/uploads\/2024\/12\/EvertonW-2-1-ManCityW-by-Lewis-Storey-Getty-Images-17-12-2024.jpg","datePublished":"2024-12-17T20:14:09+00:00","dateModified":"2024-12-19T14:09:51+00:00","breadcrumb":{"@id":"https:\/\/evertonfc.cz\/index.php\/2024\/12\/17\/everton-w-manchester-city-w-2-1\/#breadcrumb"},"inLanguage":"cs","potentialAction":[{"@type":"ReadAction","target":["https:\/\/evertonfc.cz\/index.php\/2024\/12\/17\/everton-w-manchester-city-w-2-1\/"]}]},{"@type":"ImageObject","inLanguage":"cs","@id":"https:\/\/evertonfc.cz\/index.php\/2024\/12\/17\/everton-w-manchester-city-w-2-1\/#primaryimage","url":"https:\/\/evertonfc.cz\/wp-content\/uploads\/2024\/12\/EvertonW-2-1-ManCityW-by-Lewis-Storey-Getty-Images-17-12-2024.jpg","contentUrl":"https:\/\/evertonfc.cz\/wp-content\/uploads\/2024\/12\/EvertonW-2-1-ManCityW-by-Lewis-Storey-Getty-Images-17-12-2024.jpg","width":720,"height":405},{"@type":"BreadcrumbList","@id":"https:\/\/evertonfc.cz\/index.php\/2024\/12\/17\/everton-w-manchester-city-w-2-1\/#breadcrumb","itemListElement":[{"@type":"ListItem","position":1,"name":"Home","item":"https:\/\/evertonfc.cz\/"},{"@type":"ListItem","position":2,"name":"Everton W &#8211; Manchester City W 2:1"}]},{"@type":"WebSite","@id":"https:\/\/evertonfc.cz\/#website","url":"https:\/\/evertonfc.cz\/","name":"Official Czech &amp; Slovak Everton Supporters&#039; Club","description":"","publisher":{"@id":"https:\/\/evertonfc.cz\/#organization"},"potentialAction":[{"@type":"SearchAction","target":{"@type":"EntryPoint","urlTemplate":"https:\/\/evertonfc.cz\/?s={search_term_string}"},"query-input":{"@type":"PropertyValueSpecification","valueRequired":true,"valueName":"search_term_string"}}],"inLanguage":"cs"},{"@type":"Organization","@id":"https:\/\/evertonfc.cz\/#organization","name":"Official Czech & Slovak Everton Supporters' Club","url":"https:\/\/evertonfc.cz\/","logo":{"@type":"ImageObject","inLanguage":"cs","@id":"https:\/\/evertonfc.cz\/#\/schema\/logo\/image\/","url":"https:\/\/evertonfc.cz\/wp-content\/uploads\/2019\/05\/logo.png","contentUrl":"https:\/\/evertonfc.cz\/wp-content\/uploads\/2019\/05\/logo.png","width":112,"height":112,"caption":"Official Czech & Slovak Everton Supporters' Club"},"image":{"@id":"https:\/\/evertonfc.cz\/#\/schema\/logo\/image\/"},"sameAs":["https:\/\/www.facebook.com\/everton.fans.cz.sk"]},{"@type":"Person","@id":"https:\/\/evertonfc.cz\/#\/schema\/person\/e9a24a80a32efa1344dd2c4e5882185c","name":"Karamela","url":"https:\/\/evertonfc.cz\/index.php\/author\/karamela\/"}]}},"_links":{"self":[{"href":"https:\/\/evertonfc.cz\/index.php\/wp-json\/wp\/v2\/posts\/25785"}],"collection":[{"href":"https:\/\/evertonfc.cz\/index.php\/wp-json\/wp\/v2\/posts"}],"about":[{"href":"https:\/\/evertonfc.cz\/index.php\/wp-json\/wp\/v2\/types\/post"}],"author":[{"embeddable":true,"href":"https:\/\/evertonfc.cz\/index.php\/wp-json\/wp\/v2\/users\/26"}],"replies":[{"embeddable":true,"href":"https:\/\/evertonfc.cz\/index.php\/wp-json\/wp\/v2\/comments?post=25785"}],"version-history":[{"count":16,"href":"https:\/\/evertonfc.cz\/index.php\/wp-json\/wp\/v2\/posts\/25785\/revisions"}],"predecessor-version":[{"id":25824,"href":"https:\/\/evertonfc.cz\/index.php\/wp-json\/wp\/v2\/posts\/25785\/revisions\/25824"}],"wp:featuredmedia":[{"embeddable":true,"href":"https:\/\/evertonfc.cz\/index.php\/wp-json\/wp\/v2\/media\/25820"}],"wp:attachment":[{"href":"https:\/\/evertonfc.cz\/index.php\/wp-json\/wp\/v2\/media?parent=25785"}],"wp:term":[{"taxonomy":"category","embeddable":true,"href":"https:\/\/evertonfc.cz\/index.php\/wp-json\/wp\/v2\/categories?post=25785"},{"taxonomy":"post_tag","embeddable":true,"href":"https:\/\/evertonfc.cz\/index.php\/wp-json\/wp\/v2\/tags?post=25785"}],"curies":[{"name":"wp","href":"https:\/\/api.w.org\/{rel}","templated":true}]}}