{"id":25793,"date":"2024-12-16T13:48:12","date_gmt":"2024-12-16T12:48:12","guid":{"rendered":"https:\/\/evertonfc.cz\/?p=25793"},"modified":"2024-12-16T13:48:12","modified_gmt":"2024-12-16T12:48:12","slug":"arsenal-everton-00-2","status":"publish","type":"post","link":"https:\/\/evertonfc.cz\/index.php\/2024\/12\/16\/arsenal-everton-00-2\/","title":{"rendered":"Arsenal \u2013 Everton 0:0"},"content":{"rendered":"<h4>Mie\u0161anie kariet v\u00a0boji o\u00a0titul, to je \u010dinnos\u0165, ktor\u00fa Karamelky naozaj ob\u013eubuj\u00fa. Ke\u010f to od nich v\u00f4bec nikto ne\u010dak\u00e1, tak sa zapr\u00fa, a\u00a0bud\u00fa dr\u017ea\u0165 ako hluch\u00fd dvere. A\u00a0nevedno pre\u010do.<\/h4>\n<p>Kie\u017eby sme sa s takou nelogickos\u0165ou starali pravidelne aj o svoj osud, nie len ke\u010f u\u017e n\u00e1m hor\u00ed pod zadkom. Ale ako sa hovor\u00ed &#8211; \u201echudobn\u00e9mu aj z hrnca vykyp\u00ed\u201c. I ke\u010f to je mo\u017eno aj siln\u00e9 prirovnanie pre bezg\u00f3lov\u00fa rem\u00edzu. No o t\u00fd\u017ede\u0148 pr\u00edde Chelsea na Goodison Park, na \u0160tefana zaklopeme Pepovi v depresii, a kto vie? Mo\u017eno z toho bud\u00fa aj \u0161tyri body. Ako ja to nezn\u00e1\u0161am! A pravdepodobne nie som jedin\u00fd. To by bol presne ten typick\u00fd Everton, ktor\u00e9ho potom v FA Cupe vyrad\u00ed Youngov syn. Que Sera, Sera&#8230;<\/p>\n<p>Ni\u017e\u0161ie v reporte to nebudem spom\u00edna\u0165, ale aj sobotn\u00fd z\u00e1pas op\u00e4\u0165 pripomenul, \u017ee Dycheova predstava o futbale mus\u00ed by\u0165 pre s\u00faperov ako hra\u0165 biliard proti bezruk\u00e9mu. S\u00edce tam je protivn\u00edk pr\u00edtomn\u00fd a m\u00f4\u017ee sa h\u00fdba\u0165, no t\u00e1go mu je zbyto\u010dn\u00e9, jeho gule na pl\u00e1tne iba zavadzaj\u00fa, a nikdy nesk\u00f3ruj\u00fa do ko\u0161ov. To chce vlastn\u00fa kateg\u00f3riu! U\u017e 44-kr\u00e1t sme vystrelili na s\u00fapera od n\u00e1\u0161ho posledn\u00e9ho g\u00f3lu na ihrisku s\u00fapera. Na\u010do? Aj ten graf o\u010dak\u00e1van\u00fdch g\u00f3lov vyzer\u00e1, \u017ee Everton bol od 6. min\u00faty v k\u00f3me, alebo m\u0155tvy.<\/p>\n<h4><strong>Z\u00e1pasenie v <del>blate<\/del> bet\u00f3ne<\/strong><\/h4>\n<p>Z\u00e1kladn\u00e9 kamene od demol\u00e1cie Wolves (ktor\u00ed mimochodom u\u017e stihli tento v\u00edkend vyhodi\u0165 O\u2019Neila, a\u00a0zrejme dosadia <strong><a href=\"https:\/\/evertonfc.cz\/index.php\/2022\/01\/26\/pride-vitor-pereira\/\">nami nechcen\u00e9ho Vita Pereiru<\/a><\/strong>) ostali na svojom mieste. Jedinou v\u00fdnimkou bola n\u00e1hrada McNeila Harrisonom. Dwightovo koleno toti\u017e e\u0161te st\u00e1le nie je \u00faplne ok (Dyche ho nechal hra\u0165 cez zranenie proti Southamptonu) a\u00a0minul\u00fd t\u00fd\u017ede\u0148 po\u010das tr\u00e9ningov spuchlo kv\u00f4li z\u00e1palu.<\/p>\n<p>Ale je to asi jedno, aj tak by sme jeho talent vyu\u017eili len na liatie toho ist\u00e9ho bet\u00f3nu, ktor\u00fd n\u00e1m miesto neho zar\u00e1bal Harrison. Dyche ten pr\u00fad zmesi cementu, piesku a vody usmer\u0148oval na prehustenie z\u00e1lohy a zasypanie krajov. Doucour\u00e9 aj spolu s Gueyem a Mangalou boli defenz\u00edvni z\u00e1lo\u017en\u00edci na pln\u00fd \u00fav\u00e4zok, a na\u0161ich kr\u00eddeln\u00edkov by sme mohli naz\u00fdva\u0165 aj wingbackmi. \u201e\u00dato\u010dn\u00e9 povinnosti\u201c &#8211; t.j. br\u00e1ni\u0165 na polovici s\u00fapera mal len DCL.<\/p>\n<p>To ve\u013ea vypoved\u00e1 o nasleduj\u00facej \u00fato\u010dnej aktivite host\u00ed, ktor\u00e1 sa d\u00e1 z\u00fa\u017ei\u0165 len na jednu jedin\u00fa \u0161ancu v \u00favode z\u00e1pasu. T\u00fa trestuhodne zahodil Doucour\u00e9 potom, \u010do ho Managala kr\u00ed\u017enou prihr\u00e1vkou vysunul v brejku za obranu. Doucs si viedol loptu pr\u00edli\u0161 dlho, chystal si to ako na svadbu, a\u017e ho vo v\u00e1pne stra\u0161il Gabriel, a zblokoval strelu na roh. Kam by sa trafil, ak by sa trafil, absol\u00fatne nevedno, z takej bl\u00edzkosti mu to stihli prekazi\u0165.<\/p>\n<p>Opisova\u0165 nasleduj\u00facich 80 min\u00fat urputn\u00e9ho br\u00e1nenia z\u00e1sadne odmietam. V dne\u0161nej dobe zl\u00e9ho internetu sa preto zmohnem iba na \u010destn\u00e9 pripomienky. \u00da\u017easn\u00fd Tarkowski bol po dlhom \u010dase znovu v\u017edy a v\u0161ade, Branthwaite neobvyklo chyboval, Young dr\u017eal \u0161tandard a Mykolenko sa pok\u00fa\u0161al nespravi\u0165 hrub\u00e9 chyby. Ale v r\u00e1mci cel\u00e9ho t\u00edmu to fungovalo naozaj dobre, Arsenal mal aj ve\u013emi dobr\u00e9 \u0161ance, no na mu\u017ea z\u00e1pasu menom Pickford to nesta\u010dilo. Anglick\u00e1 jednotka n\u00e1m vo svojom 300. z\u00e1pase v Premier League ten bod jednozna\u010dne vychytala. Viac \u010dist\u00fdch \u0161t\u00edtov (6) m\u00e1 u\u017e len Liverpool (7). Bo\u017ee, u\u017e p\u00ed\u0161em ako Dyche rozpr\u00e1va&#8230;<\/p>\n<h4><strong>Sean Dyche po z\u00e1pase:<\/strong><\/h4>\n<blockquote><p><span style=\"font-size: 12pt;\"><em>\u201eMus\u00edte vedie\u0165, ako to fungova\u0165 bez lopty. \u0164a\u017ek\u00e9 myslie\u0165 si, \u017ee ju proti t\u00fdmto s\u00faperom budete ma\u0165. Ostatn\u00e9 veci mus\u00edte robi\u0165 dobre. Ashley Young m\u00e1 skvel\u00fa formu. Ve\u013ek\u00e1 sila charakteru. Vitalii Mykolenko, jednou z jeho ve\u013ek\u00fdch prednost\u00ed s\u00fa s\u00faboje jeden na jedn\u00e9ho. Stredov\u00e1 trojka bola v\u00fdborn\u00e1. Arsenal je dobr\u00fdm t\u00edmom. Vieme to. Hr\u00e1\u010di do toho vlo\u017eili ve\u013ek\u00fa snahu. Odhodlanie robi\u0165 z\u00e1klady \u2013 tla\u010di\u0165 a vraca\u0165 sa, vytrva\u0165 v tom 90 min\u00fat. Bol som hrd\u00fd na hr\u00e1\u010dov. Sna\u017eili sa na n\u00e1s centrova\u0165, aby si vyn\u00fatili nie\u010do, \u010do ukazuje, ak\u00ed sme boli pevn\u00ed v defenz\u00edve. Je to \u010fal\u0161\u00ed krok spr\u00e1vnym smerom.\u201c<\/em><\/span><\/p><\/blockquote>\n<h3 style=\"text-align: center;\"><span style=\"color: #3366ff;\"><em><strong>Come on you Blues !!!<\/strong><\/em><\/span><\/h3>\n<p style=\"text-align: right;\"><span style=\"font-size: 8pt;\">(fotozdroj: Sky Sports)<\/span><\/p>\n<p><strong>Zostrihy: <\/strong>HooFoot.com \/ Everton TV<\/p>\n<p><strong>\u017dlt\u00e9 karty:<\/strong> 72\u00b4 Young, 77\u00b4 Pickford, 81\u00b4 Broja<\/p>\n<p><strong>Arsenal FC:<\/strong> Raya \u2013 Timber, Saliba, Gabriel, Lewis-Skelly (69\u00b4 Partey) \u2013 \u00d8degaard (62\u00b4 Nwaneri), Rice (62\u00b4 Jorginho), Merino (69\u00b4 Jesus) \u2013 Saka, Havertz, Martinelli (74\u00b4 Trossard)<\/p>\n<p><strong>Everton FC:<\/strong> Pickford \u2013 Young, Tarkowski, Branthwaite, Mykolenko \u2013 Doucour\u00e9, Gueye, Mangala \u2013 Harrison (66\u00b4 Lindstr\u00f8m), Calvert-Lewin (66\u00b4 Broja), Ndiaye<\/p>\n<p><strong>Rozhodca: <\/strong>Craig Pawson\u00a0 <strong>Div\u00e1ci:<\/strong> 60 176\u00a0 <strong>Hr\u00e1\u010d z\u00e1pasu EFC:<\/strong> Jordan Pickford<\/p>\n","protected":false},"excerpt":{"rendered":"<p>Mie\u0161anie kariet v\u00a0boji o\u00a0titul, to je \u010dinnos\u0165, ktor\u00fa Karamelky naozaj ob\u013eubuj\u00fa. Ke\u010f to od nich v\u00f4bec nikto ne\u010dak\u00e1, tak sa zapr\u00fa, a\u00a0bud\u00fa dr\u017ea\u0165 ako hluch\u00fd dvere. A\u00a0nevedno pre\u010do.<\/p>\n","protected":false},"author":1,"featured_media":25794,"comment_status":"open","ping_status":"closed","sticky":false,"template":"","format":"standard","meta":{"_eb_attr":"","_monsterinsights_skip_tracking":false,"_monsterinsights_sitenote_active":false,"_monsterinsights_sitenote_note":"","_monsterinsights_sitenote_category":0,"footnotes":""},"categories":[4],"tags":[],"yoast_head":"<!-- This site is optimized with the Yoast SEO plugin v23.4 - https:\/\/yoast.com\/wordpress\/plugins\/seo\/ -->\n<title>Arsenal \u2013 Everton 0:0 - Official Czech &amp; Slovak Everton Supporters&#039; Club<\/title>\n<meta name=\"robots\" content=\"index, follow, max-snippet:-1, max-image-preview:large, max-video-preview:-1\" \/>\n<link rel=\"canonical\" href=\"https:\/\/evertonfc.cz\/index.php\/2024\/12\/16\/arsenal-everton-00-2\/\" \/>\n<meta property=\"og:locale\" content=\"cs_CZ\" \/>\n<meta property=\"og:type\" content=\"article\" \/>\n<meta property=\"og:title\" content=\"Arsenal \u2013 Everton 0:0 - Official Czech &amp; Slovak Everton Supporters&#039; Club\" \/>\n<meta property=\"og:description\" content=\"Mie\u0161anie kariet v\u00a0boji o\u00a0titul, to je \u010dinnos\u0165, ktor\u00fa Karamelky naozaj ob\u013eubuj\u00fa. Ke\u010f to od nich v\u00f4bec nikto ne\u010dak\u00e1, tak sa zapr\u00fa, a\u00a0bud\u00fa dr\u017ea\u0165 ako hluch\u00fd dvere. A\u00a0nevedno pre\u010do.\" \/>\n<meta property=\"og:url\" content=\"https:\/\/evertonfc.cz\/index.php\/2024\/12\/16\/arsenal-everton-00-2\/\" \/>\n<meta property=\"og:site_name\" content=\"Official Czech &amp; Slovak Everton Supporters&#039; Club\" \/>\n<meta property=\"article:publisher\" content=\"https:\/\/www.facebook.com\/everton.fans.cz.sk\" \/>\n<meta property=\"article:published_time\" content=\"2024-12-16T12:48:12+00:00\" \/>\n<meta property=\"og:image\" content=\"https:\/\/evertonfc.cz\/wp-content\/uploads\/2024\/12\/Arsenal-0-0-Everton-by-Sky-Sports-14-12-2024.jpg\" \/>\n\t<meta property=\"og:image:width\" content=\"720\" \/>\n\t<meta property=\"og:image:height\" content=\"405\" \/>\n\t<meta property=\"og:image:type\" content=\"image\/jpeg\" \/>\n<meta name=\"author\" content=\"BlueBlooded\" \/>\n<meta name=\"twitter:card\" content=\"summary_large_image\" \/>\n<meta name=\"twitter:label1\" content=\"Napsal(a)\" \/>\n\t<meta name=\"twitter:data1\" content=\"BlueBlooded\" \/>\n\t<meta name=\"twitter:label2\" content=\"Odhadovan\u00e1 doba \u010dten\u00ed\" \/>\n\t<meta name=\"twitter:data2\" content=\"4 minuty\" \/>\n<script type=\"application\/ld+json\" class=\"yoast-schema-graph\">{\"@context\":\"https:\/\/schema.org\",\"@graph\":[{\"@type\":\"Article\",\"@id\":\"https:\/\/evertonfc.cz\/index.php\/2024\/12\/16\/arsenal-everton-00-2\/#article\",\"isPartOf\":{\"@id\":\"https:\/\/evertonfc.cz\/index.php\/2024\/12\/16\/arsenal-everton-00-2\/\"},\"author\":{\"name\":\"BlueBlooded\",\"@id\":\"https:\/\/evertonfc.cz\/#\/schema\/person\/d4493b8cbea51532597fbc4685698916\"},\"headline\":\"Arsenal \u2013 Everton 0:0\",\"datePublished\":\"2024-12-16T12:48:12+00:00\",\"dateModified\":\"2024-12-16T12:48:12+00:00\",\"mainEntityOfPage\":{\"@id\":\"https:\/\/evertonfc.cz\/index.php\/2024\/12\/16\/arsenal-everton-00-2\/\"},\"wordCount\":820,\"commentCount\":8,\"publisher\":{\"@id\":\"https:\/\/evertonfc.cz\/#organization\"},\"image\":{\"@id\":\"https:\/\/evertonfc.cz\/index.php\/2024\/12\/16\/arsenal-everton-00-2\/#primaryimage\"},\"thumbnailUrl\":\"https:\/\/evertonfc.cz\/wp-content\/uploads\/2024\/12\/Arsenal-0-0-Everton-by-Sky-Sports-14-12-2024.jpg\",\"articleSection\":[\"Z\u00e1pasy\"],\"inLanguage\":\"cs\",\"potentialAction\":[{\"@type\":\"CommentAction\",\"name\":\"Comment\",\"target\":[\"https:\/\/evertonfc.cz\/index.php\/2024\/12\/16\/arsenal-everton-00-2\/#respond\"]}]},{\"@type\":\"WebPage\",\"@id\":\"https:\/\/evertonfc.cz\/index.php\/2024\/12\/16\/arsenal-everton-00-2\/\",\"url\":\"https:\/\/evertonfc.cz\/index.php\/2024\/12\/16\/arsenal-everton-00-2\/\",\"name\":\"Arsenal \u2013 Everton 0:0 - Official Czech &amp; Slovak Everton Supporters&#039; Club\",\"isPartOf\":{\"@id\":\"https:\/\/evertonfc.cz\/#website\"},\"primaryImageOfPage\":{\"@id\":\"https:\/\/evertonfc.cz\/index.php\/2024\/12\/16\/arsenal-everton-00-2\/#primaryimage\"},\"image\":{\"@id\":\"https:\/\/evertonfc.cz\/index.php\/2024\/12\/16\/arsenal-everton-00-2\/#primaryimage\"},\"thumbnailUrl\":\"https:\/\/evertonfc.cz\/wp-content\/uploads\/2024\/12\/Arsenal-0-0-Everton-by-Sky-Sports-14-12-2024.jpg\",\"datePublished\":\"2024-12-16T12:48:12+00:00\",\"dateModified\":\"2024-12-16T12:48:12+00:00\",\"breadcrumb\":{\"@id\":\"https:\/\/evertonfc.cz\/index.php\/2024\/12\/16\/arsenal-everton-00-2\/#breadcrumb\"},\"inLanguage\":\"cs\",\"potentialAction\":[{\"@type\":\"ReadAction\",\"target\":[\"https:\/\/evertonfc.cz\/index.php\/2024\/12\/16\/arsenal-everton-00-2\/\"]}]},{\"@type\":\"ImageObject\",\"inLanguage\":\"cs\",\"@id\":\"https:\/\/evertonfc.cz\/index.php\/2024\/12\/16\/arsenal-everton-00-2\/#primaryimage\",\"url\":\"https:\/\/evertonfc.cz\/wp-content\/uploads\/2024\/12\/Arsenal-0-0-Everton-by-Sky-Sports-14-12-2024.jpg\",\"contentUrl\":\"https:\/\/evertonfc.cz\/wp-content\/uploads\/2024\/12\/Arsenal-0-0-Everton-by-Sky-Sports-14-12-2024.jpg\",\"width\":720,\"height\":405},{\"@type\":\"BreadcrumbList\",\"@id\":\"https:\/\/evertonfc.cz\/index.php\/2024\/12\/16\/arsenal-everton-00-2\/#breadcrumb\",\"itemListElement\":[{\"@type\":\"ListItem\",\"position\":1,\"name\":\"Home\",\"item\":\"https:\/\/evertonfc.cz\/\"},{\"@type\":\"ListItem\",\"position\":2,\"name\":\"Arsenal \u2013 Everton 0:0\"}]},{\"@type\":\"WebSite\",\"@id\":\"https:\/\/evertonfc.cz\/#website\",\"url\":\"https:\/\/evertonfc.cz\/\",\"name\":\"Official Czech &amp; Slovak Everton Supporters&#039; Club\",\"description\":\"\",\"publisher\":{\"@id\":\"https:\/\/evertonfc.cz\/#organization\"},\"potentialAction\":[{\"@type\":\"SearchAction\",\"target\":{\"@type\":\"EntryPoint\",\"urlTemplate\":\"https:\/\/evertonfc.cz\/?s={search_term_string}\"},\"query-input\":{\"@type\":\"PropertyValueSpecification\",\"valueRequired\":true,\"valueName\":\"search_term_string\"}}],\"inLanguage\":\"cs\"},{\"@type\":\"Organization\",\"@id\":\"https:\/\/evertonfc.cz\/#organization\",\"name\":\"Official Czech & Slovak Everton Supporters' Club\",\"url\":\"https:\/\/evertonfc.cz\/\",\"logo\":{\"@type\":\"ImageObject\",\"inLanguage\":\"cs\",\"@id\":\"https:\/\/evertonfc.cz\/#\/schema\/logo\/image\/\",\"url\":\"https:\/\/evertonfc.cz\/wp-content\/uploads\/2019\/05\/logo.png\",\"contentUrl\":\"https:\/\/evertonfc.cz\/wp-content\/uploads\/2019\/05\/logo.png\",\"width\":112,\"height\":112,\"caption\":\"Official Czech & Slovak Everton Supporters' Club\"},\"image\":{\"@id\":\"https:\/\/evertonfc.cz\/#\/schema\/logo\/image\/\"},\"sameAs\":[\"https:\/\/www.facebook.com\/everton.fans.cz.sk\"]},{\"@type\":\"Person\",\"@id\":\"https:\/\/evertonfc.cz\/#\/schema\/person\/d4493b8cbea51532597fbc4685698916\",\"name\":\"BlueBlooded\",\"url\":\"https:\/\/evertonfc.cz\/index.php\/author\/admin\/\"}]}<\/script>\n<!-- \/ Yoast SEO plugin. -->","yoast_head_json":{"title":"Arsenal \u2013 Everton 0:0 - Official Czech &amp; Slovak Everton Supporters&#039; Club","robots":{"index":"index","follow":"follow","max-snippet":"max-snippet:-1","max-image-preview":"max-image-preview:large","max-video-preview":"max-video-preview:-1"},"canonical":"https:\/\/evertonfc.cz\/index.php\/2024\/12\/16\/arsenal-everton-00-2\/","og_locale":"cs_CZ","og_type":"article","og_title":"Arsenal \u2013 Everton 0:0 - Official Czech &amp; Slovak Everton Supporters&#039; Club","og_description":"Mie\u0161anie kariet v\u00a0boji o\u00a0titul, to je \u010dinnos\u0165, ktor\u00fa Karamelky naozaj ob\u013eubuj\u00fa. Ke\u010f to od nich v\u00f4bec nikto ne\u010dak\u00e1, tak sa zapr\u00fa, a\u00a0bud\u00fa dr\u017ea\u0165 ako hluch\u00fd dvere. A\u00a0nevedno pre\u010do.","og_url":"https:\/\/evertonfc.cz\/index.php\/2024\/12\/16\/arsenal-everton-00-2\/","og_site_name":"Official Czech &amp; Slovak Everton Supporters&#039; Club","article_publisher":"https:\/\/www.facebook.com\/everton.fans.cz.sk","article_published_time":"2024-12-16T12:48:12+00:00","og_image":[{"width":720,"height":405,"url":"https:\/\/evertonfc.cz\/wp-content\/uploads\/2024\/12\/Arsenal-0-0-Everton-by-Sky-Sports-14-12-2024.jpg","type":"image\/jpeg"}],"author":"BlueBlooded","twitter_card":"summary_large_image","twitter_misc":{"Napsal(a)":"BlueBlooded","Odhadovan\u00e1 doba \u010dten\u00ed":"4 minuty"},"schema":{"@context":"https:\/\/schema.org","@graph":[{"@type":"Article","@id":"https:\/\/evertonfc.cz\/index.php\/2024\/12\/16\/arsenal-everton-00-2\/#article","isPartOf":{"@id":"https:\/\/evertonfc.cz\/index.php\/2024\/12\/16\/arsenal-everton-00-2\/"},"author":{"name":"BlueBlooded","@id":"https:\/\/evertonfc.cz\/#\/schema\/person\/d4493b8cbea51532597fbc4685698916"},"headline":"Arsenal \u2013 Everton 0:0","datePublished":"2024-12-16T12:48:12+00:00","dateModified":"2024-12-16T12:48:12+00:00","mainEntityOfPage":{"@id":"https:\/\/evertonfc.cz\/index.php\/2024\/12\/16\/arsenal-everton-00-2\/"},"wordCount":820,"commentCount":8,"publisher":{"@id":"https:\/\/evertonfc.cz\/#organization"},"image":{"@id":"https:\/\/evertonfc.cz\/index.php\/2024\/12\/16\/arsenal-everton-00-2\/#primaryimage"},"thumbnailUrl":"https:\/\/evertonfc.cz\/wp-content\/uploads\/2024\/12\/Arsenal-0-0-Everton-by-Sky-Sports-14-12-2024.jpg","articleSection":["Z\u00e1pasy"],"inLanguage":"cs","potentialAction":[{"@type":"CommentAction","name":"Comment","target":["https:\/\/evertonfc.cz\/index.php\/2024\/12\/16\/arsenal-everton-00-2\/#respond"]}]},{"@type":"WebPage","@id":"https:\/\/evertonfc.cz\/index.php\/2024\/12\/16\/arsenal-everton-00-2\/","url":"https:\/\/evertonfc.cz\/index.php\/2024\/12\/16\/arsenal-everton-00-2\/","name":"Arsenal \u2013 Everton 0:0 - Official Czech &amp; Slovak Everton Supporters&#039; Club","isPartOf":{"@id":"https:\/\/evertonfc.cz\/#website"},"primaryImageOfPage":{"@id":"https:\/\/evertonfc.cz\/index.php\/2024\/12\/16\/arsenal-everton-00-2\/#primaryimage"},"image":{"@id":"https:\/\/evertonfc.cz\/index.php\/2024\/12\/16\/arsenal-everton-00-2\/#primaryimage"},"thumbnailUrl":"https:\/\/evertonfc.cz\/wp-content\/uploads\/2024\/12\/Arsenal-0-0-Everton-by-Sky-Sports-14-12-2024.jpg","datePublished":"2024-12-16T12:48:12+00:00","dateModified":"2024-12-16T12:48:12+00:00","breadcrumb":{"@id":"https:\/\/evertonfc.cz\/index.php\/2024\/12\/16\/arsenal-everton-00-2\/#breadcrumb"},"inLanguage":"cs","potentialAction":[{"@type":"ReadAction","target":["https:\/\/evertonfc.cz\/index.php\/2024\/12\/16\/arsenal-everton-00-2\/"]}]},{"@type":"ImageObject","inLanguage":"cs","@id":"https:\/\/evertonfc.cz\/index.php\/2024\/12\/16\/arsenal-everton-00-2\/#primaryimage","url":"https:\/\/evertonfc.cz\/wp-content\/uploads\/2024\/12\/Arsenal-0-0-Everton-by-Sky-Sports-14-12-2024.jpg","contentUrl":"https:\/\/evertonfc.cz\/wp-content\/uploads\/2024\/12\/Arsenal-0-0-Everton-by-Sky-Sports-14-12-2024.jpg","width":720,"height":405},{"@type":"BreadcrumbList","@id":"https:\/\/evertonfc.cz\/index.php\/2024\/12\/16\/arsenal-everton-00-2\/#breadcrumb","itemListElement":[{"@type":"ListItem","position":1,"name":"Home","item":"https:\/\/evertonfc.cz\/"},{"@type":"ListItem","position":2,"name":"Arsenal \u2013 Everton 0:0"}]},{"@type":"WebSite","@id":"https:\/\/evertonfc.cz\/#website","url":"https:\/\/evertonfc.cz\/","name":"Official Czech &amp; Slovak Everton Supporters&#039; Club","description":"","publisher":{"@id":"https:\/\/evertonfc.cz\/#organization"},"potentialAction":[{"@type":"SearchAction","target":{"@type":"EntryPoint","urlTemplate":"https:\/\/evertonfc.cz\/?s={search_term_string}"},"query-input":{"@type":"PropertyValueSpecification","valueRequired":true,"valueName":"search_term_string"}}],"inLanguage":"cs"},{"@type":"Organization","@id":"https:\/\/evertonfc.cz\/#organization","name":"Official Czech & Slovak Everton Supporters' Club","url":"https:\/\/evertonfc.cz\/","logo":{"@type":"ImageObject","inLanguage":"cs","@id":"https:\/\/evertonfc.cz\/#\/schema\/logo\/image\/","url":"https:\/\/evertonfc.cz\/wp-content\/uploads\/2019\/05\/logo.png","contentUrl":"https:\/\/evertonfc.cz\/wp-content\/uploads\/2019\/05\/logo.png","width":112,"height":112,"caption":"Official Czech & Slovak Everton Supporters' Club"},"image":{"@id":"https:\/\/evertonfc.cz\/#\/schema\/logo\/image\/"},"sameAs":["https:\/\/www.facebook.com\/everton.fans.cz.sk"]},{"@type":"Person","@id":"https:\/\/evertonfc.cz\/#\/schema\/person\/d4493b8cbea51532597fbc4685698916","name":"BlueBlooded","url":"https:\/\/evertonfc.cz\/index.php\/author\/admin\/"}]}},"_links":{"self":[{"href":"https:\/\/evertonfc.cz\/index.php\/wp-json\/wp\/v2\/posts\/25793"}],"collection":[{"href":"https:\/\/evertonfc.cz\/index.php\/wp-json\/wp\/v2\/posts"}],"about":[{"href":"https:\/\/evertonfc.cz\/index.php\/wp-json\/wp\/v2\/types\/post"}],"author":[{"embeddable":true,"href":"https:\/\/evertonfc.cz\/index.php\/wp-json\/wp\/v2\/users\/1"}],"replies":[{"embeddable":true,"href":"https:\/\/evertonfc.cz\/index.php\/wp-json\/wp\/v2\/comments?post=25793"}],"version-history":[{"count":8,"href":"https:\/\/evertonfc.cz\/index.php\/wp-json\/wp\/v2\/posts\/25793\/revisions"}],"predecessor-version":[{"id":25802,"href":"https:\/\/evertonfc.cz\/index.php\/wp-json\/wp\/v2\/posts\/25793\/revisions\/25802"}],"wp:featuredmedia":[{"embeddable":true,"href":"https:\/\/evertonfc.cz\/index.php\/wp-json\/wp\/v2\/media\/25794"}],"wp:attachment":[{"href":"https:\/\/evertonfc.cz\/index.php\/wp-json\/wp\/v2\/media?parent=25793"}],"wp:term":[{"taxonomy":"category","embeddable":true,"href":"https:\/\/evertonfc.cz\/index.php\/wp-json\/wp\/v2\/categories?post=25793"},{"taxonomy":"post_tag","embeddable":true,"href":"https:\/\/evertonfc.cz\/index.php\/wp-json\/wp\/v2\/tags?post=25793"}],"curies":[{"name":"wp","href":"https:\/\/api.w.org\/{rel}","templated":true}]}}