{"id":2581,"date":"2017-09-08T23:13:22","date_gmt":"2017-09-08T21:13:22","guid":{"rendered":"http:\/\/evertonfc.cz\/?p=2581"},"modified":"2019-02-09T22:39:55","modified_gmt":"2019-02-09T21:39:55","slug":"preview-everton-tottenham-hotspur-2","status":"publish","type":"post","link":"https:\/\/evertonfc.cz\/index.php\/2017\/09\/08\/preview-everton-tottenham-hotspur-2\/","title":{"rendered":"Preview: Everton &#8211; Tottenham Hotspur"},"content":{"rendered":"\r\n<h4>I s \u0159idi\u010dem pod parou se Toffees pokus\u00ed vyzr\u00e1t na neobl\u00edben\u00e9ho soupe\u0159e. Tottenham neporazili u\u017e p\u011bt let.<\/h4>\r\n\r\n\r\n\r\n<p>Vypadalo to jako z hollywoodsk\u00e9ho filmu. Odepsan\u00fd v United se vr\u00e1til do Evertonu, aby dok\u00e1zal, \u017ee st\u00e1le m\u00e1 na fotbal nejvy\u0161\u0161\u00ed kvality, a aby pomohl sv\u00e9mu mate\u0159sk\u00e9mu celku ukon\u010dit dlouh\u00e9 \u010dek\u00e1n\u00ed na trofej. V prvn\u00edch t\u0159ech ligov\u00fdch z\u00e1pasech vst\u0159elil dv\u011b branky, kter\u00e9 znamenaly \u010dty\u0159i body.<\/p>\r\n\r\n\r\n\r\n<p>N\u00e1sledn\u011b ukon\u010dil reprezenta\u010dn\u00ed kari\u00e9ru. Pr\u00fd proto\u017ee v 31 letech pot\u0159ebuje del\u0161\u00ed regeneraci, je\u017e mu pom\u016f\u017ee k lep\u0161\u00edm v\u00fdkon\u016fm v Evertonu. V\u0161ichni byli Rooneyho p\u0159\u00edstupem nad\u0161eni, jen\u017ee pak p\u0159i\u0161el p\u0159e\u0161lap.<\/p>\r\n\r\n\r\n\r\n<p>O reprezenta\u010dn\u00ed p\u0159est\u00e1vce ho v noci nachytala policie, jak pod vlivem alkoholu \u0159\u00edd\u00ed auto sle\u010dny, kterou potkal na party. Slu\u0161\u00ed se dodat, \u017ee v t\u00e9 dob\u011b jeho t\u011bhotn\u00e1 man\u017eelka, o\u010dek\u00e1vaj\u00edc\u00ed narozen\u00ed \u010dtvrt\u00e9ho potomka, pob\u00fdvala na dovolen\u00e9.<\/p>\r\n\r\n\r\n\r\n<p>Rooneyho af\u00e9ra jenom zhor\u0161ila n\u00e1ladu po nepoveden\u00e9m Deadline Day, kdy se Evertonu nepoda\u0159ilo p\u0159iv\u00e9st k\u00fd\u017een\u00e9ho \u00fato\u010dn\u00edka. I kv\u016fli tomu byla \u010dtvrte\u010dn\u00ed Koemanova p\u0159edz\u00e1pasov\u00e1 konference pln\u00e1 o\u010dek\u00e1v\u00e1n\u00ed. Mana\u017eer ji otev\u0159el n\u00e1sleduj\u00edc\u00edmi slovy: <em>\u201eWayne Rooney m\u011b velmi zklamal. Vy\u017eaduji discipl\u00ednu jak na h\u0159i\u0161ti, tak mimo n\u011bj. J\u00e1 i p\u0159edseda Bill Kenwright jsme s n\u00edm mluvili a a\u017e nastane vhodn\u00fd \u010das, v souladu s na\u0161\u00edm disciplin\u00e1rn\u00edm \u0159\u00e1dem v\u0161echno vy\u0159e\u0161\u00edme intern\u011b v klubu.\u201c<\/em><\/p>\r\n\r\n\r\n\r\n<p>Koeman z\u00e1rove\u0148 potvrdil, \u017ee s provinilcem po\u010d\u00edt\u00e1 do sobotn\u00edho utk\u00e1n\u00ed.<\/p>\r\n\r\n\r\n\r\n<p>Na tiskovce se ale mluvilo i o dal\u0161\u00edch z\u00e1le\u017eitostech. Koeman p\u0159iznal zklam\u00e1n\u00ed ohledn\u011b dostate\u010dn\u011b nepos\u00edlen\u00e9ho \u00fatoku, celkov\u011b je v\u0161ak s letn\u00ed aktivitou na p\u0159estupov\u00e9m poli spokojen. Nep\u0159\u00edmo d\u00e1le p\u0159iznal z\u00e1jem o Vincenta Janssena z Tottenhamu. Na jeho p\u0159\u00edkladu si post\u011b\u017eoval, \u017ee je t\u011b\u017ek\u00e9 dot\u00e1hnout transfer, pokud hr\u00e1\u010d v Deadline Day hraje reprezenta\u010dn\u00ed st\u0159etnut\u00ed. Nizozemsk\u00fd mana\u017eer tedy bude r\u00e1d za dva dny star\u00e9 rozhodnut\u00ed anglick\u00fdch klub\u016f \u2013 letn\u00ed p\u0159estupov\u00e9 okno pro n\u00e1kupy v Premier League se od sez\u00f3ny 2018\/2019 uzav\u0159e ve \u010dtvrtek p\u0159ed prvn\u00edm ligov\u00fdm kolem.<\/p>\r\n\r\n\r\n\r\n<p>Mimochodem zm\u00edn\u011bn\u00fd Janssen dnes zam\u00ed\u0159il na ro\u010dn\u00ed hostov\u00e1n\u00ed do istanbulsk\u00e9ho Fenerbahce.<\/p>\r\n\r\n\r\n\r\n<p>Koeman tak\u00e9 potvrdil Mirallasovu nespokojenost s rozhodnut\u00edm Evertonu zatrhnout p\u0159esun Olympiakosu, belgick\u00fd reprezentant m\u00e1 tento fakt p\u0159ijmout a zabojovat o m\u00edsto v Evertonu. Rovn\u011b\u017e Barkley prozat\u00edm z\u016fst\u00e1v\u00e1 na Merseyside. Jakmile vyl\u00e9\u010d\u00ed svalov\u00e9 pot\u00ed\u017ee, co\u017e bude zhruba za dva a p\u016fl m\u011bs\u00edce, mo\u017en\u00e1 v modr\u00e9m dresu je\u0161t\u011b n\u011bco odkope, ne\u017e pravd\u011bpodobn\u011b v lednu zam\u00ed\u0159il bu\u010f do Chelsea, nebo Tottenhamu.<\/p>\r\n\r\n\r\n\r\n<p>A je\u0161t\u011b jedna \u017ehav\u00e1 novinka. I vzhledem k\u00a0men\u0161\u00ed konkurenci v \u00fatoku se Koeman rozhodl vz\u00edt na milost Niasseho, kter\u00e9ho p\u0159ed rokem odst\u0159elil po 45 minut\u00e1ch p\u0159\u00edpravn\u00e9ho z\u00e1pasu s Jabloncem. <em>\u201eLo\u0148sk\u00e1 sez\u00f3na byla lo\u0148sk\u00e1 sez\u00f3na. Za sv\u016fj perfektn\u00ed p\u0159\u00edstup si zaslou\u017e\u00ed dal\u0161\u00ed \u0161anci,\u201c<\/em> vysv\u011btlil.<\/p>\r\n\r\n\r\n\r\n<p>Jak je vzpomenuto v \u00favodu \u010dl\u00e1nku, Blues naposledy zdolali Tottenhamu p\u0159ed p\u011bti lety. N\u011bkte\u0159\u00ed si je\u0161t\u011b vybav\u00ed pam\u00e1tn\u00fd obrat po brank\u00e1ch Pienaara z 89. minuty a Jelavi\u0107e po dal\u0161\u00edch 88 sekund\u00e1ch a n\u00e1sledn\u00fd bur\u00e1cej\u00edc\u00ed Goodison Park.<\/p>\r\n\r\n\r\n\r\n<p>Spurs po t\u0159ech kolech nasb\u00edrali stejn\u011b jako Everton \u010dty\u0159i body. Po venkovn\u00ed v\u00fdh\u0159e 2:0 v Newcastlu klop\u00fdtali v do\u010dasn\u00e9m domov\u011b ve Wembley. S Chelsea prohr\u00e1li 1:2 a s Burnley remizovali 1:1. V obou souboj\u00edch postr\u00e1dali klid v zakon\u010den\u00ed a hlavn\u011b organizaci obrany, jej\u00edch tolik op\u011bvovan\u00e9 p\u0159ednosti v\u00a0lo\u0148sk\u00e9 sez\u00f3n\u011b. D\u016fv\u011bru by tak mohl dostat rekordn\u00ed podpis Davinson S\u00e1nchez. Za mlad\u00e9ho stopera m\u016f\u017ee do Ajaxu putovat a\u017e 42 milion\u016f liber. Dal\u0161\u00ed v\u00fdrazn\u00e9 posily prav\u00fd obr\u00e1nce Serge Aurier (Paris St. Germain &#8211; 23 milion\u016f liber) a Fernando Llorente (Swansea City &#8211; 15 milion\u016f liber) pravd\u011bpodobn\u011b usednou jen na lavi\u010dku n\u00e1hradn\u00edk\u016f.<\/p>\r\n\r\n\r\n\r\n<p>Pochettinovi chyb\u00ed zran\u011bn\u00ed Danny Rose, Victor Wanyama, Erik Lamela a Georges-Kevin Nkoudou.<\/p>\r\n\r\n\r\n\r\n<p>U Evertonu je marodka o jedno jm\u00e9no po\u010detn\u011bj\u0161\u00ed. K dlouhodob\u00fdm absenc\u00edm Colemanovi, ten u\u017e ale v t\u00fddnu poprv\u00e9 tr\u00e9noval s m\u00ed\u010dem, Funesovi Morimu, Bolasiemu a Barkleymu p\u0159ibyl tak\u00e9 McCarthy. Pickford, Holgate a Klaassen se p\u0159es reprezenta\u010dn\u00ed p\u0159est\u00e1vku zotavili z men\u0161\u00edch \u0161r\u00e1m\u016f a minim\u00e1ln\u011b s prvn\u00edmi dv\u011bma se po\u010d\u00edt\u00e1 mezi jeden\u00e1ct vyvolen\u00fdch.<\/p>\r\n\r\n\r\n\r\n<p>Z\u00e1hadou z\u016fst\u00e1v\u00e1, zda Koeman zvol\u00ed rozestaven\u00ed se dv\u011bma, \u010di t\u0159emi stopery. Druh\u00e1 varianta je p\u0159i Colemanov\u011b ne\u00fa\u010dasti a Bainesov\u011b ztr\u00e1cej\u00edc\u00ed v\u00fdbu\u0161nosti rozhodn\u011b tou defenzivn\u011bj\u0161\u00ed, \u00fato\u010dn\u00fdm hr\u00e1\u010d\u016fm chyb\u00ed podpora od koleg\u016f z obrany.<\/p>\r\n\r\n\r\n\r\n<p>Hrot obsad\u00ed jeden z dvojice Sandro Ram\u00edrez, Dominic Calvert-Lewin. V \u00favahu ale p\u0159ipad\u00e1 i nasazen\u00ed obou z nich, pak by se nedostalo na n\u011bkoho (n\u011bkter\u00e9) z\u00a0ofenzivn\u00ed trojice Sigurdsson, Klaassen, Rooney.<\/p>\r\n\r\n\r\n\r\n<p>V sobotn\u00edm odpoledni poko\u0159\u00ed velk\u00e9 jubileum Leighton Baines. Po Timu Howardovi jako druh\u00fd v\u00a0historii Evertonu poko\u0159\u00ed metu 300 z\u00e1pas\u016f v\u00a0Premier League. Smek\u00e1m klobouk, pane profesion\u00e1le.<\/p>\r\n\r\n\r\n\r\n<p>Utk\u00e1n\u00ed vys\u00edl\u00e1 p\u0159\u00edm\u00fdm p\u0159enosem stanice Digi sport 1.<\/p>\r\n\r\n\r\n\r\n<p><strong>Co: <\/strong>Everton FC &#8211; Tottenham Hotspur FC, 4. kolo Premier League<br \/><strong>Kdy:<\/strong> 9. 9. 2017 od 16:00 SE\u010c<br \/><strong>Kde:<\/strong> Goodison Park, Liverpool (kapacita: 40 221)<br \/><strong>Rozhod\u010d\u00ed:<\/strong> Graham Scott<\/p>\r\n","protected":false},"excerpt":{"rendered":"<p>I s \u0159idi\u010dem pod parou se Toffees pokus\u00ed vyzr\u00e1t na neobl\u00edben\u00e9ho soupe\u0159e. Tottenham neporazili u\u017e p\u011bt let. Vypadalo to jako&hellip;<\/p>\n","protected":false},"author":6,"featured_media":1314,"comment_status":"open","ping_status":"closed","sticky":false,"template":"","format":"standard","meta":{"_eb_attr":"","_monsterinsights_skip_tracking":false,"_monsterinsights_sitenote_active":false,"_monsterinsights_sitenote_note":"","_monsterinsights_sitenote_category":0,"footnotes":""},"categories":[4],"tags":[],"yoast_head":"<!-- This site is optimized with the Yoast SEO plugin v23.4 - https:\/\/yoast.com\/wordpress\/plugins\/seo\/ -->\n<title>Preview: Everton - Tottenham Hotspur - Official Czech &amp; Slovak Everton Supporters&#039; Club<\/title>\n<meta name=\"robots\" content=\"index, follow, max-snippet:-1, max-image-preview:large, max-video-preview:-1\" \/>\n<link rel=\"canonical\" href=\"https:\/\/evertonfc.cz\/index.php\/2017\/09\/08\/preview-everton-tottenham-hotspur-2\/\" \/>\n<meta property=\"og:locale\" content=\"cs_CZ\" \/>\n<meta property=\"og:type\" content=\"article\" \/>\n<meta property=\"og:title\" content=\"Preview: Everton - Tottenham Hotspur - Official Czech &amp; Slovak Everton Supporters&#039; Club\" \/>\n<meta property=\"og:description\" content=\"I s \u0159idi\u010dem pod parou se Toffees pokus\u00ed vyzr\u00e1t na neobl\u00edben\u00e9ho soupe\u0159e. Tottenham neporazili u\u017e p\u011bt let. Vypadalo to jako&hellip;\" \/>\n<meta property=\"og:url\" content=\"https:\/\/evertonfc.cz\/index.php\/2017\/09\/08\/preview-everton-tottenham-hotspur-2\/\" \/>\n<meta property=\"og:site_name\" content=\"Official Czech &amp; Slovak Everton Supporters&#039; Club\" \/>\n<meta property=\"article:publisher\" content=\"https:\/\/www.facebook.com\/everton.fans.cz.sk\" \/>\n<meta property=\"article:published_time\" content=\"2017-09-08T21:13:22+00:00\" \/>\n<meta property=\"article:modified_time\" content=\"2019-02-09T21:39:55+00:00\" \/>\n<meta property=\"og:image\" content=\"https:\/\/evertonfc.cz\/wp-content\/uploads\/2019\/01\/preview.jpg\" \/>\n\t<meta property=\"og:image:width\" content=\"720\" \/>\n\t<meta property=\"og:image:height\" content=\"405\" \/>\n\t<meta property=\"og:image:type\" content=\"image\/jpeg\" \/>\n<meta name=\"author\" content=\"Ri\u010di\" \/>\n<meta name=\"twitter:card\" content=\"summary_large_image\" \/>\n<meta name=\"twitter:creator\" content=\"@rbrejsa\" \/>\n<meta name=\"twitter:label1\" content=\"Napsal(a)\" \/>\n\t<meta name=\"twitter:data1\" content=\"Ri\u010di\" \/>\n\t<meta name=\"twitter:label2\" content=\"Odhadovan\u00e1 doba \u010dten\u00ed\" \/>\n\t<meta name=\"twitter:data2\" content=\"5 minut\" \/>\n<script type=\"application\/ld+json\" class=\"yoast-schema-graph\">{\"@context\":\"https:\/\/schema.org\",\"@graph\":[{\"@type\":\"Article\",\"@id\":\"https:\/\/evertonfc.cz\/index.php\/2017\/09\/08\/preview-everton-tottenham-hotspur-2\/#article\",\"isPartOf\":{\"@id\":\"https:\/\/evertonfc.cz\/index.php\/2017\/09\/08\/preview-everton-tottenham-hotspur-2\/\"},\"author\":{\"name\":\"Ri\u010di\",\"@id\":\"https:\/\/evertonfc.cz\/#\/schema\/person\/f7a5daedb2ffee98480bc70e191aaef1\"},\"headline\":\"Preview: Everton &#8211; Tottenham Hotspur\",\"datePublished\":\"2017-09-08T21:13:22+00:00\",\"dateModified\":\"2019-02-09T21:39:55+00:00\",\"mainEntityOfPage\":{\"@id\":\"https:\/\/evertonfc.cz\/index.php\/2017\/09\/08\/preview-everton-tottenham-hotspur-2\/\"},\"wordCount\":962,\"commentCount\":0,\"publisher\":{\"@id\":\"https:\/\/evertonfc.cz\/#organization\"},\"image\":{\"@id\":\"https:\/\/evertonfc.cz\/index.php\/2017\/09\/08\/preview-everton-tottenham-hotspur-2\/#primaryimage\"},\"thumbnailUrl\":\"https:\/\/evertonfc.cz\/wp-content\/uploads\/2019\/01\/preview.jpg\",\"articleSection\":[\"Z\u00e1pasy\"],\"inLanguage\":\"cs\",\"potentialAction\":[{\"@type\":\"CommentAction\",\"name\":\"Comment\",\"target\":[\"https:\/\/evertonfc.cz\/index.php\/2017\/09\/08\/preview-everton-tottenham-hotspur-2\/#respond\"]}]},{\"@type\":\"WebPage\",\"@id\":\"https:\/\/evertonfc.cz\/index.php\/2017\/09\/08\/preview-everton-tottenham-hotspur-2\/\",\"url\":\"https:\/\/evertonfc.cz\/index.php\/2017\/09\/08\/preview-everton-tottenham-hotspur-2\/\",\"name\":\"Preview: Everton - Tottenham Hotspur - Official Czech &amp; Slovak Everton Supporters&#039; Club\",\"isPartOf\":{\"@id\":\"https:\/\/evertonfc.cz\/#website\"},\"primaryImageOfPage\":{\"@id\":\"https:\/\/evertonfc.cz\/index.php\/2017\/09\/08\/preview-everton-tottenham-hotspur-2\/#primaryimage\"},\"image\":{\"@id\":\"https:\/\/evertonfc.cz\/index.php\/2017\/09\/08\/preview-everton-tottenham-hotspur-2\/#primaryimage\"},\"thumbnailUrl\":\"https:\/\/evertonfc.cz\/wp-content\/uploads\/2019\/01\/preview.jpg\",\"datePublished\":\"2017-09-08T21:13:22+00:00\",\"dateModified\":\"2019-02-09T21:39:55+00:00\",\"breadcrumb\":{\"@id\":\"https:\/\/evertonfc.cz\/index.php\/2017\/09\/08\/preview-everton-tottenham-hotspur-2\/#breadcrumb\"},\"inLanguage\":\"cs\",\"potentialAction\":[{\"@type\":\"ReadAction\",\"target\":[\"https:\/\/evertonfc.cz\/index.php\/2017\/09\/08\/preview-everton-tottenham-hotspur-2\/\"]}]},{\"@type\":\"ImageObject\",\"inLanguage\":\"cs\",\"@id\":\"https:\/\/evertonfc.cz\/index.php\/2017\/09\/08\/preview-everton-tottenham-hotspur-2\/#primaryimage\",\"url\":\"https:\/\/evertonfc.cz\/wp-content\/uploads\/2019\/01\/preview.jpg\",\"contentUrl\":\"https:\/\/evertonfc.cz\/wp-content\/uploads\/2019\/01\/preview.jpg\",\"width\":720,\"height\":405},{\"@type\":\"BreadcrumbList\",\"@id\":\"https:\/\/evertonfc.cz\/index.php\/2017\/09\/08\/preview-everton-tottenham-hotspur-2\/#breadcrumb\",\"itemListElement\":[{\"@type\":\"ListItem\",\"position\":1,\"name\":\"Home\",\"item\":\"https:\/\/evertonfc.cz\/\"},{\"@type\":\"ListItem\",\"position\":2,\"name\":\"Preview: Everton &#8211; Tottenham Hotspur\"}]},{\"@type\":\"WebSite\",\"@id\":\"https:\/\/evertonfc.cz\/#website\",\"url\":\"https:\/\/evertonfc.cz\/\",\"name\":\"Official Czech &amp; Slovak Everton Supporters&#039; Club\",\"description\":\"\",\"publisher\":{\"@id\":\"https:\/\/evertonfc.cz\/#organization\"},\"potentialAction\":[{\"@type\":\"SearchAction\",\"target\":{\"@type\":\"EntryPoint\",\"urlTemplate\":\"https:\/\/evertonfc.cz\/?s={search_term_string}\"},\"query-input\":{\"@type\":\"PropertyValueSpecification\",\"valueRequired\":true,\"valueName\":\"search_term_string\"}}],\"inLanguage\":\"cs\"},{\"@type\":\"Organization\",\"@id\":\"https:\/\/evertonfc.cz\/#organization\",\"name\":\"Official Czech & Slovak Everton Supporters' Club\",\"url\":\"https:\/\/evertonfc.cz\/\",\"logo\":{\"@type\":\"ImageObject\",\"inLanguage\":\"cs\",\"@id\":\"https:\/\/evertonfc.cz\/#\/schema\/logo\/image\/\",\"url\":\"https:\/\/evertonfc.cz\/wp-content\/uploads\/2019\/05\/logo.png\",\"contentUrl\":\"https:\/\/evertonfc.cz\/wp-content\/uploads\/2019\/05\/logo.png\",\"width\":112,\"height\":112,\"caption\":\"Official Czech & Slovak Everton Supporters' Club\"},\"image\":{\"@id\":\"https:\/\/evertonfc.cz\/#\/schema\/logo\/image\/\"},\"sameAs\":[\"https:\/\/www.facebook.com\/everton.fans.cz.sk\"]},{\"@type\":\"Person\",\"@id\":\"https:\/\/evertonfc.cz\/#\/schema\/person\/f7a5daedb2ffee98480bc70e191aaef1\",\"name\":\"Ri\u010di\",\"sameAs\":[\"https:\/\/x.com\/rbrejsa\"],\"url\":\"https:\/\/evertonfc.cz\/index.php\/author\/rici\/\"}]}<\/script>\n<!-- \/ Yoast SEO plugin. -->","yoast_head_json":{"title":"Preview: Everton - Tottenham Hotspur - Official Czech &amp; Slovak Everton Supporters&#039; Club","robots":{"index":"index","follow":"follow","max-snippet":"max-snippet:-1","max-image-preview":"max-image-preview:large","max-video-preview":"max-video-preview:-1"},"canonical":"https:\/\/evertonfc.cz\/index.php\/2017\/09\/08\/preview-everton-tottenham-hotspur-2\/","og_locale":"cs_CZ","og_type":"article","og_title":"Preview: Everton - Tottenham Hotspur - Official Czech &amp; Slovak Everton Supporters&#039; Club","og_description":"I s \u0159idi\u010dem pod parou se Toffees pokus\u00ed vyzr\u00e1t na neobl\u00edben\u00e9ho soupe\u0159e. Tottenham neporazili u\u017e p\u011bt let. Vypadalo to jako&hellip;","og_url":"https:\/\/evertonfc.cz\/index.php\/2017\/09\/08\/preview-everton-tottenham-hotspur-2\/","og_site_name":"Official Czech &amp; Slovak Everton Supporters&#039; Club","article_publisher":"https:\/\/www.facebook.com\/everton.fans.cz.sk","article_published_time":"2017-09-08T21:13:22+00:00","article_modified_time":"2019-02-09T21:39:55+00:00","og_image":[{"width":720,"height":405,"url":"https:\/\/evertonfc.cz\/wp-content\/uploads\/2019\/01\/preview.jpg","type":"image\/jpeg"}],"author":"Ri\u010di","twitter_card":"summary_large_image","twitter_creator":"@rbrejsa","twitter_misc":{"Napsal(a)":"Ri\u010di","Odhadovan\u00e1 doba \u010dten\u00ed":"5 minut"},"schema":{"@context":"https:\/\/schema.org","@graph":[{"@type":"Article","@id":"https:\/\/evertonfc.cz\/index.php\/2017\/09\/08\/preview-everton-tottenham-hotspur-2\/#article","isPartOf":{"@id":"https:\/\/evertonfc.cz\/index.php\/2017\/09\/08\/preview-everton-tottenham-hotspur-2\/"},"author":{"name":"Ri\u010di","@id":"https:\/\/evertonfc.cz\/#\/schema\/person\/f7a5daedb2ffee98480bc70e191aaef1"},"headline":"Preview: Everton &#8211; Tottenham Hotspur","datePublished":"2017-09-08T21:13:22+00:00","dateModified":"2019-02-09T21:39:55+00:00","mainEntityOfPage":{"@id":"https:\/\/evertonfc.cz\/index.php\/2017\/09\/08\/preview-everton-tottenham-hotspur-2\/"},"wordCount":962,"commentCount":0,"publisher":{"@id":"https:\/\/evertonfc.cz\/#organization"},"image":{"@id":"https:\/\/evertonfc.cz\/index.php\/2017\/09\/08\/preview-everton-tottenham-hotspur-2\/#primaryimage"},"thumbnailUrl":"https:\/\/evertonfc.cz\/wp-content\/uploads\/2019\/01\/preview.jpg","articleSection":["Z\u00e1pasy"],"inLanguage":"cs","potentialAction":[{"@type":"CommentAction","name":"Comment","target":["https:\/\/evertonfc.cz\/index.php\/2017\/09\/08\/preview-everton-tottenham-hotspur-2\/#respond"]}]},{"@type":"WebPage","@id":"https:\/\/evertonfc.cz\/index.php\/2017\/09\/08\/preview-everton-tottenham-hotspur-2\/","url":"https:\/\/evertonfc.cz\/index.php\/2017\/09\/08\/preview-everton-tottenham-hotspur-2\/","name":"Preview: Everton - Tottenham Hotspur - Official Czech &amp; Slovak Everton Supporters&#039; Club","isPartOf":{"@id":"https:\/\/evertonfc.cz\/#website"},"primaryImageOfPage":{"@id":"https:\/\/evertonfc.cz\/index.php\/2017\/09\/08\/preview-everton-tottenham-hotspur-2\/#primaryimage"},"image":{"@id":"https:\/\/evertonfc.cz\/index.php\/2017\/09\/08\/preview-everton-tottenham-hotspur-2\/#primaryimage"},"thumbnailUrl":"https:\/\/evertonfc.cz\/wp-content\/uploads\/2019\/01\/preview.jpg","datePublished":"2017-09-08T21:13:22+00:00","dateModified":"2019-02-09T21:39:55+00:00","breadcrumb":{"@id":"https:\/\/evertonfc.cz\/index.php\/2017\/09\/08\/preview-everton-tottenham-hotspur-2\/#breadcrumb"},"inLanguage":"cs","potentialAction":[{"@type":"ReadAction","target":["https:\/\/evertonfc.cz\/index.php\/2017\/09\/08\/preview-everton-tottenham-hotspur-2\/"]}]},{"@type":"ImageObject","inLanguage":"cs","@id":"https:\/\/evertonfc.cz\/index.php\/2017\/09\/08\/preview-everton-tottenham-hotspur-2\/#primaryimage","url":"https:\/\/evertonfc.cz\/wp-content\/uploads\/2019\/01\/preview.jpg","contentUrl":"https:\/\/evertonfc.cz\/wp-content\/uploads\/2019\/01\/preview.jpg","width":720,"height":405},{"@type":"BreadcrumbList","@id":"https:\/\/evertonfc.cz\/index.php\/2017\/09\/08\/preview-everton-tottenham-hotspur-2\/#breadcrumb","itemListElement":[{"@type":"ListItem","position":1,"name":"Home","item":"https:\/\/evertonfc.cz\/"},{"@type":"ListItem","position":2,"name":"Preview: Everton &#8211; Tottenham Hotspur"}]},{"@type":"WebSite","@id":"https:\/\/evertonfc.cz\/#website","url":"https:\/\/evertonfc.cz\/","name":"Official Czech &amp; Slovak Everton Supporters&#039; Club","description":"","publisher":{"@id":"https:\/\/evertonfc.cz\/#organization"},"potentialAction":[{"@type":"SearchAction","target":{"@type":"EntryPoint","urlTemplate":"https:\/\/evertonfc.cz\/?s={search_term_string}"},"query-input":{"@type":"PropertyValueSpecification","valueRequired":true,"valueName":"search_term_string"}}],"inLanguage":"cs"},{"@type":"Organization","@id":"https:\/\/evertonfc.cz\/#organization","name":"Official Czech & Slovak Everton Supporters' Club","url":"https:\/\/evertonfc.cz\/","logo":{"@type":"ImageObject","inLanguage":"cs","@id":"https:\/\/evertonfc.cz\/#\/schema\/logo\/image\/","url":"https:\/\/evertonfc.cz\/wp-content\/uploads\/2019\/05\/logo.png","contentUrl":"https:\/\/evertonfc.cz\/wp-content\/uploads\/2019\/05\/logo.png","width":112,"height":112,"caption":"Official Czech & Slovak Everton Supporters' Club"},"image":{"@id":"https:\/\/evertonfc.cz\/#\/schema\/logo\/image\/"},"sameAs":["https:\/\/www.facebook.com\/everton.fans.cz.sk"]},{"@type":"Person","@id":"https:\/\/evertonfc.cz\/#\/schema\/person\/f7a5daedb2ffee98480bc70e191aaef1","name":"Ri\u010di","sameAs":["https:\/\/x.com\/rbrejsa"],"url":"https:\/\/evertonfc.cz\/index.php\/author\/rici\/"}]}},"_links":{"self":[{"href":"https:\/\/evertonfc.cz\/index.php\/wp-json\/wp\/v2\/posts\/2581"}],"collection":[{"href":"https:\/\/evertonfc.cz\/index.php\/wp-json\/wp\/v2\/posts"}],"about":[{"href":"https:\/\/evertonfc.cz\/index.php\/wp-json\/wp\/v2\/types\/post"}],"author":[{"embeddable":true,"href":"https:\/\/evertonfc.cz\/index.php\/wp-json\/wp\/v2\/users\/6"}],"replies":[{"embeddable":true,"href":"https:\/\/evertonfc.cz\/index.php\/wp-json\/wp\/v2\/comments?post=2581"}],"version-history":[{"count":5,"href":"https:\/\/evertonfc.cz\/index.php\/wp-json\/wp\/v2\/posts\/2581\/revisions"}],"predecessor-version":[{"id":2781,"href":"https:\/\/evertonfc.cz\/index.php\/wp-json\/wp\/v2\/posts\/2581\/revisions\/2781"}],"wp:featuredmedia":[{"embeddable":true,"href":"https:\/\/evertonfc.cz\/index.php\/wp-json\/wp\/v2\/media\/1314"}],"wp:attachment":[{"href":"https:\/\/evertonfc.cz\/index.php\/wp-json\/wp\/v2\/media?parent=2581"}],"wp:term":[{"taxonomy":"category","embeddable":true,"href":"https:\/\/evertonfc.cz\/index.php\/wp-json\/wp\/v2\/categories?post=2581"},{"taxonomy":"post_tag","embeddable":true,"href":"https:\/\/evertonfc.cz\/index.php\/wp-json\/wp\/v2\/tags?post=2581"}],"curies":[{"name":"wp","href":"https:\/\/api.w.org\/{rel}","templated":true}]}}