{"id":25837,"date":"2024-12-21T20:08:23","date_gmt":"2024-12-21T19:08:23","guid":{"rendered":"https:\/\/evertonfc.cz\/?p=25837"},"modified":"2024-12-22T11:29:22","modified_gmt":"2024-12-22T10:29:22","slug":"preview-everton-chelsea-15","status":"publish","type":"post","link":"https:\/\/evertonfc.cz\/index.php\/2024\/12\/21\/preview-everton-chelsea-15\/","title":{"rendered":"Preview: Everton &#8211; Chelsea"},"content":{"rendered":"<h4>Kdy\u017e po\u010das\u00ed neumo\u017enilo n\u00e1v\u0161t\u011bvu prvn\u00edho t\u00fdmu tabulky, tak jist\u011b umo\u017en\u00ed n\u00e1v\u0161t\u011bvu druh\u00e9ho t\u00fdmu tabulky. Aneb n\u00e1ro\u010dn\u00fd prosinec pokra\u010duje.<\/h4>\n<p>Enzo Maresca postoupil s Leicesterem v minul\u00e9 sezon\u011b do Premier League, v l\u00e9t\u011b k\u00fdvl na nab\u00eddku Pensioners. P\u0159ivedl si s sebou z\u00e1lo\u017en\u00edka Dewsburyho-Halla, za velk\u00e9 pen\u00edze p\u0159i\u0161li Joao Felix z Atl\u00e9tica Madrid a Pedro Neto<br \/>\nz Wolverhamptonu. Naopak byl prod\u00e1n exEvertonian Romelu Lukaku do Neapole (tak\u017ee s n\u00ed vede Serii A) a Broja byl posl\u00e1n do Evertonu na ro\u010dn\u00ed hostov\u00e1n\u00ed.<\/p>\n<p>V Ligov\u00e9m poh\u00e1ru prohr\u00e1li s budouc\u00edm zat\u00edmn\u00edm semifinalistou Newcastlem. To Premier League je jin\u00e1 k\u00e1va.<br \/>\nT\u00fdm kolem Enza F\u00e9randeze a Colea Palmera vystoupal do nadobla\u010dn\u00fdch v\u00fd\u0161in druh\u00e9ho m\u00edsta, p\u0159i\u010dem\u017e na to prvn\u00ed ztr\u00e1c\u00ed dva body, ale odehr\u00e1la o z\u00e1pas v\u00edce. V Konferen\u010dn\u00ed lize Chelsea jako jedin\u00fd t\u00fdm vyhr\u00e1la v\u0161echny z\u00e1pasy a stala se celkov\u00fdm v\u00edt\u011bzem z\u00e1kladn\u00ed \u010d\u00e1sti se sk\u00f3re 26:5, tak\u017ee se j\u00ed prvn\u00ed kolo play-off v \u00fanoru net\u00fdk\u00e1.<\/p>\n<p>Na Goodison Parku si nezahraj\u00ed z d\u016fvodu zran\u011bn\u00ed Benoit Badia\u0161ile, Wesley Fofana, Reece James a Omari Kellyman. Marc Cucurella si odpyk\u00e1 jednoz\u00e1pasov\u00fd trest za vylou\u010den\u00ed a zcela ur\u010dit\u011b tak\u00e9 nebude Michaylo Mudryk. Ten v \u0159\u00edjnu nepro\u0161el dopingov\u00fdm testem (nepovolenou l\u00e1tkou je meldonium, o \u010dem\u017e v\u00ed sv\u00e9 nap\u0159. tenistka \u0160arapovov\u00e1) a \u010dek\u00e1 se na anal\u00fdzu druh\u00e9ho vzorku. Maxim\u00e1ln\u00ed \u010dty\u0159let\u00fd trest asi nedostane, ale i t\u0159eba dva roky stop je \u010di bude velk\u00e1 r\u00e1na pro jeho kari\u00e9ru, a\u010d ho ve\u0159ejn\u011b Maresca podpo\u0159il. Otazn\u00edkem je \u00fa\u010dast Lavii, m\u00e1 probl\u00e9m se stehnem.<\/p>\n<p>Everton uk\u00e1zkov\u00fdm pre\u0161ovsk\u00fdm betonem v minul\u00e9m utk\u00e1n\u00ed vyv\u00e1l\u010dil bod, ale koukat se na to nedalo. Probl\u00e9m se st\u0159\u00edlen\u00edm branek je dlouhodob\u00fd a ne\u0159e\u0161en\u00fd. V\u00a0tomto z\u00e1pase nem\u016f\u017ee hr\u00e1t Broja, proto\u017ee Chelsea pat\u0159\u00ed. Do utk\u00e1n\u00ed hned tak nezas\u00e1hnou Garner s Ireogbunamem, \u00fa\u010dast McNeila zhodnotil Dyche (kter\u00e9mu nov\u00ed majitel\u00e9 klubu vyj\u00e1d\u0159ili d\u016fv\u011bru) slovy &#8222;uvid\u00edme, douf\u00e1me&#8220;.<\/p>\n<p>Pohled do ned\u00e1vn\u00e9 historie \u0159\u00edk\u00e1, \u017ee doma na Chelsea zahr\u00e1t um\u00edme &#8211; m\u00e1me 5 v\u00fdher z posledn\u00edch 6 z\u00e1pas\u016f. Snad to bude pokra\u010dovat.<\/p>\n<p><strong>Co:\u00a0<\/strong>Everton FC &#8211; Chelsea FC, 17. kolo Premier League<br \/>\n<strong>Kdy:\u00a0<\/strong>22. 12. 2024 od 15:00<br \/>\n<strong>Kde: <\/strong>Goodison Park \u2013 Goodison Rd, Liverpool L4 4EL (kapacita: 39 414)<br \/>\n<strong>TV:\u00a0<\/strong>P\u0159\u00edm\u00fd p\u0159enos na stanici Canal+ Sport, komentuje Martin Minha (\u010dlen ofici\u00e1ln\u00edho fanklubu LFC)<br \/>\n<strong>Rozhod\u010d\u00ed:\u00a0<\/strong>Chris Kavanagh &#8211; Richard West, Tim Wood\u00a0<strong>\u010ctvrt\u00fd rozhod\u010d\u00ed:\u00a0<\/strong>Tom Bramall<br \/>\n<strong>Videorozhod\u010d\u00ed:\u00a0<\/strong>Graham Scott\u00a0<strong>Asistent videorozhod\u010d\u00edho:\u00a0<\/strong>Scott Ledger<\/p>\n","protected":false},"excerpt":{"rendered":"<p>Kdy\u017e po\u010das\u00ed neumo\u017enilo n\u00e1v\u0161t\u011bvu prvn\u00edho t\u00fdmu tabulky, tak jist\u011b umo\u017en\u00ed n\u00e1v\u0161t\u011bvu druh\u00e9ho t\u00fdmu tabulky. Aneb n\u00e1ro\u010dn\u00fd prosinec pokra\u010duje.<\/p>\n","protected":false},"author":12,"featured_media":13143,"comment_status":"open","ping_status":"closed","sticky":false,"template":"","format":"standard","meta":{"_eb_attr":"","_monsterinsights_skip_tracking":false,"_monsterinsights_sitenote_active":false,"_monsterinsights_sitenote_note":"","_monsterinsights_sitenote_category":0,"footnotes":""},"categories":[4],"tags":[],"yoast_head":"<!-- This site is optimized with the Yoast SEO plugin v23.4 - https:\/\/yoast.com\/wordpress\/plugins\/seo\/ -->\n<title>Preview: Everton - Chelsea - Official Czech &amp; Slovak Everton Supporters&#039; Club<\/title>\n<meta name=\"description\" content=\"Kdy\u017e po\u010das\u00ed neumo\u017enilo n\u00e1v\u0161t\u011bvu prvn\u00edho t\u00fdmu tabulky, tak jist\u011b umo\u017en\u00ed n\u00e1v\u0161t\u011bvu druh\u00e9ho t\u00fdmu tabulky. Aneb n\u00e1ro\u010dn\u00fd prosinec pokra\u010duje.\" \/>\n<meta name=\"robots\" content=\"index, follow, max-snippet:-1, max-image-preview:large, max-video-preview:-1\" \/>\n<link rel=\"canonical\" href=\"https:\/\/evertonfc.cz\/index.php\/2024\/12\/21\/preview-everton-chelsea-15\/\" \/>\n<meta property=\"og:locale\" content=\"cs_CZ\" \/>\n<meta property=\"og:type\" content=\"article\" \/>\n<meta property=\"og:title\" content=\"Preview: Everton - Chelsea - Official Czech &amp; Slovak Everton Supporters&#039; Club\" \/>\n<meta property=\"og:description\" content=\"Kdy\u017e po\u010das\u00ed neumo\u017enilo n\u00e1v\u0161t\u011bvu prvn\u00edho t\u00fdmu tabulky, tak jist\u011b umo\u017en\u00ed n\u00e1v\u0161t\u011bvu druh\u00e9ho t\u00fdmu tabulky. Aneb n\u00e1ro\u010dn\u00fd prosinec pokra\u010duje.\" \/>\n<meta property=\"og:url\" content=\"https:\/\/evertonfc.cz\/index.php\/2024\/12\/21\/preview-everton-chelsea-15\/\" \/>\n<meta property=\"og:site_name\" content=\"Official Czech &amp; Slovak Everton Supporters&#039; Club\" \/>\n<meta property=\"article:publisher\" content=\"https:\/\/www.facebook.com\/everton.fans.cz.sk\" \/>\n<meta property=\"article:published_time\" content=\"2024-12-21T19:08:23+00:00\" \/>\n<meta property=\"article:modified_time\" content=\"2024-12-22T10:29:22+00:00\" \/>\n<meta property=\"og:image\" content=\"https:\/\/evertonfc.cz\/wp-content\/uploads\/2020\/12\/Everton-VS-Chelsea.jpg\" \/>\n\t<meta property=\"og:image:width\" content=\"720\" \/>\n\t<meta property=\"og:image:height\" content=\"405\" \/>\n\t<meta property=\"og:image:type\" content=\"image\/jpeg\" \/>\n<meta name=\"author\" content=\"Javor\" \/>\n<meta name=\"twitter:card\" content=\"summary_large_image\" \/>\n<meta name=\"twitter:creator\" content=\"@LoudinJan\" \/>\n<meta name=\"twitter:label1\" content=\"Napsal(a)\" \/>\n\t<meta name=\"twitter:data1\" content=\"Javor\" \/>\n\t<meta name=\"twitter:label2\" content=\"Odhadovan\u00e1 doba \u010dten\u00ed\" \/>\n\t<meta name=\"twitter:data2\" content=\"3 minuty\" \/>\n<script type=\"application\/ld+json\" class=\"yoast-schema-graph\">{\"@context\":\"https:\/\/schema.org\",\"@graph\":[{\"@type\":\"Article\",\"@id\":\"https:\/\/evertonfc.cz\/index.php\/2024\/12\/21\/preview-everton-chelsea-15\/#article\",\"isPartOf\":{\"@id\":\"https:\/\/evertonfc.cz\/index.php\/2024\/12\/21\/preview-everton-chelsea-15\/\"},\"author\":{\"name\":\"Javor\",\"@id\":\"https:\/\/evertonfc.cz\/#\/schema\/person\/b30daf6a5852f4811f8207a17ec1bf78\"},\"headline\":\"Preview: Everton &#8211; Chelsea\",\"datePublished\":\"2024-12-21T19:08:23+00:00\",\"dateModified\":\"2024-12-22T10:29:22+00:00\",\"mainEntityOfPage\":{\"@id\":\"https:\/\/evertonfc.cz\/index.php\/2024\/12\/21\/preview-everton-chelsea-15\/\"},\"wordCount\":488,\"commentCount\":6,\"publisher\":{\"@id\":\"https:\/\/evertonfc.cz\/#organization\"},\"image\":{\"@id\":\"https:\/\/evertonfc.cz\/index.php\/2024\/12\/21\/preview-everton-chelsea-15\/#primaryimage\"},\"thumbnailUrl\":\"https:\/\/evertonfc.cz\/wp-content\/uploads\/2020\/12\/Everton-VS-Chelsea.jpg\",\"articleSection\":[\"Z\u00e1pasy\"],\"inLanguage\":\"cs\",\"potentialAction\":[{\"@type\":\"CommentAction\",\"name\":\"Comment\",\"target\":[\"https:\/\/evertonfc.cz\/index.php\/2024\/12\/21\/preview-everton-chelsea-15\/#respond\"]}]},{\"@type\":\"WebPage\",\"@id\":\"https:\/\/evertonfc.cz\/index.php\/2024\/12\/21\/preview-everton-chelsea-15\/\",\"url\":\"https:\/\/evertonfc.cz\/index.php\/2024\/12\/21\/preview-everton-chelsea-15\/\",\"name\":\"Preview: Everton - Chelsea - Official Czech &amp; Slovak Everton Supporters&#039; Club\",\"isPartOf\":{\"@id\":\"https:\/\/evertonfc.cz\/#website\"},\"primaryImageOfPage\":{\"@id\":\"https:\/\/evertonfc.cz\/index.php\/2024\/12\/21\/preview-everton-chelsea-15\/#primaryimage\"},\"image\":{\"@id\":\"https:\/\/evertonfc.cz\/index.php\/2024\/12\/21\/preview-everton-chelsea-15\/#primaryimage\"},\"thumbnailUrl\":\"https:\/\/evertonfc.cz\/wp-content\/uploads\/2020\/12\/Everton-VS-Chelsea.jpg\",\"datePublished\":\"2024-12-21T19:08:23+00:00\",\"dateModified\":\"2024-12-22T10:29:22+00:00\",\"description\":\"Kdy\u017e po\u010das\u00ed neumo\u017enilo n\u00e1v\u0161t\u011bvu prvn\u00edho t\u00fdmu tabulky, tak jist\u011b umo\u017en\u00ed n\u00e1v\u0161t\u011bvu druh\u00e9ho t\u00fdmu tabulky. Aneb n\u00e1ro\u010dn\u00fd prosinec pokra\u010duje.\",\"breadcrumb\":{\"@id\":\"https:\/\/evertonfc.cz\/index.php\/2024\/12\/21\/preview-everton-chelsea-15\/#breadcrumb\"},\"inLanguage\":\"cs\",\"potentialAction\":[{\"@type\":\"ReadAction\",\"target\":[\"https:\/\/evertonfc.cz\/index.php\/2024\/12\/21\/preview-everton-chelsea-15\/\"]}]},{\"@type\":\"ImageObject\",\"inLanguage\":\"cs\",\"@id\":\"https:\/\/evertonfc.cz\/index.php\/2024\/12\/21\/preview-everton-chelsea-15\/#primaryimage\",\"url\":\"https:\/\/evertonfc.cz\/wp-content\/uploads\/2020\/12\/Everton-VS-Chelsea.jpg\",\"contentUrl\":\"https:\/\/evertonfc.cz\/wp-content\/uploads\/2020\/12\/Everton-VS-Chelsea.jpg\",\"width\":720,\"height\":405},{\"@type\":\"BreadcrumbList\",\"@id\":\"https:\/\/evertonfc.cz\/index.php\/2024\/12\/21\/preview-everton-chelsea-15\/#breadcrumb\",\"itemListElement\":[{\"@type\":\"ListItem\",\"position\":1,\"name\":\"Home\",\"item\":\"https:\/\/evertonfc.cz\/\"},{\"@type\":\"ListItem\",\"position\":2,\"name\":\"Preview: Everton &#8211; Chelsea\"}]},{\"@type\":\"WebSite\",\"@id\":\"https:\/\/evertonfc.cz\/#website\",\"url\":\"https:\/\/evertonfc.cz\/\",\"name\":\"Official Czech &amp; Slovak Everton Supporters&#039; Club\",\"description\":\"\",\"publisher\":{\"@id\":\"https:\/\/evertonfc.cz\/#organization\"},\"potentialAction\":[{\"@type\":\"SearchAction\",\"target\":{\"@type\":\"EntryPoint\",\"urlTemplate\":\"https:\/\/evertonfc.cz\/?s={search_term_string}\"},\"query-input\":{\"@type\":\"PropertyValueSpecification\",\"valueRequired\":true,\"valueName\":\"search_term_string\"}}],\"inLanguage\":\"cs\"},{\"@type\":\"Organization\",\"@id\":\"https:\/\/evertonfc.cz\/#organization\",\"name\":\"Official Czech & Slovak Everton Supporters' Club\",\"url\":\"https:\/\/evertonfc.cz\/\",\"logo\":{\"@type\":\"ImageObject\",\"inLanguage\":\"cs\",\"@id\":\"https:\/\/evertonfc.cz\/#\/schema\/logo\/image\/\",\"url\":\"https:\/\/evertonfc.cz\/wp-content\/uploads\/2019\/05\/logo.png\",\"contentUrl\":\"https:\/\/evertonfc.cz\/wp-content\/uploads\/2019\/05\/logo.png\",\"width\":112,\"height\":112,\"caption\":\"Official Czech & Slovak Everton Supporters' Club\"},\"image\":{\"@id\":\"https:\/\/evertonfc.cz\/#\/schema\/logo\/image\/\"},\"sameAs\":[\"https:\/\/www.facebook.com\/everton.fans.cz.sk\"]},{\"@type\":\"Person\",\"@id\":\"https:\/\/evertonfc.cz\/#\/schema\/person\/b30daf6a5852f4811f8207a17ec1bf78\",\"name\":\"Javor\",\"sameAs\":[\"https:\/\/x.com\/LoudinJan\"],\"url\":\"https:\/\/evertonfc.cz\/index.php\/author\/javor\/\"}]}<\/script>\n<!-- \/ Yoast SEO plugin. -->","yoast_head_json":{"title":"Preview: Everton - Chelsea - Official Czech &amp; Slovak Everton Supporters&#039; Club","description":"Kdy\u017e po\u010das\u00ed neumo\u017enilo n\u00e1v\u0161t\u011bvu prvn\u00edho t\u00fdmu tabulky, tak jist\u011b umo\u017en\u00ed n\u00e1v\u0161t\u011bvu druh\u00e9ho t\u00fdmu tabulky. Aneb n\u00e1ro\u010dn\u00fd prosinec pokra\u010duje.","robots":{"index":"index","follow":"follow","max-snippet":"max-snippet:-1","max-image-preview":"max-image-preview:large","max-video-preview":"max-video-preview:-1"},"canonical":"https:\/\/evertonfc.cz\/index.php\/2024\/12\/21\/preview-everton-chelsea-15\/","og_locale":"cs_CZ","og_type":"article","og_title":"Preview: Everton - Chelsea - Official Czech &amp; Slovak Everton Supporters&#039; Club","og_description":"Kdy\u017e po\u010das\u00ed neumo\u017enilo n\u00e1v\u0161t\u011bvu prvn\u00edho t\u00fdmu tabulky, tak jist\u011b umo\u017en\u00ed n\u00e1v\u0161t\u011bvu druh\u00e9ho t\u00fdmu tabulky. Aneb n\u00e1ro\u010dn\u00fd prosinec pokra\u010duje.","og_url":"https:\/\/evertonfc.cz\/index.php\/2024\/12\/21\/preview-everton-chelsea-15\/","og_site_name":"Official Czech &amp; Slovak Everton Supporters&#039; Club","article_publisher":"https:\/\/www.facebook.com\/everton.fans.cz.sk","article_published_time":"2024-12-21T19:08:23+00:00","article_modified_time":"2024-12-22T10:29:22+00:00","og_image":[{"width":720,"height":405,"url":"https:\/\/evertonfc.cz\/wp-content\/uploads\/2020\/12\/Everton-VS-Chelsea.jpg","type":"image\/jpeg"}],"author":"Javor","twitter_card":"summary_large_image","twitter_creator":"@LoudinJan","twitter_misc":{"Napsal(a)":"Javor","Odhadovan\u00e1 doba \u010dten\u00ed":"3 minuty"},"schema":{"@context":"https:\/\/schema.org","@graph":[{"@type":"Article","@id":"https:\/\/evertonfc.cz\/index.php\/2024\/12\/21\/preview-everton-chelsea-15\/#article","isPartOf":{"@id":"https:\/\/evertonfc.cz\/index.php\/2024\/12\/21\/preview-everton-chelsea-15\/"},"author":{"name":"Javor","@id":"https:\/\/evertonfc.cz\/#\/schema\/person\/b30daf6a5852f4811f8207a17ec1bf78"},"headline":"Preview: Everton &#8211; Chelsea","datePublished":"2024-12-21T19:08:23+00:00","dateModified":"2024-12-22T10:29:22+00:00","mainEntityOfPage":{"@id":"https:\/\/evertonfc.cz\/index.php\/2024\/12\/21\/preview-everton-chelsea-15\/"},"wordCount":488,"commentCount":6,"publisher":{"@id":"https:\/\/evertonfc.cz\/#organization"},"image":{"@id":"https:\/\/evertonfc.cz\/index.php\/2024\/12\/21\/preview-everton-chelsea-15\/#primaryimage"},"thumbnailUrl":"https:\/\/evertonfc.cz\/wp-content\/uploads\/2020\/12\/Everton-VS-Chelsea.jpg","articleSection":["Z\u00e1pasy"],"inLanguage":"cs","potentialAction":[{"@type":"CommentAction","name":"Comment","target":["https:\/\/evertonfc.cz\/index.php\/2024\/12\/21\/preview-everton-chelsea-15\/#respond"]}]},{"@type":"WebPage","@id":"https:\/\/evertonfc.cz\/index.php\/2024\/12\/21\/preview-everton-chelsea-15\/","url":"https:\/\/evertonfc.cz\/index.php\/2024\/12\/21\/preview-everton-chelsea-15\/","name":"Preview: Everton - Chelsea - Official Czech &amp; Slovak Everton Supporters&#039; Club","isPartOf":{"@id":"https:\/\/evertonfc.cz\/#website"},"primaryImageOfPage":{"@id":"https:\/\/evertonfc.cz\/index.php\/2024\/12\/21\/preview-everton-chelsea-15\/#primaryimage"},"image":{"@id":"https:\/\/evertonfc.cz\/index.php\/2024\/12\/21\/preview-everton-chelsea-15\/#primaryimage"},"thumbnailUrl":"https:\/\/evertonfc.cz\/wp-content\/uploads\/2020\/12\/Everton-VS-Chelsea.jpg","datePublished":"2024-12-21T19:08:23+00:00","dateModified":"2024-12-22T10:29:22+00:00","description":"Kdy\u017e po\u010das\u00ed neumo\u017enilo n\u00e1v\u0161t\u011bvu prvn\u00edho t\u00fdmu tabulky, tak jist\u011b umo\u017en\u00ed n\u00e1v\u0161t\u011bvu druh\u00e9ho t\u00fdmu tabulky. Aneb n\u00e1ro\u010dn\u00fd prosinec pokra\u010duje.","breadcrumb":{"@id":"https:\/\/evertonfc.cz\/index.php\/2024\/12\/21\/preview-everton-chelsea-15\/#breadcrumb"},"inLanguage":"cs","potentialAction":[{"@type":"ReadAction","target":["https:\/\/evertonfc.cz\/index.php\/2024\/12\/21\/preview-everton-chelsea-15\/"]}]},{"@type":"ImageObject","inLanguage":"cs","@id":"https:\/\/evertonfc.cz\/index.php\/2024\/12\/21\/preview-everton-chelsea-15\/#primaryimage","url":"https:\/\/evertonfc.cz\/wp-content\/uploads\/2020\/12\/Everton-VS-Chelsea.jpg","contentUrl":"https:\/\/evertonfc.cz\/wp-content\/uploads\/2020\/12\/Everton-VS-Chelsea.jpg","width":720,"height":405},{"@type":"BreadcrumbList","@id":"https:\/\/evertonfc.cz\/index.php\/2024\/12\/21\/preview-everton-chelsea-15\/#breadcrumb","itemListElement":[{"@type":"ListItem","position":1,"name":"Home","item":"https:\/\/evertonfc.cz\/"},{"@type":"ListItem","position":2,"name":"Preview: Everton &#8211; Chelsea"}]},{"@type":"WebSite","@id":"https:\/\/evertonfc.cz\/#website","url":"https:\/\/evertonfc.cz\/","name":"Official Czech &amp; Slovak Everton Supporters&#039; Club","description":"","publisher":{"@id":"https:\/\/evertonfc.cz\/#organization"},"potentialAction":[{"@type":"SearchAction","target":{"@type":"EntryPoint","urlTemplate":"https:\/\/evertonfc.cz\/?s={search_term_string}"},"query-input":{"@type":"PropertyValueSpecification","valueRequired":true,"valueName":"search_term_string"}}],"inLanguage":"cs"},{"@type":"Organization","@id":"https:\/\/evertonfc.cz\/#organization","name":"Official Czech & Slovak Everton Supporters' Club","url":"https:\/\/evertonfc.cz\/","logo":{"@type":"ImageObject","inLanguage":"cs","@id":"https:\/\/evertonfc.cz\/#\/schema\/logo\/image\/","url":"https:\/\/evertonfc.cz\/wp-content\/uploads\/2019\/05\/logo.png","contentUrl":"https:\/\/evertonfc.cz\/wp-content\/uploads\/2019\/05\/logo.png","width":112,"height":112,"caption":"Official Czech & Slovak Everton Supporters' Club"},"image":{"@id":"https:\/\/evertonfc.cz\/#\/schema\/logo\/image\/"},"sameAs":["https:\/\/www.facebook.com\/everton.fans.cz.sk"]},{"@type":"Person","@id":"https:\/\/evertonfc.cz\/#\/schema\/person\/b30daf6a5852f4811f8207a17ec1bf78","name":"Javor","sameAs":["https:\/\/x.com\/LoudinJan"],"url":"https:\/\/evertonfc.cz\/index.php\/author\/javor\/"}]}},"_links":{"self":[{"href":"https:\/\/evertonfc.cz\/index.php\/wp-json\/wp\/v2\/posts\/25837"}],"collection":[{"href":"https:\/\/evertonfc.cz\/index.php\/wp-json\/wp\/v2\/posts"}],"about":[{"href":"https:\/\/evertonfc.cz\/index.php\/wp-json\/wp\/v2\/types\/post"}],"author":[{"embeddable":true,"href":"https:\/\/evertonfc.cz\/index.php\/wp-json\/wp\/v2\/users\/12"}],"replies":[{"embeddable":true,"href":"https:\/\/evertonfc.cz\/index.php\/wp-json\/wp\/v2\/comments?post=25837"}],"version-history":[{"count":9,"href":"https:\/\/evertonfc.cz\/index.php\/wp-json\/wp\/v2\/posts\/25837\/revisions"}],"predecessor-version":[{"id":25846,"href":"https:\/\/evertonfc.cz\/index.php\/wp-json\/wp\/v2\/posts\/25837\/revisions\/25846"}],"wp:featuredmedia":[{"embeddable":true,"href":"https:\/\/evertonfc.cz\/index.php\/wp-json\/wp\/v2\/media\/13143"}],"wp:attachment":[{"href":"https:\/\/evertonfc.cz\/index.php\/wp-json\/wp\/v2\/media?parent=25837"}],"wp:term":[{"taxonomy":"category","embeddable":true,"href":"https:\/\/evertonfc.cz\/index.php\/wp-json\/wp\/v2\/categories?post=25837"},{"taxonomy":"post_tag","embeddable":true,"href":"https:\/\/evertonfc.cz\/index.php\/wp-json\/wp\/v2\/tags?post=25837"}],"curies":[{"name":"wp","href":"https:\/\/api.w.org\/{rel}","templated":true}]}}