{"id":25850,"date":"2024-12-22T22:03:19","date_gmt":"2024-12-22T21:03:19","guid":{"rendered":"https:\/\/evertonfc.cz\/?p=25850"},"modified":"2024-12-30T21:27:05","modified_gmt":"2024-12-30T20:27:05","slug":"prichazi-kelly-gago","status":"publish","type":"post","link":"https:\/\/evertonfc.cz\/index.php\/2024\/12\/22\/prichazi-kelly-gago\/","title":{"rendered":"P\u0159ich\u00e1z\u00ed Kelly Gago"},"content":{"rendered":"<h4>P\u011btadvacetilet\u00e1 francouzsk\u00e1 reprezentantka Odette Kelly Gago se stala prvn\u00ed posilou na\u0161eho \u017eensk\u00e9ho t\u00fdmu v zimn\u00edm p\u0159estupov\u00e9m obdob\u00ed. A je tak\u00e9 prvn\u00ed hr\u00e1\u010dskou akvizic\u00ed po p\u0159evzet\u00ed Evertonu Friedkinovou skupinou.<\/h4>\n<p>Vzhledem k tomu, \u017ee finan\u010dn\u00ed podpora a stabilizace \u017eensk\u00e9ho t\u00fdmu je jednou z formulovan\u00fdch priorit friedkinovc\u016f, tak jde pravd\u011bpodobn\u011b jen o \u00favodn\u00ed kolo dal\u0161\u00edho zaj\u00edmav\u00e9ho d\u011bn\u00ed. S\u00e1m S\u00f8rensen vkl\u00e1d\u00e1 do lednov\u00e9ho p\u0159estupov\u00e9ho okna neobvykle velk\u00e9 nad\u011bje.<\/p>\n<p>Gago k n\u00e1m dorazila z Nantes, kde odehr\u00e1l pouze prvn\u00ed \u010d\u00e1st leto\u0161n\u00ed sez\u00f3ny. Jej\u00ed d\u0159\u00edv\u011bj\u0161\u00ed\u00a0 p\u016fsobi\u0161t\u011b zahrnuj\u00ed Parmu, Sampdorii, Saint \u00c9tienne a Dijon. Na sv\u00fdch \u0161tac\u00edch zast\u00e1v\u00e1 \u00falohu \u00fato\u010dnice a jej\u00ed g\u00f3lov\u00e9 z\u00e1znamy nejsou dechberouc\u00ed, ale solid\u00ed ano. A\u00a0 \u010dist\u011b numericky jsou bez debat nad leto\u0161n\u00edm evertonsk\u00fdm pr\u016fm\u011brem.<\/p>\n<p>Levonoh\u00e1, 175 cm vysok\u00e1 Roda\u010dka z Cr\u00e9teil (p\u0159edm\u011bst\u00ed Pa\u0159\u00ed\u017ee) ned\u00e1vno zaznamenal i sv\u016fj prvn\u00ed reprezenta\u010dn\u00ed g\u00f3l p\u0159i \u0159\u00edjnov\u00e9m p\u0159\u00e1telsk\u00e9m utk\u00e1n\u00ed se \u0160v\u00fdcarkami (Francie prohr\u00e1la 1:2). Dle zpr\u00e1v z informovan\u00fdch kruh\u016f vynik\u00e1 Kelly rychlost\u00ed, technick\u00fdmi schopnostmi a\u00a0 univerz\u00e1lnost\u00ed. Je schopna zast\u00e1vat \u00falohu hrotu stejn\u011b tak jako k\u0159\u00eddla. Pro Everton by tak mohla b\u00fdt v\u00edtanou posilou a z\u00e1rove\u0148 by Everon mohl b\u00fdt v\u00fdznamn\u00fdm dal\u0161\u00ed stupn\u011bm jej\u00ed fotbalov\u00e9 kari\u00e9ry. V ka\u017ed\u00e9m p\u0159\u00edpad\u011b je u n\u00e1s v\u0159ele v\u00edtan\u00e1. <span style=\"color: #0000ff;\"><strong>COYBG!<\/strong><\/span><\/p>\n","protected":false},"excerpt":{"rendered":"<p>P\u011btadvacetilet\u00e1 francouzsk\u00e1 reprezentantka Odette Kelly Gago se stala prvn\u00ed posilou na\u0161eho \u017eensk\u00e9ho t\u00fdmu v zimn\u00edm p\u0159estupov\u00e9m obdob\u00ed. A je tak\u00e9 prvn\u00ed hr\u00e1\u010dskou akvizic\u00ed po p\u0159evzet\u00ed Evertonu Friedkinovou skupinou.<\/p>\n","protected":false},"author":26,"featured_media":25852,"comment_status":"open","ping_status":"closed","sticky":false,"template":"","format":"standard","meta":{"_eb_attr":"","_monsterinsights_skip_tracking":false,"_monsterinsights_sitenote_active":false,"_monsterinsights_sitenote_note":"","_monsterinsights_sitenote_category":0,"footnotes":""},"categories":[110],"tags":[],"yoast_head":"<!-- This site is optimized with the Yoast SEO plugin v23.4 - https:\/\/yoast.com\/wordpress\/plugins\/seo\/ -->\n<title>P\u0159ich\u00e1z\u00ed Kelly Gago - Official Czech &amp; Slovak Everton Supporters&#039; Club<\/title>\n<meta name=\"robots\" content=\"index, follow, max-snippet:-1, max-image-preview:large, max-video-preview:-1\" \/>\n<link rel=\"canonical\" href=\"https:\/\/evertonfc.cz\/index.php\/2024\/12\/22\/prichazi-kelly-gago\/\" \/>\n<meta property=\"og:locale\" content=\"cs_CZ\" \/>\n<meta property=\"og:type\" content=\"article\" \/>\n<meta property=\"og:title\" content=\"P\u0159ich\u00e1z\u00ed Kelly Gago - Official Czech &amp; Slovak Everton Supporters&#039; Club\" \/>\n<meta property=\"og:description\" content=\"P\u011btadvacetilet\u00e1 francouzsk\u00e1 reprezentantka Odette Kelly Gago se stala prvn\u00ed posilou na\u0161eho \u017eensk\u00e9ho t\u00fdmu v zimn\u00edm p\u0159estupov\u00e9m obdob\u00ed. A je tak\u00e9 prvn\u00ed hr\u00e1\u010dskou akvizic\u00ed po p\u0159evzet\u00ed Evertonu Friedkinovou skupinou.\" \/>\n<meta property=\"og:url\" content=\"https:\/\/evertonfc.cz\/index.php\/2024\/12\/22\/prichazi-kelly-gago\/\" \/>\n<meta property=\"og:site_name\" content=\"Official Czech &amp; Slovak Everton Supporters&#039; Club\" \/>\n<meta property=\"article:publisher\" content=\"https:\/\/www.facebook.com\/everton.fans.cz.sk\" \/>\n<meta property=\"article:published_time\" content=\"2024-12-22T21:03:19+00:00\" \/>\n<meta property=\"article:modified_time\" content=\"2024-12-30T20:27:05+00:00\" \/>\n<meta property=\"og:image\" content=\"https:\/\/evertonfc.cz\/wp-content\/uploads\/2024\/12\/Gago-22_12_2024_veb.jpg\" \/>\n\t<meta property=\"og:image:width\" content=\"720\" \/>\n\t<meta property=\"og:image:height\" content=\"405\" \/>\n\t<meta property=\"og:image:type\" content=\"image\/jpeg\" \/>\n<meta name=\"author\" content=\"Karamela\" \/>\n<meta name=\"twitter:card\" content=\"summary_large_image\" \/>\n<meta name=\"twitter:label1\" content=\"Napsal(a)\" \/>\n\t<meta name=\"twitter:data1\" content=\"Karamela\" \/>\n\t<meta name=\"twitter:label2\" content=\"Odhadovan\u00e1 doba \u010dten\u00ed\" \/>\n\t<meta name=\"twitter:data2\" content=\"2 minuty\" \/>\n<script type=\"application\/ld+json\" class=\"yoast-schema-graph\">{\"@context\":\"https:\/\/schema.org\",\"@graph\":[{\"@type\":\"Article\",\"@id\":\"https:\/\/evertonfc.cz\/index.php\/2024\/12\/22\/prichazi-kelly-gago\/#article\",\"isPartOf\":{\"@id\":\"https:\/\/evertonfc.cz\/index.php\/2024\/12\/22\/prichazi-kelly-gago\/\"},\"author\":{\"name\":\"Karamela\",\"@id\":\"https:\/\/evertonfc.cz\/#\/schema\/person\/e9a24a80a32efa1344dd2c4e5882185c\"},\"headline\":\"P\u0159ich\u00e1z\u00ed Kelly Gago\",\"datePublished\":\"2024-12-22T21:03:19+00:00\",\"dateModified\":\"2024-12-30T20:27:05+00:00\",\"mainEntityOfPage\":{\"@id\":\"https:\/\/evertonfc.cz\/index.php\/2024\/12\/22\/prichazi-kelly-gago\/\"},\"wordCount\":270,\"commentCount\":0,\"publisher\":{\"@id\":\"https:\/\/evertonfc.cz\/#organization\"},\"image\":{\"@id\":\"https:\/\/evertonfc.cz\/index.php\/2024\/12\/22\/prichazi-kelly-gago\/#primaryimage\"},\"thumbnailUrl\":\"https:\/\/evertonfc.cz\/wp-content\/uploads\/2024\/12\/Gago-22_12_2024_veb.jpg\",\"articleSection\":[\"Everton Women\"],\"inLanguage\":\"cs\",\"potentialAction\":[{\"@type\":\"CommentAction\",\"name\":\"Comment\",\"target\":[\"https:\/\/evertonfc.cz\/index.php\/2024\/12\/22\/prichazi-kelly-gago\/#respond\"]}]},{\"@type\":\"WebPage\",\"@id\":\"https:\/\/evertonfc.cz\/index.php\/2024\/12\/22\/prichazi-kelly-gago\/\",\"url\":\"https:\/\/evertonfc.cz\/index.php\/2024\/12\/22\/prichazi-kelly-gago\/\",\"name\":\"P\u0159ich\u00e1z\u00ed Kelly Gago - Official Czech &amp; Slovak Everton Supporters&#039; Club\",\"isPartOf\":{\"@id\":\"https:\/\/evertonfc.cz\/#website\"},\"primaryImageOfPage\":{\"@id\":\"https:\/\/evertonfc.cz\/index.php\/2024\/12\/22\/prichazi-kelly-gago\/#primaryimage\"},\"image\":{\"@id\":\"https:\/\/evertonfc.cz\/index.php\/2024\/12\/22\/prichazi-kelly-gago\/#primaryimage\"},\"thumbnailUrl\":\"https:\/\/evertonfc.cz\/wp-content\/uploads\/2024\/12\/Gago-22_12_2024_veb.jpg\",\"datePublished\":\"2024-12-22T21:03:19+00:00\",\"dateModified\":\"2024-12-30T20:27:05+00:00\",\"breadcrumb\":{\"@id\":\"https:\/\/evertonfc.cz\/index.php\/2024\/12\/22\/prichazi-kelly-gago\/#breadcrumb\"},\"inLanguage\":\"cs\",\"potentialAction\":[{\"@type\":\"ReadAction\",\"target\":[\"https:\/\/evertonfc.cz\/index.php\/2024\/12\/22\/prichazi-kelly-gago\/\"]}]},{\"@type\":\"ImageObject\",\"inLanguage\":\"cs\",\"@id\":\"https:\/\/evertonfc.cz\/index.php\/2024\/12\/22\/prichazi-kelly-gago\/#primaryimage\",\"url\":\"https:\/\/evertonfc.cz\/wp-content\/uploads\/2024\/12\/Gago-22_12_2024_veb.jpg\",\"contentUrl\":\"https:\/\/evertonfc.cz\/wp-content\/uploads\/2024\/12\/Gago-22_12_2024_veb.jpg\",\"width\":720,\"height\":405},{\"@type\":\"BreadcrumbList\",\"@id\":\"https:\/\/evertonfc.cz\/index.php\/2024\/12\/22\/prichazi-kelly-gago\/#breadcrumb\",\"itemListElement\":[{\"@type\":\"ListItem\",\"position\":1,\"name\":\"Home\",\"item\":\"https:\/\/evertonfc.cz\/\"},{\"@type\":\"ListItem\",\"position\":2,\"name\":\"P\u0159ich\u00e1z\u00ed Kelly Gago\"}]},{\"@type\":\"WebSite\",\"@id\":\"https:\/\/evertonfc.cz\/#website\",\"url\":\"https:\/\/evertonfc.cz\/\",\"name\":\"Official Czech &amp; Slovak Everton Supporters&#039; Club\",\"description\":\"\",\"publisher\":{\"@id\":\"https:\/\/evertonfc.cz\/#organization\"},\"potentialAction\":[{\"@type\":\"SearchAction\",\"target\":{\"@type\":\"EntryPoint\",\"urlTemplate\":\"https:\/\/evertonfc.cz\/?s={search_term_string}\"},\"query-input\":{\"@type\":\"PropertyValueSpecification\",\"valueRequired\":true,\"valueName\":\"search_term_string\"}}],\"inLanguage\":\"cs\"},{\"@type\":\"Organization\",\"@id\":\"https:\/\/evertonfc.cz\/#organization\",\"name\":\"Official Czech & Slovak Everton Supporters' Club\",\"url\":\"https:\/\/evertonfc.cz\/\",\"logo\":{\"@type\":\"ImageObject\",\"inLanguage\":\"cs\",\"@id\":\"https:\/\/evertonfc.cz\/#\/schema\/logo\/image\/\",\"url\":\"https:\/\/evertonfc.cz\/wp-content\/uploads\/2019\/05\/logo.png\",\"contentUrl\":\"https:\/\/evertonfc.cz\/wp-content\/uploads\/2019\/05\/logo.png\",\"width\":112,\"height\":112,\"caption\":\"Official Czech & Slovak Everton Supporters' Club\"},\"image\":{\"@id\":\"https:\/\/evertonfc.cz\/#\/schema\/logo\/image\/\"},\"sameAs\":[\"https:\/\/www.facebook.com\/everton.fans.cz.sk\"]},{\"@type\":\"Person\",\"@id\":\"https:\/\/evertonfc.cz\/#\/schema\/person\/e9a24a80a32efa1344dd2c4e5882185c\",\"name\":\"Karamela\",\"url\":\"https:\/\/evertonfc.cz\/index.php\/author\/karamela\/\"}]}<\/script>\n<!-- \/ Yoast SEO plugin. -->","yoast_head_json":{"title":"P\u0159ich\u00e1z\u00ed Kelly Gago - Official Czech &amp; Slovak Everton Supporters&#039; Club","robots":{"index":"index","follow":"follow","max-snippet":"max-snippet:-1","max-image-preview":"max-image-preview:large","max-video-preview":"max-video-preview:-1"},"canonical":"https:\/\/evertonfc.cz\/index.php\/2024\/12\/22\/prichazi-kelly-gago\/","og_locale":"cs_CZ","og_type":"article","og_title":"P\u0159ich\u00e1z\u00ed Kelly Gago - Official Czech &amp; Slovak Everton Supporters&#039; Club","og_description":"P\u011btadvacetilet\u00e1 francouzsk\u00e1 reprezentantka Odette Kelly Gago se stala prvn\u00ed posilou na\u0161eho \u017eensk\u00e9ho t\u00fdmu v zimn\u00edm p\u0159estupov\u00e9m obdob\u00ed. A je tak\u00e9 prvn\u00ed hr\u00e1\u010dskou akvizic\u00ed po p\u0159evzet\u00ed Evertonu Friedkinovou skupinou.","og_url":"https:\/\/evertonfc.cz\/index.php\/2024\/12\/22\/prichazi-kelly-gago\/","og_site_name":"Official Czech &amp; Slovak Everton Supporters&#039; Club","article_publisher":"https:\/\/www.facebook.com\/everton.fans.cz.sk","article_published_time":"2024-12-22T21:03:19+00:00","article_modified_time":"2024-12-30T20:27:05+00:00","og_image":[{"width":720,"height":405,"url":"https:\/\/evertonfc.cz\/wp-content\/uploads\/2024\/12\/Gago-22_12_2024_veb.jpg","type":"image\/jpeg"}],"author":"Karamela","twitter_card":"summary_large_image","twitter_misc":{"Napsal(a)":"Karamela","Odhadovan\u00e1 doba \u010dten\u00ed":"2 minuty"},"schema":{"@context":"https:\/\/schema.org","@graph":[{"@type":"Article","@id":"https:\/\/evertonfc.cz\/index.php\/2024\/12\/22\/prichazi-kelly-gago\/#article","isPartOf":{"@id":"https:\/\/evertonfc.cz\/index.php\/2024\/12\/22\/prichazi-kelly-gago\/"},"author":{"name":"Karamela","@id":"https:\/\/evertonfc.cz\/#\/schema\/person\/e9a24a80a32efa1344dd2c4e5882185c"},"headline":"P\u0159ich\u00e1z\u00ed Kelly Gago","datePublished":"2024-12-22T21:03:19+00:00","dateModified":"2024-12-30T20:27:05+00:00","mainEntityOfPage":{"@id":"https:\/\/evertonfc.cz\/index.php\/2024\/12\/22\/prichazi-kelly-gago\/"},"wordCount":270,"commentCount":0,"publisher":{"@id":"https:\/\/evertonfc.cz\/#organization"},"image":{"@id":"https:\/\/evertonfc.cz\/index.php\/2024\/12\/22\/prichazi-kelly-gago\/#primaryimage"},"thumbnailUrl":"https:\/\/evertonfc.cz\/wp-content\/uploads\/2024\/12\/Gago-22_12_2024_veb.jpg","articleSection":["Everton Women"],"inLanguage":"cs","potentialAction":[{"@type":"CommentAction","name":"Comment","target":["https:\/\/evertonfc.cz\/index.php\/2024\/12\/22\/prichazi-kelly-gago\/#respond"]}]},{"@type":"WebPage","@id":"https:\/\/evertonfc.cz\/index.php\/2024\/12\/22\/prichazi-kelly-gago\/","url":"https:\/\/evertonfc.cz\/index.php\/2024\/12\/22\/prichazi-kelly-gago\/","name":"P\u0159ich\u00e1z\u00ed Kelly Gago - Official Czech &amp; Slovak Everton Supporters&#039; Club","isPartOf":{"@id":"https:\/\/evertonfc.cz\/#website"},"primaryImageOfPage":{"@id":"https:\/\/evertonfc.cz\/index.php\/2024\/12\/22\/prichazi-kelly-gago\/#primaryimage"},"image":{"@id":"https:\/\/evertonfc.cz\/index.php\/2024\/12\/22\/prichazi-kelly-gago\/#primaryimage"},"thumbnailUrl":"https:\/\/evertonfc.cz\/wp-content\/uploads\/2024\/12\/Gago-22_12_2024_veb.jpg","datePublished":"2024-12-22T21:03:19+00:00","dateModified":"2024-12-30T20:27:05+00:00","breadcrumb":{"@id":"https:\/\/evertonfc.cz\/index.php\/2024\/12\/22\/prichazi-kelly-gago\/#breadcrumb"},"inLanguage":"cs","potentialAction":[{"@type":"ReadAction","target":["https:\/\/evertonfc.cz\/index.php\/2024\/12\/22\/prichazi-kelly-gago\/"]}]},{"@type":"ImageObject","inLanguage":"cs","@id":"https:\/\/evertonfc.cz\/index.php\/2024\/12\/22\/prichazi-kelly-gago\/#primaryimage","url":"https:\/\/evertonfc.cz\/wp-content\/uploads\/2024\/12\/Gago-22_12_2024_veb.jpg","contentUrl":"https:\/\/evertonfc.cz\/wp-content\/uploads\/2024\/12\/Gago-22_12_2024_veb.jpg","width":720,"height":405},{"@type":"BreadcrumbList","@id":"https:\/\/evertonfc.cz\/index.php\/2024\/12\/22\/prichazi-kelly-gago\/#breadcrumb","itemListElement":[{"@type":"ListItem","position":1,"name":"Home","item":"https:\/\/evertonfc.cz\/"},{"@type":"ListItem","position":2,"name":"P\u0159ich\u00e1z\u00ed Kelly Gago"}]},{"@type":"WebSite","@id":"https:\/\/evertonfc.cz\/#website","url":"https:\/\/evertonfc.cz\/","name":"Official Czech &amp; Slovak Everton Supporters&#039; Club","description":"","publisher":{"@id":"https:\/\/evertonfc.cz\/#organization"},"potentialAction":[{"@type":"SearchAction","target":{"@type":"EntryPoint","urlTemplate":"https:\/\/evertonfc.cz\/?s={search_term_string}"},"query-input":{"@type":"PropertyValueSpecification","valueRequired":true,"valueName":"search_term_string"}}],"inLanguage":"cs"},{"@type":"Organization","@id":"https:\/\/evertonfc.cz\/#organization","name":"Official Czech & Slovak Everton Supporters' Club","url":"https:\/\/evertonfc.cz\/","logo":{"@type":"ImageObject","inLanguage":"cs","@id":"https:\/\/evertonfc.cz\/#\/schema\/logo\/image\/","url":"https:\/\/evertonfc.cz\/wp-content\/uploads\/2019\/05\/logo.png","contentUrl":"https:\/\/evertonfc.cz\/wp-content\/uploads\/2019\/05\/logo.png","width":112,"height":112,"caption":"Official Czech & Slovak Everton Supporters' Club"},"image":{"@id":"https:\/\/evertonfc.cz\/#\/schema\/logo\/image\/"},"sameAs":["https:\/\/www.facebook.com\/everton.fans.cz.sk"]},{"@type":"Person","@id":"https:\/\/evertonfc.cz\/#\/schema\/person\/e9a24a80a32efa1344dd2c4e5882185c","name":"Karamela","url":"https:\/\/evertonfc.cz\/index.php\/author\/karamela\/"}]}},"_links":{"self":[{"href":"https:\/\/evertonfc.cz\/index.php\/wp-json\/wp\/v2\/posts\/25850"}],"collection":[{"href":"https:\/\/evertonfc.cz\/index.php\/wp-json\/wp\/v2\/posts"}],"about":[{"href":"https:\/\/evertonfc.cz\/index.php\/wp-json\/wp\/v2\/types\/post"}],"author":[{"embeddable":true,"href":"https:\/\/evertonfc.cz\/index.php\/wp-json\/wp\/v2\/users\/26"}],"replies":[{"embeddable":true,"href":"https:\/\/evertonfc.cz\/index.php\/wp-json\/wp\/v2\/comments?post=25850"}],"version-history":[{"count":5,"href":"https:\/\/evertonfc.cz\/index.php\/wp-json\/wp\/v2\/posts\/25850\/revisions"}],"predecessor-version":[{"id":25921,"href":"https:\/\/evertonfc.cz\/index.php\/wp-json\/wp\/v2\/posts\/25850\/revisions\/25921"}],"wp:featuredmedia":[{"embeddable":true,"href":"https:\/\/evertonfc.cz\/index.php\/wp-json\/wp\/v2\/media\/25852"}],"wp:attachment":[{"href":"https:\/\/evertonfc.cz\/index.php\/wp-json\/wp\/v2\/media?parent=25850"}],"wp:term":[{"taxonomy":"category","embeddable":true,"href":"https:\/\/evertonfc.cz\/index.php\/wp-json\/wp\/v2\/categories?post=25850"},{"taxonomy":"post_tag","embeddable":true,"href":"https:\/\/evertonfc.cz\/index.php\/wp-json\/wp\/v2\/tags?post=25850"}],"curies":[{"name":"wp","href":"https:\/\/api.w.org\/{rel}","templated":true}]}}