{"id":25885,"date":"2024-12-26T09:23:35","date_gmt":"2024-12-26T08:23:35","guid":{"rendered":"https:\/\/evertonfc.cz\/?p=25885"},"modified":"2024-12-26T09:26:59","modified_gmt":"2024-12-26T08:26:59","slug":"preview-manchester-city-everton-15","status":"publish","type":"post","link":"https:\/\/evertonfc.cz\/index.php\/2024\/12\/26\/preview-manchester-city-everton-15\/","title":{"rendered":"Preview: Manchester City \u2013 Everton"},"content":{"rendered":"<h4>Keby mal Boxing Day nie\u010do spolo\u010dn\u00e9 s boxom, tak dnes by EFC pri\u0161lo do ringu s cie\u013eom vytrva\u0165 do posledn\u00e9ho kola. Br\u00e1ni\u0165 a blokova\u0165 \u00fadery, to vie. Skuto\u010dn\u00fdm cie\u013eom sviatku je v\u0161ak obdarov\u00e1va\u0165 chudobn\u00fdch. Ste na rade, Cityzens!<\/h4>\n<p>Pravda, Karamelky si trochu polep\u0161ili. U\u017e nie s\u00fa ten \u00faplne najzadl\u017eenej\u0161\u00ed klub pod slnkom. Av\u0161ak v tabu\u013eke, to je teda p\u00f4st. Bod\u00edk po bod\u00edku, pri v\u00e4\u010d\u0161om s\u00faste by sme sa sn\u00e1\u010f aj ochv\u00e1tili. Ale ke\u010f u\u017e s\u00fa tie sviatky, tak by n\u00e1m mohol niekto dopria\u0165. O to viac, ak by sme si to aj zasl\u00fa\u017eili. To je toti\u017e najnov\u0161\u00ed cie\u013e Seana Dyche a jeho kab\u00edny. Spoji\u0165 novonadobudnut\u00fa sol\u00eddnos\u0165 v obrane s plynul\u00fdmi \u00fato\u010dn\u00fdmi akciami. Proste sci-fi, ak sa sp\u00fdtate m\u0148a. Veru, v z\u00e1hrade m\u00e1m \u010dosi odroben\u00e9, ale z motyky som teda e\u0161te naozaj nestrie\u013eal&#8230;<\/p>\n<h4><strong>Sean Dyche:<\/strong><\/h4>\n<blockquote><p><span style=\"font-size: 12pt;\"><em>\u201eOd za\u010diatku sez\u00f3ny sme ur\u010dite napravili defenz\u00edvnu str\u00e1nku vec\u00ed. Mysl\u00edm, \u017ee je to zrejm\u00e9. \u010eal\u0161\u00edm krokom je n\u00e1js\u0165 rovnov\u00e1hu a za\u00fato\u010di\u0165 viac klinick\u00fdm charakterom. Strie\u013ea\u0165 g\u00f3ly v Premier League nie je \u013eahk\u00e1 \u00faloha, to vie ka\u017ed\u00fd. M\u00e1me v\u0161ak \u0161tyri r\u00f4zne mo\u017enosti, \u0161tyroch hr\u00e1\u010dov r\u00f4znych typov a d\u00fafame, \u017ee ich vyu\u017eijeme rozumne. Chceme ten intern\u00fd konkuren\u010dn\u00fd prvok a chceme, aby hrali \u013eudia, ktor\u00ed z\u00fafalo chc\u00fa hra\u0165. Mysl\u00edm, \u017ee ke\u010f je \u0161um, \u017ee ned\u00e1vame g\u00f3ly, potom by to malo by\u0165 to prav\u00e9 pre \u00fato\u010dn\u00edka, ktor\u00fd si mysl\u00ed: \u201aChcem by\u0165 t\u00fdm, kto urob\u00ed rozdiel\u2018. Moment\u00e1lne o\u00a0jeden dres s\u00faperia \u0161tyria, preto\u017ee vyu\u017e\u00edvame \u010dastej\u0161ie troch v strede po\u013ea. To mus\u00ed by\u0165 dobr\u00fd konkuren\u010dn\u00fd motiv\u00e1tor.\u201c<\/em><\/span><\/p><\/blockquote>\n<p>Na to, aby sme nejak\u00fdm z\u00e1zrakom porazili belas\u00ed Manchester, potrebujeme by\u0165 odv\u00e1\u017eni na lopte, najm\u00e4 \u010do sa t\u00fdka proti\u00fatokov, a\u00a0nezav\u00e1ha\u0165 pre br\u00e1nkou s\u00fapera. Smola je, \u017ee Everton presne tak\u00fdto neb\u00fdva. N\u00e1\u0161 autobus s\u00edce len tak niekto neodtiahne, no s\u00e1m sa m\u00e1 probl\u00e9m dosta\u0165 z\u00a0parkoviska. T\u00e1 bezzubos\u0165 v\u00a0\u00fatoku n\u00e1m pravidelne l\u00e1me v\u00e4z. Ve\u010f sme v\u00a0posledn\u00fdch siedmych z\u00e1pasoch sk\u00f3rovali iba v\u00a0jednom z\u00a0nich.<\/p>\n<h4><strong>Pep Guardiola:<\/strong><\/h4>\n<blockquote><p><span style=\"font-size: 12pt;\"><em>\u201eV piatich najlep\u0161\u00edch lig\u00e1ch v Eur\u00f3pe s\u00fa jedni z najlep\u0161\u00edch, \u010do sa t\u00fdka \u010dist\u00fdch kont, tak\u017ee to ukazuje, \u017ee br\u00e1nia naozaj dobre. Je to o n\u00e1s a o n\u00e1vrate k tomu najlep\u0161iemu. Chv\u00ed\u013eu to potrv\u00e1, ke\u010f\u017ee nem\u00e1me hr\u00e1\u010dov, ale potrebujeme dosiahnu\u0165 v\u00fdsledky \u010do najr\u00fdchlej\u0161ie. Everton je v dobrej chv\u00edli. Ukazuj\u00fa to ich v\u00fdkony. D\u00fafajme, \u017ee na\u0161i hr\u00e1\u010di bud\u00fa konzistentn\u00ed a dosiahneme v\u00fdsledok. Je to o n\u00e1s \u2013 nie je to o jednom hr\u00e1\u010dovi. V minulosti sme strie\u013eali g\u00f3ly a Erling bol plodn\u00fd, no bolo to kv\u00f4li t\u00edmu. Bolo by \u013eahk\u00e9, keby to bolo len o jednom hr\u00e1\u010dovi. Ale nie je. Erling je pre n\u00e1s d\u00f4le\u017eit\u00fd a mus\u00edme ho lep\u0161ie vyu\u017ei\u0165.\u201c<\/em><\/span><\/p><\/blockquote>\n<h4><strong>T\u00edmov\u00e9 novinky<\/strong><\/h4>\n<p>Na Etihad Stadium by sa n\u00e1m ur\u010dite zi\u0161iel McNeil. Len\u017ee ten st\u00e1le laboruje s\u00a0kolenom a\u00a0n\u00e1vrat nie je ist\u00fd ani cez v\u00edkend. Nepocestuje ani Ashley Young, \u010do je \u0161koda. Naozaj, hoci s\u00e1m never\u00edm, \u010do p\u00ed\u0161em. Veter\u00e1n m\u00e1 fam\u00f3znu formu, no nazbieral u\u017e p\u00e4\u0165 \u017elt\u00fdch kariet, \u010do je na jednu stopku. Ostatn\u00ed dvaja absent\u00e9ri s\u00fa u\u017e len Garner a\u00a0Iroegbunam. Obaja tr\u00e9nuj\u00fa samostatne na tr\u00e1ve, tak mo\u017eno v\u00a0janu\u00e1ri sa uk\u00e1\u017eu. Zd\u00e1 sa, \u017ee aj Chermiti u\u017e m\u00f4\u017ee mie\u0161a\u0165 kartami, ke\u010f bol proti Chelsea aspo\u0148 na lavi\u010dke.<\/p>\n<p>S\u00faper si je neist\u00fd \u00fa\u010das\u0165ou Stonesa, ktor\u00fd nedohral posledn\u00fa prehru vo Villa Parku. Druh\u00fd stop\u00e9r Dias nezasiahne ur\u010dite. Dlhodobo vyraden\u00fd je svetov\u00fd z\u00e1lo\u017en\u00edk Rodri, kr\u00eddeln\u00edk Bobb, aj obranca Ak\u00e9. Nunes a\u00a0Ederson podst\u00fapia pred z\u00e1pasom fitness test. Je teda pravdepodobn\u00e9, \u017ee by sme sa mali v\u00a0\u00fatoku zamera\u0165 na mlad\u00e9ho obrancu Jahmaia Simpsona-Puseyho, ktor\u00fd by mal lepi\u0165 skosen\u00fa defenz\u00edvu dom\u00e1cich.<\/p>\n<h4 style=\"text-align: center;\"><span style=\"text-decoration: underline;\"><strong>\u0160tatistick\u00e9 okienko:<\/strong><\/span><\/h4>\n<ul>\n<li>Manchester City neprehral v posledn\u00fdch 15 z\u00e1pasoch proti Evertonu vo v\u0161etk\u00fdch s\u00fa\u0165a\u017eiach, pri\u010dom 13 z nich vyhral. Everton zase vyhral iba jedno z posledn\u00fdch 22 stretnut\u00ed zo City v Premier League, a prehral 12 z posledn\u00fdch 13 z\u00e1pasov.<\/li>\n<li>Ligov\u00fd z\u00e1pas na ihrisku Cityzens nevyhrali Karamelky od v\u00ed\u0165azstva 2:1 pred 14 rokmi, ktor\u00e9 zariadili g\u00f3ly Cahilla a Bainesa. Posledn\u00fd triumf Toffees proti modr\u00e9mu klubu z\u00a0Manchesteru bol pam\u00e4tn\u00fd v\u00fdprask host\u00ed 4:0 v Goodison Parku v janu\u00e1ri 2017.<\/li>\n<li>Aktu\u00e1lna forma s\u00fapera je v\u0161ak dev\u00e4\u0165 prehier z posledn\u00fdch 12 z\u00e1pasov vo v\u0161etk\u00fdch s\u00fa\u0165a\u017eiach. Ich jedin\u00e9 v\u00ed\u0165azstvo v tomto obdob\u00ed bolo v lige 3:0 doma s\u00a0Nottinghamom.<\/li>\n<li>Naopak, EFC prehralo iba dva z\u00a0posledn\u00fdch 12 ligov\u00fdch z\u00e1pasov. Navy\u0161e, neprehrali sme posledn\u00fdch osem z\u00e1pasov vonku na Boxing Day od prehry 4:0 na Aston Ville v roku 2005.<\/li>\n<li>Skyblues vyhrali od svojho n\u00e1vratu do najvy\u0161\u0161ej s\u00fa\u0165a\u017ee v roku 2002 v\u0161etk\u00fdch sedem dom\u00e1cich z\u00e1pasov na Boxing Day s celkov\u00fdm sk\u00f3re 24:7.<\/li>\n<li>V\u0161etky tri ligov\u00e9 v\u00ed\u0165azstv\u00e1 Evertonu v tejto sez\u00f3ne boli zatia\u013e proti mu\u017estv\u00e1m, ktor\u00e9 s\u00fa moment\u00e1lne v tabu\u013eke pod nimi. Jedin\u00e9 tri body na ihrisku s\u00fapera z\u00edskali za v\u00fdsledok 2:0 v Ipswichi v okt\u00f3bri.<\/li>\n<li>Od za\u010diatku novembra z\u00edskal zajtraj\u0161\u00ed s\u00faper ligov\u00e9 minimum, len \u0161tyri body. V tejto sez\u00f3ne inkasovali prv\u00fd g\u00f3l v deviatich z\u00e1pasoch \u2013 iba t\u00edmy, ktor\u00e9 s\u00fa moment\u00e1lne v spodnej \u0161tvorke, inkasovali ako prv\u00ed \u010dastej\u0161ie.<\/li>\n<li>Karamelky ale nedok\u00e1zali v tejto sez\u00f3ne sk\u00f3rova\u0165 v bezkonkuren\u010dn\u00fdch deviatich ligov\u00fdch z\u00e1pasoch. Ich 6% pomer premenen\u00fdch striel je najhor\u0161\u00ed v najvy\u0161\u0161ej s\u00fa\u0165a\u017ei.<\/li>\n<li>City \u010delilo doteraz v\u00a0lige 158 strel\u00e1m, \u010do je najmenej zo v\u0161etk\u00fdch t\u00edmov v tejto sez\u00f3ne, a napriek tomu inkasovali 15% z nich. Spolo\u010dne najviac v Premier League.<\/li>\n<li>Aspo\u0148 \u017ee v posledn\u00fdch \u0161iestich ligov\u00fdch z\u00e1pasoch udr\u017eal Dyche a spol p\u00e4\u0165 \u010dist\u00fdch kont. Celkovo sedem n\u00fal Pickforda od za\u010diatku okt\u00f3bra je najviac zo v\u0161etk\u00fdch t\u00edmov v\u00a0Top 5 eur\u00f3pskych lig\u00e1ch.<\/li>\n<li>A\u00a0na z\u00e1ver, Dominic Calvert-Lewin u\u017e nedok\u00e1zal sk\u00f3rova\u0165 v posledn\u00fdch 12 z\u00e1pasoch Premier League.<\/li>\n<\/ul>\n<h3 style=\"text-align: center;\"><span style=\"color: #3366ff;\"><em><strong>Up The Toffees !!!<\/strong><\/em><\/span><\/h3>\n<p><strong>\u010co:<\/strong> Manchester City FC \u2013 Everton FC, 18. kolo Premier League<br \/>\n<strong>Kedy:<\/strong> 26.12. 2024 od 13:30 SE\u010c<br \/>\n<strong>Ako: <\/strong>priamy prenos Canal+Sport (komentuje Ond\u0159ej L\u00edpa)<br \/>\n<strong>Kde:<\/strong> Etihad Stadium \u2013 Ashton New Rd, Manchester M11 3FF (kapacita: 55 017)<br \/>\n<strong>Rozhodca:<\/strong> Simon Hooper\u00a0 <strong>Asistenti:<\/strong> A. Holmes, S. Long\u00a0 <strong>\u0160tvrt\u00fd rozhodca:<\/strong> D. Webb<br \/>\n<strong>VAR:<\/strong> Alex Chilowicz\u00a0 <strong>Asistent VAR:<\/strong> Dan Cook<\/p>\n","protected":false},"excerpt":{"rendered":"<p>Keby mal Boxing Day nie\u010do spolo\u010dn\u00e9 s boxom, tak dnes by EFC pri\u0161lo do ringu s cie\u013eom vytrva\u0165 do posledn\u00e9ho kola. Br\u00e1ni\u0165 a blokova\u0165 \u00fadery, to vie. Skuto\u010dn\u00fdm cie\u013eom sviatku je v\u0161ak obdarov\u00e1va\u0165 chudobn\u00fdch. Ste na rade, Cityzens!<\/p>\n","protected":false},"author":1,"featured_media":14182,"comment_status":"open","ping_status":"closed","sticky":false,"template":"","format":"standard","meta":{"_eb_attr":"","_monsterinsights_skip_tracking":false,"_monsterinsights_sitenote_active":false,"_monsterinsights_sitenote_note":"","_monsterinsights_sitenote_category":0,"footnotes":""},"categories":[4],"tags":[],"yoast_head":"<!-- This site is optimized with the Yoast SEO plugin v23.4 - https:\/\/yoast.com\/wordpress\/plugins\/seo\/ -->\n<title>Preview: Manchester City \u2013 Everton - Official Czech &amp; Slovak Everton Supporters&#039; Club<\/title>\n<meta name=\"robots\" content=\"index, follow, max-snippet:-1, max-image-preview:large, max-video-preview:-1\" \/>\n<link rel=\"canonical\" href=\"https:\/\/evertonfc.cz\/index.php\/2024\/12\/26\/preview-manchester-city-everton-15\/\" \/>\n<meta property=\"og:locale\" content=\"cs_CZ\" \/>\n<meta property=\"og:type\" content=\"article\" \/>\n<meta property=\"og:title\" content=\"Preview: Manchester City \u2013 Everton - Official Czech &amp; Slovak Everton Supporters&#039; Club\" \/>\n<meta property=\"og:description\" content=\"Keby mal Boxing Day nie\u010do spolo\u010dn\u00e9 s boxom, tak dnes by EFC pri\u0161lo do ringu s cie\u013eom vytrva\u0165 do posledn\u00e9ho kola. Br\u00e1ni\u0165 a blokova\u0165 \u00fadery, to vie. Skuto\u010dn\u00fdm cie\u013eom sviatku je v\u0161ak obdarov\u00e1va\u0165 chudobn\u00fdch. Ste na rade, Cityzens!\" \/>\n<meta property=\"og:url\" content=\"https:\/\/evertonfc.cz\/index.php\/2024\/12\/26\/preview-manchester-city-everton-15\/\" \/>\n<meta property=\"og:site_name\" content=\"Official Czech &amp; Slovak Everton Supporters&#039; Club\" \/>\n<meta property=\"article:publisher\" content=\"https:\/\/www.facebook.com\/everton.fans.cz.sk\" \/>\n<meta property=\"article:published_time\" content=\"2024-12-26T08:23:35+00:00\" \/>\n<meta property=\"article:modified_time\" content=\"2024-12-26T08:26:59+00:00\" \/>\n<meta property=\"og:image\" content=\"https:\/\/evertonfc.cz\/wp-content\/uploads\/2021\/02\/Manchester-City-VS-Everton.jpg\" \/>\n\t<meta property=\"og:image:width\" content=\"720\" \/>\n\t<meta property=\"og:image:height\" content=\"405\" \/>\n\t<meta property=\"og:image:type\" content=\"image\/jpeg\" \/>\n<meta name=\"author\" content=\"BlueBlooded\" \/>\n<meta name=\"twitter:card\" content=\"summary_large_image\" \/>\n<meta name=\"twitter:label1\" content=\"Napsal(a)\" \/>\n\t<meta name=\"twitter:data1\" content=\"BlueBlooded\" \/>\n\t<meta name=\"twitter:label2\" content=\"Odhadovan\u00e1 doba \u010dten\u00ed\" \/>\n\t<meta name=\"twitter:data2\" content=\"5 minut\" \/>\n<script type=\"application\/ld+json\" class=\"yoast-schema-graph\">{\"@context\":\"https:\/\/schema.org\",\"@graph\":[{\"@type\":\"Article\",\"@id\":\"https:\/\/evertonfc.cz\/index.php\/2024\/12\/26\/preview-manchester-city-everton-15\/#article\",\"isPartOf\":{\"@id\":\"https:\/\/evertonfc.cz\/index.php\/2024\/12\/26\/preview-manchester-city-everton-15\/\"},\"author\":{\"name\":\"BlueBlooded\",\"@id\":\"https:\/\/evertonfc.cz\/#\/schema\/person\/d4493b8cbea51532597fbc4685698916\"},\"headline\":\"Preview: Manchester City \u2013 Everton\",\"datePublished\":\"2024-12-26T08:23:35+00:00\",\"dateModified\":\"2024-12-26T08:26:59+00:00\",\"mainEntityOfPage\":{\"@id\":\"https:\/\/evertonfc.cz\/index.php\/2024\/12\/26\/preview-manchester-city-everton-15\/\"},\"wordCount\":1187,\"commentCount\":6,\"publisher\":{\"@id\":\"https:\/\/evertonfc.cz\/#organization\"},\"image\":{\"@id\":\"https:\/\/evertonfc.cz\/index.php\/2024\/12\/26\/preview-manchester-city-everton-15\/#primaryimage\"},\"thumbnailUrl\":\"https:\/\/evertonfc.cz\/wp-content\/uploads\/2021\/02\/Manchester-City-VS-Everton.jpg\",\"articleSection\":[\"Z\u00e1pasy\"],\"inLanguage\":\"cs\",\"potentialAction\":[{\"@type\":\"CommentAction\",\"name\":\"Comment\",\"target\":[\"https:\/\/evertonfc.cz\/index.php\/2024\/12\/26\/preview-manchester-city-everton-15\/#respond\"]}]},{\"@type\":\"WebPage\",\"@id\":\"https:\/\/evertonfc.cz\/index.php\/2024\/12\/26\/preview-manchester-city-everton-15\/\",\"url\":\"https:\/\/evertonfc.cz\/index.php\/2024\/12\/26\/preview-manchester-city-everton-15\/\",\"name\":\"Preview: Manchester City \u2013 Everton - Official Czech &amp; Slovak Everton Supporters&#039; Club\",\"isPartOf\":{\"@id\":\"https:\/\/evertonfc.cz\/#website\"},\"primaryImageOfPage\":{\"@id\":\"https:\/\/evertonfc.cz\/index.php\/2024\/12\/26\/preview-manchester-city-everton-15\/#primaryimage\"},\"image\":{\"@id\":\"https:\/\/evertonfc.cz\/index.php\/2024\/12\/26\/preview-manchester-city-everton-15\/#primaryimage\"},\"thumbnailUrl\":\"https:\/\/evertonfc.cz\/wp-content\/uploads\/2021\/02\/Manchester-City-VS-Everton.jpg\",\"datePublished\":\"2024-12-26T08:23:35+00:00\",\"dateModified\":\"2024-12-26T08:26:59+00:00\",\"breadcrumb\":{\"@id\":\"https:\/\/evertonfc.cz\/index.php\/2024\/12\/26\/preview-manchester-city-everton-15\/#breadcrumb\"},\"inLanguage\":\"cs\",\"potentialAction\":[{\"@type\":\"ReadAction\",\"target\":[\"https:\/\/evertonfc.cz\/index.php\/2024\/12\/26\/preview-manchester-city-everton-15\/\"]}]},{\"@type\":\"ImageObject\",\"inLanguage\":\"cs\",\"@id\":\"https:\/\/evertonfc.cz\/index.php\/2024\/12\/26\/preview-manchester-city-everton-15\/#primaryimage\",\"url\":\"https:\/\/evertonfc.cz\/wp-content\/uploads\/2021\/02\/Manchester-City-VS-Everton.jpg\",\"contentUrl\":\"https:\/\/evertonfc.cz\/wp-content\/uploads\/2021\/02\/Manchester-City-VS-Everton.jpg\",\"width\":720,\"height\":405},{\"@type\":\"BreadcrumbList\",\"@id\":\"https:\/\/evertonfc.cz\/index.php\/2024\/12\/26\/preview-manchester-city-everton-15\/#breadcrumb\",\"itemListElement\":[{\"@type\":\"ListItem\",\"position\":1,\"name\":\"Home\",\"item\":\"https:\/\/evertonfc.cz\/\"},{\"@type\":\"ListItem\",\"position\":2,\"name\":\"Preview: Manchester City \u2013 Everton\"}]},{\"@type\":\"WebSite\",\"@id\":\"https:\/\/evertonfc.cz\/#website\",\"url\":\"https:\/\/evertonfc.cz\/\",\"name\":\"Official Czech &amp; Slovak Everton Supporters&#039; Club\",\"description\":\"\",\"publisher\":{\"@id\":\"https:\/\/evertonfc.cz\/#organization\"},\"potentialAction\":[{\"@type\":\"SearchAction\",\"target\":{\"@type\":\"EntryPoint\",\"urlTemplate\":\"https:\/\/evertonfc.cz\/?s={search_term_string}\"},\"query-input\":{\"@type\":\"PropertyValueSpecification\",\"valueRequired\":true,\"valueName\":\"search_term_string\"}}],\"inLanguage\":\"cs\"},{\"@type\":\"Organization\",\"@id\":\"https:\/\/evertonfc.cz\/#organization\",\"name\":\"Official Czech & Slovak Everton Supporters' Club\",\"url\":\"https:\/\/evertonfc.cz\/\",\"logo\":{\"@type\":\"ImageObject\",\"inLanguage\":\"cs\",\"@id\":\"https:\/\/evertonfc.cz\/#\/schema\/logo\/image\/\",\"url\":\"https:\/\/evertonfc.cz\/wp-content\/uploads\/2019\/05\/logo.png\",\"contentUrl\":\"https:\/\/evertonfc.cz\/wp-content\/uploads\/2019\/05\/logo.png\",\"width\":112,\"height\":112,\"caption\":\"Official Czech & Slovak Everton Supporters' Club\"},\"image\":{\"@id\":\"https:\/\/evertonfc.cz\/#\/schema\/logo\/image\/\"},\"sameAs\":[\"https:\/\/www.facebook.com\/everton.fans.cz.sk\"]},{\"@type\":\"Person\",\"@id\":\"https:\/\/evertonfc.cz\/#\/schema\/person\/d4493b8cbea51532597fbc4685698916\",\"name\":\"BlueBlooded\",\"url\":\"https:\/\/evertonfc.cz\/index.php\/author\/admin\/\"}]}<\/script>\n<!-- \/ Yoast SEO plugin. -->","yoast_head_json":{"title":"Preview: Manchester City \u2013 Everton - Official Czech &amp; Slovak Everton Supporters&#039; Club","robots":{"index":"index","follow":"follow","max-snippet":"max-snippet:-1","max-image-preview":"max-image-preview:large","max-video-preview":"max-video-preview:-1"},"canonical":"https:\/\/evertonfc.cz\/index.php\/2024\/12\/26\/preview-manchester-city-everton-15\/","og_locale":"cs_CZ","og_type":"article","og_title":"Preview: Manchester City \u2013 Everton - Official Czech &amp; Slovak Everton Supporters&#039; Club","og_description":"Keby mal Boxing Day nie\u010do spolo\u010dn\u00e9 s boxom, tak dnes by EFC pri\u0161lo do ringu s cie\u013eom vytrva\u0165 do posledn\u00e9ho kola. Br\u00e1ni\u0165 a blokova\u0165 \u00fadery, to vie. Skuto\u010dn\u00fdm cie\u013eom sviatku je v\u0161ak obdarov\u00e1va\u0165 chudobn\u00fdch. Ste na rade, Cityzens!","og_url":"https:\/\/evertonfc.cz\/index.php\/2024\/12\/26\/preview-manchester-city-everton-15\/","og_site_name":"Official Czech &amp; Slovak Everton Supporters&#039; Club","article_publisher":"https:\/\/www.facebook.com\/everton.fans.cz.sk","article_published_time":"2024-12-26T08:23:35+00:00","article_modified_time":"2024-12-26T08:26:59+00:00","og_image":[{"width":720,"height":405,"url":"https:\/\/evertonfc.cz\/wp-content\/uploads\/2021\/02\/Manchester-City-VS-Everton.jpg","type":"image\/jpeg"}],"author":"BlueBlooded","twitter_card":"summary_large_image","twitter_misc":{"Napsal(a)":"BlueBlooded","Odhadovan\u00e1 doba \u010dten\u00ed":"5 minut"},"schema":{"@context":"https:\/\/schema.org","@graph":[{"@type":"Article","@id":"https:\/\/evertonfc.cz\/index.php\/2024\/12\/26\/preview-manchester-city-everton-15\/#article","isPartOf":{"@id":"https:\/\/evertonfc.cz\/index.php\/2024\/12\/26\/preview-manchester-city-everton-15\/"},"author":{"name":"BlueBlooded","@id":"https:\/\/evertonfc.cz\/#\/schema\/person\/d4493b8cbea51532597fbc4685698916"},"headline":"Preview: Manchester City \u2013 Everton","datePublished":"2024-12-26T08:23:35+00:00","dateModified":"2024-12-26T08:26:59+00:00","mainEntityOfPage":{"@id":"https:\/\/evertonfc.cz\/index.php\/2024\/12\/26\/preview-manchester-city-everton-15\/"},"wordCount":1187,"commentCount":6,"publisher":{"@id":"https:\/\/evertonfc.cz\/#organization"},"image":{"@id":"https:\/\/evertonfc.cz\/index.php\/2024\/12\/26\/preview-manchester-city-everton-15\/#primaryimage"},"thumbnailUrl":"https:\/\/evertonfc.cz\/wp-content\/uploads\/2021\/02\/Manchester-City-VS-Everton.jpg","articleSection":["Z\u00e1pasy"],"inLanguage":"cs","potentialAction":[{"@type":"CommentAction","name":"Comment","target":["https:\/\/evertonfc.cz\/index.php\/2024\/12\/26\/preview-manchester-city-everton-15\/#respond"]}]},{"@type":"WebPage","@id":"https:\/\/evertonfc.cz\/index.php\/2024\/12\/26\/preview-manchester-city-everton-15\/","url":"https:\/\/evertonfc.cz\/index.php\/2024\/12\/26\/preview-manchester-city-everton-15\/","name":"Preview: Manchester City \u2013 Everton - Official Czech &amp; Slovak Everton Supporters&#039; Club","isPartOf":{"@id":"https:\/\/evertonfc.cz\/#website"},"primaryImageOfPage":{"@id":"https:\/\/evertonfc.cz\/index.php\/2024\/12\/26\/preview-manchester-city-everton-15\/#primaryimage"},"image":{"@id":"https:\/\/evertonfc.cz\/index.php\/2024\/12\/26\/preview-manchester-city-everton-15\/#primaryimage"},"thumbnailUrl":"https:\/\/evertonfc.cz\/wp-content\/uploads\/2021\/02\/Manchester-City-VS-Everton.jpg","datePublished":"2024-12-26T08:23:35+00:00","dateModified":"2024-12-26T08:26:59+00:00","breadcrumb":{"@id":"https:\/\/evertonfc.cz\/index.php\/2024\/12\/26\/preview-manchester-city-everton-15\/#breadcrumb"},"inLanguage":"cs","potentialAction":[{"@type":"ReadAction","target":["https:\/\/evertonfc.cz\/index.php\/2024\/12\/26\/preview-manchester-city-everton-15\/"]}]},{"@type":"ImageObject","inLanguage":"cs","@id":"https:\/\/evertonfc.cz\/index.php\/2024\/12\/26\/preview-manchester-city-everton-15\/#primaryimage","url":"https:\/\/evertonfc.cz\/wp-content\/uploads\/2021\/02\/Manchester-City-VS-Everton.jpg","contentUrl":"https:\/\/evertonfc.cz\/wp-content\/uploads\/2021\/02\/Manchester-City-VS-Everton.jpg","width":720,"height":405},{"@type":"BreadcrumbList","@id":"https:\/\/evertonfc.cz\/index.php\/2024\/12\/26\/preview-manchester-city-everton-15\/#breadcrumb","itemListElement":[{"@type":"ListItem","position":1,"name":"Home","item":"https:\/\/evertonfc.cz\/"},{"@type":"ListItem","position":2,"name":"Preview: Manchester City \u2013 Everton"}]},{"@type":"WebSite","@id":"https:\/\/evertonfc.cz\/#website","url":"https:\/\/evertonfc.cz\/","name":"Official Czech &amp; Slovak Everton Supporters&#039; Club","description":"","publisher":{"@id":"https:\/\/evertonfc.cz\/#organization"},"potentialAction":[{"@type":"SearchAction","target":{"@type":"EntryPoint","urlTemplate":"https:\/\/evertonfc.cz\/?s={search_term_string}"},"query-input":{"@type":"PropertyValueSpecification","valueRequired":true,"valueName":"search_term_string"}}],"inLanguage":"cs"},{"@type":"Organization","@id":"https:\/\/evertonfc.cz\/#organization","name":"Official Czech & Slovak Everton Supporters' Club","url":"https:\/\/evertonfc.cz\/","logo":{"@type":"ImageObject","inLanguage":"cs","@id":"https:\/\/evertonfc.cz\/#\/schema\/logo\/image\/","url":"https:\/\/evertonfc.cz\/wp-content\/uploads\/2019\/05\/logo.png","contentUrl":"https:\/\/evertonfc.cz\/wp-content\/uploads\/2019\/05\/logo.png","width":112,"height":112,"caption":"Official Czech & Slovak Everton Supporters' Club"},"image":{"@id":"https:\/\/evertonfc.cz\/#\/schema\/logo\/image\/"},"sameAs":["https:\/\/www.facebook.com\/everton.fans.cz.sk"]},{"@type":"Person","@id":"https:\/\/evertonfc.cz\/#\/schema\/person\/d4493b8cbea51532597fbc4685698916","name":"BlueBlooded","url":"https:\/\/evertonfc.cz\/index.php\/author\/admin\/"}]}},"_links":{"self":[{"href":"https:\/\/evertonfc.cz\/index.php\/wp-json\/wp\/v2\/posts\/25885"}],"collection":[{"href":"https:\/\/evertonfc.cz\/index.php\/wp-json\/wp\/v2\/posts"}],"about":[{"href":"https:\/\/evertonfc.cz\/index.php\/wp-json\/wp\/v2\/types\/post"}],"author":[{"embeddable":true,"href":"https:\/\/evertonfc.cz\/index.php\/wp-json\/wp\/v2\/users\/1"}],"replies":[{"embeddable":true,"href":"https:\/\/evertonfc.cz\/index.php\/wp-json\/wp\/v2\/comments?post=25885"}],"version-history":[{"count":4,"href":"https:\/\/evertonfc.cz\/index.php\/wp-json\/wp\/v2\/posts\/25885\/revisions"}],"predecessor-version":[{"id":25889,"href":"https:\/\/evertonfc.cz\/index.php\/wp-json\/wp\/v2\/posts\/25885\/revisions\/25889"}],"wp:featuredmedia":[{"embeddable":true,"href":"https:\/\/evertonfc.cz\/index.php\/wp-json\/wp\/v2\/media\/14182"}],"wp:attachment":[{"href":"https:\/\/evertonfc.cz\/index.php\/wp-json\/wp\/v2\/media?parent=25885"}],"wp:term":[{"taxonomy":"category","embeddable":true,"href":"https:\/\/evertonfc.cz\/index.php\/wp-json\/wp\/v2\/categories?post=25885"},{"taxonomy":"post_tag","embeddable":true,"href":"https:\/\/evertonfc.cz\/index.php\/wp-json\/wp\/v2\/tags?post=25885"}],"curies":[{"name":"wp","href":"https:\/\/api.w.org\/{rel}","templated":true}]}}