{"id":25890,"date":"2024-12-26T21:07:29","date_gmt":"2024-12-26T20:07:29","guid":{"rendered":"https:\/\/evertonfc.cz\/?p=25890"},"modified":"2024-12-28T23:32:24","modified_gmt":"2024-12-28T22:32:24","slug":"manchester-city-everton-11-5","status":"publish","type":"post","link":"https:\/\/evertonfc.cz\/index.php\/2024\/12\/26\/manchester-city-everton-11-5\/","title":{"rendered":"Manchester City &#8211; Everton 1:1"},"content":{"rendered":"<h4>Par\u00e1da Ndiayeho + chycen\u00e1 penalta Pickfordem = dovoz cenn\u00e9ho bodu.<\/h4>\n<p>V z\u00e1kladn\u00ed sestav\u011b Evertonu do\u0161lo k jedn\u00e9 vynucen\u00e9 zm\u011bn\u011b, karetn\u011b potrestan\u00e9ho Younga vyst\u0159\u00eddal kapit\u00e1n Coleman. Pr\u00e1v\u011b jeho blok Gvardiolovy p\u0159ihr\u00e1vky znamenal prvn\u00ed roh utk\u00e1n\u00ed. K zakon\u010den\u00ed se dostal hlavou chorvatsk\u00fd stoper a trefil ty\u010dku. Dom\u00e1c\u00ed m\u011bli od sam\u00e9ho za\u010d\u00e1tku velk\u00fd tlak, Savinho byl aktivn\u00ed, Doku tak\u00e9, ale do \u0161anc\u00ed se nedost\u00e1vali. Nakonec m\u011bl pr\u00e1v\u011b Doku p\u0159ihr\u00e1vku na g\u00f3l. Bernard Silva sp\u00ed\u0161e jen p\u0159ihr\u00e1val p\u0159ed branku, ale m\u00ed\u010d te\u010doval Branthwaiteke vzd\u00e1len\u011bj\u0161\u00ed ty\u010di kolem bezmocn\u00e9ho Pickforda &#8211; <strong>1:0!\u00a0<\/strong>To dom\u00e1c\u00ed hodn\u011b povzbudilo, n\u011bkolik minut v\u016fbec nep\u016fj\u010dili host\u016fm puml\u00ed\u010d, le\u010d bez jasn\u00e9 brankov\u00e9 p\u0159\u00edle\u017eitosti.<\/p>\n<p>Everton se tak osm\u011blil sm\u011brem dop\u0159edu, Ndiaye dvakr\u00e1t p\u0159ihr\u00e1val, Mangala z prvn\u00ed p\u0159ihr\u00e1vky netrefil za\u0159\u00edzen\u00ed<br \/>\na Gana z t\u00e9 druh\u00e9 jen vypr\u00e1\u0161il Ortegovy rukavice. Kdy\u017e Haaland dvakr\u00e1t nezvl\u00e1dl zakon\u010den\u00ed a Bernard Silva po kombinaci Haalanda s Fodenem netrefil bodlem v lo\u017eence branku, tak vzal v\u011bci do sv\u00fdch rukou Ndiaye. Centr Doucour\u00e9ho se od kolene Akanjiho odrazil k n\u011bmu \u0161\u0165astn\u011b, ale prvn\u00edm dotekem p\u0159edvedl uk\u00e1zkov\u00e9 zpracov\u00e1n\u00ed<br \/>\na t\u00edm druh\u00fdm sou\u010dasn\u011b odsoudil brank\u00e1\u0159e do role div\u00e1ka a poslal svou p\u0159ihl\u00e1\u0161ku do sout\u011b\u017ee o g\u00f3l sez\u00f3ny, moc p\u011bkn\u00e1 \u0161ibenice to byla &#8211;\u00a0<strong>1:1!\u00a0<\/strong>Ve zbytku polo\u010dasu stoj\u00ed za zm\u00ednku \u017elut\u00e1 karta pro Mykolenka (Foden trefil<br \/>\nz n\u00e1sleduj\u00edc\u00edho trest\u0148\u00e1ku ze\u010f) a hlavi\u010dka Calverta-Lewina po rohu Harrisona mimo branku.<\/p>\n<p>Z\u0159ejm\u011b nejd\u016fle\u017eit\u011bj\u0161\u00ed akce cel\u00e9ho utk\u00e1n\u00ed se ud\u00e1la na za\u010d\u00e1tku druh\u00e9 p\u016fle. Savinho v \u0161estn\u00e1ctce sp\u00ed\u0161e podklouzl, rozhod\u010d\u00ed Hooper ale jako penaltov\u00fd odp\u00edskal kontakt Mykolenka s brazilcov\u00fdm kolenem. Coleman dostal \u017elutou kartu za protesty, \u010d\u00edm\u017e dostal Pickford \u010das p\u0159e\u010d\u00edst si tah\u00e1k na pit\u00ed. K penalt\u011b se postavil Haaland, jeho st\u0159elu brank\u00e1\u0159 vyrazil, jako prvn\u00ed se k m\u00ed\u010di dostal Gvardiol a hlavi\u010dkou p\u0159ihr\u00e1l do t\u0159\u00edmetrov\u00e9ho ofsajdu Haalandovi, tak\u017ee jeho snadn\u00e9 zakon\u010den\u00ed do v\u00edcem\u00e9n\u011b pr\u00e1zdn\u00e9 branky nemohlo platit. Manchester City pokra\u010doval v tlaku, le\u010d bez \u0161anc\u00ed. A tak se osm\u011blil Everton sm\u011brem dop\u0159edu.<\/p>\n<p>Po centru Harrison st\u0159\u00edlel z voleje mimo Doucour\u00e9, st\u0159ela Gany trefila Akanjiho, t\u00edm byl posl\u00e1n Ortega na druhou strany, ale kulat\u00fd nesmysl odsk\u00e1kal asi dva metry vedle. Dokonce by se dalo vyhr\u00e1t. To by ale Broja musel v 94. minut\u011b v p\u0159e\u010d\u00edslen\u00ed \u010dty\u0159i na dva zvl\u00e1dnout p\u0159ihr\u00e1t, marn\u011b si autor tohoto \u010dl\u00e1nku zprndl\u00e1 hrndl\u00e1 vy\u0159v\u00e1val hlasivky slovem &#8222;lev\u00e1!&#8220;. Nakonec se ke st\u0159ele dostal Harrison, ale ta byla zblokov\u00e1na.<\/p>\n<p>Je celkem jasn\u00e9, \u017ee Manchester City m\u00e1 sestupovou formu a je v posledn\u00edch t\u00fddnech norm\u00e1ln\u00ed s n\u00edm neprohr\u00e1t.<br \/>\nNa jeho v\u00fdkonu to bylo vid\u011bt. Everton se ale u\u017e odrazil ode dna a bod si ze v\u010derej\u0161\u00edho utk\u00e1n\u00ed rozhodn\u011b zaslou\u017eil.<\/p>\n<p style=\"text-align: right;\"><span style=\"font-size: 8pt;\">(fotozdroj: Getty Images)<\/span><\/p>\n<p><strong>Branky:<\/strong>\u00a0<span data-source=\"lightstreamer\" data-grid=\"main\" data-item=\"item_906750\" data-field=\"scorers\">14. Bernardo Silva \u2013 36. Ndiaye<\/span><\/p>\n<p><strong>Karty:<\/strong>\u00a0<span data-source=\"lightstreamer\" data-grid=\"main\" data-item=\"item_906750\" data-field=\"cards\">90+4. Foden \u2013 42. Mykolenko, 52. Coleman, 79. Mangala, 88. Branthwaite\u00a0<\/span><\/p>\n<p><strong>Manchester City:<\/strong>\u00a0<span data-source=\"lightstreamer\" data-grid=\"main\" data-item=\"item_906750\" data-field=\"report1\">Ortega \u2013 Lewis, Akanji, Gvardiol, Ak\u00e9 (85. Simpson-Pusey) \u2013 Bernardo Silva, Kova\u010di\u0107 (85. G\u00fcndo\u011fan) \u2013 Savinho, Foden, Doku (75. De Bruyne) \u2013 Haaland<\/span><\/p>\n<p><strong>Everton FC:<\/strong>\u00a0<span data-source=\"lightstreamer\" data-grid=\"main\" data-item=\"item_906750\" data-field=\"report2\">Pickford \u2013 Coleman (90. Patterson), Tarkowski, Branthwaite, Mykolenko \u2013 Mangala, Gueye, Doucour\u00e9 \u2013 Harrison, Calvert-Lewin (70. Broja), Ndiaye (81. Lindstr\u00f6m)<\/span><\/p>\n<p><strong>Rozhod\u010d\u00ed:\u00a0<\/strong>Simon Hooper\u00a0 <strong>Div\u00e1ci: <\/strong>55 097\u00a0 <strong>Hr\u00e1\u010d z\u00e1pasu redakce:\u00a0<\/strong>Illiman Ndiaye<\/p>\n","protected":false},"excerpt":{"rendered":"<p>Par\u00e1da Ndiayeho + chycen\u00e1 penalta Pickfordem = dovoz cenn\u00e9ho bodu.<\/p>\n","protected":false},"author":12,"featured_media":25895,"comment_status":"open","ping_status":"closed","sticky":false,"template":"","format":"standard","meta":{"_eb_attr":"","_monsterinsights_skip_tracking":false,"_monsterinsights_sitenote_active":false,"_monsterinsights_sitenote_note":"","_monsterinsights_sitenote_category":0,"footnotes":""},"categories":[4],"tags":[],"yoast_head":"<!-- This site is optimized with the Yoast SEO plugin v23.4 - https:\/\/yoast.com\/wordpress\/plugins\/seo\/ -->\n<title>Manchester City - Everton 1:1 - Official Czech &amp; Slovak Everton Supporters&#039; Club<\/title>\n<meta name=\"description\" content=\"Par\u00e1da Ndiayeho + chycen\u00e1 penalta Pickfordem = dovoz cenn\u00e9ho bodu.\" \/>\n<meta name=\"robots\" content=\"index, follow, max-snippet:-1, max-image-preview:large, max-video-preview:-1\" \/>\n<link rel=\"canonical\" href=\"https:\/\/evertonfc.cz\/index.php\/2024\/12\/26\/manchester-city-everton-11-5\/\" \/>\n<meta property=\"og:locale\" content=\"cs_CZ\" \/>\n<meta property=\"og:type\" content=\"article\" \/>\n<meta property=\"og:title\" content=\"Manchester City - Everton 1:1 - Official Czech &amp; Slovak Everton Supporters&#039; Club\" \/>\n<meta property=\"og:description\" content=\"Par\u00e1da Ndiayeho + chycen\u00e1 penalta Pickfordem = dovoz cenn\u00e9ho bodu.\" \/>\n<meta property=\"og:url\" content=\"https:\/\/evertonfc.cz\/index.php\/2024\/12\/26\/manchester-city-everton-11-5\/\" \/>\n<meta property=\"og:site_name\" content=\"Official Czech &amp; Slovak Everton Supporters&#039; Club\" \/>\n<meta property=\"article:publisher\" content=\"https:\/\/www.facebook.com\/everton.fans.cz.sk\" \/>\n<meta property=\"article:published_time\" content=\"2024-12-26T20:07:29+00:00\" \/>\n<meta property=\"article:modified_time\" content=\"2024-12-28T22:32:24+00:00\" \/>\n<meta property=\"og:image\" content=\"https:\/\/evertonfc.cz\/wp-content\/uploads\/2024\/12\/Manchester-City-1-1-Everton-by-Getty-Images-26-12-2024.jpg\" \/>\n\t<meta property=\"og:image:width\" content=\"720\" \/>\n\t<meta property=\"og:image:height\" content=\"405\" \/>\n\t<meta property=\"og:image:type\" content=\"image\/jpeg\" \/>\n<meta name=\"author\" content=\"Javor\" \/>\n<meta name=\"twitter:card\" content=\"summary_large_image\" \/>\n<meta name=\"twitter:creator\" content=\"@LoudinJan\" \/>\n<meta name=\"twitter:label1\" content=\"Napsal(a)\" \/>\n\t<meta name=\"twitter:data1\" content=\"Javor\" \/>\n\t<meta name=\"twitter:label2\" content=\"Odhadovan\u00e1 doba \u010dten\u00ed\" \/>\n\t<meta name=\"twitter:data2\" content=\"3 minuty\" \/>\n<script type=\"application\/ld+json\" class=\"yoast-schema-graph\">{\"@context\":\"https:\/\/schema.org\",\"@graph\":[{\"@type\":\"Article\",\"@id\":\"https:\/\/evertonfc.cz\/index.php\/2024\/12\/26\/manchester-city-everton-11-5\/#article\",\"isPartOf\":{\"@id\":\"https:\/\/evertonfc.cz\/index.php\/2024\/12\/26\/manchester-city-everton-11-5\/\"},\"author\":{\"name\":\"Javor\",\"@id\":\"https:\/\/evertonfc.cz\/#\/schema\/person\/b30daf6a5852f4811f8207a17ec1bf78\"},\"headline\":\"Manchester City &#8211; Everton 1:1\",\"datePublished\":\"2024-12-26T20:07:29+00:00\",\"dateModified\":\"2024-12-28T22:32:24+00:00\",\"mainEntityOfPage\":{\"@id\":\"https:\/\/evertonfc.cz\/index.php\/2024\/12\/26\/manchester-city-everton-11-5\/\"},\"wordCount\":614,\"commentCount\":4,\"publisher\":{\"@id\":\"https:\/\/evertonfc.cz\/#organization\"},\"image\":{\"@id\":\"https:\/\/evertonfc.cz\/index.php\/2024\/12\/26\/manchester-city-everton-11-5\/#primaryimage\"},\"thumbnailUrl\":\"https:\/\/evertonfc.cz\/wp-content\/uploads\/2024\/12\/Manchester-City-1-1-Everton-by-Getty-Images-26-12-2024.jpg\",\"articleSection\":[\"Z\u00e1pasy\"],\"inLanguage\":\"cs\",\"potentialAction\":[{\"@type\":\"CommentAction\",\"name\":\"Comment\",\"target\":[\"https:\/\/evertonfc.cz\/index.php\/2024\/12\/26\/manchester-city-everton-11-5\/#respond\"]}]},{\"@type\":\"WebPage\",\"@id\":\"https:\/\/evertonfc.cz\/index.php\/2024\/12\/26\/manchester-city-everton-11-5\/\",\"url\":\"https:\/\/evertonfc.cz\/index.php\/2024\/12\/26\/manchester-city-everton-11-5\/\",\"name\":\"Manchester City - Everton 1:1 - Official Czech &amp; Slovak Everton Supporters&#039; Club\",\"isPartOf\":{\"@id\":\"https:\/\/evertonfc.cz\/#website\"},\"primaryImageOfPage\":{\"@id\":\"https:\/\/evertonfc.cz\/index.php\/2024\/12\/26\/manchester-city-everton-11-5\/#primaryimage\"},\"image\":{\"@id\":\"https:\/\/evertonfc.cz\/index.php\/2024\/12\/26\/manchester-city-everton-11-5\/#primaryimage\"},\"thumbnailUrl\":\"https:\/\/evertonfc.cz\/wp-content\/uploads\/2024\/12\/Manchester-City-1-1-Everton-by-Getty-Images-26-12-2024.jpg\",\"datePublished\":\"2024-12-26T20:07:29+00:00\",\"dateModified\":\"2024-12-28T22:32:24+00:00\",\"description\":\"Par\u00e1da Ndiayeho + chycen\u00e1 penalta Pickfordem = dovoz cenn\u00e9ho bodu.\",\"breadcrumb\":{\"@id\":\"https:\/\/evertonfc.cz\/index.php\/2024\/12\/26\/manchester-city-everton-11-5\/#breadcrumb\"},\"inLanguage\":\"cs\",\"potentialAction\":[{\"@type\":\"ReadAction\",\"target\":[\"https:\/\/evertonfc.cz\/index.php\/2024\/12\/26\/manchester-city-everton-11-5\/\"]}]},{\"@type\":\"ImageObject\",\"inLanguage\":\"cs\",\"@id\":\"https:\/\/evertonfc.cz\/index.php\/2024\/12\/26\/manchester-city-everton-11-5\/#primaryimage\",\"url\":\"https:\/\/evertonfc.cz\/wp-content\/uploads\/2024\/12\/Manchester-City-1-1-Everton-by-Getty-Images-26-12-2024.jpg\",\"contentUrl\":\"https:\/\/evertonfc.cz\/wp-content\/uploads\/2024\/12\/Manchester-City-1-1-Everton-by-Getty-Images-26-12-2024.jpg\",\"width\":720,\"height\":405},{\"@type\":\"BreadcrumbList\",\"@id\":\"https:\/\/evertonfc.cz\/index.php\/2024\/12\/26\/manchester-city-everton-11-5\/#breadcrumb\",\"itemListElement\":[{\"@type\":\"ListItem\",\"position\":1,\"name\":\"Home\",\"item\":\"https:\/\/evertonfc.cz\/\"},{\"@type\":\"ListItem\",\"position\":2,\"name\":\"Manchester City &#8211; Everton 1:1\"}]},{\"@type\":\"WebSite\",\"@id\":\"https:\/\/evertonfc.cz\/#website\",\"url\":\"https:\/\/evertonfc.cz\/\",\"name\":\"Official Czech &amp; Slovak Everton Supporters&#039; Club\",\"description\":\"\",\"publisher\":{\"@id\":\"https:\/\/evertonfc.cz\/#organization\"},\"potentialAction\":[{\"@type\":\"SearchAction\",\"target\":{\"@type\":\"EntryPoint\",\"urlTemplate\":\"https:\/\/evertonfc.cz\/?s={search_term_string}\"},\"query-input\":{\"@type\":\"PropertyValueSpecification\",\"valueRequired\":true,\"valueName\":\"search_term_string\"}}],\"inLanguage\":\"cs\"},{\"@type\":\"Organization\",\"@id\":\"https:\/\/evertonfc.cz\/#organization\",\"name\":\"Official Czech & Slovak Everton Supporters' Club\",\"url\":\"https:\/\/evertonfc.cz\/\",\"logo\":{\"@type\":\"ImageObject\",\"inLanguage\":\"cs\",\"@id\":\"https:\/\/evertonfc.cz\/#\/schema\/logo\/image\/\",\"url\":\"https:\/\/evertonfc.cz\/wp-content\/uploads\/2019\/05\/logo.png\",\"contentUrl\":\"https:\/\/evertonfc.cz\/wp-content\/uploads\/2019\/05\/logo.png\",\"width\":112,\"height\":112,\"caption\":\"Official Czech & Slovak Everton Supporters' Club\"},\"image\":{\"@id\":\"https:\/\/evertonfc.cz\/#\/schema\/logo\/image\/\"},\"sameAs\":[\"https:\/\/www.facebook.com\/everton.fans.cz.sk\"]},{\"@type\":\"Person\",\"@id\":\"https:\/\/evertonfc.cz\/#\/schema\/person\/b30daf6a5852f4811f8207a17ec1bf78\",\"name\":\"Javor\",\"sameAs\":[\"https:\/\/x.com\/LoudinJan\"],\"url\":\"https:\/\/evertonfc.cz\/index.php\/author\/javor\/\"}]}<\/script>\n<!-- \/ Yoast SEO plugin. -->","yoast_head_json":{"title":"Manchester City - Everton 1:1 - Official Czech &amp; Slovak Everton Supporters&#039; Club","description":"Par\u00e1da Ndiayeho + chycen\u00e1 penalta Pickfordem = dovoz cenn\u00e9ho bodu.","robots":{"index":"index","follow":"follow","max-snippet":"max-snippet:-1","max-image-preview":"max-image-preview:large","max-video-preview":"max-video-preview:-1"},"canonical":"https:\/\/evertonfc.cz\/index.php\/2024\/12\/26\/manchester-city-everton-11-5\/","og_locale":"cs_CZ","og_type":"article","og_title":"Manchester City - Everton 1:1 - Official Czech &amp; Slovak Everton Supporters&#039; Club","og_description":"Par\u00e1da Ndiayeho + chycen\u00e1 penalta Pickfordem = dovoz cenn\u00e9ho bodu.","og_url":"https:\/\/evertonfc.cz\/index.php\/2024\/12\/26\/manchester-city-everton-11-5\/","og_site_name":"Official Czech &amp; Slovak Everton Supporters&#039; Club","article_publisher":"https:\/\/www.facebook.com\/everton.fans.cz.sk","article_published_time":"2024-12-26T20:07:29+00:00","article_modified_time":"2024-12-28T22:32:24+00:00","og_image":[{"width":720,"height":405,"url":"https:\/\/evertonfc.cz\/wp-content\/uploads\/2024\/12\/Manchester-City-1-1-Everton-by-Getty-Images-26-12-2024.jpg","type":"image\/jpeg"}],"author":"Javor","twitter_card":"summary_large_image","twitter_creator":"@LoudinJan","twitter_misc":{"Napsal(a)":"Javor","Odhadovan\u00e1 doba \u010dten\u00ed":"3 minuty"},"schema":{"@context":"https:\/\/schema.org","@graph":[{"@type":"Article","@id":"https:\/\/evertonfc.cz\/index.php\/2024\/12\/26\/manchester-city-everton-11-5\/#article","isPartOf":{"@id":"https:\/\/evertonfc.cz\/index.php\/2024\/12\/26\/manchester-city-everton-11-5\/"},"author":{"name":"Javor","@id":"https:\/\/evertonfc.cz\/#\/schema\/person\/b30daf6a5852f4811f8207a17ec1bf78"},"headline":"Manchester City &#8211; Everton 1:1","datePublished":"2024-12-26T20:07:29+00:00","dateModified":"2024-12-28T22:32:24+00:00","mainEntityOfPage":{"@id":"https:\/\/evertonfc.cz\/index.php\/2024\/12\/26\/manchester-city-everton-11-5\/"},"wordCount":614,"commentCount":4,"publisher":{"@id":"https:\/\/evertonfc.cz\/#organization"},"image":{"@id":"https:\/\/evertonfc.cz\/index.php\/2024\/12\/26\/manchester-city-everton-11-5\/#primaryimage"},"thumbnailUrl":"https:\/\/evertonfc.cz\/wp-content\/uploads\/2024\/12\/Manchester-City-1-1-Everton-by-Getty-Images-26-12-2024.jpg","articleSection":["Z\u00e1pasy"],"inLanguage":"cs","potentialAction":[{"@type":"CommentAction","name":"Comment","target":["https:\/\/evertonfc.cz\/index.php\/2024\/12\/26\/manchester-city-everton-11-5\/#respond"]}]},{"@type":"WebPage","@id":"https:\/\/evertonfc.cz\/index.php\/2024\/12\/26\/manchester-city-everton-11-5\/","url":"https:\/\/evertonfc.cz\/index.php\/2024\/12\/26\/manchester-city-everton-11-5\/","name":"Manchester City - Everton 1:1 - Official Czech &amp; Slovak Everton Supporters&#039; Club","isPartOf":{"@id":"https:\/\/evertonfc.cz\/#website"},"primaryImageOfPage":{"@id":"https:\/\/evertonfc.cz\/index.php\/2024\/12\/26\/manchester-city-everton-11-5\/#primaryimage"},"image":{"@id":"https:\/\/evertonfc.cz\/index.php\/2024\/12\/26\/manchester-city-everton-11-5\/#primaryimage"},"thumbnailUrl":"https:\/\/evertonfc.cz\/wp-content\/uploads\/2024\/12\/Manchester-City-1-1-Everton-by-Getty-Images-26-12-2024.jpg","datePublished":"2024-12-26T20:07:29+00:00","dateModified":"2024-12-28T22:32:24+00:00","description":"Par\u00e1da Ndiayeho + chycen\u00e1 penalta Pickfordem = dovoz cenn\u00e9ho bodu.","breadcrumb":{"@id":"https:\/\/evertonfc.cz\/index.php\/2024\/12\/26\/manchester-city-everton-11-5\/#breadcrumb"},"inLanguage":"cs","potentialAction":[{"@type":"ReadAction","target":["https:\/\/evertonfc.cz\/index.php\/2024\/12\/26\/manchester-city-everton-11-5\/"]}]},{"@type":"ImageObject","inLanguage":"cs","@id":"https:\/\/evertonfc.cz\/index.php\/2024\/12\/26\/manchester-city-everton-11-5\/#primaryimage","url":"https:\/\/evertonfc.cz\/wp-content\/uploads\/2024\/12\/Manchester-City-1-1-Everton-by-Getty-Images-26-12-2024.jpg","contentUrl":"https:\/\/evertonfc.cz\/wp-content\/uploads\/2024\/12\/Manchester-City-1-1-Everton-by-Getty-Images-26-12-2024.jpg","width":720,"height":405},{"@type":"BreadcrumbList","@id":"https:\/\/evertonfc.cz\/index.php\/2024\/12\/26\/manchester-city-everton-11-5\/#breadcrumb","itemListElement":[{"@type":"ListItem","position":1,"name":"Home","item":"https:\/\/evertonfc.cz\/"},{"@type":"ListItem","position":2,"name":"Manchester City &#8211; Everton 1:1"}]},{"@type":"WebSite","@id":"https:\/\/evertonfc.cz\/#website","url":"https:\/\/evertonfc.cz\/","name":"Official Czech &amp; Slovak Everton Supporters&#039; Club","description":"","publisher":{"@id":"https:\/\/evertonfc.cz\/#organization"},"potentialAction":[{"@type":"SearchAction","target":{"@type":"EntryPoint","urlTemplate":"https:\/\/evertonfc.cz\/?s={search_term_string}"},"query-input":{"@type":"PropertyValueSpecification","valueRequired":true,"valueName":"search_term_string"}}],"inLanguage":"cs"},{"@type":"Organization","@id":"https:\/\/evertonfc.cz\/#organization","name":"Official Czech & Slovak Everton Supporters' Club","url":"https:\/\/evertonfc.cz\/","logo":{"@type":"ImageObject","inLanguage":"cs","@id":"https:\/\/evertonfc.cz\/#\/schema\/logo\/image\/","url":"https:\/\/evertonfc.cz\/wp-content\/uploads\/2019\/05\/logo.png","contentUrl":"https:\/\/evertonfc.cz\/wp-content\/uploads\/2019\/05\/logo.png","width":112,"height":112,"caption":"Official Czech & Slovak Everton Supporters' Club"},"image":{"@id":"https:\/\/evertonfc.cz\/#\/schema\/logo\/image\/"},"sameAs":["https:\/\/www.facebook.com\/everton.fans.cz.sk"]},{"@type":"Person","@id":"https:\/\/evertonfc.cz\/#\/schema\/person\/b30daf6a5852f4811f8207a17ec1bf78","name":"Javor","sameAs":["https:\/\/x.com\/LoudinJan"],"url":"https:\/\/evertonfc.cz\/index.php\/author\/javor\/"}]}},"_links":{"self":[{"href":"https:\/\/evertonfc.cz\/index.php\/wp-json\/wp\/v2\/posts\/25890"}],"collection":[{"href":"https:\/\/evertonfc.cz\/index.php\/wp-json\/wp\/v2\/posts"}],"about":[{"href":"https:\/\/evertonfc.cz\/index.php\/wp-json\/wp\/v2\/types\/post"}],"author":[{"embeddable":true,"href":"https:\/\/evertonfc.cz\/index.php\/wp-json\/wp\/v2\/users\/12"}],"replies":[{"embeddable":true,"href":"https:\/\/evertonfc.cz\/index.php\/wp-json\/wp\/v2\/comments?post=25890"}],"version-history":[{"count":7,"href":"https:\/\/evertonfc.cz\/index.php\/wp-json\/wp\/v2\/posts\/25890\/revisions"}],"predecessor-version":[{"id":25912,"href":"https:\/\/evertonfc.cz\/index.php\/wp-json\/wp\/v2\/posts\/25890\/revisions\/25912"}],"wp:featuredmedia":[{"embeddable":true,"href":"https:\/\/evertonfc.cz\/index.php\/wp-json\/wp\/v2\/media\/25895"}],"wp:attachment":[{"href":"https:\/\/evertonfc.cz\/index.php\/wp-json\/wp\/v2\/media?parent=25890"}],"wp:term":[{"taxonomy":"category","embeddable":true,"href":"https:\/\/evertonfc.cz\/index.php\/wp-json\/wp\/v2\/categories?post=25890"},{"taxonomy":"post_tag","embeddable":true,"href":"https:\/\/evertonfc.cz\/index.php\/wp-json\/wp\/v2\/tags?post=25890"}],"curies":[{"name":"wp","href":"https:\/\/api.w.org\/{rel}","templated":true}]}}